{"id":82806,"date":"2025-01-22T11:48:29","date_gmt":"2025-01-22T11:48:29","guid":{"rendered":"https:\/\/www.schlosstorgelow.de\/salon-tuerkiye-sampiyonasinda-atletizm-takim-projesi"},"modified":"2026-01-23T11:15:07","modified_gmt":"2026-01-23T11:15:07","slug":"salon-tuerkiye-sampiyonasinda-atletizm-takim-projesi","status":"publish","type":"post","link":"https:\/\/www.schlosstorgelow.de\/tr\/salon-tuerkiye-sampiyonasinda-atletizm-takim-projesi","title":{"rendered":"Salon T\u00fcrkiye \u015eampiyonas\u0131&#8217;nda Atletizm Tak\u0131m Projesi"},"content":{"rendered":"\n<p><i>Willi, Schloss Torgelow&#8217;nde 10. s\u0131n\u0131f \u00f6\u011frencisi ve Atletizm tak\u0131m projesi \u00fcyesi, Neubrandenburg&#8217;daki Mecklenburg-Vorpommern eyalet kapal\u0131 salon \u015fampiyonalar\u0131nda kendisi i\u00e7in \u00e7ok \u015fey planlam\u0131\u015ft\u0131.<\/i><\/p>\n\n<p>Ge\u00e7ti\u011fimiz Cumartesi (18.01.2025) Willi, 16 ve 17 ya\u015f\u0131ndaki gen\u00e7lerin bulundu\u011fu MJ U18 kategorisinde uzun atlama ve 60m ile 200m sprint mesafelerinde yar\u0131\u015ft\u0131.<\/p>\n\n<p>Ba\u015flang\u0131\u00e7ta \u00e7ok heyecanl\u0131yd\u0131. \u0130ki ge\u00e7ersiz denemenin ard\u0131ndan, uzun atlamada elenmek \u00fczereyken, ama sinir g\u00fcc\u00fc ve yeteneklerine olan g\u00fcveni sayesinde 6,38m ile finaldeki start yerini garantiledi. Orada son denemesinde 6,53m ile ola\u011fan\u00fcst\u00fc bir ki\u015fisel en iyi derecesi elde ederek alt\u0131n madalyay\u0131 rahat\u00e7a kazand\u0131. <\/p>\n\n<p>Willi, bu \u00e7ok iyi performans\u0131n\u0131 60m&#8217;de 7,38 sn ile yeni bir ki\u015fisel rekorla ve 5. olarak peki\u015ftirdi. 200m&#8217;de ise 23,57 sn ile bronz madalya kazand\u0131.<\/p>\n\n<p>Willi&#8217;nin yan\u0131nda, Kacy 13 ya\u015f alt\u0131 k\u0131zlar kategorisinde 60m engelli ko\u015fusunda yar\u0131\u015ft\u0131, ancak finale \u00e7ok az bir farkla kalamad\u0131 ve burada 9. oldu.<\/p>\n\n<p>\u00d6\u011frenciler Ada ve Maria, ba\u015far\u0131l\u0131 bir hakem e\u011fitim program\u0131ndan sonra etkinli\u011fin ger\u00e7ekle\u015ftirilmesinde hakem olarak tekrar tekrar \u00e7ok iyi katk\u0131da bulundular, bu nedenle organizat\u00f6r sonunda onlar\u0131n sorumlu \u00e7al\u0131\u015fmalar\u0131ndan \u00f6t\u00fcr\u00fc \u015fahsen bir kez daha te\u015fekk\u00fcr etti.<\/p>\n","protected":false},"excerpt":{"rendered":"<p>Tak\u0131m projesi Atletizm, Mecklenburg-Vorpommern Salon \u015eampiyonas\u0131&#8217;nda bir\u00e7ok ba\u015far\u0131 ve bir alt\u0131n madalya kazan\u0131yor.<\/p>\n","protected":false},"author":1,"featured_media":44150,"comment_status":"closed","ping_status":"closed","sticky":false,"template":"","format":"standard","meta":{"_acf_changed":false,"_yoast_wpseo_title":"Hal\u0131 spor salonunda d\u00fczenlenen eyalet \u015fampiyonas\u0131nda tak\u0131m atletizm projesi","_yoast_wpseo_metadesc":"Tak\u0131m projesi Atletizm, Mecklenburg-Vorpommern Kapal\u0131 Alan \u015eampiyonas\u0131'nda pek \u00e7ok ba\u015far\u0131 ve bir alt\u0131n madalya kutluyor.","excerpt":"Tak\u0131m projesi Atletizm, Mecklenburg-Vorpommern Salon \u015eampiyonas\u0131'nda bir\u00e7ok ba\u015far\u0131 ve bir alt\u0131n madalya kazan\u0131yor.","footnotes":""},"categories":[34],"tags":[],"class_list":{"0":"post-82806","1":"post","2":"type-post","3":"status-publish","4":"format-standard","5":"has-post-thumbnail","7":"category-torgelow-haberleri"},"acf":[],"yoast_head":"<!-- This site is optimized with the Yoast SEO plugin v26.9 - https:\/\/yoast.com\/product\/yoast-seo-wordpress\/ -->\n<title>Hal\u0131 spor salonunda d\u00fczenlenen eyalet \u015fampiyonas\u0131nda tak\u0131m atletizm projesi<\/title>\n<meta name=\"description\" content=\"Tak\u0131m projesi Atletizm, Mecklenburg-Vorpommern Kapal\u0131 Alan \u015eampiyonas\u0131&#039;nda pek \u00e7ok ba\u015far\u0131 ve bir alt\u0131n madalya kutluyor.\" \/>\n<meta name=\"robots\" content=\"index, follow, max-snippet:-1, max-image-preview:large, max-video-preview:-1\" \/>\n<link rel=\"canonical\" href=\"https:\/\/www.schlosstorgelow.de\/tr\/salon-tuerkiye-sampiyonasinda-atletizm-takim-projesi\" \/>\n<meta property=\"og:locale\" content=\"tr_TR\" \/>\n<meta property=\"og:type\" content=\"article\" \/>\n<meta property=\"og:title\" content=\"Hal\u0131 spor salonunda d\u00fczenlenen eyalet \u015fampiyonas\u0131nda tak\u0131m atletizm projesi\" \/>\n<meta property=\"og:description\" content=\"Tak\u0131m projesi Atletizm, Mecklenburg-Vorpommern Kapal\u0131 Alan \u015eampiyonas\u0131&#039;nda pek \u00e7ok ba\u015far\u0131 ve bir alt\u0131n madalya kutluyor.\" \/>\n<meta property=\"og:url\" content=\"https:\/\/www.schlosstorgelow.de\/tr\/salon-tuerkiye-sampiyonasinda-atletizm-takim-projesi\" \/>\n<meta property=\"og:site_name\" content=\"Schloss Torgelow\" \/>\n<meta property=\"article:published_time\" content=\"2025-01-22T11:48:29+00:00\" \/>\n<meta property=\"article:modified_time\" content=\"2026-01-23T11:15:07+00:00\" \/>\n<meta name=\"author\" content=\"Schloss Torgelow\" \/>\n<meta name=\"twitter:card\" content=\"summary_large_image\" \/>\n<meta name=\"twitter:label1\" content=\"Yazan:\" \/>\n\t<meta name=\"twitter:data1\" content=\"Schloss Torgelow\" \/>\n\t<meta name=\"twitter:label2\" content=\"Tahmini okuma s\u00fcresi\" \/>\n\t<meta name=\"twitter:data2\" content=\"1 dakika\" \/>\n<script type=\"application\/ld+json\" class=\"yoast-schema-graph\">{\"@context\":\"https:\/\/schema.org\",\"@graph\":[{\"@type\":\"Article\",\"@id\":\"https:\/\/www.schlosstorgelow.de\/tr\/salon-tuerkiye-sampiyonasinda-atletizm-takim-projesi#article\",\"isPartOf\":{\"@id\":\"https:\/\/www.schlosstorgelow.de\/tr\/salon-tuerkiye-sampiyonasinda-atletizm-takim-projesi\"},\"author\":{\"name\":\"Schloss Torgelow\",\"@id\":\"https:\/\/www.schlosstorgelow.de\/tr#\/schema\/person\/b76bbb367f3a20c7ced1339e4875691e\"},\"headline\":\"Salon T\u00fcrkiye \u015eampiyonas\u0131&#8217;nda Atletizm Tak\u0131m Projesi\",\"datePublished\":\"2025-01-22T11:48:29+00:00\",\"dateModified\":\"2026-01-23T11:15:07+00:00\",\"mainEntityOfPage\":{\"@id\":\"https:\/\/www.schlosstorgelow.de\/tr\/salon-tuerkiye-sampiyonasinda-atletizm-takim-projesi\"},\"wordCount\":219,\"image\":{\"@id\":\"https:\/\/www.schlosstorgelow.de\/tr\/salon-tuerkiye-sampiyonasinda-atletizm-takim-projesi#primaryimage\"},\"thumbnailUrl\":\"https:\/\/www.schlosstorgelow.de\/wp-content\/uploads\/2025\/07\/willi-weitsprung_header_st.avif\",\"articleSection\":[\"Torgelow Haberleri\"],\"inLanguage\":\"tr\"},{\"@type\":\"WebPage\",\"@id\":\"https:\/\/www.schlosstorgelow.de\/tr\/salon-tuerkiye-sampiyonasinda-atletizm-takim-projesi#webpage\",\"url\":\"https:\/\/www.schlosstorgelow.de\/tr\/salon-tuerkiye-sampiyonasinda-atletizm-takim-projesi\",\"name\":\"Hal\u0131 spor salonunda d\u00fczenlenen eyalet \u015fampiyonas\u0131nda tak\u0131m atletizm projesi\",\"isPartOf\":{\"@id\":\"https:\/\/www.schlosstorgelow.de\/tr#website\"},\"primaryImageOfPage\":{\"@id\":\"https:\/\/www.schlosstorgelow.de\/tr\/salon-tuerkiye-sampiyonasinda-atletizm-takim-projesi#primaryimage\"},\"image\":{\"@id\":\"https:\/\/www.schlosstorgelow.de\/tr\/salon-tuerkiye-sampiyonasinda-atletizm-takim-projesi#primaryimage\"},\"thumbnailUrl\":\"https:\/\/www.schlosstorgelow.de\/wp-content\/uploads\/2025\/07\/willi-weitsprung_header_st.avif\",\"datePublished\":\"2025-01-22T11:48:29+00:00\",\"dateModified\":\"2026-01-23T11:15:07+00:00\",\"author\":{\"@id\":\"https:\/\/www.schlosstorgelow.de\/tr#\/schema\/person\/b76bbb367f3a20c7ced1339e4875691e\"},\"description\":\"Tak\u0131m projesi Atletizm, Mecklenburg-Vorpommern Kapal\u0131 Alan \u015eampiyonas\u0131'nda pek \u00e7ok ba\u015far\u0131 ve bir alt\u0131n madalya kutluyor.\",\"breadcrumb\":{\"@id\":\"https:\/\/www.schlosstorgelow.de\/tr\/salon-tuerkiye-sampiyonasinda-atletizm-takim-projesi#breadcrumb\"},\"inLanguage\":\"tr\",\"potentialAction\":[{\"@type\":\"ReadAction\",\"target\":[\"https:\/\/www.schlosstorgelow.de\/tr\/salon-tuerkiye-sampiyonasinda-atletizm-takim-projesi\"]}]},{\"@type\":\"ImageObject\",\"inLanguage\":\"tr\",\"@id\":\"https:\/\/www.schlosstorgelow.de\/tr\/salon-tuerkiye-sampiyonasinda-atletizm-takim-projesi#primaryimage\",\"url\":\"https:\/\/www.schlosstorgelow.de\/wp-content\/uploads\/2025\/07\/willi-weitsprung_header_st.avif\",\"contentUrl\":\"https:\/\/www.schlosstorgelow.de\/wp-content\/uploads\/2025\/07\/willi-weitsprung_header_st.avif\",\"width\":1920,\"height\":1080,\"caption\":\"Hal\u0131 spor salonunda d\u00fczenlenen eyalet \u015fampiyonas\u0131nda tak\u0131m atletizm projesi\"},{\"@type\":\"BreadcrumbList\",\"@id\":\"https:\/\/www.schlosstorgelow.de\/tr\/salon-tuerkiye-sampiyonasinda-atletizm-takim-projesi#breadcrumb\",\"itemListElement\":[{\"@type\":\"ListItem\",\"position\":1,\"name\":\"Startseite\",\"item\":\"https:\/\/www.schlosstorgelow.de\/tr\"},{\"@type\":\"ListItem\",\"position\":2,\"name\":\"Salon T\u00fcrkiye \u015eampiyonas\u0131&#8217;nda Atletizm Tak\u0131m Projesi\"}]},{\"@type\":\"WebSite\",\"@id\":\"https:\/\/www.schlosstorgelow.de\/tr#website\",\"url\":\"https:\/\/www.schlosstorgelow.de\/tr\",\"name\":\"Schloss Torgelow\",\"description\":\"\u00d6zel yat\u0131l\u0131 lise Schloss Torgelow \u2013 zorluklar\u0131 seven \u00f6\u011frenciler i\u00e7in yat\u0131l\u0131 okul.\",\"potentialAction\":[{\"@type\":\"SearchAction\",\"target\":{\"@type\":\"EntryPoint\",\"urlTemplate\":\"https:\/\/www.schlosstorgelow.de\/tr?s={search_term_string}\"},\"query-input\":{\"@type\":\"PropertyValueSpecification\",\"valueRequired\":true,\"valueName\":\"search_term_string\"}}],\"inLanguage\":\"tr\"},{\"@type\":\"Person\",\"@id\":\"https:\/\/www.schlosstorgelow.de\/tr#\/schema\/person\/b76bbb367f3a20c7ced1339e4875691e\",\"name\":\"Schloss Torgelow\",\"image\":{\"@type\":\"ImageObject\",\"inLanguage\":\"tr\",\"@id\":\"https:\/\/www.schlosstorgelow.de\/tr#\/schema\/person\/image\/\",\"url\":\"https:\/\/secure.gravatar.com\/avatar\/4bad9bf1bee90f77b98693d3ad03ade085c80c169595427c58c58e5b069f49e1?s=96&d=mm&r=g\",\"contentUrl\":\"https:\/\/secure.gravatar.com\/avatar\/4bad9bf1bee90f77b98693d3ad03ade085c80c169595427c58c58e5b069f49e1?s=96&d=mm&r=g\",\"caption\":\"Schloss Torgelow\"},\"sameAs\":[\"https:\/\/www.schlosstorgelow.de\"]}]}<\/script>\n<!-- \/ Yoast SEO plugin. -->","yoast_head_json":{"title":"Hal\u0131 spor salonunda d\u00fczenlenen eyalet \u015fampiyonas\u0131nda tak\u0131m atletizm projesi","description":"Tak\u0131m projesi Atletizm, Mecklenburg-Vorpommern Kapal\u0131 Alan \u015eampiyonas\u0131'nda pek \u00e7ok ba\u015far\u0131 ve bir alt\u0131n madalya kutluyor.","robots":{"index":"index","follow":"follow","max-snippet":"max-snippet:-1","max-image-preview":"max-image-preview:large","max-video-preview":"max-video-preview:-1"},"canonical":"https:\/\/www.schlosstorgelow.de\/tr\/salon-tuerkiye-sampiyonasinda-atletizm-takim-projesi","og_locale":"tr_TR","og_type":"article","og_title":"Hal\u0131 spor salonunda d\u00fczenlenen eyalet \u015fampiyonas\u0131nda tak\u0131m atletizm projesi","og_description":"Tak\u0131m projesi Atletizm, Mecklenburg-Vorpommern Kapal\u0131 Alan \u015eampiyonas\u0131'nda pek \u00e7ok ba\u015far\u0131 ve bir alt\u0131n madalya kutluyor.","og_url":"https:\/\/www.schlosstorgelow.de\/tr\/salon-tuerkiye-sampiyonasinda-atletizm-takim-projesi","og_site_name":"Schloss Torgelow","article_published_time":"2025-01-22T11:48:29+00:00","article_modified_time":"2026-01-23T11:15:07+00:00","author":"Schloss Torgelow","twitter_card":"summary_large_image","twitter_misc":{"Yazan:":"Schloss Torgelow","Tahmini okuma s\u00fcresi":"1 dakika"},"schema":{"@context":"https:\/\/schema.org","@graph":[{"@type":"Article","@id":"https:\/\/www.schlosstorgelow.de\/tr\/salon-tuerkiye-sampiyonasinda-atletizm-takim-projesi#article","isPartOf":{"@id":"https:\/\/www.schlosstorgelow.de\/tr\/salon-tuerkiye-sampiyonasinda-atletizm-takim-projesi"},"author":{"name":"Schloss Torgelow","@id":"https:\/\/www.schlosstorgelow.de\/tr#\/schema\/person\/b76bbb367f3a20c7ced1339e4875691e"},"headline":"Salon T\u00fcrkiye \u015eampiyonas\u0131&#8217;nda Atletizm Tak\u0131m Projesi","datePublished":"2025-01-22T11:48:29+00:00","dateModified":"2026-01-23T11:15:07+00:00","mainEntityOfPage":{"@id":"https:\/\/www.schlosstorgelow.de\/tr\/salon-tuerkiye-sampiyonasinda-atletizm-takim-projesi"},"wordCount":219,"image":{"@id":"https:\/\/www.schlosstorgelow.de\/tr\/salon-tuerkiye-sampiyonasinda-atletizm-takim-projesi#primaryimage"},"thumbnailUrl":"https:\/\/www.schlosstorgelow.de\/wp-content\/uploads\/2025\/07\/willi-weitsprung_header_st.avif","articleSection":["Torgelow Haberleri"],"inLanguage":"tr"},{"@type":"WebPage","@id":"https:\/\/www.schlosstorgelow.de\/tr\/salon-tuerkiye-sampiyonasinda-atletizm-takim-projesi#webpage","url":"https:\/\/www.schlosstorgelow.de\/tr\/salon-tuerkiye-sampiyonasinda-atletizm-takim-projesi","name":"Hal\u0131 spor salonunda d\u00fczenlenen eyalet \u015fampiyonas\u0131nda tak\u0131m atletizm projesi","isPartOf":{"@id":"https:\/\/www.schlosstorgelow.de\/tr#website"},"primaryImageOfPage":{"@id":"https:\/\/www.schlosstorgelow.de\/tr\/salon-tuerkiye-sampiyonasinda-atletizm-takim-projesi#primaryimage"},"image":{"@id":"https:\/\/www.schlosstorgelow.de\/tr\/salon-tuerkiye-sampiyonasinda-atletizm-takim-projesi#primaryimage"},"thumbnailUrl":"https:\/\/www.schlosstorgelow.de\/wp-content\/uploads\/2025\/07\/willi-weitsprung_header_st.avif","datePublished":"2025-01-22T11:48:29+00:00","dateModified":"2026-01-23T11:15:07+00:00","author":{"@id":"https:\/\/www.schlosstorgelow.de\/tr#\/schema\/person\/b76bbb367f3a20c7ced1339e4875691e"},"description":"Tak\u0131m projesi Atletizm, Mecklenburg-Vorpommern Kapal\u0131 Alan \u015eampiyonas\u0131'nda pek \u00e7ok ba\u015far\u0131 ve bir alt\u0131n madalya kutluyor.","breadcrumb":{"@id":"https:\/\/www.schlosstorgelow.de\/tr\/salon-tuerkiye-sampiyonasinda-atletizm-takim-projesi#breadcrumb"},"inLanguage":"tr","potentialAction":[{"@type":"ReadAction","target":["https:\/\/www.schlosstorgelow.de\/tr\/salon-tuerkiye-sampiyonasinda-atletizm-takim-projesi"]}]},{"@type":"ImageObject","inLanguage":"tr","@id":"https:\/\/www.schlosstorgelow.de\/tr\/salon-tuerkiye-sampiyonasinda-atletizm-takim-projesi#primaryimage","url":"https:\/\/www.schlosstorgelow.de\/wp-content\/uploads\/2025\/07\/willi-weitsprung_header_st.avif","contentUrl":"https:\/\/www.schlosstorgelow.de\/wp-content\/uploads\/2025\/07\/willi-weitsprung_header_st.avif","width":1920,"height":1080,"caption":"Hal\u0131 spor salonunda d\u00fczenlenen eyalet \u015fampiyonas\u0131nda tak\u0131m atletizm projesi"},{"@type":"BreadcrumbList","@id":"https:\/\/www.schlosstorgelow.de\/tr\/salon-tuerkiye-sampiyonasinda-atletizm-takim-projesi#breadcrumb","itemListElement":[{"@type":"ListItem","position":1,"name":"Startseite","item":"https:\/\/www.schlosstorgelow.de\/tr"},{"@type":"ListItem","position":2,"name":"Salon T\u00fcrkiye \u015eampiyonas\u0131&#8217;nda Atletizm Tak\u0131m Projesi"}]},{"@type":"WebSite","@id":"https:\/\/www.schlosstorgelow.de\/tr#website","url":"https:\/\/www.schlosstorgelow.de\/tr","name":"Schloss Torgelow","description":"\u00d6zel yat\u0131l\u0131 lise Schloss Torgelow \u2013 zorluklar\u0131 seven \u00f6\u011frenciler i\u00e7in yat\u0131l\u0131 okul.","potentialAction":[{"@type":"SearchAction","target":{"@type":"EntryPoint","urlTemplate":"https:\/\/www.schlosstorgelow.de\/tr?s={search_term_string}"},"query-input":{"@type":"PropertyValueSpecification","valueRequired":true,"valueName":"search_term_string"}}],"inLanguage":"tr"},{"@type":"Person","@id":"https:\/\/www.schlosstorgelow.de\/tr#\/schema\/person\/b76bbb367f3a20c7ced1339e4875691e","name":"Schloss Torgelow","image":{"@type":"ImageObject","inLanguage":"tr","@id":"https:\/\/www.schlosstorgelow.de\/tr#\/schema\/person\/image\/","url":"https:\/\/secure.gravatar.com\/avatar\/4bad9bf1bee90f77b98693d3ad03ade085c80c169595427c58c58e5b069f49e1?s=96&d=mm&r=g","contentUrl":"https:\/\/secure.gravatar.com\/avatar\/4bad9bf1bee90f77b98693d3ad03ade085c80c169595427c58c58e5b069f49e1?s=96&d=mm&r=g","caption":"Schloss Torgelow"},"sameAs":["https:\/\/www.schlosstorgelow.de"]}]}},"block_visibility_meta":[],"_links":{"self":[{"href":"https:\/\/www.schlosstorgelow.de\/tr\/wp-json\/wp\/v2\/posts\/82806","targetHints":{"allow":["GET"]}}],"collection":[{"href":"https:\/\/www.schlosstorgelow.de\/tr\/wp-json\/wp\/v2\/posts"}],"about":[{"href":"https:\/\/www.schlosstorgelow.de\/tr\/wp-json\/wp\/v2\/types\/post"}],"author":[{"embeddable":true,"href":"https:\/\/www.schlosstorgelow.de\/tr\/wp-json\/wp\/v2\/users\/1"}],"replies":[{"embeddable":true,"href":"https:\/\/www.schlosstorgelow.de\/tr\/wp-json\/wp\/v2\/comments?post=82806"}],"version-history":[{"count":0,"href":"https:\/\/www.schlosstorgelow.de\/tr\/wp-json\/wp\/v2\/posts\/82806\/revisions"}],"wp:featuredmedia":[{"embeddable":true,"href":"https:\/\/www.schlosstorgelow.de\/tr\/wp-json\/wp\/v2\/media\/44150"}],"wp:attachment":[{"href":"https:\/\/www.schlosstorgelow.de\/tr\/wp-json\/wp\/v2\/media?parent=82806"}],"wp:term":[{"taxonomy":"category","embeddable":true,"href":"https:\/\/www.schlosstorgelow.de\/tr\/wp-json\/wp\/v2\/categories?post=82806"},{"taxonomy":"post_tag","embeddable":true,"href":"https:\/\/www.schlosstorgelow.de\/tr\/wp-json\/wp\/v2\/tags?post=82806"}],"curies":[{"name":"wp","href":"https:\/\/api.w.org\/{rel}","templated":true}]}}