{"id":82798,"date":"2025-01-14T11:43:43","date_gmt":"2025-01-14T11:43:43","guid":{"rendered":"https:\/\/www.schlosstorgelow.de\/iki-hansa-sehri-bir-arada"},"modified":"2026-01-12T09:36:24","modified_gmt":"2026-01-12T09:36:24","slug":"iki-hansa-sehri-bir-arada","status":"publish","type":"post","link":"https:\/\/www.schlosstorgelow.de\/tr\/iki-hansa-sehri-bir-arada","title":{"rendered":"\u0130ki Hansa \u015fehri bir arada"},"content":{"rendered":"\n<p>11. s\u0131n\u0131fta, bizim K1 dedi\u011fimiz s\u0131n\u0131fta meslek <a href=\"https:\/\/www.schlosstorgelow.de\/tr\/meslek-yoenlendirmesi\">orientasyonu yap\u0131lmaktad\u0131r<\/a>.<i> b\u00fcy\u00fck harfle yaz\u0131lm\u0131\u015ft\u0131r. Bu nedenle, t\u00fcm 1. kurs \u00f6\u011frencileri \u00fc\u00e7 \u00f6\u011fretmenle birlikte Greifswald \u00fcniversite \u015fehrine bir g\u00fcn s\u00fcren bir gezintiye \u00e7\u0131kt\u0131. <\/i><\/p>\n\n<p>G\u00fcn\u00fcn ilk k\u0131sm\u0131, tarihi \u00fcniversite binas\u0131n\u0131n ziyaretiyle ge\u00e7ti; burada tarihi amfide yerimizi ald\u0131k. Ard\u0131ndan t\u0131p e\u011fitimi i\u00e7in bir tan\u0131t\u0131m etkinli\u011fi ve \u00e7evre bilimleri dersine dair bilgiler verildi. Her iki etkinlik de son derece ilgin\u00e7ti. Do\u00e7entlerle do\u011frudan sorular sorabilmemiz ve onlarla konu\u015fabilmemiz harikayd\u0131.   <\/p>\n\n<p>Stralsund&#8217;da bir ak\u015fam yeme\u011finden sonra tiyatro ziyareti programda vard\u0131. Be\u015f sanat\u00e7\u0131n\u0131n kendi yazd\u0131\u011f\u0131 ne\u015feli, ele\u015ftirel ve d\u00fc\u015f\u00fcnd\u00fcr\u00fcc\u00fc metinlerle sahne ald\u0131\u011f\u0131 bir \u015fiir slam&#8217;i sunuldu. Baz\u0131 s\u0131n\u0131f \u00f6\u011frencileri j\u00fcri \u00fcyesi olarak g\u00f6rev alarak g\u00f6sterilen performansa puan verdiler. Bu ger\u00e7ekten \u00e7ok e\u011flenceliydi!   <\/p>\n\n<p>Harika, bilgilendirici ve e\u011flenceli bir g\u00fcn ge\u00e7ti, bu g\u00fcn \u00e7al\u0131\u015fma iste\u011fi ve edebiyata olan keyfi art\u0131rd\u0131.<\/p>\n\n<p>Say\u0131n \u015fof\u00f6r\u00fcm\u00fcz Bay Graedtke&#8217;ye, yo\u011fun kar ya\u011f\u0131\u015f\u0131na ra\u011fmen bizi g\u00fcvenle Torgelow&#8217;a geri getirdi\u011fi i\u00e7in i\u00e7ten te\u015fekk\u00fcrlerimizi sunuyoruz.<\/p>\n","protected":false},"excerpt":{"rendered":"<p>Oberstufe, Greifswald&#8217;daki \u00fcniversiteyi ve Stralsund&#8217;daki tiyatroyu tam g\u00fcnl\u00fck bir gezinin kapsam\u0131nda ziyaret etti.<\/p>\n","protected":false},"author":1,"featured_media":69030,"comment_status":"closed","ping_status":"closed","sticky":false,"template":"","format":"standard","meta":{"_acf_changed":false,"_yoast_wpseo_title":"\u0130ki Hansa \u015fehri bir arada","_yoast_wpseo_metadesc":"Lise \u00f6\u011frencileri, Greifswald \u00dcniversitesi ve Stralsund Tiyatrosu'nu tam g\u00fcnl\u00fck bir gezi kapsam\u0131nda ziyaret etti.","excerpt":"Lise \u00f6\u011frencileri, Greifswald \u00dcniversitesi ve Stralsund Tiyatrosu'nu tam g\u00fcnl\u00fck bir gezi kapsam\u0131nda ziyaret etti.","footnotes":""},"categories":[34],"tags":[],"class_list":{"0":"post-82798","1":"post","2":"type-post","3":"status-publish","4":"format-standard","5":"has-post-thumbnail","7":"category-torgelow-haberleri"},"acf":[],"yoast_head":"<!-- This site is optimized with the Yoast SEO plugin v26.9 - https:\/\/yoast.com\/product\/yoast-seo-wordpress\/ -->\n<title>\u0130ki Hansa \u015fehri bir arada<\/title>\n<meta name=\"description\" content=\"Lise \u00f6\u011frencileri, Greifswald \u00dcniversitesi ve Stralsund Tiyatrosu&#039;nu tam g\u00fcnl\u00fck bir gezi kapsam\u0131nda ziyaret etti.\" \/>\n<meta name=\"robots\" content=\"index, follow, max-snippet:-1, max-image-preview:large, max-video-preview:-1\" \/>\n<link rel=\"canonical\" href=\"https:\/\/www.schlosstorgelow.de\/tr\/iki-hansa-sehri-bir-arada\" \/>\n<meta property=\"og:locale\" content=\"tr_TR\" \/>\n<meta property=\"og:type\" content=\"article\" \/>\n<meta property=\"og:title\" content=\"\u0130ki Hansa \u015fehri bir arada\" \/>\n<meta property=\"og:description\" content=\"Lise \u00f6\u011frencileri, Greifswald \u00dcniversitesi ve Stralsund Tiyatrosu&#039;nu tam g\u00fcnl\u00fck bir gezi kapsam\u0131nda ziyaret etti.\" \/>\n<meta property=\"og:url\" content=\"https:\/\/www.schlosstorgelow.de\/tr\/iki-hansa-sehri-bir-arada\" \/>\n<meta property=\"og:site_name\" content=\"Schloss Torgelow\" \/>\n<meta property=\"article:published_time\" content=\"2025-01-14T11:43:43+00:00\" \/>\n<meta property=\"article:modified_time\" content=\"2026-01-12T09:36:24+00:00\" \/>\n<meta name=\"author\" content=\"Schloss Torgelow\" \/>\n<meta name=\"twitter:card\" content=\"summary_large_image\" \/>\n<meta name=\"twitter:label1\" content=\"Yazan:\" \/>\n\t<meta name=\"twitter:data1\" content=\"Schloss Torgelow\" \/>\n\t<meta name=\"twitter:label2\" content=\"Tahmini okuma s\u00fcresi\" \/>\n\t<meta name=\"twitter:data2\" content=\"1 dakika\" \/>\n<script type=\"application\/ld+json\" class=\"yoast-schema-graph\">{\"@context\":\"https:\/\/schema.org\",\"@graph\":[{\"@type\":\"Article\",\"@id\":\"https:\/\/www.schlosstorgelow.de\/tr\/iki-hansa-sehri-bir-arada#article\",\"isPartOf\":{\"@id\":\"https:\/\/www.schlosstorgelow.de\/tr\/iki-hansa-sehri-bir-arada\"},\"author\":{\"name\":\"Schloss Torgelow\",\"@id\":\"https:\/\/www.schlosstorgelow.de\/tr#\/schema\/person\/b76bbb367f3a20c7ced1339e4875691e\"},\"headline\":\"\u0130ki Hansa \u015fehri bir arada\",\"datePublished\":\"2025-01-14T11:43:43+00:00\",\"dateModified\":\"2026-01-12T09:36:24+00:00\",\"mainEntityOfPage\":{\"@id\":\"https:\/\/www.schlosstorgelow.de\/tr\/iki-hansa-sehri-bir-arada\"},\"wordCount\":220,\"image\":{\"@id\":\"https:\/\/www.schlosstorgelow.de\/tr\/iki-hansa-sehri-bir-arada#primaryimage\"},\"thumbnailUrl\":\"https:\/\/www.schlosstorgelow.de\/wp-content\/uploads\/2025\/08\/exkursion-greifswald-stralsund_header_st.avif\",\"articleSection\":[\"Torgelow Haberleri\"],\"inLanguage\":\"tr\"},{\"@type\":\"WebPage\",\"@id\":\"https:\/\/www.schlosstorgelow.de\/tr\/iki-hansa-sehri-bir-arada#webpage\",\"url\":\"https:\/\/www.schlosstorgelow.de\/tr\/iki-hansa-sehri-bir-arada\",\"name\":\"\u0130ki Hansa \u015fehri bir arada\",\"isPartOf\":{\"@id\":\"https:\/\/www.schlosstorgelow.de\/tr#website\"},\"primaryImageOfPage\":{\"@id\":\"https:\/\/www.schlosstorgelow.de\/tr\/iki-hansa-sehri-bir-arada#primaryimage\"},\"image\":{\"@id\":\"https:\/\/www.schlosstorgelow.de\/tr\/iki-hansa-sehri-bir-arada#primaryimage\"},\"thumbnailUrl\":\"https:\/\/www.schlosstorgelow.de\/wp-content\/uploads\/2025\/08\/exkursion-greifswald-stralsund_header_st.avif\",\"datePublished\":\"2025-01-14T11:43:43+00:00\",\"dateModified\":\"2026-01-12T09:36:24+00:00\",\"author\":{\"@id\":\"https:\/\/www.schlosstorgelow.de\/tr#\/schema\/person\/b76bbb367f3a20c7ced1339e4875691e\"},\"description\":\"Lise \u00f6\u011frencileri, Greifswald \u00dcniversitesi ve Stralsund Tiyatrosu'nu tam g\u00fcnl\u00fck bir gezi kapsam\u0131nda ziyaret etti.\",\"breadcrumb\":{\"@id\":\"https:\/\/www.schlosstorgelow.de\/tr\/iki-hansa-sehri-bir-arada#breadcrumb\"},\"inLanguage\":\"tr\",\"potentialAction\":[{\"@type\":\"ReadAction\",\"target\":[\"https:\/\/www.schlosstorgelow.de\/tr\/iki-hansa-sehri-bir-arada\"]}]},{\"@type\":\"ImageObject\",\"inLanguage\":\"tr\",\"@id\":\"https:\/\/www.schlosstorgelow.de\/tr\/iki-hansa-sehri-bir-arada#primaryimage\",\"url\":\"https:\/\/www.schlosstorgelow.de\/wp-content\/uploads\/2025\/08\/exkursion-greifswald-stralsund_header_st.avif\",\"contentUrl\":\"https:\/\/www.schlosstorgelow.de\/wp-content\/uploads\/2025\/08\/exkursion-greifswald-stralsund_header_st.avif\",\"width\":1920,\"height\":1080,\"caption\":\"\u0130ki Hanse \u015fehri bir arada\"},{\"@type\":\"BreadcrumbList\",\"@id\":\"https:\/\/www.schlosstorgelow.de\/tr\/iki-hansa-sehri-bir-arada#breadcrumb\",\"itemListElement\":[{\"@type\":\"ListItem\",\"position\":1,\"name\":\"Startseite\",\"item\":\"https:\/\/www.schlosstorgelow.de\/tr\"},{\"@type\":\"ListItem\",\"position\":2,\"name\":\"\u0130ki Hansa \u015fehri bir arada\"}]},{\"@type\":\"WebSite\",\"@id\":\"https:\/\/www.schlosstorgelow.de\/tr#website\",\"url\":\"https:\/\/www.schlosstorgelow.de\/tr\",\"name\":\"Schloss Torgelow\",\"description\":\"\u00d6zel yat\u0131l\u0131 lise Schloss Torgelow \u2013 zorluklar\u0131 seven \u00f6\u011frenciler i\u00e7in yat\u0131l\u0131 okul.\",\"potentialAction\":[{\"@type\":\"SearchAction\",\"target\":{\"@type\":\"EntryPoint\",\"urlTemplate\":\"https:\/\/www.schlosstorgelow.de\/tr?s={search_term_string}\"},\"query-input\":{\"@type\":\"PropertyValueSpecification\",\"valueRequired\":true,\"valueName\":\"search_term_string\"}}],\"inLanguage\":\"tr\"},{\"@type\":\"Person\",\"@id\":\"https:\/\/www.schlosstorgelow.de\/tr#\/schema\/person\/b76bbb367f3a20c7ced1339e4875691e\",\"name\":\"Schloss Torgelow\",\"image\":{\"@type\":\"ImageObject\",\"inLanguage\":\"tr\",\"@id\":\"https:\/\/www.schlosstorgelow.de\/tr#\/schema\/person\/image\/\",\"url\":\"https:\/\/secure.gravatar.com\/avatar\/4bad9bf1bee90f77b98693d3ad03ade085c80c169595427c58c58e5b069f49e1?s=96&d=mm&r=g\",\"contentUrl\":\"https:\/\/secure.gravatar.com\/avatar\/4bad9bf1bee90f77b98693d3ad03ade085c80c169595427c58c58e5b069f49e1?s=96&d=mm&r=g\",\"caption\":\"Schloss Torgelow\"},\"sameAs\":[\"https:\/\/www.schlosstorgelow.de\"]}]}<\/script>\n<!-- \/ Yoast SEO plugin. -->","yoast_head_json":{"title":"\u0130ki Hansa \u015fehri bir arada","description":"Lise \u00f6\u011frencileri, Greifswald \u00dcniversitesi ve Stralsund Tiyatrosu'nu tam g\u00fcnl\u00fck bir gezi kapsam\u0131nda ziyaret etti.","robots":{"index":"index","follow":"follow","max-snippet":"max-snippet:-1","max-image-preview":"max-image-preview:large","max-video-preview":"max-video-preview:-1"},"canonical":"https:\/\/www.schlosstorgelow.de\/tr\/iki-hansa-sehri-bir-arada","og_locale":"tr_TR","og_type":"article","og_title":"\u0130ki Hansa \u015fehri bir arada","og_description":"Lise \u00f6\u011frencileri, Greifswald \u00dcniversitesi ve Stralsund Tiyatrosu'nu tam g\u00fcnl\u00fck bir gezi kapsam\u0131nda ziyaret etti.","og_url":"https:\/\/www.schlosstorgelow.de\/tr\/iki-hansa-sehri-bir-arada","og_site_name":"Schloss Torgelow","article_published_time":"2025-01-14T11:43:43+00:00","article_modified_time":"2026-01-12T09:36:24+00:00","author":"Schloss Torgelow","twitter_card":"summary_large_image","twitter_misc":{"Yazan:":"Schloss Torgelow","Tahmini okuma s\u00fcresi":"1 dakika"},"schema":{"@context":"https:\/\/schema.org","@graph":[{"@type":"Article","@id":"https:\/\/www.schlosstorgelow.de\/tr\/iki-hansa-sehri-bir-arada#article","isPartOf":{"@id":"https:\/\/www.schlosstorgelow.de\/tr\/iki-hansa-sehri-bir-arada"},"author":{"name":"Schloss Torgelow","@id":"https:\/\/www.schlosstorgelow.de\/tr#\/schema\/person\/b76bbb367f3a20c7ced1339e4875691e"},"headline":"\u0130ki Hansa \u015fehri bir arada","datePublished":"2025-01-14T11:43:43+00:00","dateModified":"2026-01-12T09:36:24+00:00","mainEntityOfPage":{"@id":"https:\/\/www.schlosstorgelow.de\/tr\/iki-hansa-sehri-bir-arada"},"wordCount":220,"image":{"@id":"https:\/\/www.schlosstorgelow.de\/tr\/iki-hansa-sehri-bir-arada#primaryimage"},"thumbnailUrl":"https:\/\/www.schlosstorgelow.de\/wp-content\/uploads\/2025\/08\/exkursion-greifswald-stralsund_header_st.avif","articleSection":["Torgelow Haberleri"],"inLanguage":"tr"},{"@type":"WebPage","@id":"https:\/\/www.schlosstorgelow.de\/tr\/iki-hansa-sehri-bir-arada#webpage","url":"https:\/\/www.schlosstorgelow.de\/tr\/iki-hansa-sehri-bir-arada","name":"\u0130ki Hansa \u015fehri bir arada","isPartOf":{"@id":"https:\/\/www.schlosstorgelow.de\/tr#website"},"primaryImageOfPage":{"@id":"https:\/\/www.schlosstorgelow.de\/tr\/iki-hansa-sehri-bir-arada#primaryimage"},"image":{"@id":"https:\/\/www.schlosstorgelow.de\/tr\/iki-hansa-sehri-bir-arada#primaryimage"},"thumbnailUrl":"https:\/\/www.schlosstorgelow.de\/wp-content\/uploads\/2025\/08\/exkursion-greifswald-stralsund_header_st.avif","datePublished":"2025-01-14T11:43:43+00:00","dateModified":"2026-01-12T09:36:24+00:00","author":{"@id":"https:\/\/www.schlosstorgelow.de\/tr#\/schema\/person\/b76bbb367f3a20c7ced1339e4875691e"},"description":"Lise \u00f6\u011frencileri, Greifswald \u00dcniversitesi ve Stralsund Tiyatrosu'nu tam g\u00fcnl\u00fck bir gezi kapsam\u0131nda ziyaret etti.","breadcrumb":{"@id":"https:\/\/www.schlosstorgelow.de\/tr\/iki-hansa-sehri-bir-arada#breadcrumb"},"inLanguage":"tr","potentialAction":[{"@type":"ReadAction","target":["https:\/\/www.schlosstorgelow.de\/tr\/iki-hansa-sehri-bir-arada"]}]},{"@type":"ImageObject","inLanguage":"tr","@id":"https:\/\/www.schlosstorgelow.de\/tr\/iki-hansa-sehri-bir-arada#primaryimage","url":"https:\/\/www.schlosstorgelow.de\/wp-content\/uploads\/2025\/08\/exkursion-greifswald-stralsund_header_st.avif","contentUrl":"https:\/\/www.schlosstorgelow.de\/wp-content\/uploads\/2025\/08\/exkursion-greifswald-stralsund_header_st.avif","width":1920,"height":1080,"caption":"\u0130ki Hanse \u015fehri bir arada"},{"@type":"BreadcrumbList","@id":"https:\/\/www.schlosstorgelow.de\/tr\/iki-hansa-sehri-bir-arada#breadcrumb","itemListElement":[{"@type":"ListItem","position":1,"name":"Startseite","item":"https:\/\/www.schlosstorgelow.de\/tr"},{"@type":"ListItem","position":2,"name":"\u0130ki Hansa \u015fehri bir arada"}]},{"@type":"WebSite","@id":"https:\/\/www.schlosstorgelow.de\/tr#website","url":"https:\/\/www.schlosstorgelow.de\/tr","name":"Schloss Torgelow","description":"\u00d6zel yat\u0131l\u0131 lise Schloss Torgelow \u2013 zorluklar\u0131 seven \u00f6\u011frenciler i\u00e7in yat\u0131l\u0131 okul.","potentialAction":[{"@type":"SearchAction","target":{"@type":"EntryPoint","urlTemplate":"https:\/\/www.schlosstorgelow.de\/tr?s={search_term_string}"},"query-input":{"@type":"PropertyValueSpecification","valueRequired":true,"valueName":"search_term_string"}}],"inLanguage":"tr"},{"@type":"Person","@id":"https:\/\/www.schlosstorgelow.de\/tr#\/schema\/person\/b76bbb367f3a20c7ced1339e4875691e","name":"Schloss Torgelow","image":{"@type":"ImageObject","inLanguage":"tr","@id":"https:\/\/www.schlosstorgelow.de\/tr#\/schema\/person\/image\/","url":"https:\/\/secure.gravatar.com\/avatar\/4bad9bf1bee90f77b98693d3ad03ade085c80c169595427c58c58e5b069f49e1?s=96&d=mm&r=g","contentUrl":"https:\/\/secure.gravatar.com\/avatar\/4bad9bf1bee90f77b98693d3ad03ade085c80c169595427c58c58e5b069f49e1?s=96&d=mm&r=g","caption":"Schloss Torgelow"},"sameAs":["https:\/\/www.schlosstorgelow.de"]}]}},"block_visibility_meta":[],"_links":{"self":[{"href":"https:\/\/www.schlosstorgelow.de\/tr\/wp-json\/wp\/v2\/posts\/82798","targetHints":{"allow":["GET"]}}],"collection":[{"href":"https:\/\/www.schlosstorgelow.de\/tr\/wp-json\/wp\/v2\/posts"}],"about":[{"href":"https:\/\/www.schlosstorgelow.de\/tr\/wp-json\/wp\/v2\/types\/post"}],"author":[{"embeddable":true,"href":"https:\/\/www.schlosstorgelow.de\/tr\/wp-json\/wp\/v2\/users\/1"}],"replies":[{"embeddable":true,"href":"https:\/\/www.schlosstorgelow.de\/tr\/wp-json\/wp\/v2\/comments?post=82798"}],"version-history":[{"count":0,"href":"https:\/\/www.schlosstorgelow.de\/tr\/wp-json\/wp\/v2\/posts\/82798\/revisions"}],"wp:featuredmedia":[{"embeddable":true,"href":"https:\/\/www.schlosstorgelow.de\/tr\/wp-json\/wp\/v2\/media\/69030"}],"wp:attachment":[{"href":"https:\/\/www.schlosstorgelow.de\/tr\/wp-json\/wp\/v2\/media?parent=82798"}],"wp:term":[{"taxonomy":"category","embeddable":true,"href":"https:\/\/www.schlosstorgelow.de\/tr\/wp-json\/wp\/v2\/categories?post=82798"},{"taxonomy":"post_tag","embeddable":true,"href":"https:\/\/www.schlosstorgelow.de\/tr\/wp-json\/wp\/v2\/tags?post=82798"}],"curies":[{"name":"wp","href":"https:\/\/api.w.org\/{rel}","templated":true}]}}