{"id":82796,"date":"2025-01-29T11:54:18","date_gmt":"2025-01-29T11:54:18","guid":{"rendered":"https:\/\/www.schlosstorgelow.de\/iyi-davranis-muecadelesi-noel-agaci-yakma"},"modified":"2026-01-12T09:34:54","modified_gmt":"2026-01-12T09:34:54","slug":"iyi-davranis-muecadelesi-noel-agaci-yakma","status":"publish","type":"post","link":"https:\/\/www.schlosstorgelow.de\/tr\/iyi-davranis-muecadelesi-noel-agaci-yakma","title":{"rendered":"&#8220;\u0130yi Davran\u0131\u015f M\u00fccadelesi&#8221;: Noel A\u011fac\u0131 Yakma"},"content":{"rendered":"\n<p>&#8220;\u0130yi \u0130\u015fler Meydan\u0131&#8221; projesi, Waren&#8217;deki Ecktannen bak\u0131mevinde yat\u0131l\u0131 \u00f6\u011frencilerimizin ziyaretleriyle tekrar tekrar heyecan veriyor. D\u00fcn, t\u00fcm kat\u0131l\u0131mc\u0131lar\u0131 derinden etkileyen \u00f6zel bir bulu\u015fma daha ger\u00e7ekle\u015fti. <\/p>\n\n<p>Yeni y\u0131l\u0131n ba\u015flang\u0131c\u0131nda, azimli \u00f6\u011frenciler, sakinlerle birlikte bir ate\u015f yakma etkinli\u011fi organize etti \u2013 bir\u00e7ok ki\u015fi i\u00e7in yeni bir y\u0131l\u0131n ba\u015flang\u0131c\u0131n\u0131 simgeleyen geleneksel bir Noel a\u011fac\u0131 yakma etkinli\u011fi.<\/p>\n\n<p>\u00d6\u011fleden sonran\u0131n en keyifli anlar\u0131ndan biri, yao\u011fugun eklenip sosis pi\u015firilmesiydi. \u00d6\u011frenciler, bu s\u00fcre\u00e7te ya\u015fl\u0131lar\u0131m\u0131za sab\u0131r ve sevin\u00e7le yard\u0131mc\u0131 oldu, b\u00f6ylece herkes bu lezzetlerin tad\u0131n\u0131 \u00e7\u0131karabildi. Bu s\u0131rada y\u0131lba\u015f\u0131, gelecek y\u0131l i\u00e7in dilekler ve ki\u015fisel an\u0131lar hakk\u0131nda samimi sohbetler ger\u00e7ekle\u015fti &#8211; nesillerin harika bir \u015fekilde ba\u011fland\u0131\u011f\u0131 bir etkile\u015fim.  <\/p>\n\n<p>\u201cDoing Good Challenge\u201d projesinin d\u00fczenli ziyaretleri yaln\u0131zca ya\u015fl\u0131lar i\u00e7in bir zenginlik de\u011fil, ayn\u0131 zamanda gen\u00e7 yard\u0131mc\u0131lar i\u00e7in de bir zenginliktir. Ortak saatler, nesiller aras\u0131ndaki diyalogun ne kadar \u00f6nemli oldu\u011funu ve birlikte zaman ge\u00e7irmenin ne kadar keyifli oldu\u011funu g\u00f6steren \u00f6zel bir ba\u011f yarat\u0131r. <\/p>\n","protected":false},"excerpt":{"rendered":"<p>&#8220;Doing Good Challenge&#8221; projesi, Waren (M\u00fcritz) Ecktannen huzurevinde ger\u00e7ekle\u015ftirdi\u011fi ziyaretlerle s\u00fcrekli olarak heyecan yarat\u0131yor.<\/p>\n","protected":false},"author":1,"featured_media":69065,"comment_status":"closed","ping_status":"closed","sticky":false,"template":"","format":"standard","meta":{"_acf_changed":false,"_yoast_wpseo_title":"\"\u0130yilik Yaratma Yar\u0131\u015f\u0131\": Noel A\u011fac\u0131 Yakma","_yoast_wpseo_metadesc":"\"Doing Good Challenge\" projesi, Waren'deki Ecktannen huzurevindeki ziyaretleri ile her seferinde heyecan yarat\u0131yor.","excerpt":"\"Doing Good Challenge\" projesi, Waren (M\u00fcritz) Ecktannen huzurevinde ger\u00e7ekle\u015ftirdi\u011fi ziyaretlerle s\u00fcrekli olarak heyecan yarat\u0131yor.","footnotes":""},"categories":[34],"tags":[],"class_list":{"0":"post-82796","1":"post","2":"type-post","3":"status-publish","4":"format-standard","5":"has-post-thumbnail","7":"category-torgelow-haberleri"},"acf":[],"yoast_head":"<!-- This site is optimized with the Yoast SEO plugin v26.9 - https:\/\/yoast.com\/product\/yoast-seo-wordpress\/ -->\n<title>&quot;\u0130yilik Yaratma Yar\u0131\u015f\u0131&quot;: Noel A\u011fac\u0131 Yakma<\/title>\n<meta name=\"description\" content=\"&quot;Doing Good Challenge&quot; projesi, Waren&#039;deki Ecktannen huzurevindeki ziyaretleri ile her seferinde heyecan yarat\u0131yor.\" \/>\n<meta name=\"robots\" content=\"index, follow, max-snippet:-1, max-image-preview:large, max-video-preview:-1\" \/>\n<link rel=\"canonical\" href=\"https:\/\/www.schlosstorgelow.de\/tr\/iyi-davranis-muecadelesi-noel-agaci-yakma\" \/>\n<meta property=\"og:locale\" content=\"tr_TR\" \/>\n<meta property=\"og:type\" content=\"article\" \/>\n<meta property=\"og:title\" content=\"&quot;\u0130yilik Yaratma Yar\u0131\u015f\u0131&quot;: Noel A\u011fac\u0131 Yakma\" \/>\n<meta property=\"og:description\" content=\"&quot;Doing Good Challenge&quot; projesi, Waren&#039;deki Ecktannen huzurevindeki ziyaretleri ile her seferinde heyecan yarat\u0131yor.\" \/>\n<meta property=\"og:url\" content=\"https:\/\/www.schlosstorgelow.de\/tr\/iyi-davranis-muecadelesi-noel-agaci-yakma\" \/>\n<meta property=\"og:site_name\" content=\"Schloss Torgelow\" \/>\n<meta property=\"article:published_time\" content=\"2025-01-29T11:54:18+00:00\" \/>\n<meta property=\"article:modified_time\" content=\"2026-01-12T09:34:54+00:00\" \/>\n<meta name=\"author\" content=\"Schloss Torgelow\" \/>\n<meta name=\"twitter:card\" content=\"summary_large_image\" \/>\n<meta name=\"twitter:label1\" content=\"Yazan:\" \/>\n\t<meta name=\"twitter:data1\" content=\"Schloss Torgelow\" \/>\n\t<meta name=\"twitter:label2\" content=\"Tahmini okuma s\u00fcresi\" \/>\n\t<meta name=\"twitter:data2\" content=\"1 dakika\" \/>\n<script type=\"application\/ld+json\" class=\"yoast-schema-graph\">{\"@context\":\"https:\/\/schema.org\",\"@graph\":[{\"@type\":\"Article\",\"@id\":\"https:\/\/www.schlosstorgelow.de\/tr\/iyi-davranis-muecadelesi-noel-agaci-yakma#article\",\"isPartOf\":{\"@id\":\"https:\/\/www.schlosstorgelow.de\/tr\/iyi-davranis-muecadelesi-noel-agaci-yakma\"},\"author\":{\"name\":\"Schloss Torgelow\",\"@id\":\"https:\/\/www.schlosstorgelow.de\/tr#\/schema\/person\/b76bbb367f3a20c7ced1339e4875691e\"},\"headline\":\"&#8220;\u0130yi Davran\u0131\u015f M\u00fccadelesi&#8221;: Noel A\u011fac\u0131 Yakma\",\"datePublished\":\"2025-01-29T11:54:18+00:00\",\"dateModified\":\"2026-01-12T09:34:54+00:00\",\"mainEntityOfPage\":{\"@id\":\"https:\/\/www.schlosstorgelow.de\/tr\/iyi-davranis-muecadelesi-noel-agaci-yakma\"},\"wordCount\":216,\"image\":{\"@id\":\"https:\/\/www.schlosstorgelow.de\/tr\/iyi-davranis-muecadelesi-noel-agaci-yakma#primaryimage\"},\"thumbnailUrl\":\"https:\/\/www.schlosstorgelow.de\/wp-content\/uploads\/2025\/08\/christbaumverbrennen_header_st.avif\",\"articleSection\":[\"Torgelow Haberleri\"],\"inLanguage\":\"tr\"},{\"@type\":\"WebPage\",\"@id\":\"https:\/\/www.schlosstorgelow.de\/tr\/iyi-davranis-muecadelesi-noel-agaci-yakma#webpage\",\"url\":\"https:\/\/www.schlosstorgelow.de\/tr\/iyi-davranis-muecadelesi-noel-agaci-yakma\",\"name\":\"\\\"\u0130yilik Yaratma Yar\u0131\u015f\u0131\\\": Noel A\u011fac\u0131 Yakma\",\"isPartOf\":{\"@id\":\"https:\/\/www.schlosstorgelow.de\/tr#website\"},\"primaryImageOfPage\":{\"@id\":\"https:\/\/www.schlosstorgelow.de\/tr\/iyi-davranis-muecadelesi-noel-agaci-yakma#primaryimage\"},\"image\":{\"@id\":\"https:\/\/www.schlosstorgelow.de\/tr\/iyi-davranis-muecadelesi-noel-agaci-yakma#primaryimage\"},\"thumbnailUrl\":\"https:\/\/www.schlosstorgelow.de\/wp-content\/uploads\/2025\/08\/christbaumverbrennen_header_st.avif\",\"datePublished\":\"2025-01-29T11:54:18+00:00\",\"dateModified\":\"2026-01-12T09:34:54+00:00\",\"author\":{\"@id\":\"https:\/\/www.schlosstorgelow.de\/tr#\/schema\/person\/b76bbb367f3a20c7ced1339e4875691e\"},\"description\":\"\\\"Doing Good Challenge\\\" projesi, Waren'deki Ecktannen huzurevindeki ziyaretleri ile her seferinde heyecan yarat\u0131yor.\",\"breadcrumb\":{\"@id\":\"https:\/\/www.schlosstorgelow.de\/tr\/iyi-davranis-muecadelesi-noel-agaci-yakma#breadcrumb\"},\"inLanguage\":\"tr\",\"potentialAction\":[{\"@type\":\"ReadAction\",\"target\":[\"https:\/\/www.schlosstorgelow.de\/tr\/iyi-davranis-muecadelesi-noel-agaci-yakma\"]}]},{\"@type\":\"ImageObject\",\"inLanguage\":\"tr\",\"@id\":\"https:\/\/www.schlosstorgelow.de\/tr\/iyi-davranis-muecadelesi-noel-agaci-yakma#primaryimage\",\"url\":\"https:\/\/www.schlosstorgelow.de\/wp-content\/uploads\/2025\/08\/christbaumverbrennen_header_st.avif\",\"contentUrl\":\"https:\/\/www.schlosstorgelow.de\/wp-content\/uploads\/2025\/08\/christbaumverbrennen_header_st.avif\",\"width\":1920,\"height\":1080,\"caption\":\"\\\"\u0130yi \u0130\u015fler Yar\u0131\u015fmas\u0131\\\": A\u011fa\u00e7 Yakma\"},{\"@type\":\"BreadcrumbList\",\"@id\":\"https:\/\/www.schlosstorgelow.de\/tr\/iyi-davranis-muecadelesi-noel-agaci-yakma#breadcrumb\",\"itemListElement\":[{\"@type\":\"ListItem\",\"position\":1,\"name\":\"Startseite\",\"item\":\"https:\/\/www.schlosstorgelow.de\/tr\"},{\"@type\":\"ListItem\",\"position\":2,\"name\":\"&#8222;\u0130yi Davran\u0131\u015f M\u00fccadelesi&#8220;: Noel A\u011fac\u0131 Yakma\"}]},{\"@type\":\"WebSite\",\"@id\":\"https:\/\/www.schlosstorgelow.de\/tr#website\",\"url\":\"https:\/\/www.schlosstorgelow.de\/tr\",\"name\":\"Schloss Torgelow\",\"description\":\"\u00d6zel yat\u0131l\u0131 lise Schloss Torgelow \u2013 zorluklar\u0131 seven \u00f6\u011frenciler i\u00e7in yat\u0131l\u0131 okul.\",\"potentialAction\":[{\"@type\":\"SearchAction\",\"target\":{\"@type\":\"EntryPoint\",\"urlTemplate\":\"https:\/\/www.schlosstorgelow.de\/tr?s={search_term_string}\"},\"query-input\":{\"@type\":\"PropertyValueSpecification\",\"valueRequired\":true,\"valueName\":\"search_term_string\"}}],\"inLanguage\":\"tr\"},{\"@type\":\"Person\",\"@id\":\"https:\/\/www.schlosstorgelow.de\/tr#\/schema\/person\/b76bbb367f3a20c7ced1339e4875691e\",\"name\":\"Schloss Torgelow\",\"image\":{\"@type\":\"ImageObject\",\"inLanguage\":\"tr\",\"@id\":\"https:\/\/www.schlosstorgelow.de\/tr#\/schema\/person\/image\/\",\"url\":\"https:\/\/secure.gravatar.com\/avatar\/4bad9bf1bee90f77b98693d3ad03ade085c80c169595427c58c58e5b069f49e1?s=96&d=mm&r=g\",\"contentUrl\":\"https:\/\/secure.gravatar.com\/avatar\/4bad9bf1bee90f77b98693d3ad03ade085c80c169595427c58c58e5b069f49e1?s=96&d=mm&r=g\",\"caption\":\"Schloss Torgelow\"},\"sameAs\":[\"https:\/\/www.schlosstorgelow.de\"]}]}<\/script>\n<!-- \/ Yoast SEO plugin. -->","yoast_head_json":{"title":"\"\u0130yilik Yaratma Yar\u0131\u015f\u0131\": Noel A\u011fac\u0131 Yakma","description":"\"Doing Good Challenge\" projesi, Waren'deki Ecktannen huzurevindeki ziyaretleri ile her seferinde heyecan yarat\u0131yor.","robots":{"index":"index","follow":"follow","max-snippet":"max-snippet:-1","max-image-preview":"max-image-preview:large","max-video-preview":"max-video-preview:-1"},"canonical":"https:\/\/www.schlosstorgelow.de\/tr\/iyi-davranis-muecadelesi-noel-agaci-yakma","og_locale":"tr_TR","og_type":"article","og_title":"\"\u0130yilik Yaratma Yar\u0131\u015f\u0131\": Noel A\u011fac\u0131 Yakma","og_description":"\"Doing Good Challenge\" projesi, Waren'deki Ecktannen huzurevindeki ziyaretleri ile her seferinde heyecan yarat\u0131yor.","og_url":"https:\/\/www.schlosstorgelow.de\/tr\/iyi-davranis-muecadelesi-noel-agaci-yakma","og_site_name":"Schloss Torgelow","article_published_time":"2025-01-29T11:54:18+00:00","article_modified_time":"2026-01-12T09:34:54+00:00","author":"Schloss Torgelow","twitter_card":"summary_large_image","twitter_misc":{"Yazan:":"Schloss Torgelow","Tahmini okuma s\u00fcresi":"1 dakika"},"schema":{"@context":"https:\/\/schema.org","@graph":[{"@type":"Article","@id":"https:\/\/www.schlosstorgelow.de\/tr\/iyi-davranis-muecadelesi-noel-agaci-yakma#article","isPartOf":{"@id":"https:\/\/www.schlosstorgelow.de\/tr\/iyi-davranis-muecadelesi-noel-agaci-yakma"},"author":{"name":"Schloss Torgelow","@id":"https:\/\/www.schlosstorgelow.de\/tr#\/schema\/person\/b76bbb367f3a20c7ced1339e4875691e"},"headline":"&#8220;\u0130yi Davran\u0131\u015f M\u00fccadelesi&#8221;: Noel A\u011fac\u0131 Yakma","datePublished":"2025-01-29T11:54:18+00:00","dateModified":"2026-01-12T09:34:54+00:00","mainEntityOfPage":{"@id":"https:\/\/www.schlosstorgelow.de\/tr\/iyi-davranis-muecadelesi-noel-agaci-yakma"},"wordCount":216,"image":{"@id":"https:\/\/www.schlosstorgelow.de\/tr\/iyi-davranis-muecadelesi-noel-agaci-yakma#primaryimage"},"thumbnailUrl":"https:\/\/www.schlosstorgelow.de\/wp-content\/uploads\/2025\/08\/christbaumverbrennen_header_st.avif","articleSection":["Torgelow Haberleri"],"inLanguage":"tr"},{"@type":"WebPage","@id":"https:\/\/www.schlosstorgelow.de\/tr\/iyi-davranis-muecadelesi-noel-agaci-yakma#webpage","url":"https:\/\/www.schlosstorgelow.de\/tr\/iyi-davranis-muecadelesi-noel-agaci-yakma","name":"\"\u0130yilik Yaratma Yar\u0131\u015f\u0131\": Noel A\u011fac\u0131 Yakma","isPartOf":{"@id":"https:\/\/www.schlosstorgelow.de\/tr#website"},"primaryImageOfPage":{"@id":"https:\/\/www.schlosstorgelow.de\/tr\/iyi-davranis-muecadelesi-noel-agaci-yakma#primaryimage"},"image":{"@id":"https:\/\/www.schlosstorgelow.de\/tr\/iyi-davranis-muecadelesi-noel-agaci-yakma#primaryimage"},"thumbnailUrl":"https:\/\/www.schlosstorgelow.de\/wp-content\/uploads\/2025\/08\/christbaumverbrennen_header_st.avif","datePublished":"2025-01-29T11:54:18+00:00","dateModified":"2026-01-12T09:34:54+00:00","author":{"@id":"https:\/\/www.schlosstorgelow.de\/tr#\/schema\/person\/b76bbb367f3a20c7ced1339e4875691e"},"description":"\"Doing Good Challenge\" projesi, Waren'deki Ecktannen huzurevindeki ziyaretleri ile her seferinde heyecan yarat\u0131yor.","breadcrumb":{"@id":"https:\/\/www.schlosstorgelow.de\/tr\/iyi-davranis-muecadelesi-noel-agaci-yakma#breadcrumb"},"inLanguage":"tr","potentialAction":[{"@type":"ReadAction","target":["https:\/\/www.schlosstorgelow.de\/tr\/iyi-davranis-muecadelesi-noel-agaci-yakma"]}]},{"@type":"ImageObject","inLanguage":"tr","@id":"https:\/\/www.schlosstorgelow.de\/tr\/iyi-davranis-muecadelesi-noel-agaci-yakma#primaryimage","url":"https:\/\/www.schlosstorgelow.de\/wp-content\/uploads\/2025\/08\/christbaumverbrennen_header_st.avif","contentUrl":"https:\/\/www.schlosstorgelow.de\/wp-content\/uploads\/2025\/08\/christbaumverbrennen_header_st.avif","width":1920,"height":1080,"caption":"\"\u0130yi \u0130\u015fler Yar\u0131\u015fmas\u0131\": A\u011fa\u00e7 Yakma"},{"@type":"BreadcrumbList","@id":"https:\/\/www.schlosstorgelow.de\/tr\/iyi-davranis-muecadelesi-noel-agaci-yakma#breadcrumb","itemListElement":[{"@type":"ListItem","position":1,"name":"Startseite","item":"https:\/\/www.schlosstorgelow.de\/tr"},{"@type":"ListItem","position":2,"name":"&#8222;\u0130yi Davran\u0131\u015f M\u00fccadelesi&#8220;: Noel A\u011fac\u0131 Yakma"}]},{"@type":"WebSite","@id":"https:\/\/www.schlosstorgelow.de\/tr#website","url":"https:\/\/www.schlosstorgelow.de\/tr","name":"Schloss Torgelow","description":"\u00d6zel yat\u0131l\u0131 lise Schloss Torgelow \u2013 zorluklar\u0131 seven \u00f6\u011frenciler i\u00e7in yat\u0131l\u0131 okul.","potentialAction":[{"@type":"SearchAction","target":{"@type":"EntryPoint","urlTemplate":"https:\/\/www.schlosstorgelow.de\/tr?s={search_term_string}"},"query-input":{"@type":"PropertyValueSpecification","valueRequired":true,"valueName":"search_term_string"}}],"inLanguage":"tr"},{"@type":"Person","@id":"https:\/\/www.schlosstorgelow.de\/tr#\/schema\/person\/b76bbb367f3a20c7ced1339e4875691e","name":"Schloss Torgelow","image":{"@type":"ImageObject","inLanguage":"tr","@id":"https:\/\/www.schlosstorgelow.de\/tr#\/schema\/person\/image\/","url":"https:\/\/secure.gravatar.com\/avatar\/4bad9bf1bee90f77b98693d3ad03ade085c80c169595427c58c58e5b069f49e1?s=96&d=mm&r=g","contentUrl":"https:\/\/secure.gravatar.com\/avatar\/4bad9bf1bee90f77b98693d3ad03ade085c80c169595427c58c58e5b069f49e1?s=96&d=mm&r=g","caption":"Schloss Torgelow"},"sameAs":["https:\/\/www.schlosstorgelow.de"]}]}},"block_visibility_meta":[],"_links":{"self":[{"href":"https:\/\/www.schlosstorgelow.de\/tr\/wp-json\/wp\/v2\/posts\/82796","targetHints":{"allow":["GET"]}}],"collection":[{"href":"https:\/\/www.schlosstorgelow.de\/tr\/wp-json\/wp\/v2\/posts"}],"about":[{"href":"https:\/\/www.schlosstorgelow.de\/tr\/wp-json\/wp\/v2\/types\/post"}],"author":[{"embeddable":true,"href":"https:\/\/www.schlosstorgelow.de\/tr\/wp-json\/wp\/v2\/users\/1"}],"replies":[{"embeddable":true,"href":"https:\/\/www.schlosstorgelow.de\/tr\/wp-json\/wp\/v2\/comments?post=82796"}],"version-history":[{"count":0,"href":"https:\/\/www.schlosstorgelow.de\/tr\/wp-json\/wp\/v2\/posts\/82796\/revisions"}],"wp:featuredmedia":[{"embeddable":true,"href":"https:\/\/www.schlosstorgelow.de\/tr\/wp-json\/wp\/v2\/media\/69065"}],"wp:attachment":[{"href":"https:\/\/www.schlosstorgelow.de\/tr\/wp-json\/wp\/v2\/media?parent=82796"}],"wp:term":[{"taxonomy":"category","embeddable":true,"href":"https:\/\/www.schlosstorgelow.de\/tr\/wp-json\/wp\/v2\/categories?post=82796"},{"taxonomy":"post_tag","embeddable":true,"href":"https:\/\/www.schlosstorgelow.de\/tr\/wp-json\/wp\/v2\/tags?post=82796"}],"curies":[{"name":"wp","href":"https:\/\/api.w.org\/{rel}","templated":true}]}}