{"id":82792,"date":"2025-02-11T22:37:26","date_gmt":"2025-02-11T22:37:26","guid":{"rendered":"https:\/\/www.schlosstorgelow.de\/saglikli-bir-baslangic-bayan-traegerin-yesil-smoothiesi"},"modified":"2026-01-12T09:34:14","modified_gmt":"2026-01-12T09:34:14","slug":"saglikli-bir-baslangic-bayan-traegerin-yesil-smoothiesi","status":"publish","type":"post","link":"https:\/\/www.schlosstorgelow.de\/tr\/saglikli-bir-baslangic-bayan-traegerin-yesil-smoothiesi","title":{"rendered":"Sa\u011fl\u0131kl\u0131 bir ba\u015flang\u0131\u00e7: Bayan Tr\u00e4ger&#8217;in &#8220;Ye\u015fil Smoothie&#8221;si"},"content":{"rendered":"\n<p><i>Bayan Tr\u00e4ger, \u015fatodaki mentorumuz ve hem\u015firelerimizden biri, her sabah sa\u011fl\u0131kl\u0131 bir \u015fekilde g\u00fcne ba\u015fl\u0131yor. Meyve sular\u0131na, smoothielere ve bowl&#8217;lara olan sevgisi, projesinin kat\u0131l\u0131mc\u0131lar\u0131 i\u00e7in de faydal\u0131 oldu: &#8220;Pi\u015firme &#8211; Smoothie B\u00fcy\u00fcs\u00fc ve Bowl Arkada\u015flar\u0131.&#8221; Obertauern&#8217;de Bayan Tr\u00e4ger, meyve sular\u0131n\u0131 da yan\u0131na alm\u0131\u015ft\u0131. Ye\u015fil bir smoothie ve &#8220;sa\u011fl\u0131kl\u0131 iyi sabah zekas\u0131&#8221; istemez misiniz? \u0130\u015fte tarif.    <\/i><\/p>\n\n<p><i><strong>Ye\u015fil Smoothie ve 1000 Varyant\u0131<\/strong><\/i><\/p>\n\n<p>G\u00fcvendi\u011finiz cihaz<\/p>\n\n<p>S\u0131kacak: Yava\u015f S\u0131kacak (Ancak y\u00fcksek g\u00fc\u00e7l\u00fc mikserle de yap\u0131labilir.)<\/p>\n\n<p><i><strong>&#8220;Ye\u015fil su&#8221;<\/strong><\/i><\/p>\n\n<p><em>Malzemeler:<\/em><\/p>\n\n<p>1 avu\u00e7 \u0131spanak, 1 avu\u00e7 maydanoz, 1 elma, yar\u0131m salatal\u0131k, b\u00fcy\u00fck\u00e7e bir par\u00e7a zencefil, 2 limon: kabuk rendesi, 1 yar\u0131m frenk so\u011fan\u0131, 4 dal kereviz ve 2 yemek ka\u015f\u0131\u011f\u0131 keten tohumu ya\u011f\u0131.<\/p>\n\n<p><em>Haz\u0131rl\u0131k:<\/em><\/p>\n\n<p>T\u00fcm malzemeleri uygun \u015fekilde soyun veya i\u015fleyin ve ard\u0131ndan meyve s\u0131kaca\u011f\u0131nda s\u0131k\u0131n. Suyu hemen i\u00e7in veya so\u011futun. \u00dc\u00e7 g\u00fcn i\u00e7inde t\u00fcketin.  <\/p>\n\n<p><em>Alternatif:<\/em><\/p>\n\n<p>Bir portakal ya da bir \u00e7eyrek ananas da ekleyebilirsiniz.<\/p>\n\n<p><i><strong>\u201eYe\u015fil Smoothie\u201c<\/strong><\/i><\/p>\n\n<p>Smoothie&#8217;ye kremsi bir bile\u015fen eklemek gerekir, \u00f6rne\u011fin bir muz veya bitki s\u00fct\u00fc. Smoothie her zaman kremsi olmal\u0131d\u0131r. Bunu dondurulmu\u015f bir malzeme ile elde edebilirsiniz.  <\/p>\n\n<p><em>Malzemeler:<\/em><\/p>\n\n<p>1 avu\u00e7 \u0131spanak, 1 avu\u00e7 maydanoz, 1 elma, yar\u0131m salatal\u0131k, 1 limonun suyu, k\u00fc\u00e7\u00fck bir par\u00e7a zencefil, 1 fincan ananas (DONDURULMU\u015e), 1 muz, hindistan cevizi suyu veya badem s\u00fct\u00fc ya da su veya konserve hindistan cevizi s\u00fct\u00fc &#8211; damak tad\u0131na g\u00f6re.<\/p>\n\n<p><em>Alternatif:<\/em><\/p>\n\n<p>Ev yap\u0131m\u0131 protein tozu ekleyin.<\/p>\n\n<p><em>Haz\u0131rl\u0131k:<\/em><\/p>\n\n<p>T\u00fcm malzemeleri uygun \u015fekilde soyun ve ard\u0131ndan meyve s\u0131kaca\u011f\u0131na koyun. Suyu hemen i\u00e7in veya so\u011futun. \u00dc\u00e7 g\u00fcn i\u00e7inde t\u00fcketin.  <\/p>\n\n<p>G\u00fcne ba\u015flamak i\u00e7in daha fazla sa\u011fl\u0131kl\u0131 tarifle ilgileniyor musunuz?<\/p>\n\n<p><a href=\"#\">kirstenschreibt@schlosstorgelow.de<\/a><\/p>\n","protected":false},"excerpt":{"rendered":"<p>\u015eubat b\u00fclteninden bu ay\u0131n tarifi: Bayan Tr\u00e4ger&#8217;in &#8220;Ye\u015fil Smoothie&#8221;si.<\/p>\n","protected":false},"author":1,"featured_media":67524,"comment_status":"closed","ping_status":"closed","sticky":false,"template":"","format":"standard","meta":{"_acf_changed":false,"_yoast_wpseo_title":"Sa\u011fl\u0131kl\u0131 bir ba\u015flang\u0131\u00e7: Bayan Tr\u00e4ger'in \"Ye\u015fil Smoothie\"si","_yoast_wpseo_metadesc":"\u015eubat B\u00fclteni'ndeki Ay\u0131n Tarifi: Bayan Tr\u00e4ger'in \"Ye\u015fil Smoothie\"si","excerpt":"\u015eubat b\u00fclteninden bu ay\u0131n tarifi: Bayan Tr\u00e4ger'in \"Ye\u015fil Smoothie\"si.","footnotes":""},"categories":[34],"tags":[],"class_list":{"0":"post-82792","1":"post","2":"type-post","3":"status-publish","4":"format-standard","5":"has-post-thumbnail","7":"category-torgelow-haberleri"},"acf":[],"yoast_head":"<!-- This site is optimized with the Yoast SEO plugin v26.9 - https:\/\/yoast.com\/product\/yoast-seo-wordpress\/ -->\n<title>Sa\u011fl\u0131kl\u0131 bir ba\u015flang\u0131\u00e7: Bayan Tr\u00e4ger&#039;in &quot;Ye\u015fil Smoothie&quot;si<\/title>\n<meta name=\"description\" content=\"\u015eubat B\u00fclteni&#039;ndeki Ay\u0131n Tarifi: Bayan Tr\u00e4ger&#039;in &quot;Ye\u015fil Smoothie&quot;si\" \/>\n<meta name=\"robots\" content=\"index, follow, max-snippet:-1, max-image-preview:large, max-video-preview:-1\" \/>\n<link rel=\"canonical\" href=\"https:\/\/www.schlosstorgelow.de\/tr\/saglikli-bir-baslangic-bayan-traegerin-yesil-smoothiesi\" \/>\n<meta property=\"og:locale\" content=\"tr_TR\" \/>\n<meta property=\"og:type\" content=\"article\" \/>\n<meta property=\"og:title\" content=\"Sa\u011fl\u0131kl\u0131 bir ba\u015flang\u0131\u00e7: Bayan Tr\u00e4ger&#039;in &quot;Ye\u015fil Smoothie&quot;si\" \/>\n<meta property=\"og:description\" content=\"\u015eubat B\u00fclteni&#039;ndeki Ay\u0131n Tarifi: Bayan Tr\u00e4ger&#039;in &quot;Ye\u015fil Smoothie&quot;si\" \/>\n<meta property=\"og:url\" content=\"https:\/\/www.schlosstorgelow.de\/tr\/saglikli-bir-baslangic-bayan-traegerin-yesil-smoothiesi\" \/>\n<meta property=\"og:site_name\" content=\"Schloss Torgelow\" \/>\n<meta property=\"article:published_time\" content=\"2025-02-11T22:37:26+00:00\" \/>\n<meta property=\"article:modified_time\" content=\"2026-01-12T09:34:14+00:00\" \/>\n<meta name=\"author\" content=\"Schloss Torgelow\" \/>\n<meta name=\"twitter:card\" content=\"summary_large_image\" \/>\n<meta name=\"twitter:label1\" content=\"Yazan:\" \/>\n\t<meta name=\"twitter:data1\" content=\"Schloss Torgelow\" \/>\n\t<meta name=\"twitter:label2\" content=\"Tahmini okuma s\u00fcresi\" \/>\n\t<meta name=\"twitter:data2\" content=\"2 dakika\" \/>\n<script type=\"application\/ld+json\" class=\"yoast-schema-graph\">{\"@context\":\"https:\/\/schema.org\",\"@graph\":[{\"@type\":\"Article\",\"@id\":\"https:\/\/www.schlosstorgelow.de\/tr\/saglikli-bir-baslangic-bayan-traegerin-yesil-smoothiesi#article\",\"isPartOf\":{\"@id\":\"https:\/\/www.schlosstorgelow.de\/tr\/saglikli-bir-baslangic-bayan-traegerin-yesil-smoothiesi\"},\"author\":{\"name\":\"Schloss Torgelow\",\"@id\":\"https:\/\/www.schlosstorgelow.de\/tr#\/schema\/person\/b76bbb367f3a20c7ced1339e4875691e\"},\"headline\":\"Sa\u011fl\u0131kl\u0131 bir ba\u015flang\u0131\u00e7: Bayan Tr\u00e4ger&#8217;in &#8220;Ye\u015fil Smoothie&#8221;si\",\"datePublished\":\"2025-02-11T22:37:26+00:00\",\"dateModified\":\"2026-01-12T09:34:14+00:00\",\"mainEntityOfPage\":{\"@id\":\"https:\/\/www.schlosstorgelow.de\/tr\/saglikli-bir-baslangic-bayan-traegerin-yesil-smoothiesi\"},\"wordCount\":329,\"image\":{\"@id\":\"https:\/\/www.schlosstorgelow.de\/tr\/saglikli-bir-baslangic-bayan-traegerin-yesil-smoothiesi#primaryimage\"},\"thumbnailUrl\":\"https:\/\/www.schlosstorgelow.de\/wp-content\/uploads\/2025\/08\/green-smoothie_header_st.avif\",\"articleSection\":[\"Torgelow Haberleri\"],\"inLanguage\":\"tr\"},{\"@type\":\"WebPage\",\"@id\":\"https:\/\/www.schlosstorgelow.de\/tr\/saglikli-bir-baslangic-bayan-traegerin-yesil-smoothiesi#webpage\",\"url\":\"https:\/\/www.schlosstorgelow.de\/tr\/saglikli-bir-baslangic-bayan-traegerin-yesil-smoothiesi\",\"name\":\"Sa\u011fl\u0131kl\u0131 bir ba\u015flang\u0131\u00e7: Bayan Tr\u00e4ger'in \\\"Ye\u015fil Smoothie\\\"si\",\"isPartOf\":{\"@id\":\"https:\/\/www.schlosstorgelow.de\/tr#website\"},\"primaryImageOfPage\":{\"@id\":\"https:\/\/www.schlosstorgelow.de\/tr\/saglikli-bir-baslangic-bayan-traegerin-yesil-smoothiesi#primaryimage\"},\"image\":{\"@id\":\"https:\/\/www.schlosstorgelow.de\/tr\/saglikli-bir-baslangic-bayan-traegerin-yesil-smoothiesi#primaryimage\"},\"thumbnailUrl\":\"https:\/\/www.schlosstorgelow.de\/wp-content\/uploads\/2025\/08\/green-smoothie_header_st.avif\",\"datePublished\":\"2025-02-11T22:37:26+00:00\",\"dateModified\":\"2026-01-12T09:34:14+00:00\",\"author\":{\"@id\":\"https:\/\/www.schlosstorgelow.de\/tr#\/schema\/person\/b76bbb367f3a20c7ced1339e4875691e\"},\"description\":\"\u015eubat B\u00fclteni'ndeki Ay\u0131n Tarifi: Bayan Tr\u00e4ger'in \\\"Ye\u015fil Smoothie\\\"si\",\"breadcrumb\":{\"@id\":\"https:\/\/www.schlosstorgelow.de\/tr\/saglikli-bir-baslangic-bayan-traegerin-yesil-smoothiesi#breadcrumb\"},\"inLanguage\":\"tr\",\"potentialAction\":[{\"@type\":\"ReadAction\",\"target\":[\"https:\/\/www.schlosstorgelow.de\/tr\/saglikli-bir-baslangic-bayan-traegerin-yesil-smoothiesi\"]}]},{\"@type\":\"ImageObject\",\"inLanguage\":\"tr\",\"@id\":\"https:\/\/www.schlosstorgelow.de\/tr\/saglikli-bir-baslangic-bayan-traegerin-yesil-smoothiesi#primaryimage\",\"url\":\"https:\/\/www.schlosstorgelow.de\/wp-content\/uploads\/2025\/08\/green-smoothie_header_st.avif\",\"contentUrl\":\"https:\/\/www.schlosstorgelow.de\/wp-content\/uploads\/2025\/08\/green-smoothie_header_st.avif\",\"width\":1920,\"height\":1080,\"caption\":\"Sa\u011fl\u0131kl\u0131 bir ba\u015flang\u0131\u00e7: Mrs. Tr\u00e4ger'in \\\"Ye\u015fil Smoothie\\\"si\"},{\"@type\":\"BreadcrumbList\",\"@id\":\"https:\/\/www.schlosstorgelow.de\/tr\/saglikli-bir-baslangic-bayan-traegerin-yesil-smoothiesi#breadcrumb\",\"itemListElement\":[{\"@type\":\"ListItem\",\"position\":1,\"name\":\"Startseite\",\"item\":\"https:\/\/www.schlosstorgelow.de\/tr\"},{\"@type\":\"ListItem\",\"position\":2,\"name\":\"Sa\u011fl\u0131kl\u0131 bir ba\u015flang\u0131\u00e7: Bayan Tr\u00e4ger&#8217;in &#8222;Ye\u015fil Smoothie&#8220;si\"}]},{\"@type\":\"WebSite\",\"@id\":\"https:\/\/www.schlosstorgelow.de\/tr#website\",\"url\":\"https:\/\/www.schlosstorgelow.de\/tr\",\"name\":\"Schloss Torgelow\",\"description\":\"\u00d6zel yat\u0131l\u0131 lise Schloss Torgelow \u2013 zorluklar\u0131 seven \u00f6\u011frenciler i\u00e7in yat\u0131l\u0131 okul.\",\"potentialAction\":[{\"@type\":\"SearchAction\",\"target\":{\"@type\":\"EntryPoint\",\"urlTemplate\":\"https:\/\/www.schlosstorgelow.de\/tr?s={search_term_string}\"},\"query-input\":{\"@type\":\"PropertyValueSpecification\",\"valueRequired\":true,\"valueName\":\"search_term_string\"}}],\"inLanguage\":\"tr\"},{\"@type\":\"Person\",\"@id\":\"https:\/\/www.schlosstorgelow.de\/tr#\/schema\/person\/b76bbb367f3a20c7ced1339e4875691e\",\"name\":\"Schloss Torgelow\",\"image\":{\"@type\":\"ImageObject\",\"inLanguage\":\"tr\",\"@id\":\"https:\/\/www.schlosstorgelow.de\/tr#\/schema\/person\/image\/\",\"url\":\"https:\/\/secure.gravatar.com\/avatar\/4bad9bf1bee90f77b98693d3ad03ade085c80c169595427c58c58e5b069f49e1?s=96&d=mm&r=g\",\"contentUrl\":\"https:\/\/secure.gravatar.com\/avatar\/4bad9bf1bee90f77b98693d3ad03ade085c80c169595427c58c58e5b069f49e1?s=96&d=mm&r=g\",\"caption\":\"Schloss Torgelow\"},\"sameAs\":[\"https:\/\/www.schlosstorgelow.de\"]}]}<\/script>\n<!-- \/ Yoast SEO plugin. -->","yoast_head_json":{"title":"Sa\u011fl\u0131kl\u0131 bir ba\u015flang\u0131\u00e7: Bayan Tr\u00e4ger'in \"Ye\u015fil Smoothie\"si","description":"\u015eubat B\u00fclteni'ndeki Ay\u0131n Tarifi: Bayan Tr\u00e4ger'in \"Ye\u015fil Smoothie\"si","robots":{"index":"index","follow":"follow","max-snippet":"max-snippet:-1","max-image-preview":"max-image-preview:large","max-video-preview":"max-video-preview:-1"},"canonical":"https:\/\/www.schlosstorgelow.de\/tr\/saglikli-bir-baslangic-bayan-traegerin-yesil-smoothiesi","og_locale":"tr_TR","og_type":"article","og_title":"Sa\u011fl\u0131kl\u0131 bir ba\u015flang\u0131\u00e7: Bayan Tr\u00e4ger'in \"Ye\u015fil Smoothie\"si","og_description":"\u015eubat B\u00fclteni'ndeki Ay\u0131n Tarifi: Bayan Tr\u00e4ger'in \"Ye\u015fil Smoothie\"si","og_url":"https:\/\/www.schlosstorgelow.de\/tr\/saglikli-bir-baslangic-bayan-traegerin-yesil-smoothiesi","og_site_name":"Schloss Torgelow","article_published_time":"2025-02-11T22:37:26+00:00","article_modified_time":"2026-01-12T09:34:14+00:00","author":"Schloss Torgelow","twitter_card":"summary_large_image","twitter_misc":{"Yazan:":"Schloss Torgelow","Tahmini okuma s\u00fcresi":"2 dakika"},"schema":{"@context":"https:\/\/schema.org","@graph":[{"@type":"Article","@id":"https:\/\/www.schlosstorgelow.de\/tr\/saglikli-bir-baslangic-bayan-traegerin-yesil-smoothiesi#article","isPartOf":{"@id":"https:\/\/www.schlosstorgelow.de\/tr\/saglikli-bir-baslangic-bayan-traegerin-yesil-smoothiesi"},"author":{"name":"Schloss Torgelow","@id":"https:\/\/www.schlosstorgelow.de\/tr#\/schema\/person\/b76bbb367f3a20c7ced1339e4875691e"},"headline":"Sa\u011fl\u0131kl\u0131 bir ba\u015flang\u0131\u00e7: Bayan Tr\u00e4ger&#8217;in &#8220;Ye\u015fil Smoothie&#8221;si","datePublished":"2025-02-11T22:37:26+00:00","dateModified":"2026-01-12T09:34:14+00:00","mainEntityOfPage":{"@id":"https:\/\/www.schlosstorgelow.de\/tr\/saglikli-bir-baslangic-bayan-traegerin-yesil-smoothiesi"},"wordCount":329,"image":{"@id":"https:\/\/www.schlosstorgelow.de\/tr\/saglikli-bir-baslangic-bayan-traegerin-yesil-smoothiesi#primaryimage"},"thumbnailUrl":"https:\/\/www.schlosstorgelow.de\/wp-content\/uploads\/2025\/08\/green-smoothie_header_st.avif","articleSection":["Torgelow Haberleri"],"inLanguage":"tr"},{"@type":"WebPage","@id":"https:\/\/www.schlosstorgelow.de\/tr\/saglikli-bir-baslangic-bayan-traegerin-yesil-smoothiesi#webpage","url":"https:\/\/www.schlosstorgelow.de\/tr\/saglikli-bir-baslangic-bayan-traegerin-yesil-smoothiesi","name":"Sa\u011fl\u0131kl\u0131 bir ba\u015flang\u0131\u00e7: Bayan Tr\u00e4ger'in \"Ye\u015fil Smoothie\"si","isPartOf":{"@id":"https:\/\/www.schlosstorgelow.de\/tr#website"},"primaryImageOfPage":{"@id":"https:\/\/www.schlosstorgelow.de\/tr\/saglikli-bir-baslangic-bayan-traegerin-yesil-smoothiesi#primaryimage"},"image":{"@id":"https:\/\/www.schlosstorgelow.de\/tr\/saglikli-bir-baslangic-bayan-traegerin-yesil-smoothiesi#primaryimage"},"thumbnailUrl":"https:\/\/www.schlosstorgelow.de\/wp-content\/uploads\/2025\/08\/green-smoothie_header_st.avif","datePublished":"2025-02-11T22:37:26+00:00","dateModified":"2026-01-12T09:34:14+00:00","author":{"@id":"https:\/\/www.schlosstorgelow.de\/tr#\/schema\/person\/b76bbb367f3a20c7ced1339e4875691e"},"description":"\u015eubat B\u00fclteni'ndeki Ay\u0131n Tarifi: Bayan Tr\u00e4ger'in \"Ye\u015fil Smoothie\"si","breadcrumb":{"@id":"https:\/\/www.schlosstorgelow.de\/tr\/saglikli-bir-baslangic-bayan-traegerin-yesil-smoothiesi#breadcrumb"},"inLanguage":"tr","potentialAction":[{"@type":"ReadAction","target":["https:\/\/www.schlosstorgelow.de\/tr\/saglikli-bir-baslangic-bayan-traegerin-yesil-smoothiesi"]}]},{"@type":"ImageObject","inLanguage":"tr","@id":"https:\/\/www.schlosstorgelow.de\/tr\/saglikli-bir-baslangic-bayan-traegerin-yesil-smoothiesi#primaryimage","url":"https:\/\/www.schlosstorgelow.de\/wp-content\/uploads\/2025\/08\/green-smoothie_header_st.avif","contentUrl":"https:\/\/www.schlosstorgelow.de\/wp-content\/uploads\/2025\/08\/green-smoothie_header_st.avif","width":1920,"height":1080,"caption":"Sa\u011fl\u0131kl\u0131 bir ba\u015flang\u0131\u00e7: Mrs. Tr\u00e4ger'in \"Ye\u015fil Smoothie\"si"},{"@type":"BreadcrumbList","@id":"https:\/\/www.schlosstorgelow.de\/tr\/saglikli-bir-baslangic-bayan-traegerin-yesil-smoothiesi#breadcrumb","itemListElement":[{"@type":"ListItem","position":1,"name":"Startseite","item":"https:\/\/www.schlosstorgelow.de\/tr"},{"@type":"ListItem","position":2,"name":"Sa\u011fl\u0131kl\u0131 bir ba\u015flang\u0131\u00e7: Bayan Tr\u00e4ger&#8217;in &#8222;Ye\u015fil Smoothie&#8220;si"}]},{"@type":"WebSite","@id":"https:\/\/www.schlosstorgelow.de\/tr#website","url":"https:\/\/www.schlosstorgelow.de\/tr","name":"Schloss Torgelow","description":"\u00d6zel yat\u0131l\u0131 lise Schloss Torgelow \u2013 zorluklar\u0131 seven \u00f6\u011frenciler i\u00e7in yat\u0131l\u0131 okul.","potentialAction":[{"@type":"SearchAction","target":{"@type":"EntryPoint","urlTemplate":"https:\/\/www.schlosstorgelow.de\/tr?s={search_term_string}"},"query-input":{"@type":"PropertyValueSpecification","valueRequired":true,"valueName":"search_term_string"}}],"inLanguage":"tr"},{"@type":"Person","@id":"https:\/\/www.schlosstorgelow.de\/tr#\/schema\/person\/b76bbb367f3a20c7ced1339e4875691e","name":"Schloss Torgelow","image":{"@type":"ImageObject","inLanguage":"tr","@id":"https:\/\/www.schlosstorgelow.de\/tr#\/schema\/person\/image\/","url":"https:\/\/secure.gravatar.com\/avatar\/4bad9bf1bee90f77b98693d3ad03ade085c80c169595427c58c58e5b069f49e1?s=96&d=mm&r=g","contentUrl":"https:\/\/secure.gravatar.com\/avatar\/4bad9bf1bee90f77b98693d3ad03ade085c80c169595427c58c58e5b069f49e1?s=96&d=mm&r=g","caption":"Schloss Torgelow"},"sameAs":["https:\/\/www.schlosstorgelow.de"]}]}},"block_visibility_meta":[],"_links":{"self":[{"href":"https:\/\/www.schlosstorgelow.de\/tr\/wp-json\/wp\/v2\/posts\/82792","targetHints":{"allow":["GET"]}}],"collection":[{"href":"https:\/\/www.schlosstorgelow.de\/tr\/wp-json\/wp\/v2\/posts"}],"about":[{"href":"https:\/\/www.schlosstorgelow.de\/tr\/wp-json\/wp\/v2\/types\/post"}],"author":[{"embeddable":true,"href":"https:\/\/www.schlosstorgelow.de\/tr\/wp-json\/wp\/v2\/users\/1"}],"replies":[{"embeddable":true,"href":"https:\/\/www.schlosstorgelow.de\/tr\/wp-json\/wp\/v2\/comments?post=82792"}],"version-history":[{"count":0,"href":"https:\/\/www.schlosstorgelow.de\/tr\/wp-json\/wp\/v2\/posts\/82792\/revisions"}],"wp:featuredmedia":[{"embeddable":true,"href":"https:\/\/www.schlosstorgelow.de\/tr\/wp-json\/wp\/v2\/media\/67524"}],"wp:attachment":[{"href":"https:\/\/www.schlosstorgelow.de\/tr\/wp-json\/wp\/v2\/media?parent=82792"}],"wp:term":[{"taxonomy":"category","embeddable":true,"href":"https:\/\/www.schlosstorgelow.de\/tr\/wp-json\/wp\/v2\/categories?post=82792"},{"taxonomy":"post_tag","embeddable":true,"href":"https:\/\/www.schlosstorgelow.de\/tr\/wp-json\/wp\/v2\/tags?post=82792"}],"curies":[{"name":"wp","href":"https:\/\/api.w.org\/{rel}","templated":true}]}}