{"id":82788,"date":"2025-03-03T09:40:46","date_gmt":"2025-03-03T09:40:46","guid":{"rendered":"https:\/\/www.schlosstorgelow.de\/matematik-sampiyonlari-yolda-birincilik-torgelow-am-seeye-gidiyor"},"modified":"2026-01-23T10:55:18","modified_gmt":"2026-01-23T10:55:18","slug":"matematik-sampiyonlari-yolda-birincilik-torgelow-am-seeye-gidiyor","status":"publish","type":"post","link":"https:\/\/www.schlosstorgelow.de\/tr\/matematik-sampiyonlari-yolda-birincilik-torgelow-am-seeye-gidiyor","title":{"rendered":"Matematik \u015eampiyonlar\u0131 yolda: Birincilik Torgelow am See&#8217;ye gidiyor!"},"content":{"rendered":"\n<p><i>21 ve 22 \u015eubat 2025 tarihlerinde 64. Mali Tur ger\u00e7ekle\u015ftirildi.   <\/i><a href=\"https:\/\/www.mathe-wettbewerbe.de\/mathematik-olympiade\/\"><i>Matematik Olimpiyat\u0131<\/i><\/a><i> Almanya&#8217;n\u0131n tamam\u0131nda ger\u00e7ekle\u015fiyor. Mecklenburg-Vorpommern&#8217;de 194 matematik yetene\u011fi yeteneklerini sergiledi &#8211; bunlar aras\u0131nda Rostock&#8217;ta tamamen konsantre bir \u015fekilde \u00e7al\u0131\u015fan Torgelow Yat\u0131l\u0131 Okulu&#8217;ndan Vivianne, Thomas, Lisa ve Kewen de bulunuyor. <\/i><\/p>\n\n<p>Matematik Olimpiyatlar\u0131, her y\u0131l yakla\u015f\u0131k 200.000 \u00f6\u011frencinin kat\u0131ld\u0131\u011f\u0131 ulusal bir yar\u0131\u015fmad\u0131r. Olimpiyat, tam da olimpik mottoda oldu\u011fu gibi &#8220;Orada olmak her \u015feydir&#8221;, \u00f6ncelikle zorluklar\u0131n keyfini \u00e7\u0131karmak ve di\u011fer matematik merakl\u0131lar\u0131yla bulu\u015fmakla ilgilidir. Olimpiyat, zorluk seviyesinin her turda artt\u0131\u011f\u0131 birka\u00e7 a\u015famadan olu\u015fur &#8211; 8. s\u0131n\u0131ftan itibaren en iyi matematik\u00e7iler i\u00e7in final a\u015famas\u0131 olarak kabul edilen ulusal a\u015fama ile zirveye ula\u015f\u0131r.  <\/p>\n\n<p>Simone Oldenburg, Mecklenburg-Vorpommern E\u011fitim Bakan\u0131, kat\u0131l\u0131mc\u0131lar\u0131 \u00f6vd\u00fc: &#8220;Eyalet a\u015famas\u0131na ula\u015fan herkes kendisiyle gurur duymal\u0131!&#8221; B\u00f6lgesel tura, Mecklenburg-Vorpommern genelinde 1.800 yetenekli \u00f6\u011frenci kat\u0131ld\u0131. E\u011fitim bakan\u0131 \u015f\u00f6yle devam etti: &#8220;Yar\u0131\u015fmalar, yetenek geli\u015fiminin \u00f6nemli bir par\u00e7as\u0131d\u0131r. \u00c7ocuklar\u0131n ve gen\u00e7lerin yeteneklerini geli\u015ftirmelerine yard\u0131mc\u0131 olurlar.&#8221; Schloss Torgelow pansiyonu, eyalet a\u015famas\u0131nda d\u00f6rt \u00f6\u011frenci ile temsil edildi.   <\/p>\n\n<p>Saatlerce hesaplama, mant\u0131k y\u00fcr\u00fctme ve yarat\u0131c\u0131 \u00e7\u00f6z\u00fcm stratejileri sonras\u0131 en iyiler \u00f6d\u00fcllendirildi. Okulumuz i\u00e7in harika bir ba\u015far\u0131: Kewen (10. s\u0131n\u0131f) birincilik \u00f6d\u00fcl\u00fcn\u00fc kazand\u0131! Kewen&#8217;in umar\u0131z \u015fimdi b\u00f6lge turuna ge\u00e7i\u015f yapmas\u0131 m\u00fcmk\u00fcn olur. Ona s\u0131k\u0131 s\u0131k\u0131 ba\u015far\u0131 diliyoruz.   <\/p>\n\n<p>T\u00fcm kat\u0131l\u0131mc\u0131lara ve Kewen&#8217;e tebrikler &#8211; sizlerle gurur duyuyoruz!<\/p>\n","protected":false},"excerpt":{"rendered":"<p>64. Matematik Olimpiyatlar\u0131 Eyalet A\u015famas\u0131&#8217;nda birincilik bu y\u0131l Torgelow G\u00f6l\u00fc&#8217;ne gidiyor.<\/p>\n","protected":false},"author":1,"featured_media":44126,"comment_status":"closed","ping_status":"closed","sticky":false,"template":"","format":"standard","meta":{"_acf_changed":false,"_yoast_wpseo_title":"Matematik \u015eampiyonlar\u0131: 1. \u00f6d\u00fcl Torgelow'a gidiyor.","_yoast_wpseo_metadesc":"64. Matematik Olimpiyatlar\u0131 eyalet turunda bu y\u0131l birincilik Torgelow am See'ye gitti.","excerpt":"64. Matematik Olimpiyatlar\u0131 eyalet turunda bu y\u0131l birincilik Torgelow am See'ye gitti.","footnotes":""},"categories":[34],"tags":[],"class_list":{"0":"post-82788","1":"post","2":"type-post","3":"status-publish","4":"format-standard","5":"has-post-thumbnail","7":"category-torgelow-haberleri"},"acf":[],"yoast_head":"<!-- This site is optimized with the Yoast SEO plugin v26.9 - https:\/\/yoast.com\/product\/yoast-seo-wordpress\/ -->\n<title>Matematik \u015eampiyonlar\u0131: 1. \u00f6d\u00fcl Torgelow&#039;a gidiyor.<\/title>\n<meta name=\"description\" content=\"64. Matematik Olimpiyatlar\u0131 eyalet turunda bu y\u0131l birincilik Torgelow am See&#039;ye gitti.\" \/>\n<meta name=\"robots\" content=\"index, follow, max-snippet:-1, max-image-preview:large, max-video-preview:-1\" \/>\n<link rel=\"canonical\" href=\"https:\/\/www.schlosstorgelow.de\/tr\/matematik-sampiyonlari-yolda-birincilik-torgelow-am-seeye-gidiyor\" \/>\n<meta property=\"og:locale\" content=\"tr_TR\" \/>\n<meta property=\"og:type\" content=\"article\" \/>\n<meta property=\"og:title\" content=\"Matematik \u015eampiyonlar\u0131: 1. \u00f6d\u00fcl Torgelow&#039;a gidiyor.\" \/>\n<meta property=\"og:description\" content=\"64. Matematik Olimpiyatlar\u0131 eyalet turunda bu y\u0131l birincilik Torgelow am See&#039;ye gitti.\" \/>\n<meta property=\"og:url\" content=\"https:\/\/www.schlosstorgelow.de\/tr\/matematik-sampiyonlari-yolda-birincilik-torgelow-am-seeye-gidiyor\" \/>\n<meta property=\"og:site_name\" content=\"Schloss Torgelow\" \/>\n<meta property=\"article:published_time\" content=\"2025-03-03T09:40:46+00:00\" \/>\n<meta property=\"article:modified_time\" content=\"2026-01-23T10:55:18+00:00\" \/>\n<meta name=\"author\" content=\"Schloss Torgelow\" \/>\n<meta name=\"twitter:card\" content=\"summary_large_image\" \/>\n<meta name=\"twitter:label1\" content=\"Yazan:\" \/>\n\t<meta name=\"twitter:data1\" content=\"Schloss Torgelow\" \/>\n\t<meta name=\"twitter:label2\" content=\"Tahmini okuma s\u00fcresi\" \/>\n\t<meta name=\"twitter:data2\" content=\"1 dakika\" \/>\n<script type=\"application\/ld+json\" class=\"yoast-schema-graph\">{\"@context\":\"https:\/\/schema.org\",\"@graph\":[{\"@type\":\"Article\",\"@id\":\"https:\/\/www.schlosstorgelow.de\/tr\/matematik-sampiyonlari-yolda-birincilik-torgelow-am-seeye-gidiyor#article\",\"isPartOf\":{\"@id\":\"https:\/\/www.schlosstorgelow.de\/tr\/matematik-sampiyonlari-yolda-birincilik-torgelow-am-seeye-gidiyor\"},\"author\":{\"name\":\"Schloss Torgelow\",\"@id\":\"https:\/\/www.schlosstorgelow.de\/tr#\/schema\/person\/b76bbb367f3a20c7ced1339e4875691e\"},\"headline\":\"Matematik \u015eampiyonlar\u0131 yolda: Birincilik Torgelow am See&#8217;ye gidiyor!\",\"datePublished\":\"2025-03-03T09:40:46+00:00\",\"dateModified\":\"2026-01-23T10:55:18+00:00\",\"mainEntityOfPage\":{\"@id\":\"https:\/\/www.schlosstorgelow.de\/tr\/matematik-sampiyonlari-yolda-birincilik-torgelow-am-seeye-gidiyor\"},\"wordCount\":277,\"image\":{\"@id\":\"https:\/\/www.schlosstorgelow.de\/tr\/matematik-sampiyonlari-yolda-birincilik-torgelow-am-seeye-gidiyor#primaryimage\"},\"thumbnailUrl\":\"https:\/\/www.schlosstorgelow.de\/wp-content\/uploads\/2025\/07\/matheolympiade-2025_header_st.avif\",\"articleSection\":[\"Torgelow Haberleri\"],\"inLanguage\":\"tr\"},{\"@type\":\"WebPage\",\"@id\":\"https:\/\/www.schlosstorgelow.de\/tr\/matematik-sampiyonlari-yolda-birincilik-torgelow-am-seeye-gidiyor#webpage\",\"url\":\"https:\/\/www.schlosstorgelow.de\/tr\/matematik-sampiyonlari-yolda-birincilik-torgelow-am-seeye-gidiyor\",\"name\":\"Matematik \u015eampiyonlar\u0131: 1. \u00f6d\u00fcl Torgelow'a gidiyor.\",\"isPartOf\":{\"@id\":\"https:\/\/www.schlosstorgelow.de\/tr#website\"},\"primaryImageOfPage\":{\"@id\":\"https:\/\/www.schlosstorgelow.de\/tr\/matematik-sampiyonlari-yolda-birincilik-torgelow-am-seeye-gidiyor#primaryimage\"},\"image\":{\"@id\":\"https:\/\/www.schlosstorgelow.de\/tr\/matematik-sampiyonlari-yolda-birincilik-torgelow-am-seeye-gidiyor#primaryimage\"},\"thumbnailUrl\":\"https:\/\/www.schlosstorgelow.de\/wp-content\/uploads\/2025\/07\/matheolympiade-2025_header_st.avif\",\"datePublished\":\"2025-03-03T09:40:46+00:00\",\"dateModified\":\"2026-01-23T10:55:18+00:00\",\"author\":{\"@id\":\"https:\/\/www.schlosstorgelow.de\/tr#\/schema\/person\/b76bbb367f3a20c7ced1339e4875691e\"},\"description\":\"64. Matematik Olimpiyatlar\u0131 eyalet turunda bu y\u0131l birincilik Torgelow am See'ye gitti.\",\"breadcrumb\":{\"@id\":\"https:\/\/www.schlosstorgelow.de\/tr\/matematik-sampiyonlari-yolda-birincilik-torgelow-am-seeye-gidiyor#breadcrumb\"},\"inLanguage\":\"tr\",\"potentialAction\":[{\"@type\":\"ReadAction\",\"target\":[\"https:\/\/www.schlosstorgelow.de\/tr\/matematik-sampiyonlari-yolda-birincilik-torgelow-am-seeye-gidiyor\"]}]},{\"@type\":\"ImageObject\",\"inLanguage\":\"tr\",\"@id\":\"https:\/\/www.schlosstorgelow.de\/tr\/matematik-sampiyonlari-yolda-birincilik-torgelow-am-seeye-gidiyor#primaryimage\",\"url\":\"https:\/\/www.schlosstorgelow.de\/wp-content\/uploads\/2025\/07\/matheolympiade-2025_header_st.avif\",\"contentUrl\":\"https:\/\/www.schlosstorgelow.de\/wp-content\/uploads\/2025\/07\/matheolympiade-2025_header_st.avif\",\"width\":1920,\"height\":1080,\"caption\":\"Matematik \u015eampiyonlar\u0131 yolda: Birincilik Torgelow am See'ye gidiyor!\"},{\"@type\":\"BreadcrumbList\",\"@id\":\"https:\/\/www.schlosstorgelow.de\/tr\/matematik-sampiyonlari-yolda-birincilik-torgelow-am-seeye-gidiyor#breadcrumb\",\"itemListElement\":[{\"@type\":\"ListItem\",\"position\":1,\"name\":\"Startseite\",\"item\":\"https:\/\/www.schlosstorgelow.de\/tr\"},{\"@type\":\"ListItem\",\"position\":2,\"name\":\"Matematik \u015eampiyonlar\u0131 yolda: Birincilik Torgelow am See&#8217;ye gidiyor!\"}]},{\"@type\":\"WebSite\",\"@id\":\"https:\/\/www.schlosstorgelow.de\/tr#website\",\"url\":\"https:\/\/www.schlosstorgelow.de\/tr\",\"name\":\"Schloss Torgelow\",\"description\":\"\u00d6zel yat\u0131l\u0131 lise Schloss Torgelow \u2013 zorluklar\u0131 seven \u00f6\u011frenciler i\u00e7in yat\u0131l\u0131 okul.\",\"potentialAction\":[{\"@type\":\"SearchAction\",\"target\":{\"@type\":\"EntryPoint\",\"urlTemplate\":\"https:\/\/www.schlosstorgelow.de\/tr?s={search_term_string}\"},\"query-input\":{\"@type\":\"PropertyValueSpecification\",\"valueRequired\":true,\"valueName\":\"search_term_string\"}}],\"inLanguage\":\"tr\"},{\"@type\":\"Person\",\"@id\":\"https:\/\/www.schlosstorgelow.de\/tr#\/schema\/person\/b76bbb367f3a20c7ced1339e4875691e\",\"name\":\"Schloss Torgelow\",\"image\":{\"@type\":\"ImageObject\",\"inLanguage\":\"tr\",\"@id\":\"https:\/\/www.schlosstorgelow.de\/tr#\/schema\/person\/image\/\",\"url\":\"https:\/\/secure.gravatar.com\/avatar\/4bad9bf1bee90f77b98693d3ad03ade085c80c169595427c58c58e5b069f49e1?s=96&d=mm&r=g\",\"contentUrl\":\"https:\/\/secure.gravatar.com\/avatar\/4bad9bf1bee90f77b98693d3ad03ade085c80c169595427c58c58e5b069f49e1?s=96&d=mm&r=g\",\"caption\":\"Schloss Torgelow\"},\"sameAs\":[\"https:\/\/www.schlosstorgelow.de\"]}]}<\/script>\n<!-- \/ Yoast SEO plugin. -->","yoast_head_json":{"title":"Matematik \u015eampiyonlar\u0131: 1. \u00f6d\u00fcl Torgelow'a gidiyor.","description":"64. Matematik Olimpiyatlar\u0131 eyalet turunda bu y\u0131l birincilik Torgelow am See'ye gitti.","robots":{"index":"index","follow":"follow","max-snippet":"max-snippet:-1","max-image-preview":"max-image-preview:large","max-video-preview":"max-video-preview:-1"},"canonical":"https:\/\/www.schlosstorgelow.de\/tr\/matematik-sampiyonlari-yolda-birincilik-torgelow-am-seeye-gidiyor","og_locale":"tr_TR","og_type":"article","og_title":"Matematik \u015eampiyonlar\u0131: 1. \u00f6d\u00fcl Torgelow'a gidiyor.","og_description":"64. Matematik Olimpiyatlar\u0131 eyalet turunda bu y\u0131l birincilik Torgelow am See'ye gitti.","og_url":"https:\/\/www.schlosstorgelow.de\/tr\/matematik-sampiyonlari-yolda-birincilik-torgelow-am-seeye-gidiyor","og_site_name":"Schloss Torgelow","article_published_time":"2025-03-03T09:40:46+00:00","article_modified_time":"2026-01-23T10:55:18+00:00","author":"Schloss Torgelow","twitter_card":"summary_large_image","twitter_misc":{"Yazan:":"Schloss Torgelow","Tahmini okuma s\u00fcresi":"1 dakika"},"schema":{"@context":"https:\/\/schema.org","@graph":[{"@type":"Article","@id":"https:\/\/www.schlosstorgelow.de\/tr\/matematik-sampiyonlari-yolda-birincilik-torgelow-am-seeye-gidiyor#article","isPartOf":{"@id":"https:\/\/www.schlosstorgelow.de\/tr\/matematik-sampiyonlari-yolda-birincilik-torgelow-am-seeye-gidiyor"},"author":{"name":"Schloss Torgelow","@id":"https:\/\/www.schlosstorgelow.de\/tr#\/schema\/person\/b76bbb367f3a20c7ced1339e4875691e"},"headline":"Matematik \u015eampiyonlar\u0131 yolda: Birincilik Torgelow am See&#8217;ye gidiyor!","datePublished":"2025-03-03T09:40:46+00:00","dateModified":"2026-01-23T10:55:18+00:00","mainEntityOfPage":{"@id":"https:\/\/www.schlosstorgelow.de\/tr\/matematik-sampiyonlari-yolda-birincilik-torgelow-am-seeye-gidiyor"},"wordCount":277,"image":{"@id":"https:\/\/www.schlosstorgelow.de\/tr\/matematik-sampiyonlari-yolda-birincilik-torgelow-am-seeye-gidiyor#primaryimage"},"thumbnailUrl":"https:\/\/www.schlosstorgelow.de\/wp-content\/uploads\/2025\/07\/matheolympiade-2025_header_st.avif","articleSection":["Torgelow Haberleri"],"inLanguage":"tr"},{"@type":"WebPage","@id":"https:\/\/www.schlosstorgelow.de\/tr\/matematik-sampiyonlari-yolda-birincilik-torgelow-am-seeye-gidiyor#webpage","url":"https:\/\/www.schlosstorgelow.de\/tr\/matematik-sampiyonlari-yolda-birincilik-torgelow-am-seeye-gidiyor","name":"Matematik \u015eampiyonlar\u0131: 1. \u00f6d\u00fcl Torgelow'a gidiyor.","isPartOf":{"@id":"https:\/\/www.schlosstorgelow.de\/tr#website"},"primaryImageOfPage":{"@id":"https:\/\/www.schlosstorgelow.de\/tr\/matematik-sampiyonlari-yolda-birincilik-torgelow-am-seeye-gidiyor#primaryimage"},"image":{"@id":"https:\/\/www.schlosstorgelow.de\/tr\/matematik-sampiyonlari-yolda-birincilik-torgelow-am-seeye-gidiyor#primaryimage"},"thumbnailUrl":"https:\/\/www.schlosstorgelow.de\/wp-content\/uploads\/2025\/07\/matheolympiade-2025_header_st.avif","datePublished":"2025-03-03T09:40:46+00:00","dateModified":"2026-01-23T10:55:18+00:00","author":{"@id":"https:\/\/www.schlosstorgelow.de\/tr#\/schema\/person\/b76bbb367f3a20c7ced1339e4875691e"},"description":"64. Matematik Olimpiyatlar\u0131 eyalet turunda bu y\u0131l birincilik Torgelow am See'ye gitti.","breadcrumb":{"@id":"https:\/\/www.schlosstorgelow.de\/tr\/matematik-sampiyonlari-yolda-birincilik-torgelow-am-seeye-gidiyor#breadcrumb"},"inLanguage":"tr","potentialAction":[{"@type":"ReadAction","target":["https:\/\/www.schlosstorgelow.de\/tr\/matematik-sampiyonlari-yolda-birincilik-torgelow-am-seeye-gidiyor"]}]},{"@type":"ImageObject","inLanguage":"tr","@id":"https:\/\/www.schlosstorgelow.de\/tr\/matematik-sampiyonlari-yolda-birincilik-torgelow-am-seeye-gidiyor#primaryimage","url":"https:\/\/www.schlosstorgelow.de\/wp-content\/uploads\/2025\/07\/matheolympiade-2025_header_st.avif","contentUrl":"https:\/\/www.schlosstorgelow.de\/wp-content\/uploads\/2025\/07\/matheolympiade-2025_header_st.avif","width":1920,"height":1080,"caption":"Matematik \u015eampiyonlar\u0131 yolda: Birincilik Torgelow am See'ye gidiyor!"},{"@type":"BreadcrumbList","@id":"https:\/\/www.schlosstorgelow.de\/tr\/matematik-sampiyonlari-yolda-birincilik-torgelow-am-seeye-gidiyor#breadcrumb","itemListElement":[{"@type":"ListItem","position":1,"name":"Startseite","item":"https:\/\/www.schlosstorgelow.de\/tr"},{"@type":"ListItem","position":2,"name":"Matematik \u015eampiyonlar\u0131 yolda: Birincilik Torgelow am See&#8217;ye gidiyor!"}]},{"@type":"WebSite","@id":"https:\/\/www.schlosstorgelow.de\/tr#website","url":"https:\/\/www.schlosstorgelow.de\/tr","name":"Schloss Torgelow","description":"\u00d6zel yat\u0131l\u0131 lise Schloss Torgelow \u2013 zorluklar\u0131 seven \u00f6\u011frenciler i\u00e7in yat\u0131l\u0131 okul.","potentialAction":[{"@type":"SearchAction","target":{"@type":"EntryPoint","urlTemplate":"https:\/\/www.schlosstorgelow.de\/tr?s={search_term_string}"},"query-input":{"@type":"PropertyValueSpecification","valueRequired":true,"valueName":"search_term_string"}}],"inLanguage":"tr"},{"@type":"Person","@id":"https:\/\/www.schlosstorgelow.de\/tr#\/schema\/person\/b76bbb367f3a20c7ced1339e4875691e","name":"Schloss Torgelow","image":{"@type":"ImageObject","inLanguage":"tr","@id":"https:\/\/www.schlosstorgelow.de\/tr#\/schema\/person\/image\/","url":"https:\/\/secure.gravatar.com\/avatar\/4bad9bf1bee90f77b98693d3ad03ade085c80c169595427c58c58e5b069f49e1?s=96&d=mm&r=g","contentUrl":"https:\/\/secure.gravatar.com\/avatar\/4bad9bf1bee90f77b98693d3ad03ade085c80c169595427c58c58e5b069f49e1?s=96&d=mm&r=g","caption":"Schloss Torgelow"},"sameAs":["https:\/\/www.schlosstorgelow.de"]}]}},"block_visibility_meta":[],"_links":{"self":[{"href":"https:\/\/www.schlosstorgelow.de\/tr\/wp-json\/wp\/v2\/posts\/82788","targetHints":{"allow":["GET"]}}],"collection":[{"href":"https:\/\/www.schlosstorgelow.de\/tr\/wp-json\/wp\/v2\/posts"}],"about":[{"href":"https:\/\/www.schlosstorgelow.de\/tr\/wp-json\/wp\/v2\/types\/post"}],"author":[{"embeddable":true,"href":"https:\/\/www.schlosstorgelow.de\/tr\/wp-json\/wp\/v2\/users\/1"}],"replies":[{"embeddable":true,"href":"https:\/\/www.schlosstorgelow.de\/tr\/wp-json\/wp\/v2\/comments?post=82788"}],"version-history":[{"count":0,"href":"https:\/\/www.schlosstorgelow.de\/tr\/wp-json\/wp\/v2\/posts\/82788\/revisions"}],"wp:featuredmedia":[{"embeddable":true,"href":"https:\/\/www.schlosstorgelow.de\/tr\/wp-json\/wp\/v2\/media\/44126"}],"wp:attachment":[{"href":"https:\/\/www.schlosstorgelow.de\/tr\/wp-json\/wp\/v2\/media?parent=82788"}],"wp:term":[{"taxonomy":"category","embeddable":true,"href":"https:\/\/www.schlosstorgelow.de\/tr\/wp-json\/wp\/v2\/categories?post=82788"},{"taxonomy":"post_tag","embeddable":true,"href":"https:\/\/www.schlosstorgelow.de\/tr\/wp-json\/wp\/v2\/tags?post=82788"}],"curies":[{"name":"wp","href":"https:\/\/api.w.org\/{rel}","templated":true}]}}