{"id":82776,"date":"2025-03-24T15:22:58","date_gmt":"2025-03-24T15:22:58","guid":{"rendered":"https:\/\/www.schlosstorgelow.de\/sadece-optimistler-icin-foodtruck-projesi-zorlu-kalmaya-devam-ediyor"},"modified":"2026-01-23T11:20:38","modified_gmt":"2026-01-23T11:20:38","slug":"sadece-optimistler-icin-foodtruck-projesi-zorlu-kalmaya-devam-ediyor","status":"publish","type":"post","link":"https:\/\/www.schlosstorgelow.de\/tr\/sadece-optimistler-icin-foodtruck-projesi-zorlu-kalmaya-devam-ediyor","title":{"rendered":"Sadece optimistler i\u00e7in &#8211; foodtruck projesi zorlu kalmaya devam ediyor"},"content":{"rendered":"\n<p><i>\u0130yi \u015feylerin zaman ald\u0131\u011f\u0131n\u0131 s\u00f6ylerler \u2013 ama tam olarak ne kadar zaman? &#8220;Sadece \u0130yimserler \u0130\u00e7in&#8221; adl\u0131 yemek arac\u0131 \u015fu anda uzun bir yenileme a\u015famas\u0131nda. Planlanan yeniden canland\u0131rma, teknik konularda deneyimsiz olan sahibi i\u00e7in giderek daha fazla bir zorluk haline geliyor ve sonunun ne zaman gelece\u011fi h\u00e2l\u00e2 belirsiz.  <\/i><\/p>\n\n<p><strong>Sab\u0131rl\u0131 olmak gerekir<\/strong><\/p>\n\n<p>Foodtruck&#8217;un yenileme i\u015flemi, i\u00e7 k\u0131s\u0131mda eski boya katmanlar\u0131, mutfak kal\u0131nt\u0131lar\u0131 ve paslardan kurtulmak i\u00e7in yo\u011fun kumlama \u00e7al\u0131\u015fmalar\u0131 ile ba\u015flad\u0131. Ard\u0131ndan, hasar g\u00f6rm\u00fc\u015f t\u00fcm sac metal par\u00e7alar\u0131 \u00e7\u0131kar\u0131ld\u0131. \u015eimdi a\u00e7\u0131\u011fa \u00e7\u0131kan \u00e7er\u00e7eve yap\u0131s\u0131, \u00f6zel bir pas \u00f6nleyici ve bak\u0131m ya\u011f\u0131 ile i\u015flenmeliydi. Bu ya\u011f, y\u00fczeylere derinlemesine n\u00fcfuz ederek pas olu\u015fumunu durdurur ve sonraki korozyon koruma katmanlar\u0131 i\u00e7in bir zemin haz\u0131rlar. Ancak burada bir sorun vard\u0131: Kuruma s\u00fcreci uzad\u0131.    <\/p>\n\n<p><strong>Uzun Bekleyi\u015f<\/strong><\/p>\n\n<p>Son haftalarda s\u00fcregelen d\u00fc\u015f\u00fck s\u0131cakl\u0131klar, kuruma s\u00fcrecini \u00f6nemli \u00f6l\u00e7\u00fcde erteledi. Tam anlam\u0131yla sertle\u015fme olmadan, bir sonraki koruyucu kaplama katman\u0131 uygulanamad\u0131. Ancak hava yava\u015f yava\u015f d\u00fczeldi ve bu a\u015fama da tamamland\u0131. Art\u0131k karoseri ustas\u0131, zemin yap\u0131s\u0131n\u0131n yeniden in\u015fas\u0131na odaklanabilir. Mevcut \u015fasiye kaynak yap\u0131lacak \u015fekilde paslanmaz \u00e7elik profillerden yeni bir yard\u0131mc\u0131 \u015fasi \u00f6zel olarak \u00fcretilecek, b\u00f6ylece yeni kontrplak zemin i\u00e7in sa\u011flam bir temel olu\u015fturulacak.    <\/p>\n\n<p><strong>Ve sonra?<\/strong><\/p>\n\n<p>Sonra i\u00e7 mekan in\u015faat\u0131 ve di\u011fer \u00f6nemli kararlarla devam m\u0131 ediyor? Tam olarak ne yapabilmeli? Pizza? Burger? Krepler? Tacos? Kek? Bir\u00e7ok soru i\u015fareti var ve hen\u00fcz kesin bir cevap yok.       <\/p>\n\n<p><strong>Uzun Nefes<\/strong><\/p>\n\n<p>Umar\u0131m &#8220;Sadece \u0130yimserler \u0130\u00e7in&#8221; kamyonu yak\u0131nda yeniden parlak bir \u015fekilde ortaya \u00e7\u0131kar. \u015eu anda daha \u00e7ok uzun vadeli bir in\u015faat alan\u0131 gibi g\u00f6r\u00fcn\u00fcyor. Food truck&#8217;un ne zaman ger\u00e7ekten yola \u00e7\u0131kaca\u011f\u0131 belirsiz. Motivasyon var, ama gerekli \u00e7ok say\u0131da bak\u0131m \u00e7al\u0131\u015fmas\u0131 i\u015fleri zorla\u015ft\u0131r\u0131yor.   <\/p>\n","protected":false},"excerpt":{"rendered":"<p>\u0130yi \u015feylerin zaman ald\u0131\u011f\u0131n\u0131 s\u00f6ylerler &#8211; ama ne kadar zaman tam olarak? &#8220;Sadece \u0130yimserler \u0130\u00e7in&#8221; adl\u0131 yiyecek kamyonu \u015fu anda uzun bir yenileme a\u015famas\u0131nda. <\/p>\n","protected":false},"author":1,"featured_media":71256,"comment_status":"closed","ping_status":"closed","sticky":false,"template":"","format":"standard","meta":{"_acf_changed":false,"_yoast_wpseo_title":"Sadece optimistler i\u00e7in - foodtruck projesi zorlu kalmaya devam ediyor.","_yoast_wpseo_metadesc":"\u0130yi \u015feylerin zaman ald\u0131\u011f\u0131n\u0131 s\u00f6ylerler - ama tam olarak ne kadar zaman? \"Sadece \u0130yimserler \u0130\u00e7in\" adl\u0131 yemek kamyonu \u015fu anda uzun bir yenileme s\u00fcrecinde.","excerpt":"Man sagt, dass gute Dinge Zeit brauchen \u2013 aber wie viel Zeit genau? Der Foodtruck \"Nur f\u00fcr Optimisten\" steckt derzeit in einer langen Renovierungsphase. ","footnotes":""},"categories":[34],"tags":[],"class_list":{"0":"post-82776","1":"post","2":"type-post","3":"status-publish","4":"format-standard","5":"has-post-thumbnail","7":"category-torgelow-haberleri"},"acf":[],"yoast_head":"<!-- This site is optimized with the Yoast SEO plugin v26.9 - https:\/\/yoast.com\/product\/yoast-seo-wordpress\/ -->\n<title>Sadece optimistler i\u00e7in - foodtruck projesi zorlu kalmaya devam ediyor.<\/title>\n<meta name=\"description\" content=\"\u0130yi \u015feylerin zaman ald\u0131\u011f\u0131n\u0131 s\u00f6ylerler - ama tam olarak ne kadar zaman? &quot;Sadece \u0130yimserler \u0130\u00e7in&quot; adl\u0131 yemek kamyonu \u015fu anda uzun bir yenileme s\u00fcrecinde.\" \/>\n<meta name=\"robots\" content=\"index, follow, max-snippet:-1, max-image-preview:large, max-video-preview:-1\" \/>\n<link rel=\"canonical\" href=\"https:\/\/www.schlosstorgelow.de\/tr\/sadece-optimistler-icin-foodtruck-projesi-zorlu-kalmaya-devam-ediyor\" \/>\n<meta property=\"og:locale\" content=\"tr_TR\" \/>\n<meta property=\"og:type\" content=\"article\" \/>\n<meta property=\"og:title\" content=\"Sadece optimistler i\u00e7in - foodtruck projesi zorlu kalmaya devam ediyor.\" \/>\n<meta property=\"og:description\" content=\"\u0130yi \u015feylerin zaman ald\u0131\u011f\u0131n\u0131 s\u00f6ylerler - ama tam olarak ne kadar zaman? &quot;Sadece \u0130yimserler \u0130\u00e7in&quot; adl\u0131 yemek kamyonu \u015fu anda uzun bir yenileme s\u00fcrecinde.\" \/>\n<meta property=\"og:url\" content=\"https:\/\/www.schlosstorgelow.de\/tr\/sadece-optimistler-icin-foodtruck-projesi-zorlu-kalmaya-devam-ediyor\" \/>\n<meta property=\"og:site_name\" content=\"Schloss Torgelow\" \/>\n<meta property=\"article:published_time\" content=\"2025-03-24T15:22:58+00:00\" \/>\n<meta property=\"article:modified_time\" content=\"2026-01-23T11:20:38+00:00\" \/>\n<meta name=\"author\" content=\"Schloss Torgelow\" \/>\n<meta name=\"twitter:card\" content=\"summary_large_image\" \/>\n<meta name=\"twitter:label1\" content=\"Yazan:\" \/>\n\t<meta name=\"twitter:data1\" content=\"Schloss Torgelow\" \/>\n\t<meta name=\"twitter:label2\" content=\"Tahmini okuma s\u00fcresi\" \/>\n\t<meta name=\"twitter:data2\" content=\"2 dakika\" \/>\n<script type=\"application\/ld+json\" class=\"yoast-schema-graph\">{\"@context\":\"https:\/\/schema.org\",\"@graph\":[{\"@type\":\"Article\",\"@id\":\"https:\/\/www.schlosstorgelow.de\/tr\/sadece-optimistler-icin-foodtruck-projesi-zorlu-kalmaya-devam-ediyor#article\",\"isPartOf\":{\"@id\":\"https:\/\/www.schlosstorgelow.de\/tr\/sadece-optimistler-icin-foodtruck-projesi-zorlu-kalmaya-devam-ediyor\"},\"author\":{\"name\":\"Schloss Torgelow\",\"@id\":\"https:\/\/www.schlosstorgelow.de\/tr#\/schema\/person\/b76bbb367f3a20c7ced1339e4875691e\"},\"headline\":\"Sadece optimistler i\u00e7in &#8211; foodtruck projesi zorlu kalmaya devam ediyor\",\"datePublished\":\"2025-03-24T15:22:58+00:00\",\"dateModified\":\"2026-01-23T11:20:38+00:00\",\"mainEntityOfPage\":{\"@id\":\"https:\/\/www.schlosstorgelow.de\/tr\/sadece-optimistler-icin-foodtruck-projesi-zorlu-kalmaya-devam-ediyor\"},\"wordCount\":343,\"image\":{\"@id\":\"https:\/\/www.schlosstorgelow.de\/tr\/sadece-optimistler-icin-foodtruck-projesi-zorlu-kalmaya-devam-ediyor#primaryimage\"},\"thumbnailUrl\":\"https:\/\/www.schlosstorgelow.de\/wp-content\/uploads\/2025\/03\/foodtruck-stand-maerz2025.avif\",\"articleSection\":[\"Torgelow Haberleri\"],\"inLanguage\":\"tr\"},{\"@type\":\"WebPage\",\"@id\":\"https:\/\/www.schlosstorgelow.de\/tr\/sadece-optimistler-icin-foodtruck-projesi-zorlu-kalmaya-devam-ediyor#webpage\",\"url\":\"https:\/\/www.schlosstorgelow.de\/tr\/sadece-optimistler-icin-foodtruck-projesi-zorlu-kalmaya-devam-ediyor\",\"name\":\"Sadece optimistler i\u00e7in - foodtruck projesi zorlu kalmaya devam ediyor.\",\"isPartOf\":{\"@id\":\"https:\/\/www.schlosstorgelow.de\/tr#website\"},\"primaryImageOfPage\":{\"@id\":\"https:\/\/www.schlosstorgelow.de\/tr\/sadece-optimistler-icin-foodtruck-projesi-zorlu-kalmaya-devam-ediyor#primaryimage\"},\"image\":{\"@id\":\"https:\/\/www.schlosstorgelow.de\/tr\/sadece-optimistler-icin-foodtruck-projesi-zorlu-kalmaya-devam-ediyor#primaryimage\"},\"thumbnailUrl\":\"https:\/\/www.schlosstorgelow.de\/wp-content\/uploads\/2025\/03\/foodtruck-stand-maerz2025.avif\",\"datePublished\":\"2025-03-24T15:22:58+00:00\",\"dateModified\":\"2026-01-23T11:20:38+00:00\",\"author\":{\"@id\":\"https:\/\/www.schlosstorgelow.de\/tr#\/schema\/person\/b76bbb367f3a20c7ced1339e4875691e\"},\"description\":\"\u0130yi \u015feylerin zaman ald\u0131\u011f\u0131n\u0131 s\u00f6ylerler - ama tam olarak ne kadar zaman? \\\"Sadece \u0130yimserler \u0130\u00e7in\\\" adl\u0131 yemek kamyonu \u015fu anda uzun bir yenileme s\u00fcrecinde.\",\"breadcrumb\":{\"@id\":\"https:\/\/www.schlosstorgelow.de\/tr\/sadece-optimistler-icin-foodtruck-projesi-zorlu-kalmaya-devam-ediyor#breadcrumb\"},\"inLanguage\":\"tr\",\"potentialAction\":[{\"@type\":\"ReadAction\",\"target\":[\"https:\/\/www.schlosstorgelow.de\/tr\/sadece-optimistler-icin-foodtruck-projesi-zorlu-kalmaya-devam-ediyor\"]}]},{\"@type\":\"ImageObject\",\"inLanguage\":\"tr\",\"@id\":\"https:\/\/www.schlosstorgelow.de\/tr\/sadece-optimistler-icin-foodtruck-projesi-zorlu-kalmaya-devam-ediyor#primaryimage\",\"url\":\"https:\/\/www.schlosstorgelow.de\/wp-content\/uploads\/2025\/03\/foodtruck-stand-maerz2025.avif\",\"contentUrl\":\"https:\/\/www.schlosstorgelow.de\/wp-content\/uploads\/2025\/03\/foodtruck-stand-maerz2025.avif\",\"width\":1920,\"height\":1080,\"caption\":\"Nur f\u00fcr Optimisten \u2013 das Foodtruck-Projekt bleibt herausfordernd\"},{\"@type\":\"BreadcrumbList\",\"@id\":\"https:\/\/www.schlosstorgelow.de\/tr\/sadece-optimistler-icin-foodtruck-projesi-zorlu-kalmaya-devam-ediyor#breadcrumb\",\"itemListElement\":[{\"@type\":\"ListItem\",\"position\":1,\"name\":\"Startseite\",\"item\":\"https:\/\/www.schlosstorgelow.de\/tr\"},{\"@type\":\"ListItem\",\"position\":2,\"name\":\"Sadece optimistler i\u00e7in &#8211; foodtruck projesi zorlu kalmaya devam ediyor\"}]},{\"@type\":\"WebSite\",\"@id\":\"https:\/\/www.schlosstorgelow.de\/tr#website\",\"url\":\"https:\/\/www.schlosstorgelow.de\/tr\",\"name\":\"Schloss Torgelow\",\"description\":\"\u00d6zel yat\u0131l\u0131 lise Schloss Torgelow \u2013 zorluklar\u0131 seven \u00f6\u011frenciler i\u00e7in yat\u0131l\u0131 okul.\",\"potentialAction\":[{\"@type\":\"SearchAction\",\"target\":{\"@type\":\"EntryPoint\",\"urlTemplate\":\"https:\/\/www.schlosstorgelow.de\/tr?s={search_term_string}\"},\"query-input\":{\"@type\":\"PropertyValueSpecification\",\"valueRequired\":true,\"valueName\":\"search_term_string\"}}],\"inLanguage\":\"tr\"},{\"@type\":\"Person\",\"@id\":\"https:\/\/www.schlosstorgelow.de\/tr#\/schema\/person\/b76bbb367f3a20c7ced1339e4875691e\",\"name\":\"Schloss Torgelow\",\"image\":{\"@type\":\"ImageObject\",\"inLanguage\":\"tr\",\"@id\":\"https:\/\/www.schlosstorgelow.de\/tr#\/schema\/person\/image\/\",\"url\":\"https:\/\/secure.gravatar.com\/avatar\/4bad9bf1bee90f77b98693d3ad03ade085c80c169595427c58c58e5b069f49e1?s=96&d=mm&r=g\",\"contentUrl\":\"https:\/\/secure.gravatar.com\/avatar\/4bad9bf1bee90f77b98693d3ad03ade085c80c169595427c58c58e5b069f49e1?s=96&d=mm&r=g\",\"caption\":\"Schloss Torgelow\"},\"sameAs\":[\"https:\/\/www.schlosstorgelow.de\"]}]}<\/script>\n<!-- \/ Yoast SEO plugin. -->","yoast_head_json":{"title":"Sadece optimistler i\u00e7in - foodtruck projesi zorlu kalmaya devam ediyor.","description":"\u0130yi \u015feylerin zaman ald\u0131\u011f\u0131n\u0131 s\u00f6ylerler - ama tam olarak ne kadar zaman? \"Sadece \u0130yimserler \u0130\u00e7in\" adl\u0131 yemek kamyonu \u015fu anda uzun bir yenileme s\u00fcrecinde.","robots":{"index":"index","follow":"follow","max-snippet":"max-snippet:-1","max-image-preview":"max-image-preview:large","max-video-preview":"max-video-preview:-1"},"canonical":"https:\/\/www.schlosstorgelow.de\/tr\/sadece-optimistler-icin-foodtruck-projesi-zorlu-kalmaya-devam-ediyor","og_locale":"tr_TR","og_type":"article","og_title":"Sadece optimistler i\u00e7in - foodtruck projesi zorlu kalmaya devam ediyor.","og_description":"\u0130yi \u015feylerin zaman ald\u0131\u011f\u0131n\u0131 s\u00f6ylerler - ama tam olarak ne kadar zaman? \"Sadece \u0130yimserler \u0130\u00e7in\" adl\u0131 yemek kamyonu \u015fu anda uzun bir yenileme s\u00fcrecinde.","og_url":"https:\/\/www.schlosstorgelow.de\/tr\/sadece-optimistler-icin-foodtruck-projesi-zorlu-kalmaya-devam-ediyor","og_site_name":"Schloss Torgelow","article_published_time":"2025-03-24T15:22:58+00:00","article_modified_time":"2026-01-23T11:20:38+00:00","author":"Schloss Torgelow","twitter_card":"summary_large_image","twitter_misc":{"Yazan:":"Schloss Torgelow","Tahmini okuma s\u00fcresi":"2 dakika"},"schema":{"@context":"https:\/\/schema.org","@graph":[{"@type":"Article","@id":"https:\/\/www.schlosstorgelow.de\/tr\/sadece-optimistler-icin-foodtruck-projesi-zorlu-kalmaya-devam-ediyor#article","isPartOf":{"@id":"https:\/\/www.schlosstorgelow.de\/tr\/sadece-optimistler-icin-foodtruck-projesi-zorlu-kalmaya-devam-ediyor"},"author":{"name":"Schloss Torgelow","@id":"https:\/\/www.schlosstorgelow.de\/tr#\/schema\/person\/b76bbb367f3a20c7ced1339e4875691e"},"headline":"Sadece optimistler i\u00e7in &#8211; foodtruck projesi zorlu kalmaya devam ediyor","datePublished":"2025-03-24T15:22:58+00:00","dateModified":"2026-01-23T11:20:38+00:00","mainEntityOfPage":{"@id":"https:\/\/www.schlosstorgelow.de\/tr\/sadece-optimistler-icin-foodtruck-projesi-zorlu-kalmaya-devam-ediyor"},"wordCount":343,"image":{"@id":"https:\/\/www.schlosstorgelow.de\/tr\/sadece-optimistler-icin-foodtruck-projesi-zorlu-kalmaya-devam-ediyor#primaryimage"},"thumbnailUrl":"https:\/\/www.schlosstorgelow.de\/wp-content\/uploads\/2025\/03\/foodtruck-stand-maerz2025.avif","articleSection":["Torgelow Haberleri"],"inLanguage":"tr"},{"@type":"WebPage","@id":"https:\/\/www.schlosstorgelow.de\/tr\/sadece-optimistler-icin-foodtruck-projesi-zorlu-kalmaya-devam-ediyor#webpage","url":"https:\/\/www.schlosstorgelow.de\/tr\/sadece-optimistler-icin-foodtruck-projesi-zorlu-kalmaya-devam-ediyor","name":"Sadece optimistler i\u00e7in - foodtruck projesi zorlu kalmaya devam ediyor.","isPartOf":{"@id":"https:\/\/www.schlosstorgelow.de\/tr#website"},"primaryImageOfPage":{"@id":"https:\/\/www.schlosstorgelow.de\/tr\/sadece-optimistler-icin-foodtruck-projesi-zorlu-kalmaya-devam-ediyor#primaryimage"},"image":{"@id":"https:\/\/www.schlosstorgelow.de\/tr\/sadece-optimistler-icin-foodtruck-projesi-zorlu-kalmaya-devam-ediyor#primaryimage"},"thumbnailUrl":"https:\/\/www.schlosstorgelow.de\/wp-content\/uploads\/2025\/03\/foodtruck-stand-maerz2025.avif","datePublished":"2025-03-24T15:22:58+00:00","dateModified":"2026-01-23T11:20:38+00:00","author":{"@id":"https:\/\/www.schlosstorgelow.de\/tr#\/schema\/person\/b76bbb367f3a20c7ced1339e4875691e"},"description":"\u0130yi \u015feylerin zaman ald\u0131\u011f\u0131n\u0131 s\u00f6ylerler - ama tam olarak ne kadar zaman? \"Sadece \u0130yimserler \u0130\u00e7in\" adl\u0131 yemek kamyonu \u015fu anda uzun bir yenileme s\u00fcrecinde.","breadcrumb":{"@id":"https:\/\/www.schlosstorgelow.de\/tr\/sadece-optimistler-icin-foodtruck-projesi-zorlu-kalmaya-devam-ediyor#breadcrumb"},"inLanguage":"tr","potentialAction":[{"@type":"ReadAction","target":["https:\/\/www.schlosstorgelow.de\/tr\/sadece-optimistler-icin-foodtruck-projesi-zorlu-kalmaya-devam-ediyor"]}]},{"@type":"ImageObject","inLanguage":"tr","@id":"https:\/\/www.schlosstorgelow.de\/tr\/sadece-optimistler-icin-foodtruck-projesi-zorlu-kalmaya-devam-ediyor#primaryimage","url":"https:\/\/www.schlosstorgelow.de\/wp-content\/uploads\/2025\/03\/foodtruck-stand-maerz2025.avif","contentUrl":"https:\/\/www.schlosstorgelow.de\/wp-content\/uploads\/2025\/03\/foodtruck-stand-maerz2025.avif","width":1920,"height":1080,"caption":"Nur f\u00fcr Optimisten \u2013 das Foodtruck-Projekt bleibt herausfordernd"},{"@type":"BreadcrumbList","@id":"https:\/\/www.schlosstorgelow.de\/tr\/sadece-optimistler-icin-foodtruck-projesi-zorlu-kalmaya-devam-ediyor#breadcrumb","itemListElement":[{"@type":"ListItem","position":1,"name":"Startseite","item":"https:\/\/www.schlosstorgelow.de\/tr"},{"@type":"ListItem","position":2,"name":"Sadece optimistler i\u00e7in &#8211; foodtruck projesi zorlu kalmaya devam ediyor"}]},{"@type":"WebSite","@id":"https:\/\/www.schlosstorgelow.de\/tr#website","url":"https:\/\/www.schlosstorgelow.de\/tr","name":"Schloss Torgelow","description":"\u00d6zel yat\u0131l\u0131 lise Schloss Torgelow \u2013 zorluklar\u0131 seven \u00f6\u011frenciler i\u00e7in yat\u0131l\u0131 okul.","potentialAction":[{"@type":"SearchAction","target":{"@type":"EntryPoint","urlTemplate":"https:\/\/www.schlosstorgelow.de\/tr?s={search_term_string}"},"query-input":{"@type":"PropertyValueSpecification","valueRequired":true,"valueName":"search_term_string"}}],"inLanguage":"tr"},{"@type":"Person","@id":"https:\/\/www.schlosstorgelow.de\/tr#\/schema\/person\/b76bbb367f3a20c7ced1339e4875691e","name":"Schloss Torgelow","image":{"@type":"ImageObject","inLanguage":"tr","@id":"https:\/\/www.schlosstorgelow.de\/tr#\/schema\/person\/image\/","url":"https:\/\/secure.gravatar.com\/avatar\/4bad9bf1bee90f77b98693d3ad03ade085c80c169595427c58c58e5b069f49e1?s=96&d=mm&r=g","contentUrl":"https:\/\/secure.gravatar.com\/avatar\/4bad9bf1bee90f77b98693d3ad03ade085c80c169595427c58c58e5b069f49e1?s=96&d=mm&r=g","caption":"Schloss Torgelow"},"sameAs":["https:\/\/www.schlosstorgelow.de"]}]}},"block_visibility_meta":[],"_links":{"self":[{"href":"https:\/\/www.schlosstorgelow.de\/tr\/wp-json\/wp\/v2\/posts\/82776","targetHints":{"allow":["GET"]}}],"collection":[{"href":"https:\/\/www.schlosstorgelow.de\/tr\/wp-json\/wp\/v2\/posts"}],"about":[{"href":"https:\/\/www.schlosstorgelow.de\/tr\/wp-json\/wp\/v2\/types\/post"}],"author":[{"embeddable":true,"href":"https:\/\/www.schlosstorgelow.de\/tr\/wp-json\/wp\/v2\/users\/1"}],"replies":[{"embeddable":true,"href":"https:\/\/www.schlosstorgelow.de\/tr\/wp-json\/wp\/v2\/comments?post=82776"}],"version-history":[{"count":0,"href":"https:\/\/www.schlosstorgelow.de\/tr\/wp-json\/wp\/v2\/posts\/82776\/revisions"}],"wp:featuredmedia":[{"embeddable":true,"href":"https:\/\/www.schlosstorgelow.de\/tr\/wp-json\/wp\/v2\/media\/71256"}],"wp:attachment":[{"href":"https:\/\/www.schlosstorgelow.de\/tr\/wp-json\/wp\/v2\/media?parent=82776"}],"wp:term":[{"taxonomy":"category","embeddable":true,"href":"https:\/\/www.schlosstorgelow.de\/tr\/wp-json\/wp\/v2\/categories?post=82776"},{"taxonomy":"post_tag","embeddable":true,"href":"https:\/\/www.schlosstorgelow.de\/tr\/wp-json\/wp\/v2\/tags?post=82776"}],"curies":[{"name":"wp","href":"https:\/\/api.w.org\/{rel}","templated":true}]}}