{"id":82772,"date":"2025-04-01T08:36:51","date_gmt":"2025-04-01T08:36:51","guid":{"rendered":"https:\/\/www.schlosstorgelow.de\/faust-oyununun-sahnelenmesi-torgelow-satosu-yatili-okulunda"},"modified":"2026-01-23T10:46:37","modified_gmt":"2026-01-23T10:46:37","slug":"faust-oyununun-sahnelenmesi-schloss-torgelow-yatili-okulunda","status":"publish","type":"post","link":"https:\/\/www.schlosstorgelow.de\/tr\/faust-oyununun-sahnelenmesi-schloss-torgelow-yatili-okulunda","title":{"rendered":"\u201eFaust\u201c oyununun sahnelenmesi Schloss Torgelow Yat\u0131l\u0131 Okulu&#8217;nda"},"content":{"rendered":"\n<p><i>\u201eYine yakla\u015fmaya ba\u015flad\u0131n\u0131z, sallanan \u015fekiller [&#8230;]\u201c \u2013 5 Mart 2025 tarihinde tekrar ger\u00e7ekle\u015fti: Parchim Gen\u00e7 Devlet Tiyatrosu, K1 \u00f6\u011frencilerine Johann Wolfgang von Goethe&#8217;nin &#8220;Faust. Trajedi&#8217;nin Birinci B\u00f6l\u00fcm\u00fc&#8221; eserinin (k\u0131salt\u0131lm\u0131\u015f) solo performans\u0131n\u0131 sunmak \u00fczere Schloss Torgelow&#8217;ndaki yat\u0131l\u0131 okulu ziyaret etti. <\/i><\/p>\n\n<p>K\u0131sa ama etkileyici 60 dakikal\u0131k sahneleme, Almanca dersinde bu \u00fcnl\u00fc eserle yo\u011fun bir \u00e7al\u0131\u015fman\u0131n sonunda yap\u0131ld\u0131.<\/p>\n\n<p>Bir kez daha, akt\u00f6r Vincent Hoff, t\u00fcm (!) &#8220;Faust&#8221; karakterlerini canland\u0131rmadaki yetene\u011fiyle etkileyici bir performans sergiledi; mimik, jest ve sesiyle ustaca \u00e7al\u0131\u015ft\u0131. Ancak bizim K1&#8217;ler de oyunculuk yeteneklerini sergileyebildiler: Bay Hoff, onlar\u0131 oyuna s\u00fcrekli dahil etti \u2013 b\u00f6ylece bir anda birisi Wagner, Gretchen veya Valentin olarak &#8220;toplulu\u011fun&#8221; bir par\u00e7as\u0131 haline geldi. <\/p>\n\n<p>Genel olarak klasik konunun e\u011flenceli ve k\u0131smen g\u00f6z k\u0131rpan bir sahnelemesi; K1 s\u0131n\u0131f\u0131ndaki \u00f6\u011frenciler ak\u015fam\u0131n sonunda tam olarak \u00f6vg\u00fclerle doluydu. Gelecek e\u011fitim y\u0131l\u0131nda yeniden sahneye koyulmas\u0131n\u0131 sab\u0131rs\u0131zl\u0131kla bekliyoruz! <\/p>\n","protected":false},"excerpt":{"rendered":"<p>Junge Staatstheater Parchim, Johann Wolfgang von Goethe\u2019nin \u201cFaust. Trajedi I. B\u00f6l\u00fcm\u201d adl\u0131 dramatik eserinin (k\u0131salt\u0131lm\u0131\u015f) tek ki\u015filik performans\u0131n\u0131 sunuyor.<\/p>\n","protected":false},"author":1,"featured_media":44378,"comment_status":"closed","ping_status":"closed","sticky":false,"template":"","format":"standard","meta":{"_acf_changed":false,"_yoast_wpseo_title":"\u201eFaust\u201c oyununun sahnelenmesi Schloss Torgelow Yat\u0131l\u0131 Okulu'nda","_yoast_wpseo_metadesc":"Gen\u00e7 Eyalet Tiyatrosu Parchim, Johann Wolfgang von Goethe'nin \"Faust. Trajedi'nin Birinci B\u00f6l\u00fcm\u00fc\" adl\u0131 dramas\u0131n\u0131n (k\u0131salt\u0131lm\u0131\u015f) solo performans\u0131n\u0131 sunuyor.","excerpt":"Gen\u00e7 Eyalet Tiyatrosu Parchim, Johann Wolfgang von Goethe'nin \"Faust. Trajedi'nin Birinci B\u00f6l\u00fcm\u00fc\" adl\u0131 dramas\u0131n\u0131n (k\u0131salt\u0131lm\u0131\u015f) solo performans\u0131n\u0131 sunuyor.","footnotes":""},"categories":[34],"tags":[],"class_list":{"0":"post-82772","1":"post","2":"type-post","3":"status-publish","4":"format-standard","5":"has-post-thumbnail","7":"category-torgelow-haberleri"},"acf":[],"yoast_head":"<!-- This site is optimized with the Yoast SEO plugin v26.9 - https:\/\/yoast.com\/product\/yoast-seo-wordpress\/ -->\n<title>\u201eFaust\u201c oyununun sahnelenmesi Schloss Torgelow Yat\u0131l\u0131 Okulu&#039;nda<\/title>\n<meta name=\"description\" content=\"Gen\u00e7 Eyalet Tiyatrosu Parchim, Johann Wolfgang von Goethe&#039;nin &quot;Faust. Trajedi&#039;nin Birinci B\u00f6l\u00fcm\u00fc&quot; adl\u0131 dramas\u0131n\u0131n (k\u0131salt\u0131lm\u0131\u015f) solo performans\u0131n\u0131 sunuyor.\" \/>\n<meta name=\"robots\" content=\"index, follow, max-snippet:-1, max-image-preview:large, max-video-preview:-1\" \/>\n<link rel=\"canonical\" href=\"https:\/\/www.schlosstorgelow.de\/tr\/faust-oyununun-sahnelenmesi-schloss-torgelow-yatili-okulunda\" \/>\n<meta property=\"og:locale\" content=\"tr_TR\" \/>\n<meta property=\"og:type\" content=\"article\" \/>\n<meta property=\"og:title\" content=\"\u201eFaust\u201c oyununun sahnelenmesi Schloss Torgelow Yat\u0131l\u0131 Okulu&#039;nda\" \/>\n<meta property=\"og:description\" content=\"Gen\u00e7 Eyalet Tiyatrosu Parchim, Johann Wolfgang von Goethe&#039;nin &quot;Faust. Trajedi&#039;nin Birinci B\u00f6l\u00fcm\u00fc&quot; adl\u0131 dramas\u0131n\u0131n (k\u0131salt\u0131lm\u0131\u015f) solo performans\u0131n\u0131 sunuyor.\" \/>\n<meta property=\"og:url\" content=\"https:\/\/www.schlosstorgelow.de\/tr\/faust-oyununun-sahnelenmesi-schloss-torgelow-yatili-okulunda\" \/>\n<meta property=\"og:site_name\" content=\"Schloss Torgelow\" \/>\n<meta property=\"article:published_time\" content=\"2025-04-01T08:36:51+00:00\" \/>\n<meta property=\"article:modified_time\" content=\"2026-01-23T10:46:37+00:00\" \/>\n<meta name=\"author\" content=\"Schloss Torgelow\" \/>\n<meta name=\"twitter:card\" content=\"summary_large_image\" \/>\n<meta name=\"twitter:label1\" content=\"Yazan:\" \/>\n\t<meta name=\"twitter:data1\" content=\"Schloss Torgelow\" \/>\n\t<meta name=\"twitter:label2\" content=\"Tahmini okuma s\u00fcresi\" \/>\n\t<meta name=\"twitter:data2\" content=\"1 dakika\" \/>\n<script type=\"application\/ld+json\" class=\"yoast-schema-graph\">{\"@context\":\"https:\/\/schema.org\",\"@graph\":[{\"@type\":\"Article\",\"@id\":\"https:\/\/www.schlosstorgelow.de\/tr\/faust-oyununun-sahnelenmesi-schloss-torgelow-yatili-okulunda#article\",\"isPartOf\":{\"@id\":\"https:\/\/www.schlosstorgelow.de\/tr\/faust-oyununun-sahnelenmesi-schloss-torgelow-yatili-okulunda\"},\"author\":{\"name\":\"Schloss Torgelow\",\"@id\":\"https:\/\/www.schlosstorgelow.de\/tr#\/schema\/person\/b76bbb367f3a20c7ced1339e4875691e\"},\"headline\":\"\u201eFaust\u201c oyununun sahnelenmesi Schloss Torgelow Yat\u0131l\u0131 Okulu&#8217;nda\",\"datePublished\":\"2025-04-01T08:36:51+00:00\",\"dateModified\":\"2026-01-23T10:46:37+00:00\",\"mainEntityOfPage\":{\"@id\":\"https:\/\/www.schlosstorgelow.de\/tr\/faust-oyununun-sahnelenmesi-schloss-torgelow-yatili-okulunda\"},\"wordCount\":184,\"image\":{\"@id\":\"https:\/\/www.schlosstorgelow.de\/tr\/faust-oyununun-sahnelenmesi-schloss-torgelow-yatili-okulunda#primaryimage\"},\"thumbnailUrl\":\"https:\/\/www.schlosstorgelow.de\/wp-content\/uploads\/2025\/07\/faust-2025_header_st.avif\",\"articleSection\":[\"Torgelow Haberleri\"],\"inLanguage\":\"tr\"},{\"@type\":\"WebPage\",\"@id\":\"https:\/\/www.schlosstorgelow.de\/tr\/faust-oyununun-sahnelenmesi-schloss-torgelow-yatili-okulunda#webpage\",\"url\":\"https:\/\/www.schlosstorgelow.de\/tr\/faust-oyununun-sahnelenmesi-schloss-torgelow-yatili-okulunda\",\"name\":\"\u201eFaust\u201c oyununun sahnelenmesi Schloss Torgelow Yat\u0131l\u0131 Okulu'nda\",\"isPartOf\":{\"@id\":\"https:\/\/www.schlosstorgelow.de\/tr#website\"},\"primaryImageOfPage\":{\"@id\":\"https:\/\/www.schlosstorgelow.de\/tr\/faust-oyununun-sahnelenmesi-schloss-torgelow-yatili-okulunda#primaryimage\"},\"image\":{\"@id\":\"https:\/\/www.schlosstorgelow.de\/tr\/faust-oyununun-sahnelenmesi-schloss-torgelow-yatili-okulunda#primaryimage\"},\"thumbnailUrl\":\"https:\/\/www.schlosstorgelow.de\/wp-content\/uploads\/2025\/07\/faust-2025_header_st.avif\",\"datePublished\":\"2025-04-01T08:36:51+00:00\",\"dateModified\":\"2026-01-23T10:46:37+00:00\",\"author\":{\"@id\":\"https:\/\/www.schlosstorgelow.de\/tr#\/schema\/person\/b76bbb367f3a20c7ced1339e4875691e\"},\"description\":\"Gen\u00e7 Eyalet Tiyatrosu Parchim, Johann Wolfgang von Goethe'nin \\\"Faust. Trajedi'nin Birinci B\u00f6l\u00fcm\u00fc\\\" adl\u0131 dramas\u0131n\u0131n (k\u0131salt\u0131lm\u0131\u015f) solo performans\u0131n\u0131 sunuyor.\",\"breadcrumb\":{\"@id\":\"https:\/\/www.schlosstorgelow.de\/tr\/faust-oyununun-sahnelenmesi-schloss-torgelow-yatili-okulunda#breadcrumb\"},\"inLanguage\":\"tr\",\"potentialAction\":[{\"@type\":\"ReadAction\",\"target\":[\"https:\/\/www.schlosstorgelow.de\/tr\/faust-oyununun-sahnelenmesi-schloss-torgelow-yatili-okulunda\"]}]},{\"@type\":\"ImageObject\",\"inLanguage\":\"tr\",\"@id\":\"https:\/\/www.schlosstorgelow.de\/tr\/faust-oyununun-sahnelenmesi-schloss-torgelow-yatili-okulunda#primaryimage\",\"url\":\"https:\/\/www.schlosstorgelow.de\/wp-content\/uploads\/2025\/07\/faust-2025_header_st.avif\",\"contentUrl\":\"https:\/\/www.schlosstorgelow.de\/wp-content\/uploads\/2025\/07\/faust-2025_header_st.avif\",\"width\":1920,\"height\":1080,\"caption\":\"\u201eFaust\u201c oyununun sahnelenmesi Schloss Torgelow Yat\u0131l\u0131 Okulu'nda\"},{\"@type\":\"BreadcrumbList\",\"@id\":\"https:\/\/www.schlosstorgelow.de\/tr\/faust-oyununun-sahnelenmesi-schloss-torgelow-yatili-okulunda#breadcrumb\",\"itemListElement\":[{\"@type\":\"ListItem\",\"position\":1,\"name\":\"Startseite\",\"item\":\"https:\/\/www.schlosstorgelow.de\/tr\"},{\"@type\":\"ListItem\",\"position\":2,\"name\":\"\u201eFaust\u201c oyununun sahnelenmesi Schloss Torgelow Yat\u0131l\u0131 Okulu&#8217;nda\"}]},{\"@type\":\"WebSite\",\"@id\":\"https:\/\/www.schlosstorgelow.de\/tr#website\",\"url\":\"https:\/\/www.schlosstorgelow.de\/tr\",\"name\":\"Schloss Torgelow\",\"description\":\"\u00d6zel yat\u0131l\u0131 lise Schloss Torgelow \u2013 zorluklar\u0131 seven \u00f6\u011frenciler i\u00e7in yat\u0131l\u0131 okul.\",\"potentialAction\":[{\"@type\":\"SearchAction\",\"target\":{\"@type\":\"EntryPoint\",\"urlTemplate\":\"https:\/\/www.schlosstorgelow.de\/tr?s={search_term_string}\"},\"query-input\":{\"@type\":\"PropertyValueSpecification\",\"valueRequired\":true,\"valueName\":\"search_term_string\"}}],\"inLanguage\":\"tr\"},{\"@type\":\"Person\",\"@id\":\"https:\/\/www.schlosstorgelow.de\/tr#\/schema\/person\/b76bbb367f3a20c7ced1339e4875691e\",\"name\":\"Schloss Torgelow\",\"image\":{\"@type\":\"ImageObject\",\"inLanguage\":\"tr\",\"@id\":\"https:\/\/www.schlosstorgelow.de\/tr#\/schema\/person\/image\/\",\"url\":\"https:\/\/secure.gravatar.com\/avatar\/4bad9bf1bee90f77b98693d3ad03ade085c80c169595427c58c58e5b069f49e1?s=96&d=mm&r=g\",\"contentUrl\":\"https:\/\/secure.gravatar.com\/avatar\/4bad9bf1bee90f77b98693d3ad03ade085c80c169595427c58c58e5b069f49e1?s=96&d=mm&r=g\",\"caption\":\"Schloss Torgelow\"},\"sameAs\":[\"https:\/\/www.schlosstorgelow.de\"]}]}<\/script>\n<!-- \/ Yoast SEO plugin. -->","yoast_head_json":{"title":"\u201eFaust\u201c oyununun sahnelenmesi Schloss Torgelow Yat\u0131l\u0131 Okulu'nda","description":"Gen\u00e7 Eyalet Tiyatrosu Parchim, Johann Wolfgang von Goethe'nin \"Faust. Trajedi'nin Birinci B\u00f6l\u00fcm\u00fc\" adl\u0131 dramas\u0131n\u0131n (k\u0131salt\u0131lm\u0131\u015f) solo performans\u0131n\u0131 sunuyor.","robots":{"index":"index","follow":"follow","max-snippet":"max-snippet:-1","max-image-preview":"max-image-preview:large","max-video-preview":"max-video-preview:-1"},"canonical":"https:\/\/www.schlosstorgelow.de\/tr\/faust-oyununun-sahnelenmesi-schloss-torgelow-yatili-okulunda","og_locale":"tr_TR","og_type":"article","og_title":"\u201eFaust\u201c oyununun sahnelenmesi Schloss Torgelow Yat\u0131l\u0131 Okulu'nda","og_description":"Gen\u00e7 Eyalet Tiyatrosu Parchim, Johann Wolfgang von Goethe'nin \"Faust. Trajedi'nin Birinci B\u00f6l\u00fcm\u00fc\" adl\u0131 dramas\u0131n\u0131n (k\u0131salt\u0131lm\u0131\u015f) solo performans\u0131n\u0131 sunuyor.","og_url":"https:\/\/www.schlosstorgelow.de\/tr\/faust-oyununun-sahnelenmesi-schloss-torgelow-yatili-okulunda","og_site_name":"Schloss Torgelow","article_published_time":"2025-04-01T08:36:51+00:00","article_modified_time":"2026-01-23T10:46:37+00:00","author":"Schloss Torgelow","twitter_card":"summary_large_image","twitter_misc":{"Yazan:":"Schloss Torgelow","Tahmini okuma s\u00fcresi":"1 dakika"},"schema":{"@context":"https:\/\/schema.org","@graph":[{"@type":"Article","@id":"https:\/\/www.schlosstorgelow.de\/tr\/faust-oyununun-sahnelenmesi-schloss-torgelow-yatili-okulunda#article","isPartOf":{"@id":"https:\/\/www.schlosstorgelow.de\/tr\/faust-oyununun-sahnelenmesi-schloss-torgelow-yatili-okulunda"},"author":{"name":"Schloss Torgelow","@id":"https:\/\/www.schlosstorgelow.de\/tr#\/schema\/person\/b76bbb367f3a20c7ced1339e4875691e"},"headline":"\u201eFaust\u201c oyununun sahnelenmesi Schloss Torgelow Yat\u0131l\u0131 Okulu&#8217;nda","datePublished":"2025-04-01T08:36:51+00:00","dateModified":"2026-01-23T10:46:37+00:00","mainEntityOfPage":{"@id":"https:\/\/www.schlosstorgelow.de\/tr\/faust-oyununun-sahnelenmesi-schloss-torgelow-yatili-okulunda"},"wordCount":184,"image":{"@id":"https:\/\/www.schlosstorgelow.de\/tr\/faust-oyununun-sahnelenmesi-schloss-torgelow-yatili-okulunda#primaryimage"},"thumbnailUrl":"https:\/\/www.schlosstorgelow.de\/wp-content\/uploads\/2025\/07\/faust-2025_header_st.avif","articleSection":["Torgelow Haberleri"],"inLanguage":"tr"},{"@type":"WebPage","@id":"https:\/\/www.schlosstorgelow.de\/tr\/faust-oyununun-sahnelenmesi-schloss-torgelow-yatili-okulunda#webpage","url":"https:\/\/www.schlosstorgelow.de\/tr\/faust-oyununun-sahnelenmesi-schloss-torgelow-yatili-okulunda","name":"\u201eFaust\u201c oyununun sahnelenmesi Schloss Torgelow Yat\u0131l\u0131 Okulu'nda","isPartOf":{"@id":"https:\/\/www.schlosstorgelow.de\/tr#website"},"primaryImageOfPage":{"@id":"https:\/\/www.schlosstorgelow.de\/tr\/faust-oyununun-sahnelenmesi-schloss-torgelow-yatili-okulunda#primaryimage"},"image":{"@id":"https:\/\/www.schlosstorgelow.de\/tr\/faust-oyununun-sahnelenmesi-schloss-torgelow-yatili-okulunda#primaryimage"},"thumbnailUrl":"https:\/\/www.schlosstorgelow.de\/wp-content\/uploads\/2025\/07\/faust-2025_header_st.avif","datePublished":"2025-04-01T08:36:51+00:00","dateModified":"2026-01-23T10:46:37+00:00","author":{"@id":"https:\/\/www.schlosstorgelow.de\/tr#\/schema\/person\/b76bbb367f3a20c7ced1339e4875691e"},"description":"Gen\u00e7 Eyalet Tiyatrosu Parchim, Johann Wolfgang von Goethe'nin \"Faust. Trajedi'nin Birinci B\u00f6l\u00fcm\u00fc\" adl\u0131 dramas\u0131n\u0131n (k\u0131salt\u0131lm\u0131\u015f) solo performans\u0131n\u0131 sunuyor.","breadcrumb":{"@id":"https:\/\/www.schlosstorgelow.de\/tr\/faust-oyununun-sahnelenmesi-schloss-torgelow-yatili-okulunda#breadcrumb"},"inLanguage":"tr","potentialAction":[{"@type":"ReadAction","target":["https:\/\/www.schlosstorgelow.de\/tr\/faust-oyununun-sahnelenmesi-schloss-torgelow-yatili-okulunda"]}]},{"@type":"ImageObject","inLanguage":"tr","@id":"https:\/\/www.schlosstorgelow.de\/tr\/faust-oyununun-sahnelenmesi-schloss-torgelow-yatili-okulunda#primaryimage","url":"https:\/\/www.schlosstorgelow.de\/wp-content\/uploads\/2025\/07\/faust-2025_header_st.avif","contentUrl":"https:\/\/www.schlosstorgelow.de\/wp-content\/uploads\/2025\/07\/faust-2025_header_st.avif","width":1920,"height":1080,"caption":"\u201eFaust\u201c oyununun sahnelenmesi Schloss Torgelow Yat\u0131l\u0131 Okulu'nda"},{"@type":"BreadcrumbList","@id":"https:\/\/www.schlosstorgelow.de\/tr\/faust-oyununun-sahnelenmesi-schloss-torgelow-yatili-okulunda#breadcrumb","itemListElement":[{"@type":"ListItem","position":1,"name":"Startseite","item":"https:\/\/www.schlosstorgelow.de\/tr"},{"@type":"ListItem","position":2,"name":"\u201eFaust\u201c oyununun sahnelenmesi Schloss Torgelow Yat\u0131l\u0131 Okulu&#8217;nda"}]},{"@type":"WebSite","@id":"https:\/\/www.schlosstorgelow.de\/tr#website","url":"https:\/\/www.schlosstorgelow.de\/tr","name":"Schloss Torgelow","description":"\u00d6zel yat\u0131l\u0131 lise Schloss Torgelow \u2013 zorluklar\u0131 seven \u00f6\u011frenciler i\u00e7in yat\u0131l\u0131 okul.","potentialAction":[{"@type":"SearchAction","target":{"@type":"EntryPoint","urlTemplate":"https:\/\/www.schlosstorgelow.de\/tr?s={search_term_string}"},"query-input":{"@type":"PropertyValueSpecification","valueRequired":true,"valueName":"search_term_string"}}],"inLanguage":"tr"},{"@type":"Person","@id":"https:\/\/www.schlosstorgelow.de\/tr#\/schema\/person\/b76bbb367f3a20c7ced1339e4875691e","name":"Schloss Torgelow","image":{"@type":"ImageObject","inLanguage":"tr","@id":"https:\/\/www.schlosstorgelow.de\/tr#\/schema\/person\/image\/","url":"https:\/\/secure.gravatar.com\/avatar\/4bad9bf1bee90f77b98693d3ad03ade085c80c169595427c58c58e5b069f49e1?s=96&d=mm&r=g","contentUrl":"https:\/\/secure.gravatar.com\/avatar\/4bad9bf1bee90f77b98693d3ad03ade085c80c169595427c58c58e5b069f49e1?s=96&d=mm&r=g","caption":"Schloss Torgelow"},"sameAs":["https:\/\/www.schlosstorgelow.de"]}]}},"block_visibility_meta":[],"_links":{"self":[{"href":"https:\/\/www.schlosstorgelow.de\/tr\/wp-json\/wp\/v2\/posts\/82772","targetHints":{"allow":["GET"]}}],"collection":[{"href":"https:\/\/www.schlosstorgelow.de\/tr\/wp-json\/wp\/v2\/posts"}],"about":[{"href":"https:\/\/www.schlosstorgelow.de\/tr\/wp-json\/wp\/v2\/types\/post"}],"author":[{"embeddable":true,"href":"https:\/\/www.schlosstorgelow.de\/tr\/wp-json\/wp\/v2\/users\/1"}],"replies":[{"embeddable":true,"href":"https:\/\/www.schlosstorgelow.de\/tr\/wp-json\/wp\/v2\/comments?post=82772"}],"version-history":[{"count":0,"href":"https:\/\/www.schlosstorgelow.de\/tr\/wp-json\/wp\/v2\/posts\/82772\/revisions"}],"wp:featuredmedia":[{"embeddable":true,"href":"https:\/\/www.schlosstorgelow.de\/tr\/wp-json\/wp\/v2\/media\/44378"}],"wp:attachment":[{"href":"https:\/\/www.schlosstorgelow.de\/tr\/wp-json\/wp\/v2\/media?parent=82772"}],"wp:term":[{"taxonomy":"category","embeddable":true,"href":"https:\/\/www.schlosstorgelow.de\/tr\/wp-json\/wp\/v2\/categories?post=82772"},{"taxonomy":"post_tag","embeddable":true,"href":"https:\/\/www.schlosstorgelow.de\/tr\/wp-json\/wp\/v2\/tags?post=82772"}],"curies":[{"name":"wp","href":"https:\/\/api.w.org\/{rel}","templated":true}]}}