{"id":82768,"date":"2025-04-09T11:22:26","date_gmt":"2025-04-09T11:22:26","guid":{"rendered":"https:\/\/www.schlosstorgelow.de\/nisan-ayinin-sanat-eseri"},"modified":"2026-01-12T09:29:29","modified_gmt":"2026-01-12T09:29:29","slug":"nisan-ayinin-sanat-eseri","status":"publish","type":"post","link":"https:\/\/www.schlosstorgelow.de\/tr\/nisan-ayinin-sanat-eseri","title":{"rendered":"Nisan Ay\u0131n\u0131n Sanat Eseri"},"content":{"rendered":"\n<p><em>Resmin ad\u0131 nedir? <\/em><\/p>\n\n<p>\u201eSaklan\u201c<\/p>\n\n<p><em>G\u00f6rev tan\u0131m\u0131 nas\u0131ld\u0131?<\/em><\/p>\n\n<p>Foto\u011fraf tarihi yakla\u015f\u0131mlar\u0131yla ilgilenin. Bir sanat\u00e7\u0131 veya foto\u011fraf tarihi d\u00f6nemini se\u00e7in. Se\u00e7ti\u011finiz sanat\u00e7\u0131dan ilham alarak kendinize ait bir dizi foto\u011fraf sunun ve buna uygun bir tema bulun.  <\/p>\n\n<p><em>Senin i\u00e7in ne iyi gitti?<\/em><\/p>\n\n<p>Ger\u00e7ek i\u00e7sel ile yapay d\u0131\u015fsal aras\u0131ndaki karma\u015f\u0131kl\u0131\u011f\u0131 ve sorunu ba\u015far\u0131yla ortaya koyabildim. Sanat\u00e7\u0131m (Annegret Soltau) ile ilgili \u00f6zellikleri foto\u011fraflar\u0131ma dahil ettim. Amac\u0131m, insanlar\u0131n, \u00f6zellikle kad\u0131nlar\u0131n kendilerini tan\u0131mlayabilece\u011fi bir sanat yaratmakt\u0131 ve kursun geri bildirimine g\u00f6re bunu ba\u015fard\u0131m.  <\/p>\n\n<p><em>Bize resmin anlam\u0131 hakk\u0131nda bir \u015feyler anlat. Bu ne anlama gelebilir?  <\/em><\/p>\n\n<p>Ba\u015fl\u0131kta belirtildi\u011fi gibi, toplumun, toplumsal normlar\u0131n ve bireyin kendisinin kad\u0131n\u0131 nas\u0131l susturdu\u011funu ele almak istiyorum. Bir\u00e7ok tart\u0131\u015fmada, kad\u0131nlar\u0131n &#8220;duygusal&#8221; veya &#8220;hormonal olarak kontrol edilen&#8221; \u015fekilde davrand\u0131klar\u0131 s\u0131k\u00e7a duyuldu ve bu, kad\u0131nlar\u0131n siyasete girmemesi gerekti\u011fi konusunda bir arg\u00fcman olarak bile kullan\u0131ld\u0131. Ancak \u00e7o\u011fu durumda, bu duygular hormonal de\u011fil, iyi gerek\u00e7elendirilmi\u015f ve rasyoneldir. Yine de kad\u0131nlardan nazik ve sessiz davranmalar\u0131 beklenmektedir &#8211; bu beklenti, \u00e7ocukluk d\u00f6neminden itibaren k\u0131zlara a\u015f\u0131lanmaktad\u0131r.   <\/p>\n\n<p>Bir bak\u0131ma bu da \u00f6z ele\u015ftiridir; \u00e7\u00fcnk\u00fc bir\u00e7ok durumda insan kendisi i\u00e7in m\u00fccadele etmek ve ger\u00e7ek benli\u011fini g\u00f6stermek yerine sessiz kal\u0131r ve i\u00e7ine kapan\u0131r. Bu, kapal\u0131 g\u00f6zlerle sembolize edilir: \u0130nsan, d\u00fcnyada bir\u00e7ok kad\u0131n\u0131n deneyimledi\u011fi &#8220;deh\u015fet&#8221;ten kendini korur. Ancak g\u00f6zlerini kapatarak, faillerine bir iyilik yapar; \u00e7\u00fcnk\u00fc bakt\u0131\u011f\u0131 s\u00fcrece hi\u00e7bir \u015feyi ele\u015ftiremez veya de\u011fi\u015ftiremez.  <\/p>\n\n<p>Kad\u0131n\u0131n susturulmas\u0131n\u0131n ge\u00e7mi\u015fe veya geli\u015fmekte olan \u00fclkelere \u00f6zg\u00fc bir sorun olmad\u0131\u011f\u0131n\u0131 vurgulamak \u00f6nemlidir. Bu, kad\u0131nlar\u0131n kendi bedenleri \u00fczerinde k\u00fcrtaj hakk\u0131 gibi konularda karar verme yetkisine sahip olmad\u0131\u011f\u0131 ve tecav\u00fcz davalar\u0131nda (\u00f6rn. film end\u00fcstrisi) seslerinin hala g\u00f6rmezden gelindi\u011fi toplumlar\u0131m\u0131z\u0131 da etkilemektedir. <\/p>\n\n<p>\u00d6zetle, &#8220;Hide I&#8221; resmi modern kad\u0131n\u0131n zorla sokuldu\u011fu toplumsal normlar\u0131 ele\u015ftiriyor. \u0130taatkar olmam\u0131z, uyum sa\u011flamam\u0131z bekleniyor, ama ger\u00e7ekte i\u00e7imde \u00e7\u0131\u011fl\u0131k at\u0131yorum ve \u00e7evremin bask\u0131s\u0131 alt\u0131nda nihayet onlara lay\u0131k olmak i\u00e7in par\u00e7alan\u0131yorum. Kad\u0131nlar\u0131n seslerinin al\u0131nmas\u0131 temas\u0131 h\u00e2l\u00e2 son derece g\u00fcncel, \u00e7\u00fcnk\u00fc bir\u00e7ok \u00fclkede kad\u0131n haklar\u0131 giderek &#8220;geri geli\u015fiyor&#8221;. Bu durum, kad\u0131n haklar\u0131 i\u00e7in sava\u015fan ve de\u011fi\u015fim sa\u011flamak amac\u0131yla soka\u011fa \u00e7\u0131kan o kad\u0131nlar\u0131n miras\u0131n\u0131n giderek daha fazla susturulmas\u0131na neden oluyor. Foto\u011fraf, hepimize sorgulamaktan vazge\u00e7memiz, ger\u00e7ek benli\u011fimize daha fazla sahip \u00e7\u0131kmam\u0131z ve kimseye nas\u0131l olmam\u0131z gerekti\u011fini dayatmas\u0131na izin vermememiz i\u00e7in bir \u00e7a\u011fr\u0131 niteli\u011finde.    <\/p>\n","protected":false},"excerpt":{"rendered":"<p>Ay\u0131n resmi Nisan ay\u0131nda 12. s\u0131n\u0131ftan Caroline&#8217;i temsil ediyor. &#8220;Hide I&#8221; ad\u0131n\u0131 ta\u015f\u0131yor ve kad\u0131n\u0131n toplum taraf\u0131ndan susturulmas\u0131n\u0131 konu al\u0131yor. <\/p>\n","protected":false},"author":1,"featured_media":44000,"comment_status":"closed","ping_status":"closed","sticky":false,"template":"","format":"standard","meta":{"_acf_changed":false,"_yoast_wpseo_title":"Nisan Ay\u0131n\u0131n Sanat Eseri","_yoast_wpseo_metadesc":"Nisan ay\u0131n\u0131n resmi, 12. s\u0131n\u0131ftan Caroline'\u0131 tan\u0131t\u0131yor. \"Hide I\" ad\u0131n\u0131 ta\u015f\u0131yor ve kad\u0131n\u0131n toplum taraf\u0131ndan susturulmas\u0131n\u0131 ele al\u0131yor.","excerpt":"Ay\u0131n resmi Nisan ay\u0131nda 12. s\u0131n\u0131ftan Caroline'i temsil ediyor. \"Hide I\" ad\u0131n\u0131 ta\u015f\u0131yor ve kad\u0131n\u0131n toplum taraf\u0131ndan susturulmas\u0131n\u0131 konu al\u0131yor. ","footnotes":""},"categories":[34],"tags":[],"class_list":{"0":"post-82768","1":"post","2":"type-post","3":"status-publish","4":"format-standard","5":"has-post-thumbnail","7":"category-torgelow-haberleri"},"acf":[],"yoast_head":"<!-- This site is optimized with the Yoast SEO plugin v26.9 - https:\/\/yoast.com\/product\/yoast-seo-wordpress\/ -->\n<title>Nisan Ay\u0131n\u0131n Sanat Eseri<\/title>\n<meta name=\"description\" content=\"Nisan ay\u0131n\u0131n resmi, 12. s\u0131n\u0131ftan Caroline&#039;\u0131 tan\u0131t\u0131yor. &quot;Hide I&quot; ad\u0131n\u0131 ta\u015f\u0131yor ve kad\u0131n\u0131n toplum taraf\u0131ndan susturulmas\u0131n\u0131 ele al\u0131yor.\" \/>\n<meta name=\"robots\" content=\"index, follow, max-snippet:-1, max-image-preview:large, max-video-preview:-1\" \/>\n<link rel=\"canonical\" href=\"https:\/\/www.schlosstorgelow.de\/tr\/nisan-ayinin-sanat-eseri\" \/>\n<meta property=\"og:locale\" content=\"tr_TR\" \/>\n<meta property=\"og:type\" content=\"article\" \/>\n<meta property=\"og:title\" content=\"Nisan Ay\u0131n\u0131n Sanat Eseri\" \/>\n<meta property=\"og:description\" content=\"Nisan ay\u0131n\u0131n resmi, 12. s\u0131n\u0131ftan Caroline&#039;\u0131 tan\u0131t\u0131yor. &quot;Hide I&quot; ad\u0131n\u0131 ta\u015f\u0131yor ve kad\u0131n\u0131n toplum taraf\u0131ndan susturulmas\u0131n\u0131 ele al\u0131yor.\" \/>\n<meta property=\"og:url\" content=\"https:\/\/www.schlosstorgelow.de\/tr\/nisan-ayinin-sanat-eseri\" \/>\n<meta property=\"og:site_name\" content=\"Schloss Torgelow\" \/>\n<meta property=\"article:published_time\" content=\"2025-04-09T11:22:26+00:00\" \/>\n<meta property=\"article:modified_time\" content=\"2026-01-12T09:29:29+00:00\" \/>\n<meta name=\"author\" content=\"Schloss Torgelow\" \/>\n<meta name=\"twitter:card\" content=\"summary_large_image\" \/>\n<meta name=\"twitter:label1\" content=\"Yazan:\" \/>\n\t<meta name=\"twitter:data1\" content=\"Schloss Torgelow\" \/>\n\t<meta name=\"twitter:label2\" content=\"Tahmini okuma s\u00fcresi\" \/>\n\t<meta name=\"twitter:data2\" content=\"2 dakika\" \/>\n<script type=\"application\/ld+json\" class=\"yoast-schema-graph\">{\"@context\":\"https:\/\/schema.org\",\"@graph\":[{\"@type\":\"Article\",\"@id\":\"https:\/\/www.schlosstorgelow.de\/tr\/nisan-ayinin-sanat-eseri#article\",\"isPartOf\":{\"@id\":\"https:\/\/www.schlosstorgelow.de\/tr\/nisan-ayinin-sanat-eseri\"},\"author\":{\"name\":\"Schloss Torgelow\",\"@id\":\"https:\/\/www.schlosstorgelow.de\/tr#\/schema\/person\/b76bbb367f3a20c7ced1339e4875691e\"},\"headline\":\"Nisan Ay\u0131n\u0131n Sanat Eseri\",\"datePublished\":\"2025-04-09T11:22:26+00:00\",\"dateModified\":\"2026-01-12T09:29:29+00:00\",\"mainEntityOfPage\":{\"@id\":\"https:\/\/www.schlosstorgelow.de\/tr\/nisan-ayinin-sanat-eseri\"},\"wordCount\":496,\"image\":{\"@id\":\"https:\/\/www.schlosstorgelow.de\/tr\/nisan-ayinin-sanat-eseri#primaryimage\"},\"thumbnailUrl\":\"https:\/\/www.schlosstorgelow.de\/wp-content\/uploads\/2025\/07\/kunstwerk-des-monats-april_header_st.avif\",\"articleSection\":[\"Torgelow Haberleri\"],\"inLanguage\":\"tr\"},{\"@type\":\"WebPage\",\"@id\":\"https:\/\/www.schlosstorgelow.de\/tr\/nisan-ayinin-sanat-eseri#webpage\",\"url\":\"https:\/\/www.schlosstorgelow.de\/tr\/nisan-ayinin-sanat-eseri\",\"name\":\"Nisan Ay\u0131n\u0131n Sanat Eseri\",\"isPartOf\":{\"@id\":\"https:\/\/www.schlosstorgelow.de\/tr#website\"},\"primaryImageOfPage\":{\"@id\":\"https:\/\/www.schlosstorgelow.de\/tr\/nisan-ayinin-sanat-eseri#primaryimage\"},\"image\":{\"@id\":\"https:\/\/www.schlosstorgelow.de\/tr\/nisan-ayinin-sanat-eseri#primaryimage\"},\"thumbnailUrl\":\"https:\/\/www.schlosstorgelow.de\/wp-content\/uploads\/2025\/07\/kunstwerk-des-monats-april_header_st.avif\",\"datePublished\":\"2025-04-09T11:22:26+00:00\",\"dateModified\":\"2026-01-12T09:29:29+00:00\",\"author\":{\"@id\":\"https:\/\/www.schlosstorgelow.de\/tr#\/schema\/person\/b76bbb367f3a20c7ced1339e4875691e\"},\"description\":\"Nisan ay\u0131n\u0131n resmi, 12. s\u0131n\u0131ftan Caroline'\u0131 tan\u0131t\u0131yor. \\\"Hide I\\\" ad\u0131n\u0131 ta\u015f\u0131yor ve kad\u0131n\u0131n toplum taraf\u0131ndan susturulmas\u0131n\u0131 ele al\u0131yor.\",\"breadcrumb\":{\"@id\":\"https:\/\/www.schlosstorgelow.de\/tr\/nisan-ayinin-sanat-eseri#breadcrumb\"},\"inLanguage\":\"tr\",\"potentialAction\":[{\"@type\":\"ReadAction\",\"target\":[\"https:\/\/www.schlosstorgelow.de\/tr\/nisan-ayinin-sanat-eseri\"]}]},{\"@type\":\"ImageObject\",\"inLanguage\":\"tr\",\"@id\":\"https:\/\/www.schlosstorgelow.de\/tr\/nisan-ayinin-sanat-eseri#primaryimage\",\"url\":\"https:\/\/www.schlosstorgelow.de\/wp-content\/uploads\/2025\/07\/kunstwerk-des-monats-april_header_st.avif\",\"contentUrl\":\"https:\/\/www.schlosstorgelow.de\/wp-content\/uploads\/2025\/07\/kunstwerk-des-monats-april_header_st.avif\",\"width\":1920,\"height\":1080,\"caption\":\"Nisan Ay\u0131n\u0131n Sanat Eseri\"},{\"@type\":\"BreadcrumbList\",\"@id\":\"https:\/\/www.schlosstorgelow.de\/tr\/nisan-ayinin-sanat-eseri#breadcrumb\",\"itemListElement\":[{\"@type\":\"ListItem\",\"position\":1,\"name\":\"Startseite\",\"item\":\"https:\/\/www.schlosstorgelow.de\/tr\"},{\"@type\":\"ListItem\",\"position\":2,\"name\":\"Nisan Ay\u0131n\u0131n Sanat Eseri\"}]},{\"@type\":\"WebSite\",\"@id\":\"https:\/\/www.schlosstorgelow.de\/tr#website\",\"url\":\"https:\/\/www.schlosstorgelow.de\/tr\",\"name\":\"Schloss Torgelow\",\"description\":\"\u00d6zel yat\u0131l\u0131 lise Schloss Torgelow \u2013 zorluklar\u0131 seven \u00f6\u011frenciler i\u00e7in yat\u0131l\u0131 okul.\",\"potentialAction\":[{\"@type\":\"SearchAction\",\"target\":{\"@type\":\"EntryPoint\",\"urlTemplate\":\"https:\/\/www.schlosstorgelow.de\/tr?s={search_term_string}\"},\"query-input\":{\"@type\":\"PropertyValueSpecification\",\"valueRequired\":true,\"valueName\":\"search_term_string\"}}],\"inLanguage\":\"tr\"},{\"@type\":\"Person\",\"@id\":\"https:\/\/www.schlosstorgelow.de\/tr#\/schema\/person\/b76bbb367f3a20c7ced1339e4875691e\",\"name\":\"Schloss Torgelow\",\"image\":{\"@type\":\"ImageObject\",\"inLanguage\":\"tr\",\"@id\":\"https:\/\/www.schlosstorgelow.de\/tr#\/schema\/person\/image\/\",\"url\":\"https:\/\/secure.gravatar.com\/avatar\/4bad9bf1bee90f77b98693d3ad03ade085c80c169595427c58c58e5b069f49e1?s=96&d=mm&r=g\",\"contentUrl\":\"https:\/\/secure.gravatar.com\/avatar\/4bad9bf1bee90f77b98693d3ad03ade085c80c169595427c58c58e5b069f49e1?s=96&d=mm&r=g\",\"caption\":\"Schloss Torgelow\"},\"sameAs\":[\"https:\/\/www.schlosstorgelow.de\"]}]}<\/script>\n<!-- \/ Yoast SEO plugin. -->","yoast_head_json":{"title":"Nisan Ay\u0131n\u0131n Sanat Eseri","description":"Nisan ay\u0131n\u0131n resmi, 12. s\u0131n\u0131ftan Caroline'\u0131 tan\u0131t\u0131yor. \"Hide I\" ad\u0131n\u0131 ta\u015f\u0131yor ve kad\u0131n\u0131n toplum taraf\u0131ndan susturulmas\u0131n\u0131 ele al\u0131yor.","robots":{"index":"index","follow":"follow","max-snippet":"max-snippet:-1","max-image-preview":"max-image-preview:large","max-video-preview":"max-video-preview:-1"},"canonical":"https:\/\/www.schlosstorgelow.de\/tr\/nisan-ayinin-sanat-eseri","og_locale":"tr_TR","og_type":"article","og_title":"Nisan Ay\u0131n\u0131n Sanat Eseri","og_description":"Nisan ay\u0131n\u0131n resmi, 12. s\u0131n\u0131ftan Caroline'\u0131 tan\u0131t\u0131yor. \"Hide I\" ad\u0131n\u0131 ta\u015f\u0131yor ve kad\u0131n\u0131n toplum taraf\u0131ndan susturulmas\u0131n\u0131 ele al\u0131yor.","og_url":"https:\/\/www.schlosstorgelow.de\/tr\/nisan-ayinin-sanat-eseri","og_site_name":"Schloss Torgelow","article_published_time":"2025-04-09T11:22:26+00:00","article_modified_time":"2026-01-12T09:29:29+00:00","author":"Schloss Torgelow","twitter_card":"summary_large_image","twitter_misc":{"Yazan:":"Schloss Torgelow","Tahmini okuma s\u00fcresi":"2 dakika"},"schema":{"@context":"https:\/\/schema.org","@graph":[{"@type":"Article","@id":"https:\/\/www.schlosstorgelow.de\/tr\/nisan-ayinin-sanat-eseri#article","isPartOf":{"@id":"https:\/\/www.schlosstorgelow.de\/tr\/nisan-ayinin-sanat-eseri"},"author":{"name":"Schloss Torgelow","@id":"https:\/\/www.schlosstorgelow.de\/tr#\/schema\/person\/b76bbb367f3a20c7ced1339e4875691e"},"headline":"Nisan Ay\u0131n\u0131n Sanat Eseri","datePublished":"2025-04-09T11:22:26+00:00","dateModified":"2026-01-12T09:29:29+00:00","mainEntityOfPage":{"@id":"https:\/\/www.schlosstorgelow.de\/tr\/nisan-ayinin-sanat-eseri"},"wordCount":496,"image":{"@id":"https:\/\/www.schlosstorgelow.de\/tr\/nisan-ayinin-sanat-eseri#primaryimage"},"thumbnailUrl":"https:\/\/www.schlosstorgelow.de\/wp-content\/uploads\/2025\/07\/kunstwerk-des-monats-april_header_st.avif","articleSection":["Torgelow Haberleri"],"inLanguage":"tr"},{"@type":"WebPage","@id":"https:\/\/www.schlosstorgelow.de\/tr\/nisan-ayinin-sanat-eseri#webpage","url":"https:\/\/www.schlosstorgelow.de\/tr\/nisan-ayinin-sanat-eseri","name":"Nisan Ay\u0131n\u0131n Sanat Eseri","isPartOf":{"@id":"https:\/\/www.schlosstorgelow.de\/tr#website"},"primaryImageOfPage":{"@id":"https:\/\/www.schlosstorgelow.de\/tr\/nisan-ayinin-sanat-eseri#primaryimage"},"image":{"@id":"https:\/\/www.schlosstorgelow.de\/tr\/nisan-ayinin-sanat-eseri#primaryimage"},"thumbnailUrl":"https:\/\/www.schlosstorgelow.de\/wp-content\/uploads\/2025\/07\/kunstwerk-des-monats-april_header_st.avif","datePublished":"2025-04-09T11:22:26+00:00","dateModified":"2026-01-12T09:29:29+00:00","author":{"@id":"https:\/\/www.schlosstorgelow.de\/tr#\/schema\/person\/b76bbb367f3a20c7ced1339e4875691e"},"description":"Nisan ay\u0131n\u0131n resmi, 12. s\u0131n\u0131ftan Caroline'\u0131 tan\u0131t\u0131yor. \"Hide I\" ad\u0131n\u0131 ta\u015f\u0131yor ve kad\u0131n\u0131n toplum taraf\u0131ndan susturulmas\u0131n\u0131 ele al\u0131yor.","breadcrumb":{"@id":"https:\/\/www.schlosstorgelow.de\/tr\/nisan-ayinin-sanat-eseri#breadcrumb"},"inLanguage":"tr","potentialAction":[{"@type":"ReadAction","target":["https:\/\/www.schlosstorgelow.de\/tr\/nisan-ayinin-sanat-eseri"]}]},{"@type":"ImageObject","inLanguage":"tr","@id":"https:\/\/www.schlosstorgelow.de\/tr\/nisan-ayinin-sanat-eseri#primaryimage","url":"https:\/\/www.schlosstorgelow.de\/wp-content\/uploads\/2025\/07\/kunstwerk-des-monats-april_header_st.avif","contentUrl":"https:\/\/www.schlosstorgelow.de\/wp-content\/uploads\/2025\/07\/kunstwerk-des-monats-april_header_st.avif","width":1920,"height":1080,"caption":"Nisan Ay\u0131n\u0131n Sanat Eseri"},{"@type":"BreadcrumbList","@id":"https:\/\/www.schlosstorgelow.de\/tr\/nisan-ayinin-sanat-eseri#breadcrumb","itemListElement":[{"@type":"ListItem","position":1,"name":"Startseite","item":"https:\/\/www.schlosstorgelow.de\/tr"},{"@type":"ListItem","position":2,"name":"Nisan Ay\u0131n\u0131n Sanat Eseri"}]},{"@type":"WebSite","@id":"https:\/\/www.schlosstorgelow.de\/tr#website","url":"https:\/\/www.schlosstorgelow.de\/tr","name":"Schloss Torgelow","description":"\u00d6zel yat\u0131l\u0131 lise Schloss Torgelow \u2013 zorluklar\u0131 seven \u00f6\u011frenciler i\u00e7in yat\u0131l\u0131 okul.","potentialAction":[{"@type":"SearchAction","target":{"@type":"EntryPoint","urlTemplate":"https:\/\/www.schlosstorgelow.de\/tr?s={search_term_string}"},"query-input":{"@type":"PropertyValueSpecification","valueRequired":true,"valueName":"search_term_string"}}],"inLanguage":"tr"},{"@type":"Person","@id":"https:\/\/www.schlosstorgelow.de\/tr#\/schema\/person\/b76bbb367f3a20c7ced1339e4875691e","name":"Schloss Torgelow","image":{"@type":"ImageObject","inLanguage":"tr","@id":"https:\/\/www.schlosstorgelow.de\/tr#\/schema\/person\/image\/","url":"https:\/\/secure.gravatar.com\/avatar\/4bad9bf1bee90f77b98693d3ad03ade085c80c169595427c58c58e5b069f49e1?s=96&d=mm&r=g","contentUrl":"https:\/\/secure.gravatar.com\/avatar\/4bad9bf1bee90f77b98693d3ad03ade085c80c169595427c58c58e5b069f49e1?s=96&d=mm&r=g","caption":"Schloss Torgelow"},"sameAs":["https:\/\/www.schlosstorgelow.de"]}]}},"block_visibility_meta":[],"_links":{"self":[{"href":"https:\/\/www.schlosstorgelow.de\/tr\/wp-json\/wp\/v2\/posts\/82768","targetHints":{"allow":["GET"]}}],"collection":[{"href":"https:\/\/www.schlosstorgelow.de\/tr\/wp-json\/wp\/v2\/posts"}],"about":[{"href":"https:\/\/www.schlosstorgelow.de\/tr\/wp-json\/wp\/v2\/types\/post"}],"author":[{"embeddable":true,"href":"https:\/\/www.schlosstorgelow.de\/tr\/wp-json\/wp\/v2\/users\/1"}],"replies":[{"embeddable":true,"href":"https:\/\/www.schlosstorgelow.de\/tr\/wp-json\/wp\/v2\/comments?post=82768"}],"version-history":[{"count":0,"href":"https:\/\/www.schlosstorgelow.de\/tr\/wp-json\/wp\/v2\/posts\/82768\/revisions"}],"wp:featuredmedia":[{"embeddable":true,"href":"https:\/\/www.schlosstorgelow.de\/tr\/wp-json\/wp\/v2\/media\/44000"}],"wp:attachment":[{"href":"https:\/\/www.schlosstorgelow.de\/tr\/wp-json\/wp\/v2\/media?parent=82768"}],"wp:term":[{"taxonomy":"category","embeddable":true,"href":"https:\/\/www.schlosstorgelow.de\/tr\/wp-json\/wp\/v2\/categories?post=82768"},{"taxonomy":"post_tag","embeddable":true,"href":"https:\/\/www.schlosstorgelow.de\/tr\/wp-json\/wp\/v2\/tags?post=82768"}],"curies":[{"name":"wp","href":"https:\/\/api.w.org\/{rel}","templated":true}]}}