{"id":82764,"date":"2025-04-24T11:33:59","date_gmt":"2025-04-24T11:33:59","guid":{"rendered":"https:\/\/www.schlosstorgelow.de\/muttersoehnchen-basamakta"},"modified":"2026-01-12T09:28:27","modified_gmt":"2026-01-12T09:28:27","slug":"muttersoehnchen-basamakta","status":"publish","type":"post","link":"https:\/\/www.schlosstorgelow.de\/tr\/muttersoehnchen-basamakta","title":{"rendered":"Mutters\u00f6hnchen basamakta"},"content":{"rendered":"\n<p><i>Mecklenburg-Vorpommern \u00d6\u011frenci Gazetesi Yar\u0131\u015fmas\u0131 bu e\u011fitim y\u0131l\u0131nda 20. y\u0131l d\u00f6n\u00fcm\u00fcn\u00fc kutlad\u0131. Eyalet Bilgi Ofisi \u00d6\u011frenci Gazeteleri (LiSZ) taraf\u0131ndan d\u00fczenlenen yar\u0131\u015fma, gen\u00e7 gazeteci ve gazetecilere yarat\u0131c\u0131 ve iyi ara\u015ft\u0131r\u0131lm\u0131\u015f \u00e7al\u0131\u015fmalar\u0131n\u0131 sergileme f\u0131rsat\u0131 sundu. Bizim &#8220;Annelerinin O\u011flu&#8221; da oradayd\u0131.  <\/i><\/p>\n\n<p>Bir uzman j\u00fcri, sunulan yay\u0131nlar\u0131 konu \u00e7e\u015fitlili\u011fi, gazetecilik kalitesi ve yarat\u0131c\u0131 tasar\u0131m gibi kriterlere g\u00f6re de\u011ferlendirdi. Toplamda, t\u00fcm eyalette 39 \u00f6\u011frenci gazetesinin yar\u0131\u015fmaya kat\u0131ld\u0131\u011f\u0131 \u2013 bunlar aras\u0131nda 15 bas\u0131l\u0131 yay\u0131n\u0131 olan genel liseye ait gazeteler de yer ald\u0131, bunlar aras\u0131nda bizim annesine d\u00fc\u015fk\u00fcn o\u011flumuz da var. <\/p>\n\n<p>5 Mart&#8217;ta, \u00f6\u011frenci gazetemizin baz\u0131 edit\u00f6rleri ve Bayan Neumann ile birlikte, Mecklenburg-Vorpommern&#8217;deki \u00f6\u011frenci gazetesi yar\u0131\u015fmas\u0131n\u0131n \u00f6d\u00fcl t\u00f6renine kat\u0131lmak \u00fczere Greifswald&#8217;a yola \u00e7\u0131kt\u0131k. Greifswald \u00dcniversitesi&#8217;nin etkileyici konferans salonu, bu \u00f6zel olay i\u00e7in m\u00fckemmel bir ortam sa\u011flad\u0131. A\u00e7\u0131l\u0131\u015f konu\u015fmas\u0131ndan sonra, Bilim, K\u00fclt\u00fcr, Federal ve Avrupa \u0130\u015fleri Bakan\u0131 Bettina Martin taraf\u0131ndan yap\u0131lan selamlaman\u0131n ard\u0131ndan \u00e7e\u015fitli kategorilerde ana \u00f6d\u00fcller verildi. \u0130lkokullardan \u00f6zel e\u011fitim okullar\u0131na, b\u00f6lgesel okullara ve liselere kadar her kategorideki en iyi \u00fc\u00e7 edit\u00f6rl\u00fck \u00f6d\u00fcl kazand\u0131. \u00dc\u00e7\u00fcnc\u00fcl\u00fck i\u00e7in 250 Euro, ikincilik i\u00e7in 350 Euro ve birincilik i\u00e7in gurur verici 450 Euro verildi. Ayr\u0131ca, \u00f6zel kategorilerde bir\u00e7ok \u00f6d\u00fcl verildi.     <\/p>\n\n<p>B\u00fcy\u00fck bir heyecanla sonucu bekledik &#8211; ve sonunda o an geldi: Anneci\u011fin o\u011flu &#8220;Lise-Bask\u0131&#8221; kategorisinde 3. s\u0131ray\u0131 elde etti! 250 Euro&#8217;luk \u00f6d\u00fcl\u00fcm\u00fcz\u00fc al\u0131rken mutlulu\u011fumuz b\u00fcy\u00fckt\u00fc. Bu, s\u0131k\u0131 \u00e7al\u0131\u015fmam\u0131z ve taahh\u00fcd\u00fcm\u00fcz i\u00e7in harika bir tan\u0131ma! <\/p>\n\n<p><strong>\u0130lham ve yeni fikirler<\/strong><\/p>\n\n<p>\u00d6d\u00fcl t\u00f6reninden sonra, d\u00fczen, ara\u015ft\u0131rma ve medya tasar\u0131m\u0131 gibi konularda ilgin\u00e7 at\u00f6lye \u00e7al\u0131\u015fmalar\u0131 devam etti. \u00d6zellikle son zamanlarda \u00f6\u011frenci gazetemizin d\u00fczeni i\u00e7in kulland\u0131\u011f\u0131m\u0131z tasar\u0131m uygulamas\u0131 Canva hakk\u0131nda yap\u0131lan bir seminer \u00e7ok \u00f6\u011freticiydi. Burada tasar\u0131m imkanlar\u0131m\u0131z\u0131 daha iyi de\u011ferlendirebilmemiz i\u00e7in de\u011ferli ipu\u00e7lar\u0131 ve \u00f6neriler ald\u0131k.  <\/p>\n\n<p>Genel olarak, Greifswald&#8217;da ilham verici ve \u00f6\u011fretici bir g\u00fcnd\u00fc. Sadece \u00f6d\u00fcl\u00fcm\u00fcz\u00fc kutlamakla kalmad\u0131k, ayn\u0131 zamanda bir sonraki Mutters\u00f6hnchen say\u0131s\u0131 i\u00e7in bir\u00e7ok yeni fikir ve izlenim edindik. Edindi\u011fimiz bilgileri uygulamaya d\u00f6kmeyi \u015fimdiden heyecanla bekliyoruz! Bu vesileyle harika organizasyonu i\u00e7in LiSZ&#8217;ye ve g\u00fczel kazanan foto\u011fraf i\u00e7in foto\u011fraf ekibine de te\u015fekk\u00fcr ederiz!  <\/p>\n\n<p><a href=\"#_ftnref1\">[1] <\/a><a href=\"https:\/\/ifnm.de\/blog\/schuelerzeitung\/schuelerzeitungwettbewerb\/sz-wettbewerb-informationen\/\">https:\/\/ifnm.de\/blog\/schuelerzeitung\/schuelerzeitungwettbewerb\/sz-wettbewerb-informationen\/<\/a> (Eri\u015fim 12.03.2025 tarihinde ger\u00e7ekle\u015fmi\u015ftir)<\/p>\n","protected":false},"excerpt":{"rendered":"<p>Bizim &#8220;Mutters\u00f6hnchen &#8221; 20. Mecklenburg-Vorpommern \u00d6\u011frenci Gazetesi Yar\u0131\u015fmas\u0131nda 3. \u00f6d\u00fcl\u00fc ald\u0131.<\/p>\n","protected":false},"author":1,"featured_media":44408,"comment_status":"closed","ping_status":"closed","sticky":false,"template":"","format":"standard","meta":{"_acf_changed":false,"_yoast_wpseo_title":"Mutters\u00f6hnchen basamakta","_yoast_wpseo_metadesc":"Bizim \"Anne O\u011flu\" 20. Mecklenburg-Vorpommern \u00d6\u011frenci Gazetesi Yar\u0131\u015fmas\u0131'nda 3. \u00f6d\u00fcl\u00fc ald\u0131.","excerpt":"Unser \"Mutters\u00f6hnchen\" erh\u00e4lt Preis f\u00fcr den 3. Platz beim 20. Sch\u00fclerzeitungswettbewerb Mecklenburg-Vorpommern.","footnotes":""},"categories":[34],"tags":[],"class_list":{"0":"post-82764","1":"post","2":"type-post","3":"status-publish","4":"format-standard","5":"has-post-thumbnail","7":"category-torgelow-haberleri"},"acf":[],"yoast_head":"<!-- This site is optimized with the Yoast SEO plugin v26.9 - https:\/\/yoast.com\/product\/yoast-seo-wordpress\/ -->\n<title>Mutters\u00f6hnchen basamakta<\/title>\n<meta name=\"description\" content=\"Bizim &quot;Anne O\u011flu&quot; 20. Mecklenburg-Vorpommern \u00d6\u011frenci Gazetesi Yar\u0131\u015fmas\u0131&#039;nda 3. \u00f6d\u00fcl\u00fc ald\u0131.\" \/>\n<meta name=\"robots\" content=\"index, follow, max-snippet:-1, max-image-preview:large, max-video-preview:-1\" \/>\n<link rel=\"canonical\" href=\"https:\/\/www.schlosstorgelow.de\/tr\/muttersoehnchen-basamakta\" \/>\n<meta property=\"og:locale\" content=\"tr_TR\" \/>\n<meta property=\"og:type\" content=\"article\" \/>\n<meta property=\"og:title\" content=\"Mutters\u00f6hnchen basamakta\" \/>\n<meta property=\"og:description\" content=\"Bizim &quot;Anne O\u011flu&quot; 20. Mecklenburg-Vorpommern \u00d6\u011frenci Gazetesi Yar\u0131\u015fmas\u0131&#039;nda 3. \u00f6d\u00fcl\u00fc ald\u0131.\" \/>\n<meta property=\"og:url\" content=\"https:\/\/www.schlosstorgelow.de\/tr\/muttersoehnchen-basamakta\" \/>\n<meta property=\"og:site_name\" content=\"Schloss Torgelow\" \/>\n<meta property=\"article:published_time\" content=\"2025-04-24T11:33:59+00:00\" \/>\n<meta property=\"article:modified_time\" content=\"2026-01-12T09:28:27+00:00\" \/>\n<meta name=\"author\" content=\"Schloss Torgelow\" \/>\n<meta name=\"twitter:card\" content=\"summary_large_image\" \/>\n<meta name=\"twitter:label1\" content=\"Yazan:\" \/>\n\t<meta name=\"twitter:data1\" content=\"Schloss Torgelow\" \/>\n\t<meta name=\"twitter:label2\" content=\"Tahmini okuma s\u00fcresi\" \/>\n\t<meta name=\"twitter:data2\" content=\"2 dakika\" \/>\n<script type=\"application\/ld+json\" class=\"yoast-schema-graph\">{\"@context\":\"https:\/\/schema.org\",\"@graph\":[{\"@type\":\"Article\",\"@id\":\"https:\/\/www.schlosstorgelow.de\/tr\/muttersoehnchen-basamakta#article\",\"isPartOf\":{\"@id\":\"https:\/\/www.schlosstorgelow.de\/tr\/muttersoehnchen-basamakta\"},\"author\":{\"name\":\"Schloss Torgelow\",\"@id\":\"https:\/\/www.schlosstorgelow.de\/tr#\/schema\/person\/b76bbb367f3a20c7ced1339e4875691e\"},\"headline\":\"Mutters\u00f6hnchen basamakta\",\"datePublished\":\"2025-04-24T11:33:59+00:00\",\"dateModified\":\"2026-01-12T09:28:27+00:00\",\"mainEntityOfPage\":{\"@id\":\"https:\/\/www.schlosstorgelow.de\/tr\/muttersoehnchen-basamakta\"},\"wordCount\":456,\"image\":{\"@id\":\"https:\/\/www.schlosstorgelow.de\/tr\/muttersoehnchen-basamakta#primaryimage\"},\"thumbnailUrl\":\"https:\/\/www.schlosstorgelow.de\/wp-content\/uploads\/2025\/07\/sz-wettbewerb-2025_header_st.avif\",\"articleSection\":[\"Torgelow Haberleri\"],\"inLanguage\":\"tr\"},{\"@type\":\"WebPage\",\"@id\":\"https:\/\/www.schlosstorgelow.de\/tr\/muttersoehnchen-basamakta#webpage\",\"url\":\"https:\/\/www.schlosstorgelow.de\/tr\/muttersoehnchen-basamakta\",\"name\":\"Mutters\u00f6hnchen basamakta\",\"isPartOf\":{\"@id\":\"https:\/\/www.schlosstorgelow.de\/tr#website\"},\"primaryImageOfPage\":{\"@id\":\"https:\/\/www.schlosstorgelow.de\/tr\/muttersoehnchen-basamakta#primaryimage\"},\"image\":{\"@id\":\"https:\/\/www.schlosstorgelow.de\/tr\/muttersoehnchen-basamakta#primaryimage\"},\"thumbnailUrl\":\"https:\/\/www.schlosstorgelow.de\/wp-content\/uploads\/2025\/07\/sz-wettbewerb-2025_header_st.avif\",\"datePublished\":\"2025-04-24T11:33:59+00:00\",\"dateModified\":\"2026-01-12T09:28:27+00:00\",\"author\":{\"@id\":\"https:\/\/www.schlosstorgelow.de\/tr#\/schema\/person\/b76bbb367f3a20c7ced1339e4875691e\"},\"description\":\"Bizim \\\"Anne O\u011flu\\\" 20. Mecklenburg-Vorpommern \u00d6\u011frenci Gazetesi Yar\u0131\u015fmas\u0131'nda 3. \u00f6d\u00fcl\u00fc ald\u0131.\",\"breadcrumb\":{\"@id\":\"https:\/\/www.schlosstorgelow.de\/tr\/muttersoehnchen-basamakta#breadcrumb\"},\"inLanguage\":\"tr\",\"potentialAction\":[{\"@type\":\"ReadAction\",\"target\":[\"https:\/\/www.schlosstorgelow.de\/tr\/muttersoehnchen-basamakta\"]}]},{\"@type\":\"ImageObject\",\"inLanguage\":\"tr\",\"@id\":\"https:\/\/www.schlosstorgelow.de\/tr\/muttersoehnchen-basamakta#primaryimage\",\"url\":\"https:\/\/www.schlosstorgelow.de\/wp-content\/uploads\/2025\/07\/sz-wettbewerb-2025_header_st.avif\",\"contentUrl\":\"https:\/\/www.schlosstorgelow.de\/wp-content\/uploads\/2025\/07\/sz-wettbewerb-2025_header_st.avif\",\"width\":1920,\"height\":1080,\"caption\":\"Ana kuzusu merdivende\"},{\"@type\":\"BreadcrumbList\",\"@id\":\"https:\/\/www.schlosstorgelow.de\/tr\/muttersoehnchen-basamakta#breadcrumb\",\"itemListElement\":[{\"@type\":\"ListItem\",\"position\":1,\"name\":\"Startseite\",\"item\":\"https:\/\/www.schlosstorgelow.de\/tr\"},{\"@type\":\"ListItem\",\"position\":2,\"name\":\"Mutters\u00f6hnchen basamakta\"}]},{\"@type\":\"WebSite\",\"@id\":\"https:\/\/www.schlosstorgelow.de\/tr#website\",\"url\":\"https:\/\/www.schlosstorgelow.de\/tr\",\"name\":\"Schloss Torgelow\",\"description\":\"\u00d6zel yat\u0131l\u0131 lise Schloss Torgelow \u2013 zorluklar\u0131 seven \u00f6\u011frenciler i\u00e7in yat\u0131l\u0131 okul.\",\"potentialAction\":[{\"@type\":\"SearchAction\",\"target\":{\"@type\":\"EntryPoint\",\"urlTemplate\":\"https:\/\/www.schlosstorgelow.de\/tr?s={search_term_string}\"},\"query-input\":{\"@type\":\"PropertyValueSpecification\",\"valueRequired\":true,\"valueName\":\"search_term_string\"}}],\"inLanguage\":\"tr\"},{\"@type\":\"Person\",\"@id\":\"https:\/\/www.schlosstorgelow.de\/tr#\/schema\/person\/b76bbb367f3a20c7ced1339e4875691e\",\"name\":\"Schloss Torgelow\",\"image\":{\"@type\":\"ImageObject\",\"inLanguage\":\"tr\",\"@id\":\"https:\/\/www.schlosstorgelow.de\/tr#\/schema\/person\/image\/\",\"url\":\"https:\/\/secure.gravatar.com\/avatar\/4bad9bf1bee90f77b98693d3ad03ade085c80c169595427c58c58e5b069f49e1?s=96&d=mm&r=g\",\"contentUrl\":\"https:\/\/secure.gravatar.com\/avatar\/4bad9bf1bee90f77b98693d3ad03ade085c80c169595427c58c58e5b069f49e1?s=96&d=mm&r=g\",\"caption\":\"Schloss Torgelow\"},\"sameAs\":[\"https:\/\/www.schlosstorgelow.de\"]}]}<\/script>\n<!-- \/ Yoast SEO plugin. -->","yoast_head_json":{"title":"Mutters\u00f6hnchen basamakta","description":"Bizim \"Anne O\u011flu\" 20. Mecklenburg-Vorpommern \u00d6\u011frenci Gazetesi Yar\u0131\u015fmas\u0131'nda 3. \u00f6d\u00fcl\u00fc ald\u0131.","robots":{"index":"index","follow":"follow","max-snippet":"max-snippet:-1","max-image-preview":"max-image-preview:large","max-video-preview":"max-video-preview:-1"},"canonical":"https:\/\/www.schlosstorgelow.de\/tr\/muttersoehnchen-basamakta","og_locale":"tr_TR","og_type":"article","og_title":"Mutters\u00f6hnchen basamakta","og_description":"Bizim \"Anne O\u011flu\" 20. Mecklenburg-Vorpommern \u00d6\u011frenci Gazetesi Yar\u0131\u015fmas\u0131'nda 3. \u00f6d\u00fcl\u00fc ald\u0131.","og_url":"https:\/\/www.schlosstorgelow.de\/tr\/muttersoehnchen-basamakta","og_site_name":"Schloss Torgelow","article_published_time":"2025-04-24T11:33:59+00:00","article_modified_time":"2026-01-12T09:28:27+00:00","author":"Schloss Torgelow","twitter_card":"summary_large_image","twitter_misc":{"Yazan:":"Schloss Torgelow","Tahmini okuma s\u00fcresi":"2 dakika"},"schema":{"@context":"https:\/\/schema.org","@graph":[{"@type":"Article","@id":"https:\/\/www.schlosstorgelow.de\/tr\/muttersoehnchen-basamakta#article","isPartOf":{"@id":"https:\/\/www.schlosstorgelow.de\/tr\/muttersoehnchen-basamakta"},"author":{"name":"Schloss Torgelow","@id":"https:\/\/www.schlosstorgelow.de\/tr#\/schema\/person\/b76bbb367f3a20c7ced1339e4875691e"},"headline":"Mutters\u00f6hnchen basamakta","datePublished":"2025-04-24T11:33:59+00:00","dateModified":"2026-01-12T09:28:27+00:00","mainEntityOfPage":{"@id":"https:\/\/www.schlosstorgelow.de\/tr\/muttersoehnchen-basamakta"},"wordCount":456,"image":{"@id":"https:\/\/www.schlosstorgelow.de\/tr\/muttersoehnchen-basamakta#primaryimage"},"thumbnailUrl":"https:\/\/www.schlosstorgelow.de\/wp-content\/uploads\/2025\/07\/sz-wettbewerb-2025_header_st.avif","articleSection":["Torgelow Haberleri"],"inLanguage":"tr"},{"@type":"WebPage","@id":"https:\/\/www.schlosstorgelow.de\/tr\/muttersoehnchen-basamakta#webpage","url":"https:\/\/www.schlosstorgelow.de\/tr\/muttersoehnchen-basamakta","name":"Mutters\u00f6hnchen basamakta","isPartOf":{"@id":"https:\/\/www.schlosstorgelow.de\/tr#website"},"primaryImageOfPage":{"@id":"https:\/\/www.schlosstorgelow.de\/tr\/muttersoehnchen-basamakta#primaryimage"},"image":{"@id":"https:\/\/www.schlosstorgelow.de\/tr\/muttersoehnchen-basamakta#primaryimage"},"thumbnailUrl":"https:\/\/www.schlosstorgelow.de\/wp-content\/uploads\/2025\/07\/sz-wettbewerb-2025_header_st.avif","datePublished":"2025-04-24T11:33:59+00:00","dateModified":"2026-01-12T09:28:27+00:00","author":{"@id":"https:\/\/www.schlosstorgelow.de\/tr#\/schema\/person\/b76bbb367f3a20c7ced1339e4875691e"},"description":"Bizim \"Anne O\u011flu\" 20. Mecklenburg-Vorpommern \u00d6\u011frenci Gazetesi Yar\u0131\u015fmas\u0131'nda 3. \u00f6d\u00fcl\u00fc ald\u0131.","breadcrumb":{"@id":"https:\/\/www.schlosstorgelow.de\/tr\/muttersoehnchen-basamakta#breadcrumb"},"inLanguage":"tr","potentialAction":[{"@type":"ReadAction","target":["https:\/\/www.schlosstorgelow.de\/tr\/muttersoehnchen-basamakta"]}]},{"@type":"ImageObject","inLanguage":"tr","@id":"https:\/\/www.schlosstorgelow.de\/tr\/muttersoehnchen-basamakta#primaryimage","url":"https:\/\/www.schlosstorgelow.de\/wp-content\/uploads\/2025\/07\/sz-wettbewerb-2025_header_st.avif","contentUrl":"https:\/\/www.schlosstorgelow.de\/wp-content\/uploads\/2025\/07\/sz-wettbewerb-2025_header_st.avif","width":1920,"height":1080,"caption":"Ana kuzusu merdivende"},{"@type":"BreadcrumbList","@id":"https:\/\/www.schlosstorgelow.de\/tr\/muttersoehnchen-basamakta#breadcrumb","itemListElement":[{"@type":"ListItem","position":1,"name":"Startseite","item":"https:\/\/www.schlosstorgelow.de\/tr"},{"@type":"ListItem","position":2,"name":"Mutters\u00f6hnchen basamakta"}]},{"@type":"WebSite","@id":"https:\/\/www.schlosstorgelow.de\/tr#website","url":"https:\/\/www.schlosstorgelow.de\/tr","name":"Schloss Torgelow","description":"\u00d6zel yat\u0131l\u0131 lise Schloss Torgelow \u2013 zorluklar\u0131 seven \u00f6\u011frenciler i\u00e7in yat\u0131l\u0131 okul.","potentialAction":[{"@type":"SearchAction","target":{"@type":"EntryPoint","urlTemplate":"https:\/\/www.schlosstorgelow.de\/tr?s={search_term_string}"},"query-input":{"@type":"PropertyValueSpecification","valueRequired":true,"valueName":"search_term_string"}}],"inLanguage":"tr"},{"@type":"Person","@id":"https:\/\/www.schlosstorgelow.de\/tr#\/schema\/person\/b76bbb367f3a20c7ced1339e4875691e","name":"Schloss Torgelow","image":{"@type":"ImageObject","inLanguage":"tr","@id":"https:\/\/www.schlosstorgelow.de\/tr#\/schema\/person\/image\/","url":"https:\/\/secure.gravatar.com\/avatar\/4bad9bf1bee90f77b98693d3ad03ade085c80c169595427c58c58e5b069f49e1?s=96&d=mm&r=g","contentUrl":"https:\/\/secure.gravatar.com\/avatar\/4bad9bf1bee90f77b98693d3ad03ade085c80c169595427c58c58e5b069f49e1?s=96&d=mm&r=g","caption":"Schloss Torgelow"},"sameAs":["https:\/\/www.schlosstorgelow.de"]}]}},"block_visibility_meta":[],"_links":{"self":[{"href":"https:\/\/www.schlosstorgelow.de\/tr\/wp-json\/wp\/v2\/posts\/82764","targetHints":{"allow":["GET"]}}],"collection":[{"href":"https:\/\/www.schlosstorgelow.de\/tr\/wp-json\/wp\/v2\/posts"}],"about":[{"href":"https:\/\/www.schlosstorgelow.de\/tr\/wp-json\/wp\/v2\/types\/post"}],"author":[{"embeddable":true,"href":"https:\/\/www.schlosstorgelow.de\/tr\/wp-json\/wp\/v2\/users\/1"}],"replies":[{"embeddable":true,"href":"https:\/\/www.schlosstorgelow.de\/tr\/wp-json\/wp\/v2\/comments?post=82764"}],"version-history":[{"count":0,"href":"https:\/\/www.schlosstorgelow.de\/tr\/wp-json\/wp\/v2\/posts\/82764\/revisions"}],"wp:featuredmedia":[{"embeddable":true,"href":"https:\/\/www.schlosstorgelow.de\/tr\/wp-json\/wp\/v2\/media\/44408"}],"wp:attachment":[{"href":"https:\/\/www.schlosstorgelow.de\/tr\/wp-json\/wp\/v2\/media?parent=82764"}],"wp:term":[{"taxonomy":"category","embeddable":true,"href":"https:\/\/www.schlosstorgelow.de\/tr\/wp-json\/wp\/v2\/categories?post=82764"},{"taxonomy":"post_tag","embeddable":true,"href":"https:\/\/www.schlosstorgelow.de\/tr\/wp-json\/wp\/v2\/tags?post=82764"}],"curies":[{"name":"wp","href":"https:\/\/api.w.org\/{rel}","templated":true}]}}