{"id":82757,"date":"2025-04-24T12:38:28","date_gmt":"2025-04-24T12:38:28","guid":{"rendered":"https:\/\/www.schlosstorgelow.de\/bahar-geliyor-6-sinif-okul-bahcesini-duezenliyor"},"modified":"2026-01-12T09:26:24","modified_gmt":"2026-01-12T09:26:24","slug":"bahar-geliyor-6-sinif-okul-bahcesini-duezenliyor","status":"publish","type":"post","link":"https:\/\/www.schlosstorgelow.de\/tr\/bahar-geliyor-6-sinif-okul-bahcesini-duezenliyor","title":{"rendered":"Bahar geliyor &#8211; 6. s\u0131n\u0131f okul bah\u00e7esini d\u00fczenliyor"},"content":{"rendered":"\n<p><i>Hen\u00fcz okul bah\u00e7esi s\u0131radan bir ye\u015fil alan gibi g\u00f6r\u00fcn\u00fcyor &#8211; ama bu durum uzun s\u00fcrmeyecek. 6. s\u0131n\u0131f \u00f6\u011frencileri b\u00fcy\u00fck planlar yap\u0131yor: Yarat\u0131c\u0131 fikirlerle, dikkatli bir planlama ile ve bolca enerjiyle okul bah\u00e7emiz ad\u0131m ad\u0131m hayata ge\u00e7iyor. <\/i><\/p>\n\n<p>Birlikte burada gelecekte hangi bitkilerin yeti\u015fece\u011fi d\u00fc\u015f\u00fcn\u00fcld\u00fc. Se\u00e7im, gevrek havu\u00e7lardan ve sulu \u00e7ileklerden, ar\u0131lar\u0131, bombus ar\u0131lar\u0131n\u0131 ve kelebekleri \u00e7ekecek renkte a\u00e7an bir \u00e7i\u00e7ekli alana kadar uzan\u0131yor. Hedef, sadece bah\u00e7ecilik yapmak i\u00e7in de\u011fil, ayn\u0131 zamanda g\u00f6zlemlemek, ara\u015ft\u0131rmak ve keyif almak i\u00e7in de davet eden bir bah\u00e7e yaratmakt\u0131r.  <\/p>\n\n<p>\u0130lk yataklar zaten planlan\u0131yor, tohum listeleri yaz\u0131ld\u0131 &#8211; \u015fimdi yap\u0131lmas\u0131 gereken: kollar\u0131 s\u0131vamak, topra\u011f\u0131 haz\u0131rlamak, yak\u0131nda ekilecek, sulanacak, yabani otlardan ar\u0131nd\u0131r\u0131lacak ve daha sonra da hasat edilecek.<\/p>\n\n<p>\u00d6zel bir vurgu: &#8220;Daha fazla bal&#8221; projesi ile i\u015fbirli\u011fi i\u00e7inde \u015fu anda bir b\u00f6cek oteli, bir yabanar\u0131s\u0131 evi ve yaban ar\u0131lar\u0131 i\u00e7in yuvalama olanaklar\u0131 olu\u015fturuluyor &#8211; bu, biyolojik \u00e7e\u015fitlili\u011fin korunmas\u0131na ve okul hayat\u0131nda ekolojik bir bilincin te\u015fvikine de\u011ferli bir katk\u0131.<\/p>\n\n<p>Okul bah\u00e7esi \u00f6n\u00fcm\u00fczdeki haftalarda do\u011fay\u0131 deneyimlemek i\u00e7in bir \u00f6\u011frenme alan\u0131na d\u00f6n\u00fc\u015fecek &#8211; dokunma, \u015fekillendirme ve hayran kalma i\u00e7in bir\u00e7ok imkan sunacak. T\u00fcm \u00e7al\u0131\u015fkan k\u00fc\u00e7\u00fck ve b\u00fcy\u00fck yard\u0131mc\u0131lar\u0131m\u0131za \u00e7ok te\u015fekk\u00fcr ederiz. <\/p>\n","protected":false},"excerpt":{"rendered":"<p>\u015eu anda okul bah\u00e7esi s\u0131radan bir ye\u015fil alan gibi g\u00f6r\u00fcn\u00fcyor &#8211; ama bu b\u00f6yle uzun s\u00fcrmeyecek. 6. s\u0131n\u0131f \u00f6\u011frencileri b\u00fcy\u00fck planlar yap\u0131yor. <\/p>\n","protected":false},"author":1,"featured_media":43820,"comment_status":"closed","ping_status":"closed","sticky":false,"template":"","format":"standard","meta":{"_acf_changed":false,"_yoast_wpseo_title":"Bahar geliyor - 6. s\u0131n\u0131f okul bah\u00e7esini d\u00fczenliyor","_yoast_wpseo_metadesc":"Hen\u00fcz okul bah\u00e7esi s\u0131radan bir ye\u015fil alan gibi g\u00f6r\u00fcn\u00fcyor - ama bu uzun s\u00fcrmeyecek. 6. s\u0131n\u0131f \u00f6\u011frencileri b\u00fcy\u00fck \u015feyler planl\u0131yor.","excerpt":"\u015eu anda okul bah\u00e7esi s\u0131radan bir ye\u015fil alan gibi g\u00f6r\u00fcn\u00fcyor - ama bu b\u00f6yle uzun s\u00fcrmeyecek. 6. s\u0131n\u0131f \u00f6\u011frencileri b\u00fcy\u00fck planlar yap\u0131yor. ","footnotes":""},"categories":[34],"tags":[],"class_list":{"0":"post-82757","1":"post","2":"type-post","3":"status-publish","4":"format-standard","5":"has-post-thumbnail","7":"category-torgelow-haberleri"},"acf":[],"yoast_head":"<!-- This site is optimized with the Yoast SEO plugin v26.9 - https:\/\/yoast.com\/product\/yoast-seo-wordpress\/ -->\n<title>Bahar geliyor - 6. s\u0131n\u0131f okul bah\u00e7esini d\u00fczenliyor<\/title>\n<meta name=\"description\" content=\"Hen\u00fcz okul bah\u00e7esi s\u0131radan bir ye\u015fil alan gibi g\u00f6r\u00fcn\u00fcyor - ama bu uzun s\u00fcrmeyecek. 6. s\u0131n\u0131f \u00f6\u011frencileri b\u00fcy\u00fck \u015feyler planl\u0131yor.\" \/>\n<meta name=\"robots\" content=\"index, follow, max-snippet:-1, max-image-preview:large, max-video-preview:-1\" \/>\n<link rel=\"canonical\" href=\"https:\/\/www.schlosstorgelow.de\/tr\/bahar-geliyor-6-sinif-okul-bahcesini-duezenliyor\" \/>\n<meta property=\"og:locale\" content=\"tr_TR\" \/>\n<meta property=\"og:type\" content=\"article\" \/>\n<meta property=\"og:title\" content=\"Bahar geliyor - 6. s\u0131n\u0131f okul bah\u00e7esini d\u00fczenliyor\" \/>\n<meta property=\"og:description\" content=\"Hen\u00fcz okul bah\u00e7esi s\u0131radan bir ye\u015fil alan gibi g\u00f6r\u00fcn\u00fcyor - ama bu uzun s\u00fcrmeyecek. 6. s\u0131n\u0131f \u00f6\u011frencileri b\u00fcy\u00fck \u015feyler planl\u0131yor.\" \/>\n<meta property=\"og:url\" content=\"https:\/\/www.schlosstorgelow.de\/tr\/bahar-geliyor-6-sinif-okul-bahcesini-duezenliyor\" \/>\n<meta property=\"og:site_name\" content=\"Schloss Torgelow\" \/>\n<meta property=\"article:published_time\" content=\"2025-04-24T12:38:28+00:00\" \/>\n<meta property=\"article:modified_time\" content=\"2026-01-12T09:26:24+00:00\" \/>\n<meta name=\"author\" content=\"Schloss Torgelow\" \/>\n<meta name=\"twitter:card\" content=\"summary_large_image\" \/>\n<meta name=\"twitter:label1\" content=\"Yazan:\" \/>\n\t<meta name=\"twitter:data1\" content=\"Schloss Torgelow\" \/>\n\t<meta name=\"twitter:label2\" content=\"Tahmini okuma s\u00fcresi\" \/>\n\t<meta name=\"twitter:data2\" content=\"1 dakika\" \/>\n<script type=\"application\/ld+json\" class=\"yoast-schema-graph\">{\"@context\":\"https:\/\/schema.org\",\"@graph\":[{\"@type\":\"Article\",\"@id\":\"https:\/\/www.schlosstorgelow.de\/tr\/bahar-geliyor-6-sinif-okul-bahcesini-duezenliyor#article\",\"isPartOf\":{\"@id\":\"https:\/\/www.schlosstorgelow.de\/tr\/bahar-geliyor-6-sinif-okul-bahcesini-duezenliyor\"},\"author\":{\"name\":\"Schloss Torgelow\",\"@id\":\"https:\/\/www.schlosstorgelow.de\/tr#\/schema\/person\/b76bbb367f3a20c7ced1339e4875691e\"},\"headline\":\"Bahar geliyor &#8211; 6. s\u0131n\u0131f okul bah\u00e7esini d\u00fczenliyor\",\"datePublished\":\"2025-04-24T12:38:28+00:00\",\"dateModified\":\"2026-01-12T09:26:24+00:00\",\"mainEntityOfPage\":{\"@id\":\"https:\/\/www.schlosstorgelow.de\/tr\/bahar-geliyor-6-sinif-okul-bahcesini-duezenliyor\"},\"wordCount\":272,\"image\":{\"@id\":\"https:\/\/www.schlosstorgelow.de\/tr\/bahar-geliyor-6-sinif-okul-bahcesini-duezenliyor#primaryimage\"},\"thumbnailUrl\":\"https:\/\/www.schlosstorgelow.de\/wp-content\/uploads\/2025\/07\/schulgarten-fresh-up_header_st.avif\",\"articleSection\":[\"Torgelow Haberleri\"],\"inLanguage\":\"tr\"},{\"@type\":\"WebPage\",\"@id\":\"https:\/\/www.schlosstorgelow.de\/tr\/bahar-geliyor-6-sinif-okul-bahcesini-duezenliyor#webpage\",\"url\":\"https:\/\/www.schlosstorgelow.de\/tr\/bahar-geliyor-6-sinif-okul-bahcesini-duezenliyor\",\"name\":\"Bahar geliyor - 6. s\u0131n\u0131f okul bah\u00e7esini d\u00fczenliyor\",\"isPartOf\":{\"@id\":\"https:\/\/www.schlosstorgelow.de\/tr#website\"},\"primaryImageOfPage\":{\"@id\":\"https:\/\/www.schlosstorgelow.de\/tr\/bahar-geliyor-6-sinif-okul-bahcesini-duezenliyor#primaryimage\"},\"image\":{\"@id\":\"https:\/\/www.schlosstorgelow.de\/tr\/bahar-geliyor-6-sinif-okul-bahcesini-duezenliyor#primaryimage\"},\"thumbnailUrl\":\"https:\/\/www.schlosstorgelow.de\/wp-content\/uploads\/2025\/07\/schulgarten-fresh-up_header_st.avif\",\"datePublished\":\"2025-04-24T12:38:28+00:00\",\"dateModified\":\"2026-01-12T09:26:24+00:00\",\"author\":{\"@id\":\"https:\/\/www.schlosstorgelow.de\/tr#\/schema\/person\/b76bbb367f3a20c7ced1339e4875691e\"},\"description\":\"Hen\u00fcz okul bah\u00e7esi s\u0131radan bir ye\u015fil alan gibi g\u00f6r\u00fcn\u00fcyor - ama bu uzun s\u00fcrmeyecek. 6. s\u0131n\u0131f \u00f6\u011frencileri b\u00fcy\u00fck \u015feyler planl\u0131yor.\",\"breadcrumb\":{\"@id\":\"https:\/\/www.schlosstorgelow.de\/tr\/bahar-geliyor-6-sinif-okul-bahcesini-duezenliyor#breadcrumb\"},\"inLanguage\":\"tr\",\"potentialAction\":[{\"@type\":\"ReadAction\",\"target\":[\"https:\/\/www.schlosstorgelow.de\/tr\/bahar-geliyor-6-sinif-okul-bahcesini-duezenliyor\"]}]},{\"@type\":\"ImageObject\",\"inLanguage\":\"tr\",\"@id\":\"https:\/\/www.schlosstorgelow.de\/tr\/bahar-geliyor-6-sinif-okul-bahcesini-duezenliyor#primaryimage\",\"url\":\"https:\/\/www.schlosstorgelow.de\/wp-content\/uploads\/2025\/07\/schulgarten-fresh-up_header_st.avif\",\"contentUrl\":\"https:\/\/www.schlosstorgelow.de\/wp-content\/uploads\/2025\/07\/schulgarten-fresh-up_header_st.avif\",\"width\":1920,\"height\":1080,\"caption\":\"Bahar geliyor \u2013 6. s\u0131n\u0131f okul bah\u00e7esini d\u00fczenliyor\"},{\"@type\":\"BreadcrumbList\",\"@id\":\"https:\/\/www.schlosstorgelow.de\/tr\/bahar-geliyor-6-sinif-okul-bahcesini-duezenliyor#breadcrumb\",\"itemListElement\":[{\"@type\":\"ListItem\",\"position\":1,\"name\":\"Startseite\",\"item\":\"https:\/\/www.schlosstorgelow.de\/tr\"},{\"@type\":\"ListItem\",\"position\":2,\"name\":\"Bahar geliyor &#8211; 6. s\u0131n\u0131f okul bah\u00e7esini d\u00fczenliyor\"}]},{\"@type\":\"WebSite\",\"@id\":\"https:\/\/www.schlosstorgelow.de\/tr#website\",\"url\":\"https:\/\/www.schlosstorgelow.de\/tr\",\"name\":\"Schloss Torgelow\",\"description\":\"\u00d6zel yat\u0131l\u0131 lise Schloss Torgelow \u2013 zorluklar\u0131 seven \u00f6\u011frenciler i\u00e7in yat\u0131l\u0131 okul.\",\"potentialAction\":[{\"@type\":\"SearchAction\",\"target\":{\"@type\":\"EntryPoint\",\"urlTemplate\":\"https:\/\/www.schlosstorgelow.de\/tr?s={search_term_string}\"},\"query-input\":{\"@type\":\"PropertyValueSpecification\",\"valueRequired\":true,\"valueName\":\"search_term_string\"}}],\"inLanguage\":\"tr\"},{\"@type\":\"Person\",\"@id\":\"https:\/\/www.schlosstorgelow.de\/tr#\/schema\/person\/b76bbb367f3a20c7ced1339e4875691e\",\"name\":\"Schloss Torgelow\",\"image\":{\"@type\":\"ImageObject\",\"inLanguage\":\"tr\",\"@id\":\"https:\/\/www.schlosstorgelow.de\/tr#\/schema\/person\/image\/\",\"url\":\"https:\/\/secure.gravatar.com\/avatar\/4bad9bf1bee90f77b98693d3ad03ade085c80c169595427c58c58e5b069f49e1?s=96&d=mm&r=g\",\"contentUrl\":\"https:\/\/secure.gravatar.com\/avatar\/4bad9bf1bee90f77b98693d3ad03ade085c80c169595427c58c58e5b069f49e1?s=96&d=mm&r=g\",\"caption\":\"Schloss Torgelow\"},\"sameAs\":[\"https:\/\/www.schlosstorgelow.de\"]}]}<\/script>\n<!-- \/ Yoast SEO plugin. -->","yoast_head_json":{"title":"Bahar geliyor - 6. s\u0131n\u0131f okul bah\u00e7esini d\u00fczenliyor","description":"Hen\u00fcz okul bah\u00e7esi s\u0131radan bir ye\u015fil alan gibi g\u00f6r\u00fcn\u00fcyor - ama bu uzun s\u00fcrmeyecek. 6. s\u0131n\u0131f \u00f6\u011frencileri b\u00fcy\u00fck \u015feyler planl\u0131yor.","robots":{"index":"index","follow":"follow","max-snippet":"max-snippet:-1","max-image-preview":"max-image-preview:large","max-video-preview":"max-video-preview:-1"},"canonical":"https:\/\/www.schlosstorgelow.de\/tr\/bahar-geliyor-6-sinif-okul-bahcesini-duezenliyor","og_locale":"tr_TR","og_type":"article","og_title":"Bahar geliyor - 6. s\u0131n\u0131f okul bah\u00e7esini d\u00fczenliyor","og_description":"Hen\u00fcz okul bah\u00e7esi s\u0131radan bir ye\u015fil alan gibi g\u00f6r\u00fcn\u00fcyor - ama bu uzun s\u00fcrmeyecek. 6. s\u0131n\u0131f \u00f6\u011frencileri b\u00fcy\u00fck \u015feyler planl\u0131yor.","og_url":"https:\/\/www.schlosstorgelow.de\/tr\/bahar-geliyor-6-sinif-okul-bahcesini-duezenliyor","og_site_name":"Schloss Torgelow","article_published_time":"2025-04-24T12:38:28+00:00","article_modified_time":"2026-01-12T09:26:24+00:00","author":"Schloss Torgelow","twitter_card":"summary_large_image","twitter_misc":{"Yazan:":"Schloss Torgelow","Tahmini okuma s\u00fcresi":"1 dakika"},"schema":{"@context":"https:\/\/schema.org","@graph":[{"@type":"Article","@id":"https:\/\/www.schlosstorgelow.de\/tr\/bahar-geliyor-6-sinif-okul-bahcesini-duezenliyor#article","isPartOf":{"@id":"https:\/\/www.schlosstorgelow.de\/tr\/bahar-geliyor-6-sinif-okul-bahcesini-duezenliyor"},"author":{"name":"Schloss Torgelow","@id":"https:\/\/www.schlosstorgelow.de\/tr#\/schema\/person\/b76bbb367f3a20c7ced1339e4875691e"},"headline":"Bahar geliyor &#8211; 6. s\u0131n\u0131f okul bah\u00e7esini d\u00fczenliyor","datePublished":"2025-04-24T12:38:28+00:00","dateModified":"2026-01-12T09:26:24+00:00","mainEntityOfPage":{"@id":"https:\/\/www.schlosstorgelow.de\/tr\/bahar-geliyor-6-sinif-okul-bahcesini-duezenliyor"},"wordCount":272,"image":{"@id":"https:\/\/www.schlosstorgelow.de\/tr\/bahar-geliyor-6-sinif-okul-bahcesini-duezenliyor#primaryimage"},"thumbnailUrl":"https:\/\/www.schlosstorgelow.de\/wp-content\/uploads\/2025\/07\/schulgarten-fresh-up_header_st.avif","articleSection":["Torgelow Haberleri"],"inLanguage":"tr"},{"@type":"WebPage","@id":"https:\/\/www.schlosstorgelow.de\/tr\/bahar-geliyor-6-sinif-okul-bahcesini-duezenliyor#webpage","url":"https:\/\/www.schlosstorgelow.de\/tr\/bahar-geliyor-6-sinif-okul-bahcesini-duezenliyor","name":"Bahar geliyor - 6. s\u0131n\u0131f okul bah\u00e7esini d\u00fczenliyor","isPartOf":{"@id":"https:\/\/www.schlosstorgelow.de\/tr#website"},"primaryImageOfPage":{"@id":"https:\/\/www.schlosstorgelow.de\/tr\/bahar-geliyor-6-sinif-okul-bahcesini-duezenliyor#primaryimage"},"image":{"@id":"https:\/\/www.schlosstorgelow.de\/tr\/bahar-geliyor-6-sinif-okul-bahcesini-duezenliyor#primaryimage"},"thumbnailUrl":"https:\/\/www.schlosstorgelow.de\/wp-content\/uploads\/2025\/07\/schulgarten-fresh-up_header_st.avif","datePublished":"2025-04-24T12:38:28+00:00","dateModified":"2026-01-12T09:26:24+00:00","author":{"@id":"https:\/\/www.schlosstorgelow.de\/tr#\/schema\/person\/b76bbb367f3a20c7ced1339e4875691e"},"description":"Hen\u00fcz okul bah\u00e7esi s\u0131radan bir ye\u015fil alan gibi g\u00f6r\u00fcn\u00fcyor - ama bu uzun s\u00fcrmeyecek. 6. s\u0131n\u0131f \u00f6\u011frencileri b\u00fcy\u00fck \u015feyler planl\u0131yor.","breadcrumb":{"@id":"https:\/\/www.schlosstorgelow.de\/tr\/bahar-geliyor-6-sinif-okul-bahcesini-duezenliyor#breadcrumb"},"inLanguage":"tr","potentialAction":[{"@type":"ReadAction","target":["https:\/\/www.schlosstorgelow.de\/tr\/bahar-geliyor-6-sinif-okul-bahcesini-duezenliyor"]}]},{"@type":"ImageObject","inLanguage":"tr","@id":"https:\/\/www.schlosstorgelow.de\/tr\/bahar-geliyor-6-sinif-okul-bahcesini-duezenliyor#primaryimage","url":"https:\/\/www.schlosstorgelow.de\/wp-content\/uploads\/2025\/07\/schulgarten-fresh-up_header_st.avif","contentUrl":"https:\/\/www.schlosstorgelow.de\/wp-content\/uploads\/2025\/07\/schulgarten-fresh-up_header_st.avif","width":1920,"height":1080,"caption":"Bahar geliyor \u2013 6. s\u0131n\u0131f okul bah\u00e7esini d\u00fczenliyor"},{"@type":"BreadcrumbList","@id":"https:\/\/www.schlosstorgelow.de\/tr\/bahar-geliyor-6-sinif-okul-bahcesini-duezenliyor#breadcrumb","itemListElement":[{"@type":"ListItem","position":1,"name":"Startseite","item":"https:\/\/www.schlosstorgelow.de\/tr"},{"@type":"ListItem","position":2,"name":"Bahar geliyor &#8211; 6. s\u0131n\u0131f okul bah\u00e7esini d\u00fczenliyor"}]},{"@type":"WebSite","@id":"https:\/\/www.schlosstorgelow.de\/tr#website","url":"https:\/\/www.schlosstorgelow.de\/tr","name":"Schloss Torgelow","description":"\u00d6zel yat\u0131l\u0131 lise Schloss Torgelow \u2013 zorluklar\u0131 seven \u00f6\u011frenciler i\u00e7in yat\u0131l\u0131 okul.","potentialAction":[{"@type":"SearchAction","target":{"@type":"EntryPoint","urlTemplate":"https:\/\/www.schlosstorgelow.de\/tr?s={search_term_string}"},"query-input":{"@type":"PropertyValueSpecification","valueRequired":true,"valueName":"search_term_string"}}],"inLanguage":"tr"},{"@type":"Person","@id":"https:\/\/www.schlosstorgelow.de\/tr#\/schema\/person\/b76bbb367f3a20c7ced1339e4875691e","name":"Schloss Torgelow","image":{"@type":"ImageObject","inLanguage":"tr","@id":"https:\/\/www.schlosstorgelow.de\/tr#\/schema\/person\/image\/","url":"https:\/\/secure.gravatar.com\/avatar\/4bad9bf1bee90f77b98693d3ad03ade085c80c169595427c58c58e5b069f49e1?s=96&d=mm&r=g","contentUrl":"https:\/\/secure.gravatar.com\/avatar\/4bad9bf1bee90f77b98693d3ad03ade085c80c169595427c58c58e5b069f49e1?s=96&d=mm&r=g","caption":"Schloss Torgelow"},"sameAs":["https:\/\/www.schlosstorgelow.de"]}]}},"block_visibility_meta":[],"_links":{"self":[{"href":"https:\/\/www.schlosstorgelow.de\/tr\/wp-json\/wp\/v2\/posts\/82757","targetHints":{"allow":["GET"]}}],"collection":[{"href":"https:\/\/www.schlosstorgelow.de\/tr\/wp-json\/wp\/v2\/posts"}],"about":[{"href":"https:\/\/www.schlosstorgelow.de\/tr\/wp-json\/wp\/v2\/types\/post"}],"author":[{"embeddable":true,"href":"https:\/\/www.schlosstorgelow.de\/tr\/wp-json\/wp\/v2\/users\/1"}],"replies":[{"embeddable":true,"href":"https:\/\/www.schlosstorgelow.de\/tr\/wp-json\/wp\/v2\/comments?post=82757"}],"version-history":[{"count":0,"href":"https:\/\/www.schlosstorgelow.de\/tr\/wp-json\/wp\/v2\/posts\/82757\/revisions"}],"wp:featuredmedia":[{"embeddable":true,"href":"https:\/\/www.schlosstorgelow.de\/tr\/wp-json\/wp\/v2\/media\/43820"}],"wp:attachment":[{"href":"https:\/\/www.schlosstorgelow.de\/tr\/wp-json\/wp\/v2\/media?parent=82757"}],"wp:term":[{"taxonomy":"category","embeddable":true,"href":"https:\/\/www.schlosstorgelow.de\/tr\/wp-json\/wp\/v2\/categories?post=82757"},{"taxonomy":"post_tag","embeddable":true,"href":"https:\/\/www.schlosstorgelow.de\/tr\/wp-json\/wp\/v2\/tags?post=82757"}],"curies":[{"name":"wp","href":"https:\/\/api.w.org\/{rel}","templated":true}]}}