{"id":82751,"date":"2025-04-24T13:39:55","date_gmt":"2025-04-24T13:39:55","guid":{"rendered":"https:\/\/www.schlosstorgelow.de\/metamorfoz-doga-olaylari-alaninda-bircok-kuecuek-mucize"},"modified":"2026-01-12T09:10:42","modified_gmt":"2026-01-12T09:10:42","slug":"metamorfoz-doga-olaylari-alaninda-bircok-kuecuek-mucize","status":"publish","type":"post","link":"https:\/\/www.schlosstorgelow.de\/tr\/metamorfoz-doga-olaylari-alaninda-bircok-kuecuek-mucize","title":{"rendered":"Metamorfoz do\u011fa olaylar\u0131 alan\u0131nda &#8211; bir\u00e7ok k\u00fc\u00e7\u00fck mucize"},"content":{"rendered":"\n<p><i>D\u0131\u015far\u0131da do\u011fa canland\u0131\u011f\u0131nda, derslerimiz de canlan\u0131yor \u2013 k\u00fc\u00e7\u00fck mucizeler ve b\u00fcy\u00fck sorularla dolu. 6. s\u0131n\u0131fta Do\u011fa Fenomenleri dersinde metamorfoz odak noktas\u0131yd\u0131: yak\u0131ndan, canl\u0131 ve bir\u00e7ok hayranl\u0131k verici an ile. <\/i><\/p>\n\n<p>Alt\u0131nc\u0131 s\u0131n\u0131f \u00f6\u011frencileri, birka\u00e7 hafta boyunca kelebeklerin b\u00fcy\u00fcleyici ya\u015fam d\u00f6ng\u00fcs\u00fcn\u00fc g\u00f6zlemlediler. K\u00fc\u00e7\u00fck larvalar\u0131n nas\u0131l t\u0131rt\u0131llara d\u00f6n\u00fc\u015ft\u00fc\u011f\u00fcn\u00fc, bu t\u0131rt\u0131llar\u0131n nas\u0131l pupa haline geldi\u011fini ve &#8211; bir mucize gibi &#8211; sonunda kozas\u0131ndan nas\u0131l kelebe\u011fin \u00e7\u0131kt\u0131\u011f\u0131n\u0131 deneyimlediler. <\/p>\n\n<p>Hayret, alt\u0131nc\u0131 s\u0131n\u0131f ile s\u0131n\u0131rl\u0131 kalmad\u0131 \u2013 K2&#8217;deki biyoloji ileri d\u00fczey kursu da bu do\u011fa harikas\u0131n\u0131 g\u00f6zlemlemekten geri durmad\u0131. Ve \u00f6\u011fretmenler odas\u0131nda haber h\u0131zla yay\u0131ld\u0131: Zaman\u0131 olanlar, d\u00f6n\u00fc\u015f\u00fcm\u00fc g\u00f6rmek i\u00e7in k\u0131sa bir s\u00fcreli\u011fine u\u011frad\u0131. <\/p>\n\n<p><strong>Disiplinler aras\u0131 ara\u015ft\u0131rma \u2013 Do\u011fa olaylar\u0131 okul bah\u00e7esiyle bulu\u015fuyor<\/strong><br\/><br\/>\u00d6zellikle g\u00fczel: Proje, Do\u011fa Olaylar\u0131 dersi ile Okul Bah\u00e7esi dersi aras\u0131nda bir i\u015f birli\u011fiydi. S\u0131n\u0131fta ba\u015flayan \u015fey, bah\u00e7ede devam etti &#8211; orada, kelebe\u011fin \u00e7\u0131k\u0131\u015f yapt\u0131ktan sonra \u00f6zg\u00fcrl\u00fc\u011fe b\u0131rak\u0131ld\u0131\u011f\u0131 yerde. <\/p>\n\n<p><strong>Ayn\u0131 zamanda u\u011fur b\u00f6cekleri de haz\u0131rlan\u0131yor.<\/strong><br\/><br\/>Kelebeklerin yan\u0131 s\u0131ra \u00f6\u011frenciler de u\u011fur b\u00f6ceklerinin metamorfozunu g\u00f6zlemlediler. K\u00fc\u00e7\u00fck yumurtalardan larvalar, sonra pupalar \u2013 ve nihayet parlayan k\u0131rm\u0131z\u0131 kanatlar\u0131yla pop\u00fcler \u015fans getirenler. <\/p>\n\n<p><strong>Yaban ar\u0131lar\u0131 i\u00e7in bir yuva <\/strong><\/p>\n\n<p>Frau ve Herr Schl\u00fcter ile birlikte \u00e7ocuklar ayr\u0131ca K\u0131rm\u0131z\u0131 Duvar Ar\u0131s\u0131 i\u00e7in yuva yard\u0131mlar\u0131 yapt\u0131lar. Bu yer ba\u011fl\u0131s\u0131 yaban ar\u0131s\u0131 etkileyici bir dayan\u0131kl\u0131l\u0131kla tozla\u015fma yap\u0131yor ve bu nedenle okul bah\u00e7esi i\u00e7in ger\u00e7ek bir zenginlik. \u00d6n\u00fcm\u00fczdeki haftalarda yeni ekilen yaban \u00e7i\u00e7ekleri, b\u00f6ceklere rengarenk bir yuva sunacak. Umut: okul alan\u0131n\u0131n ortas\u0131nda v\u0131z\u0131ldayan, canl\u0131 bir ekosistem.   <\/p>\n\n<p>Uyku yeri buzdolab\u0131 \u015eimdi kesin olan bir \u015fey var: Sonbaharda duvar ar\u0131s\u0131 koza yumurtalar\u0131 toplanacak ve dikkatlice buzdolab\u0131nda saklanacak &#8211; k\u0131\u015f uykusu olmadan do\u011fal bir k\u0131\u015f ge\u00e7i\u015fi. Bu ba\u015far\u0131l\u0131 olacak m\u0131? Bunu gelecek nesil ara\u015ft\u0131rmac\u0131lar\u0131m\u0131z \u00e7ok dikkatli bir \u015fekilde g\u00f6zlemleyecek.  <\/p>\n","protected":false},"excerpt":{"rendered":"<p>D\u0131\u015far\u0131da do\u011fa uyan\u0131rken, derslerimiz de canlan\u0131yor. 6. s\u0131n\u0131fta Do\u011fa Fenomenleri dersinde metamorfizis odak noktas\u0131yd\u0131. <\/p>\n","protected":false},"author":1,"featured_media":44306,"comment_status":"closed","ping_status":"closed","sticky":false,"template":"","format":"standard","meta":{"_acf_changed":false,"_yoast_wpseo_title":"Metamorfoz do\u011fa olaylar\u0131 alan\u0131nda - bir\u00e7ok k\u00fc\u00e7\u00fck mucize","_yoast_wpseo_metadesc":"D\u0131\u015far\u0131da do\u011fa uyan\u0131rken, derslerimiz de canl\u0131l\u0131k kazan\u0131yor. 6. s\u0131n\u0131fta Do\u011fa Olaylar\u0131 dersinde metamorfoz merkezi bir konu olarak ele al\u0131nd\u0131.","excerpt":"D\u0131\u015far\u0131da do\u011fa uyan\u0131rken, derslerimiz de canlan\u0131yor. 6. s\u0131n\u0131fta Do\u011fa Fenomenleri dersinde metamorfizis odak noktas\u0131yd\u0131. ","footnotes":""},"categories":[34],"tags":[],"class_list":{"0":"post-82751","1":"post","2":"type-post","3":"status-publish","4":"format-standard","5":"has-post-thumbnail","7":"category-torgelow-haberleri"},"acf":[],"yoast_head":"<!-- This site is optimized with the Yoast SEO plugin v26.9 - https:\/\/yoast.com\/product\/yoast-seo-wordpress\/ -->\n<title>Metamorfoz do\u011fa olaylar\u0131 alan\u0131nda - bir\u00e7ok k\u00fc\u00e7\u00fck mucize<\/title>\n<meta name=\"description\" content=\"D\u0131\u015far\u0131da do\u011fa uyan\u0131rken, derslerimiz de canl\u0131l\u0131k kazan\u0131yor. 6. s\u0131n\u0131fta Do\u011fa Olaylar\u0131 dersinde metamorfoz merkezi bir konu olarak ele al\u0131nd\u0131.\" \/>\n<meta name=\"robots\" content=\"index, follow, max-snippet:-1, max-image-preview:large, max-video-preview:-1\" \/>\n<link rel=\"canonical\" href=\"https:\/\/www.schlosstorgelow.de\/tr\/metamorfoz-doga-olaylari-alaninda-bircok-kuecuek-mucize\" \/>\n<meta property=\"og:locale\" content=\"tr_TR\" \/>\n<meta property=\"og:type\" content=\"article\" \/>\n<meta property=\"og:title\" content=\"Metamorfoz do\u011fa olaylar\u0131 alan\u0131nda - bir\u00e7ok k\u00fc\u00e7\u00fck mucize\" \/>\n<meta property=\"og:description\" content=\"D\u0131\u015far\u0131da do\u011fa uyan\u0131rken, derslerimiz de canl\u0131l\u0131k kazan\u0131yor. 6. s\u0131n\u0131fta Do\u011fa Olaylar\u0131 dersinde metamorfoz merkezi bir konu olarak ele al\u0131nd\u0131.\" \/>\n<meta property=\"og:url\" content=\"https:\/\/www.schlosstorgelow.de\/tr\/metamorfoz-doga-olaylari-alaninda-bircok-kuecuek-mucize\" \/>\n<meta property=\"og:site_name\" content=\"Schloss Torgelow\" \/>\n<meta property=\"article:published_time\" content=\"2025-04-24T13:39:55+00:00\" \/>\n<meta property=\"article:modified_time\" content=\"2026-01-12T09:10:42+00:00\" \/>\n<meta name=\"author\" content=\"Schloss Torgelow\" \/>\n<meta name=\"twitter:card\" content=\"summary_large_image\" \/>\n<meta name=\"twitter:label1\" content=\"Yazan:\" \/>\n\t<meta name=\"twitter:data1\" content=\"Schloss Torgelow\" \/>\n\t<meta name=\"twitter:label2\" content=\"Tahmini okuma s\u00fcresi\" \/>\n\t<meta name=\"twitter:data2\" content=\"2 dakika\" \/>\n<script type=\"application\/ld+json\" class=\"yoast-schema-graph\">{\"@context\":\"https:\/\/schema.org\",\"@graph\":[{\"@type\":\"Article\",\"@id\":\"https:\/\/www.schlosstorgelow.de\/tr\/metamorfoz-doga-olaylari-alaninda-bircok-kuecuek-mucize#article\",\"isPartOf\":{\"@id\":\"https:\/\/www.schlosstorgelow.de\/tr\/metamorfoz-doga-olaylari-alaninda-bircok-kuecuek-mucize\"},\"author\":{\"name\":\"Schloss Torgelow\",\"@id\":\"https:\/\/www.schlosstorgelow.de\/tr#\/schema\/person\/b76bbb367f3a20c7ced1339e4875691e\"},\"headline\":\"Metamorfoz do\u011fa olaylar\u0131 alan\u0131nda &#8211; bir\u00e7ok k\u00fc\u00e7\u00fck mucize\",\"datePublished\":\"2025-04-24T13:39:55+00:00\",\"dateModified\":\"2026-01-12T09:10:42+00:00\",\"mainEntityOfPage\":{\"@id\":\"https:\/\/www.schlosstorgelow.de\/tr\/metamorfoz-doga-olaylari-alaninda-bircok-kuecuek-mucize\"},\"wordCount\":408,\"image\":{\"@id\":\"https:\/\/www.schlosstorgelow.de\/tr\/metamorfoz-doga-olaylari-alaninda-bircok-kuecuek-mucize#primaryimage\"},\"thumbnailUrl\":\"https:\/\/www.schlosstorgelow.de\/wp-content\/uploads\/2025\/07\/schmetterlingserwachen_header_st.avif\",\"articleSection\":[\"Torgelow Haberleri\"],\"inLanguage\":\"tr\"},{\"@type\":\"WebPage\",\"@id\":\"https:\/\/www.schlosstorgelow.de\/tr\/metamorfoz-doga-olaylari-alaninda-bircok-kuecuek-mucize#webpage\",\"url\":\"https:\/\/www.schlosstorgelow.de\/tr\/metamorfoz-doga-olaylari-alaninda-bircok-kuecuek-mucize\",\"name\":\"Metamorfoz do\u011fa olaylar\u0131 alan\u0131nda - bir\u00e7ok k\u00fc\u00e7\u00fck mucize\",\"isPartOf\":{\"@id\":\"https:\/\/www.schlosstorgelow.de\/tr#website\"},\"primaryImageOfPage\":{\"@id\":\"https:\/\/www.schlosstorgelow.de\/tr\/metamorfoz-doga-olaylari-alaninda-bircok-kuecuek-mucize#primaryimage\"},\"image\":{\"@id\":\"https:\/\/www.schlosstorgelow.de\/tr\/metamorfoz-doga-olaylari-alaninda-bircok-kuecuek-mucize#primaryimage\"},\"thumbnailUrl\":\"https:\/\/www.schlosstorgelow.de\/wp-content\/uploads\/2025\/07\/schmetterlingserwachen_header_st.avif\",\"datePublished\":\"2025-04-24T13:39:55+00:00\",\"dateModified\":\"2026-01-12T09:10:42+00:00\",\"author\":{\"@id\":\"https:\/\/www.schlosstorgelow.de\/tr#\/schema\/person\/b76bbb367f3a20c7ced1339e4875691e\"},\"description\":\"D\u0131\u015far\u0131da do\u011fa uyan\u0131rken, derslerimiz de canl\u0131l\u0131k kazan\u0131yor. 6. s\u0131n\u0131fta Do\u011fa Olaylar\u0131 dersinde metamorfoz merkezi bir konu olarak ele al\u0131nd\u0131.\",\"breadcrumb\":{\"@id\":\"https:\/\/www.schlosstorgelow.de\/tr\/metamorfoz-doga-olaylari-alaninda-bircok-kuecuek-mucize#breadcrumb\"},\"inLanguage\":\"tr\",\"potentialAction\":[{\"@type\":\"ReadAction\",\"target\":[\"https:\/\/www.schlosstorgelow.de\/tr\/metamorfoz-doga-olaylari-alaninda-bircok-kuecuek-mucize\"]}]},{\"@type\":\"ImageObject\",\"inLanguage\":\"tr\",\"@id\":\"https:\/\/www.schlosstorgelow.de\/tr\/metamorfoz-doga-olaylari-alaninda-bircok-kuecuek-mucize#primaryimage\",\"url\":\"https:\/\/www.schlosstorgelow.de\/wp-content\/uploads\/2025\/07\/schmetterlingserwachen_header_st.avif\",\"contentUrl\":\"https:\/\/www.schlosstorgelow.de\/wp-content\/uploads\/2025\/07\/schmetterlingserwachen_header_st.avif\",\"width\":1920,\"height\":1080,\"caption\":\"Do\u011fa Olaylar\u0131 Alan\u0131nda Metamorfoz \u2013 bir\u00e7ok k\u00fc\u00e7\u00fck mucize\"},{\"@type\":\"BreadcrumbList\",\"@id\":\"https:\/\/www.schlosstorgelow.de\/tr\/metamorfoz-doga-olaylari-alaninda-bircok-kuecuek-mucize#breadcrumb\",\"itemListElement\":[{\"@type\":\"ListItem\",\"position\":1,\"name\":\"Startseite\",\"item\":\"https:\/\/www.schlosstorgelow.de\/tr\"},{\"@type\":\"ListItem\",\"position\":2,\"name\":\"Metamorfoz do\u011fa olaylar\u0131 alan\u0131nda &#8211; bir\u00e7ok k\u00fc\u00e7\u00fck mucize\"}]},{\"@type\":\"WebSite\",\"@id\":\"https:\/\/www.schlosstorgelow.de\/tr#website\",\"url\":\"https:\/\/www.schlosstorgelow.de\/tr\",\"name\":\"Schloss Torgelow\",\"description\":\"\u00d6zel yat\u0131l\u0131 lise Schloss Torgelow \u2013 zorluklar\u0131 seven \u00f6\u011frenciler i\u00e7in yat\u0131l\u0131 okul.\",\"potentialAction\":[{\"@type\":\"SearchAction\",\"target\":{\"@type\":\"EntryPoint\",\"urlTemplate\":\"https:\/\/www.schlosstorgelow.de\/tr?s={search_term_string}\"},\"query-input\":{\"@type\":\"PropertyValueSpecification\",\"valueRequired\":true,\"valueName\":\"search_term_string\"}}],\"inLanguage\":\"tr\"},{\"@type\":\"Person\",\"@id\":\"https:\/\/www.schlosstorgelow.de\/tr#\/schema\/person\/b76bbb367f3a20c7ced1339e4875691e\",\"name\":\"Schloss Torgelow\",\"image\":{\"@type\":\"ImageObject\",\"inLanguage\":\"tr\",\"@id\":\"https:\/\/www.schlosstorgelow.de\/tr#\/schema\/person\/image\/\",\"url\":\"https:\/\/secure.gravatar.com\/avatar\/4bad9bf1bee90f77b98693d3ad03ade085c80c169595427c58c58e5b069f49e1?s=96&d=mm&r=g\",\"contentUrl\":\"https:\/\/secure.gravatar.com\/avatar\/4bad9bf1bee90f77b98693d3ad03ade085c80c169595427c58c58e5b069f49e1?s=96&d=mm&r=g\",\"caption\":\"Schloss Torgelow\"},\"sameAs\":[\"https:\/\/www.schlosstorgelow.de\"]}]}<\/script>\n<!-- \/ Yoast SEO plugin. -->","yoast_head_json":{"title":"Metamorfoz do\u011fa olaylar\u0131 alan\u0131nda - bir\u00e7ok k\u00fc\u00e7\u00fck mucize","description":"D\u0131\u015far\u0131da do\u011fa uyan\u0131rken, derslerimiz de canl\u0131l\u0131k kazan\u0131yor. 6. s\u0131n\u0131fta Do\u011fa Olaylar\u0131 dersinde metamorfoz merkezi bir konu olarak ele al\u0131nd\u0131.","robots":{"index":"index","follow":"follow","max-snippet":"max-snippet:-1","max-image-preview":"max-image-preview:large","max-video-preview":"max-video-preview:-1"},"canonical":"https:\/\/www.schlosstorgelow.de\/tr\/metamorfoz-doga-olaylari-alaninda-bircok-kuecuek-mucize","og_locale":"tr_TR","og_type":"article","og_title":"Metamorfoz do\u011fa olaylar\u0131 alan\u0131nda - bir\u00e7ok k\u00fc\u00e7\u00fck mucize","og_description":"D\u0131\u015far\u0131da do\u011fa uyan\u0131rken, derslerimiz de canl\u0131l\u0131k kazan\u0131yor. 6. s\u0131n\u0131fta Do\u011fa Olaylar\u0131 dersinde metamorfoz merkezi bir konu olarak ele al\u0131nd\u0131.","og_url":"https:\/\/www.schlosstorgelow.de\/tr\/metamorfoz-doga-olaylari-alaninda-bircok-kuecuek-mucize","og_site_name":"Schloss Torgelow","article_published_time":"2025-04-24T13:39:55+00:00","article_modified_time":"2026-01-12T09:10:42+00:00","author":"Schloss Torgelow","twitter_card":"summary_large_image","twitter_misc":{"Yazan:":"Schloss Torgelow","Tahmini okuma s\u00fcresi":"2 dakika"},"schema":{"@context":"https:\/\/schema.org","@graph":[{"@type":"Article","@id":"https:\/\/www.schlosstorgelow.de\/tr\/metamorfoz-doga-olaylari-alaninda-bircok-kuecuek-mucize#article","isPartOf":{"@id":"https:\/\/www.schlosstorgelow.de\/tr\/metamorfoz-doga-olaylari-alaninda-bircok-kuecuek-mucize"},"author":{"name":"Schloss Torgelow","@id":"https:\/\/www.schlosstorgelow.de\/tr#\/schema\/person\/b76bbb367f3a20c7ced1339e4875691e"},"headline":"Metamorfoz do\u011fa olaylar\u0131 alan\u0131nda &#8211; bir\u00e7ok k\u00fc\u00e7\u00fck mucize","datePublished":"2025-04-24T13:39:55+00:00","dateModified":"2026-01-12T09:10:42+00:00","mainEntityOfPage":{"@id":"https:\/\/www.schlosstorgelow.de\/tr\/metamorfoz-doga-olaylari-alaninda-bircok-kuecuek-mucize"},"wordCount":408,"image":{"@id":"https:\/\/www.schlosstorgelow.de\/tr\/metamorfoz-doga-olaylari-alaninda-bircok-kuecuek-mucize#primaryimage"},"thumbnailUrl":"https:\/\/www.schlosstorgelow.de\/wp-content\/uploads\/2025\/07\/schmetterlingserwachen_header_st.avif","articleSection":["Torgelow Haberleri"],"inLanguage":"tr"},{"@type":"WebPage","@id":"https:\/\/www.schlosstorgelow.de\/tr\/metamorfoz-doga-olaylari-alaninda-bircok-kuecuek-mucize#webpage","url":"https:\/\/www.schlosstorgelow.de\/tr\/metamorfoz-doga-olaylari-alaninda-bircok-kuecuek-mucize","name":"Metamorfoz do\u011fa olaylar\u0131 alan\u0131nda - bir\u00e7ok k\u00fc\u00e7\u00fck mucize","isPartOf":{"@id":"https:\/\/www.schlosstorgelow.de\/tr#website"},"primaryImageOfPage":{"@id":"https:\/\/www.schlosstorgelow.de\/tr\/metamorfoz-doga-olaylari-alaninda-bircok-kuecuek-mucize#primaryimage"},"image":{"@id":"https:\/\/www.schlosstorgelow.de\/tr\/metamorfoz-doga-olaylari-alaninda-bircok-kuecuek-mucize#primaryimage"},"thumbnailUrl":"https:\/\/www.schlosstorgelow.de\/wp-content\/uploads\/2025\/07\/schmetterlingserwachen_header_st.avif","datePublished":"2025-04-24T13:39:55+00:00","dateModified":"2026-01-12T09:10:42+00:00","author":{"@id":"https:\/\/www.schlosstorgelow.de\/tr#\/schema\/person\/b76bbb367f3a20c7ced1339e4875691e"},"description":"D\u0131\u015far\u0131da do\u011fa uyan\u0131rken, derslerimiz de canl\u0131l\u0131k kazan\u0131yor. 6. s\u0131n\u0131fta Do\u011fa Olaylar\u0131 dersinde metamorfoz merkezi bir konu olarak ele al\u0131nd\u0131.","breadcrumb":{"@id":"https:\/\/www.schlosstorgelow.de\/tr\/metamorfoz-doga-olaylari-alaninda-bircok-kuecuek-mucize#breadcrumb"},"inLanguage":"tr","potentialAction":[{"@type":"ReadAction","target":["https:\/\/www.schlosstorgelow.de\/tr\/metamorfoz-doga-olaylari-alaninda-bircok-kuecuek-mucize"]}]},{"@type":"ImageObject","inLanguage":"tr","@id":"https:\/\/www.schlosstorgelow.de\/tr\/metamorfoz-doga-olaylari-alaninda-bircok-kuecuek-mucize#primaryimage","url":"https:\/\/www.schlosstorgelow.de\/wp-content\/uploads\/2025\/07\/schmetterlingserwachen_header_st.avif","contentUrl":"https:\/\/www.schlosstorgelow.de\/wp-content\/uploads\/2025\/07\/schmetterlingserwachen_header_st.avif","width":1920,"height":1080,"caption":"Do\u011fa Olaylar\u0131 Alan\u0131nda Metamorfoz \u2013 bir\u00e7ok k\u00fc\u00e7\u00fck mucize"},{"@type":"BreadcrumbList","@id":"https:\/\/www.schlosstorgelow.de\/tr\/metamorfoz-doga-olaylari-alaninda-bircok-kuecuek-mucize#breadcrumb","itemListElement":[{"@type":"ListItem","position":1,"name":"Startseite","item":"https:\/\/www.schlosstorgelow.de\/tr"},{"@type":"ListItem","position":2,"name":"Metamorfoz do\u011fa olaylar\u0131 alan\u0131nda &#8211; bir\u00e7ok k\u00fc\u00e7\u00fck mucize"}]},{"@type":"WebSite","@id":"https:\/\/www.schlosstorgelow.de\/tr#website","url":"https:\/\/www.schlosstorgelow.de\/tr","name":"Schloss Torgelow","description":"\u00d6zel yat\u0131l\u0131 lise Schloss Torgelow \u2013 zorluklar\u0131 seven \u00f6\u011frenciler i\u00e7in yat\u0131l\u0131 okul.","potentialAction":[{"@type":"SearchAction","target":{"@type":"EntryPoint","urlTemplate":"https:\/\/www.schlosstorgelow.de\/tr?s={search_term_string}"},"query-input":{"@type":"PropertyValueSpecification","valueRequired":true,"valueName":"search_term_string"}}],"inLanguage":"tr"},{"@type":"Person","@id":"https:\/\/www.schlosstorgelow.de\/tr#\/schema\/person\/b76bbb367f3a20c7ced1339e4875691e","name":"Schloss Torgelow","image":{"@type":"ImageObject","inLanguage":"tr","@id":"https:\/\/www.schlosstorgelow.de\/tr#\/schema\/person\/image\/","url":"https:\/\/secure.gravatar.com\/avatar\/4bad9bf1bee90f77b98693d3ad03ade085c80c169595427c58c58e5b069f49e1?s=96&d=mm&r=g","contentUrl":"https:\/\/secure.gravatar.com\/avatar\/4bad9bf1bee90f77b98693d3ad03ade085c80c169595427c58c58e5b069f49e1?s=96&d=mm&r=g","caption":"Schloss Torgelow"},"sameAs":["https:\/\/www.schlosstorgelow.de"]}]}},"block_visibility_meta":[],"_links":{"self":[{"href":"https:\/\/www.schlosstorgelow.de\/tr\/wp-json\/wp\/v2\/posts\/82751","targetHints":{"allow":["GET"]}}],"collection":[{"href":"https:\/\/www.schlosstorgelow.de\/tr\/wp-json\/wp\/v2\/posts"}],"about":[{"href":"https:\/\/www.schlosstorgelow.de\/tr\/wp-json\/wp\/v2\/types\/post"}],"author":[{"embeddable":true,"href":"https:\/\/www.schlosstorgelow.de\/tr\/wp-json\/wp\/v2\/users\/1"}],"replies":[{"embeddable":true,"href":"https:\/\/www.schlosstorgelow.de\/tr\/wp-json\/wp\/v2\/comments?post=82751"}],"version-history":[{"count":0,"href":"https:\/\/www.schlosstorgelow.de\/tr\/wp-json\/wp\/v2\/posts\/82751\/revisions"}],"wp:featuredmedia":[{"embeddable":true,"href":"https:\/\/www.schlosstorgelow.de\/tr\/wp-json\/wp\/v2\/media\/44306"}],"wp:attachment":[{"href":"https:\/\/www.schlosstorgelow.de\/tr\/wp-json\/wp\/v2\/media?parent=82751"}],"wp:term":[{"taxonomy":"category","embeddable":true,"href":"https:\/\/www.schlosstorgelow.de\/tr\/wp-json\/wp\/v2\/categories?post=82751"},{"taxonomy":"post_tag","embeddable":true,"href":"https:\/\/www.schlosstorgelow.de\/tr\/wp-json\/wp\/v2\/tags?post=82751"}],"curies":[{"name":"wp","href":"https:\/\/api.w.org\/{rel}","templated":true}]}}