{"id":82749,"date":"2025-04-24T13:43:07","date_gmt":"2025-04-24T13:43:07","guid":{"rendered":"https:\/\/www.schlosstorgelow.de\/23-norddeutscher-hafiza-sampiyonasinda-basariyla"},"modified":"2026-01-28T06:42:42","modified_gmt":"2026-01-28T06:42:42","slug":"23-kuzey-almanya-hafiza-sampiyonasinda-basari","status":"publish","type":"post","link":"https:\/\/www.schlosstorgelow.de\/tr\/23-kuzey-almanya-hafiza-sampiyonasinda-basari","title":{"rendered":"23. Kuzey Almanya Haf\u0131za \u015eampiyonas\u0131&#8217;nda ba\u015far\u0131"},"content":{"rendered":"\n<p><i>Ge\u00e7ti\u011fimiz hafta sonu Hannover yak\u0131nlar\u0131ndaki Berenbostel&#8217;de 23. Kuzey Almanya Haf\u0131za \u015eampiyonas\u0131 d\u00fczenlendi. Bu zorlu zihinsel yedili yar\u0131\u015fmada kat\u0131l\u0131mc\u0131lar, farkl\u0131 disiplinlerde haf\u0131zalar\u0131n\u0131 kan\u0131tlamak zorunda kald\u0131lar. Bunlar aras\u0131nda tarihsel olaylar\u0131, y\u00fczleri, kelimeleri ve resimleri hat\u0131rlamak bulunuyordu. Elbette gen\u00e7 beyinlerimizle biz de yar\u0131\u015fmadayd\u0131k.   <\/i><\/p>\n\n<p>Ayr\u0131ca Schloss Torgelow Yat\u0131l\u0131 Okulu da ba\u015flang\u0131\u00e7ta \u00fc\u00e7 yetenekli kat\u0131l\u0131mc\u0131yla yer ald\u0131. Hem yeni ba\u015flayan olan Rosa hem de Oscar, sadece birka\u00e7 ayl\u0131k antrenmanla, performanslar\u0131ndan son derece memnun kalabilirlerdi. De\u011ferli yar\u0131\u015fma deneyimleri kazand\u0131lar ve umut verici ilerlemeler g\u00f6sterdiler.  <\/p>\n\n<p>Trajan, \u00f6zellikle gen\u00e7ler kategorisinde parlad\u0131. \u0130lk disiplinde d\u00f6rd\u00fcnc\u00fc s\u0131rada yer ald\u0131, ancak s\u00fcrekli olarak \u00f6ne do\u011fru ilerledi. Yar\u0131\u015fma g\u00fcn\u00fcn\u00fcn sonunda, ola\u011fan\u00fcst\u00fc performans\u0131yla yine g\u00fc\u00e7l\u00fc bir mesaj verdi: Tarih bilgileri disiplininde ikinci s\u0131ray\u0131 elde etti, oyun kartlar\u0131n\u0131 ezberlemede ise kendi kategorisinde en iyi dereceyi ald\u0131. B\u00f6ylece Trajan, hak edilmi\u015f bir \u015fekilde g\u00fcm\u00fc\u015f madalya kazand\u0131 ve ba\u015far\u0131s\u0131 i\u00e7in b\u00fcy\u00fck bir sevin\u00e7 duydu.   <\/p>\n\n<p>Schloss Torgelow&#8217;un ba\u015far\u0131l\u0131 kat\u0131l\u0131m\u0131, ama\u00e7l\u0131 bellek e\u011fitiminin etkileyici sonu\u00e7lar elde edebilece\u011fini bir kez daha g\u00f6stermektedir. Gen\u00e7 yetenekler, \u015fimdiden bellek sporunda umut verici birer gelecek vaadi olarak kendilerini kan\u0131tlad\u0131lar. <\/p>\n","protected":false},"excerpt":{"rendered":"<p>Ge\u00e7ti\u011fimiz hafta sonu 23. Kuzey Alman Haf\u0131za \u015eampiyonas\u0131 ger\u00e7ekle\u015ftirildi. Biz de gen\u00e7 beyinlerimizle ba\u015far\u0131l\u0131 bir \u015fekilde kat\u0131ld\u0131k. <\/p>\n","protected":false},"author":1,"featured_media":67455,"comment_status":"closed","ping_status":"closed","sticky":false,"template":"","format":"standard","meta":{"_acf_changed":false,"_yoast_wpseo_title":"23. Kuzey Almanya Haf\u0131za \u015eampiyonas\u0131'nda ba\u015far\u0131","_yoast_wpseo_metadesc":"Ge\u00e7ti\u011fimiz hafta sonu 23. Kuzey Almanya Haf\u0131za \u015eampiyonas\u0131 ger\u00e7ekle\u015fti. Biz de tabii ki gen\u00e7 zihinlerimizle oradayd\u0131k.","excerpt":"Ge\u00e7ti\u011fimiz hafta sonu 23. Kuzey Alman Haf\u0131za \u015eampiyonas\u0131 ger\u00e7ekle\u015ftirildi. Biz de gen\u00e7 beyinlerimizle ba\u015far\u0131l\u0131 bir \u015fekilde kat\u0131ld\u0131k. ","footnotes":""},"categories":[34],"tags":[],"class_list":{"0":"post-82749","1":"post","2":"type-post","3":"status-publish","4":"format-standard","5":"has-post-thumbnail","7":"category-torgelow-haberleri"},"acf":[],"yoast_head":"<!-- This site is optimized with the Yoast SEO plugin v26.9 - https:\/\/yoast.com\/product\/yoast-seo-wordpress\/ -->\n<title>23. Kuzey Almanya Haf\u0131za \u015eampiyonas\u0131&#039;nda ba\u015far\u0131<\/title>\n<meta name=\"description\" content=\"Ge\u00e7ti\u011fimiz hafta sonu 23. Kuzey Almanya Haf\u0131za \u015eampiyonas\u0131 ger\u00e7ekle\u015fti. Biz de tabii ki gen\u00e7 zihinlerimizle oradayd\u0131k.\" \/>\n<meta name=\"robots\" content=\"index, follow, max-snippet:-1, max-image-preview:large, max-video-preview:-1\" \/>\n<link rel=\"canonical\" href=\"https:\/\/www.schlosstorgelow.de\/tr\/23-kuzey-almanya-hafiza-sampiyonasinda-basari\" \/>\n<meta property=\"og:locale\" content=\"tr_TR\" \/>\n<meta property=\"og:type\" content=\"article\" \/>\n<meta property=\"og:title\" content=\"23. Kuzey Almanya Haf\u0131za \u015eampiyonas\u0131&#039;nda ba\u015far\u0131\" \/>\n<meta property=\"og:description\" content=\"Ge\u00e7ti\u011fimiz hafta sonu 23. Kuzey Almanya Haf\u0131za \u015eampiyonas\u0131 ger\u00e7ekle\u015fti. Biz de tabii ki gen\u00e7 zihinlerimizle oradayd\u0131k.\" \/>\n<meta property=\"og:url\" content=\"https:\/\/www.schlosstorgelow.de\/tr\/23-kuzey-almanya-hafiza-sampiyonasinda-basari\" \/>\n<meta property=\"og:site_name\" content=\"Schloss Torgelow\" \/>\n<meta property=\"article:published_time\" content=\"2025-04-24T13:43:07+00:00\" \/>\n<meta property=\"article:modified_time\" content=\"2026-01-28T06:42:42+00:00\" \/>\n<meta name=\"author\" content=\"Schloss Torgelow\" \/>\n<meta name=\"twitter:card\" content=\"summary_large_image\" \/>\n<meta name=\"twitter:label1\" content=\"Yazan:\" \/>\n\t<meta name=\"twitter:data1\" content=\"Schloss Torgelow\" \/>\n\t<meta name=\"twitter:label2\" content=\"Tahmini okuma s\u00fcresi\" \/>\n\t<meta name=\"twitter:data2\" content=\"1 dakika\" \/>\n<script type=\"application\/ld+json\" class=\"yoast-schema-graph\">{\"@context\":\"https:\/\/schema.org\",\"@graph\":[{\"@type\":\"Article\",\"@id\":\"https:\/\/www.schlosstorgelow.de\/tr\/23-kuzey-almanya-hafiza-sampiyonasinda-basari#article\",\"isPartOf\":{\"@id\":\"https:\/\/www.schlosstorgelow.de\/tr\/23-kuzey-almanya-hafiza-sampiyonasinda-basari\"},\"author\":{\"name\":\"Schloss Torgelow\",\"@id\":\"https:\/\/www.schlosstorgelow.de\/tr#\/schema\/person\/b76bbb367f3a20c7ced1339e4875691e\"},\"headline\":\"23. Kuzey Almanya Haf\u0131za \u015eampiyonas\u0131&#8217;nda ba\u015far\u0131\",\"datePublished\":\"2025-04-24T13:43:07+00:00\",\"dateModified\":\"2026-01-28T06:42:42+00:00\",\"mainEntityOfPage\":{\"@id\":\"https:\/\/www.schlosstorgelow.de\/tr\/23-kuzey-almanya-hafiza-sampiyonasinda-basari\"},\"wordCount\":241,\"image\":{\"@id\":\"https:\/\/www.schlosstorgelow.de\/tr\/23-kuzey-almanya-hafiza-sampiyonasinda-basari#primaryimage\"},\"thumbnailUrl\":\"https:\/\/www.schlosstorgelow.de\/wp-content\/uploads\/2025\/08\/ndg-2025_header_st.avif\",\"articleSection\":[\"Torgelow Haberleri\"],\"inLanguage\":\"tr\"},{\"@type\":\"WebPage\",\"@id\":\"https:\/\/www.schlosstorgelow.de\/tr\/23-kuzey-almanya-hafiza-sampiyonasinda-basari#webpage\",\"url\":\"https:\/\/www.schlosstorgelow.de\/tr\/23-kuzey-almanya-hafiza-sampiyonasinda-basari\",\"name\":\"23. Kuzey Almanya Haf\u0131za \u015eampiyonas\u0131'nda ba\u015far\u0131\",\"isPartOf\":{\"@id\":\"https:\/\/www.schlosstorgelow.de\/tr#website\"},\"primaryImageOfPage\":{\"@id\":\"https:\/\/www.schlosstorgelow.de\/tr\/23-kuzey-almanya-hafiza-sampiyonasinda-basari#primaryimage\"},\"image\":{\"@id\":\"https:\/\/www.schlosstorgelow.de\/tr\/23-kuzey-almanya-hafiza-sampiyonasinda-basari#primaryimage\"},\"thumbnailUrl\":\"https:\/\/www.schlosstorgelow.de\/wp-content\/uploads\/2025\/08\/ndg-2025_header_st.avif\",\"datePublished\":\"2025-04-24T13:43:07+00:00\",\"dateModified\":\"2026-01-28T06:42:42+00:00\",\"author\":{\"@id\":\"https:\/\/www.schlosstorgelow.de\/tr#\/schema\/person\/b76bbb367f3a20c7ced1339e4875691e\"},\"description\":\"Ge\u00e7ti\u011fimiz hafta sonu 23. Kuzey Almanya Haf\u0131za \u015eampiyonas\u0131 ger\u00e7ekle\u015fti. Biz de tabii ki gen\u00e7 zihinlerimizle oradayd\u0131k.\",\"breadcrumb\":{\"@id\":\"https:\/\/www.schlosstorgelow.de\/tr\/23-kuzey-almanya-hafiza-sampiyonasinda-basari#breadcrumb\"},\"inLanguage\":\"tr\",\"potentialAction\":[{\"@type\":\"ReadAction\",\"target\":[\"https:\/\/www.schlosstorgelow.de\/tr\/23-kuzey-almanya-hafiza-sampiyonasinda-basari\"]}]},{\"@type\":\"ImageObject\",\"inLanguage\":\"tr\",\"@id\":\"https:\/\/www.schlosstorgelow.de\/tr\/23-kuzey-almanya-hafiza-sampiyonasinda-basari#primaryimage\",\"url\":\"https:\/\/www.schlosstorgelow.de\/wp-content\/uploads\/2025\/08\/ndg-2025_header_st.avif\",\"contentUrl\":\"https:\/\/www.schlosstorgelow.de\/wp-content\/uploads\/2025\/08\/ndg-2025_header_st.avif\",\"width\":1920,\"height\":1080,\"caption\":\"23. Kuzey Almanya Haf\u0131za \u015eampiyonas\u0131'nda ba\u015far\u0131\"},{\"@type\":\"BreadcrumbList\",\"@id\":\"https:\/\/www.schlosstorgelow.de\/tr\/23-kuzey-almanya-hafiza-sampiyonasinda-basari#breadcrumb\",\"itemListElement\":[{\"@type\":\"ListItem\",\"position\":1,\"name\":\"Startseite\",\"item\":\"https:\/\/www.schlosstorgelow.de\/tr\"},{\"@type\":\"ListItem\",\"position\":2,\"name\":\"23. Kuzey Almanya Haf\u0131za \u015eampiyonas\u0131&#8217;nda ba\u015far\u0131\"}]},{\"@type\":\"WebSite\",\"@id\":\"https:\/\/www.schlosstorgelow.de\/tr#website\",\"url\":\"https:\/\/www.schlosstorgelow.de\/tr\",\"name\":\"Schloss Torgelow\",\"description\":\"\u00d6zel yat\u0131l\u0131 lise Schloss Torgelow \u2013 zorluklar\u0131 seven \u00f6\u011frenciler i\u00e7in yat\u0131l\u0131 okul.\",\"potentialAction\":[{\"@type\":\"SearchAction\",\"target\":{\"@type\":\"EntryPoint\",\"urlTemplate\":\"https:\/\/www.schlosstorgelow.de\/tr?s={search_term_string}\"},\"query-input\":{\"@type\":\"PropertyValueSpecification\",\"valueRequired\":true,\"valueName\":\"search_term_string\"}}],\"inLanguage\":\"tr\"},{\"@type\":\"Person\",\"@id\":\"https:\/\/www.schlosstorgelow.de\/tr#\/schema\/person\/b76bbb367f3a20c7ced1339e4875691e\",\"name\":\"Schloss Torgelow\",\"image\":{\"@type\":\"ImageObject\",\"inLanguage\":\"tr\",\"@id\":\"https:\/\/www.schlosstorgelow.de\/tr#\/schema\/person\/image\/\",\"url\":\"https:\/\/secure.gravatar.com\/avatar\/4bad9bf1bee90f77b98693d3ad03ade085c80c169595427c58c58e5b069f49e1?s=96&d=mm&r=g\",\"contentUrl\":\"https:\/\/secure.gravatar.com\/avatar\/4bad9bf1bee90f77b98693d3ad03ade085c80c169595427c58c58e5b069f49e1?s=96&d=mm&r=g\",\"caption\":\"Schloss Torgelow\"},\"sameAs\":[\"https:\/\/www.schlosstorgelow.de\"]}]}<\/script>\n<!-- \/ Yoast SEO plugin. -->","yoast_head_json":{"title":"23. Kuzey Almanya Haf\u0131za \u015eampiyonas\u0131'nda ba\u015far\u0131","description":"Ge\u00e7ti\u011fimiz hafta sonu 23. Kuzey Almanya Haf\u0131za \u015eampiyonas\u0131 ger\u00e7ekle\u015fti. Biz de tabii ki gen\u00e7 zihinlerimizle oradayd\u0131k.","robots":{"index":"index","follow":"follow","max-snippet":"max-snippet:-1","max-image-preview":"max-image-preview:large","max-video-preview":"max-video-preview:-1"},"canonical":"https:\/\/www.schlosstorgelow.de\/tr\/23-kuzey-almanya-hafiza-sampiyonasinda-basari","og_locale":"tr_TR","og_type":"article","og_title":"23. Kuzey Almanya Haf\u0131za \u015eampiyonas\u0131'nda ba\u015far\u0131","og_description":"Ge\u00e7ti\u011fimiz hafta sonu 23. Kuzey Almanya Haf\u0131za \u015eampiyonas\u0131 ger\u00e7ekle\u015fti. Biz de tabii ki gen\u00e7 zihinlerimizle oradayd\u0131k.","og_url":"https:\/\/www.schlosstorgelow.de\/tr\/23-kuzey-almanya-hafiza-sampiyonasinda-basari","og_site_name":"Schloss Torgelow","article_published_time":"2025-04-24T13:43:07+00:00","article_modified_time":"2026-01-28T06:42:42+00:00","author":"Schloss Torgelow","twitter_card":"summary_large_image","twitter_misc":{"Yazan:":"Schloss Torgelow","Tahmini okuma s\u00fcresi":"1 dakika"},"schema":{"@context":"https:\/\/schema.org","@graph":[{"@type":"Article","@id":"https:\/\/www.schlosstorgelow.de\/tr\/23-kuzey-almanya-hafiza-sampiyonasinda-basari#article","isPartOf":{"@id":"https:\/\/www.schlosstorgelow.de\/tr\/23-kuzey-almanya-hafiza-sampiyonasinda-basari"},"author":{"name":"Schloss Torgelow","@id":"https:\/\/www.schlosstorgelow.de\/tr#\/schema\/person\/b76bbb367f3a20c7ced1339e4875691e"},"headline":"23. Kuzey Almanya Haf\u0131za \u015eampiyonas\u0131&#8217;nda ba\u015far\u0131","datePublished":"2025-04-24T13:43:07+00:00","dateModified":"2026-01-28T06:42:42+00:00","mainEntityOfPage":{"@id":"https:\/\/www.schlosstorgelow.de\/tr\/23-kuzey-almanya-hafiza-sampiyonasinda-basari"},"wordCount":241,"image":{"@id":"https:\/\/www.schlosstorgelow.de\/tr\/23-kuzey-almanya-hafiza-sampiyonasinda-basari#primaryimage"},"thumbnailUrl":"https:\/\/www.schlosstorgelow.de\/wp-content\/uploads\/2025\/08\/ndg-2025_header_st.avif","articleSection":["Torgelow Haberleri"],"inLanguage":"tr"},{"@type":"WebPage","@id":"https:\/\/www.schlosstorgelow.de\/tr\/23-kuzey-almanya-hafiza-sampiyonasinda-basari#webpage","url":"https:\/\/www.schlosstorgelow.de\/tr\/23-kuzey-almanya-hafiza-sampiyonasinda-basari","name":"23. Kuzey Almanya Haf\u0131za \u015eampiyonas\u0131'nda ba\u015far\u0131","isPartOf":{"@id":"https:\/\/www.schlosstorgelow.de\/tr#website"},"primaryImageOfPage":{"@id":"https:\/\/www.schlosstorgelow.de\/tr\/23-kuzey-almanya-hafiza-sampiyonasinda-basari#primaryimage"},"image":{"@id":"https:\/\/www.schlosstorgelow.de\/tr\/23-kuzey-almanya-hafiza-sampiyonasinda-basari#primaryimage"},"thumbnailUrl":"https:\/\/www.schlosstorgelow.de\/wp-content\/uploads\/2025\/08\/ndg-2025_header_st.avif","datePublished":"2025-04-24T13:43:07+00:00","dateModified":"2026-01-28T06:42:42+00:00","author":{"@id":"https:\/\/www.schlosstorgelow.de\/tr#\/schema\/person\/b76bbb367f3a20c7ced1339e4875691e"},"description":"Ge\u00e7ti\u011fimiz hafta sonu 23. Kuzey Almanya Haf\u0131za \u015eampiyonas\u0131 ger\u00e7ekle\u015fti. Biz de tabii ki gen\u00e7 zihinlerimizle oradayd\u0131k.","breadcrumb":{"@id":"https:\/\/www.schlosstorgelow.de\/tr\/23-kuzey-almanya-hafiza-sampiyonasinda-basari#breadcrumb"},"inLanguage":"tr","potentialAction":[{"@type":"ReadAction","target":["https:\/\/www.schlosstorgelow.de\/tr\/23-kuzey-almanya-hafiza-sampiyonasinda-basari"]}]},{"@type":"ImageObject","inLanguage":"tr","@id":"https:\/\/www.schlosstorgelow.de\/tr\/23-kuzey-almanya-hafiza-sampiyonasinda-basari#primaryimage","url":"https:\/\/www.schlosstorgelow.de\/wp-content\/uploads\/2025\/08\/ndg-2025_header_st.avif","contentUrl":"https:\/\/www.schlosstorgelow.de\/wp-content\/uploads\/2025\/08\/ndg-2025_header_st.avif","width":1920,"height":1080,"caption":"23. Kuzey Almanya Haf\u0131za \u015eampiyonas\u0131'nda ba\u015far\u0131"},{"@type":"BreadcrumbList","@id":"https:\/\/www.schlosstorgelow.de\/tr\/23-kuzey-almanya-hafiza-sampiyonasinda-basari#breadcrumb","itemListElement":[{"@type":"ListItem","position":1,"name":"Startseite","item":"https:\/\/www.schlosstorgelow.de\/tr"},{"@type":"ListItem","position":2,"name":"23. Kuzey Almanya Haf\u0131za \u015eampiyonas\u0131&#8217;nda ba\u015far\u0131"}]},{"@type":"WebSite","@id":"https:\/\/www.schlosstorgelow.de\/tr#website","url":"https:\/\/www.schlosstorgelow.de\/tr","name":"Schloss Torgelow","description":"\u00d6zel yat\u0131l\u0131 lise Schloss Torgelow \u2013 zorluklar\u0131 seven \u00f6\u011frenciler i\u00e7in yat\u0131l\u0131 okul.","potentialAction":[{"@type":"SearchAction","target":{"@type":"EntryPoint","urlTemplate":"https:\/\/www.schlosstorgelow.de\/tr?s={search_term_string}"},"query-input":{"@type":"PropertyValueSpecification","valueRequired":true,"valueName":"search_term_string"}}],"inLanguage":"tr"},{"@type":"Person","@id":"https:\/\/www.schlosstorgelow.de\/tr#\/schema\/person\/b76bbb367f3a20c7ced1339e4875691e","name":"Schloss Torgelow","image":{"@type":"ImageObject","inLanguage":"tr","@id":"https:\/\/www.schlosstorgelow.de\/tr#\/schema\/person\/image\/","url":"https:\/\/secure.gravatar.com\/avatar\/4bad9bf1bee90f77b98693d3ad03ade085c80c169595427c58c58e5b069f49e1?s=96&d=mm&r=g","contentUrl":"https:\/\/secure.gravatar.com\/avatar\/4bad9bf1bee90f77b98693d3ad03ade085c80c169595427c58c58e5b069f49e1?s=96&d=mm&r=g","caption":"Schloss Torgelow"},"sameAs":["https:\/\/www.schlosstorgelow.de"]}]}},"block_visibility_meta":[],"_links":{"self":[{"href":"https:\/\/www.schlosstorgelow.de\/tr\/wp-json\/wp\/v2\/posts\/82749","targetHints":{"allow":["GET"]}}],"collection":[{"href":"https:\/\/www.schlosstorgelow.de\/tr\/wp-json\/wp\/v2\/posts"}],"about":[{"href":"https:\/\/www.schlosstorgelow.de\/tr\/wp-json\/wp\/v2\/types\/post"}],"author":[{"embeddable":true,"href":"https:\/\/www.schlosstorgelow.de\/tr\/wp-json\/wp\/v2\/users\/1"}],"replies":[{"embeddable":true,"href":"https:\/\/www.schlosstorgelow.de\/tr\/wp-json\/wp\/v2\/comments?post=82749"}],"version-history":[{"count":0,"href":"https:\/\/www.schlosstorgelow.de\/tr\/wp-json\/wp\/v2\/posts\/82749\/revisions"}],"wp:featuredmedia":[{"embeddable":true,"href":"https:\/\/www.schlosstorgelow.de\/tr\/wp-json\/wp\/v2\/media\/67455"}],"wp:attachment":[{"href":"https:\/\/www.schlosstorgelow.de\/tr\/wp-json\/wp\/v2\/media?parent=82749"}],"wp:term":[{"taxonomy":"category","embeddable":true,"href":"https:\/\/www.schlosstorgelow.de\/tr\/wp-json\/wp\/v2\/categories?post=82749"},{"taxonomy":"post_tag","embeddable":true,"href":"https:\/\/www.schlosstorgelow.de\/tr\/wp-json\/wp\/v2\/tags?post=82749"}],"curies":[{"name":"wp","href":"https:\/\/api.w.org\/{rel}","templated":true}]}}