{"id":82737,"date":"2025-05-27T07:27:54","date_gmt":"2025-05-27T07:27:54","guid":{"rendered":"https:\/\/www.schlosstorgelow.de\/exam-ai-ile-finale-schloss-torgelow-businessschoolda-etkileyici-bir-performans-sergiledi"},"modified":"2026-01-12T09:07:13","modified_gmt":"2026-01-12T09:07:13","slug":"exam-ai-ile-finale-schloss-torgelow-businessschoolda-etkileyici-bir-performans-sergiledi","status":"publish","type":"post","link":"https:\/\/www.schlosstorgelow.de\/tr\/exam-ai-ile-finale-schloss-torgelow-businessschoolda-etkileyici-bir-performans-sergiledi","title":{"rendered":"EXAM.AI ile finale: Schloss Torgelow business@school&#8217;da etkileyici bir performans sergiledi"},"content":{"rendered":"\n<p>Yarat\u0131c\u0131, kendine g\u00fcvenen ve gelece\u011fe d\u00f6n\u00fck &#8211; Schloss Torgelow ekibi, <a href=\"https:\/\/www.businessatschool.de\/de\/startseite\">business@school<\/a> b\u00f6lgesel se\u00e7imlerinde b\u00f6yle kendini g\u00f6sterdi.<i> Berlin&#8217;de. Sonunda 1. s\u0131raya ula\u015famasa da, EXAM.AI i\u015f fikrinin sunumu ger\u00e7ek bir zirve an\u0131yd\u0131 ve gen\u00e7lerin merak, uzmanl\u0131k ve tak\u0131m ruhuyla neler ba\u015farabilece\u011fine dair g\u00fc\u00e7l\u00fc bir i\u015faretti. <\/i><\/p>\n\n<p>Carlotta (19), Maximilian (17), Leonid (17) ve Johann (18), aylar s\u00fcren \u00e7al\u0131\u015fmalar\u0131n\u0131n sonunda EXAM.AI i\u00e7in i\u015f fikrini geli\u015ftirdi &#8211; s\u00f6zl\u00fc lise s\u0131navlar\u0131na ger\u00e7ek\u00e7i bir \u015fekilde haz\u0131rl\u0131k i\u00e7in yapay zeka destekli bir uygulama. Uygulama, tipik s\u0131nav durumlar\u0131n\u0131 sim\u00fcle ediyor, ki\u015fiselle\u015ftirilmi\u015f sorular olu\u015fturuyor ve kapsaml\u0131 geri bildirim veriyor. J\u00fcrinin g\u00f6zle g\u00f6r\u00fcl\u00fcr bir \u015fekilde etkilendi\u011fi yenilik\u00e7i bir konsept.  <\/p>\n\n<p>A\u00e7\u0131k bir yap\u0131da sunum, iyi d\u00fc\u015f\u00fcn\u00fclm\u00fc\u015f bir i\u015f plan\u0131 ve ekibin her soruya sa\u011flam bir yan\u0131t verdi\u011fi ikna edici bir soru-cevap b\u00f6l\u00fcm\u00fc ile Torgelower \u00f6\u011frencileri, i\u00e7lerindeki potansiyeli g\u00f6sterdiler. EXAM.AI, sadece teknik olarak iyi d\u00fc\u015f\u00fcn\u00fclm\u00fc\u015f de\u011fil, ayn\u0131 zamanda piyasa analizi, hedef kitleye hitap etme ve b\u00fcy\u00fcme potansiyeli a\u00e7\u0131s\u0131ndan da sa\u011flam bir \u015fekilde geli\u015ftirilmi\u015fti. <\/p>\n\n<figure class=\"wp-block-embed is-type-video is-provider-vimeo wp-block-embed-vimeo\"><div class=\"wp-block-embed__wrapper\">\n\n    <div class=\"video-facade content-video-facade\" data-video-id=\"1089076272\" data-provider=\"vimeo\" data-original-iframe=\"&lt;iframe title=&quot;Exam.AI&quot; src=&quot;https:\/\/player.vimeo.com\/video\/1089076272?dnt=1&amp;app_id=122963&#038;dnt=1&quot; width=&quot;640&quot; height=&quot;362&quot; frameborder=&quot;0&quot; allow=&quot;autoplay; fullscreen; picture-in-picture; clipboard-write; encrypted-media; web-share&quot; referrerpolicy=&quot;strict-origin-when-cross-origin&quot;&gt;&lt;\/iframe&gt;\" width=\"640\" height=\"362\">\n        <img decoding=\"async\" src=\"https:\/\/i.vimeocdn.com\/video\/2021439818-48a6dcbf1461e4ac5afe61c24bc8aa52c3a5a2fdef4336837799383d61839292-d?region=us&#038;mw=1280&#038;mh=720&#038;q=100\" alt=\"Video thumbnail\" loading=\"lazy\">\n        <button class=\"video-play-button\" aria-label=\"Play video\">\n            <svg width=\"68\" height=\"48\" viewBox=\"0 0 68 48\"><path d=\"M66.52 7.74c-.78-2.93-2.49-5.41-5.42-6.19C55.79.13 34 0 34 0S12.21.13 6.9 1.55c-2.93.78-4.63 3.26-5.42 6.19C.06 13.05 0 24 0 24s.06 10.95 1.48 16.26c.78 2.93 2.49 5.41 5.42 6.19C12.21 47.87 34 48 34 48s21.79-.13 27.1-1.55c2.93-.78 4.64-3.26 5.42-6.19C67.94 34.95 68 24 68 24s-.06-10.95-1.48-16.26z\" fill=\"red\"\/><path d=\"M45 24L27 14v20\" fill=\"white\"\/><\/svg>\n        <\/button>\n        <div class=\"video-consent-notice\" style=\"display: none;\">\n            <p class=\"video-consent-text first-attempt\">To watch the video, you need to accept cookies.<\/p>\n            <p class=\"video-consent-text try-again\">Cookies have not been accepted yet. Please accept cookies first and try again.<\/p>\n            <button class=\"check-cookies-btn\">Check Cookies<\/button>\n        <\/div>\n    <\/div>\n<\/div><\/figure>\n\n<p>Birinci \u00f6d\u00fcl, mod\u00fcler bir kalem kutusu olan (&#8220;ModCase&#8221;) ile etkileyen bir Berlin ekibine verildi. Ancak EXAM.AI son anda kaybetse de, bu fikrin gelece\u011fi konusunda inan\u00e7 devam ediyor. Okulumuz i\u00e7in bu etkinlik \u00f6zel bir an oldu, \u00e7\u00fcnk\u00fc \u00f6\u011frencilerin bir &#8220;fikir i\u00e7in yanma&#8221; duygusuyla kendilerini ne kadar a\u015fabilece\u011fini g\u00f6steriyor.<\/p>\n\n<p><strong>Berlin&#8217;deki j\u00fcri<\/strong><\/p>\n\n<p>Yedi ki\u015filik j\u00fcri, i\u015f d\u00fcnyas\u0131, dijitalle\u015fme ve e\u011fitimden gelen deneyimli liderlerden olu\u015fuyordu. J\u00fcri, dikkatle dinledi, ele\u015ftirel sorular sordu ve tak\u0131mlar\u0131n profesyonelli\u011finden etkilendi\u011fini g\u00f6sterdi: <\/p>\n\n<p>Alexander Karst (Genel M\u00fcd\u00fcr, Lufthansa InTouch)<br\/>Anne Moulen (\u0130dari Direkt\u00f6r, E\u015f CEO, cleverly edu GmbH)<br\/>Nicolas Colsman (CEO, Zukunft Digitale Bildung gGmbH)<br\/>Nicolas Albrecht (CEO ve \u0130cra Kurulu \u00dcyesi, CargoBeamer AG)<br\/>Prof. Dr. Cordula Meckenstock (E\u015f CEO, lawpilots GmbH)<br\/>Dr. Andr\u00e9 Heeg (\u0130dari M\u00fcd\u00fcr ve Ortak, BCG X)<br\/>Domenik Fox (Kurucu ve Genel M\u00fcd\u00fcr, hellomateo)<\/p>\n\n<p><strong>business@school \u2013 \u0130\u015f d\u00fcnyas\u0131n\u0131 deneyimle, giri\u015fimcili\u011fi d\u00fc\u015f\u00fcn<\/strong><\/p>\n\n<p>business@school yar\u0131\u015fmas\u0131, <a href=\"https:\/\/www.bcg.com\/\">Boston Consulting Group (BCG)<\/a> taraf\u0131ndan y\u00fcr\u00fct\u00fclen bir e\u011fitim giri\u015fimidir ve her y\u0131l yakla\u015f\u0131k 70 okuldan 1.000&#8217;den fazla \u00f6\u011frenci kat\u0131lmaktad\u0131r. \u00dc\u00e7 a\u015famada, ekonomik ili\u015fkileri analiz etmeyi, i\u015f modelleri geli\u015ftirmeyi ve sonunda kendi i\u015f fikirlerini sunmay\u0131 \u00f6\u011frenirler. Bu s\u00fcre\u00e7te, \u00f6\u011fretmenler ile BCG ve \u015firketlerden 400&#8217;den fazla g\u00f6n\u00fcll\u00fc ko\u00e7 taraf\u0131ndan desteklenmektedir.  <\/p>\n\n<p>Projenin amac\u0131 ekonomik d\u00fc\u015f\u00fcnceyi te\u015fvik etmek, ekip \u00e7al\u0131\u015fmas\u0131n\u0131 g\u00fc\u00e7lendirmek ve giri\u015fimci eylemleri pratik bir \u015fekilde deneyimletmektir. Berlin&#8217;deki b\u00f6lgesel finalde, Berlin, Brandenburg ve Mecklenburg-Vorpommern&#8217;den en iyi tak\u0131mlar bir araya geldi. D\u00fc\u015f\u00fcnceli, yarat\u0131c\u0131 ve gelecek odakl\u0131 fikirleriyle ekonomi ve start-up alan\u0131ndan olu\u015fan y\u00fcksek profilli bir j\u00fcri \u00f6n\u00fcnde sunum yapt\u0131lar. T\u00fcm tak\u0131mlar\u0131 birle\u015ftiren \u015fey: bir j\u00fcrinin \u00f6n\u00fcnde durma cesareti g\u00f6stermek ve kendi fikirleriyle \u00e7\u0131k\u0131\u015f yapmak \u2013 profesyonel, ikna edici ve b\u00fcy\u00fck bir \u00f6zveriyle.   <\/p>\n\n<p><strong>Peki, nas\u0131l devam ediyor?<\/strong><\/p>\n\n<p>Schloss Torgelow, gelecek y\u0131l da tekrar yer alacak. Heyecan b\u00fcy\u00fck ve sonraki tak\u0131mlar\u0131n kafalar\u0131nda \u015fimdiden planlar yap\u0131l\u0131yor, beyin f\u0131rt\u0131nas\u0131 yap\u0131l\u0131yor. \u00c7\u00fcnk\u00fc bir kez giri\u015fimcilik ruhunu hissedenler bilir: Bir sonraki iyi fikir mutlaka gelecektir.  <\/p>\n","protected":false},"excerpt":{"rendered":"<p>Yarat\u0131c\u0131, kendine g\u00fcvenen ve gelece\u011fe y\u00f6nelik \u2013 Schloss Torgelow ekibi, Berlin&#8217;deki business@school b\u00f6lge finalinde b\u00f6yle kendini sundu.<\/p>\n","protected":false},"author":1,"featured_media":69318,"comment_status":"closed","ping_status":"closed","sticky":false,"template":"","format":"standard","meta":{"_acf_changed":false,"_yoast_wpseo_title":"EXAM.AI: Schloss Torgelow, business@school'u etkiliyor","_yoast_wpseo_metadesc":"Yarat\u0131c\u0131, kendine g\u00fcvenen ve gelece\u011fe y\u00f6nelik \u2013 Schloss Torgelow ekibi Berlin'deki business@school b\u00f6lgesel yar\u0131\u015fmas\u0131nda b\u00f6yle bir performans sergiledi.","excerpt":"Yarat\u0131c\u0131, kendine g\u00fcvenen ve gelece\u011fe y\u00f6nelik \u2013 Schloss Torgelow ekibi Berlin'deki business@school b\u00f6lgesel yar\u0131\u015fmas\u0131nda b\u00f6yle bir performans sergiledi.","footnotes":""},"categories":[34],"tags":[],"class_list":{"0":"post-82737","1":"post","2":"type-post","3":"status-publish","4":"format-standard","5":"has-post-thumbnail","7":"category-torgelow-haberleri"},"acf":[],"yoast_head":"<!-- This site is optimized with the Yoast SEO plugin v26.9 - https:\/\/yoast.com\/product\/yoast-seo-wordpress\/ -->\n<title>EXAM.AI: Schloss Torgelow, business@school&#039;u etkiliyor<\/title>\n<meta name=\"description\" content=\"Yarat\u0131c\u0131, kendine g\u00fcvenen ve gelece\u011fe y\u00f6nelik \u2013 Schloss Torgelow ekibi Berlin&#039;deki business@school b\u00f6lgesel yar\u0131\u015fmas\u0131nda b\u00f6yle bir performans sergiledi.\" \/>\n<meta name=\"robots\" content=\"index, follow, max-snippet:-1, max-image-preview:large, max-video-preview:-1\" \/>\n<link rel=\"canonical\" href=\"https:\/\/www.schlosstorgelow.de\/tr\/exam-ai-ile-finale-schloss-torgelow-businessschoolda-etkileyici-bir-performans-sergiledi\" \/>\n<meta property=\"og:locale\" content=\"tr_TR\" \/>\n<meta property=\"og:type\" content=\"article\" \/>\n<meta property=\"og:title\" content=\"EXAM.AI: Schloss Torgelow, business@school&#039;u etkiliyor\" \/>\n<meta property=\"og:description\" content=\"Yarat\u0131c\u0131, kendine g\u00fcvenen ve gelece\u011fe y\u00f6nelik \u2013 Schloss Torgelow ekibi Berlin&#039;deki business@school b\u00f6lgesel yar\u0131\u015fmas\u0131nda b\u00f6yle bir performans sergiledi.\" \/>\n<meta property=\"og:url\" content=\"https:\/\/www.schlosstorgelow.de\/tr\/exam-ai-ile-finale-schloss-torgelow-businessschoolda-etkileyici-bir-performans-sergiledi\" \/>\n<meta property=\"og:site_name\" content=\"Schloss Torgelow\" \/>\n<meta property=\"article:published_time\" content=\"2025-05-27T07:27:54+00:00\" \/>\n<meta property=\"article:modified_time\" content=\"2026-01-12T09:07:13+00:00\" \/>\n<meta name=\"author\" content=\"Schloss Torgelow\" \/>\n<meta name=\"twitter:card\" content=\"summary_large_image\" \/>\n<meta name=\"twitter:label1\" content=\"Yazan:\" \/>\n\t<meta name=\"twitter:data1\" content=\"Schloss Torgelow\" \/>\n\t<meta name=\"twitter:label2\" content=\"Tahmini okuma s\u00fcresi\" \/>\n\t<meta name=\"twitter:data2\" content=\"3 dakika\" \/>\n<script type=\"application\/ld+json\" class=\"yoast-schema-graph\">{\"@context\":\"https:\/\/schema.org\",\"@graph\":[{\"@type\":\"Article\",\"@id\":\"https:\/\/www.schlosstorgelow.de\/tr\/exam-ai-ile-finale-schloss-torgelow-businessschoolda-etkileyici-bir-performans-sergiledi#article\",\"isPartOf\":{\"@id\":\"https:\/\/www.schlosstorgelow.de\/tr\/exam-ai-ile-finale-schloss-torgelow-businessschoolda-etkileyici-bir-performans-sergiledi\"},\"author\":{\"name\":\"Schloss Torgelow\",\"@id\":\"https:\/\/www.schlosstorgelow.de\/tr#\/schema\/person\/b76bbb367f3a20c7ced1339e4875691e\"},\"headline\":\"EXAM.AI ile finale: Schloss Torgelow business@school&#8217;da etkileyici bir performans sergiledi\",\"datePublished\":\"2025-05-27T07:27:54+00:00\",\"dateModified\":\"2026-01-12T09:07:13+00:00\",\"mainEntityOfPage\":{\"@id\":\"https:\/\/www.schlosstorgelow.de\/tr\/exam-ai-ile-finale-schloss-torgelow-businessschoolda-etkileyici-bir-performans-sergiledi\"},\"wordCount\":617,\"image\":{\"@id\":\"https:\/\/www.schlosstorgelow.de\/tr\/exam-ai-ile-finale-schloss-torgelow-businessschoolda-etkileyici-bir-performans-sergiledi#primaryimage\"},\"thumbnailUrl\":\"https:\/\/www.schlosstorgelow.de\/wp-content\/uploads\/2025\/05\/b40s-berlin-2025_header_st.avif\",\"articleSection\":[\"Torgelow Haberleri\"],\"inLanguage\":\"tr\"},{\"@type\":\"WebPage\",\"@id\":\"https:\/\/www.schlosstorgelow.de\/tr\/exam-ai-ile-finale-schloss-torgelow-businessschoolda-etkileyici-bir-performans-sergiledi#webpage\",\"url\":\"https:\/\/www.schlosstorgelow.de\/tr\/exam-ai-ile-finale-schloss-torgelow-businessschoolda-etkileyici-bir-performans-sergiledi\",\"name\":\"EXAM.AI: Schloss Torgelow, business@school'u etkiliyor\",\"isPartOf\":{\"@id\":\"https:\/\/www.schlosstorgelow.de\/tr#website\"},\"primaryImageOfPage\":{\"@id\":\"https:\/\/www.schlosstorgelow.de\/tr\/exam-ai-ile-finale-schloss-torgelow-businessschoolda-etkileyici-bir-performans-sergiledi#primaryimage\"},\"image\":{\"@id\":\"https:\/\/www.schlosstorgelow.de\/tr\/exam-ai-ile-finale-schloss-torgelow-businessschoolda-etkileyici-bir-performans-sergiledi#primaryimage\"},\"thumbnailUrl\":\"https:\/\/www.schlosstorgelow.de\/wp-content\/uploads\/2025\/05\/b40s-berlin-2025_header_st.avif\",\"datePublished\":\"2025-05-27T07:27:54+00:00\",\"dateModified\":\"2026-01-12T09:07:13+00:00\",\"author\":{\"@id\":\"https:\/\/www.schlosstorgelow.de\/tr#\/schema\/person\/b76bbb367f3a20c7ced1339e4875691e\"},\"description\":\"Yarat\u0131c\u0131, kendine g\u00fcvenen ve gelece\u011fe y\u00f6nelik \u2013 Schloss Torgelow ekibi Berlin'deki business@school b\u00f6lgesel yar\u0131\u015fmas\u0131nda b\u00f6yle bir performans sergiledi.\",\"breadcrumb\":{\"@id\":\"https:\/\/www.schlosstorgelow.de\/tr\/exam-ai-ile-finale-schloss-torgelow-businessschoolda-etkileyici-bir-performans-sergiledi#breadcrumb\"},\"inLanguage\":\"tr\",\"potentialAction\":[{\"@type\":\"ReadAction\",\"target\":[\"https:\/\/www.schlosstorgelow.de\/tr\/exam-ai-ile-finale-schloss-torgelow-businessschoolda-etkileyici-bir-performans-sergiledi\"]}]},{\"@type\":\"ImageObject\",\"inLanguage\":\"tr\",\"@id\":\"https:\/\/www.schlosstorgelow.de\/tr\/exam-ai-ile-finale-schloss-torgelow-businessschoolda-etkileyici-bir-performans-sergiledi#primaryimage\",\"url\":\"https:\/\/www.schlosstorgelow.de\/wp-content\/uploads\/2025\/05\/b40s-berlin-2025_header_st.avif\",\"contentUrl\":\"https:\/\/www.schlosstorgelow.de\/wp-content\/uploads\/2025\/05\/b40s-berlin-2025_header_st.avif\",\"width\":1920,\"height\":1080,\"caption\":\"Okuldaki \u0130\u015f D\u00fcnyas\u0131\"},{\"@type\":\"BreadcrumbList\",\"@id\":\"https:\/\/www.schlosstorgelow.de\/tr\/exam-ai-ile-finale-schloss-torgelow-businessschoolda-etkileyici-bir-performans-sergiledi#breadcrumb\",\"itemListElement\":[{\"@type\":\"ListItem\",\"position\":1,\"name\":\"Startseite\",\"item\":\"https:\/\/www.schlosstorgelow.de\/tr\"},{\"@type\":\"ListItem\",\"position\":2,\"name\":\"EXAM.AI ile finale: Schloss Torgelow business@school&#8217;da etkileyici bir performans sergiledi\"}]},{\"@type\":\"WebSite\",\"@id\":\"https:\/\/www.schlosstorgelow.de\/tr#website\",\"url\":\"https:\/\/www.schlosstorgelow.de\/tr\",\"name\":\"Schloss Torgelow\",\"description\":\"\u00d6zel yat\u0131l\u0131 lise Schloss Torgelow \u2013 zorluklar\u0131 seven \u00f6\u011frenciler i\u00e7in yat\u0131l\u0131 okul.\",\"potentialAction\":[{\"@type\":\"SearchAction\",\"target\":{\"@type\":\"EntryPoint\",\"urlTemplate\":\"https:\/\/www.schlosstorgelow.de\/tr?s={search_term_string}\"},\"query-input\":{\"@type\":\"PropertyValueSpecification\",\"valueRequired\":true,\"valueName\":\"search_term_string\"}}],\"inLanguage\":\"tr\"},{\"@type\":\"Person\",\"@id\":\"https:\/\/www.schlosstorgelow.de\/tr#\/schema\/person\/b76bbb367f3a20c7ced1339e4875691e\",\"name\":\"Schloss Torgelow\",\"image\":{\"@type\":\"ImageObject\",\"inLanguage\":\"tr\",\"@id\":\"https:\/\/www.schlosstorgelow.de\/tr#\/schema\/person\/image\/\",\"url\":\"https:\/\/secure.gravatar.com\/avatar\/4bad9bf1bee90f77b98693d3ad03ade085c80c169595427c58c58e5b069f49e1?s=96&d=mm&r=g\",\"contentUrl\":\"https:\/\/secure.gravatar.com\/avatar\/4bad9bf1bee90f77b98693d3ad03ade085c80c169595427c58c58e5b069f49e1?s=96&d=mm&r=g\",\"caption\":\"Schloss Torgelow\"},\"sameAs\":[\"https:\/\/www.schlosstorgelow.de\"]}]}<\/script>\n<!-- \/ Yoast SEO plugin. -->","yoast_head_json":{"title":"EXAM.AI: Schloss Torgelow, business@school'u etkiliyor","description":"Yarat\u0131c\u0131, kendine g\u00fcvenen ve gelece\u011fe y\u00f6nelik \u2013 Schloss Torgelow ekibi Berlin'deki business@school b\u00f6lgesel yar\u0131\u015fmas\u0131nda b\u00f6yle bir performans sergiledi.","robots":{"index":"index","follow":"follow","max-snippet":"max-snippet:-1","max-image-preview":"max-image-preview:large","max-video-preview":"max-video-preview:-1"},"canonical":"https:\/\/www.schlosstorgelow.de\/tr\/exam-ai-ile-finale-schloss-torgelow-businessschoolda-etkileyici-bir-performans-sergiledi","og_locale":"tr_TR","og_type":"article","og_title":"EXAM.AI: Schloss Torgelow, business@school'u etkiliyor","og_description":"Yarat\u0131c\u0131, kendine g\u00fcvenen ve gelece\u011fe y\u00f6nelik \u2013 Schloss Torgelow ekibi Berlin'deki business@school b\u00f6lgesel yar\u0131\u015fmas\u0131nda b\u00f6yle bir performans sergiledi.","og_url":"https:\/\/www.schlosstorgelow.de\/tr\/exam-ai-ile-finale-schloss-torgelow-businessschoolda-etkileyici-bir-performans-sergiledi","og_site_name":"Schloss Torgelow","article_published_time":"2025-05-27T07:27:54+00:00","article_modified_time":"2026-01-12T09:07:13+00:00","author":"Schloss Torgelow","twitter_card":"summary_large_image","twitter_misc":{"Yazan:":"Schloss Torgelow","Tahmini okuma s\u00fcresi":"3 dakika"},"schema":{"@context":"https:\/\/schema.org","@graph":[{"@type":"Article","@id":"https:\/\/www.schlosstorgelow.de\/tr\/exam-ai-ile-finale-schloss-torgelow-businessschoolda-etkileyici-bir-performans-sergiledi#article","isPartOf":{"@id":"https:\/\/www.schlosstorgelow.de\/tr\/exam-ai-ile-finale-schloss-torgelow-businessschoolda-etkileyici-bir-performans-sergiledi"},"author":{"name":"Schloss Torgelow","@id":"https:\/\/www.schlosstorgelow.de\/tr#\/schema\/person\/b76bbb367f3a20c7ced1339e4875691e"},"headline":"EXAM.AI ile finale: Schloss Torgelow business@school&#8217;da etkileyici bir performans sergiledi","datePublished":"2025-05-27T07:27:54+00:00","dateModified":"2026-01-12T09:07:13+00:00","mainEntityOfPage":{"@id":"https:\/\/www.schlosstorgelow.de\/tr\/exam-ai-ile-finale-schloss-torgelow-businessschoolda-etkileyici-bir-performans-sergiledi"},"wordCount":617,"image":{"@id":"https:\/\/www.schlosstorgelow.de\/tr\/exam-ai-ile-finale-schloss-torgelow-businessschoolda-etkileyici-bir-performans-sergiledi#primaryimage"},"thumbnailUrl":"https:\/\/www.schlosstorgelow.de\/wp-content\/uploads\/2025\/05\/b40s-berlin-2025_header_st.avif","articleSection":["Torgelow Haberleri"],"inLanguage":"tr"},{"@type":"WebPage","@id":"https:\/\/www.schlosstorgelow.de\/tr\/exam-ai-ile-finale-schloss-torgelow-businessschoolda-etkileyici-bir-performans-sergiledi#webpage","url":"https:\/\/www.schlosstorgelow.de\/tr\/exam-ai-ile-finale-schloss-torgelow-businessschoolda-etkileyici-bir-performans-sergiledi","name":"EXAM.AI: Schloss Torgelow, business@school'u etkiliyor","isPartOf":{"@id":"https:\/\/www.schlosstorgelow.de\/tr#website"},"primaryImageOfPage":{"@id":"https:\/\/www.schlosstorgelow.de\/tr\/exam-ai-ile-finale-schloss-torgelow-businessschoolda-etkileyici-bir-performans-sergiledi#primaryimage"},"image":{"@id":"https:\/\/www.schlosstorgelow.de\/tr\/exam-ai-ile-finale-schloss-torgelow-businessschoolda-etkileyici-bir-performans-sergiledi#primaryimage"},"thumbnailUrl":"https:\/\/www.schlosstorgelow.de\/wp-content\/uploads\/2025\/05\/b40s-berlin-2025_header_st.avif","datePublished":"2025-05-27T07:27:54+00:00","dateModified":"2026-01-12T09:07:13+00:00","author":{"@id":"https:\/\/www.schlosstorgelow.de\/tr#\/schema\/person\/b76bbb367f3a20c7ced1339e4875691e"},"description":"Yarat\u0131c\u0131, kendine g\u00fcvenen ve gelece\u011fe y\u00f6nelik \u2013 Schloss Torgelow ekibi Berlin'deki business@school b\u00f6lgesel yar\u0131\u015fmas\u0131nda b\u00f6yle bir performans sergiledi.","breadcrumb":{"@id":"https:\/\/www.schlosstorgelow.de\/tr\/exam-ai-ile-finale-schloss-torgelow-businessschoolda-etkileyici-bir-performans-sergiledi#breadcrumb"},"inLanguage":"tr","potentialAction":[{"@type":"ReadAction","target":["https:\/\/www.schlosstorgelow.de\/tr\/exam-ai-ile-finale-schloss-torgelow-businessschoolda-etkileyici-bir-performans-sergiledi"]}]},{"@type":"ImageObject","inLanguage":"tr","@id":"https:\/\/www.schlosstorgelow.de\/tr\/exam-ai-ile-finale-schloss-torgelow-businessschoolda-etkileyici-bir-performans-sergiledi#primaryimage","url":"https:\/\/www.schlosstorgelow.de\/wp-content\/uploads\/2025\/05\/b40s-berlin-2025_header_st.avif","contentUrl":"https:\/\/www.schlosstorgelow.de\/wp-content\/uploads\/2025\/05\/b40s-berlin-2025_header_st.avif","width":1920,"height":1080,"caption":"Okuldaki \u0130\u015f D\u00fcnyas\u0131"},{"@type":"BreadcrumbList","@id":"https:\/\/www.schlosstorgelow.de\/tr\/exam-ai-ile-finale-schloss-torgelow-businessschoolda-etkileyici-bir-performans-sergiledi#breadcrumb","itemListElement":[{"@type":"ListItem","position":1,"name":"Startseite","item":"https:\/\/www.schlosstorgelow.de\/tr"},{"@type":"ListItem","position":2,"name":"EXAM.AI ile finale: Schloss Torgelow business@school&#8217;da etkileyici bir performans sergiledi"}]},{"@type":"WebSite","@id":"https:\/\/www.schlosstorgelow.de\/tr#website","url":"https:\/\/www.schlosstorgelow.de\/tr","name":"Schloss Torgelow","description":"\u00d6zel yat\u0131l\u0131 lise Schloss Torgelow \u2013 zorluklar\u0131 seven \u00f6\u011frenciler i\u00e7in yat\u0131l\u0131 okul.","potentialAction":[{"@type":"SearchAction","target":{"@type":"EntryPoint","urlTemplate":"https:\/\/www.schlosstorgelow.de\/tr?s={search_term_string}"},"query-input":{"@type":"PropertyValueSpecification","valueRequired":true,"valueName":"search_term_string"}}],"inLanguage":"tr"},{"@type":"Person","@id":"https:\/\/www.schlosstorgelow.de\/tr#\/schema\/person\/b76bbb367f3a20c7ced1339e4875691e","name":"Schloss Torgelow","image":{"@type":"ImageObject","inLanguage":"tr","@id":"https:\/\/www.schlosstorgelow.de\/tr#\/schema\/person\/image\/","url":"https:\/\/secure.gravatar.com\/avatar\/4bad9bf1bee90f77b98693d3ad03ade085c80c169595427c58c58e5b069f49e1?s=96&d=mm&r=g","contentUrl":"https:\/\/secure.gravatar.com\/avatar\/4bad9bf1bee90f77b98693d3ad03ade085c80c169595427c58c58e5b069f49e1?s=96&d=mm&r=g","caption":"Schloss Torgelow"},"sameAs":["https:\/\/www.schlosstorgelow.de"]}]}},"block_visibility_meta":[],"_links":{"self":[{"href":"https:\/\/www.schlosstorgelow.de\/tr\/wp-json\/wp\/v2\/posts\/82737","targetHints":{"allow":["GET"]}}],"collection":[{"href":"https:\/\/www.schlosstorgelow.de\/tr\/wp-json\/wp\/v2\/posts"}],"about":[{"href":"https:\/\/www.schlosstorgelow.de\/tr\/wp-json\/wp\/v2\/types\/post"}],"author":[{"embeddable":true,"href":"https:\/\/www.schlosstorgelow.de\/tr\/wp-json\/wp\/v2\/users\/1"}],"replies":[{"embeddable":true,"href":"https:\/\/www.schlosstorgelow.de\/tr\/wp-json\/wp\/v2\/comments?post=82737"}],"version-history":[{"count":0,"href":"https:\/\/www.schlosstorgelow.de\/tr\/wp-json\/wp\/v2\/posts\/82737\/revisions"}],"wp:featuredmedia":[{"embeddable":true,"href":"https:\/\/www.schlosstorgelow.de\/tr\/wp-json\/wp\/v2\/media\/69318"}],"wp:attachment":[{"href":"https:\/\/www.schlosstorgelow.de\/tr\/wp-json\/wp\/v2\/media?parent=82737"}],"wp:term":[{"taxonomy":"category","embeddable":true,"href":"https:\/\/www.schlosstorgelow.de\/tr\/wp-json\/wp\/v2\/categories?post=82737"},{"taxonomy":"post_tag","embeddable":true,"href":"https:\/\/www.schlosstorgelow.de\/tr\/wp-json\/wp\/v2\/tags?post=82737"}],"curies":[{"name":"wp","href":"https:\/\/api.w.org\/{rel}","templated":true}]}}