{"id":82731,"date":"2025-05-27T07:49:33","date_gmt":"2025-05-27T07:49:33","guid":{"rendered":"https:\/\/www.schlosstorgelow.de\/almanyanin-gueney-afrikadaki-bueyuekelcisinin-sanal-ziyareti"},"modified":"2026-01-23T11:11:45","modified_gmt":"2026-01-23T11:11:45","slug":"almanyanin-gueney-afrikadaki-bueyuekelcisinin-sanal-ziyareti","status":"publish","type":"post","link":"https:\/\/www.schlosstorgelow.de\/tr\/almanyanin-gueney-afrikadaki-bueyuekelcisinin-sanal-ziyareti","title":{"rendered":"Almanya\u2019n\u0131n G\u00fcney Afrika\u2019daki B\u00fcy\u00fckel\u00e7isinin sanal ziyareti"},"content":{"rendered":"\n<p><i>11. ve 12. s\u0131n\u0131flardaki \u00f6\u011frenciler, \u00f6zel bir misafiri a\u011f\u0131rlama \u015fans\u0131na sahip oldular: Almanya&#8217;n\u0131n G\u00fcney Afrika&#8217;daki b\u00fcy\u00fckel\u00e7isi ve Lesotho ile Eswatini krall\u0131klar\u0131ndaki el\u00e7isi olan Andreas Peschke, Schloss Torgelow&#8217;nde sanal olarak konuk oldu.  <\/i><\/p>\n\n<p>Heyecan verici bir konu\u015fmada, Bay Peschke i\u015fine, mesleki kariyerine ve Alman yurtd\u0131\u015f\u0131 temsilciliklerinin \u00e7e\u015fitli g\u00f6revlerine dair bilgiler verdi. Almanya&#8217;y\u0131 yurtd\u0131\u015f\u0131nda temsil etmenin, G\u00fcney Afrika h\u00fck\u00fcmetiyle diyalo\u011fa ge\u00e7menin, ekonomik ili\u015fkileri s\u00fcrd\u00fcrmenin veya k\u00fclt\u00fcrel arac\u0131l\u0131k yapman\u0131n ne anlama geldi\u011fini etkileyici bir \u015fekilde anlatt\u0131. <\/p>\n\n<p>Ancak bu sadece siyasi konularla ilgili de\u011fildi: Ayr\u0131ca uluslararas\u0131 bir ortamda bir diplomat\u0131n ki\u015fisel deneyimleri ve g\u00fcnl\u00fck ya\u015fam\u0131na dair i\u00e7g\u00f6r\u00fcler a\u00e7\u0131k ve a\u00e7\u0131klay\u0131c\u0131 bir \u015fekilde aktar\u0131lm\u0131\u015ft\u0131r.<\/p>\n\n<p>\u00d6zel bir vurgu, sonras\u0131nda ger\u00e7ekle\u015fen soru-cevap oturumuydu: \u00d6\u011frenciler, diplomatik g\u00fcndelik ya\u015fam, g\u00fcncel siyasi zorluklar veya b\u00fcy\u00fckel\u00e7inin ki\u015fisel motivasyonu gibi konularda fikir al\u0131\u015fveri\u015fi yapmak i\u00e7in b\u00fcy\u00fck ilgi ve ak\u0131ll\u0131ca sorularla bu f\u0131rsat\u0131 de\u011ferlendirdiler. Cevaplar\u0131ndaki samimiyet kal\u0131c\u0131 bir iz b\u0131rakt\u0131. <\/p>\n\n<p>Ziyaret, sadece b\u00fcy\u00fcleyici bir meslek alan\u0131na dair heyecan verici bir bak\u0131\u015f a\u00e7\u0131s\u0131 sunmakla kalmad\u0131, ayn\u0131 zamanda k\u00fcresel ili\u015fkiler, uluslararas\u0131 i\u015f birli\u011fi ve kendi gelecek perspektiflerimiz \u00fczerine d\u00fc\u015f\u00fcnmeye de te\u015fvik etti.<\/p>\n\n<p>Torgelow G\u00f6l\u00fc&#8217;ndeki sanal ziyaretiyle sa\u011flad\u0131\u011f\u0131 zaman, a\u00e7\u0131kl\u0131\u011f\u0131 ve ilham i\u00e7in B\u00fcy\u00fckel\u00e7i Andreas Peschke&#8217;ye i\u00e7tenlikle te\u015fekk\u00fcr ederim.<\/p>\n","protected":false},"excerpt":{"rendered":"<p>Andreas Peschke, Almanya\u2019n\u0131n G\u00fcney Afrika B\u00fcy\u00fckel\u00e7isi, sanal olarak Schloss Torgelow&#8217;nde konuk oldu.<\/p>\n","protected":false},"author":1,"featured_media":68111,"comment_status":"closed","ping_status":"closed","sticky":false,"template":"","format":"standard","meta":{"_acf_changed":false,"_yoast_wpseo_title":"Almanya\u2019n\u0131n G\u00fcney Afrika\u2019daki B\u00fcy\u00fckel\u00e7isinin sanal ziyareti","_yoast_wpseo_metadesc":"Almanya'n\u0131n G\u00fcney Afrika, Lesotho ve Esvatini Krall\u0131klar\u0131ndaki b\u00fcy\u00fckel\u00e7isi Andreas Peschke, sanal olarak Schloss Torgelow'nda konuk oldu.","excerpt":"Andreas Peschke, der deutsche Botschafter in S\u00fcdafrika war virtuell zu Gast auf Schloss Torgelow.","footnotes":""},"categories":[34],"tags":[],"class_list":{"0":"post-82731","1":"post","2":"type-post","3":"status-publish","4":"format-standard","5":"has-post-thumbnail","7":"category-torgelow-haberleri"},"acf":[],"yoast_head":"<!-- This site is optimized with the Yoast SEO plugin v26.9 - https:\/\/yoast.com\/product\/yoast-seo-wordpress\/ -->\n<title>Almanya\u2019n\u0131n G\u00fcney Afrika\u2019daki B\u00fcy\u00fckel\u00e7isinin sanal ziyareti<\/title>\n<meta name=\"description\" content=\"Almanya&#039;n\u0131n G\u00fcney Afrika, Lesotho ve Esvatini Krall\u0131klar\u0131ndaki b\u00fcy\u00fckel\u00e7isi Andreas Peschke, sanal olarak Schloss Torgelow&#039;nda konuk oldu.\" \/>\n<meta name=\"robots\" content=\"index, follow, max-snippet:-1, max-image-preview:large, max-video-preview:-1\" \/>\n<link rel=\"canonical\" href=\"https:\/\/www.schlosstorgelow.de\/tr\/almanyanin-gueney-afrikadaki-bueyuekelcisinin-sanal-ziyareti\" \/>\n<meta property=\"og:locale\" content=\"tr_TR\" \/>\n<meta property=\"og:type\" content=\"article\" \/>\n<meta property=\"og:title\" content=\"Almanya\u2019n\u0131n G\u00fcney Afrika\u2019daki B\u00fcy\u00fckel\u00e7isinin sanal ziyareti\" \/>\n<meta property=\"og:description\" content=\"Almanya&#039;n\u0131n G\u00fcney Afrika, Lesotho ve Esvatini Krall\u0131klar\u0131ndaki b\u00fcy\u00fckel\u00e7isi Andreas Peschke, sanal olarak Schloss Torgelow&#039;nda konuk oldu.\" \/>\n<meta property=\"og:url\" content=\"https:\/\/www.schlosstorgelow.de\/tr\/almanyanin-gueney-afrikadaki-bueyuekelcisinin-sanal-ziyareti\" \/>\n<meta property=\"og:site_name\" content=\"Schloss Torgelow\" \/>\n<meta property=\"article:published_time\" content=\"2025-05-27T07:49:33+00:00\" \/>\n<meta property=\"article:modified_time\" content=\"2026-01-23T11:11:45+00:00\" \/>\n<meta name=\"author\" content=\"Schloss Torgelow\" \/>\n<meta name=\"twitter:card\" content=\"summary_large_image\" \/>\n<meta name=\"twitter:label1\" content=\"Yazan:\" \/>\n\t<meta name=\"twitter:data1\" content=\"Schloss Torgelow\" \/>\n\t<meta name=\"twitter:label2\" content=\"Tahmini okuma s\u00fcresi\" \/>\n\t<meta name=\"twitter:data2\" content=\"1 dakika\" \/>\n<script type=\"application\/ld+json\" class=\"yoast-schema-graph\">{\"@context\":\"https:\/\/schema.org\",\"@graph\":[{\"@type\":\"Article\",\"@id\":\"https:\/\/www.schlosstorgelow.de\/tr\/almanyanin-gueney-afrikadaki-bueyuekelcisinin-sanal-ziyareti#article\",\"isPartOf\":{\"@id\":\"https:\/\/www.schlosstorgelow.de\/tr\/almanyanin-gueney-afrikadaki-bueyuekelcisinin-sanal-ziyareti\"},\"author\":{\"name\":\"Schloss Torgelow\",\"@id\":\"https:\/\/www.schlosstorgelow.de\/tr#\/schema\/person\/b76bbb367f3a20c7ced1339e4875691e\"},\"headline\":\"Almanya\u2019n\u0131n G\u00fcney Afrika\u2019daki B\u00fcy\u00fckel\u00e7isinin sanal ziyareti\",\"datePublished\":\"2025-05-27T07:49:33+00:00\",\"dateModified\":\"2026-01-23T11:11:45+00:00\",\"mainEntityOfPage\":{\"@id\":\"https:\/\/www.schlosstorgelow.de\/tr\/almanyanin-gueney-afrikadaki-bueyuekelcisinin-sanal-ziyareti\"},\"wordCount\":288,\"image\":{\"@id\":\"https:\/\/www.schlosstorgelow.de\/tr\/almanyanin-gueney-afrikadaki-bueyuekelcisinin-sanal-ziyareti#primaryimage\"},\"thumbnailUrl\":\"https:\/\/www.schlosstorgelow.de\/wp-content\/uploads\/2025\/08\/botschafter-SA_header_st.avif\",\"articleSection\":[\"Torgelow Haberleri\"],\"inLanguage\":\"tr\"},{\"@type\":\"WebPage\",\"@id\":\"https:\/\/www.schlosstorgelow.de\/tr\/almanyanin-gueney-afrikadaki-bueyuekelcisinin-sanal-ziyareti#webpage\",\"url\":\"https:\/\/www.schlosstorgelow.de\/tr\/almanyanin-gueney-afrikadaki-bueyuekelcisinin-sanal-ziyareti\",\"name\":\"Almanya\u2019n\u0131n G\u00fcney Afrika\u2019daki B\u00fcy\u00fckel\u00e7isinin sanal ziyareti\",\"isPartOf\":{\"@id\":\"https:\/\/www.schlosstorgelow.de\/tr#website\"},\"primaryImageOfPage\":{\"@id\":\"https:\/\/www.schlosstorgelow.de\/tr\/almanyanin-gueney-afrikadaki-bueyuekelcisinin-sanal-ziyareti#primaryimage\"},\"image\":{\"@id\":\"https:\/\/www.schlosstorgelow.de\/tr\/almanyanin-gueney-afrikadaki-bueyuekelcisinin-sanal-ziyareti#primaryimage\"},\"thumbnailUrl\":\"https:\/\/www.schlosstorgelow.de\/wp-content\/uploads\/2025\/08\/botschafter-SA_header_st.avif\",\"datePublished\":\"2025-05-27T07:49:33+00:00\",\"dateModified\":\"2026-01-23T11:11:45+00:00\",\"author\":{\"@id\":\"https:\/\/www.schlosstorgelow.de\/tr#\/schema\/person\/b76bbb367f3a20c7ced1339e4875691e\"},\"description\":\"Almanya'n\u0131n G\u00fcney Afrika, Lesotho ve Esvatini Krall\u0131klar\u0131ndaki b\u00fcy\u00fckel\u00e7isi Andreas Peschke, sanal olarak Schloss Torgelow'nda konuk oldu.\",\"breadcrumb\":{\"@id\":\"https:\/\/www.schlosstorgelow.de\/tr\/almanyanin-gueney-afrikadaki-bueyuekelcisinin-sanal-ziyareti#breadcrumb\"},\"inLanguage\":\"tr\",\"potentialAction\":[{\"@type\":\"ReadAction\",\"target\":[\"https:\/\/www.schlosstorgelow.de\/tr\/almanyanin-gueney-afrikadaki-bueyuekelcisinin-sanal-ziyareti\"]}]},{\"@type\":\"ImageObject\",\"inLanguage\":\"tr\",\"@id\":\"https:\/\/www.schlosstorgelow.de\/tr\/almanyanin-gueney-afrikadaki-bueyuekelcisinin-sanal-ziyareti#primaryimage\",\"url\":\"https:\/\/www.schlosstorgelow.de\/wp-content\/uploads\/2025\/08\/botschafter-SA_header_st.avif\",\"contentUrl\":\"https:\/\/www.schlosstorgelow.de\/wp-content\/uploads\/2025\/08\/botschafter-SA_header_st.avif\",\"width\":1920,\"height\":1080,\"caption\":\"Almanya\u2019n\u0131n G\u00fcney Afrika\u2019daki B\u00fcy\u00fckel\u00e7isinin sanal ziyareti\"},{\"@type\":\"BreadcrumbList\",\"@id\":\"https:\/\/www.schlosstorgelow.de\/tr\/almanyanin-gueney-afrikadaki-bueyuekelcisinin-sanal-ziyareti#breadcrumb\",\"itemListElement\":[{\"@type\":\"ListItem\",\"position\":1,\"name\":\"Startseite\",\"item\":\"https:\/\/www.schlosstorgelow.de\/tr\"},{\"@type\":\"ListItem\",\"position\":2,\"name\":\"Almanya\u2019n\u0131n G\u00fcney Afrika\u2019daki B\u00fcy\u00fckel\u00e7isinin sanal ziyareti\"}]},{\"@type\":\"WebSite\",\"@id\":\"https:\/\/www.schlosstorgelow.de\/tr#website\",\"url\":\"https:\/\/www.schlosstorgelow.de\/tr\",\"name\":\"Schloss Torgelow\",\"description\":\"\u00d6zel yat\u0131l\u0131 lise Schloss Torgelow \u2013 zorluklar\u0131 seven \u00f6\u011frenciler i\u00e7in yat\u0131l\u0131 okul.\",\"potentialAction\":[{\"@type\":\"SearchAction\",\"target\":{\"@type\":\"EntryPoint\",\"urlTemplate\":\"https:\/\/www.schlosstorgelow.de\/tr?s={search_term_string}\"},\"query-input\":{\"@type\":\"PropertyValueSpecification\",\"valueRequired\":true,\"valueName\":\"search_term_string\"}}],\"inLanguage\":\"tr\"},{\"@type\":\"Person\",\"@id\":\"https:\/\/www.schlosstorgelow.de\/tr#\/schema\/person\/b76bbb367f3a20c7ced1339e4875691e\",\"name\":\"Schloss Torgelow\",\"image\":{\"@type\":\"ImageObject\",\"inLanguage\":\"tr\",\"@id\":\"https:\/\/www.schlosstorgelow.de\/tr#\/schema\/person\/image\/\",\"url\":\"https:\/\/secure.gravatar.com\/avatar\/4bad9bf1bee90f77b98693d3ad03ade085c80c169595427c58c58e5b069f49e1?s=96&d=mm&r=g\",\"contentUrl\":\"https:\/\/secure.gravatar.com\/avatar\/4bad9bf1bee90f77b98693d3ad03ade085c80c169595427c58c58e5b069f49e1?s=96&d=mm&r=g\",\"caption\":\"Schloss Torgelow\"},\"sameAs\":[\"https:\/\/www.schlosstorgelow.de\"]}]}<\/script>\n<!-- \/ Yoast SEO plugin. -->","yoast_head_json":{"title":"Almanya\u2019n\u0131n G\u00fcney Afrika\u2019daki B\u00fcy\u00fckel\u00e7isinin sanal ziyareti","description":"Almanya'n\u0131n G\u00fcney Afrika, Lesotho ve Esvatini Krall\u0131klar\u0131ndaki b\u00fcy\u00fckel\u00e7isi Andreas Peschke, sanal olarak Schloss Torgelow'nda konuk oldu.","robots":{"index":"index","follow":"follow","max-snippet":"max-snippet:-1","max-image-preview":"max-image-preview:large","max-video-preview":"max-video-preview:-1"},"canonical":"https:\/\/www.schlosstorgelow.de\/tr\/almanyanin-gueney-afrikadaki-bueyuekelcisinin-sanal-ziyareti","og_locale":"tr_TR","og_type":"article","og_title":"Almanya\u2019n\u0131n G\u00fcney Afrika\u2019daki B\u00fcy\u00fckel\u00e7isinin sanal ziyareti","og_description":"Almanya'n\u0131n G\u00fcney Afrika, Lesotho ve Esvatini Krall\u0131klar\u0131ndaki b\u00fcy\u00fckel\u00e7isi Andreas Peschke, sanal olarak Schloss Torgelow'nda konuk oldu.","og_url":"https:\/\/www.schlosstorgelow.de\/tr\/almanyanin-gueney-afrikadaki-bueyuekelcisinin-sanal-ziyareti","og_site_name":"Schloss Torgelow","article_published_time":"2025-05-27T07:49:33+00:00","article_modified_time":"2026-01-23T11:11:45+00:00","author":"Schloss Torgelow","twitter_card":"summary_large_image","twitter_misc":{"Yazan:":"Schloss Torgelow","Tahmini okuma s\u00fcresi":"1 dakika"},"schema":{"@context":"https:\/\/schema.org","@graph":[{"@type":"Article","@id":"https:\/\/www.schlosstorgelow.de\/tr\/almanyanin-gueney-afrikadaki-bueyuekelcisinin-sanal-ziyareti#article","isPartOf":{"@id":"https:\/\/www.schlosstorgelow.de\/tr\/almanyanin-gueney-afrikadaki-bueyuekelcisinin-sanal-ziyareti"},"author":{"name":"Schloss Torgelow","@id":"https:\/\/www.schlosstorgelow.de\/tr#\/schema\/person\/b76bbb367f3a20c7ced1339e4875691e"},"headline":"Almanya\u2019n\u0131n G\u00fcney Afrika\u2019daki B\u00fcy\u00fckel\u00e7isinin sanal ziyareti","datePublished":"2025-05-27T07:49:33+00:00","dateModified":"2026-01-23T11:11:45+00:00","mainEntityOfPage":{"@id":"https:\/\/www.schlosstorgelow.de\/tr\/almanyanin-gueney-afrikadaki-bueyuekelcisinin-sanal-ziyareti"},"wordCount":288,"image":{"@id":"https:\/\/www.schlosstorgelow.de\/tr\/almanyanin-gueney-afrikadaki-bueyuekelcisinin-sanal-ziyareti#primaryimage"},"thumbnailUrl":"https:\/\/www.schlosstorgelow.de\/wp-content\/uploads\/2025\/08\/botschafter-SA_header_st.avif","articleSection":["Torgelow Haberleri"],"inLanguage":"tr"},{"@type":"WebPage","@id":"https:\/\/www.schlosstorgelow.de\/tr\/almanyanin-gueney-afrikadaki-bueyuekelcisinin-sanal-ziyareti#webpage","url":"https:\/\/www.schlosstorgelow.de\/tr\/almanyanin-gueney-afrikadaki-bueyuekelcisinin-sanal-ziyareti","name":"Almanya\u2019n\u0131n G\u00fcney Afrika\u2019daki B\u00fcy\u00fckel\u00e7isinin sanal ziyareti","isPartOf":{"@id":"https:\/\/www.schlosstorgelow.de\/tr#website"},"primaryImageOfPage":{"@id":"https:\/\/www.schlosstorgelow.de\/tr\/almanyanin-gueney-afrikadaki-bueyuekelcisinin-sanal-ziyareti#primaryimage"},"image":{"@id":"https:\/\/www.schlosstorgelow.de\/tr\/almanyanin-gueney-afrikadaki-bueyuekelcisinin-sanal-ziyareti#primaryimage"},"thumbnailUrl":"https:\/\/www.schlosstorgelow.de\/wp-content\/uploads\/2025\/08\/botschafter-SA_header_st.avif","datePublished":"2025-05-27T07:49:33+00:00","dateModified":"2026-01-23T11:11:45+00:00","author":{"@id":"https:\/\/www.schlosstorgelow.de\/tr#\/schema\/person\/b76bbb367f3a20c7ced1339e4875691e"},"description":"Almanya'n\u0131n G\u00fcney Afrika, Lesotho ve Esvatini Krall\u0131klar\u0131ndaki b\u00fcy\u00fckel\u00e7isi Andreas Peschke, sanal olarak Schloss Torgelow'nda konuk oldu.","breadcrumb":{"@id":"https:\/\/www.schlosstorgelow.de\/tr\/almanyanin-gueney-afrikadaki-bueyuekelcisinin-sanal-ziyareti#breadcrumb"},"inLanguage":"tr","potentialAction":[{"@type":"ReadAction","target":["https:\/\/www.schlosstorgelow.de\/tr\/almanyanin-gueney-afrikadaki-bueyuekelcisinin-sanal-ziyareti"]}]},{"@type":"ImageObject","inLanguage":"tr","@id":"https:\/\/www.schlosstorgelow.de\/tr\/almanyanin-gueney-afrikadaki-bueyuekelcisinin-sanal-ziyareti#primaryimage","url":"https:\/\/www.schlosstorgelow.de\/wp-content\/uploads\/2025\/08\/botschafter-SA_header_st.avif","contentUrl":"https:\/\/www.schlosstorgelow.de\/wp-content\/uploads\/2025\/08\/botschafter-SA_header_st.avif","width":1920,"height":1080,"caption":"Almanya\u2019n\u0131n G\u00fcney Afrika\u2019daki B\u00fcy\u00fckel\u00e7isinin sanal ziyareti"},{"@type":"BreadcrumbList","@id":"https:\/\/www.schlosstorgelow.de\/tr\/almanyanin-gueney-afrikadaki-bueyuekelcisinin-sanal-ziyareti#breadcrumb","itemListElement":[{"@type":"ListItem","position":1,"name":"Startseite","item":"https:\/\/www.schlosstorgelow.de\/tr"},{"@type":"ListItem","position":2,"name":"Almanya\u2019n\u0131n G\u00fcney Afrika\u2019daki B\u00fcy\u00fckel\u00e7isinin sanal ziyareti"}]},{"@type":"WebSite","@id":"https:\/\/www.schlosstorgelow.de\/tr#website","url":"https:\/\/www.schlosstorgelow.de\/tr","name":"Schloss Torgelow","description":"\u00d6zel yat\u0131l\u0131 lise Schloss Torgelow \u2013 zorluklar\u0131 seven \u00f6\u011frenciler i\u00e7in yat\u0131l\u0131 okul.","potentialAction":[{"@type":"SearchAction","target":{"@type":"EntryPoint","urlTemplate":"https:\/\/www.schlosstorgelow.de\/tr?s={search_term_string}"},"query-input":{"@type":"PropertyValueSpecification","valueRequired":true,"valueName":"search_term_string"}}],"inLanguage":"tr"},{"@type":"Person","@id":"https:\/\/www.schlosstorgelow.de\/tr#\/schema\/person\/b76bbb367f3a20c7ced1339e4875691e","name":"Schloss Torgelow","image":{"@type":"ImageObject","inLanguage":"tr","@id":"https:\/\/www.schlosstorgelow.de\/tr#\/schema\/person\/image\/","url":"https:\/\/secure.gravatar.com\/avatar\/4bad9bf1bee90f77b98693d3ad03ade085c80c169595427c58c58e5b069f49e1?s=96&d=mm&r=g","contentUrl":"https:\/\/secure.gravatar.com\/avatar\/4bad9bf1bee90f77b98693d3ad03ade085c80c169595427c58c58e5b069f49e1?s=96&d=mm&r=g","caption":"Schloss Torgelow"},"sameAs":["https:\/\/www.schlosstorgelow.de"]}]}},"block_visibility_meta":[],"_links":{"self":[{"href":"https:\/\/www.schlosstorgelow.de\/tr\/wp-json\/wp\/v2\/posts\/82731","targetHints":{"allow":["GET"]}}],"collection":[{"href":"https:\/\/www.schlosstorgelow.de\/tr\/wp-json\/wp\/v2\/posts"}],"about":[{"href":"https:\/\/www.schlosstorgelow.de\/tr\/wp-json\/wp\/v2\/types\/post"}],"author":[{"embeddable":true,"href":"https:\/\/www.schlosstorgelow.de\/tr\/wp-json\/wp\/v2\/users\/1"}],"replies":[{"embeddable":true,"href":"https:\/\/www.schlosstorgelow.de\/tr\/wp-json\/wp\/v2\/comments?post=82731"}],"version-history":[{"count":0,"href":"https:\/\/www.schlosstorgelow.de\/tr\/wp-json\/wp\/v2\/posts\/82731\/revisions"}],"wp:featuredmedia":[{"embeddable":true,"href":"https:\/\/www.schlosstorgelow.de\/tr\/wp-json\/wp\/v2\/media\/68111"}],"wp:attachment":[{"href":"https:\/\/www.schlosstorgelow.de\/tr\/wp-json\/wp\/v2\/media?parent=82731"}],"wp:term":[{"taxonomy":"category","embeddable":true,"href":"https:\/\/www.schlosstorgelow.de\/tr\/wp-json\/wp\/v2\/categories?post=82731"},{"taxonomy":"post_tag","embeddable":true,"href":"https:\/\/www.schlosstorgelow.de\/tr\/wp-json\/wp\/v2\/tags?post=82731"}],"curies":[{"name":"wp","href":"https:\/\/api.w.org\/{rel}","templated":true}]}}