{"id":82723,"date":"2025-06-23T07:35:46","date_gmt":"2025-06-23T07:35:46","guid":{"rendered":"https:\/\/www.schlosstorgelow.de\/bir-fikir-yardima-doenuestueguende-dr-nadine-rohloff-torgelow-kalesinde-geri-doendue"},"modified":"2026-01-23T11:05:11","modified_gmt":"2026-01-23T11:05:11","slug":"bir-fikir-yardima-doenuestueguende-dr-nadine-rohloff-schloss-torgelownde-geri-doendue","status":"publish","type":"post","link":"https:\/\/www.schlosstorgelow.de\/tr\/bir-fikir-yardima-doenuestueguende-dr-nadine-rohloff-schloss-torgelownde-geri-doendue","title":{"rendered":"Bir fikir yard\u0131ma d\u00f6n\u00fc\u015ft\u00fc\u011f\u00fcnde \u2013 Dr. Nadine Rohloff Schloss Torgelow&#8217;nde geri d\u00f6nd\u00fc"},"content":{"rendered":"\n<p><i>Bazen bunu hemen hissedersiniz: Bu ziyaret ger\u00e7ekten \u00e7ok \u00f6zel bir \u015fey. 2009 mezunu Dr. Nadine Rohloff, K1 biyoloji dersleri i\u00e7in Schloss Torgelow&#8217;a geri d\u00f6nd\u00fc\u011f\u00fcnde, bu sadece akademik bir etki de\u011fil, ayn\u0131 zamanda s\u0131cakl\u0131k, takdir ve an\u0131larla dolu ki\u015fisel bir bulu\u015fmayd\u0131. <\/i><\/p>\n\n<p><strong>An\u0131larla dolu bir ak\u015fam<\/strong><\/p>\n\n<p>Nadine, sunumundan bir g\u00fcn \u00f6nce, Sar\u0131 Ev&#8217;de y\u00fcr\u00fcy\u00fc\u015fe \u00e7\u0131k\u0131p, o zamanlar kald\u0131\u011f\u0131 oday\u0131 ziyaret etti ve eski ment\u00f6rleriyle sohbet etme f\u0131rsat\u0131 buldu. Kahkahalar at\u0131ld\u0131, an\u0131lar payla\u015f\u0131ld\u0131 ve hikayeler anlat\u0131ld\u0131. &#8220;Biraz eve d\u00f6nmek gibi,&#8221; dedi ve Torgelower d\u00f6neminin onu ne kadar etkiledi\u011fini vurgulad\u0131. Yeniden bulu\u015fman\u0131n sevincinin her iki taraf i\u00e7in de b\u00fcy\u00fck oldu\u011fu g\u00f6r\u00fcld\u00fc.   <\/p>\n\n<p><strong>Bir\u00e7ok dura\u011f\u0131 olan bir yol ve bir hedef: yard\u0131m etmek.<\/strong><\/p>\n\n<p>Ertesi g\u00fcn Nadine, biyoloji dersleri \u00f6n\u00fcnde mesleki kariyerinden bahsetti. Lise diplomas\u0131n\u0131 ald\u0131ktan sonra M\u00fcnster \u00dcniversitesi\u2019nde t\u0131p okudu, doktoras\u0131n\u0131 yapt\u0131 ve kad\u0131n hastal\u0131klar\u0131 klini\u011finde \u00e7al\u0131\u015ft\u0131 &#8211; muayenehanede, ameliyatta, servislerde ve ara\u015ft\u0131rmalarda. Bu s\u00fcre zarf\u0131nda, endometriozis hastalar\u0131yla \u00e7al\u0131\u015fma konusunda \u00f6zel bir ilgi geli\u015ftirdi.  <\/p>\n\n<p>Bu deneyimden bir fikir do\u011fdu: g\u00fcnl\u00fck hayatta etkilenenlere yard\u0131mc\u0131 olacak bir uygulama geli\u015ftirmek. Bug\u00fcn bu fikir ger\u00e7ek oldu. <a href=\"https:\/\/endometriose.app\/\">Endo-Uygulamas\u0131<\/a>, \u00e7ok modlu, ki\u015fiselle\u015ftirilebilir bir terapi yakla\u015f\u0131m\u0131na dayanan re\u00e7eteyle kullan\u0131lan dijital bir sa\u011fl\u0131k uygulamas\u0131d\u0131r. Bilgi, egzersiz seanslar\u0131 ve g\u00fcnl\u00fck te\u015fvikler arac\u0131l\u0131\u011f\u0131yla etkilenenleri destekler.   <\/p>\n\n<p>Konu\u015fmada sadece t\u0131bbi bilgi de\u011fil, ayn\u0131 zamanda hastal\u0131\u011f\u0131n ki\u015fisel y\u00f6n\u00fc de ele al\u0131nd\u0131: belirsizlik, uzun tan\u0131 s\u00fcre\u00e7leri, kronik a\u011fr\u0131larla g\u00fcnl\u00fck ya\u015fam &#8211; ve dijital olanaklar\u0131n hastal\u0131kla ba\u015fa \u00e7\u0131kmay\u0131 daha \u00f6zerk hale getirmeye nas\u0131l yard\u0131mc\u0131 olabilece\u011fi.<\/p>\n\n<p><strong>S\u0131ralardan Giri\u015fimciye<\/strong><\/p>\n\n<p>Nadine, partneriyle birlikte Endo Health GmbH&#8217;yi kurdu. Bug\u00fcn, 25&#8217;in \u00fczerinde \u00e7al\u0131\u015fandan olu\u015fan bir ekibi y\u00f6netiyor, uygulaman\u0131n geli\u015ftirilmesi \u00fczerinde \u00e7al\u0131\u015f\u0131yor ve di\u011fer hasta gruplar\u0131 i\u00e7in yeni dijital \u00e7\u00f6z\u00fcmler \u00fczerine d\u00fc\u015f\u00fcn\u00fcyor. <\/p>\n\n<p>\u00d6\u011frencilerin \u00f6n\u00fcnde, ba\u011f\u0131ms\u0131zl\u0131\u011fa giden yol, zorluklar ve ba\u015far\u0131s\u0131zl\u0131klar, kararlar, cesaret ve t\u0131p ile giri\u015fimcili\u011fin etkile\u015fimi hakk\u0131nda a\u00e7\u0131k\u00e7a konu\u015ftu. \u00d6zellikle, eski \u00f6\u011fretmenlerinin \u00f6n\u00fcnde durdu\u011fu ve \u00f6nemli bir sa\u011fl\u0131k konusunu bir uzman olarak anlatt\u0131\u011f\u0131 an duyguluydu. &#8220;Burada nab\u0131z biraz y\u00fckseliyor,&#8221; dedi samimiyetle &#8211; ve sakinli\u011fi, netli\u011fi ve b\u00fcy\u00fck bir ba\u011fl\u0131l\u0131\u011f\u0131 ile ikna etti.  <\/p>\n\n<p><strong>Bilgi Tav\u0131rla Bulu\u015fuyor<\/strong><\/p>\n\n<p>Dr. Nadine Rohloff&#8217;un ziyareti \u00f6zel bir olayd\u0131. Bu sadece konusunun derinli\u011fi ve g\u00fcncelli\u011fi nedeniyle de\u011fil, ayn\u0131 zamanda ki\u015fili\u011fi nedeniyle de. <\/p>\n\n<p>Nadine, yeni yollar a\u00e7an ak\u0131ll\u0131, samimi ve kendini i\u015fine adam\u0131\u015f bir kad\u0131nd\u0131r. Uzmanl\u0131k bilgisini empati ile, giri\u015fimci d\u00fc\u015f\u00fcnceyi sorumluluk ile birle\u015ftiriyor. Onun konu\u015fmas\u0131 etkileyici, ula\u015f\u0131labilir ve ilham vericiydi.  <\/p>\n\n<p>Nadine&#8217;ye, ziyareti, samimiyeti, zaman\u0131 ve endometriozisden etkilenenlerin daha iyi t\u0131bbi hizmet almas\u0131 i\u00e7in verdi\u011fi destek i\u00e7in i\u00e7tenlikle te\u015fekk\u00fcr ederiz.<\/p>\n","protected":false},"excerpt":{"rendered":"<p>Bir fikirden yard\u0131m do\u011fdu\u011funda &#8211; Eski \u00f6\u011frenci Dr. Nadine Rohloff, K1 Biyoloji dersleri \u00f6n\u00fcnde heyecan verici bir sunum ger\u00e7ekle\u015ftirdi.<\/p>\n","protected":false},"author":1,"featured_media":68019,"comment_status":"closed","ping_status":"closed","sticky":false,"template":"","format":"standard","meta":{"_acf_changed":false,"_yoast_wpseo_title":"Dr. Nadine Rohloff, Schloss Torgelow'a geri d\u00f6nd\u00fc","_yoast_wpseo_metadesc":"Bir fikir yard\u0131ma d\u00f6n\u00fc\u015f\u00fcnce - Eski \u00f6\u011frenci Dr. Nadine Rohloff, K1 Biyoloji derslerinde ilgin\u00e7 bir konu\u015fma yapt\u0131.","excerpt":"Bir fikir yard\u0131m haline geldi\u011finde \u2013 Eski \u00f6\u011frenci Dr. Nadine Rohloff, K1 biyoloji derslerinde heyecan verici bir sunum yapt\u0131.","footnotes":""},"categories":[34],"tags":[],"class_list":{"0":"post-82723","1":"post","2":"type-post","3":"status-publish","4":"format-standard","5":"has-post-thumbnail","7":"category-torgelow-haberleri"},"acf":[],"yoast_head":"<!-- This site is optimized with the Yoast SEO plugin v26.9 - https:\/\/yoast.com\/product\/yoast-seo-wordpress\/ -->\n<title>Dr. Nadine Rohloff, Schloss Torgelow&#039;a geri d\u00f6nd\u00fc<\/title>\n<meta name=\"description\" content=\"Bir fikir yard\u0131ma d\u00f6n\u00fc\u015f\u00fcnce - Eski \u00f6\u011frenci Dr. Nadine Rohloff, K1 Biyoloji derslerinde ilgin\u00e7 bir konu\u015fma yapt\u0131.\" \/>\n<meta name=\"robots\" content=\"index, follow, max-snippet:-1, max-image-preview:large, max-video-preview:-1\" \/>\n<link rel=\"canonical\" href=\"https:\/\/www.schlosstorgelow.de\/tr\/bir-fikir-yardima-doenuestueguende-dr-nadine-rohloff-schloss-torgelownde-geri-doendue\" \/>\n<meta property=\"og:locale\" content=\"tr_TR\" \/>\n<meta property=\"og:type\" content=\"article\" \/>\n<meta property=\"og:title\" content=\"Dr. Nadine Rohloff, Schloss Torgelow&#039;a geri d\u00f6nd\u00fc\" \/>\n<meta property=\"og:description\" content=\"Bir fikir yard\u0131ma d\u00f6n\u00fc\u015f\u00fcnce - Eski \u00f6\u011frenci Dr. Nadine Rohloff, K1 Biyoloji derslerinde ilgin\u00e7 bir konu\u015fma yapt\u0131.\" \/>\n<meta property=\"og:url\" content=\"https:\/\/www.schlosstorgelow.de\/tr\/bir-fikir-yardima-doenuestueguende-dr-nadine-rohloff-schloss-torgelownde-geri-doendue\" \/>\n<meta property=\"og:site_name\" content=\"Schloss Torgelow\" \/>\n<meta property=\"article:published_time\" content=\"2025-06-23T07:35:46+00:00\" \/>\n<meta property=\"article:modified_time\" content=\"2026-01-23T11:05:11+00:00\" \/>\n<meta name=\"author\" content=\"Schloss Torgelow\" \/>\n<meta name=\"twitter:card\" content=\"summary_large_image\" \/>\n<meta name=\"twitter:label1\" content=\"Yazan:\" \/>\n\t<meta name=\"twitter:data1\" content=\"Schloss Torgelow\" \/>\n\t<meta name=\"twitter:label2\" content=\"Tahmini okuma s\u00fcresi\" \/>\n\t<meta name=\"twitter:data2\" content=\"3 dakika\" \/>\n<script type=\"application\/ld+json\" class=\"yoast-schema-graph\">{\"@context\":\"https:\/\/schema.org\",\"@graph\":[{\"@type\":\"Article\",\"@id\":\"https:\/\/www.schlosstorgelow.de\/tr\/bir-fikir-yardima-doenuestueguende-dr-nadine-rohloff-schloss-torgelownde-geri-doendue#article\",\"isPartOf\":{\"@id\":\"https:\/\/www.schlosstorgelow.de\/tr\/bir-fikir-yardima-doenuestueguende-dr-nadine-rohloff-schloss-torgelownde-geri-doendue\"},\"author\":{\"name\":\"Schloss Torgelow\",\"@id\":\"https:\/\/www.schlosstorgelow.de\/tr#\/schema\/person\/b76bbb367f3a20c7ced1339e4875691e\"},\"headline\":\"Bir fikir yard\u0131ma d\u00f6n\u00fc\u015ft\u00fc\u011f\u00fcnde \u2013 Dr. Nadine Rohloff Schloss Torgelow&#8217;nde geri d\u00f6nd\u00fc\",\"datePublished\":\"2025-06-23T07:35:46+00:00\",\"dateModified\":\"2026-01-23T11:05:11+00:00\",\"mainEntityOfPage\":{\"@id\":\"https:\/\/www.schlosstorgelow.de\/tr\/bir-fikir-yardima-doenuestueguende-dr-nadine-rohloff-schloss-torgelownde-geri-doendue\"},\"wordCount\":562,\"image\":{\"@id\":\"https:\/\/www.schlosstorgelow.de\/tr\/bir-fikir-yardima-doenuestueguende-dr-nadine-rohloff-schloss-torgelownde-geri-doendue#primaryimage\"},\"thumbnailUrl\":\"https:\/\/www.schlosstorgelow.de\/wp-content\/uploads\/2025\/08\/endometriose-vortrag_header_st.avif\",\"articleSection\":[\"Torgelow Haberleri\"],\"inLanguage\":\"tr\"},{\"@type\":\"WebPage\",\"@id\":\"https:\/\/www.schlosstorgelow.de\/tr\/bir-fikir-yardima-doenuestueguende-dr-nadine-rohloff-schloss-torgelownde-geri-doendue#webpage\",\"url\":\"https:\/\/www.schlosstorgelow.de\/tr\/bir-fikir-yardima-doenuestueguende-dr-nadine-rohloff-schloss-torgelownde-geri-doendue\",\"name\":\"Dr. Nadine Rohloff, Schloss Torgelow'a geri d\u00f6nd\u00fc\",\"isPartOf\":{\"@id\":\"https:\/\/www.schlosstorgelow.de\/tr#website\"},\"primaryImageOfPage\":{\"@id\":\"https:\/\/www.schlosstorgelow.de\/tr\/bir-fikir-yardima-doenuestueguende-dr-nadine-rohloff-schloss-torgelownde-geri-doendue#primaryimage\"},\"image\":{\"@id\":\"https:\/\/www.schlosstorgelow.de\/tr\/bir-fikir-yardima-doenuestueguende-dr-nadine-rohloff-schloss-torgelownde-geri-doendue#primaryimage\"},\"thumbnailUrl\":\"https:\/\/www.schlosstorgelow.de\/wp-content\/uploads\/2025\/08\/endometriose-vortrag_header_st.avif\",\"datePublished\":\"2025-06-23T07:35:46+00:00\",\"dateModified\":\"2026-01-23T11:05:11+00:00\",\"author\":{\"@id\":\"https:\/\/www.schlosstorgelow.de\/tr#\/schema\/person\/b76bbb367f3a20c7ced1339e4875691e\"},\"description\":\"Bir fikir yard\u0131ma d\u00f6n\u00fc\u015f\u00fcnce - Eski \u00f6\u011frenci Dr. Nadine Rohloff, K1 Biyoloji derslerinde ilgin\u00e7 bir konu\u015fma yapt\u0131.\",\"breadcrumb\":{\"@id\":\"https:\/\/www.schlosstorgelow.de\/tr\/bir-fikir-yardima-doenuestueguende-dr-nadine-rohloff-schloss-torgelownde-geri-doendue#breadcrumb\"},\"inLanguage\":\"tr\",\"potentialAction\":[{\"@type\":\"ReadAction\",\"target\":[\"https:\/\/www.schlosstorgelow.de\/tr\/bir-fikir-yardima-doenuestueguende-dr-nadine-rohloff-schloss-torgelownde-geri-doendue\"]}]},{\"@type\":\"ImageObject\",\"inLanguage\":\"tr\",\"@id\":\"https:\/\/www.schlosstorgelow.de\/tr\/bir-fikir-yardima-doenuestueguende-dr-nadine-rohloff-schloss-torgelownde-geri-doendue#primaryimage\",\"url\":\"https:\/\/www.schlosstorgelow.de\/wp-content\/uploads\/2025\/08\/endometriose-vortrag_header_st.avif\",\"contentUrl\":\"https:\/\/www.schlosstorgelow.de\/wp-content\/uploads\/2025\/08\/endometriose-vortrag_header_st.avif\",\"width\":1920,\"height\":1080,\"caption\":\"Bir fikir yard\u0131ma d\u00f6n\u00fc\u015ft\u00fc\u011f\u00fcnde \u2013 Dr. Nadine Rohloff Schloss Torgelow'nde geri d\u00f6nd\u00fc\"},{\"@type\":\"BreadcrumbList\",\"@id\":\"https:\/\/www.schlosstorgelow.de\/tr\/bir-fikir-yardima-doenuestueguende-dr-nadine-rohloff-schloss-torgelownde-geri-doendue#breadcrumb\",\"itemListElement\":[{\"@type\":\"ListItem\",\"position\":1,\"name\":\"Startseite\",\"item\":\"https:\/\/www.schlosstorgelow.de\/tr\"},{\"@type\":\"ListItem\",\"position\":2,\"name\":\"Bir fikir yard\u0131ma d\u00f6n\u00fc\u015ft\u00fc\u011f\u00fcnde \u2013 Dr. Nadine Rohloff Schloss Torgelow&#8217;nde geri d\u00f6nd\u00fc\"}]},{\"@type\":\"WebSite\",\"@id\":\"https:\/\/www.schlosstorgelow.de\/tr#website\",\"url\":\"https:\/\/www.schlosstorgelow.de\/tr\",\"name\":\"Schloss Torgelow\",\"description\":\"\u00d6zel yat\u0131l\u0131 lise Schloss Torgelow \u2013 zorluklar\u0131 seven \u00f6\u011frenciler i\u00e7in yat\u0131l\u0131 okul.\",\"potentialAction\":[{\"@type\":\"SearchAction\",\"target\":{\"@type\":\"EntryPoint\",\"urlTemplate\":\"https:\/\/www.schlosstorgelow.de\/tr?s={search_term_string}\"},\"query-input\":{\"@type\":\"PropertyValueSpecification\",\"valueRequired\":true,\"valueName\":\"search_term_string\"}}],\"inLanguage\":\"tr\"},{\"@type\":\"Person\",\"@id\":\"https:\/\/www.schlosstorgelow.de\/tr#\/schema\/person\/b76bbb367f3a20c7ced1339e4875691e\",\"name\":\"Schloss Torgelow\",\"image\":{\"@type\":\"ImageObject\",\"inLanguage\":\"tr\",\"@id\":\"https:\/\/www.schlosstorgelow.de\/tr#\/schema\/person\/image\/\",\"url\":\"https:\/\/secure.gravatar.com\/avatar\/4bad9bf1bee90f77b98693d3ad03ade085c80c169595427c58c58e5b069f49e1?s=96&d=mm&r=g\",\"contentUrl\":\"https:\/\/secure.gravatar.com\/avatar\/4bad9bf1bee90f77b98693d3ad03ade085c80c169595427c58c58e5b069f49e1?s=96&d=mm&r=g\",\"caption\":\"Schloss Torgelow\"},\"sameAs\":[\"https:\/\/www.schlosstorgelow.de\"]}]}<\/script>\n<!-- \/ Yoast SEO plugin. -->","yoast_head_json":{"title":"Dr. Nadine Rohloff, Schloss Torgelow'a geri d\u00f6nd\u00fc","description":"Bir fikir yard\u0131ma d\u00f6n\u00fc\u015f\u00fcnce - Eski \u00f6\u011frenci Dr. Nadine Rohloff, K1 Biyoloji derslerinde ilgin\u00e7 bir konu\u015fma yapt\u0131.","robots":{"index":"index","follow":"follow","max-snippet":"max-snippet:-1","max-image-preview":"max-image-preview:large","max-video-preview":"max-video-preview:-1"},"canonical":"https:\/\/www.schlosstorgelow.de\/tr\/bir-fikir-yardima-doenuestueguende-dr-nadine-rohloff-schloss-torgelownde-geri-doendue","og_locale":"tr_TR","og_type":"article","og_title":"Dr. Nadine Rohloff, Schloss Torgelow'a geri d\u00f6nd\u00fc","og_description":"Bir fikir yard\u0131ma d\u00f6n\u00fc\u015f\u00fcnce - Eski \u00f6\u011frenci Dr. Nadine Rohloff, K1 Biyoloji derslerinde ilgin\u00e7 bir konu\u015fma yapt\u0131.","og_url":"https:\/\/www.schlosstorgelow.de\/tr\/bir-fikir-yardima-doenuestueguende-dr-nadine-rohloff-schloss-torgelownde-geri-doendue","og_site_name":"Schloss Torgelow","article_published_time":"2025-06-23T07:35:46+00:00","article_modified_time":"2026-01-23T11:05:11+00:00","author":"Schloss Torgelow","twitter_card":"summary_large_image","twitter_misc":{"Yazan:":"Schloss Torgelow","Tahmini okuma s\u00fcresi":"3 dakika"},"schema":{"@context":"https:\/\/schema.org","@graph":[{"@type":"Article","@id":"https:\/\/www.schlosstorgelow.de\/tr\/bir-fikir-yardima-doenuestueguende-dr-nadine-rohloff-schloss-torgelownde-geri-doendue#article","isPartOf":{"@id":"https:\/\/www.schlosstorgelow.de\/tr\/bir-fikir-yardima-doenuestueguende-dr-nadine-rohloff-schloss-torgelownde-geri-doendue"},"author":{"name":"Schloss Torgelow","@id":"https:\/\/www.schlosstorgelow.de\/tr#\/schema\/person\/b76bbb367f3a20c7ced1339e4875691e"},"headline":"Bir fikir yard\u0131ma d\u00f6n\u00fc\u015ft\u00fc\u011f\u00fcnde \u2013 Dr. Nadine Rohloff Schloss Torgelow&#8217;nde geri d\u00f6nd\u00fc","datePublished":"2025-06-23T07:35:46+00:00","dateModified":"2026-01-23T11:05:11+00:00","mainEntityOfPage":{"@id":"https:\/\/www.schlosstorgelow.de\/tr\/bir-fikir-yardima-doenuestueguende-dr-nadine-rohloff-schloss-torgelownde-geri-doendue"},"wordCount":562,"image":{"@id":"https:\/\/www.schlosstorgelow.de\/tr\/bir-fikir-yardima-doenuestueguende-dr-nadine-rohloff-schloss-torgelownde-geri-doendue#primaryimage"},"thumbnailUrl":"https:\/\/www.schlosstorgelow.de\/wp-content\/uploads\/2025\/08\/endometriose-vortrag_header_st.avif","articleSection":["Torgelow Haberleri"],"inLanguage":"tr"},{"@type":"WebPage","@id":"https:\/\/www.schlosstorgelow.de\/tr\/bir-fikir-yardima-doenuestueguende-dr-nadine-rohloff-schloss-torgelownde-geri-doendue#webpage","url":"https:\/\/www.schlosstorgelow.de\/tr\/bir-fikir-yardima-doenuestueguende-dr-nadine-rohloff-schloss-torgelownde-geri-doendue","name":"Dr. Nadine Rohloff, Schloss Torgelow'a geri d\u00f6nd\u00fc","isPartOf":{"@id":"https:\/\/www.schlosstorgelow.de\/tr#website"},"primaryImageOfPage":{"@id":"https:\/\/www.schlosstorgelow.de\/tr\/bir-fikir-yardima-doenuestueguende-dr-nadine-rohloff-schloss-torgelownde-geri-doendue#primaryimage"},"image":{"@id":"https:\/\/www.schlosstorgelow.de\/tr\/bir-fikir-yardima-doenuestueguende-dr-nadine-rohloff-schloss-torgelownde-geri-doendue#primaryimage"},"thumbnailUrl":"https:\/\/www.schlosstorgelow.de\/wp-content\/uploads\/2025\/08\/endometriose-vortrag_header_st.avif","datePublished":"2025-06-23T07:35:46+00:00","dateModified":"2026-01-23T11:05:11+00:00","author":{"@id":"https:\/\/www.schlosstorgelow.de\/tr#\/schema\/person\/b76bbb367f3a20c7ced1339e4875691e"},"description":"Bir fikir yard\u0131ma d\u00f6n\u00fc\u015f\u00fcnce - Eski \u00f6\u011frenci Dr. Nadine Rohloff, K1 Biyoloji derslerinde ilgin\u00e7 bir konu\u015fma yapt\u0131.","breadcrumb":{"@id":"https:\/\/www.schlosstorgelow.de\/tr\/bir-fikir-yardima-doenuestueguende-dr-nadine-rohloff-schloss-torgelownde-geri-doendue#breadcrumb"},"inLanguage":"tr","potentialAction":[{"@type":"ReadAction","target":["https:\/\/www.schlosstorgelow.de\/tr\/bir-fikir-yardima-doenuestueguende-dr-nadine-rohloff-schloss-torgelownde-geri-doendue"]}]},{"@type":"ImageObject","inLanguage":"tr","@id":"https:\/\/www.schlosstorgelow.de\/tr\/bir-fikir-yardima-doenuestueguende-dr-nadine-rohloff-schloss-torgelownde-geri-doendue#primaryimage","url":"https:\/\/www.schlosstorgelow.de\/wp-content\/uploads\/2025\/08\/endometriose-vortrag_header_st.avif","contentUrl":"https:\/\/www.schlosstorgelow.de\/wp-content\/uploads\/2025\/08\/endometriose-vortrag_header_st.avif","width":1920,"height":1080,"caption":"Bir fikir yard\u0131ma d\u00f6n\u00fc\u015ft\u00fc\u011f\u00fcnde \u2013 Dr. Nadine Rohloff Schloss Torgelow'nde geri d\u00f6nd\u00fc"},{"@type":"BreadcrumbList","@id":"https:\/\/www.schlosstorgelow.de\/tr\/bir-fikir-yardima-doenuestueguende-dr-nadine-rohloff-schloss-torgelownde-geri-doendue#breadcrumb","itemListElement":[{"@type":"ListItem","position":1,"name":"Startseite","item":"https:\/\/www.schlosstorgelow.de\/tr"},{"@type":"ListItem","position":2,"name":"Bir fikir yard\u0131ma d\u00f6n\u00fc\u015ft\u00fc\u011f\u00fcnde \u2013 Dr. Nadine Rohloff Schloss Torgelow&#8217;nde geri d\u00f6nd\u00fc"}]},{"@type":"WebSite","@id":"https:\/\/www.schlosstorgelow.de\/tr#website","url":"https:\/\/www.schlosstorgelow.de\/tr","name":"Schloss Torgelow","description":"\u00d6zel yat\u0131l\u0131 lise Schloss Torgelow \u2013 zorluklar\u0131 seven \u00f6\u011frenciler i\u00e7in yat\u0131l\u0131 okul.","potentialAction":[{"@type":"SearchAction","target":{"@type":"EntryPoint","urlTemplate":"https:\/\/www.schlosstorgelow.de\/tr?s={search_term_string}"},"query-input":{"@type":"PropertyValueSpecification","valueRequired":true,"valueName":"search_term_string"}}],"inLanguage":"tr"},{"@type":"Person","@id":"https:\/\/www.schlosstorgelow.de\/tr#\/schema\/person\/b76bbb367f3a20c7ced1339e4875691e","name":"Schloss Torgelow","image":{"@type":"ImageObject","inLanguage":"tr","@id":"https:\/\/www.schlosstorgelow.de\/tr#\/schema\/person\/image\/","url":"https:\/\/secure.gravatar.com\/avatar\/4bad9bf1bee90f77b98693d3ad03ade085c80c169595427c58c58e5b069f49e1?s=96&d=mm&r=g","contentUrl":"https:\/\/secure.gravatar.com\/avatar\/4bad9bf1bee90f77b98693d3ad03ade085c80c169595427c58c58e5b069f49e1?s=96&d=mm&r=g","caption":"Schloss Torgelow"},"sameAs":["https:\/\/www.schlosstorgelow.de"]}]}},"block_visibility_meta":[],"_links":{"self":[{"href":"https:\/\/www.schlosstorgelow.de\/tr\/wp-json\/wp\/v2\/posts\/82723","targetHints":{"allow":["GET"]}}],"collection":[{"href":"https:\/\/www.schlosstorgelow.de\/tr\/wp-json\/wp\/v2\/posts"}],"about":[{"href":"https:\/\/www.schlosstorgelow.de\/tr\/wp-json\/wp\/v2\/types\/post"}],"author":[{"embeddable":true,"href":"https:\/\/www.schlosstorgelow.de\/tr\/wp-json\/wp\/v2\/users\/1"}],"replies":[{"embeddable":true,"href":"https:\/\/www.schlosstorgelow.de\/tr\/wp-json\/wp\/v2\/comments?post=82723"}],"version-history":[{"count":0,"href":"https:\/\/www.schlosstorgelow.de\/tr\/wp-json\/wp\/v2\/posts\/82723\/revisions"}],"wp:featuredmedia":[{"embeddable":true,"href":"https:\/\/www.schlosstorgelow.de\/tr\/wp-json\/wp\/v2\/media\/68019"}],"wp:attachment":[{"href":"https:\/\/www.schlosstorgelow.de\/tr\/wp-json\/wp\/v2\/media?parent=82723"}],"wp:term":[{"taxonomy":"category","embeddable":true,"href":"https:\/\/www.schlosstorgelow.de\/tr\/wp-json\/wp\/v2\/categories?post=82723"},{"taxonomy":"post_tag","embeddable":true,"href":"https:\/\/www.schlosstorgelow.de\/tr\/wp-json\/wp\/v2\/tags?post=82723"}],"curies":[{"name":"wp","href":"https:\/\/api.w.org\/{rel}","templated":true}]}}