{"id":82699,"date":"2025-07-08T10:03:12","date_gmt":"2025-07-08T10:03:12","guid":{"rendered":"https:\/\/www.schlosstorgelow.de\/hayvan-gibi-harika-bir-yil-sonu-5-ve-6-siniflar-yolda"},"modified":"2026-01-12T08:55:19","modified_gmt":"2026-01-12T08:55:19","slug":"hayvan-gibi-harika-bir-yil-sonu-5-ve-6-siniflar-yolda","status":"publish","type":"post","link":"https:\/\/www.schlosstorgelow.de\/tr\/hayvan-gibi-harika-bir-yil-sonu-5-ve-6-siniflar-yolda","title":{"rendered":"Hayvan gibi harika bir y\u0131l sonu \u2013 5. ve 6. s\u0131n\u0131flar yolda"},"content":{"rendered":"\n<p><i>Asl\u0131nda bu neredeyse bir gelenek haline geldi: Okul y\u0131l\u0131n\u0131n sonunda 5. ve 6. s\u0131n\u0131flar birlikte do\u011fa ve \u00e7evre g\u00fcn\u00fc i\u00e7in M\u00fcritzeum&#8217;u ziyaret ediyor. Ne yaz\u0131k ki bu y\u0131lki tarih o kadar elveri\u015fsizdi ki bir yedek bulmam\u0131z gerekti. En k\u00fc\u00e7\u00fc\u011f\u00fcm\u00fcz\u00fcn nereye gitti\u011fi ve neden ger\u00e7ek bir macera haline geldi?   <\/i><\/p>\n\n<p>Uygun bir alternatif h\u0131zla bulundu: Almanya&#8217;n\u0131n en zengin t\u00fcr \u00e7e\u015fitlili\u011fine ve en g\u00fczel hayvanat bah\u00e7elerinden biri <a href=\"https:\/\/www.zoo-rostock.de\/\">olan Rostock Hayvanat Bah\u00e7esi<\/a>. 4.500&#8217;den fazla hayvan, 320&#8217;den fazla t\u00fcr, devasa bir ye\u015fil park manzaras\u0131 \u2013 ve hayran kalmak, \u00f6\u011frenmek ve dola\u015fmak i\u00e7in bolca yer. <\/p>\n\n<p>Her \u015fey m\u00fckemmel bir \u015fekilde haz\u0131rlanm\u0131\u015ft\u0131: Okula ait otob\u00fcs rezerve edilmi\u015f, \u00f6\u011fle yemekleri haz\u0131rd\u0131, ortam harikayd\u0131. Ama sonra &#8211; seyahat g\u00fcn\u00fcnden bir g\u00fcn \u00f6nce &#8211; bir korku: Otob\u00fcs ar\u0131zaland\u0131. Kaos mu? Hay\u0131r. Bunun yerine okul sekreterli\u011fi taraf\u0131ndan h\u0131zl\u0131 bir organizasyon, teknik ekibimizden ani seyahat hizmeti deste\u011fi ve hatta tam zaman\u0131nda olan bir tren ba\u011flant\u0131s\u0131 vard\u0131.    <\/p>\n\n<p>Zoolojiye vard\u0131\u011f\u0131m\u0131zda, 5. ve 6. s\u0131n\u0131flar heyecan verici bir Afrika rallisine ba\u015flad\u0131lar. Bu etkinlikte hayvan t\u00fcrlerini ke\u015ffetmek, bulmacalar \u00e7\u00f6zmek ve hayvanat bah\u00e7esinin farkl\u0131 k\u0131talar\u0131na dikkatlice g\u00f6z atmak gerekiyordu. Aslanlardan z\u00fcrafalara, merakl\u0131 surikatalara kadar \u2013 \u00e7ocuklar sadece \u00e7ok \u015fey \u00f6\u011frenmekle kalmad\u0131, ayn\u0131 zamanda do\u011fay\u0131 yak\u0131ndan deneyimlemekten de keyif ald\u0131lar.    <\/p>\n\n<p>Bu y\u0131l onlara ek olarak, bilgilerini geni\u015fletme f\u0131rsat\u0131n\u0131 kullanan lise biyoloji dersinin \u00f6\u011frencileri e\u015flik etti &#8211; \u00f6zellikle penguenlerin, kutup ay\u0131lar\u0131n\u0131n ve di\u011fer kutup b\u00f6lgesi sakinlerinin g\u00f6zlemlenebildi\u011fi Polarium&#8217;daki uzman rehberlik s\u0131ras\u0131nda. Burada, d\u0131\u015far\u0131s\u0131 tropikal s\u0131cakl\u0131kta kalmas\u0131na ra\u011fmen, k\u0131sa bir an i\u00e7in ger\u00e7ekten &#8220;so\u011fuk&#8221; bir ortam ya\u015fand\u0131 &#8211; en az\u0131ndan g\u00f6r\u00fcn\u00fc\u015fte. <\/p>\n\n<p>Yaz s\u0131ca\u011f\u0131na, ani plan de\u011fi\u015fikli\u011fine ve \u00f6nceden kar\u015f\u0131la\u015f\u0131lan k\u00fc\u00e7\u00fck lojistik zorlu\u011fa ra\u011fmen, g\u00fcn tam anlam\u0131yla bir ba\u015far\u0131yd\u0131. \u00d6\u011fretici, \u00e7e\u015fitli &#8211; ve her \u015feyden \u00f6nce tatilden \u00f6nce g\u00fczel bir ortak kapan\u0131\u015f. <\/p>\n\n<p>Bu gezinin organize edilmesine yard\u0131mc\u0131 olan herkese i\u00e7ten bir te\u015fekk\u00fcr.<\/p>\n","protected":false},"excerpt":{"rendered":"<p>2024\/2025 okul y\u0131l\u0131 sonunda 5. ve 6. s\u0131n\u0131flar, Almanya&#8217;n\u0131n en zengin t\u00fcr \u00e7e\u015fitlili\u011fine sahip ve en g\u00fczel hayvanat bah\u00e7elerinden birini birlikte ziyaret edecekler.<\/p>\n","protected":false},"author":1,"featured_media":67392,"comment_status":"closed","ping_status":"closed","sticky":false,"template":"","format":"standard","meta":{"_acf_changed":false,"_yoast_wpseo_title":"Hayvan gibi harika bir okul y\u0131l\u0131 sona ermesi","_yoast_wpseo_metadesc":"2024\/2025 e\u011fitim y\u0131l\u0131n\u0131n sonunda 5. ve 6. s\u0131n\u0131f \u00f6\u011frencileri, Almanya'n\u0131n en zengin t\u00fcrlere sahip ve en g\u00fczel hayvanat bah\u00e7elerinden birini birlikte ziyaret edecekler.","excerpt":"2024\/2025 e\u011fitim y\u0131l\u0131n\u0131n sonunda 5. ve 6. s\u0131n\u0131f \u00f6\u011frencileri, Almanya'n\u0131n en zengin t\u00fcrlere sahip ve en g\u00fczel hayvanat bah\u00e7elerinden birini birlikte ziyaret edecekler.","footnotes":""},"categories":[34],"tags":[],"class_list":{"0":"post-82699","1":"post","2":"type-post","3":"status-publish","4":"format-standard","5":"has-post-thumbnail","7":"category-torgelow-haberleri"},"acf":[],"yoast_head":"<!-- This site is optimized with the Yoast SEO plugin v26.9 - https:\/\/yoast.com\/product\/yoast-seo-wordpress\/ -->\n<title>Hayvan gibi harika bir okul y\u0131l\u0131 sona ermesi<\/title>\n<meta name=\"description\" content=\"2024\/2025 e\u011fitim y\u0131l\u0131n\u0131n sonunda 5. ve 6. s\u0131n\u0131f \u00f6\u011frencileri, Almanya&#039;n\u0131n en zengin t\u00fcrlere sahip ve en g\u00fczel hayvanat bah\u00e7elerinden birini birlikte ziyaret edecekler.\" \/>\n<meta name=\"robots\" content=\"index, follow, max-snippet:-1, max-image-preview:large, max-video-preview:-1\" \/>\n<link rel=\"canonical\" href=\"https:\/\/www.schlosstorgelow.de\/tr\/hayvan-gibi-harika-bir-yil-sonu-5-ve-6-siniflar-yolda\" \/>\n<meta property=\"og:locale\" content=\"tr_TR\" \/>\n<meta property=\"og:type\" content=\"article\" \/>\n<meta property=\"og:title\" content=\"Hayvan gibi harika bir okul y\u0131l\u0131 sona ermesi\" \/>\n<meta property=\"og:description\" content=\"2024\/2025 e\u011fitim y\u0131l\u0131n\u0131n sonunda 5. ve 6. s\u0131n\u0131f \u00f6\u011frencileri, Almanya&#039;n\u0131n en zengin t\u00fcrlere sahip ve en g\u00fczel hayvanat bah\u00e7elerinden birini birlikte ziyaret edecekler.\" \/>\n<meta property=\"og:url\" content=\"https:\/\/www.schlosstorgelow.de\/tr\/hayvan-gibi-harika-bir-yil-sonu-5-ve-6-siniflar-yolda\" \/>\n<meta property=\"og:site_name\" content=\"Schloss Torgelow\" \/>\n<meta property=\"article:published_time\" content=\"2025-07-08T10:03:12+00:00\" \/>\n<meta property=\"article:modified_time\" content=\"2026-01-12T08:55:19+00:00\" \/>\n<meta name=\"author\" content=\"Schloss Torgelow\" \/>\n<meta name=\"twitter:card\" content=\"summary_large_image\" \/>\n<meta name=\"twitter:label1\" content=\"Yazan:\" \/>\n\t<meta name=\"twitter:data1\" content=\"Schloss Torgelow\" \/>\n\t<meta name=\"twitter:label2\" content=\"Tahmini okuma s\u00fcresi\" \/>\n\t<meta name=\"twitter:data2\" content=\"2 dakika\" \/>\n<script type=\"application\/ld+json\" class=\"yoast-schema-graph\">{\"@context\":\"https:\/\/schema.org\",\"@graph\":[{\"@type\":\"Article\",\"@id\":\"https:\/\/www.schlosstorgelow.de\/tr\/hayvan-gibi-harika-bir-yil-sonu-5-ve-6-siniflar-yolda#article\",\"isPartOf\":{\"@id\":\"https:\/\/www.schlosstorgelow.de\/tr\/hayvan-gibi-harika-bir-yil-sonu-5-ve-6-siniflar-yolda\"},\"author\":{\"name\":\"Schloss Torgelow\",\"@id\":\"https:\/\/www.schlosstorgelow.de\/tr#\/schema\/person\/b76bbb367f3a20c7ced1339e4875691e\"},\"headline\":\"Hayvan gibi harika bir y\u0131l sonu \u2013 5. ve 6. s\u0131n\u0131flar yolda\",\"datePublished\":\"2025-07-08T10:03:12+00:00\",\"dateModified\":\"2026-01-12T08:55:19+00:00\",\"mainEntityOfPage\":{\"@id\":\"https:\/\/www.schlosstorgelow.de\/tr\/hayvan-gibi-harika-bir-yil-sonu-5-ve-6-siniflar-yolda\"},\"wordCount\":404,\"image\":{\"@id\":\"https:\/\/www.schlosstorgelow.de\/tr\/hayvan-gibi-harika-bir-yil-sonu-5-ve-6-siniflar-yolda#primaryimage\"},\"thumbnailUrl\":\"https:\/\/www.schlosstorgelow.de\/wp-content\/uploads\/2025\/08\/zoo-rostock-2025_header_st.avif\",\"articleSection\":[\"Torgelow Haberleri\"],\"inLanguage\":\"tr\"},{\"@type\":\"WebPage\",\"@id\":\"https:\/\/www.schlosstorgelow.de\/tr\/hayvan-gibi-harika-bir-yil-sonu-5-ve-6-siniflar-yolda#webpage\",\"url\":\"https:\/\/www.schlosstorgelow.de\/tr\/hayvan-gibi-harika-bir-yil-sonu-5-ve-6-siniflar-yolda\",\"name\":\"Hayvan gibi harika bir okul y\u0131l\u0131 sona ermesi\",\"isPartOf\":{\"@id\":\"https:\/\/www.schlosstorgelow.de\/tr#website\"},\"primaryImageOfPage\":{\"@id\":\"https:\/\/www.schlosstorgelow.de\/tr\/hayvan-gibi-harika-bir-yil-sonu-5-ve-6-siniflar-yolda#primaryimage\"},\"image\":{\"@id\":\"https:\/\/www.schlosstorgelow.de\/tr\/hayvan-gibi-harika-bir-yil-sonu-5-ve-6-siniflar-yolda#primaryimage\"},\"thumbnailUrl\":\"https:\/\/www.schlosstorgelow.de\/wp-content\/uploads\/2025\/08\/zoo-rostock-2025_header_st.avif\",\"datePublished\":\"2025-07-08T10:03:12+00:00\",\"dateModified\":\"2026-01-12T08:55:19+00:00\",\"author\":{\"@id\":\"https:\/\/www.schlosstorgelow.de\/tr#\/schema\/person\/b76bbb367f3a20c7ced1339e4875691e\"},\"description\":\"2024\/2025 e\u011fitim y\u0131l\u0131n\u0131n sonunda 5. ve 6. s\u0131n\u0131f \u00f6\u011frencileri, Almanya'n\u0131n en zengin t\u00fcrlere sahip ve en g\u00fczel hayvanat bah\u00e7elerinden birini birlikte ziyaret edecekler.\",\"breadcrumb\":{\"@id\":\"https:\/\/www.schlosstorgelow.de\/tr\/hayvan-gibi-harika-bir-yil-sonu-5-ve-6-siniflar-yolda#breadcrumb\"},\"inLanguage\":\"tr\",\"potentialAction\":[{\"@type\":\"ReadAction\",\"target\":[\"https:\/\/www.schlosstorgelow.de\/tr\/hayvan-gibi-harika-bir-yil-sonu-5-ve-6-siniflar-yolda\"]}]},{\"@type\":\"ImageObject\",\"inLanguage\":\"tr\",\"@id\":\"https:\/\/www.schlosstorgelow.de\/tr\/hayvan-gibi-harika-bir-yil-sonu-5-ve-6-siniflar-yolda#primaryimage\",\"url\":\"https:\/\/www.schlosstorgelow.de\/wp-content\/uploads\/2025\/08\/zoo-rostock-2025_header_st.avif\",\"contentUrl\":\"https:\/\/www.schlosstorgelow.de\/wp-content\/uploads\/2025\/08\/zoo-rostock-2025_header_st.avif\",\"width\":1920,\"height\":1080,\"caption\":\"Hayvan gibi harika bir okul y\u0131l\u0131 kapan\u0131\u015f\u0131 \u2013 5. ve 6. s\u0131n\u0131flar yolda\"},{\"@type\":\"BreadcrumbList\",\"@id\":\"https:\/\/www.schlosstorgelow.de\/tr\/hayvan-gibi-harika-bir-yil-sonu-5-ve-6-siniflar-yolda#breadcrumb\",\"itemListElement\":[{\"@type\":\"ListItem\",\"position\":1,\"name\":\"Startseite\",\"item\":\"https:\/\/www.schlosstorgelow.de\/tr\"},{\"@type\":\"ListItem\",\"position\":2,\"name\":\"Hayvan gibi harika bir y\u0131l sonu \u2013 5. ve 6. s\u0131n\u0131flar yolda\"}]},{\"@type\":\"WebSite\",\"@id\":\"https:\/\/www.schlosstorgelow.de\/tr#website\",\"url\":\"https:\/\/www.schlosstorgelow.de\/tr\",\"name\":\"Schloss Torgelow\",\"description\":\"\u00d6zel yat\u0131l\u0131 lise Schloss Torgelow \u2013 zorluklar\u0131 seven \u00f6\u011frenciler i\u00e7in yat\u0131l\u0131 okul.\",\"potentialAction\":[{\"@type\":\"SearchAction\",\"target\":{\"@type\":\"EntryPoint\",\"urlTemplate\":\"https:\/\/www.schlosstorgelow.de\/tr?s={search_term_string}\"},\"query-input\":{\"@type\":\"PropertyValueSpecification\",\"valueRequired\":true,\"valueName\":\"search_term_string\"}}],\"inLanguage\":\"tr\"},{\"@type\":\"Person\",\"@id\":\"https:\/\/www.schlosstorgelow.de\/tr#\/schema\/person\/b76bbb367f3a20c7ced1339e4875691e\",\"name\":\"Schloss Torgelow\",\"image\":{\"@type\":\"ImageObject\",\"inLanguage\":\"tr\",\"@id\":\"https:\/\/www.schlosstorgelow.de\/tr#\/schema\/person\/image\/\",\"url\":\"https:\/\/secure.gravatar.com\/avatar\/4bad9bf1bee90f77b98693d3ad03ade085c80c169595427c58c58e5b069f49e1?s=96&d=mm&r=g\",\"contentUrl\":\"https:\/\/secure.gravatar.com\/avatar\/4bad9bf1bee90f77b98693d3ad03ade085c80c169595427c58c58e5b069f49e1?s=96&d=mm&r=g\",\"caption\":\"Schloss Torgelow\"},\"sameAs\":[\"https:\/\/www.schlosstorgelow.de\"]}]}<\/script>\n<!-- \/ Yoast SEO plugin. -->","yoast_head_json":{"title":"Hayvan gibi harika bir okul y\u0131l\u0131 sona ermesi","description":"2024\/2025 e\u011fitim y\u0131l\u0131n\u0131n sonunda 5. ve 6. s\u0131n\u0131f \u00f6\u011frencileri, Almanya'n\u0131n en zengin t\u00fcrlere sahip ve en g\u00fczel hayvanat bah\u00e7elerinden birini birlikte ziyaret edecekler.","robots":{"index":"index","follow":"follow","max-snippet":"max-snippet:-1","max-image-preview":"max-image-preview:large","max-video-preview":"max-video-preview:-1"},"canonical":"https:\/\/www.schlosstorgelow.de\/tr\/hayvan-gibi-harika-bir-yil-sonu-5-ve-6-siniflar-yolda","og_locale":"tr_TR","og_type":"article","og_title":"Hayvan gibi harika bir okul y\u0131l\u0131 sona ermesi","og_description":"2024\/2025 e\u011fitim y\u0131l\u0131n\u0131n sonunda 5. ve 6. s\u0131n\u0131f \u00f6\u011frencileri, Almanya'n\u0131n en zengin t\u00fcrlere sahip ve en g\u00fczel hayvanat bah\u00e7elerinden birini birlikte ziyaret edecekler.","og_url":"https:\/\/www.schlosstorgelow.de\/tr\/hayvan-gibi-harika-bir-yil-sonu-5-ve-6-siniflar-yolda","og_site_name":"Schloss Torgelow","article_published_time":"2025-07-08T10:03:12+00:00","article_modified_time":"2026-01-12T08:55:19+00:00","author":"Schloss Torgelow","twitter_card":"summary_large_image","twitter_misc":{"Yazan:":"Schloss Torgelow","Tahmini okuma s\u00fcresi":"2 dakika"},"schema":{"@context":"https:\/\/schema.org","@graph":[{"@type":"Article","@id":"https:\/\/www.schlosstorgelow.de\/tr\/hayvan-gibi-harika-bir-yil-sonu-5-ve-6-siniflar-yolda#article","isPartOf":{"@id":"https:\/\/www.schlosstorgelow.de\/tr\/hayvan-gibi-harika-bir-yil-sonu-5-ve-6-siniflar-yolda"},"author":{"name":"Schloss Torgelow","@id":"https:\/\/www.schlosstorgelow.de\/tr#\/schema\/person\/b76bbb367f3a20c7ced1339e4875691e"},"headline":"Hayvan gibi harika bir y\u0131l sonu \u2013 5. ve 6. s\u0131n\u0131flar yolda","datePublished":"2025-07-08T10:03:12+00:00","dateModified":"2026-01-12T08:55:19+00:00","mainEntityOfPage":{"@id":"https:\/\/www.schlosstorgelow.de\/tr\/hayvan-gibi-harika-bir-yil-sonu-5-ve-6-siniflar-yolda"},"wordCount":404,"image":{"@id":"https:\/\/www.schlosstorgelow.de\/tr\/hayvan-gibi-harika-bir-yil-sonu-5-ve-6-siniflar-yolda#primaryimage"},"thumbnailUrl":"https:\/\/www.schlosstorgelow.de\/wp-content\/uploads\/2025\/08\/zoo-rostock-2025_header_st.avif","articleSection":["Torgelow Haberleri"],"inLanguage":"tr"},{"@type":"WebPage","@id":"https:\/\/www.schlosstorgelow.de\/tr\/hayvan-gibi-harika-bir-yil-sonu-5-ve-6-siniflar-yolda#webpage","url":"https:\/\/www.schlosstorgelow.de\/tr\/hayvan-gibi-harika-bir-yil-sonu-5-ve-6-siniflar-yolda","name":"Hayvan gibi harika bir okul y\u0131l\u0131 sona ermesi","isPartOf":{"@id":"https:\/\/www.schlosstorgelow.de\/tr#website"},"primaryImageOfPage":{"@id":"https:\/\/www.schlosstorgelow.de\/tr\/hayvan-gibi-harika-bir-yil-sonu-5-ve-6-siniflar-yolda#primaryimage"},"image":{"@id":"https:\/\/www.schlosstorgelow.de\/tr\/hayvan-gibi-harika-bir-yil-sonu-5-ve-6-siniflar-yolda#primaryimage"},"thumbnailUrl":"https:\/\/www.schlosstorgelow.de\/wp-content\/uploads\/2025\/08\/zoo-rostock-2025_header_st.avif","datePublished":"2025-07-08T10:03:12+00:00","dateModified":"2026-01-12T08:55:19+00:00","author":{"@id":"https:\/\/www.schlosstorgelow.de\/tr#\/schema\/person\/b76bbb367f3a20c7ced1339e4875691e"},"description":"2024\/2025 e\u011fitim y\u0131l\u0131n\u0131n sonunda 5. ve 6. s\u0131n\u0131f \u00f6\u011frencileri, Almanya'n\u0131n en zengin t\u00fcrlere sahip ve en g\u00fczel hayvanat bah\u00e7elerinden birini birlikte ziyaret edecekler.","breadcrumb":{"@id":"https:\/\/www.schlosstorgelow.de\/tr\/hayvan-gibi-harika-bir-yil-sonu-5-ve-6-siniflar-yolda#breadcrumb"},"inLanguage":"tr","potentialAction":[{"@type":"ReadAction","target":["https:\/\/www.schlosstorgelow.de\/tr\/hayvan-gibi-harika-bir-yil-sonu-5-ve-6-siniflar-yolda"]}]},{"@type":"ImageObject","inLanguage":"tr","@id":"https:\/\/www.schlosstorgelow.de\/tr\/hayvan-gibi-harika-bir-yil-sonu-5-ve-6-siniflar-yolda#primaryimage","url":"https:\/\/www.schlosstorgelow.de\/wp-content\/uploads\/2025\/08\/zoo-rostock-2025_header_st.avif","contentUrl":"https:\/\/www.schlosstorgelow.de\/wp-content\/uploads\/2025\/08\/zoo-rostock-2025_header_st.avif","width":1920,"height":1080,"caption":"Hayvan gibi harika bir okul y\u0131l\u0131 kapan\u0131\u015f\u0131 \u2013 5. ve 6. s\u0131n\u0131flar yolda"},{"@type":"BreadcrumbList","@id":"https:\/\/www.schlosstorgelow.de\/tr\/hayvan-gibi-harika-bir-yil-sonu-5-ve-6-siniflar-yolda#breadcrumb","itemListElement":[{"@type":"ListItem","position":1,"name":"Startseite","item":"https:\/\/www.schlosstorgelow.de\/tr"},{"@type":"ListItem","position":2,"name":"Hayvan gibi harika bir y\u0131l sonu \u2013 5. ve 6. s\u0131n\u0131flar yolda"}]},{"@type":"WebSite","@id":"https:\/\/www.schlosstorgelow.de\/tr#website","url":"https:\/\/www.schlosstorgelow.de\/tr","name":"Schloss Torgelow","description":"\u00d6zel yat\u0131l\u0131 lise Schloss Torgelow \u2013 zorluklar\u0131 seven \u00f6\u011frenciler i\u00e7in yat\u0131l\u0131 okul.","potentialAction":[{"@type":"SearchAction","target":{"@type":"EntryPoint","urlTemplate":"https:\/\/www.schlosstorgelow.de\/tr?s={search_term_string}"},"query-input":{"@type":"PropertyValueSpecification","valueRequired":true,"valueName":"search_term_string"}}],"inLanguage":"tr"},{"@type":"Person","@id":"https:\/\/www.schlosstorgelow.de\/tr#\/schema\/person\/b76bbb367f3a20c7ced1339e4875691e","name":"Schloss Torgelow","image":{"@type":"ImageObject","inLanguage":"tr","@id":"https:\/\/www.schlosstorgelow.de\/tr#\/schema\/person\/image\/","url":"https:\/\/secure.gravatar.com\/avatar\/4bad9bf1bee90f77b98693d3ad03ade085c80c169595427c58c58e5b069f49e1?s=96&d=mm&r=g","contentUrl":"https:\/\/secure.gravatar.com\/avatar\/4bad9bf1bee90f77b98693d3ad03ade085c80c169595427c58c58e5b069f49e1?s=96&d=mm&r=g","caption":"Schloss Torgelow"},"sameAs":["https:\/\/www.schlosstorgelow.de"]}]}},"block_visibility_meta":[],"_links":{"self":[{"href":"https:\/\/www.schlosstorgelow.de\/tr\/wp-json\/wp\/v2\/posts\/82699","targetHints":{"allow":["GET"]}}],"collection":[{"href":"https:\/\/www.schlosstorgelow.de\/tr\/wp-json\/wp\/v2\/posts"}],"about":[{"href":"https:\/\/www.schlosstorgelow.de\/tr\/wp-json\/wp\/v2\/types\/post"}],"author":[{"embeddable":true,"href":"https:\/\/www.schlosstorgelow.de\/tr\/wp-json\/wp\/v2\/users\/1"}],"replies":[{"embeddable":true,"href":"https:\/\/www.schlosstorgelow.de\/tr\/wp-json\/wp\/v2\/comments?post=82699"}],"version-history":[{"count":0,"href":"https:\/\/www.schlosstorgelow.de\/tr\/wp-json\/wp\/v2\/posts\/82699\/revisions"}],"wp:featuredmedia":[{"embeddable":true,"href":"https:\/\/www.schlosstorgelow.de\/tr\/wp-json\/wp\/v2\/media\/67392"}],"wp:attachment":[{"href":"https:\/\/www.schlosstorgelow.de\/tr\/wp-json\/wp\/v2\/media?parent=82699"}],"wp:term":[{"taxonomy":"category","embeddable":true,"href":"https:\/\/www.schlosstorgelow.de\/tr\/wp-json\/wp\/v2\/categories?post=82699"},{"taxonomy":"post_tag","embeddable":true,"href":"https:\/\/www.schlosstorgelow.de\/tr\/wp-json\/wp\/v2\/tags?post=82699"}],"curies":[{"name":"wp","href":"https:\/\/api.w.org\/{rel}","templated":true}]}}