{"id":82694,"date":"2025-07-16T12:37:30","date_gmt":"2025-07-16T12:37:30","guid":{"rendered":"https:\/\/www.schlosstorgelow.de\/benim-tamamen-kisisel-abitur-anilarim-2025"},"modified":"2026-01-12T08:54:20","modified_gmt":"2026-01-12T08:54:20","slug":"benim-tamamen-kisisel-abitur-anilarim-2025","status":"publish","type":"post","link":"https:\/\/www.schlosstorgelow.de\/tr\/benim-tamamen-kisisel-abitur-anilarim-2025","title":{"rendered":"Benim tamamen ki\u015fisel Abitur an\u0131lar\u0131m 2025"},"content":{"rendered":"\n<p><em>Resmi Abitur foto\u011fraflar\u0131 elbette var &#8211; bunlar bir \u015fekilde dahil. Ama bazen, benim i\u00e7in \u00f6zellikle kalbimde kalan k\u00fc\u00e7\u00fck, sessiz anlar oluyor. Bu foto\u011fraf alb\u00fcm\u00fcnde Abitur haftas\u0131nda \u00e7ekti\u011fim tamamen ki\u015fisel favori foto\u011fraflar\u0131m\u0131 toplad\u0131m: spontane anl\u0131k \u00e7ekimler, ger\u00e7ek duygular, \u00f6zel kar\u015f\u0131la\u015fmalar.  <\/em><\/p>\n\n<p>Grup resminden uzakta &#8211; benim mezuniyet resimlerim!<\/p>\n\n<p>S\u0131cakl\u0131kla<\/p>\n\n<p>Kirsten Lehmann<\/p>\n\n<section     class=\"custom-theme-block grid-gallery\">\n    <div class=\"container\">\n        <div class=\"row\">\n            <div class=\"col-lg-10 offset-lg-1\">\n                <div class=\"grid-gallery__heading\">\n                                                        <\/div>\n                                    <div class=\"grid-gallery__wrapper\">\n                                                        <a data-fslightbox href=\"https:\/\/www.schlosstorgelow.de\/wp-content\/uploads\/2025\/07\/Bilderalbum-Abitur-2025-1-7.avif\" aria-label=\"Image gallery\">\n                                    \n<picture>\n            <source media=\"(max-width: 575.98px)\" srcset=\"https:\/\/www.schlosstorgelow.de\/wp-content\/uploads\/2025\/07\/Bilderalbum-Abitur-2025-1-7-320x240.avif 320w, https:\/\/www.schlosstorgelow.de\/wp-content\/uploads\/2025\/07\/Bilderalbum-Abitur-2025-1-7-540x405.avif 540w, https:\/\/www.schlosstorgelow.de\/wp-content\/uploads\/2025\/07\/Bilderalbum-Abitur-2025-1-7-640x480.avif 640w\" sizes=\"calc(100vw - 32px)\" type=\"image\/avif\">\n    \n            <source srcset=\"https:\/\/www.schlosstorgelow.de\/wp-content\/uploads\/2025\/07\/Bilderalbum-Abitur-2025-1-7-320x240.avif 320w, https:\/\/www.schlosstorgelow.de\/wp-content\/uploads\/2025\/07\/Bilderalbum-Abitur-2025-1-7-540x405.avif 540w, https:\/\/www.schlosstorgelow.de\/wp-content\/uploads\/2025\/07\/Bilderalbum-Abitur-2025-1-7-640x480.avif 640w, https:\/\/www.schlosstorgelow.de\/wp-content\/uploads\/2025\/07\/Bilderalbum-Abitur-2025-1-7-720x540.avif 720w, https:\/\/www.schlosstorgelow.de\/wp-content\/uploads\/2025\/07\/Bilderalbum-Abitur-2025-1-7-1080x810.avif 1080w, https:\/\/www.schlosstorgelow.de\/wp-content\/uploads\/2025\/07\/Bilderalbum-Abitur-2025-1-7-1440x1080.avif 1440w\" sizes=\"(min-width: 768px) 720px, (min-width: 576px) 540px, calc(100vw - 32px)\" type=\"image\/avif\">\n    \n    \n    <img src=\"https:\/\/www.schlosstorgelow.de\/wp-content\/uploads\/2025\/07\/Bilderalbum-Abitur-2025-1-7-720x540.avif\"\n         srcset=\"https:\/\/www.schlosstorgelow.de\/wp-content\/uploads\/2025\/07\/Bilderalbum-Abitur-2025-1-7-320x240.avif 320w, https:\/\/www.schlosstorgelow.de\/wp-content\/uploads\/2025\/07\/Bilderalbum-Abitur-2025-1-7-540x405.avif 540w, https:\/\/www.schlosstorgelow.de\/wp-content\/uploads\/2025\/07\/Bilderalbum-Abitur-2025-1-7-640x480.avif 640w, https:\/\/www.schlosstorgelow.de\/wp-content\/uploads\/2025\/07\/Bilderalbum-Abitur-2025-1-7-720x540.avif 720w, https:\/\/www.schlosstorgelow.de\/wp-content\/uploads\/2025\/07\/Bilderalbum-Abitur-2025-1-7-1080x810.avif 1080w, https:\/\/www.schlosstorgelow.de\/wp-content\/uploads\/2025\/07\/Bilderalbum-Abitur-2025-1-7-1440x1080.avif 1440w\"         sizes=\"auto, (min-width: 768px) 720px, (min-width: 576px) 540px, calc(100vw - 32px)\"         alt=\"Foto\u011fraf alb\u00fcm\u00fc 2025 Lise Mezuniyeti\"\n         title=\"Foto\u011fraf alb\u00fcm\u00fc 2025 Lise Mezuniyeti\"\n         width=\"720\"\n         height=\"540\"\n          loading=\"lazy\" decoding=\"async\">\n<\/picture>\n                                <\/a>\n                                                                                    <a data-fslightbox href=\"https:\/\/www.schlosstorgelow.de\/wp-content\/uploads\/2025\/07\/Bilderalbum-Abitur-2025-2-7.avif\" aria-label=\"Image gallery\">\n                                    \n<picture>\n            <source media=\"(max-width: 575.98px)\" srcset=\"https:\/\/www.schlosstorgelow.de\/wp-content\/uploads\/2025\/07\/Bilderalbum-Abitur-2025-2-7-320x240.avif 320w, https:\/\/www.schlosstorgelow.de\/wp-content\/uploads\/2025\/07\/Bilderalbum-Abitur-2025-2-7-540x405.avif 540w, https:\/\/www.schlosstorgelow.de\/wp-content\/uploads\/2025\/07\/Bilderalbum-Abitur-2025-2-7-640x480.avif 640w\" sizes=\"calc(100vw - 32px)\" type=\"image\/avif\">\n    \n            <source srcset=\"https:\/\/www.schlosstorgelow.de\/wp-content\/uploads\/2025\/07\/Bilderalbum-Abitur-2025-2-7-320x240.avif 320w, https:\/\/www.schlosstorgelow.de\/wp-content\/uploads\/2025\/07\/Bilderalbum-Abitur-2025-2-7-540x405.avif 540w, https:\/\/www.schlosstorgelow.de\/wp-content\/uploads\/2025\/07\/Bilderalbum-Abitur-2025-2-7-640x480.avif 640w, https:\/\/www.schlosstorgelow.de\/wp-content\/uploads\/2025\/07\/Bilderalbum-Abitur-2025-2-7-720x540.avif 720w, https:\/\/www.schlosstorgelow.de\/wp-content\/uploads\/2025\/07\/Bilderalbum-Abitur-2025-2-7-1080x810.avif 1080w, https:\/\/www.schlosstorgelow.de\/wp-content\/uploads\/2025\/07\/Bilderalbum-Abitur-2025-2-7-1440x1080.avif 1440w\" sizes=\"(min-width: 768px) 720px, (min-width: 576px) 540px, calc(100vw - 32px)\" type=\"image\/avif\">\n    \n    \n    <img src=\"https:\/\/www.schlosstorgelow.de\/wp-content\/uploads\/2025\/07\/Bilderalbum-Abitur-2025-2-7-720x540.avif\"\n         srcset=\"https:\/\/www.schlosstorgelow.de\/wp-content\/uploads\/2025\/07\/Bilderalbum-Abitur-2025-2-7-320x240.avif 320w, https:\/\/www.schlosstorgelow.de\/wp-content\/uploads\/2025\/07\/Bilderalbum-Abitur-2025-2-7-540x405.avif 540w, https:\/\/www.schlosstorgelow.de\/wp-content\/uploads\/2025\/07\/Bilderalbum-Abitur-2025-2-7-640x480.avif 640w, https:\/\/www.schlosstorgelow.de\/wp-content\/uploads\/2025\/07\/Bilderalbum-Abitur-2025-2-7-720x540.avif 720w, https:\/\/www.schlosstorgelow.de\/wp-content\/uploads\/2025\/07\/Bilderalbum-Abitur-2025-2-7-1080x810.avif 1080w, https:\/\/www.schlosstorgelow.de\/wp-content\/uploads\/2025\/07\/Bilderalbum-Abitur-2025-2-7-1440x1080.avif 1440w\"         sizes=\"auto, (min-width: 768px) 720px, (min-width: 576px) 540px, calc(100vw - 32px)\"         alt=\"Foto\u011fraf alb\u00fcm\u00fc 2025 Lise Mezuniyeti\"\n         title=\"Foto\u011fraf alb\u00fcm\u00fc 2025 Lise Mezuniyeti\"\n         width=\"720\"\n         height=\"540\"\n          loading=\"lazy\" decoding=\"async\">\n<\/picture>\n                                <\/a>\n                                                                                    <a data-fslightbox href=\"https:\/\/www.schlosstorgelow.de\/wp-content\/uploads\/2025\/07\/Bilderalbum-Abitur-2025-3-7.avif\" aria-label=\"Image gallery\">\n                                    \n<picture>\n            <source media=\"(max-width: 575.98px)\" srcset=\"https:\/\/www.schlosstorgelow.de\/wp-content\/uploads\/2025\/07\/Bilderalbum-Abitur-2025-3-7-320x240.avif 320w, https:\/\/www.schlosstorgelow.de\/wp-content\/uploads\/2025\/07\/Bilderalbum-Abitur-2025-3-7-540x405.avif 540w, https:\/\/www.schlosstorgelow.de\/wp-content\/uploads\/2025\/07\/Bilderalbum-Abitur-2025-3-7-640x480.avif 640w\" sizes=\"calc(100vw - 32px)\" type=\"image\/avif\">\n    \n            <source srcset=\"https:\/\/www.schlosstorgelow.de\/wp-content\/uploads\/2025\/07\/Bilderalbum-Abitur-2025-3-7-320x240.avif 320w, https:\/\/www.schlosstorgelow.de\/wp-content\/uploads\/2025\/07\/Bilderalbum-Abitur-2025-3-7-540x405.avif 540w, https:\/\/www.schlosstorgelow.de\/wp-content\/uploads\/2025\/07\/Bilderalbum-Abitur-2025-3-7-640x480.avif 640w, https:\/\/www.schlosstorgelow.de\/wp-content\/uploads\/2025\/07\/Bilderalbum-Abitur-2025-3-7-720x540.avif 720w, https:\/\/www.schlosstorgelow.de\/wp-content\/uploads\/2025\/07\/Bilderalbum-Abitur-2025-3-7-1080x810.avif 1080w, https:\/\/www.schlosstorgelow.de\/wp-content\/uploads\/2025\/07\/Bilderalbum-Abitur-2025-3-7-1440x1080.avif 1440w\" sizes=\"(min-width: 768px) 720px, (min-width: 576px) 540px, calc(100vw - 32px)\" type=\"image\/avif\">\n    \n    \n    <img src=\"https:\/\/www.schlosstorgelow.de\/wp-content\/uploads\/2025\/07\/Bilderalbum-Abitur-2025-3-7-720x540.avif\"\n         srcset=\"https:\/\/www.schlosstorgelow.de\/wp-content\/uploads\/2025\/07\/Bilderalbum-Abitur-2025-3-7-320x240.avif 320w, https:\/\/www.schlosstorgelow.de\/wp-content\/uploads\/2025\/07\/Bilderalbum-Abitur-2025-3-7-540x405.avif 540w, https:\/\/www.schlosstorgelow.de\/wp-content\/uploads\/2025\/07\/Bilderalbum-Abitur-2025-3-7-640x480.avif 640w, https:\/\/www.schlosstorgelow.de\/wp-content\/uploads\/2025\/07\/Bilderalbum-Abitur-2025-3-7-720x540.avif 720w, https:\/\/www.schlosstorgelow.de\/wp-content\/uploads\/2025\/07\/Bilderalbum-Abitur-2025-3-7-1080x810.avif 1080w, https:\/\/www.schlosstorgelow.de\/wp-content\/uploads\/2025\/07\/Bilderalbum-Abitur-2025-3-7-1440x1080.avif 1440w\"         sizes=\"auto, (min-width: 768px) 720px, (min-width: 576px) 540px, calc(100vw - 32px)\"         alt=\"Foto\u011fraf alb\u00fcm\u00fc 2025 Lise Mezuniyeti\"\n         title=\"Foto\u011fraf alb\u00fcm\u00fc 2025 Lise Mezuniyeti\"\n         width=\"720\"\n         height=\"540\"\n          loading=\"lazy\" decoding=\"async\">\n<\/picture>\n                                <\/a>\n                                                                                    <a data-fslightbox href=\"https:\/\/www.schlosstorgelow.de\/wp-content\/uploads\/2025\/07\/Bilderalbum-Abitur-2025-4-7.avif\" aria-label=\"Image gallery\">\n                                    \n<picture>\n            <source media=\"(max-width: 575.98px)\" srcset=\"https:\/\/www.schlosstorgelow.de\/wp-content\/uploads\/2025\/07\/Bilderalbum-Abitur-2025-4-7-320x240.avif 320w, https:\/\/www.schlosstorgelow.de\/wp-content\/uploads\/2025\/07\/Bilderalbum-Abitur-2025-4-7-540x405.avif 540w, https:\/\/www.schlosstorgelow.de\/wp-content\/uploads\/2025\/07\/Bilderalbum-Abitur-2025-4-7-640x480.avif 640w\" sizes=\"calc(100vw - 32px)\" type=\"image\/avif\">\n    \n            <source srcset=\"https:\/\/www.schlosstorgelow.de\/wp-content\/uploads\/2025\/07\/Bilderalbum-Abitur-2025-4-7-320x240.avif 320w, https:\/\/www.schlosstorgelow.de\/wp-content\/uploads\/2025\/07\/Bilderalbum-Abitur-2025-4-7-540x405.avif 540w, https:\/\/www.schlosstorgelow.de\/wp-content\/uploads\/2025\/07\/Bilderalbum-Abitur-2025-4-7-640x480.avif 640w, https:\/\/www.schlosstorgelow.de\/wp-content\/uploads\/2025\/07\/Bilderalbum-Abitur-2025-4-7-720x540.avif 720w, https:\/\/www.schlosstorgelow.de\/wp-content\/uploads\/2025\/07\/Bilderalbum-Abitur-2025-4-7-1080x810.avif 1080w, https:\/\/www.schlosstorgelow.de\/wp-content\/uploads\/2025\/07\/Bilderalbum-Abitur-2025-4-7-1440x1080.avif 1440w\" sizes=\"(min-width: 768px) 720px, (min-width: 576px) 540px, calc(100vw - 32px)\" type=\"image\/avif\">\n    \n    \n    <img src=\"https:\/\/www.schlosstorgelow.de\/wp-content\/uploads\/2025\/07\/Bilderalbum-Abitur-2025-4-7-720x540.avif\"\n         srcset=\"https:\/\/www.schlosstorgelow.de\/wp-content\/uploads\/2025\/07\/Bilderalbum-Abitur-2025-4-7-320x240.avif 320w, https:\/\/www.schlosstorgelow.de\/wp-content\/uploads\/2025\/07\/Bilderalbum-Abitur-2025-4-7-540x405.avif 540w, https:\/\/www.schlosstorgelow.de\/wp-content\/uploads\/2025\/07\/Bilderalbum-Abitur-2025-4-7-640x480.avif 640w, https:\/\/www.schlosstorgelow.de\/wp-content\/uploads\/2025\/07\/Bilderalbum-Abitur-2025-4-7-720x540.avif 720w, https:\/\/www.schlosstorgelow.de\/wp-content\/uploads\/2025\/07\/Bilderalbum-Abitur-2025-4-7-1080x810.avif 1080w, https:\/\/www.schlosstorgelow.de\/wp-content\/uploads\/2025\/07\/Bilderalbum-Abitur-2025-4-7-1440x1080.avif 1440w\"         sizes=\"auto, (min-width: 768px) 720px, (min-width: 576px) 540px, calc(100vw - 32px)\"         alt=\"Foto\u011fraf alb\u00fcm\u00fc 2025 Lise Mezuniyeti\"\n         title=\"Foto\u011fraf alb\u00fcm\u00fc 2025 Lise Mezuniyeti\"\n         width=\"720\"\n         height=\"540\"\n          loading=\"lazy\" decoding=\"async\">\n<\/picture>\n                                <\/a>\n                                                                                    <a data-fslightbox href=\"https:\/\/www.schlosstorgelow.de\/wp-content\/uploads\/2025\/07\/Bilderalbum-Abitur-2025-5-7.avif\" aria-label=\"Image gallery\">\n                                    \n<picture>\n            <source media=\"(max-width: 575.98px)\" srcset=\"https:\/\/www.schlosstorgelow.de\/wp-content\/uploads\/2025\/07\/Bilderalbum-Abitur-2025-5-7-320x240.avif 320w, https:\/\/www.schlosstorgelow.de\/wp-content\/uploads\/2025\/07\/Bilderalbum-Abitur-2025-5-7-540x405.avif 540w, https:\/\/www.schlosstorgelow.de\/wp-content\/uploads\/2025\/07\/Bilderalbum-Abitur-2025-5-7-640x480.avif 640w\" sizes=\"calc(100vw - 32px)\" type=\"image\/avif\">\n    \n            <source srcset=\"https:\/\/www.schlosstorgelow.de\/wp-content\/uploads\/2025\/07\/Bilderalbum-Abitur-2025-5-7-320x240.avif 320w, https:\/\/www.schlosstorgelow.de\/wp-content\/uploads\/2025\/07\/Bilderalbum-Abitur-2025-5-7-540x405.avif 540w, https:\/\/www.schlosstorgelow.de\/wp-content\/uploads\/2025\/07\/Bilderalbum-Abitur-2025-5-7-640x480.avif 640w, https:\/\/www.schlosstorgelow.de\/wp-content\/uploads\/2025\/07\/Bilderalbum-Abitur-2025-5-7-720x540.avif 720w, https:\/\/www.schlosstorgelow.de\/wp-content\/uploads\/2025\/07\/Bilderalbum-Abitur-2025-5-7-1080x810.avif 1080w, https:\/\/www.schlosstorgelow.de\/wp-content\/uploads\/2025\/07\/Bilderalbum-Abitur-2025-5-7-1440x1080.avif 1440w\" sizes=\"(min-width: 768px) 720px, (min-width: 576px) 540px, calc(100vw - 32px)\" type=\"image\/avif\">\n    \n    \n    <img src=\"https:\/\/www.schlosstorgelow.de\/wp-content\/uploads\/2025\/07\/Bilderalbum-Abitur-2025-5-7-720x540.avif\"\n         srcset=\"https:\/\/www.schlosstorgelow.de\/wp-content\/uploads\/2025\/07\/Bilderalbum-Abitur-2025-5-7-320x240.avif 320w, https:\/\/www.schlosstorgelow.de\/wp-content\/uploads\/2025\/07\/Bilderalbum-Abitur-2025-5-7-540x405.avif 540w, https:\/\/www.schlosstorgelow.de\/wp-content\/uploads\/2025\/07\/Bilderalbum-Abitur-2025-5-7-640x480.avif 640w, https:\/\/www.schlosstorgelow.de\/wp-content\/uploads\/2025\/07\/Bilderalbum-Abitur-2025-5-7-720x540.avif 720w, https:\/\/www.schlosstorgelow.de\/wp-content\/uploads\/2025\/07\/Bilderalbum-Abitur-2025-5-7-1080x810.avif 1080w, https:\/\/www.schlosstorgelow.de\/wp-content\/uploads\/2025\/07\/Bilderalbum-Abitur-2025-5-7-1440x1080.avif 1440w\"         sizes=\"auto, (min-width: 768px) 720px, (min-width: 576px) 540px, calc(100vw - 32px)\"         alt=\"Foto\u011fraf alb\u00fcm\u00fc 2025 Lise Mezuniyeti\"\n         title=\"Foto\u011fraf alb\u00fcm\u00fc 2025 Lise Mezuniyeti\"\n         width=\"720\"\n         height=\"540\"\n          loading=\"lazy\" decoding=\"async\">\n<\/picture>\n                                <\/a>\n                                                                                    <a data-fslightbox href=\"https:\/\/www.schlosstorgelow.de\/wp-content\/uploads\/2025\/07\/Bilderalbum-Abitur-2025-6-7.avif\" aria-label=\"Image gallery\">\n                                    \n<picture>\n            <source media=\"(max-width: 575.98px)\" srcset=\"https:\/\/www.schlosstorgelow.de\/wp-content\/uploads\/2025\/07\/Bilderalbum-Abitur-2025-6-7-320x240.avif 320w, https:\/\/www.schlosstorgelow.de\/wp-content\/uploads\/2025\/07\/Bilderalbum-Abitur-2025-6-7-540x405.avif 540w, https:\/\/www.schlosstorgelow.de\/wp-content\/uploads\/2025\/07\/Bilderalbum-Abitur-2025-6-7-640x480.avif 640w\" sizes=\"calc(100vw - 32px)\" type=\"image\/avif\">\n    \n            <source srcset=\"https:\/\/www.schlosstorgelow.de\/wp-content\/uploads\/2025\/07\/Bilderalbum-Abitur-2025-6-7-320x240.avif 320w, https:\/\/www.schlosstorgelow.de\/wp-content\/uploads\/2025\/07\/Bilderalbum-Abitur-2025-6-7-540x405.avif 540w, https:\/\/www.schlosstorgelow.de\/wp-content\/uploads\/2025\/07\/Bilderalbum-Abitur-2025-6-7-640x480.avif 640w, https:\/\/www.schlosstorgelow.de\/wp-content\/uploads\/2025\/07\/Bilderalbum-Abitur-2025-6-7-720x540.avif 720w, https:\/\/www.schlosstorgelow.de\/wp-content\/uploads\/2025\/07\/Bilderalbum-Abitur-2025-6-7-1080x810.avif 1080w, https:\/\/www.schlosstorgelow.de\/wp-content\/uploads\/2025\/07\/Bilderalbum-Abitur-2025-6-7-1440x1080.avif 1440w\" sizes=\"(min-width: 768px) 720px, (min-width: 576px) 540px, calc(100vw - 32px)\" type=\"image\/avif\">\n    \n    \n    <img src=\"https:\/\/www.schlosstorgelow.de\/wp-content\/uploads\/2025\/07\/Bilderalbum-Abitur-2025-6-7-720x540.avif\"\n         srcset=\"https:\/\/www.schlosstorgelow.de\/wp-content\/uploads\/2025\/07\/Bilderalbum-Abitur-2025-6-7-320x240.avif 320w, https:\/\/www.schlosstorgelow.de\/wp-content\/uploads\/2025\/07\/Bilderalbum-Abitur-2025-6-7-540x405.avif 540w, https:\/\/www.schlosstorgelow.de\/wp-content\/uploads\/2025\/07\/Bilderalbum-Abitur-2025-6-7-640x480.avif 640w, https:\/\/www.schlosstorgelow.de\/wp-content\/uploads\/2025\/07\/Bilderalbum-Abitur-2025-6-7-720x540.avif 720w, https:\/\/www.schlosstorgelow.de\/wp-content\/uploads\/2025\/07\/Bilderalbum-Abitur-2025-6-7-1080x810.avif 1080w, https:\/\/www.schlosstorgelow.de\/wp-content\/uploads\/2025\/07\/Bilderalbum-Abitur-2025-6-7-1440x1080.avif 1440w\"         sizes=\"auto, (min-width: 768px) 720px, (min-width: 576px) 540px, calc(100vw - 32px)\"         alt=\"Foto\u011fraf alb\u00fcm\u00fc 2025 Lise Mezuniyeti\"\n         title=\"Foto\u011fraf alb\u00fcm\u00fc 2025 Lise Mezuniyeti\"\n         width=\"720\"\n         height=\"540\"\n          loading=\"lazy\" decoding=\"async\">\n<\/picture>\n                                <\/a>\n                                                                                    <a data-fslightbox href=\"https:\/\/www.schlosstorgelow.de\/wp-content\/uploads\/2025\/07\/Bilderalbum-Abitur-2025-7-7.avif\" aria-label=\"Image gallery\">\n                                    \n<picture>\n            <source media=\"(max-width: 575.98px)\" srcset=\"https:\/\/www.schlosstorgelow.de\/wp-content\/uploads\/2025\/07\/Bilderalbum-Abitur-2025-7-7-320x240.avif 320w, https:\/\/www.schlosstorgelow.de\/wp-content\/uploads\/2025\/07\/Bilderalbum-Abitur-2025-7-7-540x405.avif 540w, https:\/\/www.schlosstorgelow.de\/wp-content\/uploads\/2025\/07\/Bilderalbum-Abitur-2025-7-7-640x480.avif 640w\" sizes=\"calc(100vw - 32px)\" type=\"image\/avif\">\n    \n            <source srcset=\"https:\/\/www.schlosstorgelow.de\/wp-content\/uploads\/2025\/07\/Bilderalbum-Abitur-2025-7-7-320x240.avif 320w, https:\/\/www.schlosstorgelow.de\/wp-content\/uploads\/2025\/07\/Bilderalbum-Abitur-2025-7-7-540x405.avif 540w, https:\/\/www.schlosstorgelow.de\/wp-content\/uploads\/2025\/07\/Bilderalbum-Abitur-2025-7-7-640x480.avif 640w, https:\/\/www.schlosstorgelow.de\/wp-content\/uploads\/2025\/07\/Bilderalbum-Abitur-2025-7-7-720x540.avif 720w, https:\/\/www.schlosstorgelow.de\/wp-content\/uploads\/2025\/07\/Bilderalbum-Abitur-2025-7-7-1080x810.avif 1080w, https:\/\/www.schlosstorgelow.de\/wp-content\/uploads\/2025\/07\/Bilderalbum-Abitur-2025-7-7-1440x1080.avif 1440w\" sizes=\"(min-width: 768px) 720px, (min-width: 576px) 540px, calc(100vw - 32px)\" type=\"image\/avif\">\n    \n    \n    <img src=\"https:\/\/www.schlosstorgelow.de\/wp-content\/uploads\/2025\/07\/Bilderalbum-Abitur-2025-7-7-720x540.avif\"\n         srcset=\"https:\/\/www.schlosstorgelow.de\/wp-content\/uploads\/2025\/07\/Bilderalbum-Abitur-2025-7-7-320x240.avif 320w, https:\/\/www.schlosstorgelow.de\/wp-content\/uploads\/2025\/07\/Bilderalbum-Abitur-2025-7-7-540x405.avif 540w, https:\/\/www.schlosstorgelow.de\/wp-content\/uploads\/2025\/07\/Bilderalbum-Abitur-2025-7-7-640x480.avif 640w, https:\/\/www.schlosstorgelow.de\/wp-content\/uploads\/2025\/07\/Bilderalbum-Abitur-2025-7-7-720x540.avif 720w, https:\/\/www.schlosstorgelow.de\/wp-content\/uploads\/2025\/07\/Bilderalbum-Abitur-2025-7-7-1080x810.avif 1080w, https:\/\/www.schlosstorgelow.de\/wp-content\/uploads\/2025\/07\/Bilderalbum-Abitur-2025-7-7-1440x1080.avif 1440w\"         sizes=\"auto, (min-width: 768px) 720px, (min-width: 576px) 540px, calc(100vw - 32px)\"         alt=\"Foto\u011fraf alb\u00fcm\u00fc 2025 Lise Mezuniyeti\"\n         title=\"Foto\u011fraf alb\u00fcm\u00fc 2025 Lise Mezuniyeti\"\n         width=\"720\"\n         height=\"540\"\n          loading=\"lazy\" decoding=\"async\">\n<\/picture>\n                                <\/a>\n                                                                                    <a data-fslightbox href=\"https:\/\/www.schlosstorgelow.de\/wp-content\/uploads\/2025\/07\/Bilderalbum-Abitur-2025-8-7.avif\" aria-label=\"Image gallery\">\n                                    \n<picture>\n            <source media=\"(max-width: 575.98px)\" srcset=\"https:\/\/www.schlosstorgelow.de\/wp-content\/uploads\/2025\/07\/Bilderalbum-Abitur-2025-8-7-320x240.avif 320w, https:\/\/www.schlosstorgelow.de\/wp-content\/uploads\/2025\/07\/Bilderalbum-Abitur-2025-8-7-540x405.avif 540w, https:\/\/www.schlosstorgelow.de\/wp-content\/uploads\/2025\/07\/Bilderalbum-Abitur-2025-8-7-640x480.avif 640w\" sizes=\"calc(100vw - 32px)\" type=\"image\/avif\">\n    \n            <source srcset=\"https:\/\/www.schlosstorgelow.de\/wp-content\/uploads\/2025\/07\/Bilderalbum-Abitur-2025-8-7-320x240.avif 320w, https:\/\/www.schlosstorgelow.de\/wp-content\/uploads\/2025\/07\/Bilderalbum-Abitur-2025-8-7-540x405.avif 540w, https:\/\/www.schlosstorgelow.de\/wp-content\/uploads\/2025\/07\/Bilderalbum-Abitur-2025-8-7-640x480.avif 640w, https:\/\/www.schlosstorgelow.de\/wp-content\/uploads\/2025\/07\/Bilderalbum-Abitur-2025-8-7-720x540.avif 720w, https:\/\/www.schlosstorgelow.de\/wp-content\/uploads\/2025\/07\/Bilderalbum-Abitur-2025-8-7-1080x810.avif 1080w, https:\/\/www.schlosstorgelow.de\/wp-content\/uploads\/2025\/07\/Bilderalbum-Abitur-2025-8-7-1440x1080.avif 1440w\" sizes=\"(min-width: 768px) 720px, (min-width: 576px) 540px, calc(100vw - 32px)\" type=\"image\/avif\">\n    \n    \n    <img src=\"https:\/\/www.schlosstorgelow.de\/wp-content\/uploads\/2025\/07\/Bilderalbum-Abitur-2025-8-7-720x540.avif\"\n         srcset=\"https:\/\/www.schlosstorgelow.de\/wp-content\/uploads\/2025\/07\/Bilderalbum-Abitur-2025-8-7-320x240.avif 320w, https:\/\/www.schlosstorgelow.de\/wp-content\/uploads\/2025\/07\/Bilderalbum-Abitur-2025-8-7-540x405.avif 540w, https:\/\/www.schlosstorgelow.de\/wp-content\/uploads\/2025\/07\/Bilderalbum-Abitur-2025-8-7-640x480.avif 640w, https:\/\/www.schlosstorgelow.de\/wp-content\/uploads\/2025\/07\/Bilderalbum-Abitur-2025-8-7-720x540.avif 720w, https:\/\/www.schlosstorgelow.de\/wp-content\/uploads\/2025\/07\/Bilderalbum-Abitur-2025-8-7-1080x810.avif 1080w, https:\/\/www.schlosstorgelow.de\/wp-content\/uploads\/2025\/07\/Bilderalbum-Abitur-2025-8-7-1440x1080.avif 1440w\"         sizes=\"auto, (min-width: 768px) 720px, (min-width: 576px) 540px, calc(100vw - 32px)\"         alt=\"Foto\u011fraf alb\u00fcm\u00fc 2025 Lise Mezuniyeti\"\n         title=\"Foto\u011fraf alb\u00fcm\u00fc 2025 Lise Mezuniyeti\"\n         width=\"720\"\n         height=\"540\"\n          loading=\"lazy\" decoding=\"async\">\n<\/picture>\n                                <\/a>\n                                                                                    <a data-fslightbox href=\"https:\/\/www.schlosstorgelow.de\/wp-content\/uploads\/2025\/07\/Bilderalbum-Abitur-2025-9-7.avif\" aria-label=\"Image gallery\">\n                                    \n<picture>\n            <source media=\"(max-width: 575.98px)\" srcset=\"https:\/\/www.schlosstorgelow.de\/wp-content\/uploads\/2025\/07\/Bilderalbum-Abitur-2025-9-7-320x240.avif 320w, https:\/\/www.schlosstorgelow.de\/wp-content\/uploads\/2025\/07\/Bilderalbum-Abitur-2025-9-7-540x405.avif 540w, https:\/\/www.schlosstorgelow.de\/wp-content\/uploads\/2025\/07\/Bilderalbum-Abitur-2025-9-7-640x480.avif 640w\" sizes=\"calc(100vw - 32px)\" type=\"image\/avif\">\n    \n            <source srcset=\"https:\/\/www.schlosstorgelow.de\/wp-content\/uploads\/2025\/07\/Bilderalbum-Abitur-2025-9-7-320x240.avif 320w, https:\/\/www.schlosstorgelow.de\/wp-content\/uploads\/2025\/07\/Bilderalbum-Abitur-2025-9-7-540x405.avif 540w, https:\/\/www.schlosstorgelow.de\/wp-content\/uploads\/2025\/07\/Bilderalbum-Abitur-2025-9-7-640x480.avif 640w, https:\/\/www.schlosstorgelow.de\/wp-content\/uploads\/2025\/07\/Bilderalbum-Abitur-2025-9-7-720x540.avif 720w, https:\/\/www.schlosstorgelow.de\/wp-content\/uploads\/2025\/07\/Bilderalbum-Abitur-2025-9-7-1080x810.avif 1080w, https:\/\/www.schlosstorgelow.de\/wp-content\/uploads\/2025\/07\/Bilderalbum-Abitur-2025-9-7-1440x1080.avif 1440w\" sizes=\"(min-width: 768px) 720px, (min-width: 576px) 540px, calc(100vw - 32px)\" type=\"image\/avif\">\n    \n    \n    <img src=\"https:\/\/www.schlosstorgelow.de\/wp-content\/uploads\/2025\/07\/Bilderalbum-Abitur-2025-9-7-720x540.avif\"\n         srcset=\"https:\/\/www.schlosstorgelow.de\/wp-content\/uploads\/2025\/07\/Bilderalbum-Abitur-2025-9-7-320x240.avif 320w, https:\/\/www.schlosstorgelow.de\/wp-content\/uploads\/2025\/07\/Bilderalbum-Abitur-2025-9-7-540x405.avif 540w, https:\/\/www.schlosstorgelow.de\/wp-content\/uploads\/2025\/07\/Bilderalbum-Abitur-2025-9-7-640x480.avif 640w, https:\/\/www.schlosstorgelow.de\/wp-content\/uploads\/2025\/07\/Bilderalbum-Abitur-2025-9-7-720x540.avif 720w, https:\/\/www.schlosstorgelow.de\/wp-content\/uploads\/2025\/07\/Bilderalbum-Abitur-2025-9-7-1080x810.avif 1080w, https:\/\/www.schlosstorgelow.de\/wp-content\/uploads\/2025\/07\/Bilderalbum-Abitur-2025-9-7-1440x1080.avif 1440w\"         sizes=\"auto, (min-width: 768px) 720px, (min-width: 576px) 540px, calc(100vw - 32px)\"         alt=\"Foto\u011fraf alb\u00fcm\u00fc 2025 Lise Mezuniyeti\"\n         title=\"Foto\u011fraf alb\u00fcm\u00fc 2025 Lise Mezuniyeti\"\n         width=\"720\"\n         height=\"540\"\n          loading=\"lazy\" decoding=\"async\">\n<\/picture>\n                                <\/a>\n                                                                                    <a data-fslightbox href=\"https:\/\/www.schlosstorgelow.de\/wp-content\/uploads\/2025\/07\/Bilderalbum-Abitur-2025-10-7.avif\" aria-label=\"Image gallery\">\n                                    \n<picture>\n            <source media=\"(max-width: 575.98px)\" srcset=\"https:\/\/www.schlosstorgelow.de\/wp-content\/uploads\/2025\/07\/Bilderalbum-Abitur-2025-10-7-320x240.avif 320w, https:\/\/www.schlosstorgelow.de\/wp-content\/uploads\/2025\/07\/Bilderalbum-Abitur-2025-10-7-540x405.avif 540w, https:\/\/www.schlosstorgelow.de\/wp-content\/uploads\/2025\/07\/Bilderalbum-Abitur-2025-10-7-640x480.avif 640w\" sizes=\"calc(100vw - 32px)\" type=\"image\/avif\">\n    \n            <source srcset=\"https:\/\/www.schlosstorgelow.de\/wp-content\/uploads\/2025\/07\/Bilderalbum-Abitur-2025-10-7-320x240.avif 320w, https:\/\/www.schlosstorgelow.de\/wp-content\/uploads\/2025\/07\/Bilderalbum-Abitur-2025-10-7-540x405.avif 540w, https:\/\/www.schlosstorgelow.de\/wp-content\/uploads\/2025\/07\/Bilderalbum-Abitur-2025-10-7-640x480.avif 640w, https:\/\/www.schlosstorgelow.de\/wp-content\/uploads\/2025\/07\/Bilderalbum-Abitur-2025-10-7-720x540.avif 720w, https:\/\/www.schlosstorgelow.de\/wp-content\/uploads\/2025\/07\/Bilderalbum-Abitur-2025-10-7-1080x810.avif 1080w, https:\/\/www.schlosstorgelow.de\/wp-content\/uploads\/2025\/07\/Bilderalbum-Abitur-2025-10-7-1440x1080.avif 1440w\" sizes=\"(min-width: 768px) 720px, (min-width: 576px) 540px, calc(100vw - 32px)\" type=\"image\/avif\">\n    \n    \n    <img src=\"https:\/\/www.schlosstorgelow.de\/wp-content\/uploads\/2025\/07\/Bilderalbum-Abitur-2025-10-7-720x540.avif\"\n         srcset=\"https:\/\/www.schlosstorgelow.de\/wp-content\/uploads\/2025\/07\/Bilderalbum-Abitur-2025-10-7-320x240.avif 320w, https:\/\/www.schlosstorgelow.de\/wp-content\/uploads\/2025\/07\/Bilderalbum-Abitur-2025-10-7-540x405.avif 540w, https:\/\/www.schlosstorgelow.de\/wp-content\/uploads\/2025\/07\/Bilderalbum-Abitur-2025-10-7-640x480.avif 640w, https:\/\/www.schlosstorgelow.de\/wp-content\/uploads\/2025\/07\/Bilderalbum-Abitur-2025-10-7-720x540.avif 720w, https:\/\/www.schlosstorgelow.de\/wp-content\/uploads\/2025\/07\/Bilderalbum-Abitur-2025-10-7-1080x810.avif 1080w, https:\/\/www.schlosstorgelow.de\/wp-content\/uploads\/2025\/07\/Bilderalbum-Abitur-2025-10-7-1440x1080.avif 1440w\"         sizes=\"auto, (min-width: 768px) 720px, (min-width: 576px) 540px, calc(100vw - 32px)\"         alt=\"Foto\u011fraf alb\u00fcm\u00fc 2025 Lise Mezuniyeti\"\n         title=\"Foto\u011fraf alb\u00fcm\u00fc 2025 Lise Mezuniyeti\"\n         width=\"720\"\n         height=\"540\"\n          loading=\"lazy\" decoding=\"async\">\n<\/picture>\n                                <\/a>\n                                                                                    <a data-fslightbox href=\"https:\/\/www.schlosstorgelow.de\/wp-content\/uploads\/2025\/07\/Bilderalbum-Abitur-2025-11-7.avif\" aria-label=\"Image gallery\">\n                                    \n<picture>\n            <source media=\"(max-width: 575.98px)\" srcset=\"https:\/\/www.schlosstorgelow.de\/wp-content\/uploads\/2025\/07\/Bilderalbum-Abitur-2025-11-7-320x240.avif 320w, https:\/\/www.schlosstorgelow.de\/wp-content\/uploads\/2025\/07\/Bilderalbum-Abitur-2025-11-7-540x405.avif 540w, https:\/\/www.schlosstorgelow.de\/wp-content\/uploads\/2025\/07\/Bilderalbum-Abitur-2025-11-7-640x480.avif 640w\" sizes=\"calc(100vw - 32px)\" type=\"image\/avif\">\n    \n            <source srcset=\"https:\/\/www.schlosstorgelow.de\/wp-content\/uploads\/2025\/07\/Bilderalbum-Abitur-2025-11-7-320x240.avif 320w, https:\/\/www.schlosstorgelow.de\/wp-content\/uploads\/2025\/07\/Bilderalbum-Abitur-2025-11-7-540x405.avif 540w, https:\/\/www.schlosstorgelow.de\/wp-content\/uploads\/2025\/07\/Bilderalbum-Abitur-2025-11-7-640x480.avif 640w, https:\/\/www.schlosstorgelow.de\/wp-content\/uploads\/2025\/07\/Bilderalbum-Abitur-2025-11-7-720x540.avif 720w, https:\/\/www.schlosstorgelow.de\/wp-content\/uploads\/2025\/07\/Bilderalbum-Abitur-2025-11-7-1080x810.avif 1080w, https:\/\/www.schlosstorgelow.de\/wp-content\/uploads\/2025\/07\/Bilderalbum-Abitur-2025-11-7-1440x1080.avif 1440w\" sizes=\"(min-width: 768px) 720px, (min-width: 576px) 540px, calc(100vw - 32px)\" type=\"image\/avif\">\n    \n    \n    <img src=\"https:\/\/www.schlosstorgelow.de\/wp-content\/uploads\/2025\/07\/Bilderalbum-Abitur-2025-11-7-720x540.avif\"\n         srcset=\"https:\/\/www.schlosstorgelow.de\/wp-content\/uploads\/2025\/07\/Bilderalbum-Abitur-2025-11-7-320x240.avif 320w, https:\/\/www.schlosstorgelow.de\/wp-content\/uploads\/2025\/07\/Bilderalbum-Abitur-2025-11-7-540x405.avif 540w, https:\/\/www.schlosstorgelow.de\/wp-content\/uploads\/2025\/07\/Bilderalbum-Abitur-2025-11-7-640x480.avif 640w, https:\/\/www.schlosstorgelow.de\/wp-content\/uploads\/2025\/07\/Bilderalbum-Abitur-2025-11-7-720x540.avif 720w, https:\/\/www.schlosstorgelow.de\/wp-content\/uploads\/2025\/07\/Bilderalbum-Abitur-2025-11-7-1080x810.avif 1080w, https:\/\/www.schlosstorgelow.de\/wp-content\/uploads\/2025\/07\/Bilderalbum-Abitur-2025-11-7-1440x1080.avif 1440w\"         sizes=\"auto, (min-width: 768px) 720px, (min-width: 576px) 540px, calc(100vw - 32px)\"         alt=\"Foto\u011fraf alb\u00fcm\u00fc 2025 Lise Mezuniyeti\"\n         title=\"Foto\u011fraf alb\u00fcm\u00fc 2025 Lise Mezuniyeti\"\n         width=\"720\"\n         height=\"540\"\n          loading=\"lazy\" decoding=\"async\">\n<\/picture>\n                                <\/a>\n                                                                                    <a data-fslightbox href=\"https:\/\/www.schlosstorgelow.de\/wp-content\/uploads\/2025\/07\/Bilderalbum-Abitur-2025-12-7.avif\" aria-label=\"Image gallery\">\n                                    \n<picture>\n            <source media=\"(max-width: 575.98px)\" srcset=\"https:\/\/www.schlosstorgelow.de\/wp-content\/uploads\/2025\/07\/Bilderalbum-Abitur-2025-12-7-320x240.avif 320w, https:\/\/www.schlosstorgelow.de\/wp-content\/uploads\/2025\/07\/Bilderalbum-Abitur-2025-12-7-540x405.avif 540w, https:\/\/www.schlosstorgelow.de\/wp-content\/uploads\/2025\/07\/Bilderalbum-Abitur-2025-12-7-640x480.avif 640w\" sizes=\"calc(100vw - 32px)\" type=\"image\/avif\">\n    \n            <source srcset=\"https:\/\/www.schlosstorgelow.de\/wp-content\/uploads\/2025\/07\/Bilderalbum-Abitur-2025-12-7-320x240.avif 320w, https:\/\/www.schlosstorgelow.de\/wp-content\/uploads\/2025\/07\/Bilderalbum-Abitur-2025-12-7-540x405.avif 540w, https:\/\/www.schlosstorgelow.de\/wp-content\/uploads\/2025\/07\/Bilderalbum-Abitur-2025-12-7-640x480.avif 640w, https:\/\/www.schlosstorgelow.de\/wp-content\/uploads\/2025\/07\/Bilderalbum-Abitur-2025-12-7-720x540.avif 720w, https:\/\/www.schlosstorgelow.de\/wp-content\/uploads\/2025\/07\/Bilderalbum-Abitur-2025-12-7-1080x810.avif 1080w, https:\/\/www.schlosstorgelow.de\/wp-content\/uploads\/2025\/07\/Bilderalbum-Abitur-2025-12-7-1440x1080.avif 1440w\" sizes=\"(min-width: 768px) 720px, (min-width: 576px) 540px, calc(100vw - 32px)\" type=\"image\/avif\">\n    \n    \n    <img src=\"https:\/\/www.schlosstorgelow.de\/wp-content\/uploads\/2025\/07\/Bilderalbum-Abitur-2025-12-7-720x540.avif\"\n         srcset=\"https:\/\/www.schlosstorgelow.de\/wp-content\/uploads\/2025\/07\/Bilderalbum-Abitur-2025-12-7-320x240.avif 320w, https:\/\/www.schlosstorgelow.de\/wp-content\/uploads\/2025\/07\/Bilderalbum-Abitur-2025-12-7-540x405.avif 540w, https:\/\/www.schlosstorgelow.de\/wp-content\/uploads\/2025\/07\/Bilderalbum-Abitur-2025-12-7-640x480.avif 640w, https:\/\/www.schlosstorgelow.de\/wp-content\/uploads\/2025\/07\/Bilderalbum-Abitur-2025-12-7-720x540.avif 720w, https:\/\/www.schlosstorgelow.de\/wp-content\/uploads\/2025\/07\/Bilderalbum-Abitur-2025-12-7-1080x810.avif 1080w, https:\/\/www.schlosstorgelow.de\/wp-content\/uploads\/2025\/07\/Bilderalbum-Abitur-2025-12-7-1440x1080.avif 1440w\"         sizes=\"auto, (min-width: 768px) 720px, (min-width: 576px) 540px, calc(100vw - 32px)\"         alt=\"Foto\u011fraf alb\u00fcm\u00fc 2025 Lise Mezuniyeti\"\n         title=\"Foto\u011fraf alb\u00fcm\u00fc 2025 Lise Mezuniyeti\"\n         width=\"720\"\n         height=\"540\"\n          loading=\"lazy\" decoding=\"async\">\n<\/picture>\n                                <\/a>\n                                                                                    <a data-fslightbox href=\"https:\/\/www.schlosstorgelow.de\/wp-content\/uploads\/2025\/07\/Bilderalbum-Abitur-2025-13-7.avif\" aria-label=\"Image gallery\">\n                                    \n<picture>\n            <source media=\"(max-width: 575.98px)\" srcset=\"https:\/\/www.schlosstorgelow.de\/wp-content\/uploads\/2025\/07\/Bilderalbum-Abitur-2025-13-7-320x240.avif 320w, https:\/\/www.schlosstorgelow.de\/wp-content\/uploads\/2025\/07\/Bilderalbum-Abitur-2025-13-7-540x405.avif 540w, https:\/\/www.schlosstorgelow.de\/wp-content\/uploads\/2025\/07\/Bilderalbum-Abitur-2025-13-7-640x480.avif 640w\" sizes=\"calc(100vw - 32px)\" type=\"image\/avif\">\n    \n            <source srcset=\"https:\/\/www.schlosstorgelow.de\/wp-content\/uploads\/2025\/07\/Bilderalbum-Abitur-2025-13-7-320x240.avif 320w, https:\/\/www.schlosstorgelow.de\/wp-content\/uploads\/2025\/07\/Bilderalbum-Abitur-2025-13-7-540x405.avif 540w, https:\/\/www.schlosstorgelow.de\/wp-content\/uploads\/2025\/07\/Bilderalbum-Abitur-2025-13-7-640x480.avif 640w, https:\/\/www.schlosstorgelow.de\/wp-content\/uploads\/2025\/07\/Bilderalbum-Abitur-2025-13-7-720x540.avif 720w, https:\/\/www.schlosstorgelow.de\/wp-content\/uploads\/2025\/07\/Bilderalbum-Abitur-2025-13-7-1080x810.avif 1080w, https:\/\/www.schlosstorgelow.de\/wp-content\/uploads\/2025\/07\/Bilderalbum-Abitur-2025-13-7-1440x1080.avif 1440w\" sizes=\"(min-width: 768px) 720px, (min-width: 576px) 540px, calc(100vw - 32px)\" type=\"image\/avif\">\n    \n    \n    <img src=\"https:\/\/www.schlosstorgelow.de\/wp-content\/uploads\/2025\/07\/Bilderalbum-Abitur-2025-13-7-720x540.avif\"\n         srcset=\"https:\/\/www.schlosstorgelow.de\/wp-content\/uploads\/2025\/07\/Bilderalbum-Abitur-2025-13-7-320x240.avif 320w, https:\/\/www.schlosstorgelow.de\/wp-content\/uploads\/2025\/07\/Bilderalbum-Abitur-2025-13-7-540x405.avif 540w, https:\/\/www.schlosstorgelow.de\/wp-content\/uploads\/2025\/07\/Bilderalbum-Abitur-2025-13-7-640x480.avif 640w, https:\/\/www.schlosstorgelow.de\/wp-content\/uploads\/2025\/07\/Bilderalbum-Abitur-2025-13-7-720x540.avif 720w, https:\/\/www.schlosstorgelow.de\/wp-content\/uploads\/2025\/07\/Bilderalbum-Abitur-2025-13-7-1080x810.avif 1080w, https:\/\/www.schlosstorgelow.de\/wp-content\/uploads\/2025\/07\/Bilderalbum-Abitur-2025-13-7-1440x1080.avif 1440w\"         sizes=\"auto, (min-width: 768px) 720px, (min-width: 576px) 540px, calc(100vw - 32px)\"         alt=\"Foto\u011fraf alb\u00fcm\u00fc 2025 Lise Mezuniyeti\"\n         title=\"Foto\u011fraf alb\u00fcm\u00fc 2025 Lise Mezuniyeti\"\n         width=\"720\"\n         height=\"540\"\n          loading=\"lazy\" decoding=\"async\">\n<\/picture>\n                                <\/a>\n                                                                                    <a data-fslightbox href=\"https:\/\/www.schlosstorgelow.de\/wp-content\/uploads\/2025\/07\/Bilderalbum-Abitur-2025-14-7.avif\" aria-label=\"Image gallery\">\n                                    \n<picture>\n            <source media=\"(max-width: 575.98px)\" srcset=\"https:\/\/www.schlosstorgelow.de\/wp-content\/uploads\/2025\/07\/Bilderalbum-Abitur-2025-14-7-320x240.avif 320w, https:\/\/www.schlosstorgelow.de\/wp-content\/uploads\/2025\/07\/Bilderalbum-Abitur-2025-14-7-540x405.avif 540w, https:\/\/www.schlosstorgelow.de\/wp-content\/uploads\/2025\/07\/Bilderalbum-Abitur-2025-14-7-640x480.avif 640w\" sizes=\"calc(100vw - 32px)\" type=\"image\/avif\">\n    \n            <source srcset=\"https:\/\/www.schlosstorgelow.de\/wp-content\/uploads\/2025\/07\/Bilderalbum-Abitur-2025-14-7-320x240.avif 320w, https:\/\/www.schlosstorgelow.de\/wp-content\/uploads\/2025\/07\/Bilderalbum-Abitur-2025-14-7-540x405.avif 540w, https:\/\/www.schlosstorgelow.de\/wp-content\/uploads\/2025\/07\/Bilderalbum-Abitur-2025-14-7-640x480.avif 640w, https:\/\/www.schlosstorgelow.de\/wp-content\/uploads\/2025\/07\/Bilderalbum-Abitur-2025-14-7-720x540.avif 720w, https:\/\/www.schlosstorgelow.de\/wp-content\/uploads\/2025\/07\/Bilderalbum-Abitur-2025-14-7-1080x810.avif 1080w, https:\/\/www.schlosstorgelow.de\/wp-content\/uploads\/2025\/07\/Bilderalbum-Abitur-2025-14-7-1440x1080.avif 1440w\" sizes=\"(min-width: 768px) 720px, (min-width: 576px) 540px, calc(100vw - 32px)\" type=\"image\/avif\">\n    \n    \n    <img src=\"https:\/\/www.schlosstorgelow.de\/wp-content\/uploads\/2025\/07\/Bilderalbum-Abitur-2025-14-7-720x540.avif\"\n         srcset=\"https:\/\/www.schlosstorgelow.de\/wp-content\/uploads\/2025\/07\/Bilderalbum-Abitur-2025-14-7-320x240.avif 320w, https:\/\/www.schlosstorgelow.de\/wp-content\/uploads\/2025\/07\/Bilderalbum-Abitur-2025-14-7-540x405.avif 540w, https:\/\/www.schlosstorgelow.de\/wp-content\/uploads\/2025\/07\/Bilderalbum-Abitur-2025-14-7-640x480.avif 640w, https:\/\/www.schlosstorgelow.de\/wp-content\/uploads\/2025\/07\/Bilderalbum-Abitur-2025-14-7-720x540.avif 720w, https:\/\/www.schlosstorgelow.de\/wp-content\/uploads\/2025\/07\/Bilderalbum-Abitur-2025-14-7-1080x810.avif 1080w, https:\/\/www.schlosstorgelow.de\/wp-content\/uploads\/2025\/07\/Bilderalbum-Abitur-2025-14-7-1440x1080.avif 1440w\"         sizes=\"auto, (min-width: 768px) 720px, (min-width: 576px) 540px, calc(100vw - 32px)\"         alt=\"Foto\u011fraf alb\u00fcm\u00fc 2025 Lise Mezuniyeti\"\n         title=\"Foto\u011fraf alb\u00fcm\u00fc 2025 Lise Mezuniyeti\"\n         width=\"720\"\n         height=\"540\"\n          loading=\"lazy\" decoding=\"async\">\n<\/picture>\n                                <\/a>\n                                                                                    <a data-fslightbox href=\"https:\/\/www.schlosstorgelow.de\/wp-content\/uploads\/2025\/07\/Bilderalbum-Abitur-2025-15-7.avif\" aria-label=\"Image gallery\">\n                                    \n<picture>\n            <source media=\"(max-width: 575.98px)\" srcset=\"https:\/\/www.schlosstorgelow.de\/wp-content\/uploads\/2025\/07\/Bilderalbum-Abitur-2025-15-7-320x240.avif 320w, https:\/\/www.schlosstorgelow.de\/wp-content\/uploads\/2025\/07\/Bilderalbum-Abitur-2025-15-7-540x405.avif 540w, https:\/\/www.schlosstorgelow.de\/wp-content\/uploads\/2025\/07\/Bilderalbum-Abitur-2025-15-7-640x480.avif 640w\" sizes=\"calc(100vw - 32px)\" type=\"image\/avif\">\n    \n            <source srcset=\"https:\/\/www.schlosstorgelow.de\/wp-content\/uploads\/2025\/07\/Bilderalbum-Abitur-2025-15-7-320x240.avif 320w, https:\/\/www.schlosstorgelow.de\/wp-content\/uploads\/2025\/07\/Bilderalbum-Abitur-2025-15-7-540x405.avif 540w, https:\/\/www.schlosstorgelow.de\/wp-content\/uploads\/2025\/07\/Bilderalbum-Abitur-2025-15-7-640x480.avif 640w, https:\/\/www.schlosstorgelow.de\/wp-content\/uploads\/2025\/07\/Bilderalbum-Abitur-2025-15-7-720x540.avif 720w, https:\/\/www.schlosstorgelow.de\/wp-content\/uploads\/2025\/07\/Bilderalbum-Abitur-2025-15-7-1080x810.avif 1080w, https:\/\/www.schlosstorgelow.de\/wp-content\/uploads\/2025\/07\/Bilderalbum-Abitur-2025-15-7-1440x1080.avif 1440w\" sizes=\"(min-width: 768px) 720px, (min-width: 576px) 540px, calc(100vw - 32px)\" type=\"image\/avif\">\n    \n    \n    <img src=\"https:\/\/www.schlosstorgelow.de\/wp-content\/uploads\/2025\/07\/Bilderalbum-Abitur-2025-15-7-720x540.avif\"\n         srcset=\"https:\/\/www.schlosstorgelow.de\/wp-content\/uploads\/2025\/07\/Bilderalbum-Abitur-2025-15-7-320x240.avif 320w, https:\/\/www.schlosstorgelow.de\/wp-content\/uploads\/2025\/07\/Bilderalbum-Abitur-2025-15-7-540x405.avif 540w, https:\/\/www.schlosstorgelow.de\/wp-content\/uploads\/2025\/07\/Bilderalbum-Abitur-2025-15-7-640x480.avif 640w, https:\/\/www.schlosstorgelow.de\/wp-content\/uploads\/2025\/07\/Bilderalbum-Abitur-2025-15-7-720x540.avif 720w, https:\/\/www.schlosstorgelow.de\/wp-content\/uploads\/2025\/07\/Bilderalbum-Abitur-2025-15-7-1080x810.avif 1080w, https:\/\/www.schlosstorgelow.de\/wp-content\/uploads\/2025\/07\/Bilderalbum-Abitur-2025-15-7-1440x1080.avif 1440w\"         sizes=\"auto, (min-width: 768px) 720px, (min-width: 576px) 540px, calc(100vw - 32px)\"         alt=\"Foto\u011fraf alb\u00fcm\u00fc 2025 Lise Mezuniyeti\"\n         title=\"Foto\u011fraf alb\u00fcm\u00fc 2025 Lise Mezuniyeti\"\n         width=\"720\"\n         height=\"540\"\n          loading=\"lazy\" decoding=\"async\">\n<\/picture>\n                                <\/a>\n                                                                                    <a data-fslightbox href=\"https:\/\/www.schlosstorgelow.de\/wp-content\/uploads\/2025\/07\/Bilderalbum-Abitur-2025-16-7.avif\" aria-label=\"Image gallery\">\n                                    \n<picture>\n            <source media=\"(max-width: 575.98px)\" srcset=\"https:\/\/www.schlosstorgelow.de\/wp-content\/uploads\/2025\/07\/Bilderalbum-Abitur-2025-16-7-320x240.avif 320w, https:\/\/www.schlosstorgelow.de\/wp-content\/uploads\/2025\/07\/Bilderalbum-Abitur-2025-16-7-540x405.avif 540w, https:\/\/www.schlosstorgelow.de\/wp-content\/uploads\/2025\/07\/Bilderalbum-Abitur-2025-16-7-640x480.avif 640w\" sizes=\"calc(100vw - 32px)\" type=\"image\/avif\">\n    \n            <source srcset=\"https:\/\/www.schlosstorgelow.de\/wp-content\/uploads\/2025\/07\/Bilderalbum-Abitur-2025-16-7-320x240.avif 320w, https:\/\/www.schlosstorgelow.de\/wp-content\/uploads\/2025\/07\/Bilderalbum-Abitur-2025-16-7-540x405.avif 540w, https:\/\/www.schlosstorgelow.de\/wp-content\/uploads\/2025\/07\/Bilderalbum-Abitur-2025-16-7-640x480.avif 640w, https:\/\/www.schlosstorgelow.de\/wp-content\/uploads\/2025\/07\/Bilderalbum-Abitur-2025-16-7-720x540.avif 720w, https:\/\/www.schlosstorgelow.de\/wp-content\/uploads\/2025\/07\/Bilderalbum-Abitur-2025-16-7-1080x810.avif 1080w, https:\/\/www.schlosstorgelow.de\/wp-content\/uploads\/2025\/07\/Bilderalbum-Abitur-2025-16-7-1440x1080.avif 1440w\" sizes=\"(min-width: 768px) 720px, (min-width: 576px) 540px, calc(100vw - 32px)\" type=\"image\/avif\">\n    \n    \n    <img src=\"https:\/\/www.schlosstorgelow.de\/wp-content\/uploads\/2025\/07\/Bilderalbum-Abitur-2025-16-7-720x540.avif\"\n         srcset=\"https:\/\/www.schlosstorgelow.de\/wp-content\/uploads\/2025\/07\/Bilderalbum-Abitur-2025-16-7-320x240.avif 320w, https:\/\/www.schlosstorgelow.de\/wp-content\/uploads\/2025\/07\/Bilderalbum-Abitur-2025-16-7-540x405.avif 540w, https:\/\/www.schlosstorgelow.de\/wp-content\/uploads\/2025\/07\/Bilderalbum-Abitur-2025-16-7-640x480.avif 640w, https:\/\/www.schlosstorgelow.de\/wp-content\/uploads\/2025\/07\/Bilderalbum-Abitur-2025-16-7-720x540.avif 720w, https:\/\/www.schlosstorgelow.de\/wp-content\/uploads\/2025\/07\/Bilderalbum-Abitur-2025-16-7-1080x810.avif 1080w, https:\/\/www.schlosstorgelow.de\/wp-content\/uploads\/2025\/07\/Bilderalbum-Abitur-2025-16-7-1440x1080.avif 1440w\"         sizes=\"auto, (min-width: 768px) 720px, (min-width: 576px) 540px, calc(100vw - 32px)\"         alt=\"Foto\u011fraf alb\u00fcm\u00fc 2025 Lise Mezuniyeti\"\n         title=\"Foto\u011fraf alb\u00fcm\u00fc 2025 Lise Mezuniyeti\"\n         width=\"720\"\n         height=\"540\"\n          loading=\"lazy\" decoding=\"async\">\n<\/picture>\n                                <\/a>\n                                                                                    <a data-fslightbox href=\"https:\/\/www.schlosstorgelow.de\/wp-content\/uploads\/2025\/07\/Bilderalbum-Abitur-2025-17-7.avif\" aria-label=\"Image gallery\">\n                                    \n<picture>\n            <source media=\"(max-width: 575.98px)\" srcset=\"https:\/\/www.schlosstorgelow.de\/wp-content\/uploads\/2025\/07\/Bilderalbum-Abitur-2025-17-7-320x240.avif 320w, https:\/\/www.schlosstorgelow.de\/wp-content\/uploads\/2025\/07\/Bilderalbum-Abitur-2025-17-7-540x405.avif 540w, https:\/\/www.schlosstorgelow.de\/wp-content\/uploads\/2025\/07\/Bilderalbum-Abitur-2025-17-7-640x480.avif 640w\" sizes=\"calc(100vw - 32px)\" type=\"image\/avif\">\n    \n            <source srcset=\"https:\/\/www.schlosstorgelow.de\/wp-content\/uploads\/2025\/07\/Bilderalbum-Abitur-2025-17-7-320x240.avif 320w, https:\/\/www.schlosstorgelow.de\/wp-content\/uploads\/2025\/07\/Bilderalbum-Abitur-2025-17-7-540x405.avif 540w, https:\/\/www.schlosstorgelow.de\/wp-content\/uploads\/2025\/07\/Bilderalbum-Abitur-2025-17-7-640x480.avif 640w, https:\/\/www.schlosstorgelow.de\/wp-content\/uploads\/2025\/07\/Bilderalbum-Abitur-2025-17-7-720x540.avif 720w, https:\/\/www.schlosstorgelow.de\/wp-content\/uploads\/2025\/07\/Bilderalbum-Abitur-2025-17-7-1080x810.avif 1080w, https:\/\/www.schlosstorgelow.de\/wp-content\/uploads\/2025\/07\/Bilderalbum-Abitur-2025-17-7-1440x1080.avif 1440w\" sizes=\"(min-width: 768px) 720px, (min-width: 576px) 540px, calc(100vw - 32px)\" type=\"image\/avif\">\n    \n    \n    <img src=\"https:\/\/www.schlosstorgelow.de\/wp-content\/uploads\/2025\/07\/Bilderalbum-Abitur-2025-17-7-720x540.avif\"\n         srcset=\"https:\/\/www.schlosstorgelow.de\/wp-content\/uploads\/2025\/07\/Bilderalbum-Abitur-2025-17-7-320x240.avif 320w, https:\/\/www.schlosstorgelow.de\/wp-content\/uploads\/2025\/07\/Bilderalbum-Abitur-2025-17-7-540x405.avif 540w, https:\/\/www.schlosstorgelow.de\/wp-content\/uploads\/2025\/07\/Bilderalbum-Abitur-2025-17-7-640x480.avif 640w, https:\/\/www.schlosstorgelow.de\/wp-content\/uploads\/2025\/07\/Bilderalbum-Abitur-2025-17-7-720x540.avif 720w, https:\/\/www.schlosstorgelow.de\/wp-content\/uploads\/2025\/07\/Bilderalbum-Abitur-2025-17-7-1080x810.avif 1080w, https:\/\/www.schlosstorgelow.de\/wp-content\/uploads\/2025\/07\/Bilderalbum-Abitur-2025-17-7-1440x1080.avif 1440w\"         sizes=\"auto, (min-width: 768px) 720px, (min-width: 576px) 540px, calc(100vw - 32px)\"         alt=\"Foto\u011fraf alb\u00fcm\u00fc 2025 Lise Mezuniyeti\"\n         title=\"Foto\u011fraf alb\u00fcm\u00fc 2025 Lise Mezuniyeti\"\n         width=\"720\"\n         height=\"540\"\n          loading=\"lazy\" decoding=\"async\">\n<\/picture>\n                                <\/a>\n                                                                                    <a data-fslightbox href=\"https:\/\/www.schlosstorgelow.de\/wp-content\/uploads\/2025\/07\/Bilderalbum-Abitur-2025-18-7.avif\" aria-label=\"Image gallery\">\n                                    \n<picture>\n            <source media=\"(max-width: 575.98px)\" srcset=\"https:\/\/www.schlosstorgelow.de\/wp-content\/uploads\/2025\/07\/Bilderalbum-Abitur-2025-18-7-320x240.avif 320w, https:\/\/www.schlosstorgelow.de\/wp-content\/uploads\/2025\/07\/Bilderalbum-Abitur-2025-18-7-540x405.avif 540w, https:\/\/www.schlosstorgelow.de\/wp-content\/uploads\/2025\/07\/Bilderalbum-Abitur-2025-18-7-640x480.avif 640w\" sizes=\"calc(100vw - 32px)\" type=\"image\/avif\">\n    \n            <source srcset=\"https:\/\/www.schlosstorgelow.de\/wp-content\/uploads\/2025\/07\/Bilderalbum-Abitur-2025-18-7-320x240.avif 320w, https:\/\/www.schlosstorgelow.de\/wp-content\/uploads\/2025\/07\/Bilderalbum-Abitur-2025-18-7-540x405.avif 540w, https:\/\/www.schlosstorgelow.de\/wp-content\/uploads\/2025\/07\/Bilderalbum-Abitur-2025-18-7-640x480.avif 640w, https:\/\/www.schlosstorgelow.de\/wp-content\/uploads\/2025\/07\/Bilderalbum-Abitur-2025-18-7-720x540.avif 720w, https:\/\/www.schlosstorgelow.de\/wp-content\/uploads\/2025\/07\/Bilderalbum-Abitur-2025-18-7-1080x810.avif 1080w, https:\/\/www.schlosstorgelow.de\/wp-content\/uploads\/2025\/07\/Bilderalbum-Abitur-2025-18-7-1440x1080.avif 1440w\" sizes=\"(min-width: 768px) 720px, (min-width: 576px) 540px, calc(100vw - 32px)\" type=\"image\/avif\">\n    \n    \n    <img src=\"https:\/\/www.schlosstorgelow.de\/wp-content\/uploads\/2025\/07\/Bilderalbum-Abitur-2025-18-7-720x540.avif\"\n         srcset=\"https:\/\/www.schlosstorgelow.de\/wp-content\/uploads\/2025\/07\/Bilderalbum-Abitur-2025-18-7-320x240.avif 320w, https:\/\/www.schlosstorgelow.de\/wp-content\/uploads\/2025\/07\/Bilderalbum-Abitur-2025-18-7-540x405.avif 540w, https:\/\/www.schlosstorgelow.de\/wp-content\/uploads\/2025\/07\/Bilderalbum-Abitur-2025-18-7-640x480.avif 640w, https:\/\/www.schlosstorgelow.de\/wp-content\/uploads\/2025\/07\/Bilderalbum-Abitur-2025-18-7-720x540.avif 720w, https:\/\/www.schlosstorgelow.de\/wp-content\/uploads\/2025\/07\/Bilderalbum-Abitur-2025-18-7-1080x810.avif 1080w, https:\/\/www.schlosstorgelow.de\/wp-content\/uploads\/2025\/07\/Bilderalbum-Abitur-2025-18-7-1440x1080.avif 1440w\"         sizes=\"auto, (min-width: 768px) 720px, (min-width: 576px) 540px, calc(100vw - 32px)\"         alt=\"Foto\u011fraf alb\u00fcm\u00fc 2025 Lise Mezuniyeti\"\n         title=\"Foto\u011fraf alb\u00fcm\u00fc 2025 Lise Mezuniyeti\"\n         width=\"720\"\n         height=\"540\"\n          loading=\"lazy\" decoding=\"async\">\n<\/picture>\n                                <\/a>\n                                                                                    <a data-fslightbox href=\"https:\/\/www.schlosstorgelow.de\/wp-content\/uploads\/2025\/07\/Bilderalbum-Abitur-2025-19-7.avif\" aria-label=\"Image gallery\">\n                                    \n<picture>\n            <source media=\"(max-width: 575.98px)\" srcset=\"https:\/\/www.schlosstorgelow.de\/wp-content\/uploads\/2025\/07\/Bilderalbum-Abitur-2025-19-7-320x240.avif 320w, https:\/\/www.schlosstorgelow.de\/wp-content\/uploads\/2025\/07\/Bilderalbum-Abitur-2025-19-7-540x405.avif 540w, https:\/\/www.schlosstorgelow.de\/wp-content\/uploads\/2025\/07\/Bilderalbum-Abitur-2025-19-7-640x480.avif 640w\" sizes=\"calc(100vw - 32px)\" type=\"image\/avif\">\n    \n            <source srcset=\"https:\/\/www.schlosstorgelow.de\/wp-content\/uploads\/2025\/07\/Bilderalbum-Abitur-2025-19-7-320x240.avif 320w, https:\/\/www.schlosstorgelow.de\/wp-content\/uploads\/2025\/07\/Bilderalbum-Abitur-2025-19-7-540x405.avif 540w, https:\/\/www.schlosstorgelow.de\/wp-content\/uploads\/2025\/07\/Bilderalbum-Abitur-2025-19-7-640x480.avif 640w, https:\/\/www.schlosstorgelow.de\/wp-content\/uploads\/2025\/07\/Bilderalbum-Abitur-2025-19-7-720x540.avif 720w, https:\/\/www.schlosstorgelow.de\/wp-content\/uploads\/2025\/07\/Bilderalbum-Abitur-2025-19-7-1080x810.avif 1080w, https:\/\/www.schlosstorgelow.de\/wp-content\/uploads\/2025\/07\/Bilderalbum-Abitur-2025-19-7-1440x1080.avif 1440w\" sizes=\"(min-width: 768px) 720px, (min-width: 576px) 540px, calc(100vw - 32px)\" type=\"image\/avif\">\n    \n    \n    <img src=\"https:\/\/www.schlosstorgelow.de\/wp-content\/uploads\/2025\/07\/Bilderalbum-Abitur-2025-19-7-720x540.avif\"\n         srcset=\"https:\/\/www.schlosstorgelow.de\/wp-content\/uploads\/2025\/07\/Bilderalbum-Abitur-2025-19-7-320x240.avif 320w, https:\/\/www.schlosstorgelow.de\/wp-content\/uploads\/2025\/07\/Bilderalbum-Abitur-2025-19-7-540x405.avif 540w, https:\/\/www.schlosstorgelow.de\/wp-content\/uploads\/2025\/07\/Bilderalbum-Abitur-2025-19-7-640x480.avif 640w, https:\/\/www.schlosstorgelow.de\/wp-content\/uploads\/2025\/07\/Bilderalbum-Abitur-2025-19-7-720x540.avif 720w, https:\/\/www.schlosstorgelow.de\/wp-content\/uploads\/2025\/07\/Bilderalbum-Abitur-2025-19-7-1080x810.avif 1080w, https:\/\/www.schlosstorgelow.de\/wp-content\/uploads\/2025\/07\/Bilderalbum-Abitur-2025-19-7-1440x1080.avif 1440w\"         sizes=\"auto, (min-width: 768px) 720px, (min-width: 576px) 540px, calc(100vw - 32px)\"         alt=\"Foto\u011fraf alb\u00fcm\u00fc 2025 Lise Mezuniyeti\"\n         title=\"Foto\u011fraf alb\u00fcm\u00fc 2025 Lise Mezuniyeti\"\n         width=\"720\"\n         height=\"540\"\n          loading=\"lazy\" decoding=\"async\">\n<\/picture>\n                                <\/a>\n                                                                                    <a data-fslightbox href=\"https:\/\/www.schlosstorgelow.de\/wp-content\/uploads\/2025\/07\/Bilderalbum-Abitur-2025-20-7.avif\" aria-label=\"Image gallery\">\n                                    \n<picture>\n            <source media=\"(max-width: 575.98px)\" srcset=\"https:\/\/www.schlosstorgelow.de\/wp-content\/uploads\/2025\/07\/Bilderalbum-Abitur-2025-20-7-320x240.avif 320w, https:\/\/www.schlosstorgelow.de\/wp-content\/uploads\/2025\/07\/Bilderalbum-Abitur-2025-20-7-540x405.avif 540w, https:\/\/www.schlosstorgelow.de\/wp-content\/uploads\/2025\/07\/Bilderalbum-Abitur-2025-20-7-640x480.avif 640w\" sizes=\"calc(100vw - 32px)\" type=\"image\/avif\">\n    \n            <source srcset=\"https:\/\/www.schlosstorgelow.de\/wp-content\/uploads\/2025\/07\/Bilderalbum-Abitur-2025-20-7-320x240.avif 320w, https:\/\/www.schlosstorgelow.de\/wp-content\/uploads\/2025\/07\/Bilderalbum-Abitur-2025-20-7-540x405.avif 540w, https:\/\/www.schlosstorgelow.de\/wp-content\/uploads\/2025\/07\/Bilderalbum-Abitur-2025-20-7-640x480.avif 640w, https:\/\/www.schlosstorgelow.de\/wp-content\/uploads\/2025\/07\/Bilderalbum-Abitur-2025-20-7-720x540.avif 720w, https:\/\/www.schlosstorgelow.de\/wp-content\/uploads\/2025\/07\/Bilderalbum-Abitur-2025-20-7-1080x810.avif 1080w, https:\/\/www.schlosstorgelow.de\/wp-content\/uploads\/2025\/07\/Bilderalbum-Abitur-2025-20-7-1440x1080.avif 1440w\" sizes=\"(min-width: 768px) 720px, (min-width: 576px) 540px, calc(100vw - 32px)\" type=\"image\/avif\">\n    \n    \n    <img src=\"https:\/\/www.schlosstorgelow.de\/wp-content\/uploads\/2025\/07\/Bilderalbum-Abitur-2025-20-7-720x540.avif\"\n         srcset=\"https:\/\/www.schlosstorgelow.de\/wp-content\/uploads\/2025\/07\/Bilderalbum-Abitur-2025-20-7-320x240.avif 320w, https:\/\/www.schlosstorgelow.de\/wp-content\/uploads\/2025\/07\/Bilderalbum-Abitur-2025-20-7-540x405.avif 540w, https:\/\/www.schlosstorgelow.de\/wp-content\/uploads\/2025\/07\/Bilderalbum-Abitur-2025-20-7-640x480.avif 640w, https:\/\/www.schlosstorgelow.de\/wp-content\/uploads\/2025\/07\/Bilderalbum-Abitur-2025-20-7-720x540.avif 720w, https:\/\/www.schlosstorgelow.de\/wp-content\/uploads\/2025\/07\/Bilderalbum-Abitur-2025-20-7-1080x810.avif 1080w, https:\/\/www.schlosstorgelow.de\/wp-content\/uploads\/2025\/07\/Bilderalbum-Abitur-2025-20-7-1440x1080.avif 1440w\"         sizes=\"auto, (min-width: 768px) 720px, (min-width: 576px) 540px, calc(100vw - 32px)\"         alt=\"Foto\u011fraf alb\u00fcm\u00fc 2025 Lise Mezuniyeti\"\n         title=\"Foto\u011fraf alb\u00fcm\u00fc 2025 Lise Mezuniyeti\"\n         width=\"720\"\n         height=\"540\"\n          loading=\"lazy\" decoding=\"async\">\n<\/picture>\n                                <\/a>\n                                                                                    <a data-fslightbox href=\"https:\/\/www.schlosstorgelow.de\/wp-content\/uploads\/2025\/07\/Bilderalbum-Abitur-2025-21-7.avif\" aria-label=\"Image gallery\">\n                                    \n<picture>\n            <source media=\"(max-width: 575.98px)\" srcset=\"https:\/\/www.schlosstorgelow.de\/wp-content\/uploads\/2025\/07\/Bilderalbum-Abitur-2025-21-7-320x240.avif 320w, https:\/\/www.schlosstorgelow.de\/wp-content\/uploads\/2025\/07\/Bilderalbum-Abitur-2025-21-7-540x405.avif 540w, https:\/\/www.schlosstorgelow.de\/wp-content\/uploads\/2025\/07\/Bilderalbum-Abitur-2025-21-7-640x480.avif 640w\" sizes=\"calc(100vw - 32px)\" type=\"image\/avif\">\n    \n            <source srcset=\"https:\/\/www.schlosstorgelow.de\/wp-content\/uploads\/2025\/07\/Bilderalbum-Abitur-2025-21-7-320x240.avif 320w, https:\/\/www.schlosstorgelow.de\/wp-content\/uploads\/2025\/07\/Bilderalbum-Abitur-2025-21-7-540x405.avif 540w, https:\/\/www.schlosstorgelow.de\/wp-content\/uploads\/2025\/07\/Bilderalbum-Abitur-2025-21-7-640x480.avif 640w, https:\/\/www.schlosstorgelow.de\/wp-content\/uploads\/2025\/07\/Bilderalbum-Abitur-2025-21-7-720x540.avif 720w, https:\/\/www.schlosstorgelow.de\/wp-content\/uploads\/2025\/07\/Bilderalbum-Abitur-2025-21-7-1080x810.avif 1080w, https:\/\/www.schlosstorgelow.de\/wp-content\/uploads\/2025\/07\/Bilderalbum-Abitur-2025-21-7-1440x1080.avif 1440w\" sizes=\"(min-width: 768px) 720px, (min-width: 576px) 540px, calc(100vw - 32px)\" type=\"image\/avif\">\n    \n    \n    <img src=\"https:\/\/www.schlosstorgelow.de\/wp-content\/uploads\/2025\/07\/Bilderalbum-Abitur-2025-21-7-720x540.avif\"\n         srcset=\"https:\/\/www.schlosstorgelow.de\/wp-content\/uploads\/2025\/07\/Bilderalbum-Abitur-2025-21-7-320x240.avif 320w, https:\/\/www.schlosstorgelow.de\/wp-content\/uploads\/2025\/07\/Bilderalbum-Abitur-2025-21-7-540x405.avif 540w, https:\/\/www.schlosstorgelow.de\/wp-content\/uploads\/2025\/07\/Bilderalbum-Abitur-2025-21-7-640x480.avif 640w, https:\/\/www.schlosstorgelow.de\/wp-content\/uploads\/2025\/07\/Bilderalbum-Abitur-2025-21-7-720x540.avif 720w, https:\/\/www.schlosstorgelow.de\/wp-content\/uploads\/2025\/07\/Bilderalbum-Abitur-2025-21-7-1080x810.avif 1080w, https:\/\/www.schlosstorgelow.de\/wp-content\/uploads\/2025\/07\/Bilderalbum-Abitur-2025-21-7-1440x1080.avif 1440w\"         sizes=\"auto, (min-width: 768px) 720px, (min-width: 576px) 540px, calc(100vw - 32px)\"         alt=\"Foto\u011fraf alb\u00fcm\u00fc 2025 Lise Mezuniyeti\"\n         title=\"Foto\u011fraf alb\u00fcm\u00fc 2025 Lise Mezuniyeti\"\n         width=\"720\"\n         height=\"540\"\n          loading=\"lazy\" decoding=\"async\">\n<\/picture>\n                                <\/a>\n                                                                                    <a data-fslightbox href=\"https:\/\/www.schlosstorgelow.de\/wp-content\/uploads\/2025\/07\/Bilderalbum-Abitur-2025-22-7.avif\" aria-label=\"Image gallery\">\n                                    \n<picture>\n            <source media=\"(max-width: 575.98px)\" srcset=\"https:\/\/www.schlosstorgelow.de\/wp-content\/uploads\/2025\/07\/Bilderalbum-Abitur-2025-22-7-320x240.avif 320w, https:\/\/www.schlosstorgelow.de\/wp-content\/uploads\/2025\/07\/Bilderalbum-Abitur-2025-22-7-540x405.avif 540w, https:\/\/www.schlosstorgelow.de\/wp-content\/uploads\/2025\/07\/Bilderalbum-Abitur-2025-22-7-640x480.avif 640w\" sizes=\"calc(100vw - 32px)\" type=\"image\/avif\">\n    \n            <source srcset=\"https:\/\/www.schlosstorgelow.de\/wp-content\/uploads\/2025\/07\/Bilderalbum-Abitur-2025-22-7-320x240.avif 320w, https:\/\/www.schlosstorgelow.de\/wp-content\/uploads\/2025\/07\/Bilderalbum-Abitur-2025-22-7-540x405.avif 540w, https:\/\/www.schlosstorgelow.de\/wp-content\/uploads\/2025\/07\/Bilderalbum-Abitur-2025-22-7-640x480.avif 640w, https:\/\/www.schlosstorgelow.de\/wp-content\/uploads\/2025\/07\/Bilderalbum-Abitur-2025-22-7-720x540.avif 720w, https:\/\/www.schlosstorgelow.de\/wp-content\/uploads\/2025\/07\/Bilderalbum-Abitur-2025-22-7-1080x810.avif 1080w, https:\/\/www.schlosstorgelow.de\/wp-content\/uploads\/2025\/07\/Bilderalbum-Abitur-2025-22-7-1440x1080.avif 1440w\" sizes=\"(min-width: 768px) 720px, (min-width: 576px) 540px, calc(100vw - 32px)\" type=\"image\/avif\">\n    \n    \n    <img src=\"https:\/\/www.schlosstorgelow.de\/wp-content\/uploads\/2025\/07\/Bilderalbum-Abitur-2025-22-7-720x540.avif\"\n         srcset=\"https:\/\/www.schlosstorgelow.de\/wp-content\/uploads\/2025\/07\/Bilderalbum-Abitur-2025-22-7-320x240.avif 320w, https:\/\/www.schlosstorgelow.de\/wp-content\/uploads\/2025\/07\/Bilderalbum-Abitur-2025-22-7-540x405.avif 540w, https:\/\/www.schlosstorgelow.de\/wp-content\/uploads\/2025\/07\/Bilderalbum-Abitur-2025-22-7-640x480.avif 640w, https:\/\/www.schlosstorgelow.de\/wp-content\/uploads\/2025\/07\/Bilderalbum-Abitur-2025-22-7-720x540.avif 720w, https:\/\/www.schlosstorgelow.de\/wp-content\/uploads\/2025\/07\/Bilderalbum-Abitur-2025-22-7-1080x810.avif 1080w, https:\/\/www.schlosstorgelow.de\/wp-content\/uploads\/2025\/07\/Bilderalbum-Abitur-2025-22-7-1440x1080.avif 1440w\"         sizes=\"auto, (min-width: 768px) 720px, (min-width: 576px) 540px, calc(100vw - 32px)\"         alt=\"Foto\u011fraf alb\u00fcm\u00fc 2025 Lise Mezuniyeti\"\n         title=\"Foto\u011fraf alb\u00fcm\u00fc 2025 Lise Mezuniyeti\"\n         width=\"720\"\n         height=\"540\"\n          loading=\"lazy\" decoding=\"async\">\n<\/picture>\n                                <\/a>\n                                                                                    <a data-fslightbox href=\"https:\/\/www.schlosstorgelow.de\/wp-content\/uploads\/2025\/07\/Bilderalbum-Abitur-2025-23-7.avif\" aria-label=\"Image gallery\">\n                                    \n<picture>\n            <source media=\"(max-width: 575.98px)\" srcset=\"https:\/\/www.schlosstorgelow.de\/wp-content\/uploads\/2025\/07\/Bilderalbum-Abitur-2025-23-7-320x240.avif 320w, https:\/\/www.schlosstorgelow.de\/wp-content\/uploads\/2025\/07\/Bilderalbum-Abitur-2025-23-7-540x405.avif 540w, https:\/\/www.schlosstorgelow.de\/wp-content\/uploads\/2025\/07\/Bilderalbum-Abitur-2025-23-7-640x480.avif 640w\" sizes=\"calc(100vw - 32px)\" type=\"image\/avif\">\n    \n            <source srcset=\"https:\/\/www.schlosstorgelow.de\/wp-content\/uploads\/2025\/07\/Bilderalbum-Abitur-2025-23-7-320x240.avif 320w, https:\/\/www.schlosstorgelow.de\/wp-content\/uploads\/2025\/07\/Bilderalbum-Abitur-2025-23-7-540x405.avif 540w, https:\/\/www.schlosstorgelow.de\/wp-content\/uploads\/2025\/07\/Bilderalbum-Abitur-2025-23-7-640x480.avif 640w, https:\/\/www.schlosstorgelow.de\/wp-content\/uploads\/2025\/07\/Bilderalbum-Abitur-2025-23-7-720x540.avif 720w, https:\/\/www.schlosstorgelow.de\/wp-content\/uploads\/2025\/07\/Bilderalbum-Abitur-2025-23-7-1080x810.avif 1080w, https:\/\/www.schlosstorgelow.de\/wp-content\/uploads\/2025\/07\/Bilderalbum-Abitur-2025-23-7-1440x1080.avif 1440w\" sizes=\"(min-width: 768px) 720px, (min-width: 576px) 540px, calc(100vw - 32px)\" type=\"image\/avif\">\n    \n    \n    <img src=\"https:\/\/www.schlosstorgelow.de\/wp-content\/uploads\/2025\/07\/Bilderalbum-Abitur-2025-23-7-720x540.avif\"\n         srcset=\"https:\/\/www.schlosstorgelow.de\/wp-content\/uploads\/2025\/07\/Bilderalbum-Abitur-2025-23-7-320x240.avif 320w, https:\/\/www.schlosstorgelow.de\/wp-content\/uploads\/2025\/07\/Bilderalbum-Abitur-2025-23-7-540x405.avif 540w, https:\/\/www.schlosstorgelow.de\/wp-content\/uploads\/2025\/07\/Bilderalbum-Abitur-2025-23-7-640x480.avif 640w, https:\/\/www.schlosstorgelow.de\/wp-content\/uploads\/2025\/07\/Bilderalbum-Abitur-2025-23-7-720x540.avif 720w, https:\/\/www.schlosstorgelow.de\/wp-content\/uploads\/2025\/07\/Bilderalbum-Abitur-2025-23-7-1080x810.avif 1080w, https:\/\/www.schlosstorgelow.de\/wp-content\/uploads\/2025\/07\/Bilderalbum-Abitur-2025-23-7-1440x1080.avif 1440w\"         sizes=\"auto, (min-width: 768px) 720px, (min-width: 576px) 540px, calc(100vw - 32px)\"         alt=\"Foto\u011fraf alb\u00fcm\u00fc 2025 Lise Mezuniyeti\"\n         title=\"Foto\u011fraf alb\u00fcm\u00fc 2025 Lise Mezuniyeti\"\n         width=\"720\"\n         height=\"540\"\n          loading=\"lazy\" decoding=\"async\">\n<\/picture>\n                                <\/a>\n                                                                                    <a data-fslightbox href=\"https:\/\/www.schlosstorgelow.de\/wp-content\/uploads\/2025\/07\/Bilderalbum-Abitur-2025-24-7.avif\" aria-label=\"Image gallery\">\n                                    \n<picture>\n            <source media=\"(max-width: 575.98px)\" srcset=\"https:\/\/www.schlosstorgelow.de\/wp-content\/uploads\/2025\/07\/Bilderalbum-Abitur-2025-24-7-320x240.avif 320w, https:\/\/www.schlosstorgelow.de\/wp-content\/uploads\/2025\/07\/Bilderalbum-Abitur-2025-24-7-540x405.avif 540w, https:\/\/www.schlosstorgelow.de\/wp-content\/uploads\/2025\/07\/Bilderalbum-Abitur-2025-24-7-640x480.avif 640w\" sizes=\"calc(100vw - 32px)\" type=\"image\/avif\">\n    \n            <source srcset=\"https:\/\/www.schlosstorgelow.de\/wp-content\/uploads\/2025\/07\/Bilderalbum-Abitur-2025-24-7-320x240.avif 320w, https:\/\/www.schlosstorgelow.de\/wp-content\/uploads\/2025\/07\/Bilderalbum-Abitur-2025-24-7-540x405.avif 540w, https:\/\/www.schlosstorgelow.de\/wp-content\/uploads\/2025\/07\/Bilderalbum-Abitur-2025-24-7-640x480.avif 640w, https:\/\/www.schlosstorgelow.de\/wp-content\/uploads\/2025\/07\/Bilderalbum-Abitur-2025-24-7-720x540.avif 720w, https:\/\/www.schlosstorgelow.de\/wp-content\/uploads\/2025\/07\/Bilderalbum-Abitur-2025-24-7-1080x810.avif 1080w, https:\/\/www.schlosstorgelow.de\/wp-content\/uploads\/2025\/07\/Bilderalbum-Abitur-2025-24-7-1440x1080.avif 1440w\" sizes=\"(min-width: 768px) 720px, (min-width: 576px) 540px, calc(100vw - 32px)\" type=\"image\/avif\">\n    \n    \n    <img src=\"https:\/\/www.schlosstorgelow.de\/wp-content\/uploads\/2025\/07\/Bilderalbum-Abitur-2025-24-7-720x540.avif\"\n         srcset=\"https:\/\/www.schlosstorgelow.de\/wp-content\/uploads\/2025\/07\/Bilderalbum-Abitur-2025-24-7-320x240.avif 320w, https:\/\/www.schlosstorgelow.de\/wp-content\/uploads\/2025\/07\/Bilderalbum-Abitur-2025-24-7-540x405.avif 540w, https:\/\/www.schlosstorgelow.de\/wp-content\/uploads\/2025\/07\/Bilderalbum-Abitur-2025-24-7-640x480.avif 640w, https:\/\/www.schlosstorgelow.de\/wp-content\/uploads\/2025\/07\/Bilderalbum-Abitur-2025-24-7-720x540.avif 720w, https:\/\/www.schlosstorgelow.de\/wp-content\/uploads\/2025\/07\/Bilderalbum-Abitur-2025-24-7-1080x810.avif 1080w, https:\/\/www.schlosstorgelow.de\/wp-content\/uploads\/2025\/07\/Bilderalbum-Abitur-2025-24-7-1440x1080.avif 1440w\"         sizes=\"auto, (min-width: 768px) 720px, (min-width: 576px) 540px, calc(100vw - 32px)\"         alt=\"Foto\u011fraf alb\u00fcm\u00fc 2025 Lise Mezuniyeti\"\n         title=\"Foto\u011fraf alb\u00fcm\u00fc 2025 Lise Mezuniyeti\"\n         width=\"720\"\n         height=\"540\"\n          loading=\"lazy\" decoding=\"async\">\n<\/picture>\n                                <\/a>\n                                                                        <\/div>\n                            <\/div>\n        <\/div>\n    <\/div>\n<\/section>","protected":false},"excerpt":{"rendered":"<p>Resmi mezuniyet foto\u011fraflar\u0131 elbette var &#8211; bunlar mutlaka yer almal\u0131. Ama bazen kenarda, k\u00fc\u00e7\u00fck ve sessiz anlar kalpte daha \u00f6zel kal\u0131r. <\/p>\n","protected":false},"author":1,"featured_media":66079,"comment_status":"closed","ping_status":"closed","sticky":false,"template":"","format":"standard","meta":{"_acf_changed":false,"_yoast_wpseo_title":"Benim tamamen ki\u015fisel Abitur an\u0131lar\u0131m 2025","_yoast_wpseo_metadesc":"Resmi mezuniyet foto\u011fraflar\u0131 elbette vard\u0131r \u2013 bunlar bir par\u00e7a olarak kabul edilir. Ama bazen kenardaki k\u00fc\u00e7\u00fck, sessiz anlar \u00f6nemlidir.","excerpt":"Resmi mezuniyet foto\u011fraflar\u0131 elbette var - bunlar mutlaka yer almal\u0131. Ama bazen kenarda, k\u00fc\u00e7\u00fck ve sessiz anlar kalpte daha \u00f6zel kal\u0131r. ","footnotes":""},"categories":[34],"tags":[],"class_list":{"0":"post-82694","1":"post","2":"type-post","3":"status-publish","4":"format-standard","5":"has-post-thumbnail","7":"category-torgelow-haberleri"},"acf":[],"yoast_head":"<!-- This site is optimized with the Yoast SEO plugin v26.9 - https:\/\/yoast.com\/product\/yoast-seo-wordpress\/ -->\n<title>Benim tamamen ki\u015fisel Abitur an\u0131lar\u0131m 2025<\/title>\n<meta name=\"description\" content=\"Resmi mezuniyet foto\u011fraflar\u0131 elbette vard\u0131r \u2013 bunlar bir par\u00e7a olarak kabul edilir. Ama bazen kenardaki k\u00fc\u00e7\u00fck, sessiz anlar \u00f6nemlidir.\" \/>\n<meta name=\"robots\" content=\"index, follow, max-snippet:-1, max-image-preview:large, max-video-preview:-1\" \/>\n<link rel=\"canonical\" href=\"https:\/\/www.schlosstorgelow.de\/tr\/benim-tamamen-kisisel-abitur-anilarim-2025\" \/>\n<meta property=\"og:locale\" content=\"tr_TR\" \/>\n<meta property=\"og:type\" content=\"article\" \/>\n<meta property=\"og:title\" content=\"Benim tamamen ki\u015fisel Abitur an\u0131lar\u0131m 2025\" \/>\n<meta property=\"og:description\" content=\"Resmi mezuniyet foto\u011fraflar\u0131 elbette vard\u0131r \u2013 bunlar bir par\u00e7a olarak kabul edilir. Ama bazen kenardaki k\u00fc\u00e7\u00fck, sessiz anlar \u00f6nemlidir.\" \/>\n<meta property=\"og:url\" content=\"https:\/\/www.schlosstorgelow.de\/tr\/benim-tamamen-kisisel-abitur-anilarim-2025\" \/>\n<meta property=\"og:site_name\" content=\"Schloss Torgelow\" \/>\n<meta property=\"article:published_time\" content=\"2025-07-16T12:37:30+00:00\" \/>\n<meta property=\"article:modified_time\" content=\"2026-01-12T08:54:20+00:00\" \/>\n<meta name=\"author\" content=\"Schloss Torgelow\" \/>\n<meta name=\"twitter:card\" content=\"summary_large_image\" \/>\n<meta name=\"twitter:label1\" content=\"Yazan:\" \/>\n\t<meta name=\"twitter:data1\" content=\"Schloss Torgelow\" \/>\n<script type=\"application\/ld+json\" class=\"yoast-schema-graph\">{\"@context\":\"https:\/\/schema.org\",\"@graph\":[{\"@type\":\"Article\",\"@id\":\"https:\/\/www.schlosstorgelow.de\/tr\/benim-tamamen-kisisel-abitur-anilarim-2025#article\",\"isPartOf\":{\"@id\":\"https:\/\/www.schlosstorgelow.de\/tr\/benim-tamamen-kisisel-abitur-anilarim-2025\"},\"author\":{\"name\":\"Schloss Torgelow\",\"@id\":\"https:\/\/www.schlosstorgelow.de\/tr#\/schema\/person\/b76bbb367f3a20c7ced1339e4875691e\"},\"headline\":\"Benim tamamen ki\u015fisel Abitur an\u0131lar\u0131m 2025\",\"datePublished\":\"2025-07-16T12:37:30+00:00\",\"dateModified\":\"2026-01-12T08:54:20+00:00\",\"mainEntityOfPage\":{\"@id\":\"https:\/\/www.schlosstorgelow.de\/tr\/benim-tamamen-kisisel-abitur-anilarim-2025\"},\"wordCount\":75,\"image\":{\"@id\":\"https:\/\/www.schlosstorgelow.de\/tr\/benim-tamamen-kisisel-abitur-anilarim-2025#primaryimage\"},\"thumbnailUrl\":\"https:\/\/www.schlosstorgelow.de\/wp-content\/uploads\/2025\/08\/fotogalerie-abi-2025_header_st.avif\",\"articleSection\":[\"Torgelow Haberleri\"],\"inLanguage\":\"tr\"},{\"@type\":\"WebPage\",\"@id\":\"https:\/\/www.schlosstorgelow.de\/tr\/benim-tamamen-kisisel-abitur-anilarim-2025#webpage\",\"url\":\"https:\/\/www.schlosstorgelow.de\/tr\/benim-tamamen-kisisel-abitur-anilarim-2025\",\"name\":\"Benim tamamen ki\u015fisel Abitur an\u0131lar\u0131m 2025\",\"isPartOf\":{\"@id\":\"https:\/\/www.schlosstorgelow.de\/tr#website\"},\"primaryImageOfPage\":{\"@id\":\"https:\/\/www.schlosstorgelow.de\/tr\/benim-tamamen-kisisel-abitur-anilarim-2025#primaryimage\"},\"image\":{\"@id\":\"https:\/\/www.schlosstorgelow.de\/tr\/benim-tamamen-kisisel-abitur-anilarim-2025#primaryimage\"},\"thumbnailUrl\":\"https:\/\/www.schlosstorgelow.de\/wp-content\/uploads\/2025\/08\/fotogalerie-abi-2025_header_st.avif\",\"datePublished\":\"2025-07-16T12:37:30+00:00\",\"dateModified\":\"2026-01-12T08:54:20+00:00\",\"author\":{\"@id\":\"https:\/\/www.schlosstorgelow.de\/tr#\/schema\/person\/b76bbb367f3a20c7ced1339e4875691e\"},\"description\":\"Resmi mezuniyet foto\u011fraflar\u0131 elbette vard\u0131r \u2013 bunlar bir par\u00e7a olarak kabul edilir. Ama bazen kenardaki k\u00fc\u00e7\u00fck, sessiz anlar \u00f6nemlidir.\",\"breadcrumb\":{\"@id\":\"https:\/\/www.schlosstorgelow.de\/tr\/benim-tamamen-kisisel-abitur-anilarim-2025#breadcrumb\"},\"inLanguage\":\"tr\",\"potentialAction\":[{\"@type\":\"ReadAction\",\"target\":[\"https:\/\/www.schlosstorgelow.de\/tr\/benim-tamamen-kisisel-abitur-anilarim-2025\"]}]},{\"@type\":\"ImageObject\",\"inLanguage\":\"tr\",\"@id\":\"https:\/\/www.schlosstorgelow.de\/tr\/benim-tamamen-kisisel-abitur-anilarim-2025#primaryimage\",\"url\":\"https:\/\/www.schlosstorgelow.de\/wp-content\/uploads\/2025\/08\/fotogalerie-abi-2025_header_st.avif\",\"contentUrl\":\"https:\/\/www.schlosstorgelow.de\/wp-content\/uploads\/2025\/08\/fotogalerie-abi-2025_header_st.avif\",\"width\":1920,\"height\":1080,\"caption\":\"Benim tamamen ki\u015fisel Abitur an\u0131lar\u0131m 2025\"},{\"@type\":\"BreadcrumbList\",\"@id\":\"https:\/\/www.schlosstorgelow.de\/tr\/benim-tamamen-kisisel-abitur-anilarim-2025#breadcrumb\",\"itemListElement\":[{\"@type\":\"ListItem\",\"position\":1,\"name\":\"Startseite\",\"item\":\"https:\/\/www.schlosstorgelow.de\/tr\"},{\"@type\":\"ListItem\",\"position\":2,\"name\":\"Benim tamamen ki\u015fisel Abitur an\u0131lar\u0131m 2025\"}]},{\"@type\":\"WebSite\",\"@id\":\"https:\/\/www.schlosstorgelow.de\/tr#website\",\"url\":\"https:\/\/www.schlosstorgelow.de\/tr\",\"name\":\"Schloss Torgelow\",\"description\":\"\u00d6zel yat\u0131l\u0131 lise Schloss Torgelow \u2013 zorluklar\u0131 seven \u00f6\u011frenciler i\u00e7in yat\u0131l\u0131 okul.\",\"potentialAction\":[{\"@type\":\"SearchAction\",\"target\":{\"@type\":\"EntryPoint\",\"urlTemplate\":\"https:\/\/www.schlosstorgelow.de\/tr?s={search_term_string}\"},\"query-input\":{\"@type\":\"PropertyValueSpecification\",\"valueRequired\":true,\"valueName\":\"search_term_string\"}}],\"inLanguage\":\"tr\"},{\"@type\":\"Person\",\"@id\":\"https:\/\/www.schlosstorgelow.de\/tr#\/schema\/person\/b76bbb367f3a20c7ced1339e4875691e\",\"name\":\"Schloss Torgelow\",\"image\":{\"@type\":\"ImageObject\",\"inLanguage\":\"tr\",\"@id\":\"https:\/\/www.schlosstorgelow.de\/tr#\/schema\/person\/image\/\",\"url\":\"https:\/\/secure.gravatar.com\/avatar\/4bad9bf1bee90f77b98693d3ad03ade085c80c169595427c58c58e5b069f49e1?s=96&d=mm&r=g\",\"contentUrl\":\"https:\/\/secure.gravatar.com\/avatar\/4bad9bf1bee90f77b98693d3ad03ade085c80c169595427c58c58e5b069f49e1?s=96&d=mm&r=g\",\"caption\":\"Schloss Torgelow\"},\"sameAs\":[\"https:\/\/www.schlosstorgelow.de\"]}]}<\/script>\n<!-- \/ Yoast SEO plugin. -->","yoast_head_json":{"title":"Benim tamamen ki\u015fisel Abitur an\u0131lar\u0131m 2025","description":"Resmi mezuniyet foto\u011fraflar\u0131 elbette vard\u0131r \u2013 bunlar bir par\u00e7a olarak kabul edilir. Ama bazen kenardaki k\u00fc\u00e7\u00fck, sessiz anlar \u00f6nemlidir.","robots":{"index":"index","follow":"follow","max-snippet":"max-snippet:-1","max-image-preview":"max-image-preview:large","max-video-preview":"max-video-preview:-1"},"canonical":"https:\/\/www.schlosstorgelow.de\/tr\/benim-tamamen-kisisel-abitur-anilarim-2025","og_locale":"tr_TR","og_type":"article","og_title":"Benim tamamen ki\u015fisel Abitur an\u0131lar\u0131m 2025","og_description":"Resmi mezuniyet foto\u011fraflar\u0131 elbette vard\u0131r \u2013 bunlar bir par\u00e7a olarak kabul edilir. Ama bazen kenardaki k\u00fc\u00e7\u00fck, sessiz anlar \u00f6nemlidir.","og_url":"https:\/\/www.schlosstorgelow.de\/tr\/benim-tamamen-kisisel-abitur-anilarim-2025","og_site_name":"Schloss Torgelow","article_published_time":"2025-07-16T12:37:30+00:00","article_modified_time":"2026-01-12T08:54:20+00:00","author":"Schloss Torgelow","twitter_card":"summary_large_image","twitter_misc":{"Yazan:":"Schloss Torgelow"},"schema":{"@context":"https:\/\/schema.org","@graph":[{"@type":"Article","@id":"https:\/\/www.schlosstorgelow.de\/tr\/benim-tamamen-kisisel-abitur-anilarim-2025#article","isPartOf":{"@id":"https:\/\/www.schlosstorgelow.de\/tr\/benim-tamamen-kisisel-abitur-anilarim-2025"},"author":{"name":"Schloss Torgelow","@id":"https:\/\/www.schlosstorgelow.de\/tr#\/schema\/person\/b76bbb367f3a20c7ced1339e4875691e"},"headline":"Benim tamamen ki\u015fisel Abitur an\u0131lar\u0131m 2025","datePublished":"2025-07-16T12:37:30+00:00","dateModified":"2026-01-12T08:54:20+00:00","mainEntityOfPage":{"@id":"https:\/\/www.schlosstorgelow.de\/tr\/benim-tamamen-kisisel-abitur-anilarim-2025"},"wordCount":75,"image":{"@id":"https:\/\/www.schlosstorgelow.de\/tr\/benim-tamamen-kisisel-abitur-anilarim-2025#primaryimage"},"thumbnailUrl":"https:\/\/www.schlosstorgelow.de\/wp-content\/uploads\/2025\/08\/fotogalerie-abi-2025_header_st.avif","articleSection":["Torgelow Haberleri"],"inLanguage":"tr"},{"@type":"WebPage","@id":"https:\/\/www.schlosstorgelow.de\/tr\/benim-tamamen-kisisel-abitur-anilarim-2025#webpage","url":"https:\/\/www.schlosstorgelow.de\/tr\/benim-tamamen-kisisel-abitur-anilarim-2025","name":"Benim tamamen ki\u015fisel Abitur an\u0131lar\u0131m 2025","isPartOf":{"@id":"https:\/\/www.schlosstorgelow.de\/tr#website"},"primaryImageOfPage":{"@id":"https:\/\/www.schlosstorgelow.de\/tr\/benim-tamamen-kisisel-abitur-anilarim-2025#primaryimage"},"image":{"@id":"https:\/\/www.schlosstorgelow.de\/tr\/benim-tamamen-kisisel-abitur-anilarim-2025#primaryimage"},"thumbnailUrl":"https:\/\/www.schlosstorgelow.de\/wp-content\/uploads\/2025\/08\/fotogalerie-abi-2025_header_st.avif","datePublished":"2025-07-16T12:37:30+00:00","dateModified":"2026-01-12T08:54:20+00:00","author":{"@id":"https:\/\/www.schlosstorgelow.de\/tr#\/schema\/person\/b76bbb367f3a20c7ced1339e4875691e"},"description":"Resmi mezuniyet foto\u011fraflar\u0131 elbette vard\u0131r \u2013 bunlar bir par\u00e7a olarak kabul edilir. Ama bazen kenardaki k\u00fc\u00e7\u00fck, sessiz anlar \u00f6nemlidir.","breadcrumb":{"@id":"https:\/\/www.schlosstorgelow.de\/tr\/benim-tamamen-kisisel-abitur-anilarim-2025#breadcrumb"},"inLanguage":"tr","potentialAction":[{"@type":"ReadAction","target":["https:\/\/www.schlosstorgelow.de\/tr\/benim-tamamen-kisisel-abitur-anilarim-2025"]}]},{"@type":"ImageObject","inLanguage":"tr","@id":"https:\/\/www.schlosstorgelow.de\/tr\/benim-tamamen-kisisel-abitur-anilarim-2025#primaryimage","url":"https:\/\/www.schlosstorgelow.de\/wp-content\/uploads\/2025\/08\/fotogalerie-abi-2025_header_st.avif","contentUrl":"https:\/\/www.schlosstorgelow.de\/wp-content\/uploads\/2025\/08\/fotogalerie-abi-2025_header_st.avif","width":1920,"height":1080,"caption":"Benim tamamen ki\u015fisel Abitur an\u0131lar\u0131m 2025"},{"@type":"BreadcrumbList","@id":"https:\/\/www.schlosstorgelow.de\/tr\/benim-tamamen-kisisel-abitur-anilarim-2025#breadcrumb","itemListElement":[{"@type":"ListItem","position":1,"name":"Startseite","item":"https:\/\/www.schlosstorgelow.de\/tr"},{"@type":"ListItem","position":2,"name":"Benim tamamen ki\u015fisel Abitur an\u0131lar\u0131m 2025"}]},{"@type":"WebSite","@id":"https:\/\/www.schlosstorgelow.de\/tr#website","url":"https:\/\/www.schlosstorgelow.de\/tr","name":"Schloss Torgelow","description":"\u00d6zel yat\u0131l\u0131 lise Schloss Torgelow \u2013 zorluklar\u0131 seven \u00f6\u011frenciler i\u00e7in yat\u0131l\u0131 okul.","potentialAction":[{"@type":"SearchAction","target":{"@type":"EntryPoint","urlTemplate":"https:\/\/www.schlosstorgelow.de\/tr?s={search_term_string}"},"query-input":{"@type":"PropertyValueSpecification","valueRequired":true,"valueName":"search_term_string"}}],"inLanguage":"tr"},{"@type":"Person","@id":"https:\/\/www.schlosstorgelow.de\/tr#\/schema\/person\/b76bbb367f3a20c7ced1339e4875691e","name":"Schloss Torgelow","image":{"@type":"ImageObject","inLanguage":"tr","@id":"https:\/\/www.schlosstorgelow.de\/tr#\/schema\/person\/image\/","url":"https:\/\/secure.gravatar.com\/avatar\/4bad9bf1bee90f77b98693d3ad03ade085c80c169595427c58c58e5b069f49e1?s=96&d=mm&r=g","contentUrl":"https:\/\/secure.gravatar.com\/avatar\/4bad9bf1bee90f77b98693d3ad03ade085c80c169595427c58c58e5b069f49e1?s=96&d=mm&r=g","caption":"Schloss Torgelow"},"sameAs":["https:\/\/www.schlosstorgelow.de"]}]}},"block_visibility_meta":[],"_links":{"self":[{"href":"https:\/\/www.schlosstorgelow.de\/tr\/wp-json\/wp\/v2\/posts\/82694","targetHints":{"allow":["GET"]}}],"collection":[{"href":"https:\/\/www.schlosstorgelow.de\/tr\/wp-json\/wp\/v2\/posts"}],"about":[{"href":"https:\/\/www.schlosstorgelow.de\/tr\/wp-json\/wp\/v2\/types\/post"}],"author":[{"embeddable":true,"href":"https:\/\/www.schlosstorgelow.de\/tr\/wp-json\/wp\/v2\/users\/1"}],"replies":[{"embeddable":true,"href":"https:\/\/www.schlosstorgelow.de\/tr\/wp-json\/wp\/v2\/comments?post=82694"}],"version-history":[{"count":0,"href":"https:\/\/www.schlosstorgelow.de\/tr\/wp-json\/wp\/v2\/posts\/82694\/revisions"}],"wp:featuredmedia":[{"embeddable":true,"href":"https:\/\/www.schlosstorgelow.de\/tr\/wp-json\/wp\/v2\/media\/66079"}],"wp:attachment":[{"href":"https:\/\/www.schlosstorgelow.de\/tr\/wp-json\/wp\/v2\/media?parent=82694"}],"wp:term":[{"taxonomy":"category","embeddable":true,"href":"https:\/\/www.schlosstorgelow.de\/tr\/wp-json\/wp\/v2\/categories?post=82694"},{"taxonomy":"post_tag","embeddable":true,"href":"https:\/\/www.schlosstorgelow.de\/tr\/wp-json\/wp\/v2\/tags?post=82694"}],"curies":[{"name":"wp","href":"https:\/\/api.w.org\/{rel}","templated":true}]}}