{"id":82688,"date":"2025-07-16T14:15:41","date_gmt":"2025-07-16T14:15:41","guid":{"rendered":"https:\/\/www.schlosstorgelow.de\/bochumdaki-alman-atletizm-sampiyonasi-mi-yoksa-tokyodaki-staj-mi"},"modified":"2026-01-12T08:52:35","modified_gmt":"2026-01-12T08:52:35","slug":"bochumdaki-alman-atletizm-sampiyonasi-mi-yoksa-tokyodaki-staj-mi","status":"publish","type":"post","link":"https:\/\/www.schlosstorgelow.de\/tr\/bochumdaki-alman-atletizm-sampiyonasi-mi-yoksa-tokyodaki-staj-mi","title":{"rendered":"Bochum&#8217;daki Alman Atletizm \u015eampiyonas\u0131 m\u0131 yoksa Tokyo&#8217;daki staj m\u0131?"},"content":{"rendered":"\n<p><i>Asl\u0131nda soru kolayca karara ba\u011flanabilirdi &#8211; ancak bu, Mecklenburg-Vorpommern&#8217;deki U18 ya\u015f grubunun y\u00fckselen y\u0131ld\u0131z\u0131 Willi Schmidt i\u00e7in ge\u00e7erli de\u011fildi. 10. s\u0131n\u0131f \u00f6\u011frencilerinin yaz tatillerinde farkl\u0131 firmalarda ger\u00e7ekle\u015ftirdi\u011fi staj\u0131n organizasyonu nedeniyle, Almanya \u015eampiyonalar\u0131&#8217;na kat\u0131l\u0131m d\u00fc\u015f\u00fcn\u00fclm\u00fcyordu ve 12 Temmuz 2025 Cumartesi g\u00fcn\u00fcne u\u00e7u\u015f rezervasyonu yap\u0131lm\u0131\u015ft\u0131! <\/i><\/p>\n\n<p>Willi, okulun tak\u0131m projesi \u00e7er\u00e7evesinde ve ayr\u0131ca LAV Waren\/M\u00fcritz e.V. ile birlikte 1,5 y\u0131ld\u0131r antrenman yap\u0131yor ve \u00f6zellikle sprint ve uzun atlama \u00fczerine yo\u011funla\u015ft\u0131. \u00d6zellikle uzun atlamada, U20 Kuzey Almanya \u015eampiyonu bir y\u0131l i\u00e7inde en iyi derecesini bir metreden fazla art\u0131rarak 7,02m&#8217;ye y\u00fckseltmeyi ba\u015fard\u0131 ve b\u00f6ylece Almanya \u015eampiyonas\u0131 i\u00e7in gereken nitelik normunu da sa\u011flam\u0131\u015f oldu. Bu ba\u015far\u0131y\u0131, 100m ve 200m&#8217;de eyalet \u015fampiyonu olarak da elde etti.  <\/p>\n\n<p>Klaus\u00fcr stresi ve Tokyo i\u00e7in valiz haz\u0131rl\u0131\u011f\u0131na ra\u011fmen, Willi Cuma g\u00fcn\u00fc Bochum-Wattenscheid&#8217;de d\u00fczenlenecek uzun atlama yar\u0131\u015fmas\u0131nda yer almaya ani ve son dakika karar verdi.<\/p>\n\n<p>Etkileyici bir manzara e\u015fli\u011finde Willi, 6,60 m ile \u00e7ok g\u00fc\u00e7l\u00fc bir kat\u0131l\u0131mc\u0131 grubunda \u00fc\u00e7\u00fcnc\u00fc en iyi yar\u0131\u015fmas\u0131n\u0131 ger\u00e7ekle\u015ftirdi, ancak bu sefer madalya sava\u015f\u0131na dahil olamad\u0131.<\/p>\n\n<p>Tokyo&#8217;daki ola\u011fan\u00fcst\u00fc bir sezon ve harika deneyimler i\u00e7in tebrikler!<\/p>\n\n<p>(Team Santowski)<\/p>\n","protected":false},"excerpt":{"rendered":"<p>Etkileyici bir manzara \u00f6n\u00fcnde Willi, son derece g\u00fc\u00e7l\u00fc bir kat\u0131l\u0131mc\u0131 grubuyla \u00fc\u00e7\u00fcnc\u00fc en iyi uzun atlama yar\u0131\u015fmas\u0131n\u0131 ger\u00e7ekle\u015ftirdi.<\/p>\n","protected":false},"author":1,"featured_media":44042,"comment_status":"closed","ping_status":"closed","sticky":false,"template":"","format":"standard","meta":{"_acf_changed":false,"_yoast_wpseo_title":"Atletizm \u015eampiyonas\u0131 m\u0131 yoksa Staj m\u0131?","_yoast_wpseo_metadesc":"Etkileyici bir manzara e\u015fli\u011finde, Willi 6,60m ile \u00e7ok zorlu bir kat\u0131l\u0131mc\u0131 grubunda \u00fc\u00e7\u00fcnc\u00fc en iyi uzun atlama yar\u0131\u015fmas\u0131n\u0131 tamamlad\u0131.","excerpt":"Etkileyici bir manzara e\u015fli\u011finde, Willi 6,60m ile \u00e7ok zorlu bir kat\u0131l\u0131mc\u0131 grubunda \u00fc\u00e7\u00fcnc\u00fc en iyi uzun atlama yar\u0131\u015fmas\u0131n\u0131 tamamlad\u0131.","footnotes":""},"categories":[34],"tags":[],"class_list":{"0":"post-82688","1":"post","2":"type-post","3":"status-publish","4":"format-standard","5":"has-post-thumbnail","7":"category-torgelow-haberleri"},"acf":[],"yoast_head":"<!-- This site is optimized with the Yoast SEO plugin v26.9 - https:\/\/yoast.com\/product\/yoast-seo-wordpress\/ -->\n<title>Atletizm \u015eampiyonas\u0131 m\u0131 yoksa Staj m\u0131?<\/title>\n<meta name=\"description\" content=\"Etkileyici bir manzara e\u015fli\u011finde, Willi 6,60m ile \u00e7ok zorlu bir kat\u0131l\u0131mc\u0131 grubunda \u00fc\u00e7\u00fcnc\u00fc en iyi uzun atlama yar\u0131\u015fmas\u0131n\u0131 tamamlad\u0131.\" \/>\n<meta name=\"robots\" content=\"index, follow, max-snippet:-1, max-image-preview:large, max-video-preview:-1\" \/>\n<link rel=\"canonical\" href=\"https:\/\/www.schlosstorgelow.de\/tr\/bochumdaki-alman-atletizm-sampiyonasi-mi-yoksa-tokyodaki-staj-mi\" \/>\n<meta property=\"og:locale\" content=\"tr_TR\" \/>\n<meta property=\"og:type\" content=\"article\" \/>\n<meta property=\"og:title\" content=\"Atletizm \u015eampiyonas\u0131 m\u0131 yoksa Staj m\u0131?\" \/>\n<meta property=\"og:description\" content=\"Etkileyici bir manzara e\u015fli\u011finde, Willi 6,60m ile \u00e7ok zorlu bir kat\u0131l\u0131mc\u0131 grubunda \u00fc\u00e7\u00fcnc\u00fc en iyi uzun atlama yar\u0131\u015fmas\u0131n\u0131 tamamlad\u0131.\" \/>\n<meta property=\"og:url\" content=\"https:\/\/www.schlosstorgelow.de\/tr\/bochumdaki-alman-atletizm-sampiyonasi-mi-yoksa-tokyodaki-staj-mi\" \/>\n<meta property=\"og:site_name\" content=\"Schloss Torgelow\" \/>\n<meta property=\"article:published_time\" content=\"2025-07-16T14:15:41+00:00\" \/>\n<meta property=\"article:modified_time\" content=\"2026-01-12T08:52:35+00:00\" \/>\n<meta name=\"author\" content=\"Schloss Torgelow\" \/>\n<meta name=\"twitter:card\" content=\"summary_large_image\" \/>\n<meta name=\"twitter:label1\" content=\"Yazan:\" \/>\n\t<meta name=\"twitter:data1\" content=\"Schloss Torgelow\" \/>\n\t<meta name=\"twitter:label2\" content=\"Tahmini okuma s\u00fcresi\" \/>\n\t<meta name=\"twitter:data2\" content=\"1 dakika\" \/>\n<script type=\"application\/ld+json\" class=\"yoast-schema-graph\">{\"@context\":\"https:\/\/schema.org\",\"@graph\":[{\"@type\":\"Article\",\"@id\":\"https:\/\/www.schlosstorgelow.de\/tr\/bochumdaki-alman-atletizm-sampiyonasi-mi-yoksa-tokyodaki-staj-mi#article\",\"isPartOf\":{\"@id\":\"https:\/\/www.schlosstorgelow.de\/tr\/bochumdaki-alman-atletizm-sampiyonasi-mi-yoksa-tokyodaki-staj-mi\"},\"author\":{\"name\":\"Schloss Torgelow\",\"@id\":\"https:\/\/www.schlosstorgelow.de\/tr#\/schema\/person\/b76bbb367f3a20c7ced1339e4875691e\"},\"headline\":\"Bochum&#8217;daki Alman Atletizm \u015eampiyonas\u0131 m\u0131 yoksa Tokyo&#8217;daki staj m\u0131?\",\"datePublished\":\"2025-07-16T14:15:41+00:00\",\"dateModified\":\"2026-01-12T08:52:35+00:00\",\"mainEntityOfPage\":{\"@id\":\"https:\/\/www.schlosstorgelow.de\/tr\/bochumdaki-alman-atletizm-sampiyonasi-mi-yoksa-tokyodaki-staj-mi\"},\"wordCount\":248,\"image\":{\"@id\":\"https:\/\/www.schlosstorgelow.de\/tr\/bochumdaki-alman-atletizm-sampiyonasi-mi-yoksa-tokyodaki-staj-mi#primaryimage\"},\"thumbnailUrl\":\"https:\/\/www.schlosstorgelow.de\/wp-content\/uploads\/2025\/07\/DM-willi_header_st.avif\",\"articleSection\":[\"Torgelow Haberleri\"],\"inLanguage\":\"tr\"},{\"@type\":\"WebPage\",\"@id\":\"https:\/\/www.schlosstorgelow.de\/tr\/bochumdaki-alman-atletizm-sampiyonasi-mi-yoksa-tokyodaki-staj-mi#webpage\",\"url\":\"https:\/\/www.schlosstorgelow.de\/tr\/bochumdaki-alman-atletizm-sampiyonasi-mi-yoksa-tokyodaki-staj-mi\",\"name\":\"Atletizm \u015eampiyonas\u0131 m\u0131 yoksa Staj m\u0131?\",\"isPartOf\":{\"@id\":\"https:\/\/www.schlosstorgelow.de\/tr#website\"},\"primaryImageOfPage\":{\"@id\":\"https:\/\/www.schlosstorgelow.de\/tr\/bochumdaki-alman-atletizm-sampiyonasi-mi-yoksa-tokyodaki-staj-mi#primaryimage\"},\"image\":{\"@id\":\"https:\/\/www.schlosstorgelow.de\/tr\/bochumdaki-alman-atletizm-sampiyonasi-mi-yoksa-tokyodaki-staj-mi#primaryimage\"},\"thumbnailUrl\":\"https:\/\/www.schlosstorgelow.de\/wp-content\/uploads\/2025\/07\/DM-willi_header_st.avif\",\"datePublished\":\"2025-07-16T14:15:41+00:00\",\"dateModified\":\"2026-01-12T08:52:35+00:00\",\"author\":{\"@id\":\"https:\/\/www.schlosstorgelow.de\/tr#\/schema\/person\/b76bbb367f3a20c7ced1339e4875691e\"},\"description\":\"Etkileyici bir manzara e\u015fli\u011finde, Willi 6,60m ile \u00e7ok zorlu bir kat\u0131l\u0131mc\u0131 grubunda \u00fc\u00e7\u00fcnc\u00fc en iyi uzun atlama yar\u0131\u015fmas\u0131n\u0131 tamamlad\u0131.\",\"breadcrumb\":{\"@id\":\"https:\/\/www.schlosstorgelow.de\/tr\/bochumdaki-alman-atletizm-sampiyonasi-mi-yoksa-tokyodaki-staj-mi#breadcrumb\"},\"inLanguage\":\"tr\",\"potentialAction\":[{\"@type\":\"ReadAction\",\"target\":[\"https:\/\/www.schlosstorgelow.de\/tr\/bochumdaki-alman-atletizm-sampiyonasi-mi-yoksa-tokyodaki-staj-mi\"]}]},{\"@type\":\"ImageObject\",\"inLanguage\":\"tr\",\"@id\":\"https:\/\/www.schlosstorgelow.de\/tr\/bochumdaki-alman-atletizm-sampiyonasi-mi-yoksa-tokyodaki-staj-mi#primaryimage\",\"url\":\"https:\/\/www.schlosstorgelow.de\/wp-content\/uploads\/2025\/07\/DM-willi_header_st.avif\",\"contentUrl\":\"https:\/\/www.schlosstorgelow.de\/wp-content\/uploads\/2025\/07\/DM-willi_header_st.avif\",\"width\":1920,\"height\":1080,\"caption\":\"Bochum'da Alman Atletizm \u015eampiyonas\u0131 m\u0131 yoksa Tokyo'da staj m\u0131?\"},{\"@type\":\"BreadcrumbList\",\"@id\":\"https:\/\/www.schlosstorgelow.de\/tr\/bochumdaki-alman-atletizm-sampiyonasi-mi-yoksa-tokyodaki-staj-mi#breadcrumb\",\"itemListElement\":[{\"@type\":\"ListItem\",\"position\":1,\"name\":\"Startseite\",\"item\":\"https:\/\/www.schlosstorgelow.de\/tr\"},{\"@type\":\"ListItem\",\"position\":2,\"name\":\"Bochum&#8217;daki Alman Atletizm \u015eampiyonas\u0131 m\u0131 yoksa Tokyo&#8217;daki staj m\u0131?\"}]},{\"@type\":\"WebSite\",\"@id\":\"https:\/\/www.schlosstorgelow.de\/tr#website\",\"url\":\"https:\/\/www.schlosstorgelow.de\/tr\",\"name\":\"Schloss Torgelow\",\"description\":\"\u00d6zel yat\u0131l\u0131 lise Schloss Torgelow \u2013 zorluklar\u0131 seven \u00f6\u011frenciler i\u00e7in yat\u0131l\u0131 okul.\",\"potentialAction\":[{\"@type\":\"SearchAction\",\"target\":{\"@type\":\"EntryPoint\",\"urlTemplate\":\"https:\/\/www.schlosstorgelow.de\/tr?s={search_term_string}\"},\"query-input\":{\"@type\":\"PropertyValueSpecification\",\"valueRequired\":true,\"valueName\":\"search_term_string\"}}],\"inLanguage\":\"tr\"},{\"@type\":\"Person\",\"@id\":\"https:\/\/www.schlosstorgelow.de\/tr#\/schema\/person\/b76bbb367f3a20c7ced1339e4875691e\",\"name\":\"Schloss Torgelow\",\"image\":{\"@type\":\"ImageObject\",\"inLanguage\":\"tr\",\"@id\":\"https:\/\/www.schlosstorgelow.de\/tr#\/schema\/person\/image\/\",\"url\":\"https:\/\/secure.gravatar.com\/avatar\/4bad9bf1bee90f77b98693d3ad03ade085c80c169595427c58c58e5b069f49e1?s=96&d=mm&r=g\",\"contentUrl\":\"https:\/\/secure.gravatar.com\/avatar\/4bad9bf1bee90f77b98693d3ad03ade085c80c169595427c58c58e5b069f49e1?s=96&d=mm&r=g\",\"caption\":\"Schloss Torgelow\"},\"sameAs\":[\"https:\/\/www.schlosstorgelow.de\"]}]}<\/script>\n<!-- \/ Yoast SEO plugin. -->","yoast_head_json":{"title":"Atletizm \u015eampiyonas\u0131 m\u0131 yoksa Staj m\u0131?","description":"Etkileyici bir manzara e\u015fli\u011finde, Willi 6,60m ile \u00e7ok zorlu bir kat\u0131l\u0131mc\u0131 grubunda \u00fc\u00e7\u00fcnc\u00fc en iyi uzun atlama yar\u0131\u015fmas\u0131n\u0131 tamamlad\u0131.","robots":{"index":"index","follow":"follow","max-snippet":"max-snippet:-1","max-image-preview":"max-image-preview:large","max-video-preview":"max-video-preview:-1"},"canonical":"https:\/\/www.schlosstorgelow.de\/tr\/bochumdaki-alman-atletizm-sampiyonasi-mi-yoksa-tokyodaki-staj-mi","og_locale":"tr_TR","og_type":"article","og_title":"Atletizm \u015eampiyonas\u0131 m\u0131 yoksa Staj m\u0131?","og_description":"Etkileyici bir manzara e\u015fli\u011finde, Willi 6,60m ile \u00e7ok zorlu bir kat\u0131l\u0131mc\u0131 grubunda \u00fc\u00e7\u00fcnc\u00fc en iyi uzun atlama yar\u0131\u015fmas\u0131n\u0131 tamamlad\u0131.","og_url":"https:\/\/www.schlosstorgelow.de\/tr\/bochumdaki-alman-atletizm-sampiyonasi-mi-yoksa-tokyodaki-staj-mi","og_site_name":"Schloss Torgelow","article_published_time":"2025-07-16T14:15:41+00:00","article_modified_time":"2026-01-12T08:52:35+00:00","author":"Schloss Torgelow","twitter_card":"summary_large_image","twitter_misc":{"Yazan:":"Schloss Torgelow","Tahmini okuma s\u00fcresi":"1 dakika"},"schema":{"@context":"https:\/\/schema.org","@graph":[{"@type":"Article","@id":"https:\/\/www.schlosstorgelow.de\/tr\/bochumdaki-alman-atletizm-sampiyonasi-mi-yoksa-tokyodaki-staj-mi#article","isPartOf":{"@id":"https:\/\/www.schlosstorgelow.de\/tr\/bochumdaki-alman-atletizm-sampiyonasi-mi-yoksa-tokyodaki-staj-mi"},"author":{"name":"Schloss Torgelow","@id":"https:\/\/www.schlosstorgelow.de\/tr#\/schema\/person\/b76bbb367f3a20c7ced1339e4875691e"},"headline":"Bochum&#8217;daki Alman Atletizm \u015eampiyonas\u0131 m\u0131 yoksa Tokyo&#8217;daki staj m\u0131?","datePublished":"2025-07-16T14:15:41+00:00","dateModified":"2026-01-12T08:52:35+00:00","mainEntityOfPage":{"@id":"https:\/\/www.schlosstorgelow.de\/tr\/bochumdaki-alman-atletizm-sampiyonasi-mi-yoksa-tokyodaki-staj-mi"},"wordCount":248,"image":{"@id":"https:\/\/www.schlosstorgelow.de\/tr\/bochumdaki-alman-atletizm-sampiyonasi-mi-yoksa-tokyodaki-staj-mi#primaryimage"},"thumbnailUrl":"https:\/\/www.schlosstorgelow.de\/wp-content\/uploads\/2025\/07\/DM-willi_header_st.avif","articleSection":["Torgelow Haberleri"],"inLanguage":"tr"},{"@type":"WebPage","@id":"https:\/\/www.schlosstorgelow.de\/tr\/bochumdaki-alman-atletizm-sampiyonasi-mi-yoksa-tokyodaki-staj-mi#webpage","url":"https:\/\/www.schlosstorgelow.de\/tr\/bochumdaki-alman-atletizm-sampiyonasi-mi-yoksa-tokyodaki-staj-mi","name":"Atletizm \u015eampiyonas\u0131 m\u0131 yoksa Staj m\u0131?","isPartOf":{"@id":"https:\/\/www.schlosstorgelow.de\/tr#website"},"primaryImageOfPage":{"@id":"https:\/\/www.schlosstorgelow.de\/tr\/bochumdaki-alman-atletizm-sampiyonasi-mi-yoksa-tokyodaki-staj-mi#primaryimage"},"image":{"@id":"https:\/\/www.schlosstorgelow.de\/tr\/bochumdaki-alman-atletizm-sampiyonasi-mi-yoksa-tokyodaki-staj-mi#primaryimage"},"thumbnailUrl":"https:\/\/www.schlosstorgelow.de\/wp-content\/uploads\/2025\/07\/DM-willi_header_st.avif","datePublished":"2025-07-16T14:15:41+00:00","dateModified":"2026-01-12T08:52:35+00:00","author":{"@id":"https:\/\/www.schlosstorgelow.de\/tr#\/schema\/person\/b76bbb367f3a20c7ced1339e4875691e"},"description":"Etkileyici bir manzara e\u015fli\u011finde, Willi 6,60m ile \u00e7ok zorlu bir kat\u0131l\u0131mc\u0131 grubunda \u00fc\u00e7\u00fcnc\u00fc en iyi uzun atlama yar\u0131\u015fmas\u0131n\u0131 tamamlad\u0131.","breadcrumb":{"@id":"https:\/\/www.schlosstorgelow.de\/tr\/bochumdaki-alman-atletizm-sampiyonasi-mi-yoksa-tokyodaki-staj-mi#breadcrumb"},"inLanguage":"tr","potentialAction":[{"@type":"ReadAction","target":["https:\/\/www.schlosstorgelow.de\/tr\/bochumdaki-alman-atletizm-sampiyonasi-mi-yoksa-tokyodaki-staj-mi"]}]},{"@type":"ImageObject","inLanguage":"tr","@id":"https:\/\/www.schlosstorgelow.de\/tr\/bochumdaki-alman-atletizm-sampiyonasi-mi-yoksa-tokyodaki-staj-mi#primaryimage","url":"https:\/\/www.schlosstorgelow.de\/wp-content\/uploads\/2025\/07\/DM-willi_header_st.avif","contentUrl":"https:\/\/www.schlosstorgelow.de\/wp-content\/uploads\/2025\/07\/DM-willi_header_st.avif","width":1920,"height":1080,"caption":"Bochum'da Alman Atletizm \u015eampiyonas\u0131 m\u0131 yoksa Tokyo'da staj m\u0131?"},{"@type":"BreadcrumbList","@id":"https:\/\/www.schlosstorgelow.de\/tr\/bochumdaki-alman-atletizm-sampiyonasi-mi-yoksa-tokyodaki-staj-mi#breadcrumb","itemListElement":[{"@type":"ListItem","position":1,"name":"Startseite","item":"https:\/\/www.schlosstorgelow.de\/tr"},{"@type":"ListItem","position":2,"name":"Bochum&#8217;daki Alman Atletizm \u015eampiyonas\u0131 m\u0131 yoksa Tokyo&#8217;daki staj m\u0131?"}]},{"@type":"WebSite","@id":"https:\/\/www.schlosstorgelow.de\/tr#website","url":"https:\/\/www.schlosstorgelow.de\/tr","name":"Schloss Torgelow","description":"\u00d6zel yat\u0131l\u0131 lise Schloss Torgelow \u2013 zorluklar\u0131 seven \u00f6\u011frenciler i\u00e7in yat\u0131l\u0131 okul.","potentialAction":[{"@type":"SearchAction","target":{"@type":"EntryPoint","urlTemplate":"https:\/\/www.schlosstorgelow.de\/tr?s={search_term_string}"},"query-input":{"@type":"PropertyValueSpecification","valueRequired":true,"valueName":"search_term_string"}}],"inLanguage":"tr"},{"@type":"Person","@id":"https:\/\/www.schlosstorgelow.de\/tr#\/schema\/person\/b76bbb367f3a20c7ced1339e4875691e","name":"Schloss Torgelow","image":{"@type":"ImageObject","inLanguage":"tr","@id":"https:\/\/www.schlosstorgelow.de\/tr#\/schema\/person\/image\/","url":"https:\/\/secure.gravatar.com\/avatar\/4bad9bf1bee90f77b98693d3ad03ade085c80c169595427c58c58e5b069f49e1?s=96&d=mm&r=g","contentUrl":"https:\/\/secure.gravatar.com\/avatar\/4bad9bf1bee90f77b98693d3ad03ade085c80c169595427c58c58e5b069f49e1?s=96&d=mm&r=g","caption":"Schloss Torgelow"},"sameAs":["https:\/\/www.schlosstorgelow.de"]}]}},"block_visibility_meta":[],"_links":{"self":[{"href":"https:\/\/www.schlosstorgelow.de\/tr\/wp-json\/wp\/v2\/posts\/82688","targetHints":{"allow":["GET"]}}],"collection":[{"href":"https:\/\/www.schlosstorgelow.de\/tr\/wp-json\/wp\/v2\/posts"}],"about":[{"href":"https:\/\/www.schlosstorgelow.de\/tr\/wp-json\/wp\/v2\/types\/post"}],"author":[{"embeddable":true,"href":"https:\/\/www.schlosstorgelow.de\/tr\/wp-json\/wp\/v2\/users\/1"}],"replies":[{"embeddable":true,"href":"https:\/\/www.schlosstorgelow.de\/tr\/wp-json\/wp\/v2\/comments?post=82688"}],"version-history":[{"count":0,"href":"https:\/\/www.schlosstorgelow.de\/tr\/wp-json\/wp\/v2\/posts\/82688\/revisions"}],"wp:featuredmedia":[{"embeddable":true,"href":"https:\/\/www.schlosstorgelow.de\/tr\/wp-json\/wp\/v2\/media\/44042"}],"wp:attachment":[{"href":"https:\/\/www.schlosstorgelow.de\/tr\/wp-json\/wp\/v2\/media?parent=82688"}],"wp:term":[{"taxonomy":"category","embeddable":true,"href":"https:\/\/www.schlosstorgelow.de\/tr\/wp-json\/wp\/v2\/categories?post=82688"},{"taxonomy":"post_tag","embeddable":true,"href":"https:\/\/www.schlosstorgelow.de\/tr\/wp-json\/wp\/v2\/tags?post=82688"}],"curies":[{"name":"wp","href":"https:\/\/api.w.org\/{rel}","templated":true}]}}