{"id":82461,"date":"2025-01-29T11:54:18","date_gmt":"2025-01-29T11:54:18","guid":{"rendered":"https:\/\/www.schlosstorgelow.de\/defi-du-bien-faire-brulage-de-sapins-de-noel"},"modified":"2026-01-12T07:28:12","modified_gmt":"2026-01-12T07:28:12","slug":"defi-du-bien-faire-brulage-de-sapins-de-noel","status":"publish","type":"post","link":"https:\/\/www.schlosstorgelow.de\/fr\/defi-du-bien-faire-brulage-de-sapins-de-noel","title":{"rendered":"\u00ab\u00a0D\u00e9fi du Bien Faire\u00a0\u00bb : Br\u00fblage de sapins de No\u00ebl"},"content":{"rendered":"\n<p>Le projet \u00ab Doing Good Challenge \u00bb \u00e9merveille toujours avec ses visites de nos \u00e9l\u00e8ves internes \u00e0 la maison de retraite Ecktannen \u00e0 Waren. Hier, une nouvelle rencontre sp\u00e9ciale a eu lieu, touchant profond\u00e9ment tous les pr\u00e9sents. <\/p>\n\n<p>Au d\u00e9but de la nouvelle ann\u00e9e, les \u00e9l\u00e8ves engag\u00e9s ont organis\u00e9 avec les r\u00e9sidents un feu de camp &#8211; un br\u00fblage traditionnel de sapin de No\u00ebl, qui symbolise pour beaucoup le d\u00e9part dans une nouvelle ann\u00e9e.<\/p>\n\n<p>Un moment fort de l&rsquo;apr\u00e8s-midi a \u00e9t\u00e9 le barbecue collectif de pain \u00e0 la broche et de saucisses. Les \u00e9l\u00e8ves ont aid\u00e9 les seniors avec beaucoup de patience et de joie, de sorte que chacun a pu d\u00e9guster ces d\u00e9lices. Des conversations informelles ont \u00e9merg\u00e9 autour du passage \u00e0 la nouvelle ann\u00e9e, des souhaits pour l&rsquo;ann\u00e9e \u00e0 venir et des souvenirs personnels &#8211; un \u00e9change qui relie les g\u00e9n\u00e9rations de mani\u00e8re merveilleuse.  <\/p>\n\n<p>Les visites r\u00e9guli\u00e8res du projet \u00ab Doing Good Challenge \u00bb ne sont pas seulement une enrichissement pour les personnes \u00e2g\u00e9es, mais aussi pour les jeunes b\u00e9n\u00e9voles. Les heures pass\u00e9es ensemble cr\u00e9ent un lien particulier, qui montre \u00e0 quel point le dialogue entre les g\u00e9n\u00e9rations est important \u2013 et combien il est agr\u00e9able de passer du temps ensemble. <\/p>\n","protected":false},"excerpt":{"rendered":"<p>Le projet \u00ab Doing Good Challenge \u00bb suscite toujours de l&rsquo;enthousiasme avec ses visites \u00e0 la maison de retraite Ecktannen \u00e0 Waren (M\u00fcritz).<\/p>\n","protected":false},"author":1,"featured_media":69062,"comment_status":"closed","ping_status":"closed","sticky":false,"template":"","format":"standard","meta":{"_acf_changed":false,"_yoast_wpseo_title":"\u00ab D\u00e9fi Faire le Bien \u00bb : Br\u00fblage de sapins de No\u00ebl","_yoast_wpseo_metadesc":"Le projet \u00ab Doing Good Challenge \u00bb enthousiasme toujours avec ses visites \u00e0 la maison de retraite Ecktannen \u00e0 Waren.","excerpt":"Le projet \u00ab Doing Good Challenge \u00bb suscite toujours de l'enthousiasme avec ses visites \u00e0 la maison de retraite Ecktannen \u00e0 Waren (M\u00fcritz).","footnotes":""},"categories":[33],"tags":[],"class_list":{"0":"post-82461","1":"post","2":"type-post","3":"status-publish","4":"format-standard","5":"has-post-thumbnail","7":"category-actualites-torgelow"},"acf":[],"yoast_head":"<!-- This site is optimized with the Yoast SEO plugin v26.9 - https:\/\/yoast.com\/product\/yoast-seo-wordpress\/ -->\n<title>\u00ab D\u00e9fi Faire le Bien \u00bb : Br\u00fblage de sapins de No\u00ebl<\/title>\n<meta name=\"description\" content=\"Le projet \u00ab Doing Good Challenge \u00bb enthousiasme toujours avec ses visites \u00e0 la maison de retraite Ecktannen \u00e0 Waren.\" \/>\n<meta name=\"robots\" content=\"index, follow, max-snippet:-1, max-image-preview:large, max-video-preview:-1\" \/>\n<link rel=\"canonical\" href=\"https:\/\/www.schlosstorgelow.de\/fr\/defi-du-bien-faire-brulage-de-sapins-de-noel\" \/>\n<meta property=\"og:locale\" content=\"fr_FR\" \/>\n<meta property=\"og:type\" content=\"article\" \/>\n<meta property=\"og:title\" content=\"\u00ab D\u00e9fi Faire le Bien \u00bb : Br\u00fblage de sapins de No\u00ebl\" \/>\n<meta property=\"og:description\" content=\"Le projet \u00ab Doing Good Challenge \u00bb enthousiasme toujours avec ses visites \u00e0 la maison de retraite Ecktannen \u00e0 Waren.\" \/>\n<meta property=\"og:url\" content=\"https:\/\/www.schlosstorgelow.de\/fr\/defi-du-bien-faire-brulage-de-sapins-de-noel\" \/>\n<meta property=\"og:site_name\" content=\"Schloss Torgelow\" \/>\n<meta property=\"article:published_time\" content=\"2025-01-29T11:54:18+00:00\" \/>\n<meta property=\"article:modified_time\" content=\"2026-01-12T07:28:12+00:00\" \/>\n<meta name=\"author\" content=\"Schloss Torgelow\" \/>\n<meta name=\"twitter:card\" content=\"summary_large_image\" \/>\n<meta name=\"twitter:label1\" content=\"\u00c9crit par\" \/>\n\t<meta name=\"twitter:data1\" content=\"Schloss Torgelow\" \/>\n\t<meta name=\"twitter:label2\" content=\"Dur\u00e9e de lecture estim\u00e9e\" \/>\n\t<meta name=\"twitter:data2\" content=\"1 minute\" \/>\n<script type=\"application\/ld+json\" class=\"yoast-schema-graph\">{\"@context\":\"https:\/\/schema.org\",\"@graph\":[{\"@type\":\"Article\",\"@id\":\"https:\/\/www.schlosstorgelow.de\/fr\/defi-du-bien-faire-brulage-de-sapins-de-noel#article\",\"isPartOf\":{\"@id\":\"https:\/\/www.schlosstorgelow.de\/fr\/defi-du-bien-faire-brulage-de-sapins-de-noel\"},\"author\":{\"name\":\"Schloss Torgelow\",\"@id\":\"https:\/\/www.schlosstorgelow.de\/fr#\/schema\/person\/b76bbb367f3a20c7ced1339e4875691e\"},\"headline\":\"\u00ab\u00a0D\u00e9fi du Bien Faire\u00a0\u00bb : Br\u00fblage de sapins de No\u00ebl\",\"datePublished\":\"2025-01-29T11:54:18+00:00\",\"dateModified\":\"2026-01-12T07:28:12+00:00\",\"mainEntityOfPage\":{\"@id\":\"https:\/\/www.schlosstorgelow.de\/fr\/defi-du-bien-faire-brulage-de-sapins-de-noel\"},\"wordCount\":237,\"image\":{\"@id\":\"https:\/\/www.schlosstorgelow.de\/fr\/defi-du-bien-faire-brulage-de-sapins-de-noel#primaryimage\"},\"thumbnailUrl\":\"https:\/\/www.schlosstorgelow.de\/wp-content\/uploads\/2025\/08\/christbaumverbrennen_header_st.avif\",\"articleSection\":[\"Actualit\u00e9s Torgelow\"],\"inLanguage\":\"fr-FR\"},{\"@type\":\"WebPage\",\"@id\":\"https:\/\/www.schlosstorgelow.de\/fr\/defi-du-bien-faire-brulage-de-sapins-de-noel#webpage\",\"url\":\"https:\/\/www.schlosstorgelow.de\/fr\/defi-du-bien-faire-brulage-de-sapins-de-noel\",\"name\":\"\u00ab D\u00e9fi Faire le Bien \u00bb : Br\u00fblage de sapins de No\u00ebl\",\"isPartOf\":{\"@id\":\"https:\/\/www.schlosstorgelow.de\/fr#website\"},\"primaryImageOfPage\":{\"@id\":\"https:\/\/www.schlosstorgelow.de\/fr\/defi-du-bien-faire-brulage-de-sapins-de-noel#primaryimage\"},\"image\":{\"@id\":\"https:\/\/www.schlosstorgelow.de\/fr\/defi-du-bien-faire-brulage-de-sapins-de-noel#primaryimage\"},\"thumbnailUrl\":\"https:\/\/www.schlosstorgelow.de\/wp-content\/uploads\/2025\/08\/christbaumverbrennen_header_st.avif\",\"datePublished\":\"2025-01-29T11:54:18+00:00\",\"dateModified\":\"2026-01-12T07:28:12+00:00\",\"author\":{\"@id\":\"https:\/\/www.schlosstorgelow.de\/fr#\/schema\/person\/b76bbb367f3a20c7ced1339e4875691e\"},\"description\":\"Le projet \u00ab Doing Good Challenge \u00bb enthousiasme toujours avec ses visites \u00e0 la maison de retraite Ecktannen \u00e0 Waren.\",\"breadcrumb\":{\"@id\":\"https:\/\/www.schlosstorgelow.de\/fr\/defi-du-bien-faire-brulage-de-sapins-de-noel#breadcrumb\"},\"inLanguage\":\"fr-FR\",\"potentialAction\":[{\"@type\":\"ReadAction\",\"target\":[\"https:\/\/www.schlosstorgelow.de\/fr\/defi-du-bien-faire-brulage-de-sapins-de-noel\"]}]},{\"@type\":\"ImageObject\",\"inLanguage\":\"fr-FR\",\"@id\":\"https:\/\/www.schlosstorgelow.de\/fr\/defi-du-bien-faire-brulage-de-sapins-de-noel#primaryimage\",\"url\":\"https:\/\/www.schlosstorgelow.de\/wp-content\/uploads\/2025\/08\/christbaumverbrennen_header_st.avif\",\"contentUrl\":\"https:\/\/www.schlosstorgelow.de\/wp-content\/uploads\/2025\/08\/christbaumverbrennen_header_st.avif\",\"width\":1920,\"height\":1080,\"caption\":\"\u00ab D\u00e9fi Bien Faire \u00bb : Br\u00fblage de sapins de No\u00ebl\"},{\"@type\":\"BreadcrumbList\",\"@id\":\"https:\/\/www.schlosstorgelow.de\/fr\/defi-du-bien-faire-brulage-de-sapins-de-noel#breadcrumb\",\"itemListElement\":[{\"@type\":\"ListItem\",\"position\":1,\"name\":\"Startseite\",\"item\":\"https:\/\/www.schlosstorgelow.de\/fr\"},{\"@type\":\"ListItem\",\"position\":2,\"name\":\"&#8222;D\u00e9fi du Bien Faire&#8220; : Br\u00fblage de sapins de No\u00ebl\"}]},{\"@type\":\"WebSite\",\"@id\":\"https:\/\/www.schlosstorgelow.de\/fr#website\",\"url\":\"https:\/\/www.schlosstorgelow.de\/fr\",\"name\":\"Schloss Torgelow\",\"description\":\"Le lyc\u00e9e priv\u00e9 Schloss Torgelow \u2013 l'internat pour les \u00e9l\u00e8ves en qu\u00eate de d\u00e9fis.\",\"potentialAction\":[{\"@type\":\"SearchAction\",\"target\":{\"@type\":\"EntryPoint\",\"urlTemplate\":\"https:\/\/www.schlosstorgelow.de\/fr?s={search_term_string}\"},\"query-input\":{\"@type\":\"PropertyValueSpecification\",\"valueRequired\":true,\"valueName\":\"search_term_string\"}}],\"inLanguage\":\"fr-FR\"},{\"@type\":\"Person\",\"@id\":\"https:\/\/www.schlosstorgelow.de\/fr#\/schema\/person\/b76bbb367f3a20c7ced1339e4875691e\",\"name\":\"Schloss Torgelow\",\"image\":{\"@type\":\"ImageObject\",\"inLanguage\":\"fr-FR\",\"@id\":\"https:\/\/www.schlosstorgelow.de\/fr#\/schema\/person\/image\/\",\"url\":\"https:\/\/secure.gravatar.com\/avatar\/4bad9bf1bee90f77b98693d3ad03ade085c80c169595427c58c58e5b069f49e1?s=96&d=mm&r=g\",\"contentUrl\":\"https:\/\/secure.gravatar.com\/avatar\/4bad9bf1bee90f77b98693d3ad03ade085c80c169595427c58c58e5b069f49e1?s=96&d=mm&r=g\",\"caption\":\"Schloss Torgelow\"},\"sameAs\":[\"https:\/\/www.schlosstorgelow.de\"]}]}<\/script>\n<!-- \/ Yoast SEO plugin. -->","yoast_head_json":{"title":"\u00ab D\u00e9fi Faire le Bien \u00bb : Br\u00fblage de sapins de No\u00ebl","description":"Le projet \u00ab Doing Good Challenge \u00bb enthousiasme toujours avec ses visites \u00e0 la maison de retraite Ecktannen \u00e0 Waren.","robots":{"index":"index","follow":"follow","max-snippet":"max-snippet:-1","max-image-preview":"max-image-preview:large","max-video-preview":"max-video-preview:-1"},"canonical":"https:\/\/www.schlosstorgelow.de\/fr\/defi-du-bien-faire-brulage-de-sapins-de-noel","og_locale":"fr_FR","og_type":"article","og_title":"\u00ab D\u00e9fi Faire le Bien \u00bb : Br\u00fblage de sapins de No\u00ebl","og_description":"Le projet \u00ab Doing Good Challenge \u00bb enthousiasme toujours avec ses visites \u00e0 la maison de retraite Ecktannen \u00e0 Waren.","og_url":"https:\/\/www.schlosstorgelow.de\/fr\/defi-du-bien-faire-brulage-de-sapins-de-noel","og_site_name":"Schloss Torgelow","article_published_time":"2025-01-29T11:54:18+00:00","article_modified_time":"2026-01-12T07:28:12+00:00","author":"Schloss Torgelow","twitter_card":"summary_large_image","twitter_misc":{"\u00c9crit par":"Schloss Torgelow","Dur\u00e9e de lecture estim\u00e9e":"1 minute"},"schema":{"@context":"https:\/\/schema.org","@graph":[{"@type":"Article","@id":"https:\/\/www.schlosstorgelow.de\/fr\/defi-du-bien-faire-brulage-de-sapins-de-noel#article","isPartOf":{"@id":"https:\/\/www.schlosstorgelow.de\/fr\/defi-du-bien-faire-brulage-de-sapins-de-noel"},"author":{"name":"Schloss Torgelow","@id":"https:\/\/www.schlosstorgelow.de\/fr#\/schema\/person\/b76bbb367f3a20c7ced1339e4875691e"},"headline":"\u00ab\u00a0D\u00e9fi du Bien Faire\u00a0\u00bb : Br\u00fblage de sapins de No\u00ebl","datePublished":"2025-01-29T11:54:18+00:00","dateModified":"2026-01-12T07:28:12+00:00","mainEntityOfPage":{"@id":"https:\/\/www.schlosstorgelow.de\/fr\/defi-du-bien-faire-brulage-de-sapins-de-noel"},"wordCount":237,"image":{"@id":"https:\/\/www.schlosstorgelow.de\/fr\/defi-du-bien-faire-brulage-de-sapins-de-noel#primaryimage"},"thumbnailUrl":"https:\/\/www.schlosstorgelow.de\/wp-content\/uploads\/2025\/08\/christbaumverbrennen_header_st.avif","articleSection":["Actualit\u00e9s Torgelow"],"inLanguage":"fr-FR"},{"@type":"WebPage","@id":"https:\/\/www.schlosstorgelow.de\/fr\/defi-du-bien-faire-brulage-de-sapins-de-noel#webpage","url":"https:\/\/www.schlosstorgelow.de\/fr\/defi-du-bien-faire-brulage-de-sapins-de-noel","name":"\u00ab D\u00e9fi Faire le Bien \u00bb : Br\u00fblage de sapins de No\u00ebl","isPartOf":{"@id":"https:\/\/www.schlosstorgelow.de\/fr#website"},"primaryImageOfPage":{"@id":"https:\/\/www.schlosstorgelow.de\/fr\/defi-du-bien-faire-brulage-de-sapins-de-noel#primaryimage"},"image":{"@id":"https:\/\/www.schlosstorgelow.de\/fr\/defi-du-bien-faire-brulage-de-sapins-de-noel#primaryimage"},"thumbnailUrl":"https:\/\/www.schlosstorgelow.de\/wp-content\/uploads\/2025\/08\/christbaumverbrennen_header_st.avif","datePublished":"2025-01-29T11:54:18+00:00","dateModified":"2026-01-12T07:28:12+00:00","author":{"@id":"https:\/\/www.schlosstorgelow.de\/fr#\/schema\/person\/b76bbb367f3a20c7ced1339e4875691e"},"description":"Le projet \u00ab Doing Good Challenge \u00bb enthousiasme toujours avec ses visites \u00e0 la maison de retraite Ecktannen \u00e0 Waren.","breadcrumb":{"@id":"https:\/\/www.schlosstorgelow.de\/fr\/defi-du-bien-faire-brulage-de-sapins-de-noel#breadcrumb"},"inLanguage":"fr-FR","potentialAction":[{"@type":"ReadAction","target":["https:\/\/www.schlosstorgelow.de\/fr\/defi-du-bien-faire-brulage-de-sapins-de-noel"]}]},{"@type":"ImageObject","inLanguage":"fr-FR","@id":"https:\/\/www.schlosstorgelow.de\/fr\/defi-du-bien-faire-brulage-de-sapins-de-noel#primaryimage","url":"https:\/\/www.schlosstorgelow.de\/wp-content\/uploads\/2025\/08\/christbaumverbrennen_header_st.avif","contentUrl":"https:\/\/www.schlosstorgelow.de\/wp-content\/uploads\/2025\/08\/christbaumverbrennen_header_st.avif","width":1920,"height":1080,"caption":"\u00ab D\u00e9fi Bien Faire \u00bb : Br\u00fblage de sapins de No\u00ebl"},{"@type":"BreadcrumbList","@id":"https:\/\/www.schlosstorgelow.de\/fr\/defi-du-bien-faire-brulage-de-sapins-de-noel#breadcrumb","itemListElement":[{"@type":"ListItem","position":1,"name":"Startseite","item":"https:\/\/www.schlosstorgelow.de\/fr"},{"@type":"ListItem","position":2,"name":"&#8222;D\u00e9fi du Bien Faire&#8220; : Br\u00fblage de sapins de No\u00ebl"}]},{"@type":"WebSite","@id":"https:\/\/www.schlosstorgelow.de\/fr#website","url":"https:\/\/www.schlosstorgelow.de\/fr","name":"Schloss Torgelow","description":"Le lyc\u00e9e priv\u00e9 Schloss Torgelow \u2013 l'internat pour les \u00e9l\u00e8ves en qu\u00eate de d\u00e9fis.","potentialAction":[{"@type":"SearchAction","target":{"@type":"EntryPoint","urlTemplate":"https:\/\/www.schlosstorgelow.de\/fr?s={search_term_string}"},"query-input":{"@type":"PropertyValueSpecification","valueRequired":true,"valueName":"search_term_string"}}],"inLanguage":"fr-FR"},{"@type":"Person","@id":"https:\/\/www.schlosstorgelow.de\/fr#\/schema\/person\/b76bbb367f3a20c7ced1339e4875691e","name":"Schloss Torgelow","image":{"@type":"ImageObject","inLanguage":"fr-FR","@id":"https:\/\/www.schlosstorgelow.de\/fr#\/schema\/person\/image\/","url":"https:\/\/secure.gravatar.com\/avatar\/4bad9bf1bee90f77b98693d3ad03ade085c80c169595427c58c58e5b069f49e1?s=96&d=mm&r=g","contentUrl":"https:\/\/secure.gravatar.com\/avatar\/4bad9bf1bee90f77b98693d3ad03ade085c80c169595427c58c58e5b069f49e1?s=96&d=mm&r=g","caption":"Schloss Torgelow"},"sameAs":["https:\/\/www.schlosstorgelow.de"]}]}},"block_visibility_meta":[],"_links":{"self":[{"href":"https:\/\/www.schlosstorgelow.de\/fr\/wp-json\/wp\/v2\/posts\/82461","targetHints":{"allow":["GET"]}}],"collection":[{"href":"https:\/\/www.schlosstorgelow.de\/fr\/wp-json\/wp\/v2\/posts"}],"about":[{"href":"https:\/\/www.schlosstorgelow.de\/fr\/wp-json\/wp\/v2\/types\/post"}],"author":[{"embeddable":true,"href":"https:\/\/www.schlosstorgelow.de\/fr\/wp-json\/wp\/v2\/users\/1"}],"replies":[{"embeddable":true,"href":"https:\/\/www.schlosstorgelow.de\/fr\/wp-json\/wp\/v2\/comments?post=82461"}],"version-history":[{"count":0,"href":"https:\/\/www.schlosstorgelow.de\/fr\/wp-json\/wp\/v2\/posts\/82461\/revisions"}],"wp:featuredmedia":[{"embeddable":true,"href":"https:\/\/www.schlosstorgelow.de\/fr\/wp-json\/wp\/v2\/media\/69062"}],"wp:attachment":[{"href":"https:\/\/www.schlosstorgelow.de\/fr\/wp-json\/wp\/v2\/media?parent=82461"}],"wp:term":[{"taxonomy":"category","embeddable":true,"href":"https:\/\/www.schlosstorgelow.de\/fr\/wp-json\/wp\/v2\/categories?post=82461"},{"taxonomy":"post_tag","embeddable":true,"href":"https:\/\/www.schlosstorgelow.de\/fr\/wp-json\/wp\/v2\/tags?post=82461"}],"curies":[{"name":"wp","href":"https:\/\/api.w.org\/{rel}","templated":true}]}}