{"id":82455,"date":"2025-01-22T11:48:29","date_gmt":"2025-01-22T11:48:29","guid":{"rendered":"https:\/\/www.schlosstorgelow.de\/projet-dequipe-dathletisme-lors-des-championnats-regionaux-en-salle"},"modified":"2026-01-29T08:48:38","modified_gmt":"2026-01-29T07:48:38","slug":"projet-dequipe-dathletisme-lors-des-championnats-regionaux-en-salle","status":"publish","type":"post","link":"https:\/\/www.schlosstorgelow.de\/fr\/projet-dequipe-dathletisme-lors-des-championnats-regionaux-en-salle","title":{"rendered":"Projet d&rsquo;\u00e9quipe d&rsquo;athl\u00e9tisme lors des championnats r\u00e9gionaux en salle"},"content":{"rendered":"\n<p><i>Willi, \u00e9l\u00e8ve de la classe de 10 au Schloss Torgelow et membre du projet d&rsquo;\u00e9quipe d&rsquo;athl\u00e9tisme, avait de grandes ambitions pour les championnats r\u00e9gionaux en salle du Land du Mecklenbourg-Pom\u00e9ranie-Occidentale \u00e0 Neubrandenburg.<\/i><\/p>\n\n<p>Le samedi dernier (18 janvier 2025), Willi a particip\u00e9 dans la cat\u00e9gorie d&rsquo;\u00e2ge MJ U18 (c&rsquo;est-\u00e0-dire les 16 et 17 ans) au saut en longueur ainsi qu&rsquo;aux \u00e9preuves de sprint de 60m et 200m.<\/p>\n\n<p>D\u00e8s le d\u00e9but, il a rendu les choses tr\u00e8s excitantes. Apr\u00e8s deux tentatives invalides au saut en longueur, il \u00e9tait sur le point d&rsquo;\u00eatre \u00e9limin\u00e9, mais gr\u00e2ce \u00e0 sa force nerveuse et \u00e0 sa confiance en ses capacit\u00e9s, il s&rsquo;est assur\u00e9 une place en finale avec un saut de 6,38m, o\u00f9 il a ensuite r\u00e9alis\u00e9 une nouvelle performance exceptionnelle de 6,53m lors de sa derni\u00e8re tentative, remportant ainsi la m\u00e9daille d&rsquo;or de mani\u00e8re souveraine. <\/p>\n\n<p>Willi a consolid\u00e9 cette tr\u00e8s bonne performance sur 60 m avec un nouveau meilleur temps de 7,38 secondes et une 5\u00e8me place. Sur 200 m, il a ensuite remport\u00e9 la m\u00e9daille de bronze avec un temps de 23,57 secondes.<\/p>\n\n<p>Aux c\u00f4t\u00e9s de Willi, Kacy a particip\u00e9 chez les filles de la cat\u00e9gorie d&rsquo;\u00e2ge 13 sur la distance de 60 m haies, mais a malheureusement rat\u00e9 la finale de peu et s&rsquo;est class\u00e9e 9e.<\/p>\n\n<p>Les \u00e9l\u00e8ves Ada et Maria, apr\u00e8s avoir r\u00e9ussi leur stage de juge, ont une fois de plus contribu\u00e9 de mani\u00e8re exemplaire en tant que juges \u00e0 la r\u00e9alisation de l&rsquo;\u00e9v\u00e9nement, si bien qu&rsquo;en fin de compte, l&rsquo;organisateur les a remerci\u00e9es personnellement pour leur travail responsable.<\/p>\n","protected":false},"excerpt":{"rendered":"<p>Le projet d&rsquo;\u00e9quipe d&rsquo;athl\u00e9tisme c\u00e9l\u00e8bre de nombreux succ\u00e8s et une m\u00e9daille d&rsquo;or lors des championnats de r\u00e9gion en salle du Mecklembourg-Pom\u00e9ranie-Occidentale.<\/p>\n","protected":false},"author":1,"featured_media":44147,"comment_status":"closed","ping_status":"closed","sticky":false,"template":"","format":"standard","meta":{"_acf_changed":false,"_yoast_wpseo_title":"Projet d'\u00e9quipe d'athl\u00e9tisme lors des championnats r\u00e9gionaux en salle","_yoast_wpseo_metadesc":"Le projet d\u2019athl\u00e9tisme a remport\u00e9 de nombreux succ\u00e8s, dont une m\u00e9daille d\u2019or aux championnats r\u00e9gionaux en salle.","excerpt":"Le projet d'\u00e9quipe d'athl\u00e9tisme c\u00e9l\u00e8bre de nombreux succ\u00e8s et une m\u00e9daille d'or lors des championnats de r\u00e9gion en salle du Mecklembourg-Pom\u00e9ranie-Occidentale.","footnotes":""},"categories":[33],"tags":[],"class_list":{"0":"post-82455","1":"post","2":"type-post","3":"status-publish","4":"format-standard","5":"has-post-thumbnail","7":"category-actualites-torgelow"},"acf":[],"yoast_head":"<!-- This site is optimized with the Yoast SEO plugin v26.9 - https:\/\/yoast.com\/product\/yoast-seo-wordpress\/ -->\n<title>Projet d&#039;\u00e9quipe d&#039;athl\u00e9tisme lors des championnats r\u00e9gionaux en salle<\/title>\n<meta name=\"description\" content=\"Le projet d\u2019athl\u00e9tisme a remport\u00e9 de nombreux succ\u00e8s, dont une m\u00e9daille d\u2019or aux championnats r\u00e9gionaux en salle.\" \/>\n<meta name=\"robots\" content=\"index, follow, max-snippet:-1, max-image-preview:large, max-video-preview:-1\" \/>\n<link rel=\"canonical\" href=\"https:\/\/www.schlosstorgelow.de\/fr\/projet-dequipe-dathletisme-lors-des-championnats-regionaux-en-salle\" \/>\n<meta property=\"og:locale\" content=\"fr_FR\" \/>\n<meta property=\"og:type\" content=\"article\" \/>\n<meta property=\"og:title\" content=\"Projet d&#039;\u00e9quipe d&#039;athl\u00e9tisme lors des championnats r\u00e9gionaux en salle\" \/>\n<meta property=\"og:description\" content=\"Le projet d\u2019athl\u00e9tisme a remport\u00e9 de nombreux succ\u00e8s, dont une m\u00e9daille d\u2019or aux championnats r\u00e9gionaux en salle.\" \/>\n<meta property=\"og:url\" content=\"https:\/\/www.schlosstorgelow.de\/fr\/projet-dequipe-dathletisme-lors-des-championnats-regionaux-en-salle\" \/>\n<meta property=\"og:site_name\" content=\"Schloss Torgelow\" \/>\n<meta property=\"article:published_time\" content=\"2025-01-22T11:48:29+00:00\" \/>\n<meta property=\"article:modified_time\" content=\"2026-01-29T07:48:38+00:00\" \/>\n<meta name=\"author\" content=\"Schloss Torgelow\" \/>\n<meta name=\"twitter:card\" content=\"summary_large_image\" \/>\n<meta name=\"twitter:label1\" content=\"\u00c9crit par\" \/>\n\t<meta name=\"twitter:data1\" content=\"Schloss Torgelow\" \/>\n\t<meta name=\"twitter:label2\" content=\"Dur\u00e9e de lecture estim\u00e9e\" \/>\n\t<meta name=\"twitter:data2\" content=\"1 minute\" \/>\n<script type=\"application\/ld+json\" class=\"yoast-schema-graph\">{\"@context\":\"https:\/\/schema.org\",\"@graph\":[{\"@type\":\"Article\",\"@id\":\"https:\/\/www.schlosstorgelow.de\/fr\/projet-dequipe-dathletisme-lors-des-championnats-regionaux-en-salle#article\",\"isPartOf\":{\"@id\":\"https:\/\/www.schlosstorgelow.de\/fr\/projet-dequipe-dathletisme-lors-des-championnats-regionaux-en-salle\"},\"author\":{\"name\":\"Schloss Torgelow\",\"@id\":\"https:\/\/www.schlosstorgelow.de\/fr#\/schema\/person\/b76bbb367f3a20c7ced1339e4875691e\"},\"headline\":\"Projet d&rsquo;\u00e9quipe d&rsquo;athl\u00e9tisme lors des championnats r\u00e9gionaux en salle\",\"datePublished\":\"2025-01-22T11:48:29+00:00\",\"dateModified\":\"2026-01-29T07:48:38+00:00\",\"mainEntityOfPage\":{\"@id\":\"https:\/\/www.schlosstorgelow.de\/fr\/projet-dequipe-dathletisme-lors-des-championnats-regionaux-en-salle\"},\"wordCount\":298,\"image\":{\"@id\":\"https:\/\/www.schlosstorgelow.de\/fr\/projet-dequipe-dathletisme-lors-des-championnats-regionaux-en-salle#primaryimage\"},\"thumbnailUrl\":\"https:\/\/www.schlosstorgelow.de\/wp-content\/uploads\/2025\/07\/willi-weitsprung_header_st.avif\",\"articleSection\":[\"Actualit\u00e9s Torgelow\"],\"inLanguage\":\"fr-FR\"},{\"@type\":\"WebPage\",\"@id\":\"https:\/\/www.schlosstorgelow.de\/fr\/projet-dequipe-dathletisme-lors-des-championnats-regionaux-en-salle#webpage\",\"url\":\"https:\/\/www.schlosstorgelow.de\/fr\/projet-dequipe-dathletisme-lors-des-championnats-regionaux-en-salle\",\"name\":\"Projet d'\u00e9quipe d'athl\u00e9tisme lors des championnats r\u00e9gionaux en salle\",\"isPartOf\":{\"@id\":\"https:\/\/www.schlosstorgelow.de\/fr#website\"},\"primaryImageOfPage\":{\"@id\":\"https:\/\/www.schlosstorgelow.de\/fr\/projet-dequipe-dathletisme-lors-des-championnats-regionaux-en-salle#primaryimage\"},\"image\":{\"@id\":\"https:\/\/www.schlosstorgelow.de\/fr\/projet-dequipe-dathletisme-lors-des-championnats-regionaux-en-salle#primaryimage\"},\"thumbnailUrl\":\"https:\/\/www.schlosstorgelow.de\/wp-content\/uploads\/2025\/07\/willi-weitsprung_header_st.avif\",\"datePublished\":\"2025-01-22T11:48:29+00:00\",\"dateModified\":\"2026-01-29T07:48:38+00:00\",\"author\":{\"@id\":\"https:\/\/www.schlosstorgelow.de\/fr#\/schema\/person\/b76bbb367f3a20c7ced1339e4875691e\"},\"description\":\"Le projet d\u2019athl\u00e9tisme a remport\u00e9 de nombreux succ\u00e8s, dont une m\u00e9daille d\u2019or aux championnats r\u00e9gionaux en salle.\",\"breadcrumb\":{\"@id\":\"https:\/\/www.schlosstorgelow.de\/fr\/projet-dequipe-dathletisme-lors-des-championnats-regionaux-en-salle#breadcrumb\"},\"inLanguage\":\"fr-FR\",\"potentialAction\":[{\"@type\":\"ReadAction\",\"target\":[\"https:\/\/www.schlosstorgelow.de\/fr\/projet-dequipe-dathletisme-lors-des-championnats-regionaux-en-salle\"]}]},{\"@type\":\"ImageObject\",\"inLanguage\":\"fr-FR\",\"@id\":\"https:\/\/www.schlosstorgelow.de\/fr\/projet-dequipe-dathletisme-lors-des-championnats-regionaux-en-salle#primaryimage\",\"url\":\"https:\/\/www.schlosstorgelow.de\/wp-content\/uploads\/2025\/07\/willi-weitsprung_header_st.avif\",\"contentUrl\":\"https:\/\/www.schlosstorgelow.de\/wp-content\/uploads\/2025\/07\/willi-weitsprung_header_st.avif\",\"width\":1920,\"height\":1080,\"caption\":\"Projet d'\u00e9quipe d'athl\u00e9tisme lors des championnats r\u00e9gionaux en salle\"},{\"@type\":\"BreadcrumbList\",\"@id\":\"https:\/\/www.schlosstorgelow.de\/fr\/projet-dequipe-dathletisme-lors-des-championnats-regionaux-en-salle#breadcrumb\",\"itemListElement\":[{\"@type\":\"ListItem\",\"position\":1,\"name\":\"Startseite\",\"item\":\"https:\/\/www.schlosstorgelow.de\/fr\"},{\"@type\":\"ListItem\",\"position\":2,\"name\":\"Projet d&rsquo;\u00e9quipe d&rsquo;athl\u00e9tisme lors des championnats r\u00e9gionaux en salle\"}]},{\"@type\":\"WebSite\",\"@id\":\"https:\/\/www.schlosstorgelow.de\/fr#website\",\"url\":\"https:\/\/www.schlosstorgelow.de\/fr\",\"name\":\"Schloss Torgelow\",\"description\":\"Le lyc\u00e9e priv\u00e9 Schloss Torgelow \u2013 l'internat pour les \u00e9l\u00e8ves en qu\u00eate de d\u00e9fis.\",\"potentialAction\":[{\"@type\":\"SearchAction\",\"target\":{\"@type\":\"EntryPoint\",\"urlTemplate\":\"https:\/\/www.schlosstorgelow.de\/fr?s={search_term_string}\"},\"query-input\":{\"@type\":\"PropertyValueSpecification\",\"valueRequired\":true,\"valueName\":\"search_term_string\"}}],\"inLanguage\":\"fr-FR\"},{\"@type\":\"Person\",\"@id\":\"https:\/\/www.schlosstorgelow.de\/fr#\/schema\/person\/b76bbb367f3a20c7ced1339e4875691e\",\"name\":\"Schloss Torgelow\",\"image\":{\"@type\":\"ImageObject\",\"inLanguage\":\"fr-FR\",\"@id\":\"https:\/\/www.schlosstorgelow.de\/fr#\/schema\/person\/image\/\",\"url\":\"https:\/\/secure.gravatar.com\/avatar\/4bad9bf1bee90f77b98693d3ad03ade085c80c169595427c58c58e5b069f49e1?s=96&d=mm&r=g\",\"contentUrl\":\"https:\/\/secure.gravatar.com\/avatar\/4bad9bf1bee90f77b98693d3ad03ade085c80c169595427c58c58e5b069f49e1?s=96&d=mm&r=g\",\"caption\":\"Schloss Torgelow\"},\"sameAs\":[\"https:\/\/www.schlosstorgelow.de\"]}]}<\/script>\n<!-- \/ Yoast SEO plugin. -->","yoast_head_json":{"title":"Projet d'\u00e9quipe d'athl\u00e9tisme lors des championnats r\u00e9gionaux en salle","description":"Le projet d\u2019athl\u00e9tisme a remport\u00e9 de nombreux succ\u00e8s, dont une m\u00e9daille d\u2019or aux championnats r\u00e9gionaux en salle.","robots":{"index":"index","follow":"follow","max-snippet":"max-snippet:-1","max-image-preview":"max-image-preview:large","max-video-preview":"max-video-preview:-1"},"canonical":"https:\/\/www.schlosstorgelow.de\/fr\/projet-dequipe-dathletisme-lors-des-championnats-regionaux-en-salle","og_locale":"fr_FR","og_type":"article","og_title":"Projet d'\u00e9quipe d'athl\u00e9tisme lors des championnats r\u00e9gionaux en salle","og_description":"Le projet d\u2019athl\u00e9tisme a remport\u00e9 de nombreux succ\u00e8s, dont une m\u00e9daille d\u2019or aux championnats r\u00e9gionaux en salle.","og_url":"https:\/\/www.schlosstorgelow.de\/fr\/projet-dequipe-dathletisme-lors-des-championnats-regionaux-en-salle","og_site_name":"Schloss Torgelow","article_published_time":"2025-01-22T11:48:29+00:00","article_modified_time":"2026-01-29T07:48:38+00:00","author":"Schloss Torgelow","twitter_card":"summary_large_image","twitter_misc":{"\u00c9crit par":"Schloss Torgelow","Dur\u00e9e de lecture estim\u00e9e":"1 minute"},"schema":{"@context":"https:\/\/schema.org","@graph":[{"@type":"Article","@id":"https:\/\/www.schlosstorgelow.de\/fr\/projet-dequipe-dathletisme-lors-des-championnats-regionaux-en-salle#article","isPartOf":{"@id":"https:\/\/www.schlosstorgelow.de\/fr\/projet-dequipe-dathletisme-lors-des-championnats-regionaux-en-salle"},"author":{"name":"Schloss Torgelow","@id":"https:\/\/www.schlosstorgelow.de\/fr#\/schema\/person\/b76bbb367f3a20c7ced1339e4875691e"},"headline":"Projet d&rsquo;\u00e9quipe d&rsquo;athl\u00e9tisme lors des championnats r\u00e9gionaux en salle","datePublished":"2025-01-22T11:48:29+00:00","dateModified":"2026-01-29T07:48:38+00:00","mainEntityOfPage":{"@id":"https:\/\/www.schlosstorgelow.de\/fr\/projet-dequipe-dathletisme-lors-des-championnats-regionaux-en-salle"},"wordCount":298,"image":{"@id":"https:\/\/www.schlosstorgelow.de\/fr\/projet-dequipe-dathletisme-lors-des-championnats-regionaux-en-salle#primaryimage"},"thumbnailUrl":"https:\/\/www.schlosstorgelow.de\/wp-content\/uploads\/2025\/07\/willi-weitsprung_header_st.avif","articleSection":["Actualit\u00e9s Torgelow"],"inLanguage":"fr-FR"},{"@type":"WebPage","@id":"https:\/\/www.schlosstorgelow.de\/fr\/projet-dequipe-dathletisme-lors-des-championnats-regionaux-en-salle#webpage","url":"https:\/\/www.schlosstorgelow.de\/fr\/projet-dequipe-dathletisme-lors-des-championnats-regionaux-en-salle","name":"Projet d'\u00e9quipe d'athl\u00e9tisme lors des championnats r\u00e9gionaux en salle","isPartOf":{"@id":"https:\/\/www.schlosstorgelow.de\/fr#website"},"primaryImageOfPage":{"@id":"https:\/\/www.schlosstorgelow.de\/fr\/projet-dequipe-dathletisme-lors-des-championnats-regionaux-en-salle#primaryimage"},"image":{"@id":"https:\/\/www.schlosstorgelow.de\/fr\/projet-dequipe-dathletisme-lors-des-championnats-regionaux-en-salle#primaryimage"},"thumbnailUrl":"https:\/\/www.schlosstorgelow.de\/wp-content\/uploads\/2025\/07\/willi-weitsprung_header_st.avif","datePublished":"2025-01-22T11:48:29+00:00","dateModified":"2026-01-29T07:48:38+00:00","author":{"@id":"https:\/\/www.schlosstorgelow.de\/fr#\/schema\/person\/b76bbb367f3a20c7ced1339e4875691e"},"description":"Le projet d\u2019athl\u00e9tisme a remport\u00e9 de nombreux succ\u00e8s, dont une m\u00e9daille d\u2019or aux championnats r\u00e9gionaux en salle.","breadcrumb":{"@id":"https:\/\/www.schlosstorgelow.de\/fr\/projet-dequipe-dathletisme-lors-des-championnats-regionaux-en-salle#breadcrumb"},"inLanguage":"fr-FR","potentialAction":[{"@type":"ReadAction","target":["https:\/\/www.schlosstorgelow.de\/fr\/projet-dequipe-dathletisme-lors-des-championnats-regionaux-en-salle"]}]},{"@type":"ImageObject","inLanguage":"fr-FR","@id":"https:\/\/www.schlosstorgelow.de\/fr\/projet-dequipe-dathletisme-lors-des-championnats-regionaux-en-salle#primaryimage","url":"https:\/\/www.schlosstorgelow.de\/wp-content\/uploads\/2025\/07\/willi-weitsprung_header_st.avif","contentUrl":"https:\/\/www.schlosstorgelow.de\/wp-content\/uploads\/2025\/07\/willi-weitsprung_header_st.avif","width":1920,"height":1080,"caption":"Projet d'\u00e9quipe d'athl\u00e9tisme lors des championnats r\u00e9gionaux en salle"},{"@type":"BreadcrumbList","@id":"https:\/\/www.schlosstorgelow.de\/fr\/projet-dequipe-dathletisme-lors-des-championnats-regionaux-en-salle#breadcrumb","itemListElement":[{"@type":"ListItem","position":1,"name":"Startseite","item":"https:\/\/www.schlosstorgelow.de\/fr"},{"@type":"ListItem","position":2,"name":"Projet d&rsquo;\u00e9quipe d&rsquo;athl\u00e9tisme lors des championnats r\u00e9gionaux en salle"}]},{"@type":"WebSite","@id":"https:\/\/www.schlosstorgelow.de\/fr#website","url":"https:\/\/www.schlosstorgelow.de\/fr","name":"Schloss Torgelow","description":"Le lyc\u00e9e priv\u00e9 Schloss Torgelow \u2013 l'internat pour les \u00e9l\u00e8ves en qu\u00eate de d\u00e9fis.","potentialAction":[{"@type":"SearchAction","target":{"@type":"EntryPoint","urlTemplate":"https:\/\/www.schlosstorgelow.de\/fr?s={search_term_string}"},"query-input":{"@type":"PropertyValueSpecification","valueRequired":true,"valueName":"search_term_string"}}],"inLanguage":"fr-FR"},{"@type":"Person","@id":"https:\/\/www.schlosstorgelow.de\/fr#\/schema\/person\/b76bbb367f3a20c7ced1339e4875691e","name":"Schloss Torgelow","image":{"@type":"ImageObject","inLanguage":"fr-FR","@id":"https:\/\/www.schlosstorgelow.de\/fr#\/schema\/person\/image\/","url":"https:\/\/secure.gravatar.com\/avatar\/4bad9bf1bee90f77b98693d3ad03ade085c80c169595427c58c58e5b069f49e1?s=96&d=mm&r=g","contentUrl":"https:\/\/secure.gravatar.com\/avatar\/4bad9bf1bee90f77b98693d3ad03ade085c80c169595427c58c58e5b069f49e1?s=96&d=mm&r=g","caption":"Schloss Torgelow"},"sameAs":["https:\/\/www.schlosstorgelow.de"]}]}},"block_visibility_meta":[],"_links":{"self":[{"href":"https:\/\/www.schlosstorgelow.de\/fr\/wp-json\/wp\/v2\/posts\/82455","targetHints":{"allow":["GET"]}}],"collection":[{"href":"https:\/\/www.schlosstorgelow.de\/fr\/wp-json\/wp\/v2\/posts"}],"about":[{"href":"https:\/\/www.schlosstorgelow.de\/fr\/wp-json\/wp\/v2\/types\/post"}],"author":[{"embeddable":true,"href":"https:\/\/www.schlosstorgelow.de\/fr\/wp-json\/wp\/v2\/users\/1"}],"replies":[{"embeddable":true,"href":"https:\/\/www.schlosstorgelow.de\/fr\/wp-json\/wp\/v2\/comments?post=82455"}],"version-history":[{"count":0,"href":"https:\/\/www.schlosstorgelow.de\/fr\/wp-json\/wp\/v2\/posts\/82455\/revisions"}],"wp:featuredmedia":[{"embeddable":true,"href":"https:\/\/www.schlosstorgelow.de\/fr\/wp-json\/wp\/v2\/media\/44147"}],"wp:attachment":[{"href":"https:\/\/www.schlosstorgelow.de\/fr\/wp-json\/wp\/v2\/media?parent=82455"}],"wp:term":[{"taxonomy":"category","embeddable":true,"href":"https:\/\/www.schlosstorgelow.de\/fr\/wp-json\/wp\/v2\/categories?post=82455"},{"taxonomy":"post_tag","embeddable":true,"href":"https:\/\/www.schlosstorgelow.de\/fr\/wp-json\/wp\/v2\/tags?post=82455"}],"curies":[{"name":"wp","href":"https:\/\/api.w.org\/{rel}","templated":true}]}}