{"id":82447,"date":"2025-01-14T11:43:43","date_gmt":"2025-01-14T11:43:43","guid":{"rendered":"https:\/\/www.schlosstorgelow.de\/deux-villes-hanseatiques-dun-coup"},"modified":"2026-01-23T07:27:33","modified_gmt":"2026-01-23T07:27:33","slug":"deux-villes-hanseatiques-dun-coup","status":"publish","type":"post","link":"https:\/\/www.schlosstorgelow.de\/fr\/deux-villes-hanseatiques-dun-coup","title":{"rendered":"Deux villes hans\u00e9atiques d&rsquo;un coup"},"content":{"rendered":"\n<p>En classe de premi\u00e8re, qui chez nous s&rsquo;appelle K1, <a href=\"https:\/\/www.schlosstorgelow.de\/fr\/orientation-professionnelle\">l&rsquo;orientation professionnelle<\/a><i> En lettres majuscules. Pour cette raison, toute la classe de premi\u00e8re, accompagn\u00e9e de trois enseignants, s&rsquo;est rendue pour une excursion d&rsquo;une journ\u00e9e dans la ville universitaire de Greifswald. <\/i><\/p>\n\n<p>La premi\u00e8re partie de la journ\u00e9e \u00e9tait consacr\u00e9e \u00e0 la visite du v\u00e9n\u00e9rable b\u00e2timent universitaire, o\u00f9 nous avons eu le plaisir de prendre place dans l&rsquo;amphith\u00e9\u00e2tre historique. Par la suite, il y a eu une s\u00e9ance d&rsquo;introduction \u00e0 l&rsquo;\u00e9tude de la m\u00e9decine et un aper\u00e7u des sciences environnementales. Les deux \u00e9v\u00e9nements \u00e9taient super int\u00e9ressants. C&rsquo;\u00e9tait g\u00e9nial que nous puissions poser des questions directement et ainsi \u00e9changer avec les enseignants.   <\/p>\n\n<p>Apr\u00e8s un d\u00eener \u00e0 Stralsund, une visite au th\u00e9\u00e2tre \u00e9tait au programme. Un slam de po\u00e9sie y \u00e9tait pr\u00e9sent\u00e9, o\u00f9 cinq artistes se sont exprim\u00e9s avec des textes joyeux, critiques et r\u00e9fl\u00e9chis qu&rsquo;ils avaient \u00e9crits eux-m\u00eames. Certains \u00e9l\u00e8ves de la classe ont m\u00eame eu l&rsquo;occasion de servir de jur\u00e9s et de noter les performances pr\u00e9sent\u00e9es. C&rsquo;\u00e9tait vraiment tr\u00e8s amusant !   <\/p>\n\n<p>C&rsquo;\u00e9tait une journ\u00e9e formidable, informative et divertissante, qui a donn\u00e9 envie d&rsquo;\u00e9tudier et a suscit\u00e9 de la joie pour la litt\u00e9rature.<\/p>\n\n<p>Un remerciement chaleureux \u00e0 notre chauffeur de bus, M. Graedtke, qui nous a ramen\u00e9s en toute s\u00e9curit\u00e9 \u00e0 Torgelow malgr\u00e9 une forte temp\u00eate de neige.<\/p>\n","protected":false},"excerpt":{"rendered":"<p>L&rsquo;\u00e9cole secondaire visite l&rsquo;universit\u00e9 de Greifswald et le th\u00e9\u00e2tre de Stralsund dans le cadre d&rsquo;une excursion d&rsquo;une journ\u00e9e.<\/p>\n","protected":false},"author":1,"featured_media":69027,"comment_status":"closed","ping_status":"closed","sticky":false,"template":"","format":"standard","meta":{"_acf_changed":false,"_yoast_wpseo_title":"Deux villes hans\u00e9atiques d'un coup","_yoast_wpseo_metadesc":"L'\u00e9cole secondaire visite l'universit\u00e9 de Greifswald et le th\u00e9\u00e2tre de Stralsund dans le cadre d'une excursion d'une journ\u00e9e.","excerpt":"L'\u00e9cole secondaire visite l'universit\u00e9 de Greifswald et le th\u00e9\u00e2tre de Stralsund dans le cadre d'une excursion d'une journ\u00e9e.","footnotes":""},"categories":[33],"tags":[],"class_list":{"0":"post-82447","1":"post","2":"type-post","3":"status-publish","4":"format-standard","5":"has-post-thumbnail","7":"category-actualites-torgelow"},"acf":[],"yoast_head":"<!-- This site is optimized with the Yoast SEO plugin v26.9 - https:\/\/yoast.com\/product\/yoast-seo-wordpress\/ -->\n<title>Deux villes hans\u00e9atiques d&#039;un coup<\/title>\n<meta name=\"description\" content=\"L&#039;\u00e9cole secondaire visite l&#039;universit\u00e9 de Greifswald et le th\u00e9\u00e2tre de Stralsund dans le cadre d&#039;une excursion d&#039;une journ\u00e9e.\" \/>\n<meta name=\"robots\" content=\"index, follow, max-snippet:-1, max-image-preview:large, max-video-preview:-1\" \/>\n<link rel=\"canonical\" href=\"https:\/\/www.schlosstorgelow.de\/fr\/deux-villes-hanseatiques-dun-coup\" \/>\n<meta property=\"og:locale\" content=\"fr_FR\" \/>\n<meta property=\"og:type\" content=\"article\" \/>\n<meta property=\"og:title\" content=\"Deux villes hans\u00e9atiques d&#039;un coup\" \/>\n<meta property=\"og:description\" content=\"L&#039;\u00e9cole secondaire visite l&#039;universit\u00e9 de Greifswald et le th\u00e9\u00e2tre de Stralsund dans le cadre d&#039;une excursion d&#039;une journ\u00e9e.\" \/>\n<meta property=\"og:url\" content=\"https:\/\/www.schlosstorgelow.de\/fr\/deux-villes-hanseatiques-dun-coup\" \/>\n<meta property=\"og:site_name\" content=\"Schloss Torgelow\" \/>\n<meta property=\"article:published_time\" content=\"2025-01-14T11:43:43+00:00\" \/>\n<meta property=\"article:modified_time\" content=\"2026-01-23T07:27:33+00:00\" \/>\n<meta name=\"author\" content=\"Schloss Torgelow\" \/>\n<meta name=\"twitter:card\" content=\"summary_large_image\" \/>\n<meta name=\"twitter:label1\" content=\"\u00c9crit par\" \/>\n\t<meta name=\"twitter:data1\" content=\"Schloss Torgelow\" \/>\n\t<meta name=\"twitter:label2\" content=\"Dur\u00e9e de lecture estim\u00e9e\" \/>\n\t<meta name=\"twitter:data2\" content=\"1 minute\" \/>\n<script type=\"application\/ld+json\" class=\"yoast-schema-graph\">{\"@context\":\"https:\/\/schema.org\",\"@graph\":[{\"@type\":\"Article\",\"@id\":\"https:\/\/www.schlosstorgelow.de\/fr\/deux-villes-hanseatiques-dun-coup#article\",\"isPartOf\":{\"@id\":\"https:\/\/www.schlosstorgelow.de\/fr\/deux-villes-hanseatiques-dun-coup\"},\"author\":{\"name\":\"Schloss Torgelow\",\"@id\":\"https:\/\/www.schlosstorgelow.de\/fr#\/schema\/person\/b76bbb367f3a20c7ced1339e4875691e\"},\"headline\":\"Deux villes hans\u00e9atiques d&rsquo;un coup\",\"datePublished\":\"2025-01-14T11:43:43+00:00\",\"dateModified\":\"2026-01-23T07:27:33+00:00\",\"mainEntityOfPage\":{\"@id\":\"https:\/\/www.schlosstorgelow.de\/fr\/deux-villes-hanseatiques-dun-coup\"},\"wordCount\":265,\"image\":{\"@id\":\"https:\/\/www.schlosstorgelow.de\/fr\/deux-villes-hanseatiques-dun-coup#primaryimage\"},\"thumbnailUrl\":\"https:\/\/www.schlosstorgelow.de\/wp-content\/uploads\/2025\/08\/exkursion-greifswald-stralsund_header_st.avif\",\"articleSection\":[\"Actualit\u00e9s Torgelow\"],\"inLanguage\":\"fr-FR\"},{\"@type\":\"WebPage\",\"@id\":\"https:\/\/www.schlosstorgelow.de\/fr\/deux-villes-hanseatiques-dun-coup#webpage\",\"url\":\"https:\/\/www.schlosstorgelow.de\/fr\/deux-villes-hanseatiques-dun-coup\",\"name\":\"Deux villes hans\u00e9atiques d'un coup\",\"isPartOf\":{\"@id\":\"https:\/\/www.schlosstorgelow.de\/fr#website\"},\"primaryImageOfPage\":{\"@id\":\"https:\/\/www.schlosstorgelow.de\/fr\/deux-villes-hanseatiques-dun-coup#primaryimage\"},\"image\":{\"@id\":\"https:\/\/www.schlosstorgelow.de\/fr\/deux-villes-hanseatiques-dun-coup#primaryimage\"},\"thumbnailUrl\":\"https:\/\/www.schlosstorgelow.de\/wp-content\/uploads\/2025\/08\/exkursion-greifswald-stralsund_header_st.avif\",\"datePublished\":\"2025-01-14T11:43:43+00:00\",\"dateModified\":\"2026-01-23T07:27:33+00:00\",\"author\":{\"@id\":\"https:\/\/www.schlosstorgelow.de\/fr#\/schema\/person\/b76bbb367f3a20c7ced1339e4875691e\"},\"description\":\"L'\u00e9cole secondaire visite l'universit\u00e9 de Greifswald et le th\u00e9\u00e2tre de Stralsund dans le cadre d'une excursion d'une journ\u00e9e.\",\"breadcrumb\":{\"@id\":\"https:\/\/www.schlosstorgelow.de\/fr\/deux-villes-hanseatiques-dun-coup#breadcrumb\"},\"inLanguage\":\"fr-FR\",\"potentialAction\":[{\"@type\":\"ReadAction\",\"target\":[\"https:\/\/www.schlosstorgelow.de\/fr\/deux-villes-hanseatiques-dun-coup\"]}]},{\"@type\":\"ImageObject\",\"inLanguage\":\"fr-FR\",\"@id\":\"https:\/\/www.schlosstorgelow.de\/fr\/deux-villes-hanseatiques-dun-coup#primaryimage\",\"url\":\"https:\/\/www.schlosstorgelow.de\/wp-content\/uploads\/2025\/08\/exkursion-greifswald-stralsund_header_st.avif\",\"contentUrl\":\"https:\/\/www.schlosstorgelow.de\/wp-content\/uploads\/2025\/08\/exkursion-greifswald-stralsund_header_st.avif\",\"width\":1920,\"height\":1080,\"caption\":\"Deux villes hans\u00e9atiques d'un coup.\"},{\"@type\":\"BreadcrumbList\",\"@id\":\"https:\/\/www.schlosstorgelow.de\/fr\/deux-villes-hanseatiques-dun-coup#breadcrumb\",\"itemListElement\":[{\"@type\":\"ListItem\",\"position\":1,\"name\":\"Startseite\",\"item\":\"https:\/\/www.schlosstorgelow.de\/fr\"},{\"@type\":\"ListItem\",\"position\":2,\"name\":\"Deux villes hans\u00e9atiques d&rsquo;un coup\"}]},{\"@type\":\"WebSite\",\"@id\":\"https:\/\/www.schlosstorgelow.de\/fr#website\",\"url\":\"https:\/\/www.schlosstorgelow.de\/fr\",\"name\":\"Schloss Torgelow\",\"description\":\"Le lyc\u00e9e priv\u00e9 Schloss Torgelow \u2013 l'internat pour les \u00e9l\u00e8ves en qu\u00eate de d\u00e9fis.\",\"potentialAction\":[{\"@type\":\"SearchAction\",\"target\":{\"@type\":\"EntryPoint\",\"urlTemplate\":\"https:\/\/www.schlosstorgelow.de\/fr?s={search_term_string}\"},\"query-input\":{\"@type\":\"PropertyValueSpecification\",\"valueRequired\":true,\"valueName\":\"search_term_string\"}}],\"inLanguage\":\"fr-FR\"},{\"@type\":\"Person\",\"@id\":\"https:\/\/www.schlosstorgelow.de\/fr#\/schema\/person\/b76bbb367f3a20c7ced1339e4875691e\",\"name\":\"Schloss Torgelow\",\"image\":{\"@type\":\"ImageObject\",\"inLanguage\":\"fr-FR\",\"@id\":\"https:\/\/www.schlosstorgelow.de\/fr#\/schema\/person\/image\/\",\"url\":\"https:\/\/secure.gravatar.com\/avatar\/4bad9bf1bee90f77b98693d3ad03ade085c80c169595427c58c58e5b069f49e1?s=96&d=mm&r=g\",\"contentUrl\":\"https:\/\/secure.gravatar.com\/avatar\/4bad9bf1bee90f77b98693d3ad03ade085c80c169595427c58c58e5b069f49e1?s=96&d=mm&r=g\",\"caption\":\"Schloss Torgelow\"},\"sameAs\":[\"https:\/\/www.schlosstorgelow.de\"]}]}<\/script>\n<!-- \/ Yoast SEO plugin. -->","yoast_head_json":{"title":"Deux villes hans\u00e9atiques d'un coup","description":"L'\u00e9cole secondaire visite l'universit\u00e9 de Greifswald et le th\u00e9\u00e2tre de Stralsund dans le cadre d'une excursion d'une journ\u00e9e.","robots":{"index":"index","follow":"follow","max-snippet":"max-snippet:-1","max-image-preview":"max-image-preview:large","max-video-preview":"max-video-preview:-1"},"canonical":"https:\/\/www.schlosstorgelow.de\/fr\/deux-villes-hanseatiques-dun-coup","og_locale":"fr_FR","og_type":"article","og_title":"Deux villes hans\u00e9atiques d'un coup","og_description":"L'\u00e9cole secondaire visite l'universit\u00e9 de Greifswald et le th\u00e9\u00e2tre de Stralsund dans le cadre d'une excursion d'une journ\u00e9e.","og_url":"https:\/\/www.schlosstorgelow.de\/fr\/deux-villes-hanseatiques-dun-coup","og_site_name":"Schloss Torgelow","article_published_time":"2025-01-14T11:43:43+00:00","article_modified_time":"2026-01-23T07:27:33+00:00","author":"Schloss Torgelow","twitter_card":"summary_large_image","twitter_misc":{"\u00c9crit par":"Schloss Torgelow","Dur\u00e9e de lecture estim\u00e9e":"1 minute"},"schema":{"@context":"https:\/\/schema.org","@graph":[{"@type":"Article","@id":"https:\/\/www.schlosstorgelow.de\/fr\/deux-villes-hanseatiques-dun-coup#article","isPartOf":{"@id":"https:\/\/www.schlosstorgelow.de\/fr\/deux-villes-hanseatiques-dun-coup"},"author":{"name":"Schloss Torgelow","@id":"https:\/\/www.schlosstorgelow.de\/fr#\/schema\/person\/b76bbb367f3a20c7ced1339e4875691e"},"headline":"Deux villes hans\u00e9atiques d&rsquo;un coup","datePublished":"2025-01-14T11:43:43+00:00","dateModified":"2026-01-23T07:27:33+00:00","mainEntityOfPage":{"@id":"https:\/\/www.schlosstorgelow.de\/fr\/deux-villes-hanseatiques-dun-coup"},"wordCount":265,"image":{"@id":"https:\/\/www.schlosstorgelow.de\/fr\/deux-villes-hanseatiques-dun-coup#primaryimage"},"thumbnailUrl":"https:\/\/www.schlosstorgelow.de\/wp-content\/uploads\/2025\/08\/exkursion-greifswald-stralsund_header_st.avif","articleSection":["Actualit\u00e9s Torgelow"],"inLanguage":"fr-FR"},{"@type":"WebPage","@id":"https:\/\/www.schlosstorgelow.de\/fr\/deux-villes-hanseatiques-dun-coup#webpage","url":"https:\/\/www.schlosstorgelow.de\/fr\/deux-villes-hanseatiques-dun-coup","name":"Deux villes hans\u00e9atiques d'un coup","isPartOf":{"@id":"https:\/\/www.schlosstorgelow.de\/fr#website"},"primaryImageOfPage":{"@id":"https:\/\/www.schlosstorgelow.de\/fr\/deux-villes-hanseatiques-dun-coup#primaryimage"},"image":{"@id":"https:\/\/www.schlosstorgelow.de\/fr\/deux-villes-hanseatiques-dun-coup#primaryimage"},"thumbnailUrl":"https:\/\/www.schlosstorgelow.de\/wp-content\/uploads\/2025\/08\/exkursion-greifswald-stralsund_header_st.avif","datePublished":"2025-01-14T11:43:43+00:00","dateModified":"2026-01-23T07:27:33+00:00","author":{"@id":"https:\/\/www.schlosstorgelow.de\/fr#\/schema\/person\/b76bbb367f3a20c7ced1339e4875691e"},"description":"L'\u00e9cole secondaire visite l'universit\u00e9 de Greifswald et le th\u00e9\u00e2tre de Stralsund dans le cadre d'une excursion d'une journ\u00e9e.","breadcrumb":{"@id":"https:\/\/www.schlosstorgelow.de\/fr\/deux-villes-hanseatiques-dun-coup#breadcrumb"},"inLanguage":"fr-FR","potentialAction":[{"@type":"ReadAction","target":["https:\/\/www.schlosstorgelow.de\/fr\/deux-villes-hanseatiques-dun-coup"]}]},{"@type":"ImageObject","inLanguage":"fr-FR","@id":"https:\/\/www.schlosstorgelow.de\/fr\/deux-villes-hanseatiques-dun-coup#primaryimage","url":"https:\/\/www.schlosstorgelow.de\/wp-content\/uploads\/2025\/08\/exkursion-greifswald-stralsund_header_st.avif","contentUrl":"https:\/\/www.schlosstorgelow.de\/wp-content\/uploads\/2025\/08\/exkursion-greifswald-stralsund_header_st.avif","width":1920,"height":1080,"caption":"Deux villes hans\u00e9atiques d'un coup."},{"@type":"BreadcrumbList","@id":"https:\/\/www.schlosstorgelow.de\/fr\/deux-villes-hanseatiques-dun-coup#breadcrumb","itemListElement":[{"@type":"ListItem","position":1,"name":"Startseite","item":"https:\/\/www.schlosstorgelow.de\/fr"},{"@type":"ListItem","position":2,"name":"Deux villes hans\u00e9atiques d&rsquo;un coup"}]},{"@type":"WebSite","@id":"https:\/\/www.schlosstorgelow.de\/fr#website","url":"https:\/\/www.schlosstorgelow.de\/fr","name":"Schloss Torgelow","description":"Le lyc\u00e9e priv\u00e9 Schloss Torgelow \u2013 l'internat pour les \u00e9l\u00e8ves en qu\u00eate de d\u00e9fis.","potentialAction":[{"@type":"SearchAction","target":{"@type":"EntryPoint","urlTemplate":"https:\/\/www.schlosstorgelow.de\/fr?s={search_term_string}"},"query-input":{"@type":"PropertyValueSpecification","valueRequired":true,"valueName":"search_term_string"}}],"inLanguage":"fr-FR"},{"@type":"Person","@id":"https:\/\/www.schlosstorgelow.de\/fr#\/schema\/person\/b76bbb367f3a20c7ced1339e4875691e","name":"Schloss Torgelow","image":{"@type":"ImageObject","inLanguage":"fr-FR","@id":"https:\/\/www.schlosstorgelow.de\/fr#\/schema\/person\/image\/","url":"https:\/\/secure.gravatar.com\/avatar\/4bad9bf1bee90f77b98693d3ad03ade085c80c169595427c58c58e5b069f49e1?s=96&d=mm&r=g","contentUrl":"https:\/\/secure.gravatar.com\/avatar\/4bad9bf1bee90f77b98693d3ad03ade085c80c169595427c58c58e5b069f49e1?s=96&d=mm&r=g","caption":"Schloss Torgelow"},"sameAs":["https:\/\/www.schlosstorgelow.de"]}]}},"block_visibility_meta":[],"_links":{"self":[{"href":"https:\/\/www.schlosstorgelow.de\/fr\/wp-json\/wp\/v2\/posts\/82447","targetHints":{"allow":["GET"]}}],"collection":[{"href":"https:\/\/www.schlosstorgelow.de\/fr\/wp-json\/wp\/v2\/posts"}],"about":[{"href":"https:\/\/www.schlosstorgelow.de\/fr\/wp-json\/wp\/v2\/types\/post"}],"author":[{"embeddable":true,"href":"https:\/\/www.schlosstorgelow.de\/fr\/wp-json\/wp\/v2\/users\/1"}],"replies":[{"embeddable":true,"href":"https:\/\/www.schlosstorgelow.de\/fr\/wp-json\/wp\/v2\/comments?post=82447"}],"version-history":[{"count":0,"href":"https:\/\/www.schlosstorgelow.de\/fr\/wp-json\/wp\/v2\/posts\/82447\/revisions"}],"wp:featuredmedia":[{"embeddable":true,"href":"https:\/\/www.schlosstorgelow.de\/fr\/wp-json\/wp\/v2\/media\/69027"}],"wp:attachment":[{"href":"https:\/\/www.schlosstorgelow.de\/fr\/wp-json\/wp\/v2\/media?parent=82447"}],"wp:term":[{"taxonomy":"category","embeddable":true,"href":"https:\/\/www.schlosstorgelow.de\/fr\/wp-json\/wp\/v2\/categories?post=82447"},{"taxonomy":"post_tag","embeddable":true,"href":"https:\/\/www.schlosstorgelow.de\/fr\/wp-json\/wp\/v2\/tags?post=82447"}],"curies":[{"name":"wp","href":"https:\/\/api.w.org\/{rel}","templated":true}]}}