{"id":82445,"date":"2025-02-11T22:37:26","date_gmt":"2025-02-11T22:37:26","guid":{"rendered":"https:\/\/www.schlosstorgelow.de\/un-depart-sain-smoothie-vert-de-mme-traeger"},"modified":"2026-01-23T07:24:18","modified_gmt":"2026-01-23T07:24:18","slug":"un-depart-sain-smoothie-vert-de-mme-traeger","status":"publish","type":"post","link":"https:\/\/www.schlosstorgelow.de\/fr\/un-depart-sain-smoothie-vert-de-mme-traeger","title":{"rendered":"Un d\u00e9part sain : \u00ab Smoothie vert \u00bb de Mme Tr\u00e4ger"},"content":{"rendered":"\n<p><i>Madame Tr\u00e4ger, notre mentor au ch\u00e2teau et l&rsquo;une de nos infirmi\u00e8res, commence chaque matin en bonne sant\u00e9. Les participants de son projet \u00ab\u00a0Cuisine &#8211; Magie des Smoothies et Amis des Bowls\u00a0\u00bb ont \u00e9galement profit\u00e9 de son amour pour les jus, les smoothies et les bowls. \u00c0 Obertauern, Madame Tr\u00e4ger avait \u00e9galement ses jus avec elle. Avez-vous envie d&rsquo;un smoothie vert et d&rsquo;un \u00ab\u00a0coup de fouet matinal sain\u00a0\u00bb? Voici la recette.    <\/i><\/p>\n\n<p><i><strong>Smoothie vert et 1000 variantes<\/strong><\/i><\/p>\n\n<p>L&rsquo;appareil de confiance.<\/p>\n\n<p>Extracteur de jus : Extracteur \u00e0 froid (Mais cela fonctionne aussi dans un blender haute performance.)<\/p>\n\n<p><i><strong>\u00ab Le jus vert \u00bb<\/strong><\/i><\/p>\n\n<p><em>Ingr\u00e9dients :<\/em><\/p>\n\n<p>1 poign\u00e9e d&rsquo;\u00e9pinards, 1 poign\u00e9e de persil, 1 pomme, un demi-concombre, un grand morceau de gingembre, 2 citrons : zeste, 1 demi-fenouil, 4 branches de c\u00e9leri et 2 cuill\u00e8res \u00e0 soupe d&rsquo;huile de lin.<\/p>\n\n<p><em>Pr\u00e9paration :<\/em><\/p>\n\n<p>\u00c9plucher ou pr\u00e9parer tous les ingr\u00e9dients en cons\u00e9quence, puis les mettre dans le presse-agrumes. Boire le jus imm\u00e9diatement ou le mettre au frais. \u00c0 d\u00e9guster dans les trois jours.  <\/p>\n\n<p><em>Alternative :<\/em><\/p>\n\n<p>On peut \u00e9galement ajouter une orange ou un quart d&rsquo;ananas.<\/p>\n\n<p><i><strong>\u00ab Le smoothie vert \u00bb<\/strong><\/i><\/p>\n\n<p>Dans le smoothie, il faut ajouter une composante cr\u00e9meuse, comme une banane ou un lait v\u00e9g\u00e9tal. Le smoothie doit toujours \u00eatre cr\u00e9meux. Cela s&rsquo;obtient par un ingr\u00e9dient congel\u00e9.  <\/p>\n\n<p><em>Ingr\u00e9dients :<\/em><\/p>\n\n<p>1 poign\u00e9e d&rsquo;\u00e9pinards, 1 poign\u00e9e de persil, 1 pomme, une moiti\u00e9 de concombre, le jus d&rsquo;un citron, un petit morceau de gingembre, une tasse d&rsquo;ananas (CONGEL\u00c9), 1 banane, de l&rsquo;eau de coco ou du lait d&rsquo;amande ou de l&rsquo;eau ou du lait de coco en conserve &#8211; selon le go\u00fbt.<\/p>\n\n<p><em>Alternative :<\/em><\/p>\n\n<p>Ajouter de la poudre de prot\u00e9ine faite maison.<\/p>\n\n<p><em>Pr\u00e9paration :<\/em><\/p>\n\n<p>\u00c9plucher tous les ingr\u00e9dients en cons\u00e9quence, puis les mettre dans l&rsquo;extracteur de jus. Boire le jus imm\u00e9diatement ou le mettre au r\u00e9frig\u00e9rateur. \u00c0 consommer dans les trois jours.  <\/p>\n\n<p>Int\u00e9ress\u00e9 par d&rsquo;autres recettes saines pour bien commencer la journ\u00e9e ?<\/p>\n\n<p><a href=\"#\">kirstenschreibt@schlosstorgelow.de<\/a><\/p>\n","protected":false},"excerpt":{"rendered":"<p>La recette du mois du bulletin de f\u00e9vrier : \u00ab Smoothie vert \u00bb de Mme Tr\u00e4ger.<\/p>\n","protected":false},"author":1,"featured_media":67521,"comment_status":"closed","ping_status":"closed","sticky":false,"template":"","format":"standard","meta":{"_acf_changed":false,"_yoast_wpseo_title":"Un d\u00e9part sain : \u00ab Smoothie vert \u00bb de Mme Tr\u00e4ger","_yoast_wpseo_metadesc":"La recette du mois du bulletin de f\u00e9vrier : \u00ab Smoothie vert \u00bb de Madame Tr\u00e4ger.","excerpt":"La recette du mois du bulletin de f\u00e9vrier : \u00ab Smoothie vert \u00bb de Mme Tr\u00e4ger.","footnotes":""},"categories":[33],"tags":[],"class_list":{"0":"post-82445","1":"post","2":"type-post","3":"status-publish","4":"format-standard","5":"has-post-thumbnail","7":"category-actualites-torgelow"},"acf":[],"yoast_head":"<!-- This site is optimized with the Yoast SEO plugin v26.9 - https:\/\/yoast.com\/product\/yoast-seo-wordpress\/ -->\n<title>Un d\u00e9part sain : \u00ab Smoothie vert \u00bb de Mme Tr\u00e4ger<\/title>\n<meta name=\"description\" content=\"La recette du mois du bulletin de f\u00e9vrier : \u00ab Smoothie vert \u00bb de Madame Tr\u00e4ger.\" \/>\n<meta name=\"robots\" content=\"index, follow, max-snippet:-1, max-image-preview:large, max-video-preview:-1\" \/>\n<link rel=\"canonical\" href=\"https:\/\/www.schlosstorgelow.de\/fr\/un-depart-sain-smoothie-vert-de-mme-traeger\" \/>\n<meta property=\"og:locale\" content=\"fr_FR\" \/>\n<meta property=\"og:type\" content=\"article\" \/>\n<meta property=\"og:title\" content=\"Un d\u00e9part sain : \u00ab Smoothie vert \u00bb de Mme Tr\u00e4ger\" \/>\n<meta property=\"og:description\" content=\"La recette du mois du bulletin de f\u00e9vrier : \u00ab Smoothie vert \u00bb de Madame Tr\u00e4ger.\" \/>\n<meta property=\"og:url\" content=\"https:\/\/www.schlosstorgelow.de\/fr\/un-depart-sain-smoothie-vert-de-mme-traeger\" \/>\n<meta property=\"og:site_name\" content=\"Schloss Torgelow\" \/>\n<meta property=\"article:published_time\" content=\"2025-02-11T22:37:26+00:00\" \/>\n<meta property=\"article:modified_time\" content=\"2026-01-23T07:24:18+00:00\" \/>\n<meta name=\"author\" content=\"Schloss Torgelow\" \/>\n<meta name=\"twitter:card\" content=\"summary_large_image\" \/>\n<meta name=\"twitter:label1\" content=\"\u00c9crit par\" \/>\n\t<meta name=\"twitter:data1\" content=\"Schloss Torgelow\" \/>\n\t<meta name=\"twitter:label2\" content=\"Dur\u00e9e de lecture estim\u00e9e\" \/>\n\t<meta name=\"twitter:data2\" content=\"2 minutes\" \/>\n<script type=\"application\/ld+json\" class=\"yoast-schema-graph\">{\"@context\":\"https:\/\/schema.org\",\"@graph\":[{\"@type\":\"Article\",\"@id\":\"https:\/\/www.schlosstorgelow.de\/fr\/un-depart-sain-smoothie-vert-de-mme-traeger#article\",\"isPartOf\":{\"@id\":\"https:\/\/www.schlosstorgelow.de\/fr\/un-depart-sain-smoothie-vert-de-mme-traeger\"},\"author\":{\"name\":\"Schloss Torgelow\",\"@id\":\"https:\/\/www.schlosstorgelow.de\/fr#\/schema\/person\/b76bbb367f3a20c7ced1339e4875691e\"},\"headline\":\"Un d\u00e9part sain : \u00ab Smoothie vert \u00bb de Mme Tr\u00e4ger\",\"datePublished\":\"2025-02-11T22:37:26+00:00\",\"dateModified\":\"2026-01-23T07:24:18+00:00\",\"mainEntityOfPage\":{\"@id\":\"https:\/\/www.schlosstorgelow.de\/fr\/un-depart-sain-smoothie-vert-de-mme-traeger\"},\"wordCount\":346,\"image\":{\"@id\":\"https:\/\/www.schlosstorgelow.de\/fr\/un-depart-sain-smoothie-vert-de-mme-traeger#primaryimage\"},\"thumbnailUrl\":\"https:\/\/www.schlosstorgelow.de\/wp-content\/uploads\/2025\/08\/green-smoothie_header_st.avif\",\"articleSection\":[\"Actualit\u00e9s Torgelow\"],\"inLanguage\":\"fr-FR\"},{\"@type\":\"WebPage\",\"@id\":\"https:\/\/www.schlosstorgelow.de\/fr\/un-depart-sain-smoothie-vert-de-mme-traeger#webpage\",\"url\":\"https:\/\/www.schlosstorgelow.de\/fr\/un-depart-sain-smoothie-vert-de-mme-traeger\",\"name\":\"Un d\u00e9part sain : \u00ab Smoothie vert \u00bb de Mme Tr\u00e4ger\",\"isPartOf\":{\"@id\":\"https:\/\/www.schlosstorgelow.de\/fr#website\"},\"primaryImageOfPage\":{\"@id\":\"https:\/\/www.schlosstorgelow.de\/fr\/un-depart-sain-smoothie-vert-de-mme-traeger#primaryimage\"},\"image\":{\"@id\":\"https:\/\/www.schlosstorgelow.de\/fr\/un-depart-sain-smoothie-vert-de-mme-traeger#primaryimage\"},\"thumbnailUrl\":\"https:\/\/www.schlosstorgelow.de\/wp-content\/uploads\/2025\/08\/green-smoothie_header_st.avif\",\"datePublished\":\"2025-02-11T22:37:26+00:00\",\"dateModified\":\"2026-01-23T07:24:18+00:00\",\"author\":{\"@id\":\"https:\/\/www.schlosstorgelow.de\/fr#\/schema\/person\/b76bbb367f3a20c7ced1339e4875691e\"},\"description\":\"La recette du mois du bulletin de f\u00e9vrier : \u00ab Smoothie vert \u00bb de Madame Tr\u00e4ger.\",\"breadcrumb\":{\"@id\":\"https:\/\/www.schlosstorgelow.de\/fr\/un-depart-sain-smoothie-vert-de-mme-traeger#breadcrumb\"},\"inLanguage\":\"fr-FR\",\"potentialAction\":[{\"@type\":\"ReadAction\",\"target\":[\"https:\/\/www.schlosstorgelow.de\/fr\/un-depart-sain-smoothie-vert-de-mme-traeger\"]}]},{\"@type\":\"ImageObject\",\"inLanguage\":\"fr-FR\",\"@id\":\"https:\/\/www.schlosstorgelow.de\/fr\/un-depart-sain-smoothie-vert-de-mme-traeger#primaryimage\",\"url\":\"https:\/\/www.schlosstorgelow.de\/wp-content\/uploads\/2025\/08\/green-smoothie_header_st.avif\",\"contentUrl\":\"https:\/\/www.schlosstorgelow.de\/wp-content\/uploads\/2025\/08\/green-smoothie_header_st.avif\",\"width\":1920,\"height\":1080,\"caption\":\"Un d\u00e9part sain : \u00ab Smoothie vert \u00bb de Mme Tr\u00e4ger\"},{\"@type\":\"BreadcrumbList\",\"@id\":\"https:\/\/www.schlosstorgelow.de\/fr\/un-depart-sain-smoothie-vert-de-mme-traeger#breadcrumb\",\"itemListElement\":[{\"@type\":\"ListItem\",\"position\":1,\"name\":\"Startseite\",\"item\":\"https:\/\/www.schlosstorgelow.de\/fr\"},{\"@type\":\"ListItem\",\"position\":2,\"name\":\"Un d\u00e9part sain : \u00ab Smoothie vert \u00bb de Mme Tr\u00e4ger\"}]},{\"@type\":\"WebSite\",\"@id\":\"https:\/\/www.schlosstorgelow.de\/fr#website\",\"url\":\"https:\/\/www.schlosstorgelow.de\/fr\",\"name\":\"Schloss Torgelow\",\"description\":\"Le lyc\u00e9e priv\u00e9 Schloss Torgelow \u2013 l'internat pour les \u00e9l\u00e8ves en qu\u00eate de d\u00e9fis.\",\"potentialAction\":[{\"@type\":\"SearchAction\",\"target\":{\"@type\":\"EntryPoint\",\"urlTemplate\":\"https:\/\/www.schlosstorgelow.de\/fr?s={search_term_string}\"},\"query-input\":{\"@type\":\"PropertyValueSpecification\",\"valueRequired\":true,\"valueName\":\"search_term_string\"}}],\"inLanguage\":\"fr-FR\"},{\"@type\":\"Person\",\"@id\":\"https:\/\/www.schlosstorgelow.de\/fr#\/schema\/person\/b76bbb367f3a20c7ced1339e4875691e\",\"name\":\"Schloss Torgelow\",\"image\":{\"@type\":\"ImageObject\",\"inLanguage\":\"fr-FR\",\"@id\":\"https:\/\/www.schlosstorgelow.de\/fr#\/schema\/person\/image\/\",\"url\":\"https:\/\/secure.gravatar.com\/avatar\/4bad9bf1bee90f77b98693d3ad03ade085c80c169595427c58c58e5b069f49e1?s=96&d=mm&r=g\",\"contentUrl\":\"https:\/\/secure.gravatar.com\/avatar\/4bad9bf1bee90f77b98693d3ad03ade085c80c169595427c58c58e5b069f49e1?s=96&d=mm&r=g\",\"caption\":\"Schloss Torgelow\"},\"sameAs\":[\"https:\/\/www.schlosstorgelow.de\"]}]}<\/script>\n<!-- \/ Yoast SEO plugin. -->","yoast_head_json":{"title":"Un d\u00e9part sain : \u00ab Smoothie vert \u00bb de Mme Tr\u00e4ger","description":"La recette du mois du bulletin de f\u00e9vrier : \u00ab Smoothie vert \u00bb de Madame Tr\u00e4ger.","robots":{"index":"index","follow":"follow","max-snippet":"max-snippet:-1","max-image-preview":"max-image-preview:large","max-video-preview":"max-video-preview:-1"},"canonical":"https:\/\/www.schlosstorgelow.de\/fr\/un-depart-sain-smoothie-vert-de-mme-traeger","og_locale":"fr_FR","og_type":"article","og_title":"Un d\u00e9part sain : \u00ab Smoothie vert \u00bb de Mme Tr\u00e4ger","og_description":"La recette du mois du bulletin de f\u00e9vrier : \u00ab Smoothie vert \u00bb de Madame Tr\u00e4ger.","og_url":"https:\/\/www.schlosstorgelow.de\/fr\/un-depart-sain-smoothie-vert-de-mme-traeger","og_site_name":"Schloss Torgelow","article_published_time":"2025-02-11T22:37:26+00:00","article_modified_time":"2026-01-23T07:24:18+00:00","author":"Schloss Torgelow","twitter_card":"summary_large_image","twitter_misc":{"\u00c9crit par":"Schloss Torgelow","Dur\u00e9e de lecture estim\u00e9e":"2 minutes"},"schema":{"@context":"https:\/\/schema.org","@graph":[{"@type":"Article","@id":"https:\/\/www.schlosstorgelow.de\/fr\/un-depart-sain-smoothie-vert-de-mme-traeger#article","isPartOf":{"@id":"https:\/\/www.schlosstorgelow.de\/fr\/un-depart-sain-smoothie-vert-de-mme-traeger"},"author":{"name":"Schloss Torgelow","@id":"https:\/\/www.schlosstorgelow.de\/fr#\/schema\/person\/b76bbb367f3a20c7ced1339e4875691e"},"headline":"Un d\u00e9part sain : \u00ab Smoothie vert \u00bb de Mme Tr\u00e4ger","datePublished":"2025-02-11T22:37:26+00:00","dateModified":"2026-01-23T07:24:18+00:00","mainEntityOfPage":{"@id":"https:\/\/www.schlosstorgelow.de\/fr\/un-depart-sain-smoothie-vert-de-mme-traeger"},"wordCount":346,"image":{"@id":"https:\/\/www.schlosstorgelow.de\/fr\/un-depart-sain-smoothie-vert-de-mme-traeger#primaryimage"},"thumbnailUrl":"https:\/\/www.schlosstorgelow.de\/wp-content\/uploads\/2025\/08\/green-smoothie_header_st.avif","articleSection":["Actualit\u00e9s Torgelow"],"inLanguage":"fr-FR"},{"@type":"WebPage","@id":"https:\/\/www.schlosstorgelow.de\/fr\/un-depart-sain-smoothie-vert-de-mme-traeger#webpage","url":"https:\/\/www.schlosstorgelow.de\/fr\/un-depart-sain-smoothie-vert-de-mme-traeger","name":"Un d\u00e9part sain : \u00ab Smoothie vert \u00bb de Mme Tr\u00e4ger","isPartOf":{"@id":"https:\/\/www.schlosstorgelow.de\/fr#website"},"primaryImageOfPage":{"@id":"https:\/\/www.schlosstorgelow.de\/fr\/un-depart-sain-smoothie-vert-de-mme-traeger#primaryimage"},"image":{"@id":"https:\/\/www.schlosstorgelow.de\/fr\/un-depart-sain-smoothie-vert-de-mme-traeger#primaryimage"},"thumbnailUrl":"https:\/\/www.schlosstorgelow.de\/wp-content\/uploads\/2025\/08\/green-smoothie_header_st.avif","datePublished":"2025-02-11T22:37:26+00:00","dateModified":"2026-01-23T07:24:18+00:00","author":{"@id":"https:\/\/www.schlosstorgelow.de\/fr#\/schema\/person\/b76bbb367f3a20c7ced1339e4875691e"},"description":"La recette du mois du bulletin de f\u00e9vrier : \u00ab Smoothie vert \u00bb de Madame Tr\u00e4ger.","breadcrumb":{"@id":"https:\/\/www.schlosstorgelow.de\/fr\/un-depart-sain-smoothie-vert-de-mme-traeger#breadcrumb"},"inLanguage":"fr-FR","potentialAction":[{"@type":"ReadAction","target":["https:\/\/www.schlosstorgelow.de\/fr\/un-depart-sain-smoothie-vert-de-mme-traeger"]}]},{"@type":"ImageObject","inLanguage":"fr-FR","@id":"https:\/\/www.schlosstorgelow.de\/fr\/un-depart-sain-smoothie-vert-de-mme-traeger#primaryimage","url":"https:\/\/www.schlosstorgelow.de\/wp-content\/uploads\/2025\/08\/green-smoothie_header_st.avif","contentUrl":"https:\/\/www.schlosstorgelow.de\/wp-content\/uploads\/2025\/08\/green-smoothie_header_st.avif","width":1920,"height":1080,"caption":"Un d\u00e9part sain : \u00ab Smoothie vert \u00bb de Mme Tr\u00e4ger"},{"@type":"BreadcrumbList","@id":"https:\/\/www.schlosstorgelow.de\/fr\/un-depart-sain-smoothie-vert-de-mme-traeger#breadcrumb","itemListElement":[{"@type":"ListItem","position":1,"name":"Startseite","item":"https:\/\/www.schlosstorgelow.de\/fr"},{"@type":"ListItem","position":2,"name":"Un d\u00e9part sain : \u00ab Smoothie vert \u00bb de Mme Tr\u00e4ger"}]},{"@type":"WebSite","@id":"https:\/\/www.schlosstorgelow.de\/fr#website","url":"https:\/\/www.schlosstorgelow.de\/fr","name":"Schloss Torgelow","description":"Le lyc\u00e9e priv\u00e9 Schloss Torgelow \u2013 l'internat pour les \u00e9l\u00e8ves en qu\u00eate de d\u00e9fis.","potentialAction":[{"@type":"SearchAction","target":{"@type":"EntryPoint","urlTemplate":"https:\/\/www.schlosstorgelow.de\/fr?s={search_term_string}"},"query-input":{"@type":"PropertyValueSpecification","valueRequired":true,"valueName":"search_term_string"}}],"inLanguage":"fr-FR"},{"@type":"Person","@id":"https:\/\/www.schlosstorgelow.de\/fr#\/schema\/person\/b76bbb367f3a20c7ced1339e4875691e","name":"Schloss Torgelow","image":{"@type":"ImageObject","inLanguage":"fr-FR","@id":"https:\/\/www.schlosstorgelow.de\/fr#\/schema\/person\/image\/","url":"https:\/\/secure.gravatar.com\/avatar\/4bad9bf1bee90f77b98693d3ad03ade085c80c169595427c58c58e5b069f49e1?s=96&d=mm&r=g","contentUrl":"https:\/\/secure.gravatar.com\/avatar\/4bad9bf1bee90f77b98693d3ad03ade085c80c169595427c58c58e5b069f49e1?s=96&d=mm&r=g","caption":"Schloss Torgelow"},"sameAs":["https:\/\/www.schlosstorgelow.de"]}]}},"block_visibility_meta":[],"_links":{"self":[{"href":"https:\/\/www.schlosstorgelow.de\/fr\/wp-json\/wp\/v2\/posts\/82445","targetHints":{"allow":["GET"]}}],"collection":[{"href":"https:\/\/www.schlosstorgelow.de\/fr\/wp-json\/wp\/v2\/posts"}],"about":[{"href":"https:\/\/www.schlosstorgelow.de\/fr\/wp-json\/wp\/v2\/types\/post"}],"author":[{"embeddable":true,"href":"https:\/\/www.schlosstorgelow.de\/fr\/wp-json\/wp\/v2\/users\/1"}],"replies":[{"embeddable":true,"href":"https:\/\/www.schlosstorgelow.de\/fr\/wp-json\/wp\/v2\/comments?post=82445"}],"version-history":[{"count":0,"href":"https:\/\/www.schlosstorgelow.de\/fr\/wp-json\/wp\/v2\/posts\/82445\/revisions"}],"wp:featuredmedia":[{"embeddable":true,"href":"https:\/\/www.schlosstorgelow.de\/fr\/wp-json\/wp\/v2\/media\/67521"}],"wp:attachment":[{"href":"https:\/\/www.schlosstorgelow.de\/fr\/wp-json\/wp\/v2\/media?parent=82445"}],"wp:term":[{"taxonomy":"category","embeddable":true,"href":"https:\/\/www.schlosstorgelow.de\/fr\/wp-json\/wp\/v2\/categories?post=82445"},{"taxonomy":"post_tag","embeddable":true,"href":"https:\/\/www.schlosstorgelow.de\/fr\/wp-json\/wp\/v2\/tags?post=82445"}],"curies":[{"name":"wp","href":"https:\/\/api.w.org\/{rel}","templated":true}]}}