{"id":82441,"date":"2025-03-03T09:40:46","date_gmt":"2025-03-03T09:40:46","guid":{"rendered":"https:\/\/www.schlosstorgelow.de\/champions-de-mathematiques-au-depart-la-premiere-place-va-a-torgelow-am-see"},"modified":"2026-01-23T07:17:21","modified_gmt":"2026-01-23T07:17:21","slug":"champions-de-mathematiques-au-depart-la-premiere-place-va-a-torgelow-am-see","status":"publish","type":"post","link":"https:\/\/www.schlosstorgelow.de\/fr\/champions-de-mathematiques-au-depart-la-premiere-place-va-a-torgelow-am-see","title":{"rendered":"Champions de math\u00e9matiques au d\u00e9part : la premi\u00e8re place va \u00e0 Torgelow am See !"},"content":{"rendered":"\n<p><i>Les 21 et 22 f\u00e9vrier 2025 a eu lieu la 64e finale nationale de   <\/i><a href=\"https:\/\/www.mathe-wettbewerbe.de\/mathematik-olympiade\/\"><i>Olympiade de math\u00e9matiques<\/i><\/a><i> dans toute l&rsquo;Allemagne. En Mecklembourg-Pom\u00e9ranie-Occidentale, 194 talents en math\u00e9matiques ont fait preuve de leur comp\u00e9tence \u2013 parmi eux, Vivianne, Thomas, Lisa et Kewen du gymnasium internat Schloss Torgelow, qui ont r\u00e9solu des probl\u00e8mes \u00e0 Rostock avec une concentration totale. <\/i><\/p>\n\n<p>Les Olympiades math\u00e9matiques sont une comp\u00e9tition nationale \u00e0 laquelle participent chaque ann\u00e9e environ 200 000 \u00e9l\u00e8ves. Lors de l&rsquo;Olympiade, comme le veut l&rsquo;adage olympique \u00ab L&rsquo;important, c&rsquo;est de participer \u00bb, il s&rsquo;agit avant tout du plaisir des d\u00e9fis et de la rencontre avec d&rsquo;autres passionn\u00e9s de math\u00e9matiques. L&rsquo;Olympiade se d\u00e9roule sur plusieurs tours, la difficult\u00e9 augmentant d&rsquo;un tour \u00e0 l&rsquo;autre, avec la finale nationale comme point culminant pour les meilleurs cracks en math\u00e9matiques \u00e0 partir de la classe de 8.  <\/p>\n\n<p>Simone Oldenburg, la ministre de l&rsquo;\u00c9ducation de Mecklembourg-Pom\u00e9ranie-Occidentale, a f\u00e9licit\u00e9 les participants : \u00ab Tous ceux qui ont r\u00e9ussi \u00e0 atteindre le tour r\u00e9gional peuvent \u00eatre fiers d&rsquo;eux ! \u00bb Au tour r\u00e9gional, 1 800 talents en math\u00e9matiques ont particip\u00e9 dans tout Mecklembourg-Pom\u00e9ranie-Occidentale. \u00ab Les concours sont une partie importante de la promotion des talents. Ils contribuent \u00e0 ce que les enfants et les jeunes puissent d\u00e9velopper leurs comp\u00e9tences \u00bb, a ajout\u00e9 la ministre de l&rsquo;\u00c9ducation. Le pensionnat du Schloss Torgelow \u00e9tait repr\u00e9sent\u00e9 par quatre \u00e9l\u00e8ves au tour r\u00e9gional.   <\/p>\n\n<p>Apr\u00e8s des heures de calcul, de r\u00e9flexion logique et de strat\u00e9gies de r\u00e9solution cr\u00e9atives, les meilleurs ont \u00e9t\u00e9 honor\u00e9s. Un grand succ\u00e8s pour notre \u00e9cole : Kewen (classe 10) a remport\u00e9 le 1er prix ! Nous esp\u00e9rons maintenant que Kewen continuera en phase nationale. Nous croisons les doigts pour elle.   <\/p>\n\n<p>F\u00e9licitations \u00e0 tous les participants et \u00e0 Kewen \u2013 nous sommes fiers de vous !<\/p>\n","protected":false},"excerpt":{"rendered":"<p>Lors de la 64\u00e8me finale r\u00e9gionale de l&rsquo;Olympiade de math\u00e9matiques, la premi\u00e8re place cette ann\u00e9e revient \u00e0 Torgelow am See.<\/p>\n","protected":false},"author":1,"featured_media":44123,"comment_status":"closed","ping_status":"closed","sticky":false,"template":"","format":"standard","meta":{"_acf_changed":false,"_yoast_wpseo_title":"Champions de math\u00e9matiques : la 1\u00e8re place va \u00e0 Torgelow.","_yoast_wpseo_metadesc":"Lors de la 64e \u00e9dition r\u00e9gionale des Olympiades de math\u00e9matiques, la premi\u00e8re place revient cette ann\u00e9e \u00e0 Torgelow am See.","excerpt":"Lors de la 64e \u00e9dition r\u00e9gionale des Olympiades de math\u00e9matiques, la premi\u00e8re place revient cette ann\u00e9e \u00e0 Torgelow am See.","footnotes":""},"categories":[33],"tags":[],"class_list":{"0":"post-82441","1":"post","2":"type-post","3":"status-publish","4":"format-standard","5":"has-post-thumbnail","7":"category-actualites-torgelow"},"acf":[],"yoast_head":"<!-- This site is optimized with the Yoast SEO plugin v26.9 - https:\/\/yoast.com\/product\/yoast-seo-wordpress\/ -->\n<title>Champions de math\u00e9matiques : la 1\u00e8re place va \u00e0 Torgelow.<\/title>\n<meta name=\"description\" content=\"Lors de la 64e \u00e9dition r\u00e9gionale des Olympiades de math\u00e9matiques, la premi\u00e8re place revient cette ann\u00e9e \u00e0 Torgelow am See.\" \/>\n<meta name=\"robots\" content=\"index, follow, max-snippet:-1, max-image-preview:large, max-video-preview:-1\" \/>\n<link rel=\"canonical\" href=\"https:\/\/www.schlosstorgelow.de\/fr\/champions-de-mathematiques-au-depart-la-premiere-place-va-a-torgelow-am-see\" \/>\n<meta property=\"og:locale\" content=\"fr_FR\" \/>\n<meta property=\"og:type\" content=\"article\" \/>\n<meta property=\"og:title\" content=\"Champions de math\u00e9matiques : la 1\u00e8re place va \u00e0 Torgelow.\" \/>\n<meta property=\"og:description\" content=\"Lors de la 64e \u00e9dition r\u00e9gionale des Olympiades de math\u00e9matiques, la premi\u00e8re place revient cette ann\u00e9e \u00e0 Torgelow am See.\" \/>\n<meta property=\"og:url\" content=\"https:\/\/www.schlosstorgelow.de\/fr\/champions-de-mathematiques-au-depart-la-premiere-place-va-a-torgelow-am-see\" \/>\n<meta property=\"og:site_name\" content=\"Schloss Torgelow\" \/>\n<meta property=\"article:published_time\" content=\"2025-03-03T09:40:46+00:00\" \/>\n<meta property=\"article:modified_time\" content=\"2026-01-23T07:17:21+00:00\" \/>\n<meta name=\"author\" content=\"Schloss Torgelow\" \/>\n<meta name=\"twitter:card\" content=\"summary_large_image\" \/>\n<meta name=\"twitter:label1\" content=\"\u00c9crit par\" \/>\n\t<meta name=\"twitter:data1\" content=\"Schloss Torgelow\" \/>\n\t<meta name=\"twitter:label2\" content=\"Dur\u00e9e de lecture estim\u00e9e\" \/>\n\t<meta name=\"twitter:data2\" content=\"1 minute\" \/>\n<script type=\"application\/ld+json\" class=\"yoast-schema-graph\">{\"@context\":\"https:\/\/schema.org\",\"@graph\":[{\"@type\":\"Article\",\"@id\":\"https:\/\/www.schlosstorgelow.de\/fr\/champions-de-mathematiques-au-depart-la-premiere-place-va-a-torgelow-am-see#article\",\"isPartOf\":{\"@id\":\"https:\/\/www.schlosstorgelow.de\/fr\/champions-de-mathematiques-au-depart-la-premiere-place-va-a-torgelow-am-see\"},\"author\":{\"name\":\"Schloss Torgelow\",\"@id\":\"https:\/\/www.schlosstorgelow.de\/fr#\/schema\/person\/b76bbb367f3a20c7ced1339e4875691e\"},\"headline\":\"Champions de math\u00e9matiques au d\u00e9part : la premi\u00e8re place va \u00e0 Torgelow am See !\",\"datePublished\":\"2025-03-03T09:40:46+00:00\",\"dateModified\":\"2026-01-23T07:17:21+00:00\",\"mainEntityOfPage\":{\"@id\":\"https:\/\/www.schlosstorgelow.de\/fr\/champions-de-mathematiques-au-depart-la-premiere-place-va-a-torgelow-am-see\"},\"wordCount\":324,\"image\":{\"@id\":\"https:\/\/www.schlosstorgelow.de\/fr\/champions-de-mathematiques-au-depart-la-premiere-place-va-a-torgelow-am-see#primaryimage\"},\"thumbnailUrl\":\"https:\/\/www.schlosstorgelow.de\/wp-content\/uploads\/2025\/07\/matheolympiade-2025_header_st.avif\",\"articleSection\":[\"Actualit\u00e9s Torgelow\"],\"inLanguage\":\"fr-FR\"},{\"@type\":\"WebPage\",\"@id\":\"https:\/\/www.schlosstorgelow.de\/fr\/champions-de-mathematiques-au-depart-la-premiere-place-va-a-torgelow-am-see#webpage\",\"url\":\"https:\/\/www.schlosstorgelow.de\/fr\/champions-de-mathematiques-au-depart-la-premiere-place-va-a-torgelow-am-see\",\"name\":\"Champions de math\u00e9matiques : la 1\u00e8re place va \u00e0 Torgelow.\",\"isPartOf\":{\"@id\":\"https:\/\/www.schlosstorgelow.de\/fr#website\"},\"primaryImageOfPage\":{\"@id\":\"https:\/\/www.schlosstorgelow.de\/fr\/champions-de-mathematiques-au-depart-la-premiere-place-va-a-torgelow-am-see#primaryimage\"},\"image\":{\"@id\":\"https:\/\/www.schlosstorgelow.de\/fr\/champions-de-mathematiques-au-depart-la-premiere-place-va-a-torgelow-am-see#primaryimage\"},\"thumbnailUrl\":\"https:\/\/www.schlosstorgelow.de\/wp-content\/uploads\/2025\/07\/matheolympiade-2025_header_st.avif\",\"datePublished\":\"2025-03-03T09:40:46+00:00\",\"dateModified\":\"2026-01-23T07:17:21+00:00\",\"author\":{\"@id\":\"https:\/\/www.schlosstorgelow.de\/fr#\/schema\/person\/b76bbb367f3a20c7ced1339e4875691e\"},\"description\":\"Lors de la 64e \u00e9dition r\u00e9gionale des Olympiades de math\u00e9matiques, la premi\u00e8re place revient cette ann\u00e9e \u00e0 Torgelow am See.\",\"breadcrumb\":{\"@id\":\"https:\/\/www.schlosstorgelow.de\/fr\/champions-de-mathematiques-au-depart-la-premiere-place-va-a-torgelow-am-see#breadcrumb\"},\"inLanguage\":\"fr-FR\",\"potentialAction\":[{\"@type\":\"ReadAction\",\"target\":[\"https:\/\/www.schlosstorgelow.de\/fr\/champions-de-mathematiques-au-depart-la-premiere-place-va-a-torgelow-am-see\"]}]},{\"@type\":\"ImageObject\",\"inLanguage\":\"fr-FR\",\"@id\":\"https:\/\/www.schlosstorgelow.de\/fr\/champions-de-mathematiques-au-depart-la-premiere-place-va-a-torgelow-am-see#primaryimage\",\"url\":\"https:\/\/www.schlosstorgelow.de\/wp-content\/uploads\/2025\/07\/matheolympiade-2025_header_st.avif\",\"contentUrl\":\"https:\/\/www.schlosstorgelow.de\/wp-content\/uploads\/2025\/07\/matheolympiade-2025_header_st.avif\",\"width\":1920,\"height\":1080,\"caption\":\"Champions de math\u00e9matiques au d\u00e9part : la premi\u00e8re place va \u00e0 Torgelow am See !\"},{\"@type\":\"BreadcrumbList\",\"@id\":\"https:\/\/www.schlosstorgelow.de\/fr\/champions-de-mathematiques-au-depart-la-premiere-place-va-a-torgelow-am-see#breadcrumb\",\"itemListElement\":[{\"@type\":\"ListItem\",\"position\":1,\"name\":\"Startseite\",\"item\":\"https:\/\/www.schlosstorgelow.de\/fr\"},{\"@type\":\"ListItem\",\"position\":2,\"name\":\"Champions de math\u00e9matiques au d\u00e9part : la premi\u00e8re place va \u00e0 Torgelow am See !\"}]},{\"@type\":\"WebSite\",\"@id\":\"https:\/\/www.schlosstorgelow.de\/fr#website\",\"url\":\"https:\/\/www.schlosstorgelow.de\/fr\",\"name\":\"Schloss Torgelow\",\"description\":\"Le lyc\u00e9e priv\u00e9 Schloss Torgelow \u2013 l'internat pour les \u00e9l\u00e8ves en qu\u00eate de d\u00e9fis.\",\"potentialAction\":[{\"@type\":\"SearchAction\",\"target\":{\"@type\":\"EntryPoint\",\"urlTemplate\":\"https:\/\/www.schlosstorgelow.de\/fr?s={search_term_string}\"},\"query-input\":{\"@type\":\"PropertyValueSpecification\",\"valueRequired\":true,\"valueName\":\"search_term_string\"}}],\"inLanguage\":\"fr-FR\"},{\"@type\":\"Person\",\"@id\":\"https:\/\/www.schlosstorgelow.de\/fr#\/schema\/person\/b76bbb367f3a20c7ced1339e4875691e\",\"name\":\"Schloss Torgelow\",\"image\":{\"@type\":\"ImageObject\",\"inLanguage\":\"fr-FR\",\"@id\":\"https:\/\/www.schlosstorgelow.de\/fr#\/schema\/person\/image\/\",\"url\":\"https:\/\/secure.gravatar.com\/avatar\/4bad9bf1bee90f77b98693d3ad03ade085c80c169595427c58c58e5b069f49e1?s=96&d=mm&r=g\",\"contentUrl\":\"https:\/\/secure.gravatar.com\/avatar\/4bad9bf1bee90f77b98693d3ad03ade085c80c169595427c58c58e5b069f49e1?s=96&d=mm&r=g\",\"caption\":\"Schloss Torgelow\"},\"sameAs\":[\"https:\/\/www.schlosstorgelow.de\"]}]}<\/script>\n<!-- \/ Yoast SEO plugin. -->","yoast_head_json":{"title":"Champions de math\u00e9matiques : la 1\u00e8re place va \u00e0 Torgelow.","description":"Lors de la 64e \u00e9dition r\u00e9gionale des Olympiades de math\u00e9matiques, la premi\u00e8re place revient cette ann\u00e9e \u00e0 Torgelow am See.","robots":{"index":"index","follow":"follow","max-snippet":"max-snippet:-1","max-image-preview":"max-image-preview:large","max-video-preview":"max-video-preview:-1"},"canonical":"https:\/\/www.schlosstorgelow.de\/fr\/champions-de-mathematiques-au-depart-la-premiere-place-va-a-torgelow-am-see","og_locale":"fr_FR","og_type":"article","og_title":"Champions de math\u00e9matiques : la 1\u00e8re place va \u00e0 Torgelow.","og_description":"Lors de la 64e \u00e9dition r\u00e9gionale des Olympiades de math\u00e9matiques, la premi\u00e8re place revient cette ann\u00e9e \u00e0 Torgelow am See.","og_url":"https:\/\/www.schlosstorgelow.de\/fr\/champions-de-mathematiques-au-depart-la-premiere-place-va-a-torgelow-am-see","og_site_name":"Schloss Torgelow","article_published_time":"2025-03-03T09:40:46+00:00","article_modified_time":"2026-01-23T07:17:21+00:00","author":"Schloss Torgelow","twitter_card":"summary_large_image","twitter_misc":{"\u00c9crit par":"Schloss Torgelow","Dur\u00e9e de lecture estim\u00e9e":"1 minute"},"schema":{"@context":"https:\/\/schema.org","@graph":[{"@type":"Article","@id":"https:\/\/www.schlosstorgelow.de\/fr\/champions-de-mathematiques-au-depart-la-premiere-place-va-a-torgelow-am-see#article","isPartOf":{"@id":"https:\/\/www.schlosstorgelow.de\/fr\/champions-de-mathematiques-au-depart-la-premiere-place-va-a-torgelow-am-see"},"author":{"name":"Schloss Torgelow","@id":"https:\/\/www.schlosstorgelow.de\/fr#\/schema\/person\/b76bbb367f3a20c7ced1339e4875691e"},"headline":"Champions de math\u00e9matiques au d\u00e9part : la premi\u00e8re place va \u00e0 Torgelow am See !","datePublished":"2025-03-03T09:40:46+00:00","dateModified":"2026-01-23T07:17:21+00:00","mainEntityOfPage":{"@id":"https:\/\/www.schlosstorgelow.de\/fr\/champions-de-mathematiques-au-depart-la-premiere-place-va-a-torgelow-am-see"},"wordCount":324,"image":{"@id":"https:\/\/www.schlosstorgelow.de\/fr\/champions-de-mathematiques-au-depart-la-premiere-place-va-a-torgelow-am-see#primaryimage"},"thumbnailUrl":"https:\/\/www.schlosstorgelow.de\/wp-content\/uploads\/2025\/07\/matheolympiade-2025_header_st.avif","articleSection":["Actualit\u00e9s Torgelow"],"inLanguage":"fr-FR"},{"@type":"WebPage","@id":"https:\/\/www.schlosstorgelow.de\/fr\/champions-de-mathematiques-au-depart-la-premiere-place-va-a-torgelow-am-see#webpage","url":"https:\/\/www.schlosstorgelow.de\/fr\/champions-de-mathematiques-au-depart-la-premiere-place-va-a-torgelow-am-see","name":"Champions de math\u00e9matiques : la 1\u00e8re place va \u00e0 Torgelow.","isPartOf":{"@id":"https:\/\/www.schlosstorgelow.de\/fr#website"},"primaryImageOfPage":{"@id":"https:\/\/www.schlosstorgelow.de\/fr\/champions-de-mathematiques-au-depart-la-premiere-place-va-a-torgelow-am-see#primaryimage"},"image":{"@id":"https:\/\/www.schlosstorgelow.de\/fr\/champions-de-mathematiques-au-depart-la-premiere-place-va-a-torgelow-am-see#primaryimage"},"thumbnailUrl":"https:\/\/www.schlosstorgelow.de\/wp-content\/uploads\/2025\/07\/matheolympiade-2025_header_st.avif","datePublished":"2025-03-03T09:40:46+00:00","dateModified":"2026-01-23T07:17:21+00:00","author":{"@id":"https:\/\/www.schlosstorgelow.de\/fr#\/schema\/person\/b76bbb367f3a20c7ced1339e4875691e"},"description":"Lors de la 64e \u00e9dition r\u00e9gionale des Olympiades de math\u00e9matiques, la premi\u00e8re place revient cette ann\u00e9e \u00e0 Torgelow am See.","breadcrumb":{"@id":"https:\/\/www.schlosstorgelow.de\/fr\/champions-de-mathematiques-au-depart-la-premiere-place-va-a-torgelow-am-see#breadcrumb"},"inLanguage":"fr-FR","potentialAction":[{"@type":"ReadAction","target":["https:\/\/www.schlosstorgelow.de\/fr\/champions-de-mathematiques-au-depart-la-premiere-place-va-a-torgelow-am-see"]}]},{"@type":"ImageObject","inLanguage":"fr-FR","@id":"https:\/\/www.schlosstorgelow.de\/fr\/champions-de-mathematiques-au-depart-la-premiere-place-va-a-torgelow-am-see#primaryimage","url":"https:\/\/www.schlosstorgelow.de\/wp-content\/uploads\/2025\/07\/matheolympiade-2025_header_st.avif","contentUrl":"https:\/\/www.schlosstorgelow.de\/wp-content\/uploads\/2025\/07\/matheolympiade-2025_header_st.avif","width":1920,"height":1080,"caption":"Champions de math\u00e9matiques au d\u00e9part : la premi\u00e8re place va \u00e0 Torgelow am See !"},{"@type":"BreadcrumbList","@id":"https:\/\/www.schlosstorgelow.de\/fr\/champions-de-mathematiques-au-depart-la-premiere-place-va-a-torgelow-am-see#breadcrumb","itemListElement":[{"@type":"ListItem","position":1,"name":"Startseite","item":"https:\/\/www.schlosstorgelow.de\/fr"},{"@type":"ListItem","position":2,"name":"Champions de math\u00e9matiques au d\u00e9part : la premi\u00e8re place va \u00e0 Torgelow am See !"}]},{"@type":"WebSite","@id":"https:\/\/www.schlosstorgelow.de\/fr#website","url":"https:\/\/www.schlosstorgelow.de\/fr","name":"Schloss Torgelow","description":"Le lyc\u00e9e priv\u00e9 Schloss Torgelow \u2013 l'internat pour les \u00e9l\u00e8ves en qu\u00eate de d\u00e9fis.","potentialAction":[{"@type":"SearchAction","target":{"@type":"EntryPoint","urlTemplate":"https:\/\/www.schlosstorgelow.de\/fr?s={search_term_string}"},"query-input":{"@type":"PropertyValueSpecification","valueRequired":true,"valueName":"search_term_string"}}],"inLanguage":"fr-FR"},{"@type":"Person","@id":"https:\/\/www.schlosstorgelow.de\/fr#\/schema\/person\/b76bbb367f3a20c7ced1339e4875691e","name":"Schloss Torgelow","image":{"@type":"ImageObject","inLanguage":"fr-FR","@id":"https:\/\/www.schlosstorgelow.de\/fr#\/schema\/person\/image\/","url":"https:\/\/secure.gravatar.com\/avatar\/4bad9bf1bee90f77b98693d3ad03ade085c80c169595427c58c58e5b069f49e1?s=96&d=mm&r=g","contentUrl":"https:\/\/secure.gravatar.com\/avatar\/4bad9bf1bee90f77b98693d3ad03ade085c80c169595427c58c58e5b069f49e1?s=96&d=mm&r=g","caption":"Schloss Torgelow"},"sameAs":["https:\/\/www.schlosstorgelow.de"]}]}},"block_visibility_meta":[],"_links":{"self":[{"href":"https:\/\/www.schlosstorgelow.de\/fr\/wp-json\/wp\/v2\/posts\/82441","targetHints":{"allow":["GET"]}}],"collection":[{"href":"https:\/\/www.schlosstorgelow.de\/fr\/wp-json\/wp\/v2\/posts"}],"about":[{"href":"https:\/\/www.schlosstorgelow.de\/fr\/wp-json\/wp\/v2\/types\/post"}],"author":[{"embeddable":true,"href":"https:\/\/www.schlosstorgelow.de\/fr\/wp-json\/wp\/v2\/users\/1"}],"replies":[{"embeddable":true,"href":"https:\/\/www.schlosstorgelow.de\/fr\/wp-json\/wp\/v2\/comments?post=82441"}],"version-history":[{"count":0,"href":"https:\/\/www.schlosstorgelow.de\/fr\/wp-json\/wp\/v2\/posts\/82441\/revisions"}],"wp:featuredmedia":[{"embeddable":true,"href":"https:\/\/www.schlosstorgelow.de\/fr\/wp-json\/wp\/v2\/media\/44123"}],"wp:attachment":[{"href":"https:\/\/www.schlosstorgelow.de\/fr\/wp-json\/wp\/v2\/media?parent=82441"}],"wp:term":[{"taxonomy":"category","embeddable":true,"href":"https:\/\/www.schlosstorgelow.de\/fr\/wp-json\/wp\/v2\/categories?post=82441"},{"taxonomy":"post_tag","embeddable":true,"href":"https:\/\/www.schlosstorgelow.de\/fr\/wp-json\/wp\/v2\/tags?post=82441"}],"curies":[{"name":"wp","href":"https:\/\/api.w.org\/{rel}","templated":true}]}}