{"id":82427,"date":"2025-03-24T15:22:58","date_gmt":"2025-03-24T15:22:58","guid":{"rendered":"https:\/\/www.schlosstorgelow.de\/uniquement-pour-les-optimistes-le-projet-de-foodtruck-reste-un-defi"},"modified":"2026-01-29T08:45:08","modified_gmt":"2026-01-29T07:45:08","slug":"uniquement-pour-les-optimistes-le-projet-de-foodtruck-reste-un-defi","status":"publish","type":"post","link":"https:\/\/www.schlosstorgelow.de\/fr\/uniquement-pour-les-optimistes-le-projet-de-foodtruck-reste-un-defi","title":{"rendered":"Uniquement pour les optimistes \u2013 le projet de foodtruck reste un d\u00e9fi"},"content":{"rendered":"\n<p><i>On dit que les bonnes choses prennent du temps \u2013 mais combien de temps exactement ? Le foodtruck \u00ab\u00a0Uniquement pour les optimistes\u00a0\u00bb est actuellement en pleine phase de r\u00e9novation. La relance pr\u00e9vue devient de plus en plus un d\u00e9fi pour la propri\u00e9taire, qui n&rsquo;a aucune connaissance technique, dont l&rsquo;issue est encore incertaine.  <\/i><\/p>\n\n<p><strong>La patience est de mise<\/strong><\/p>\n\n<p>La r\u00e9novation du food truck a commenc\u00e9 par des travaux intensifs de sablage pour d\u00e9barrasser l&rsquo;int\u00e9rieur du camion des anciennes couches de peinture, des r\u00e9sidus de cuisine et de la rouille. Ensuite, toutes les t\u00f4les endommag\u00e9es ont \u00e9t\u00e9 retir\u00e9es. La structure du ch\u00e2ssis ainsi expos\u00e9e a ensuite d\u00fb \u00eatre trait\u00e9e avec une huile sp\u00e9ciale antirouille et d&rsquo;entretien. Cette huile p\u00e9n\u00e8tre profond\u00e9ment dans les surfaces pour stopper la formation de rouille et cr\u00e9er une base pour les couches de protection contre la corrosion ult\u00e9rieures. Cependant, c&rsquo;est ici que se trouvait un des probl\u00e8mes : le processus de s\u00e9chage a pris du temps.    <\/p>\n\n<p><strong>L&rsquo;attente prolong\u00e9e<\/strong><\/p>\n\n<p>Les temp\u00e9ratures basses persistantes des derni\u00e8res semaines ont consid\u00e9rablement retard\u00e9 le s\u00e9chage. Sans durcissement complet, la prochaine couche de vernis protecteur n&rsquo;a pas pu \u00eatre appliqu\u00e9e. Mais le temps s&rsquo;am\u00e9liore lentement et entre-temps, cette \u00e9tape est d\u00e9sormais achev\u00e9e. Le carrossier peut maintenant s&rsquo;occuper de la reconstruction de la structure du plancher. Un nouveau ch\u00e2ssis auxiliaire en profil\u00e9s en inox sera fabriqu\u00e9 sur mesure et soud\u00e9 au ch\u00e2ssis existant pour cr\u00e9er une base stable pour le nouveau sol en plaques de contreplaqu\u00e9.    <\/p>\n\n<p><strong>Et alors ?<\/strong><\/p>\n\n<p>Ensuite, on passe \u00e0 l&rsquo;am\u00e9nagement int\u00e9rieur et \u00e0 d&rsquo;autres d\u00e9cisions importantes ? Que doit-il exactement pouvoir faire ? Pizzas ? Burgers ? Cr\u00eapes ? Tacos ? G\u00e2teaux ? Beaucoup de points d&rsquo;interrogation et pas encore de r\u00e9ponse finale.       <\/p>\n\n<p><strong>Long souffle<\/strong><\/p>\n\n<p>Esp\u00e9rons que le camion \u00ab\u00a0Uniquement pour les optimistes\u00a0\u00bb brillera bient\u00f4t \u00e0 nouveau de tout son \u00e9clat. Actuellement, il ressemble plut\u00f4t \u00e0 un chantier \u00e0 long terme. Reste \u00e0 savoir quand le foodtruck sera r\u00e9ellement de retour sur les routes. La motivation est pr\u00e9sente, mais les nombreux travaux de r\u00e9paration n\u00e9cessaires le rendent difficile.   <\/p>\n","protected":false},"excerpt":{"rendered":"<p>On dit que les bonnes choses prennent du temps &#8211; mais combien de temps exactement ? Le food truck \u00ab\u00a0Uniquement pour les optimistes\u00a0\u00bb est actuellement en pleine phase de r\u00e9novation. <\/p>\n","protected":false},"author":1,"featured_media":71253,"comment_status":"closed","ping_status":"closed","sticky":false,"template":"","format":"standard","meta":{"_acf_changed":false,"_yoast_wpseo_title":"Uniquement pour les optimistes \u2013 le projet de foodtruck reste un d\u00e9fi","_yoast_wpseo_metadesc":"On dit que les bonnes choses prennent du temps : le food truck \u00ab Uniquement pour les optimistes \u00bb est en pleine r\u00e9novation.","excerpt":"On dit que les bonnes choses prennent du temps - mais combien de temps exactement ? Le food truck \"Uniquement pour les optimistes\" est actuellement en pleine phase de r\u00e9novation. ","footnotes":""},"categories":[33],"tags":[],"class_list":{"0":"post-82427","1":"post","2":"type-post","3":"status-publish","4":"format-standard","5":"has-post-thumbnail","7":"category-actualites-torgelow"},"acf":[],"yoast_head":"<!-- This site is optimized with the Yoast SEO plugin v26.9 - https:\/\/yoast.com\/product\/yoast-seo-wordpress\/ -->\n<title>Uniquement pour les optimistes \u2013 le projet de foodtruck reste un d\u00e9fi<\/title>\n<meta name=\"description\" content=\"On dit que les bonnes choses prennent du temps : le food truck \u00ab Uniquement pour les optimistes \u00bb est en pleine r\u00e9novation.\" \/>\n<meta name=\"robots\" content=\"index, follow, max-snippet:-1, max-image-preview:large, max-video-preview:-1\" \/>\n<link rel=\"canonical\" href=\"https:\/\/www.schlosstorgelow.de\/fr\/uniquement-pour-les-optimistes-le-projet-de-foodtruck-reste-un-defi\" \/>\n<meta property=\"og:locale\" content=\"fr_FR\" \/>\n<meta property=\"og:type\" content=\"article\" \/>\n<meta property=\"og:title\" content=\"Uniquement pour les optimistes \u2013 le projet de foodtruck reste un d\u00e9fi\" \/>\n<meta property=\"og:description\" content=\"On dit que les bonnes choses prennent du temps : le food truck \u00ab Uniquement pour les optimistes \u00bb est en pleine r\u00e9novation.\" \/>\n<meta property=\"og:url\" content=\"https:\/\/www.schlosstorgelow.de\/fr\/uniquement-pour-les-optimistes-le-projet-de-foodtruck-reste-un-defi\" \/>\n<meta property=\"og:site_name\" content=\"Schloss Torgelow\" \/>\n<meta property=\"article:published_time\" content=\"2025-03-24T15:22:58+00:00\" \/>\n<meta property=\"article:modified_time\" content=\"2026-01-29T07:45:08+00:00\" \/>\n<meta name=\"author\" content=\"Schloss Torgelow\" \/>\n<meta name=\"twitter:card\" content=\"summary_large_image\" \/>\n<meta name=\"twitter:label1\" content=\"\u00c9crit par\" \/>\n\t<meta name=\"twitter:data1\" content=\"Schloss Torgelow\" \/>\n\t<meta name=\"twitter:label2\" content=\"Dur\u00e9e de lecture estim\u00e9e\" \/>\n\t<meta name=\"twitter:data2\" content=\"2 minutes\" \/>\n<script type=\"application\/ld+json\" class=\"yoast-schema-graph\">{\"@context\":\"https:\/\/schema.org\",\"@graph\":[{\"@type\":\"Article\",\"@id\":\"https:\/\/www.schlosstorgelow.de\/fr\/uniquement-pour-les-optimistes-le-projet-de-foodtruck-reste-un-defi#article\",\"isPartOf\":{\"@id\":\"https:\/\/www.schlosstorgelow.de\/fr\/uniquement-pour-les-optimistes-le-projet-de-foodtruck-reste-un-defi\"},\"author\":{\"name\":\"Schloss Torgelow\",\"@id\":\"https:\/\/www.schlosstorgelow.de\/fr#\/schema\/person\/b76bbb367f3a20c7ced1339e4875691e\"},\"headline\":\"Uniquement pour les optimistes \u2013 le projet de foodtruck reste un d\u00e9fi\",\"datePublished\":\"2025-03-24T15:22:58+00:00\",\"dateModified\":\"2026-01-29T07:45:08+00:00\",\"mainEntityOfPage\":{\"@id\":\"https:\/\/www.schlosstorgelow.de\/fr\/uniquement-pour-les-optimistes-le-projet-de-foodtruck-reste-un-defi\"},\"wordCount\":392,\"image\":{\"@id\":\"https:\/\/www.schlosstorgelow.de\/fr\/uniquement-pour-les-optimistes-le-projet-de-foodtruck-reste-un-defi#primaryimage\"},\"thumbnailUrl\":\"https:\/\/www.schlosstorgelow.de\/wp-content\/uploads\/2025\/03\/foodtruck-stand-maerz2025.avif\",\"articleSection\":[\"Actualit\u00e9s Torgelow\"],\"inLanguage\":\"fr-FR\"},{\"@type\":\"WebPage\",\"@id\":\"https:\/\/www.schlosstorgelow.de\/fr\/uniquement-pour-les-optimistes-le-projet-de-foodtruck-reste-un-defi#webpage\",\"url\":\"https:\/\/www.schlosstorgelow.de\/fr\/uniquement-pour-les-optimistes-le-projet-de-foodtruck-reste-un-defi\",\"name\":\"Uniquement pour les optimistes \u2013 le projet de foodtruck reste un d\u00e9fi\",\"isPartOf\":{\"@id\":\"https:\/\/www.schlosstorgelow.de\/fr#website\"},\"primaryImageOfPage\":{\"@id\":\"https:\/\/www.schlosstorgelow.de\/fr\/uniquement-pour-les-optimistes-le-projet-de-foodtruck-reste-un-defi#primaryimage\"},\"image\":{\"@id\":\"https:\/\/www.schlosstorgelow.de\/fr\/uniquement-pour-les-optimistes-le-projet-de-foodtruck-reste-un-defi#primaryimage\"},\"thumbnailUrl\":\"https:\/\/www.schlosstorgelow.de\/wp-content\/uploads\/2025\/03\/foodtruck-stand-maerz2025.avif\",\"datePublished\":\"2025-03-24T15:22:58+00:00\",\"dateModified\":\"2026-01-29T07:45:08+00:00\",\"author\":{\"@id\":\"https:\/\/www.schlosstorgelow.de\/fr#\/schema\/person\/b76bbb367f3a20c7ced1339e4875691e\"},\"description\":\"On dit que les bonnes choses prennent du temps : le food truck \u00ab Uniquement pour les optimistes \u00bb est en pleine r\u00e9novation.\",\"breadcrumb\":{\"@id\":\"https:\/\/www.schlosstorgelow.de\/fr\/uniquement-pour-les-optimistes-le-projet-de-foodtruck-reste-un-defi#breadcrumb\"},\"inLanguage\":\"fr-FR\",\"potentialAction\":[{\"@type\":\"ReadAction\",\"target\":[\"https:\/\/www.schlosstorgelow.de\/fr\/uniquement-pour-les-optimistes-le-projet-de-foodtruck-reste-un-defi\"]}]},{\"@type\":\"ImageObject\",\"inLanguage\":\"fr-FR\",\"@id\":\"https:\/\/www.schlosstorgelow.de\/fr\/uniquement-pour-les-optimistes-le-projet-de-foodtruck-reste-un-defi#primaryimage\",\"url\":\"https:\/\/www.schlosstorgelow.de\/wp-content\/uploads\/2025\/03\/foodtruck-stand-maerz2025.avif\",\"contentUrl\":\"https:\/\/www.schlosstorgelow.de\/wp-content\/uploads\/2025\/03\/foodtruck-stand-maerz2025.avif\",\"width\":1920,\"height\":1080,\"caption\":\"Uniquement pour les optimistes \u2013 le projet de foodtruck reste un d\u00e9fi\"},{\"@type\":\"BreadcrumbList\",\"@id\":\"https:\/\/www.schlosstorgelow.de\/fr\/uniquement-pour-les-optimistes-le-projet-de-foodtruck-reste-un-defi#breadcrumb\",\"itemListElement\":[{\"@type\":\"ListItem\",\"position\":1,\"name\":\"Startseite\",\"item\":\"https:\/\/www.schlosstorgelow.de\/fr\"},{\"@type\":\"ListItem\",\"position\":2,\"name\":\"Uniquement pour les optimistes \u2013 le projet de foodtruck reste un d\u00e9fi\"}]},{\"@type\":\"WebSite\",\"@id\":\"https:\/\/www.schlosstorgelow.de\/fr#website\",\"url\":\"https:\/\/www.schlosstorgelow.de\/fr\",\"name\":\"Schloss Torgelow\",\"description\":\"Le lyc\u00e9e priv\u00e9 Schloss Torgelow \u2013 l'internat pour les \u00e9l\u00e8ves en qu\u00eate de d\u00e9fis.\",\"potentialAction\":[{\"@type\":\"SearchAction\",\"target\":{\"@type\":\"EntryPoint\",\"urlTemplate\":\"https:\/\/www.schlosstorgelow.de\/fr?s={search_term_string}\"},\"query-input\":{\"@type\":\"PropertyValueSpecification\",\"valueRequired\":true,\"valueName\":\"search_term_string\"}}],\"inLanguage\":\"fr-FR\"},{\"@type\":\"Person\",\"@id\":\"https:\/\/www.schlosstorgelow.de\/fr#\/schema\/person\/b76bbb367f3a20c7ced1339e4875691e\",\"name\":\"Schloss Torgelow\",\"image\":{\"@type\":\"ImageObject\",\"inLanguage\":\"fr-FR\",\"@id\":\"https:\/\/www.schlosstorgelow.de\/fr#\/schema\/person\/image\/\",\"url\":\"https:\/\/secure.gravatar.com\/avatar\/4bad9bf1bee90f77b98693d3ad03ade085c80c169595427c58c58e5b069f49e1?s=96&d=mm&r=g\",\"contentUrl\":\"https:\/\/secure.gravatar.com\/avatar\/4bad9bf1bee90f77b98693d3ad03ade085c80c169595427c58c58e5b069f49e1?s=96&d=mm&r=g\",\"caption\":\"Schloss Torgelow\"},\"sameAs\":[\"https:\/\/www.schlosstorgelow.de\"]}]}<\/script>\n<!-- \/ Yoast SEO plugin. -->","yoast_head_json":{"title":"Uniquement pour les optimistes \u2013 le projet de foodtruck reste un d\u00e9fi","description":"On dit que les bonnes choses prennent du temps : le food truck \u00ab Uniquement pour les optimistes \u00bb est en pleine r\u00e9novation.","robots":{"index":"index","follow":"follow","max-snippet":"max-snippet:-1","max-image-preview":"max-image-preview:large","max-video-preview":"max-video-preview:-1"},"canonical":"https:\/\/www.schlosstorgelow.de\/fr\/uniquement-pour-les-optimistes-le-projet-de-foodtruck-reste-un-defi","og_locale":"fr_FR","og_type":"article","og_title":"Uniquement pour les optimistes \u2013 le projet de foodtruck reste un d\u00e9fi","og_description":"On dit que les bonnes choses prennent du temps : le food truck \u00ab Uniquement pour les optimistes \u00bb est en pleine r\u00e9novation.","og_url":"https:\/\/www.schlosstorgelow.de\/fr\/uniquement-pour-les-optimistes-le-projet-de-foodtruck-reste-un-defi","og_site_name":"Schloss Torgelow","article_published_time":"2025-03-24T15:22:58+00:00","article_modified_time":"2026-01-29T07:45:08+00:00","author":"Schloss Torgelow","twitter_card":"summary_large_image","twitter_misc":{"\u00c9crit par":"Schloss Torgelow","Dur\u00e9e de lecture estim\u00e9e":"2 minutes"},"schema":{"@context":"https:\/\/schema.org","@graph":[{"@type":"Article","@id":"https:\/\/www.schlosstorgelow.de\/fr\/uniquement-pour-les-optimistes-le-projet-de-foodtruck-reste-un-defi#article","isPartOf":{"@id":"https:\/\/www.schlosstorgelow.de\/fr\/uniquement-pour-les-optimistes-le-projet-de-foodtruck-reste-un-defi"},"author":{"name":"Schloss Torgelow","@id":"https:\/\/www.schlosstorgelow.de\/fr#\/schema\/person\/b76bbb367f3a20c7ced1339e4875691e"},"headline":"Uniquement pour les optimistes \u2013 le projet de foodtruck reste un d\u00e9fi","datePublished":"2025-03-24T15:22:58+00:00","dateModified":"2026-01-29T07:45:08+00:00","mainEntityOfPage":{"@id":"https:\/\/www.schlosstorgelow.de\/fr\/uniquement-pour-les-optimistes-le-projet-de-foodtruck-reste-un-defi"},"wordCount":392,"image":{"@id":"https:\/\/www.schlosstorgelow.de\/fr\/uniquement-pour-les-optimistes-le-projet-de-foodtruck-reste-un-defi#primaryimage"},"thumbnailUrl":"https:\/\/www.schlosstorgelow.de\/wp-content\/uploads\/2025\/03\/foodtruck-stand-maerz2025.avif","articleSection":["Actualit\u00e9s Torgelow"],"inLanguage":"fr-FR"},{"@type":"WebPage","@id":"https:\/\/www.schlosstorgelow.de\/fr\/uniquement-pour-les-optimistes-le-projet-de-foodtruck-reste-un-defi#webpage","url":"https:\/\/www.schlosstorgelow.de\/fr\/uniquement-pour-les-optimistes-le-projet-de-foodtruck-reste-un-defi","name":"Uniquement pour les optimistes \u2013 le projet de foodtruck reste un d\u00e9fi","isPartOf":{"@id":"https:\/\/www.schlosstorgelow.de\/fr#website"},"primaryImageOfPage":{"@id":"https:\/\/www.schlosstorgelow.de\/fr\/uniquement-pour-les-optimistes-le-projet-de-foodtruck-reste-un-defi#primaryimage"},"image":{"@id":"https:\/\/www.schlosstorgelow.de\/fr\/uniquement-pour-les-optimistes-le-projet-de-foodtruck-reste-un-defi#primaryimage"},"thumbnailUrl":"https:\/\/www.schlosstorgelow.de\/wp-content\/uploads\/2025\/03\/foodtruck-stand-maerz2025.avif","datePublished":"2025-03-24T15:22:58+00:00","dateModified":"2026-01-29T07:45:08+00:00","author":{"@id":"https:\/\/www.schlosstorgelow.de\/fr#\/schema\/person\/b76bbb367f3a20c7ced1339e4875691e"},"description":"On dit que les bonnes choses prennent du temps : le food truck \u00ab Uniquement pour les optimistes \u00bb est en pleine r\u00e9novation.","breadcrumb":{"@id":"https:\/\/www.schlosstorgelow.de\/fr\/uniquement-pour-les-optimistes-le-projet-de-foodtruck-reste-un-defi#breadcrumb"},"inLanguage":"fr-FR","potentialAction":[{"@type":"ReadAction","target":["https:\/\/www.schlosstorgelow.de\/fr\/uniquement-pour-les-optimistes-le-projet-de-foodtruck-reste-un-defi"]}]},{"@type":"ImageObject","inLanguage":"fr-FR","@id":"https:\/\/www.schlosstorgelow.de\/fr\/uniquement-pour-les-optimistes-le-projet-de-foodtruck-reste-un-defi#primaryimage","url":"https:\/\/www.schlosstorgelow.de\/wp-content\/uploads\/2025\/03\/foodtruck-stand-maerz2025.avif","contentUrl":"https:\/\/www.schlosstorgelow.de\/wp-content\/uploads\/2025\/03\/foodtruck-stand-maerz2025.avif","width":1920,"height":1080,"caption":"Uniquement pour les optimistes \u2013 le projet de foodtruck reste un d\u00e9fi"},{"@type":"BreadcrumbList","@id":"https:\/\/www.schlosstorgelow.de\/fr\/uniquement-pour-les-optimistes-le-projet-de-foodtruck-reste-un-defi#breadcrumb","itemListElement":[{"@type":"ListItem","position":1,"name":"Startseite","item":"https:\/\/www.schlosstorgelow.de\/fr"},{"@type":"ListItem","position":2,"name":"Uniquement pour les optimistes \u2013 le projet de foodtruck reste un d\u00e9fi"}]},{"@type":"WebSite","@id":"https:\/\/www.schlosstorgelow.de\/fr#website","url":"https:\/\/www.schlosstorgelow.de\/fr","name":"Schloss Torgelow","description":"Le lyc\u00e9e priv\u00e9 Schloss Torgelow \u2013 l'internat pour les \u00e9l\u00e8ves en qu\u00eate de d\u00e9fis.","potentialAction":[{"@type":"SearchAction","target":{"@type":"EntryPoint","urlTemplate":"https:\/\/www.schlosstorgelow.de\/fr?s={search_term_string}"},"query-input":{"@type":"PropertyValueSpecification","valueRequired":true,"valueName":"search_term_string"}}],"inLanguage":"fr-FR"},{"@type":"Person","@id":"https:\/\/www.schlosstorgelow.de\/fr#\/schema\/person\/b76bbb367f3a20c7ced1339e4875691e","name":"Schloss Torgelow","image":{"@type":"ImageObject","inLanguage":"fr-FR","@id":"https:\/\/www.schlosstorgelow.de\/fr#\/schema\/person\/image\/","url":"https:\/\/secure.gravatar.com\/avatar\/4bad9bf1bee90f77b98693d3ad03ade085c80c169595427c58c58e5b069f49e1?s=96&d=mm&r=g","contentUrl":"https:\/\/secure.gravatar.com\/avatar\/4bad9bf1bee90f77b98693d3ad03ade085c80c169595427c58c58e5b069f49e1?s=96&d=mm&r=g","caption":"Schloss Torgelow"},"sameAs":["https:\/\/www.schlosstorgelow.de"]}]}},"block_visibility_meta":[],"_links":{"self":[{"href":"https:\/\/www.schlosstorgelow.de\/fr\/wp-json\/wp\/v2\/posts\/82427","targetHints":{"allow":["GET"]}}],"collection":[{"href":"https:\/\/www.schlosstorgelow.de\/fr\/wp-json\/wp\/v2\/posts"}],"about":[{"href":"https:\/\/www.schlosstorgelow.de\/fr\/wp-json\/wp\/v2\/types\/post"}],"author":[{"embeddable":true,"href":"https:\/\/www.schlosstorgelow.de\/fr\/wp-json\/wp\/v2\/users\/1"}],"replies":[{"embeddable":true,"href":"https:\/\/www.schlosstorgelow.de\/fr\/wp-json\/wp\/v2\/comments?post=82427"}],"version-history":[{"count":0,"href":"https:\/\/www.schlosstorgelow.de\/fr\/wp-json\/wp\/v2\/posts\/82427\/revisions"}],"wp:featuredmedia":[{"embeddable":true,"href":"https:\/\/www.schlosstorgelow.de\/fr\/wp-json\/wp\/v2\/media\/71253"}],"wp:attachment":[{"href":"https:\/\/www.schlosstorgelow.de\/fr\/wp-json\/wp\/v2\/media?parent=82427"}],"wp:term":[{"taxonomy":"category","embeddable":true,"href":"https:\/\/www.schlosstorgelow.de\/fr\/wp-json\/wp\/v2\/categories?post=82427"},{"taxonomy":"post_tag","embeddable":true,"href":"https:\/\/www.schlosstorgelow.de\/fr\/wp-json\/wp\/v2\/tags?post=82427"}],"curies":[{"name":"wp","href":"https:\/\/api.w.org\/{rel}","templated":true}]}}