{"id":82423,"date":"2025-04-01T08:36:51","date_gmt":"2025-04-01T08:36:51","guid":{"rendered":"https:\/\/www.schlosstorgelow.de\/mise-en-scene-de-faust-au-internat-du-chateau-de-torgelow"},"modified":"2026-01-29T08:47:21","modified_gmt":"2026-01-29T07:47:21","slug":"mise-en-scene-de-faust-au-internat-du-schloss-torgelow","status":"publish","type":"post","link":"https:\/\/www.schlosstorgelow.de\/fr\/mise-en-scene-de-faust-au-internat-du-schloss-torgelow","title":{"rendered":"Mise en sc\u00e8ne de \u00ab Faust \u00bb au internat du Schloss Torgelow"},"content":{"rendered":"\n<p><i>\u00ab Vous vous approchez \u00e0 nouveau, silhouettes instables [&#8230;] \u00bb \u2013 Le 5 mars 2025, c&rsquo;\u00e9tait de nouveau le moment : le Jeune Th\u00e9\u00e2tre d&rsquo;\u00c9tat de Parchim a rendu visite \u00e0 l&rsquo;internat du Schloss Torgelow pour pr\u00e9senter aux \u00e9l\u00e8ves de la K1 une repr\u00e9sentation solo (\u00e9court\u00e9e) du drame de Johann Wolfgang von Goethe \u00ab Faust. La premi\u00e8re partie de la trag\u00e9die \u00bb. <\/i><\/p>\n\n<p>La mise en sc\u00e8ne captivante de 60 minutes a \u00e9t\u00e9 le r\u00e9sultat d&rsquo;un intense travail sur cette \u0153uvre c\u00e9l\u00e8bre en cours d&rsquo;allemand.<\/p>\n\n<p>Une fois de plus, l&rsquo;acteur Vincent Hoff a convaincu par son interpr\u00e9tation de tous les personnages de \u00ab Faust \u00bb ; il a travaill\u00e9 de mani\u00e8re virtuose avec son expression faciale, sa gestuelle et sa voix. Mais nos \u00e9l\u00e8ves de K1 ont aussi pu prouver leurs talents d&rsquo;acteurs : M. Hoff les a toujours impliqu\u00e9s dans la pi\u00e8ce \u2013 et ainsi, l\u2019un d\u2019eux est soudain devenu, en tant que Wagner, Gretchen ou Valentin, une partie de l&rsquo;\u00ab ensemble \u00bb. <\/p>\n\n<p>Dans l&rsquo;ensemble, une mise en sc\u00e8ne divertissante et en partie taquine du th\u00e8me classique ; les \u00e9l\u00e8ves de la K1 \u00e9taient en tout cas pleins d&rsquo;\u00e9loges \u00e0 la fin de la soir\u00e9e. Nous avons d\u00e9j\u00e0 h\u00e2te de revoir cette repr\u00e9sentation l&rsquo;ann\u00e9e prochaine ! <\/p>\n","protected":false},"excerpt":{"rendered":"<p>Le Jeune Th\u00e9\u00e2tre d&rsquo;\u00c9tat de Parchim pr\u00e9sente une (abr\u00e9g\u00e9e) performance solo du drame de Johann Wolfgang von Goethe \u00ab Faust. Premi\u00e8re partie de la trag\u00e9die \u00bb.<\/p>\n","protected":false},"author":1,"featured_media":44375,"comment_status":"closed","ping_status":"closed","sticky":false,"template":"","format":"standard","meta":{"_acf_changed":false,"_yoast_wpseo_title":"Mise en sc\u00e8ne de \u00ab Faust \u00bb au internat du Schloss Torgelow","_yoast_wpseo_metadesc":"Le Jeune Th\u00e9\u00e2tre d\u2019\u00c9tat de Parchim pr\u00e9sente une version abr\u00e9g\u00e9e en solo de \u00ab Faust I \u00bb de Goethe.","excerpt":"Le Jeune Th\u00e9\u00e2tre d'\u00c9tat de Parchim pr\u00e9sente une (abr\u00e9g\u00e9e) performance solo du drame de Johann Wolfgang von Goethe \u00ab Faust. Premi\u00e8re partie de la trag\u00e9die \u00bb.","footnotes":""},"categories":[33],"tags":[],"class_list":{"0":"post-82423","1":"post","2":"type-post","3":"status-publish","4":"format-standard","5":"has-post-thumbnail","7":"category-actualites-torgelow"},"acf":[],"yoast_head":"<!-- This site is optimized with the Yoast SEO plugin v26.9 - https:\/\/yoast.com\/product\/yoast-seo-wordpress\/ -->\n<title>Mise en sc\u00e8ne de \u00ab Faust \u00bb au internat du Schloss Torgelow<\/title>\n<meta name=\"description\" content=\"Le Jeune Th\u00e9\u00e2tre d\u2019\u00c9tat de Parchim pr\u00e9sente une version abr\u00e9g\u00e9e en solo de \u00ab Faust I \u00bb de Goethe.\" \/>\n<meta name=\"robots\" content=\"index, follow, max-snippet:-1, max-image-preview:large, max-video-preview:-1\" \/>\n<link rel=\"canonical\" href=\"https:\/\/www.schlosstorgelow.de\/fr\/mise-en-scene-de-faust-au-internat-du-schloss-torgelow\" \/>\n<meta property=\"og:locale\" content=\"fr_FR\" \/>\n<meta property=\"og:type\" content=\"article\" \/>\n<meta property=\"og:title\" content=\"Mise en sc\u00e8ne de \u00ab Faust \u00bb au internat du Schloss Torgelow\" \/>\n<meta property=\"og:description\" content=\"Le Jeune Th\u00e9\u00e2tre d\u2019\u00c9tat de Parchim pr\u00e9sente une version abr\u00e9g\u00e9e en solo de \u00ab Faust I \u00bb de Goethe.\" \/>\n<meta property=\"og:url\" content=\"https:\/\/www.schlosstorgelow.de\/fr\/mise-en-scene-de-faust-au-internat-du-schloss-torgelow\" \/>\n<meta property=\"og:site_name\" content=\"Schloss Torgelow\" \/>\n<meta property=\"article:published_time\" content=\"2025-04-01T08:36:51+00:00\" \/>\n<meta property=\"article:modified_time\" content=\"2026-01-29T07:47:21+00:00\" \/>\n<meta name=\"author\" content=\"Schloss Torgelow\" \/>\n<meta name=\"twitter:card\" content=\"summary_large_image\" \/>\n<meta name=\"twitter:label1\" content=\"\u00c9crit par\" \/>\n\t<meta name=\"twitter:data1\" content=\"Schloss Torgelow\" \/>\n\t<meta name=\"twitter:label2\" content=\"Dur\u00e9e de lecture estim\u00e9e\" \/>\n\t<meta name=\"twitter:data2\" content=\"1 minute\" \/>\n<script type=\"application\/ld+json\" class=\"yoast-schema-graph\">{\"@context\":\"https:\/\/schema.org\",\"@graph\":[{\"@type\":\"Article\",\"@id\":\"https:\/\/www.schlosstorgelow.de\/fr\/mise-en-scene-de-faust-au-internat-du-schloss-torgelow#article\",\"isPartOf\":{\"@id\":\"https:\/\/www.schlosstorgelow.de\/fr\/mise-en-scene-de-faust-au-internat-du-schloss-torgelow\"},\"author\":{\"name\":\"Schloss Torgelow\",\"@id\":\"https:\/\/www.schlosstorgelow.de\/fr#\/schema\/person\/b76bbb367f3a20c7ced1339e4875691e\"},\"headline\":\"Mise en sc\u00e8ne de \u00ab Faust \u00bb au internat du Schloss Torgelow\",\"datePublished\":\"2025-04-01T08:36:51+00:00\",\"dateModified\":\"2026-01-29T07:47:21+00:00\",\"mainEntityOfPage\":{\"@id\":\"https:\/\/www.schlosstorgelow.de\/fr\/mise-en-scene-de-faust-au-internat-du-schloss-torgelow\"},\"wordCount\":232,\"image\":{\"@id\":\"https:\/\/www.schlosstorgelow.de\/fr\/mise-en-scene-de-faust-au-internat-du-schloss-torgelow#primaryimage\"},\"thumbnailUrl\":\"https:\/\/www.schlosstorgelow.de\/wp-content\/uploads\/2025\/07\/faust-2025_header_st.avif\",\"articleSection\":[\"Actualit\u00e9s Torgelow\"],\"inLanguage\":\"fr-FR\"},{\"@type\":\"WebPage\",\"@id\":\"https:\/\/www.schlosstorgelow.de\/fr\/mise-en-scene-de-faust-au-internat-du-schloss-torgelow#webpage\",\"url\":\"https:\/\/www.schlosstorgelow.de\/fr\/mise-en-scene-de-faust-au-internat-du-schloss-torgelow\",\"name\":\"Mise en sc\u00e8ne de \u00ab Faust \u00bb au internat du Schloss Torgelow\",\"isPartOf\":{\"@id\":\"https:\/\/www.schlosstorgelow.de\/fr#website\"},\"primaryImageOfPage\":{\"@id\":\"https:\/\/www.schlosstorgelow.de\/fr\/mise-en-scene-de-faust-au-internat-du-schloss-torgelow#primaryimage\"},\"image\":{\"@id\":\"https:\/\/www.schlosstorgelow.de\/fr\/mise-en-scene-de-faust-au-internat-du-schloss-torgelow#primaryimage\"},\"thumbnailUrl\":\"https:\/\/www.schlosstorgelow.de\/wp-content\/uploads\/2025\/07\/faust-2025_header_st.avif\",\"datePublished\":\"2025-04-01T08:36:51+00:00\",\"dateModified\":\"2026-01-29T07:47:21+00:00\",\"author\":{\"@id\":\"https:\/\/www.schlosstorgelow.de\/fr#\/schema\/person\/b76bbb367f3a20c7ced1339e4875691e\"},\"description\":\"Le Jeune Th\u00e9\u00e2tre d\u2019\u00c9tat de Parchim pr\u00e9sente une version abr\u00e9g\u00e9e en solo de \u00ab Faust I \u00bb de Goethe.\",\"breadcrumb\":{\"@id\":\"https:\/\/www.schlosstorgelow.de\/fr\/mise-en-scene-de-faust-au-internat-du-schloss-torgelow#breadcrumb\"},\"inLanguage\":\"fr-FR\",\"potentialAction\":[{\"@type\":\"ReadAction\",\"target\":[\"https:\/\/www.schlosstorgelow.de\/fr\/mise-en-scene-de-faust-au-internat-du-schloss-torgelow\"]}]},{\"@type\":\"ImageObject\",\"inLanguage\":\"fr-FR\",\"@id\":\"https:\/\/www.schlosstorgelow.de\/fr\/mise-en-scene-de-faust-au-internat-du-schloss-torgelow#primaryimage\",\"url\":\"https:\/\/www.schlosstorgelow.de\/wp-content\/uploads\/2025\/07\/faust-2025_header_st.avif\",\"contentUrl\":\"https:\/\/www.schlosstorgelow.de\/wp-content\/uploads\/2025\/07\/faust-2025_header_st.avif\",\"width\":1920,\"height\":1080,\"caption\":\"Mise en sc\u00e8ne de \u00ab Faust \u00bb au internat du Schloss Torgelow\"},{\"@type\":\"BreadcrumbList\",\"@id\":\"https:\/\/www.schlosstorgelow.de\/fr\/mise-en-scene-de-faust-au-internat-du-schloss-torgelow#breadcrumb\",\"itemListElement\":[{\"@type\":\"ListItem\",\"position\":1,\"name\":\"Startseite\",\"item\":\"https:\/\/www.schlosstorgelow.de\/fr\"},{\"@type\":\"ListItem\",\"position\":2,\"name\":\"Mise en sc\u00e8ne de \u00ab Faust \u00bb au internat du Schloss Torgelow\"}]},{\"@type\":\"WebSite\",\"@id\":\"https:\/\/www.schlosstorgelow.de\/fr#website\",\"url\":\"https:\/\/www.schlosstorgelow.de\/fr\",\"name\":\"Schloss Torgelow\",\"description\":\"Le lyc\u00e9e priv\u00e9 Schloss Torgelow \u2013 l'internat pour les \u00e9l\u00e8ves en qu\u00eate de d\u00e9fis.\",\"potentialAction\":[{\"@type\":\"SearchAction\",\"target\":{\"@type\":\"EntryPoint\",\"urlTemplate\":\"https:\/\/www.schlosstorgelow.de\/fr?s={search_term_string}\"},\"query-input\":{\"@type\":\"PropertyValueSpecification\",\"valueRequired\":true,\"valueName\":\"search_term_string\"}}],\"inLanguage\":\"fr-FR\"},{\"@type\":\"Person\",\"@id\":\"https:\/\/www.schlosstorgelow.de\/fr#\/schema\/person\/b76bbb367f3a20c7ced1339e4875691e\",\"name\":\"Schloss Torgelow\",\"image\":{\"@type\":\"ImageObject\",\"inLanguage\":\"fr-FR\",\"@id\":\"https:\/\/www.schlosstorgelow.de\/fr#\/schema\/person\/image\/\",\"url\":\"https:\/\/secure.gravatar.com\/avatar\/4bad9bf1bee90f77b98693d3ad03ade085c80c169595427c58c58e5b069f49e1?s=96&d=mm&r=g\",\"contentUrl\":\"https:\/\/secure.gravatar.com\/avatar\/4bad9bf1bee90f77b98693d3ad03ade085c80c169595427c58c58e5b069f49e1?s=96&d=mm&r=g\",\"caption\":\"Schloss Torgelow\"},\"sameAs\":[\"https:\/\/www.schlosstorgelow.de\"]}]}<\/script>\n<!-- \/ Yoast SEO plugin. -->","yoast_head_json":{"title":"Mise en sc\u00e8ne de \u00ab Faust \u00bb au internat du Schloss Torgelow","description":"Le Jeune Th\u00e9\u00e2tre d\u2019\u00c9tat de Parchim pr\u00e9sente une version abr\u00e9g\u00e9e en solo de \u00ab Faust I \u00bb de Goethe.","robots":{"index":"index","follow":"follow","max-snippet":"max-snippet:-1","max-image-preview":"max-image-preview:large","max-video-preview":"max-video-preview:-1"},"canonical":"https:\/\/www.schlosstorgelow.de\/fr\/mise-en-scene-de-faust-au-internat-du-schloss-torgelow","og_locale":"fr_FR","og_type":"article","og_title":"Mise en sc\u00e8ne de \u00ab Faust \u00bb au internat du Schloss Torgelow","og_description":"Le Jeune Th\u00e9\u00e2tre d\u2019\u00c9tat de Parchim pr\u00e9sente une version abr\u00e9g\u00e9e en solo de \u00ab Faust I \u00bb de Goethe.","og_url":"https:\/\/www.schlosstorgelow.de\/fr\/mise-en-scene-de-faust-au-internat-du-schloss-torgelow","og_site_name":"Schloss Torgelow","article_published_time":"2025-04-01T08:36:51+00:00","article_modified_time":"2026-01-29T07:47:21+00:00","author":"Schloss Torgelow","twitter_card":"summary_large_image","twitter_misc":{"\u00c9crit par":"Schloss Torgelow","Dur\u00e9e de lecture estim\u00e9e":"1 minute"},"schema":{"@context":"https:\/\/schema.org","@graph":[{"@type":"Article","@id":"https:\/\/www.schlosstorgelow.de\/fr\/mise-en-scene-de-faust-au-internat-du-schloss-torgelow#article","isPartOf":{"@id":"https:\/\/www.schlosstorgelow.de\/fr\/mise-en-scene-de-faust-au-internat-du-schloss-torgelow"},"author":{"name":"Schloss Torgelow","@id":"https:\/\/www.schlosstorgelow.de\/fr#\/schema\/person\/b76bbb367f3a20c7ced1339e4875691e"},"headline":"Mise en sc\u00e8ne de \u00ab Faust \u00bb au internat du Schloss Torgelow","datePublished":"2025-04-01T08:36:51+00:00","dateModified":"2026-01-29T07:47:21+00:00","mainEntityOfPage":{"@id":"https:\/\/www.schlosstorgelow.de\/fr\/mise-en-scene-de-faust-au-internat-du-schloss-torgelow"},"wordCount":232,"image":{"@id":"https:\/\/www.schlosstorgelow.de\/fr\/mise-en-scene-de-faust-au-internat-du-schloss-torgelow#primaryimage"},"thumbnailUrl":"https:\/\/www.schlosstorgelow.de\/wp-content\/uploads\/2025\/07\/faust-2025_header_st.avif","articleSection":["Actualit\u00e9s Torgelow"],"inLanguage":"fr-FR"},{"@type":"WebPage","@id":"https:\/\/www.schlosstorgelow.de\/fr\/mise-en-scene-de-faust-au-internat-du-schloss-torgelow#webpage","url":"https:\/\/www.schlosstorgelow.de\/fr\/mise-en-scene-de-faust-au-internat-du-schloss-torgelow","name":"Mise en sc\u00e8ne de \u00ab Faust \u00bb au internat du Schloss Torgelow","isPartOf":{"@id":"https:\/\/www.schlosstorgelow.de\/fr#website"},"primaryImageOfPage":{"@id":"https:\/\/www.schlosstorgelow.de\/fr\/mise-en-scene-de-faust-au-internat-du-schloss-torgelow#primaryimage"},"image":{"@id":"https:\/\/www.schlosstorgelow.de\/fr\/mise-en-scene-de-faust-au-internat-du-schloss-torgelow#primaryimage"},"thumbnailUrl":"https:\/\/www.schlosstorgelow.de\/wp-content\/uploads\/2025\/07\/faust-2025_header_st.avif","datePublished":"2025-04-01T08:36:51+00:00","dateModified":"2026-01-29T07:47:21+00:00","author":{"@id":"https:\/\/www.schlosstorgelow.de\/fr#\/schema\/person\/b76bbb367f3a20c7ced1339e4875691e"},"description":"Le Jeune Th\u00e9\u00e2tre d\u2019\u00c9tat de Parchim pr\u00e9sente une version abr\u00e9g\u00e9e en solo de \u00ab Faust I \u00bb de Goethe.","breadcrumb":{"@id":"https:\/\/www.schlosstorgelow.de\/fr\/mise-en-scene-de-faust-au-internat-du-schloss-torgelow#breadcrumb"},"inLanguage":"fr-FR","potentialAction":[{"@type":"ReadAction","target":["https:\/\/www.schlosstorgelow.de\/fr\/mise-en-scene-de-faust-au-internat-du-schloss-torgelow"]}]},{"@type":"ImageObject","inLanguage":"fr-FR","@id":"https:\/\/www.schlosstorgelow.de\/fr\/mise-en-scene-de-faust-au-internat-du-schloss-torgelow#primaryimage","url":"https:\/\/www.schlosstorgelow.de\/wp-content\/uploads\/2025\/07\/faust-2025_header_st.avif","contentUrl":"https:\/\/www.schlosstorgelow.de\/wp-content\/uploads\/2025\/07\/faust-2025_header_st.avif","width":1920,"height":1080,"caption":"Mise en sc\u00e8ne de \u00ab Faust \u00bb au internat du Schloss Torgelow"},{"@type":"BreadcrumbList","@id":"https:\/\/www.schlosstorgelow.de\/fr\/mise-en-scene-de-faust-au-internat-du-schloss-torgelow#breadcrumb","itemListElement":[{"@type":"ListItem","position":1,"name":"Startseite","item":"https:\/\/www.schlosstorgelow.de\/fr"},{"@type":"ListItem","position":2,"name":"Mise en sc\u00e8ne de \u00ab Faust \u00bb au internat du Schloss Torgelow"}]},{"@type":"WebSite","@id":"https:\/\/www.schlosstorgelow.de\/fr#website","url":"https:\/\/www.schlosstorgelow.de\/fr","name":"Schloss Torgelow","description":"Le lyc\u00e9e priv\u00e9 Schloss Torgelow \u2013 l'internat pour les \u00e9l\u00e8ves en qu\u00eate de d\u00e9fis.","potentialAction":[{"@type":"SearchAction","target":{"@type":"EntryPoint","urlTemplate":"https:\/\/www.schlosstorgelow.de\/fr?s={search_term_string}"},"query-input":{"@type":"PropertyValueSpecification","valueRequired":true,"valueName":"search_term_string"}}],"inLanguage":"fr-FR"},{"@type":"Person","@id":"https:\/\/www.schlosstorgelow.de\/fr#\/schema\/person\/b76bbb367f3a20c7ced1339e4875691e","name":"Schloss Torgelow","image":{"@type":"ImageObject","inLanguage":"fr-FR","@id":"https:\/\/www.schlosstorgelow.de\/fr#\/schema\/person\/image\/","url":"https:\/\/secure.gravatar.com\/avatar\/4bad9bf1bee90f77b98693d3ad03ade085c80c169595427c58c58e5b069f49e1?s=96&d=mm&r=g","contentUrl":"https:\/\/secure.gravatar.com\/avatar\/4bad9bf1bee90f77b98693d3ad03ade085c80c169595427c58c58e5b069f49e1?s=96&d=mm&r=g","caption":"Schloss Torgelow"},"sameAs":["https:\/\/www.schlosstorgelow.de"]}]}},"block_visibility_meta":[],"_links":{"self":[{"href":"https:\/\/www.schlosstorgelow.de\/fr\/wp-json\/wp\/v2\/posts\/82423","targetHints":{"allow":["GET"]}}],"collection":[{"href":"https:\/\/www.schlosstorgelow.de\/fr\/wp-json\/wp\/v2\/posts"}],"about":[{"href":"https:\/\/www.schlosstorgelow.de\/fr\/wp-json\/wp\/v2\/types\/post"}],"author":[{"embeddable":true,"href":"https:\/\/www.schlosstorgelow.de\/fr\/wp-json\/wp\/v2\/users\/1"}],"replies":[{"embeddable":true,"href":"https:\/\/www.schlosstorgelow.de\/fr\/wp-json\/wp\/v2\/comments?post=82423"}],"version-history":[{"count":0,"href":"https:\/\/www.schlosstorgelow.de\/fr\/wp-json\/wp\/v2\/posts\/82423\/revisions"}],"wp:featuredmedia":[{"embeddable":true,"href":"https:\/\/www.schlosstorgelow.de\/fr\/wp-json\/wp\/v2\/media\/44375"}],"wp:attachment":[{"href":"https:\/\/www.schlosstorgelow.de\/fr\/wp-json\/wp\/v2\/media?parent=82423"}],"wp:term":[{"taxonomy":"category","embeddable":true,"href":"https:\/\/www.schlosstorgelow.de\/fr\/wp-json\/wp\/v2\/categories?post=82423"},{"taxonomy":"post_tag","embeddable":true,"href":"https:\/\/www.schlosstorgelow.de\/fr\/wp-json\/wp\/v2\/tags?post=82423"}],"curies":[{"name":"wp","href":"https:\/\/api.w.org\/{rel}","templated":true}]}}