{"id":82419,"date":"2025-04-09T11:22:26","date_gmt":"2025-04-09T11:22:26","guid":{"rendered":"https:\/\/www.schlosstorgelow.de\/oeuvre-dart-du-mois-davril"},"modified":"2026-01-12T07:18:21","modified_gmt":"2026-01-12T07:18:21","slug":"oeuvre-dart-du-mois-davril","status":"publish","type":"post","link":"https:\/\/www.schlosstorgelow.de\/fr\/oeuvre-dart-du-mois-davril","title":{"rendered":"\u0152uvre d&rsquo;art du mois d&rsquo;avril"},"content":{"rendered":"\n<p><em>Comment s&rsquo;appelle l&rsquo;image ? <\/em><\/p>\n\n<p>\u00ab Cache-moi \u00bb<\/p>\n\n<p><em>Comment \u00e9tait l&rsquo;\u00e9nonc\u00e9 de la t\u00e2che ?<\/em><\/p>\n\n<p>Occupez-vous des approches de l&rsquo;histoire de la photographie. Choisissez une artiste ou un artiste ou une \u00e9poque de l&rsquo;histoire de la photographie. Pr\u00e9sentez une s\u00e9rie de photographies de vous-m\u00eame, inspir\u00e9es par l&rsquo;artiste choisi, et trouvez un th\u00e8me appropri\u00e9 pour cela.  <\/p>\n\n<p><em>Qu&rsquo;est-ce que tu as bien r\u00e9ussi ?<\/em><\/p>\n\n<p>J&rsquo;ai r\u00e9ussi \u00e0 repr\u00e9senter la complexit\u00e9 et la probl\u00e9matique entre le vrai int\u00e9rieur et l&rsquo;ext\u00e9rieur fabriqu\u00e9. Des caract\u00e9ristiques de mon artiste (Annegret Soltau) ont \u00e9t\u00e9 int\u00e9gr\u00e9es dans ma photographie. Mon objectif \u00e9tait de cr\u00e9er de l&rsquo;art avec lequel les gens, en particulier les femmes, peuvent s&rsquo;identifier et, selon les retours du cours, j&rsquo;y suis parvenu.  <\/p>\n\n<p><em>Parle-nous de la signification de l&rsquo;image. Que pourrait-elle signifier ?  <\/em><\/p>\n\n<p>Comme le titre l&rsquo;indique d\u00e9j\u00e0, je souhaite aborder la r\u00e9duction au silence des femmes par la soci\u00e9t\u00e9, par les normes sociales et aussi par elles-m\u00eames. Dans de nombreuses discussions, on a souvent entendu que les femmes agissaient de mani\u00e8re \u00ab trop \u00e9motionnelle \u00bb ou \u00ab pilot\u00e9es par les hormones \u00bb, ce qui est m\u00eame utilis\u00e9 comme un argument pour expliquer pourquoi les femmes ne devraient pas entrer en politique. Cependant, dans la plupart des cas, ces \u00e9motions ne sont pas hormonales, mais bien fond\u00e9es et rationnelles. N\u00e9anmoins, on attend des femmes qu&rsquo;elles se comportent de mani\u00e8re douce et discr\u00e8te &#8211; une attente qui est inculqu\u00e9e aux filles depuis leur enfance.   <\/p>\n\n<p>D&rsquo;une certaine mani\u00e8re, c&rsquo;est aussi une forme d&rsquo;autocritique, car dans de nombreuses situations, au lieu de d\u00e9fendre ses int\u00e9r\u00eats et de montrer son vrai moi, on reste silencieux et se cache en soi. Cela est symbolis\u00e9 par les yeux ferm\u00e9s : on se prot\u00e8ge du \u00ab horrible \u00bb que de nombreuses femmes \u00e0 travers le monde vivent. Cependant, en fermant les yeux, on rend service aux agresseurs, car tant qu&rsquo;on ne regarde pas, on ne peut rien critiquer ni changer.  <\/p>\n\n<p>Il est important de souligner que le silence des femmes n&rsquo;est pas un probl\u00e8me du pass\u00e9 ou des pays en d\u00e9veloppement. Cela concerne \u00e9galement nos soci\u00e9t\u00e9s, o\u00f9 les femmes n&rsquo;ont pas le droit de d\u00e9cider de leur propre corps en ce qui concerne des questions telles que le droit \u00e0 l&rsquo;avortement, et o\u00f9 leurs voix continuent d&rsquo;\u00eatre ignor\u00e9es dans les cas de viol (par exemple, dans l&rsquo;industrie du cin\u00e9ma). <\/p>\n\n<p>En r\u00e9sum\u00e9, l&rsquo;image \u00ab Hide I \u00bb critique les normes soci\u00e9tales dans lesquelles m\u00eame la femme moderne est contrainte. On doit \u00eatre ob\u00e9issante, s&rsquo;adapter, mais en r\u00e9alit\u00e9 je crie int\u00e9rieurement et je me brise sous la pression de mon environnement pour enfin r\u00e9pondre \u00e0 leurs attentes. Le th\u00e8me des femmes \u00e0 qui on enl\u00e8ve la voix est toujours d&rsquo;actualit\u00e9, car dans de nombreux pays, les droits des femmes sont de plus en plus \u00ab r\u00e9gress\u00e9s \u00bb. Cela fait \u00e9galement taire l&rsquo;h\u00e9ritage de ces femmes qui ont lutt\u00e9 pour les droits des femmes et sont descendues dans la rue pour provoquer des changements. La photographie est un appel \u00e0 nous tous, \u00e0 nous interroger moins, \u00e0 rester plus fid\u00e8les \u00e0 notre vrai moi et \u00e0 ne laisser personne nous dicter comment nous devons \u00eatre.    <\/p>\n","protected":false},"excerpt":{"rendered":"<p>L&rsquo;image du mois pr\u00e9sente en avril Caroline de la 12e classe. Elle s&rsquo;intitule \u00ab Hide I \u00bb et aborde le th\u00e8me du silence impos\u00e9 \u00e0 la femme par la soci\u00e9t\u00e9. <\/p>\n","protected":false},"author":1,"featured_media":43997,"comment_status":"closed","ping_status":"closed","sticky":false,"template":"","format":"standard","meta":{"_acf_changed":false,"_yoast_wpseo_title":"\u0152uvre d'art du mois d'avril","_yoast_wpseo_metadesc":"L'image du mois pr\u00e9sente en avril Caroline de la 12e classe. Elle s'intitule \u00ab Hide I \u00bb et aborde le th\u00e8me du silence des femmes impos\u00e9 par la soci\u00e9t\u00e9.","excerpt":"L'image du mois pr\u00e9sente en avril Caroline de la 12e classe. Elle s'intitule \u00ab Hide I \u00bb et aborde le th\u00e8me du silence des femmes impos\u00e9 par la soci\u00e9t\u00e9. ","footnotes":""},"categories":[33],"tags":[],"class_list":{"0":"post-82419","1":"post","2":"type-post","3":"status-publish","4":"format-standard","5":"has-post-thumbnail","7":"category-actualites-torgelow"},"acf":[],"yoast_head":"<!-- This site is optimized with the Yoast SEO plugin v26.9 - https:\/\/yoast.com\/product\/yoast-seo-wordpress\/ -->\n<title>\u0152uvre d&#039;art du mois d&#039;avril<\/title>\n<meta name=\"description\" content=\"L&#039;image du mois pr\u00e9sente en avril Caroline de la 12e classe. Elle s&#039;intitule \u00ab Hide I \u00bb et aborde le th\u00e8me du silence des femmes impos\u00e9 par la soci\u00e9t\u00e9.\" \/>\n<meta name=\"robots\" content=\"index, follow, max-snippet:-1, max-image-preview:large, max-video-preview:-1\" \/>\n<link rel=\"canonical\" href=\"https:\/\/www.schlosstorgelow.de\/fr\/oeuvre-dart-du-mois-davril\" \/>\n<meta property=\"og:locale\" content=\"fr_FR\" \/>\n<meta property=\"og:type\" content=\"article\" \/>\n<meta property=\"og:title\" content=\"\u0152uvre d&#039;art du mois d&#039;avril\" \/>\n<meta property=\"og:description\" content=\"L&#039;image du mois pr\u00e9sente en avril Caroline de la 12e classe. Elle s&#039;intitule \u00ab Hide I \u00bb et aborde le th\u00e8me du silence des femmes impos\u00e9 par la soci\u00e9t\u00e9.\" \/>\n<meta property=\"og:url\" content=\"https:\/\/www.schlosstorgelow.de\/fr\/oeuvre-dart-du-mois-davril\" \/>\n<meta property=\"og:site_name\" content=\"Schloss Torgelow\" \/>\n<meta property=\"article:published_time\" content=\"2025-04-09T11:22:26+00:00\" \/>\n<meta property=\"article:modified_time\" content=\"2026-01-12T07:18:21+00:00\" \/>\n<meta name=\"author\" content=\"Schloss Torgelow\" \/>\n<meta name=\"twitter:card\" content=\"summary_large_image\" \/>\n<meta name=\"twitter:label1\" content=\"\u00c9crit par\" \/>\n\t<meta name=\"twitter:data1\" content=\"Schloss Torgelow\" \/>\n\t<meta name=\"twitter:label2\" content=\"Dur\u00e9e de lecture estim\u00e9e\" \/>\n\t<meta name=\"twitter:data2\" content=\"3 minutes\" \/>\n<script type=\"application\/ld+json\" class=\"yoast-schema-graph\">{\"@context\":\"https:\/\/schema.org\",\"@graph\":[{\"@type\":\"Article\",\"@id\":\"https:\/\/www.schlosstorgelow.de\/fr\/oeuvre-dart-du-mois-davril#article\",\"isPartOf\":{\"@id\":\"https:\/\/www.schlosstorgelow.de\/fr\/oeuvre-dart-du-mois-davril\"},\"author\":{\"name\":\"Schloss Torgelow\",\"@id\":\"https:\/\/www.schlosstorgelow.de\/fr#\/schema\/person\/b76bbb367f3a20c7ced1339e4875691e\"},\"headline\":\"\u0152uvre d&rsquo;art du mois d&rsquo;avril\",\"datePublished\":\"2025-04-09T11:22:26+00:00\",\"dateModified\":\"2026-01-12T07:18:21+00:00\",\"mainEntityOfPage\":{\"@id\":\"https:\/\/www.schlosstorgelow.de\/fr\/oeuvre-dart-du-mois-davril\"},\"wordCount\":580,\"image\":{\"@id\":\"https:\/\/www.schlosstorgelow.de\/fr\/oeuvre-dart-du-mois-davril#primaryimage\"},\"thumbnailUrl\":\"https:\/\/www.schlosstorgelow.de\/wp-content\/uploads\/2025\/07\/kunstwerk-des-monats-april_header_st.avif\",\"articleSection\":[\"Actualit\u00e9s Torgelow\"],\"inLanguage\":\"fr-FR\"},{\"@type\":\"WebPage\",\"@id\":\"https:\/\/www.schlosstorgelow.de\/fr\/oeuvre-dart-du-mois-davril#webpage\",\"url\":\"https:\/\/www.schlosstorgelow.de\/fr\/oeuvre-dart-du-mois-davril\",\"name\":\"\u0152uvre d'art du mois d'avril\",\"isPartOf\":{\"@id\":\"https:\/\/www.schlosstorgelow.de\/fr#website\"},\"primaryImageOfPage\":{\"@id\":\"https:\/\/www.schlosstorgelow.de\/fr\/oeuvre-dart-du-mois-davril#primaryimage\"},\"image\":{\"@id\":\"https:\/\/www.schlosstorgelow.de\/fr\/oeuvre-dart-du-mois-davril#primaryimage\"},\"thumbnailUrl\":\"https:\/\/www.schlosstorgelow.de\/wp-content\/uploads\/2025\/07\/kunstwerk-des-monats-april_header_st.avif\",\"datePublished\":\"2025-04-09T11:22:26+00:00\",\"dateModified\":\"2026-01-12T07:18:21+00:00\",\"author\":{\"@id\":\"https:\/\/www.schlosstorgelow.de\/fr#\/schema\/person\/b76bbb367f3a20c7ced1339e4875691e\"},\"description\":\"L'image du mois pr\u00e9sente en avril Caroline de la 12e classe. Elle s'intitule \u00ab Hide I \u00bb et aborde le th\u00e8me du silence des femmes impos\u00e9 par la soci\u00e9t\u00e9.\",\"breadcrumb\":{\"@id\":\"https:\/\/www.schlosstorgelow.de\/fr\/oeuvre-dart-du-mois-davril#breadcrumb\"},\"inLanguage\":\"fr-FR\",\"potentialAction\":[{\"@type\":\"ReadAction\",\"target\":[\"https:\/\/www.schlosstorgelow.de\/fr\/oeuvre-dart-du-mois-davril\"]}]},{\"@type\":\"ImageObject\",\"inLanguage\":\"fr-FR\",\"@id\":\"https:\/\/www.schlosstorgelow.de\/fr\/oeuvre-dart-du-mois-davril#primaryimage\",\"url\":\"https:\/\/www.schlosstorgelow.de\/wp-content\/uploads\/2025\/07\/kunstwerk-des-monats-april_header_st.avif\",\"contentUrl\":\"https:\/\/www.schlosstorgelow.de\/wp-content\/uploads\/2025\/07\/kunstwerk-des-monats-april_header_st.avif\",\"width\":1920,\"height\":1080,\"caption\":\"\u0152uvre d'art du mois d'avril\"},{\"@type\":\"BreadcrumbList\",\"@id\":\"https:\/\/www.schlosstorgelow.de\/fr\/oeuvre-dart-du-mois-davril#breadcrumb\",\"itemListElement\":[{\"@type\":\"ListItem\",\"position\":1,\"name\":\"Startseite\",\"item\":\"https:\/\/www.schlosstorgelow.de\/fr\"},{\"@type\":\"ListItem\",\"position\":2,\"name\":\"\u0152uvre d&#8217;art du mois d&#8217;avril\"}]},{\"@type\":\"WebSite\",\"@id\":\"https:\/\/www.schlosstorgelow.de\/fr#website\",\"url\":\"https:\/\/www.schlosstorgelow.de\/fr\",\"name\":\"Schloss Torgelow\",\"description\":\"Le lyc\u00e9e priv\u00e9 Schloss Torgelow \u2013 l'internat pour les \u00e9l\u00e8ves en qu\u00eate de d\u00e9fis.\",\"potentialAction\":[{\"@type\":\"SearchAction\",\"target\":{\"@type\":\"EntryPoint\",\"urlTemplate\":\"https:\/\/www.schlosstorgelow.de\/fr?s={search_term_string}\"},\"query-input\":{\"@type\":\"PropertyValueSpecification\",\"valueRequired\":true,\"valueName\":\"search_term_string\"}}],\"inLanguage\":\"fr-FR\"},{\"@type\":\"Person\",\"@id\":\"https:\/\/www.schlosstorgelow.de\/fr#\/schema\/person\/b76bbb367f3a20c7ced1339e4875691e\",\"name\":\"Schloss Torgelow\",\"image\":{\"@type\":\"ImageObject\",\"inLanguage\":\"fr-FR\",\"@id\":\"https:\/\/www.schlosstorgelow.de\/fr#\/schema\/person\/image\/\",\"url\":\"https:\/\/secure.gravatar.com\/avatar\/4bad9bf1bee90f77b98693d3ad03ade085c80c169595427c58c58e5b069f49e1?s=96&d=mm&r=g\",\"contentUrl\":\"https:\/\/secure.gravatar.com\/avatar\/4bad9bf1bee90f77b98693d3ad03ade085c80c169595427c58c58e5b069f49e1?s=96&d=mm&r=g\",\"caption\":\"Schloss Torgelow\"},\"sameAs\":[\"https:\/\/www.schlosstorgelow.de\"]}]}<\/script>\n<!-- \/ Yoast SEO plugin. -->","yoast_head_json":{"title":"\u0152uvre d'art du mois d'avril","description":"L'image du mois pr\u00e9sente en avril Caroline de la 12e classe. Elle s'intitule \u00ab Hide I \u00bb et aborde le th\u00e8me du silence des femmes impos\u00e9 par la soci\u00e9t\u00e9.","robots":{"index":"index","follow":"follow","max-snippet":"max-snippet:-1","max-image-preview":"max-image-preview:large","max-video-preview":"max-video-preview:-1"},"canonical":"https:\/\/www.schlosstorgelow.de\/fr\/oeuvre-dart-du-mois-davril","og_locale":"fr_FR","og_type":"article","og_title":"\u0152uvre d'art du mois d'avril","og_description":"L'image du mois pr\u00e9sente en avril Caroline de la 12e classe. Elle s'intitule \u00ab Hide I \u00bb et aborde le th\u00e8me du silence des femmes impos\u00e9 par la soci\u00e9t\u00e9.","og_url":"https:\/\/www.schlosstorgelow.de\/fr\/oeuvre-dart-du-mois-davril","og_site_name":"Schloss Torgelow","article_published_time":"2025-04-09T11:22:26+00:00","article_modified_time":"2026-01-12T07:18:21+00:00","author":"Schloss Torgelow","twitter_card":"summary_large_image","twitter_misc":{"\u00c9crit par":"Schloss Torgelow","Dur\u00e9e de lecture estim\u00e9e":"3 minutes"},"schema":{"@context":"https:\/\/schema.org","@graph":[{"@type":"Article","@id":"https:\/\/www.schlosstorgelow.de\/fr\/oeuvre-dart-du-mois-davril#article","isPartOf":{"@id":"https:\/\/www.schlosstorgelow.de\/fr\/oeuvre-dart-du-mois-davril"},"author":{"name":"Schloss Torgelow","@id":"https:\/\/www.schlosstorgelow.de\/fr#\/schema\/person\/b76bbb367f3a20c7ced1339e4875691e"},"headline":"\u0152uvre d&rsquo;art du mois d&rsquo;avril","datePublished":"2025-04-09T11:22:26+00:00","dateModified":"2026-01-12T07:18:21+00:00","mainEntityOfPage":{"@id":"https:\/\/www.schlosstorgelow.de\/fr\/oeuvre-dart-du-mois-davril"},"wordCount":580,"image":{"@id":"https:\/\/www.schlosstorgelow.de\/fr\/oeuvre-dart-du-mois-davril#primaryimage"},"thumbnailUrl":"https:\/\/www.schlosstorgelow.de\/wp-content\/uploads\/2025\/07\/kunstwerk-des-monats-april_header_st.avif","articleSection":["Actualit\u00e9s Torgelow"],"inLanguage":"fr-FR"},{"@type":"WebPage","@id":"https:\/\/www.schlosstorgelow.de\/fr\/oeuvre-dart-du-mois-davril#webpage","url":"https:\/\/www.schlosstorgelow.de\/fr\/oeuvre-dart-du-mois-davril","name":"\u0152uvre d'art du mois d'avril","isPartOf":{"@id":"https:\/\/www.schlosstorgelow.de\/fr#website"},"primaryImageOfPage":{"@id":"https:\/\/www.schlosstorgelow.de\/fr\/oeuvre-dart-du-mois-davril#primaryimage"},"image":{"@id":"https:\/\/www.schlosstorgelow.de\/fr\/oeuvre-dart-du-mois-davril#primaryimage"},"thumbnailUrl":"https:\/\/www.schlosstorgelow.de\/wp-content\/uploads\/2025\/07\/kunstwerk-des-monats-april_header_st.avif","datePublished":"2025-04-09T11:22:26+00:00","dateModified":"2026-01-12T07:18:21+00:00","author":{"@id":"https:\/\/www.schlosstorgelow.de\/fr#\/schema\/person\/b76bbb367f3a20c7ced1339e4875691e"},"description":"L'image du mois pr\u00e9sente en avril Caroline de la 12e classe. Elle s'intitule \u00ab Hide I \u00bb et aborde le th\u00e8me du silence des femmes impos\u00e9 par la soci\u00e9t\u00e9.","breadcrumb":{"@id":"https:\/\/www.schlosstorgelow.de\/fr\/oeuvre-dart-du-mois-davril#breadcrumb"},"inLanguage":"fr-FR","potentialAction":[{"@type":"ReadAction","target":["https:\/\/www.schlosstorgelow.de\/fr\/oeuvre-dart-du-mois-davril"]}]},{"@type":"ImageObject","inLanguage":"fr-FR","@id":"https:\/\/www.schlosstorgelow.de\/fr\/oeuvre-dart-du-mois-davril#primaryimage","url":"https:\/\/www.schlosstorgelow.de\/wp-content\/uploads\/2025\/07\/kunstwerk-des-monats-april_header_st.avif","contentUrl":"https:\/\/www.schlosstorgelow.de\/wp-content\/uploads\/2025\/07\/kunstwerk-des-monats-april_header_st.avif","width":1920,"height":1080,"caption":"\u0152uvre d'art du mois d'avril"},{"@type":"BreadcrumbList","@id":"https:\/\/www.schlosstorgelow.de\/fr\/oeuvre-dart-du-mois-davril#breadcrumb","itemListElement":[{"@type":"ListItem","position":1,"name":"Startseite","item":"https:\/\/www.schlosstorgelow.de\/fr"},{"@type":"ListItem","position":2,"name":"\u0152uvre d&#8217;art du mois d&#8217;avril"}]},{"@type":"WebSite","@id":"https:\/\/www.schlosstorgelow.de\/fr#website","url":"https:\/\/www.schlosstorgelow.de\/fr","name":"Schloss Torgelow","description":"Le lyc\u00e9e priv\u00e9 Schloss Torgelow \u2013 l'internat pour les \u00e9l\u00e8ves en qu\u00eate de d\u00e9fis.","potentialAction":[{"@type":"SearchAction","target":{"@type":"EntryPoint","urlTemplate":"https:\/\/www.schlosstorgelow.de\/fr?s={search_term_string}"},"query-input":{"@type":"PropertyValueSpecification","valueRequired":true,"valueName":"search_term_string"}}],"inLanguage":"fr-FR"},{"@type":"Person","@id":"https:\/\/www.schlosstorgelow.de\/fr#\/schema\/person\/b76bbb367f3a20c7ced1339e4875691e","name":"Schloss Torgelow","image":{"@type":"ImageObject","inLanguage":"fr-FR","@id":"https:\/\/www.schlosstorgelow.de\/fr#\/schema\/person\/image\/","url":"https:\/\/secure.gravatar.com\/avatar\/4bad9bf1bee90f77b98693d3ad03ade085c80c169595427c58c58e5b069f49e1?s=96&d=mm&r=g","contentUrl":"https:\/\/secure.gravatar.com\/avatar\/4bad9bf1bee90f77b98693d3ad03ade085c80c169595427c58c58e5b069f49e1?s=96&d=mm&r=g","caption":"Schloss Torgelow"},"sameAs":["https:\/\/www.schlosstorgelow.de"]}]}},"block_visibility_meta":[],"_links":{"self":[{"href":"https:\/\/www.schlosstorgelow.de\/fr\/wp-json\/wp\/v2\/posts\/82419","targetHints":{"allow":["GET"]}}],"collection":[{"href":"https:\/\/www.schlosstorgelow.de\/fr\/wp-json\/wp\/v2\/posts"}],"about":[{"href":"https:\/\/www.schlosstorgelow.de\/fr\/wp-json\/wp\/v2\/types\/post"}],"author":[{"embeddable":true,"href":"https:\/\/www.schlosstorgelow.de\/fr\/wp-json\/wp\/v2\/users\/1"}],"replies":[{"embeddable":true,"href":"https:\/\/www.schlosstorgelow.de\/fr\/wp-json\/wp\/v2\/comments?post=82419"}],"version-history":[{"count":0,"href":"https:\/\/www.schlosstorgelow.de\/fr\/wp-json\/wp\/v2\/posts\/82419\/revisions"}],"wp:featuredmedia":[{"embeddable":true,"href":"https:\/\/www.schlosstorgelow.de\/fr\/wp-json\/wp\/v2\/media\/43997"}],"wp:attachment":[{"href":"https:\/\/www.schlosstorgelow.de\/fr\/wp-json\/wp\/v2\/media?parent=82419"}],"wp:term":[{"taxonomy":"category","embeddable":true,"href":"https:\/\/www.schlosstorgelow.de\/fr\/wp-json\/wp\/v2\/categories?post=82419"},{"taxonomy":"post_tag","embeddable":true,"href":"https:\/\/www.schlosstorgelow.de\/fr\/wp-json\/wp\/v2\/tags?post=82419"}],"curies":[{"name":"wp","href":"https:\/\/api.w.org\/{rel}","templated":true}]}}