{"id":82415,"date":"2025-04-24T11:33:59","date_gmt":"2025-04-24T11:33:59","guid":{"rendered":"https:\/\/www.schlosstorgelow.de\/muttersoehnchen-sur-le-podium"},"modified":"2026-01-12T07:17:24","modified_gmt":"2026-01-12T07:17:24","slug":"muttersoehnchen-sur-le-podium","status":"publish","type":"post","link":"https:\/\/www.schlosstorgelow.de\/fr\/muttersoehnchen-sur-le-podium","title":{"rendered":"Mutters\u00f6hnchen sur le podium"},"content":{"rendered":"\n<p><i>Le concours de journaux scolaires de Mecklembourg-Pom\u00e9ranie-Occidentale a c\u00e9l\u00e9br\u00e9 cette ann\u00e9e son 20e anniversaire. Organis\u00e9 par le Bureau d&rsquo;information des journaux scolaires (LiSZ), le concours a de nouveau offert aux jeunes journalistes une plateforme pour prouver leurs travaux cr\u00e9atifs et bien document\u00e9s. Notre \u00ab\u00a0fils \u00e0 maman\u00a0\u00bb \u00e9tait pr\u00e9sent.  <\/i><\/p>\n\n<p>Un jury d&rsquo;experts a \u00e9valu\u00e9 les publications soumises selon des crit\u00e8res tels que la diversit\u00e9 des th\u00e8mes, la qualit\u00e9 journalistique et la cr\u00e9ativit\u00e9 de la pr\u00e9sentation. Au total, 39 journaux scolaires de tout l&rsquo;\u00c9tat ont particip\u00e9 \u00e0 la comp\u00e9tition, dont 15 lyc\u00e9es avec une version imprim\u00e9e, y compris notre petit chouchou. <\/p>\n\n<p>Le 5 mars, plusieurs r\u00e9dactrices et r\u00e9dacteurs de notre journal scolaire, accompagn\u00e9s de Mme Neumann, se sont rendus \u00e0 Greifswald pour participer \u00e0 la c\u00e9r\u00e9monie de remise des prix du concours de journaux scolaires de Mecklembourg-Pom\u00e9ranie-Occidentale. L&rsquo;imposante salle de l&rsquo;universit\u00e9 de Greifswald offrait le cadre parfait pour cet \u00e9v\u00e9nement sp\u00e9cial. Apr\u00e8s l&rsquo;ouverture et un discours de bienvenue de Bettina Martin, ministre de la Science, de la Culture, des affaires f\u00e9d\u00e9rales et europ\u00e9ennes, les prix principaux dans les diff\u00e9rentes cat\u00e9gories ont \u00e9t\u00e9 remis. Des \u00e9coles \u00e9l\u00e9mentaires aux \u00e9coles sp\u00e9cialis\u00e9es, en passant par les \u00e9coles r\u00e9gionales et les lyc\u00e9es, les trois meilleures r\u00e9dactions de chaque cat\u00e9gorie ont eu la joie de recevoir des prix en esp\u00e8ces. 250 euros pour la troisi\u00e8me place, 350 euros pour la deuxi\u00e8me place et la somme impressionnante de 450 euros pour le gagnant. En outre, de nombreux prix sp\u00e9ciaux ont \u00e9t\u00e9 attribu\u00e9s dans des cat\u00e9gories sp\u00e9cifiques.     <\/p>\n\n<p>Nous attendions avec impatience le r\u00e9sultat &#8211; et puis le moment \u00e9tait arriv\u00e9 : le fils \u00e0 maman a atteint la 3\u00e8me place dans la cat\u00e9gorie \u00ab\u00a0Impression des lyc\u00e9es\u00a0\u00bb! La joie \u00e9tait immense lorsque nous avons re\u00e7u la r\u00e9compense et notre prix de 250 euros. Une belle reconnaissance pour notre travail acharn\u00e9 et notre engagement ! <\/p>\n\n<p><strong>Inspiration et nouvelles id\u00e9es<\/strong><\/p>\n\n<p>Apr\u00e8s la remise des prix, nous avons poursuivi avec des ateliers passionnants sur des th\u00e8mes tels que la mise en page, la recherche et la conception m\u00e9diatique. Un s\u00e9minaire sur l&rsquo;application de design Canva a \u00e9t\u00e9 particuli\u00e8rement \u00e9clairant, car nous l&rsquo;utilisons depuis peu pour la mise en page de notre journal scolaire. Nous y avons re\u00e7u des conseils et des suggestions pr\u00e9cieux afin d&rsquo;exploiter au mieux nos possibilit\u00e9s cr\u00e9atives.  <\/p>\n\n<p>Dans l&rsquo;ensemble, ce fut une journ\u00e9e inspirante et enrichissante \u00e0 Greifswald, o\u00f9 nous avons non seulement pu c\u00e9l\u00e9brer notre distinction, mais aussi emporter de nombreuses nouvelles id\u00e9es et impressions pour la prochaine \u00e9dition du Mutters\u00f6hnchen. Nous sommes d\u00e9j\u00e0 impatients de mettre en pratique nos nouvelles connaissances ! Un grand merci ici \u00e0 la LiSZ pour l&rsquo;excellente organisation et \u00e0 l&rsquo;\u00e9quipe du projet photographie pour la belle photo gagnante !  <\/p>\n\n<p><a href=\"#_ftnref1\">[1]<\/a> <a href=\"https:\/\/ifnm.de\/blog\/schuelerzeitung\/schuelerzeitungwettbewerb\/sz-wettbewerb-informationen\/\">https:\/\/ifnm.de\/blog\/schuelerzeitung\/schuelerzeitungwettbewerb\/sz-wettbewerb-informationen\/<\/a> (Acc\u00e8s effectu\u00e9 le 12.03.2025)<\/p>\n","protected":false},"excerpt":{"rendered":"<p>Notre \u00ab\u00a0Mutters\u00f6hnchen\u00a0\u00bb re\u00e7oit un prix pour la 3e place au 20e concours de journaux scolaires de Mecklembourg-Pom\u00e9ranie-Occidentale.<\/p>\n","protected":false},"author":1,"featured_media":44405,"comment_status":"closed","ping_status":"closed","sticky":false,"template":"","format":"standard","meta":{"_acf_changed":false,"_yoast_wpseo_title":"Mutters\u00f6hnchen sur le podium","_yoast_wpseo_metadesc":"Notre \"Mutters\u00f6hnchen\" re\u00e7oit un prix pour la 3e place au 20e concours de journaux scolaires de Mecklembourg-Pom\u00e9ranie-Occidentale.","excerpt":"Notre \"Mutters\u00f6hnchen\" re\u00e7oit un prix pour la 3e place au 20e concours de journaux scolaires de Mecklembourg-Pom\u00e9ranie-Occidentale.","footnotes":""},"categories":[33],"tags":[],"class_list":{"0":"post-82415","1":"post","2":"type-post","3":"status-publish","4":"format-standard","5":"has-post-thumbnail","7":"category-actualites-torgelow"},"acf":[],"yoast_head":"<!-- This site is optimized with the Yoast SEO plugin v26.9 - https:\/\/yoast.com\/product\/yoast-seo-wordpress\/ -->\n<title>Mutters\u00f6hnchen sur le podium<\/title>\n<meta name=\"description\" content=\"Notre &quot;Mutters\u00f6hnchen&quot; re\u00e7oit un prix pour la 3e place au 20e concours de journaux scolaires de Mecklembourg-Pom\u00e9ranie-Occidentale.\" \/>\n<meta name=\"robots\" content=\"index, follow, max-snippet:-1, max-image-preview:large, max-video-preview:-1\" \/>\n<link rel=\"canonical\" href=\"https:\/\/www.schlosstorgelow.de\/fr\/muttersoehnchen-sur-le-podium\" \/>\n<meta property=\"og:locale\" content=\"fr_FR\" \/>\n<meta property=\"og:type\" content=\"article\" \/>\n<meta property=\"og:title\" content=\"Mutters\u00f6hnchen sur le podium\" \/>\n<meta property=\"og:description\" content=\"Notre &quot;Mutters\u00f6hnchen&quot; re\u00e7oit un prix pour la 3e place au 20e concours de journaux scolaires de Mecklembourg-Pom\u00e9ranie-Occidentale.\" \/>\n<meta property=\"og:url\" content=\"https:\/\/www.schlosstorgelow.de\/fr\/muttersoehnchen-sur-le-podium\" \/>\n<meta property=\"og:site_name\" content=\"Schloss Torgelow\" \/>\n<meta property=\"article:published_time\" content=\"2025-04-24T11:33:59+00:00\" \/>\n<meta property=\"article:modified_time\" content=\"2026-01-12T07:17:24+00:00\" \/>\n<meta name=\"author\" content=\"Schloss Torgelow\" \/>\n<meta name=\"twitter:card\" content=\"summary_large_image\" \/>\n<meta name=\"twitter:label1\" content=\"\u00c9crit par\" \/>\n\t<meta name=\"twitter:data1\" content=\"Schloss Torgelow\" \/>\n\t<meta name=\"twitter:label2\" content=\"Dur\u00e9e de lecture estim\u00e9e\" \/>\n\t<meta name=\"twitter:data2\" content=\"3 minutes\" \/>\n<script type=\"application\/ld+json\" class=\"yoast-schema-graph\">{\"@context\":\"https:\/\/schema.org\",\"@graph\":[{\"@type\":\"Article\",\"@id\":\"https:\/\/www.schlosstorgelow.de\/fr\/muttersoehnchen-sur-le-podium#article\",\"isPartOf\":{\"@id\":\"https:\/\/www.schlosstorgelow.de\/fr\/muttersoehnchen-sur-le-podium\"},\"author\":{\"name\":\"Schloss Torgelow\",\"@id\":\"https:\/\/www.schlosstorgelow.de\/fr#\/schema\/person\/b76bbb367f3a20c7ced1339e4875691e\"},\"headline\":\"Mutters\u00f6hnchen sur le podium\",\"datePublished\":\"2025-04-24T11:33:59+00:00\",\"dateModified\":\"2026-01-12T07:17:24+00:00\",\"mainEntityOfPage\":{\"@id\":\"https:\/\/www.schlosstorgelow.de\/fr\/muttersoehnchen-sur-le-podium\"},\"wordCount\":518,\"image\":{\"@id\":\"https:\/\/www.schlosstorgelow.de\/fr\/muttersoehnchen-sur-le-podium#primaryimage\"},\"thumbnailUrl\":\"https:\/\/www.schlosstorgelow.de\/wp-content\/uploads\/2025\/07\/sz-wettbewerb-2025_header_st.avif\",\"articleSection\":[\"Actualit\u00e9s Torgelow\"],\"inLanguage\":\"fr-FR\"},{\"@type\":\"WebPage\",\"@id\":\"https:\/\/www.schlosstorgelow.de\/fr\/muttersoehnchen-sur-le-podium#webpage\",\"url\":\"https:\/\/www.schlosstorgelow.de\/fr\/muttersoehnchen-sur-le-podium\",\"name\":\"Mutters\u00f6hnchen sur le podium\",\"isPartOf\":{\"@id\":\"https:\/\/www.schlosstorgelow.de\/fr#website\"},\"primaryImageOfPage\":{\"@id\":\"https:\/\/www.schlosstorgelow.de\/fr\/muttersoehnchen-sur-le-podium#primaryimage\"},\"image\":{\"@id\":\"https:\/\/www.schlosstorgelow.de\/fr\/muttersoehnchen-sur-le-podium#primaryimage\"},\"thumbnailUrl\":\"https:\/\/www.schlosstorgelow.de\/wp-content\/uploads\/2025\/07\/sz-wettbewerb-2025_header_st.avif\",\"datePublished\":\"2025-04-24T11:33:59+00:00\",\"dateModified\":\"2026-01-12T07:17:24+00:00\",\"author\":{\"@id\":\"https:\/\/www.schlosstorgelow.de\/fr#\/schema\/person\/b76bbb367f3a20c7ced1339e4875691e\"},\"description\":\"Notre \\\"Mutters\u00f6hnchen\\\" re\u00e7oit un prix pour la 3e place au 20e concours de journaux scolaires de Mecklembourg-Pom\u00e9ranie-Occidentale.\",\"breadcrumb\":{\"@id\":\"https:\/\/www.schlosstorgelow.de\/fr\/muttersoehnchen-sur-le-podium#breadcrumb\"},\"inLanguage\":\"fr-FR\",\"potentialAction\":[{\"@type\":\"ReadAction\",\"target\":[\"https:\/\/www.schlosstorgelow.de\/fr\/muttersoehnchen-sur-le-podium\"]}]},{\"@type\":\"ImageObject\",\"inLanguage\":\"fr-FR\",\"@id\":\"https:\/\/www.schlosstorgelow.de\/fr\/muttersoehnchen-sur-le-podium#primaryimage\",\"url\":\"https:\/\/www.schlosstorgelow.de\/wp-content\/uploads\/2025\/07\/sz-wettbewerb-2025_header_st.avif\",\"contentUrl\":\"https:\/\/www.schlosstorgelow.de\/wp-content\/uploads\/2025\/07\/sz-wettbewerb-2025_header_st.avif\",\"width\":1920,\"height\":1080,\"caption\":\"Mutters\u00f6hnchen sur le podium\"},{\"@type\":\"BreadcrumbList\",\"@id\":\"https:\/\/www.schlosstorgelow.de\/fr\/muttersoehnchen-sur-le-podium#breadcrumb\",\"itemListElement\":[{\"@type\":\"ListItem\",\"position\":1,\"name\":\"Startseite\",\"item\":\"https:\/\/www.schlosstorgelow.de\/fr\"},{\"@type\":\"ListItem\",\"position\":2,\"name\":\"Mutters\u00f6hnchen sur le podium\"}]},{\"@type\":\"WebSite\",\"@id\":\"https:\/\/www.schlosstorgelow.de\/fr#website\",\"url\":\"https:\/\/www.schlosstorgelow.de\/fr\",\"name\":\"Schloss Torgelow\",\"description\":\"Le lyc\u00e9e priv\u00e9 Schloss Torgelow \u2013 l'internat pour les \u00e9l\u00e8ves en qu\u00eate de d\u00e9fis.\",\"potentialAction\":[{\"@type\":\"SearchAction\",\"target\":{\"@type\":\"EntryPoint\",\"urlTemplate\":\"https:\/\/www.schlosstorgelow.de\/fr?s={search_term_string}\"},\"query-input\":{\"@type\":\"PropertyValueSpecification\",\"valueRequired\":true,\"valueName\":\"search_term_string\"}}],\"inLanguage\":\"fr-FR\"},{\"@type\":\"Person\",\"@id\":\"https:\/\/www.schlosstorgelow.de\/fr#\/schema\/person\/b76bbb367f3a20c7ced1339e4875691e\",\"name\":\"Schloss Torgelow\",\"image\":{\"@type\":\"ImageObject\",\"inLanguage\":\"fr-FR\",\"@id\":\"https:\/\/www.schlosstorgelow.de\/fr#\/schema\/person\/image\/\",\"url\":\"https:\/\/secure.gravatar.com\/avatar\/4bad9bf1bee90f77b98693d3ad03ade085c80c169595427c58c58e5b069f49e1?s=96&d=mm&r=g\",\"contentUrl\":\"https:\/\/secure.gravatar.com\/avatar\/4bad9bf1bee90f77b98693d3ad03ade085c80c169595427c58c58e5b069f49e1?s=96&d=mm&r=g\",\"caption\":\"Schloss Torgelow\"},\"sameAs\":[\"https:\/\/www.schlosstorgelow.de\"]}]}<\/script>\n<!-- \/ Yoast SEO plugin. -->","yoast_head_json":{"title":"Mutters\u00f6hnchen sur le podium","description":"Notre \"Mutters\u00f6hnchen\" re\u00e7oit un prix pour la 3e place au 20e concours de journaux scolaires de Mecklembourg-Pom\u00e9ranie-Occidentale.","robots":{"index":"index","follow":"follow","max-snippet":"max-snippet:-1","max-image-preview":"max-image-preview:large","max-video-preview":"max-video-preview:-1"},"canonical":"https:\/\/www.schlosstorgelow.de\/fr\/muttersoehnchen-sur-le-podium","og_locale":"fr_FR","og_type":"article","og_title":"Mutters\u00f6hnchen sur le podium","og_description":"Notre \"Mutters\u00f6hnchen\" re\u00e7oit un prix pour la 3e place au 20e concours de journaux scolaires de Mecklembourg-Pom\u00e9ranie-Occidentale.","og_url":"https:\/\/www.schlosstorgelow.de\/fr\/muttersoehnchen-sur-le-podium","og_site_name":"Schloss Torgelow","article_published_time":"2025-04-24T11:33:59+00:00","article_modified_time":"2026-01-12T07:17:24+00:00","author":"Schloss Torgelow","twitter_card":"summary_large_image","twitter_misc":{"\u00c9crit par":"Schloss Torgelow","Dur\u00e9e de lecture estim\u00e9e":"3 minutes"},"schema":{"@context":"https:\/\/schema.org","@graph":[{"@type":"Article","@id":"https:\/\/www.schlosstorgelow.de\/fr\/muttersoehnchen-sur-le-podium#article","isPartOf":{"@id":"https:\/\/www.schlosstorgelow.de\/fr\/muttersoehnchen-sur-le-podium"},"author":{"name":"Schloss Torgelow","@id":"https:\/\/www.schlosstorgelow.de\/fr#\/schema\/person\/b76bbb367f3a20c7ced1339e4875691e"},"headline":"Mutters\u00f6hnchen sur le podium","datePublished":"2025-04-24T11:33:59+00:00","dateModified":"2026-01-12T07:17:24+00:00","mainEntityOfPage":{"@id":"https:\/\/www.schlosstorgelow.de\/fr\/muttersoehnchen-sur-le-podium"},"wordCount":518,"image":{"@id":"https:\/\/www.schlosstorgelow.de\/fr\/muttersoehnchen-sur-le-podium#primaryimage"},"thumbnailUrl":"https:\/\/www.schlosstorgelow.de\/wp-content\/uploads\/2025\/07\/sz-wettbewerb-2025_header_st.avif","articleSection":["Actualit\u00e9s Torgelow"],"inLanguage":"fr-FR"},{"@type":"WebPage","@id":"https:\/\/www.schlosstorgelow.de\/fr\/muttersoehnchen-sur-le-podium#webpage","url":"https:\/\/www.schlosstorgelow.de\/fr\/muttersoehnchen-sur-le-podium","name":"Mutters\u00f6hnchen sur le podium","isPartOf":{"@id":"https:\/\/www.schlosstorgelow.de\/fr#website"},"primaryImageOfPage":{"@id":"https:\/\/www.schlosstorgelow.de\/fr\/muttersoehnchen-sur-le-podium#primaryimage"},"image":{"@id":"https:\/\/www.schlosstorgelow.de\/fr\/muttersoehnchen-sur-le-podium#primaryimage"},"thumbnailUrl":"https:\/\/www.schlosstorgelow.de\/wp-content\/uploads\/2025\/07\/sz-wettbewerb-2025_header_st.avif","datePublished":"2025-04-24T11:33:59+00:00","dateModified":"2026-01-12T07:17:24+00:00","author":{"@id":"https:\/\/www.schlosstorgelow.de\/fr#\/schema\/person\/b76bbb367f3a20c7ced1339e4875691e"},"description":"Notre \"Mutters\u00f6hnchen\" re\u00e7oit un prix pour la 3e place au 20e concours de journaux scolaires de Mecklembourg-Pom\u00e9ranie-Occidentale.","breadcrumb":{"@id":"https:\/\/www.schlosstorgelow.de\/fr\/muttersoehnchen-sur-le-podium#breadcrumb"},"inLanguage":"fr-FR","potentialAction":[{"@type":"ReadAction","target":["https:\/\/www.schlosstorgelow.de\/fr\/muttersoehnchen-sur-le-podium"]}]},{"@type":"ImageObject","inLanguage":"fr-FR","@id":"https:\/\/www.schlosstorgelow.de\/fr\/muttersoehnchen-sur-le-podium#primaryimage","url":"https:\/\/www.schlosstorgelow.de\/wp-content\/uploads\/2025\/07\/sz-wettbewerb-2025_header_st.avif","contentUrl":"https:\/\/www.schlosstorgelow.de\/wp-content\/uploads\/2025\/07\/sz-wettbewerb-2025_header_st.avif","width":1920,"height":1080,"caption":"Mutters\u00f6hnchen sur le podium"},{"@type":"BreadcrumbList","@id":"https:\/\/www.schlosstorgelow.de\/fr\/muttersoehnchen-sur-le-podium#breadcrumb","itemListElement":[{"@type":"ListItem","position":1,"name":"Startseite","item":"https:\/\/www.schlosstorgelow.de\/fr"},{"@type":"ListItem","position":2,"name":"Mutters\u00f6hnchen sur le podium"}]},{"@type":"WebSite","@id":"https:\/\/www.schlosstorgelow.de\/fr#website","url":"https:\/\/www.schlosstorgelow.de\/fr","name":"Schloss Torgelow","description":"Le lyc\u00e9e priv\u00e9 Schloss Torgelow \u2013 l'internat pour les \u00e9l\u00e8ves en qu\u00eate de d\u00e9fis.","potentialAction":[{"@type":"SearchAction","target":{"@type":"EntryPoint","urlTemplate":"https:\/\/www.schlosstorgelow.de\/fr?s={search_term_string}"},"query-input":{"@type":"PropertyValueSpecification","valueRequired":true,"valueName":"search_term_string"}}],"inLanguage":"fr-FR"},{"@type":"Person","@id":"https:\/\/www.schlosstorgelow.de\/fr#\/schema\/person\/b76bbb367f3a20c7ced1339e4875691e","name":"Schloss Torgelow","image":{"@type":"ImageObject","inLanguage":"fr-FR","@id":"https:\/\/www.schlosstorgelow.de\/fr#\/schema\/person\/image\/","url":"https:\/\/secure.gravatar.com\/avatar\/4bad9bf1bee90f77b98693d3ad03ade085c80c169595427c58c58e5b069f49e1?s=96&d=mm&r=g","contentUrl":"https:\/\/secure.gravatar.com\/avatar\/4bad9bf1bee90f77b98693d3ad03ade085c80c169595427c58c58e5b069f49e1?s=96&d=mm&r=g","caption":"Schloss Torgelow"},"sameAs":["https:\/\/www.schlosstorgelow.de"]}]}},"block_visibility_meta":[],"_links":{"self":[{"href":"https:\/\/www.schlosstorgelow.de\/fr\/wp-json\/wp\/v2\/posts\/82415","targetHints":{"allow":["GET"]}}],"collection":[{"href":"https:\/\/www.schlosstorgelow.de\/fr\/wp-json\/wp\/v2\/posts"}],"about":[{"href":"https:\/\/www.schlosstorgelow.de\/fr\/wp-json\/wp\/v2\/types\/post"}],"author":[{"embeddable":true,"href":"https:\/\/www.schlosstorgelow.de\/fr\/wp-json\/wp\/v2\/users\/1"}],"replies":[{"embeddable":true,"href":"https:\/\/www.schlosstorgelow.de\/fr\/wp-json\/wp\/v2\/comments?post=82415"}],"version-history":[{"count":0,"href":"https:\/\/www.schlosstorgelow.de\/fr\/wp-json\/wp\/v2\/posts\/82415\/revisions"}],"wp:featuredmedia":[{"embeddable":true,"href":"https:\/\/www.schlosstorgelow.de\/fr\/wp-json\/wp\/v2\/media\/44405"}],"wp:attachment":[{"href":"https:\/\/www.schlosstorgelow.de\/fr\/wp-json\/wp\/v2\/media?parent=82415"}],"wp:term":[{"taxonomy":"category","embeddable":true,"href":"https:\/\/www.schlosstorgelow.de\/fr\/wp-json\/wp\/v2\/categories?post=82415"},{"taxonomy":"post_tag","embeddable":true,"href":"https:\/\/www.schlosstorgelow.de\/fr\/wp-json\/wp\/v2\/tags?post=82415"}],"curies":[{"name":"wp","href":"https:\/\/api.w.org\/{rel}","templated":true}]}}