{"id":82409,"date":"2025-04-24T12:38:28","date_gmt":"2025-04-24T12:38:28","guid":{"rendered":"https:\/\/www.schlosstorgelow.de\/le-printemps-est-a-lapproche-la-classe-de-6e-amenage-le-jardin-de-lecole"},"modified":"2026-01-12T07:15:33","modified_gmt":"2026-01-12T07:15:33","slug":"le-printemps-est-a-lapproche-la-classe-de-6e-amenage-le-jardin-de-lecole","status":"publish","type":"post","link":"https:\/\/www.schlosstorgelow.de\/fr\/le-printemps-est-a-lapproche-la-classe-de-6e-amenage-le-jardin-de-lecole","title":{"rendered":"Le printemps est \u00e0 l&rsquo;approche &#8211; la classe de 6e am\u00e9nage le jardin de l&rsquo;\u00e9cole"},"content":{"rendered":"\n<p><i>Le jardin scolaire semble encore \u00eatre une simple zone verte &#8211; mais pas pour longtemps. Les \u00e9l\u00e8ves de la classe de 6e ont de grands projets : avec des id\u00e9es cr\u00e9atives, une planification r\u00e9fl\u00e9chie et beaucoup d&rsquo;\u00e9nergie, notre jardin scolaire s&rsquo;\u00e9veille peu \u00e0 peu \u00e0 la vie. <\/i><\/p>\n\n<p>Ensemble, nous avons r\u00e9fl\u00e9chi aux plantes qui devraient prosp\u00e9rer ici \u00e0 l&rsquo;avenir. Le choix va des carottes croquantes et des fraises juteuses \u00e0 une prairie color\u00e9e qui attirera les abeilles, les bourdons et les papillons. L&rsquo;objectif est un jardin qui invite non seulement au jardinage, mais aussi \u00e0 l&rsquo;observation, \u00e0 la recherche et \u00e0 la d\u00e9gustation.  <\/p>\n\n<p>Les premiers parterres sont d\u00e9j\u00e0 en cours de planification, les listes de semences r\u00e9dig\u00e9es &#8211; maintenant il s&rsquo;agit de retrousser ses manches, de pr\u00e9parer le sol, bient\u00f4t on semera, arrosera, d\u00e9sherbera et plus tard on r\u00e9coltera aussi.<\/p>\n\n<p>Un point fort particulier : En coop\u00e9ration avec le projet \u00ab Plus que du miel \u00bb, un h\u00f4tel \u00e0 insectes, une maison \u00e0 bourdons et des possibilit\u00e9s de nidification pour les abeilles sauvages sont actuellement en cours de r\u00e9alisation \u2013 une contribution pr\u00e9cieuse \u00e0 la protection de la biodiversit\u00e9 et \u00e0 la promotion d&rsquo;une conscience \u00e9cologique dans le quotidien scolaire.<\/p>\n\n<p>Le jardin scolaire deviendra dans les prochaines semaines un lieu d&rsquo;apprentissage qui rend la nature tangible &#8211; avec de nombreuses possibilit\u00e9s de toucher, de cr\u00e9er et d&rsquo;\u00e9merveiller. Un grand merci \u00e0 tous les petits et grands helpers assidus. <\/p>\n","protected":false},"excerpt":{"rendered":"<p>Le jardin scolaire ressemble encore \u00e0 un simple espace vert \u2013 mais pas pour longtemps. Les \u00e9l\u00e8ves de la classe de 6e ont de grands projets. <\/p>\n","protected":false},"author":1,"featured_media":43817,"comment_status":"closed","ping_status":"closed","sticky":false,"template":"","format":"standard","meta":{"_acf_changed":false,"_yoast_wpseo_title":"Le printemps est \u00e0 l'approche - la classe de 6e am\u00e9nage le jardin de l'\u00e9cole","_yoast_wpseo_metadesc":"Le jardin scolaire ressemble encore \u00e0 un espace vert tout \u00e0 fait ordinaire \u2013 mais pas pour longtemps. Les \u00e9l\u00e8ves de la classe de 6e ont de grands projets.","excerpt":"Le jardin scolaire ressemble encore \u00e0 un simple espace vert \u2013 mais pas pour longtemps. Les \u00e9l\u00e8ves de la classe de 6e ont de grands projets. ","footnotes":""},"categories":[33],"tags":[],"class_list":{"0":"post-82409","1":"post","2":"type-post","3":"status-publish","4":"format-standard","5":"has-post-thumbnail","7":"category-actualites-torgelow"},"acf":[],"yoast_head":"<!-- This site is optimized with the Yoast SEO plugin v26.9 - https:\/\/yoast.com\/product\/yoast-seo-wordpress\/ -->\n<title>Le printemps est \u00e0 l&#039;approche - la classe de 6e am\u00e9nage le jardin de l&#039;\u00e9cole<\/title>\n<meta name=\"description\" content=\"Le jardin scolaire ressemble encore \u00e0 un espace vert tout \u00e0 fait ordinaire \u2013 mais pas pour longtemps. Les \u00e9l\u00e8ves de la classe de 6e ont de grands projets.\" \/>\n<meta name=\"robots\" content=\"index, follow, max-snippet:-1, max-image-preview:large, max-video-preview:-1\" \/>\n<link rel=\"canonical\" href=\"https:\/\/www.schlosstorgelow.de\/fr\/le-printemps-est-a-lapproche-la-classe-de-6e-amenage-le-jardin-de-lecole\" \/>\n<meta property=\"og:locale\" content=\"fr_FR\" \/>\n<meta property=\"og:type\" content=\"article\" \/>\n<meta property=\"og:title\" content=\"Le printemps est \u00e0 l&#039;approche - la classe de 6e am\u00e9nage le jardin de l&#039;\u00e9cole\" \/>\n<meta property=\"og:description\" content=\"Le jardin scolaire ressemble encore \u00e0 un espace vert tout \u00e0 fait ordinaire \u2013 mais pas pour longtemps. Les \u00e9l\u00e8ves de la classe de 6e ont de grands projets.\" \/>\n<meta property=\"og:url\" content=\"https:\/\/www.schlosstorgelow.de\/fr\/le-printemps-est-a-lapproche-la-classe-de-6e-amenage-le-jardin-de-lecole\" \/>\n<meta property=\"og:site_name\" content=\"Schloss Torgelow\" \/>\n<meta property=\"article:published_time\" content=\"2025-04-24T12:38:28+00:00\" \/>\n<meta property=\"article:modified_time\" content=\"2026-01-12T07:15:33+00:00\" \/>\n<meta name=\"author\" content=\"Schloss Torgelow\" \/>\n<meta name=\"twitter:card\" content=\"summary_large_image\" \/>\n<meta name=\"twitter:label1\" content=\"\u00c9crit par\" \/>\n\t<meta name=\"twitter:data1\" content=\"Schloss Torgelow\" \/>\n\t<meta name=\"twitter:label2\" content=\"Dur\u00e9e de lecture estim\u00e9e\" \/>\n\t<meta name=\"twitter:data2\" content=\"1 minute\" \/>\n<script type=\"application\/ld+json\" class=\"yoast-schema-graph\">{\"@context\":\"https:\/\/schema.org\",\"@graph\":[{\"@type\":\"Article\",\"@id\":\"https:\/\/www.schlosstorgelow.de\/fr\/le-printemps-est-a-lapproche-la-classe-de-6e-amenage-le-jardin-de-lecole#article\",\"isPartOf\":{\"@id\":\"https:\/\/www.schlosstorgelow.de\/fr\/le-printemps-est-a-lapproche-la-classe-de-6e-amenage-le-jardin-de-lecole\"},\"author\":{\"name\":\"Schloss Torgelow\",\"@id\":\"https:\/\/www.schlosstorgelow.de\/fr#\/schema\/person\/b76bbb367f3a20c7ced1339e4875691e\"},\"headline\":\"Le printemps est \u00e0 l&rsquo;approche &#8211; la classe de 6e am\u00e9nage le jardin de l&rsquo;\u00e9cole\",\"datePublished\":\"2025-04-24T12:38:28+00:00\",\"dateModified\":\"2026-01-12T07:15:33+00:00\",\"mainEntityOfPage\":{\"@id\":\"https:\/\/www.schlosstorgelow.de\/fr\/le-printemps-est-a-lapproche-la-classe-de-6e-amenage-le-jardin-de-lecole\"},\"wordCount\":271,\"image\":{\"@id\":\"https:\/\/www.schlosstorgelow.de\/fr\/le-printemps-est-a-lapproche-la-classe-de-6e-amenage-le-jardin-de-lecole#primaryimage\"},\"thumbnailUrl\":\"https:\/\/www.schlosstorgelow.de\/wp-content\/uploads\/2025\/07\/schulgarten-fresh-up_header_st.avif\",\"articleSection\":[\"Actualit\u00e9s Torgelow\"],\"inLanguage\":\"fr-FR\"},{\"@type\":\"WebPage\",\"@id\":\"https:\/\/www.schlosstorgelow.de\/fr\/le-printemps-est-a-lapproche-la-classe-de-6e-amenage-le-jardin-de-lecole#webpage\",\"url\":\"https:\/\/www.schlosstorgelow.de\/fr\/le-printemps-est-a-lapproche-la-classe-de-6e-amenage-le-jardin-de-lecole\",\"name\":\"Le printemps est \u00e0 l'approche - la classe de 6e am\u00e9nage le jardin de l'\u00e9cole\",\"isPartOf\":{\"@id\":\"https:\/\/www.schlosstorgelow.de\/fr#website\"},\"primaryImageOfPage\":{\"@id\":\"https:\/\/www.schlosstorgelow.de\/fr\/le-printemps-est-a-lapproche-la-classe-de-6e-amenage-le-jardin-de-lecole#primaryimage\"},\"image\":{\"@id\":\"https:\/\/www.schlosstorgelow.de\/fr\/le-printemps-est-a-lapproche-la-classe-de-6e-amenage-le-jardin-de-lecole#primaryimage\"},\"thumbnailUrl\":\"https:\/\/www.schlosstorgelow.de\/wp-content\/uploads\/2025\/07\/schulgarten-fresh-up_header_st.avif\",\"datePublished\":\"2025-04-24T12:38:28+00:00\",\"dateModified\":\"2026-01-12T07:15:33+00:00\",\"author\":{\"@id\":\"https:\/\/www.schlosstorgelow.de\/fr#\/schema\/person\/b76bbb367f3a20c7ced1339e4875691e\"},\"description\":\"Le jardin scolaire ressemble encore \u00e0 un espace vert tout \u00e0 fait ordinaire \u2013 mais pas pour longtemps. Les \u00e9l\u00e8ves de la classe de 6e ont de grands projets.\",\"breadcrumb\":{\"@id\":\"https:\/\/www.schlosstorgelow.de\/fr\/le-printemps-est-a-lapproche-la-classe-de-6e-amenage-le-jardin-de-lecole#breadcrumb\"},\"inLanguage\":\"fr-FR\",\"potentialAction\":[{\"@type\":\"ReadAction\",\"target\":[\"https:\/\/www.schlosstorgelow.de\/fr\/le-printemps-est-a-lapproche-la-classe-de-6e-amenage-le-jardin-de-lecole\"]}]},{\"@type\":\"ImageObject\",\"inLanguage\":\"fr-FR\",\"@id\":\"https:\/\/www.schlosstorgelow.de\/fr\/le-printemps-est-a-lapproche-la-classe-de-6e-amenage-le-jardin-de-lecole#primaryimage\",\"url\":\"https:\/\/www.schlosstorgelow.de\/wp-content\/uploads\/2025\/07\/schulgarten-fresh-up_header_st.avif\",\"contentUrl\":\"https:\/\/www.schlosstorgelow.de\/wp-content\/uploads\/2025\/07\/schulgarten-fresh-up_header_st.avif\",\"width\":1920,\"height\":1080,\"caption\":\"Le printemps est \u00e0 l'approche - la classe de 6e am\u00e9nage le jardin de l'\u00e9cole\"},{\"@type\":\"BreadcrumbList\",\"@id\":\"https:\/\/www.schlosstorgelow.de\/fr\/le-printemps-est-a-lapproche-la-classe-de-6e-amenage-le-jardin-de-lecole#breadcrumb\",\"itemListElement\":[{\"@type\":\"ListItem\",\"position\":1,\"name\":\"Startseite\",\"item\":\"https:\/\/www.schlosstorgelow.de\/fr\"},{\"@type\":\"ListItem\",\"position\":2,\"name\":\"Le printemps est \u00e0 l&#8217;approche &#8211; la classe de 6e am\u00e9nage le jardin de l&#8217;\u00e9cole\"}]},{\"@type\":\"WebSite\",\"@id\":\"https:\/\/www.schlosstorgelow.de\/fr#website\",\"url\":\"https:\/\/www.schlosstorgelow.de\/fr\",\"name\":\"Schloss Torgelow\",\"description\":\"Le lyc\u00e9e priv\u00e9 Schloss Torgelow \u2013 l'internat pour les \u00e9l\u00e8ves en qu\u00eate de d\u00e9fis.\",\"potentialAction\":[{\"@type\":\"SearchAction\",\"target\":{\"@type\":\"EntryPoint\",\"urlTemplate\":\"https:\/\/www.schlosstorgelow.de\/fr?s={search_term_string}\"},\"query-input\":{\"@type\":\"PropertyValueSpecification\",\"valueRequired\":true,\"valueName\":\"search_term_string\"}}],\"inLanguage\":\"fr-FR\"},{\"@type\":\"Person\",\"@id\":\"https:\/\/www.schlosstorgelow.de\/fr#\/schema\/person\/b76bbb367f3a20c7ced1339e4875691e\",\"name\":\"Schloss Torgelow\",\"image\":{\"@type\":\"ImageObject\",\"inLanguage\":\"fr-FR\",\"@id\":\"https:\/\/www.schlosstorgelow.de\/fr#\/schema\/person\/image\/\",\"url\":\"https:\/\/secure.gravatar.com\/avatar\/4bad9bf1bee90f77b98693d3ad03ade085c80c169595427c58c58e5b069f49e1?s=96&d=mm&r=g\",\"contentUrl\":\"https:\/\/secure.gravatar.com\/avatar\/4bad9bf1bee90f77b98693d3ad03ade085c80c169595427c58c58e5b069f49e1?s=96&d=mm&r=g\",\"caption\":\"Schloss Torgelow\"},\"sameAs\":[\"https:\/\/www.schlosstorgelow.de\"]}]}<\/script>\n<!-- \/ Yoast SEO plugin. -->","yoast_head_json":{"title":"Le printemps est \u00e0 l'approche - la classe de 6e am\u00e9nage le jardin de l'\u00e9cole","description":"Le jardin scolaire ressemble encore \u00e0 un espace vert tout \u00e0 fait ordinaire \u2013 mais pas pour longtemps. Les \u00e9l\u00e8ves de la classe de 6e ont de grands projets.","robots":{"index":"index","follow":"follow","max-snippet":"max-snippet:-1","max-image-preview":"max-image-preview:large","max-video-preview":"max-video-preview:-1"},"canonical":"https:\/\/www.schlosstorgelow.de\/fr\/le-printemps-est-a-lapproche-la-classe-de-6e-amenage-le-jardin-de-lecole","og_locale":"fr_FR","og_type":"article","og_title":"Le printemps est \u00e0 l'approche - la classe de 6e am\u00e9nage le jardin de l'\u00e9cole","og_description":"Le jardin scolaire ressemble encore \u00e0 un espace vert tout \u00e0 fait ordinaire \u2013 mais pas pour longtemps. Les \u00e9l\u00e8ves de la classe de 6e ont de grands projets.","og_url":"https:\/\/www.schlosstorgelow.de\/fr\/le-printemps-est-a-lapproche-la-classe-de-6e-amenage-le-jardin-de-lecole","og_site_name":"Schloss Torgelow","article_published_time":"2025-04-24T12:38:28+00:00","article_modified_time":"2026-01-12T07:15:33+00:00","author":"Schloss Torgelow","twitter_card":"summary_large_image","twitter_misc":{"\u00c9crit par":"Schloss Torgelow","Dur\u00e9e de lecture estim\u00e9e":"1 minute"},"schema":{"@context":"https:\/\/schema.org","@graph":[{"@type":"Article","@id":"https:\/\/www.schlosstorgelow.de\/fr\/le-printemps-est-a-lapproche-la-classe-de-6e-amenage-le-jardin-de-lecole#article","isPartOf":{"@id":"https:\/\/www.schlosstorgelow.de\/fr\/le-printemps-est-a-lapproche-la-classe-de-6e-amenage-le-jardin-de-lecole"},"author":{"name":"Schloss Torgelow","@id":"https:\/\/www.schlosstorgelow.de\/fr#\/schema\/person\/b76bbb367f3a20c7ced1339e4875691e"},"headline":"Le printemps est \u00e0 l&rsquo;approche &#8211; la classe de 6e am\u00e9nage le jardin de l&rsquo;\u00e9cole","datePublished":"2025-04-24T12:38:28+00:00","dateModified":"2026-01-12T07:15:33+00:00","mainEntityOfPage":{"@id":"https:\/\/www.schlosstorgelow.de\/fr\/le-printemps-est-a-lapproche-la-classe-de-6e-amenage-le-jardin-de-lecole"},"wordCount":271,"image":{"@id":"https:\/\/www.schlosstorgelow.de\/fr\/le-printemps-est-a-lapproche-la-classe-de-6e-amenage-le-jardin-de-lecole#primaryimage"},"thumbnailUrl":"https:\/\/www.schlosstorgelow.de\/wp-content\/uploads\/2025\/07\/schulgarten-fresh-up_header_st.avif","articleSection":["Actualit\u00e9s Torgelow"],"inLanguage":"fr-FR"},{"@type":"WebPage","@id":"https:\/\/www.schlosstorgelow.de\/fr\/le-printemps-est-a-lapproche-la-classe-de-6e-amenage-le-jardin-de-lecole#webpage","url":"https:\/\/www.schlosstorgelow.de\/fr\/le-printemps-est-a-lapproche-la-classe-de-6e-amenage-le-jardin-de-lecole","name":"Le printemps est \u00e0 l'approche - la classe de 6e am\u00e9nage le jardin de l'\u00e9cole","isPartOf":{"@id":"https:\/\/www.schlosstorgelow.de\/fr#website"},"primaryImageOfPage":{"@id":"https:\/\/www.schlosstorgelow.de\/fr\/le-printemps-est-a-lapproche-la-classe-de-6e-amenage-le-jardin-de-lecole#primaryimage"},"image":{"@id":"https:\/\/www.schlosstorgelow.de\/fr\/le-printemps-est-a-lapproche-la-classe-de-6e-amenage-le-jardin-de-lecole#primaryimage"},"thumbnailUrl":"https:\/\/www.schlosstorgelow.de\/wp-content\/uploads\/2025\/07\/schulgarten-fresh-up_header_st.avif","datePublished":"2025-04-24T12:38:28+00:00","dateModified":"2026-01-12T07:15:33+00:00","author":{"@id":"https:\/\/www.schlosstorgelow.de\/fr#\/schema\/person\/b76bbb367f3a20c7ced1339e4875691e"},"description":"Le jardin scolaire ressemble encore \u00e0 un espace vert tout \u00e0 fait ordinaire \u2013 mais pas pour longtemps. Les \u00e9l\u00e8ves de la classe de 6e ont de grands projets.","breadcrumb":{"@id":"https:\/\/www.schlosstorgelow.de\/fr\/le-printemps-est-a-lapproche-la-classe-de-6e-amenage-le-jardin-de-lecole#breadcrumb"},"inLanguage":"fr-FR","potentialAction":[{"@type":"ReadAction","target":["https:\/\/www.schlosstorgelow.de\/fr\/le-printemps-est-a-lapproche-la-classe-de-6e-amenage-le-jardin-de-lecole"]}]},{"@type":"ImageObject","inLanguage":"fr-FR","@id":"https:\/\/www.schlosstorgelow.de\/fr\/le-printemps-est-a-lapproche-la-classe-de-6e-amenage-le-jardin-de-lecole#primaryimage","url":"https:\/\/www.schlosstorgelow.de\/wp-content\/uploads\/2025\/07\/schulgarten-fresh-up_header_st.avif","contentUrl":"https:\/\/www.schlosstorgelow.de\/wp-content\/uploads\/2025\/07\/schulgarten-fresh-up_header_st.avif","width":1920,"height":1080,"caption":"Le printemps est \u00e0 l'approche - la classe de 6e am\u00e9nage le jardin de l'\u00e9cole"},{"@type":"BreadcrumbList","@id":"https:\/\/www.schlosstorgelow.de\/fr\/le-printemps-est-a-lapproche-la-classe-de-6e-amenage-le-jardin-de-lecole#breadcrumb","itemListElement":[{"@type":"ListItem","position":1,"name":"Startseite","item":"https:\/\/www.schlosstorgelow.de\/fr"},{"@type":"ListItem","position":2,"name":"Le printemps est \u00e0 l&#8217;approche &#8211; la classe de 6e am\u00e9nage le jardin de l&#8217;\u00e9cole"}]},{"@type":"WebSite","@id":"https:\/\/www.schlosstorgelow.de\/fr#website","url":"https:\/\/www.schlosstorgelow.de\/fr","name":"Schloss Torgelow","description":"Le lyc\u00e9e priv\u00e9 Schloss Torgelow \u2013 l'internat pour les \u00e9l\u00e8ves en qu\u00eate de d\u00e9fis.","potentialAction":[{"@type":"SearchAction","target":{"@type":"EntryPoint","urlTemplate":"https:\/\/www.schlosstorgelow.de\/fr?s={search_term_string}"},"query-input":{"@type":"PropertyValueSpecification","valueRequired":true,"valueName":"search_term_string"}}],"inLanguage":"fr-FR"},{"@type":"Person","@id":"https:\/\/www.schlosstorgelow.de\/fr#\/schema\/person\/b76bbb367f3a20c7ced1339e4875691e","name":"Schloss Torgelow","image":{"@type":"ImageObject","inLanguage":"fr-FR","@id":"https:\/\/www.schlosstorgelow.de\/fr#\/schema\/person\/image\/","url":"https:\/\/secure.gravatar.com\/avatar\/4bad9bf1bee90f77b98693d3ad03ade085c80c169595427c58c58e5b069f49e1?s=96&d=mm&r=g","contentUrl":"https:\/\/secure.gravatar.com\/avatar\/4bad9bf1bee90f77b98693d3ad03ade085c80c169595427c58c58e5b069f49e1?s=96&d=mm&r=g","caption":"Schloss Torgelow"},"sameAs":["https:\/\/www.schlosstorgelow.de"]}]}},"block_visibility_meta":[],"_links":{"self":[{"href":"https:\/\/www.schlosstorgelow.de\/fr\/wp-json\/wp\/v2\/posts\/82409","targetHints":{"allow":["GET"]}}],"collection":[{"href":"https:\/\/www.schlosstorgelow.de\/fr\/wp-json\/wp\/v2\/posts"}],"about":[{"href":"https:\/\/www.schlosstorgelow.de\/fr\/wp-json\/wp\/v2\/types\/post"}],"author":[{"embeddable":true,"href":"https:\/\/www.schlosstorgelow.de\/fr\/wp-json\/wp\/v2\/users\/1"}],"replies":[{"embeddable":true,"href":"https:\/\/www.schlosstorgelow.de\/fr\/wp-json\/wp\/v2\/comments?post=82409"}],"version-history":[{"count":0,"href":"https:\/\/www.schlosstorgelow.de\/fr\/wp-json\/wp\/v2\/posts\/82409\/revisions"}],"wp:featuredmedia":[{"embeddable":true,"href":"https:\/\/www.schlosstorgelow.de\/fr\/wp-json\/wp\/v2\/media\/43817"}],"wp:attachment":[{"href":"https:\/\/www.schlosstorgelow.de\/fr\/wp-json\/wp\/v2\/media?parent=82409"}],"wp:term":[{"taxonomy":"category","embeddable":true,"href":"https:\/\/www.schlosstorgelow.de\/fr\/wp-json\/wp\/v2\/categories?post=82409"},{"taxonomy":"post_tag","embeddable":true,"href":"https:\/\/www.schlosstorgelow.de\/fr\/wp-json\/wp\/v2\/tags?post=82409"}],"curies":[{"name":"wp","href":"https:\/\/api.w.org\/{rel}","templated":true}]}}