{"id":82405,"date":"2025-04-24T13:39:55","date_gmt":"2025-04-24T13:39:55","guid":{"rendered":"https:\/\/www.schlosstorgelow.de\/metamorphose-dans-le-domaine-des-phenomenes-naturels-de-nombreuses-petites-merveilles"},"modified":"2026-01-23T07:27:23","modified_gmt":"2026-01-23T07:27:23","slug":"metamorphose-dans-le-domaine-des-phenomenes-naturels-de-nombreuses-petites-merveilles","status":"publish","type":"post","link":"https:\/\/www.schlosstorgelow.de\/fr\/metamorphose-dans-le-domaine-des-phenomenes-naturels-de-nombreuses-petites-merveilles","title":{"rendered":"M\u00e9tamorphose dans le domaine des ph\u00e9nom\u00e8nes naturels \u2013 de nombreuses petites merveilles"},"content":{"rendered":"\n<p><i>Quand la nature s&rsquo;\u00e9veille dehors, notre enseignement s&rsquo;anime aussi &#8211; rempli de petites merveilles et de grandes questions. En classe de 6, la m\u00e9tamorphose \u00e9tait au centre du sujet des ph\u00e9nom\u00e8nes naturels : de pr\u00e8s, vivante et avec de nombreux moments d&rsquo;\u00e9merveillement. <\/i><\/p>\n\n<p>Pendant plusieurs semaines, les \u00e9l\u00e8ves de la classe de sixi\u00e8me ont observ\u00e9 le fascinant cycle de vie des papillons. Ils ont v\u00e9cu le d\u00e9veloppement de petites larves en chenilles, leur m\u00e9tamorphose en chrysalides et \u2013 comme par miracle \u2013 finalement l&rsquo;\u00e9mergence de papillons de leurs cocons. <\/p>\n\n<p>L&rsquo;\u00e9merveillement ne se limitait pas \u00e0 la sixi\u00e8me classe &#8211; le cours avanc\u00e9 de biologie de K2 ne pouvait pas non plus r\u00e9sister \u00e0 l&rsquo;envie d&rsquo;observer ce chef-d&rsquo;\u0153uvre de la nature. Et dans la salle des enseignants, la nouvelle s&rsquo;est rapidement r\u00e9pandue : ceux qui avaient du temps faisaient un petit d\u00e9tour pour jeter un coup d&rsquo;\u0153il \u00e0 la transformation. <\/p>\n\n<p><strong>Rechercher de mani\u00e8re interdisciplinaire &#8211; Ph\u00e9nom\u00e8nes naturels rencontre jardin scolaire<\/strong><br\/><br\/>Particuli\u00e8rement beau : le projet \u00e9tait une collaboration entre la discipline des ph\u00e9nom\u00e8nes naturels et celle du jardin scolaire. Ce qui a commenc\u00e9 en classe a \u00e9t\u00e9 poursuivi dans le jardin \u2013 l\u00e0 o\u00f9 les papillons ont \u00e9t\u00e9 rel\u00e2ch\u00e9s dans la libert\u00e9 apr\u00e8s leur \u00e9closion. <\/p>\n\n<p><strong>Les coccinelles se pr\u00e9parent aussi.<\/strong><br\/><br\/>En plus des papillons, les \u00e9l\u00e8ves ont \u00e9galement observ\u00e9 la m\u00e9tamorphose des coccinelles. De minuscules \u0153ufs sont devenus des larves, puis des pupes &#8211; et enfin, les porte-bonheur populaires avec leurs ailes rouge vif. <\/p>\n\n<p><strong>Un foyer pour les abeilles sauvages <\/strong><\/p>\n\n<p>En collaboration avec Madame et Monsieur Schl\u00fcter, les enfants ont \u00e9galement construit des sites de nidification pour l&rsquo;abeille ma\u00e7onne rouge. Cette abeille sauvage fid\u00e8le au site pollinise avec une endurance impressionnante et est donc un v\u00e9ritable atout pour le jardin scolaire. Dans les semaines \u00e0 venir, la nouvelle prairie de fleurs sauvages devrait offrir aux insectes un habitat fleuri. L&rsquo;espoir : un \u00e9cosyst\u00e8me bourdonnant et vivant &#8211; en plein c\u0153ur de l&rsquo;enceinte scolaire.   <\/p>\n\n<p>Place de sommeil r\u00e9frig\u00e9rateur D\u00e9j\u00e0 maintenant, il est certain qu&rsquo;\u00e0 l&rsquo;automne, les cocons des abeilles ma\u00e7onnes seront r\u00e9colt\u00e9s et soigneusement entrepos\u00e9s au r\u00e9frig\u00e9rateur &#8211; une hibernation naturelle, sans sommeil d&rsquo;hiver dans le jardin. Est-ce que \u00e7a va fonctionner ? Nos jeunes chercheurs et chercheuses vont alors observer cela de tr\u00e8s pr\u00e8s.  <\/p>\n","protected":false},"excerpt":{"rendered":"<p>Quand la nature s&rsquo;\u00e9veille dehors, notre enseignement prend \u00e9galement vie. En classe de 6, le ph\u00e9nom\u00e8ne naturel de la m\u00e9tamorphose \u00e9tait au centre des attentions. <\/p>\n","protected":false},"author":1,"featured_media":44303,"comment_status":"closed","ping_status":"closed","sticky":false,"template":"","format":"standard","meta":{"_acf_changed":false,"_yoast_wpseo_title":"M\u00e9tamorphose dans le domaine des ph\u00e9nom\u00e8nes naturels","_yoast_wpseo_metadesc":"Quand la nature s'\u00e9veille dehors, notre cours s'anime aussi. En classe de 6, la m\u00e9tamorphose \u00e9tait au centre du sujet des ph\u00e9nom\u00e8nes naturels.","excerpt":"Quand la nature s'\u00e9veille dehors, notre enseignement prend \u00e9galement vie. En classe de 6, le ph\u00e9nom\u00e8ne naturel de la m\u00e9tamorphose \u00e9tait au centre des attentions. ","footnotes":""},"categories":[33],"tags":[],"class_list":{"0":"post-82405","1":"post","2":"type-post","3":"status-publish","4":"format-standard","5":"has-post-thumbnail","7":"category-actualites-torgelow"},"acf":[],"yoast_head":"<!-- This site is optimized with the Yoast SEO plugin v26.9 - https:\/\/yoast.com\/product\/yoast-seo-wordpress\/ -->\n<title>M\u00e9tamorphose dans le domaine des ph\u00e9nom\u00e8nes naturels<\/title>\n<meta name=\"description\" content=\"Quand la nature s&#039;\u00e9veille dehors, notre cours s&#039;anime aussi. En classe de 6, la m\u00e9tamorphose \u00e9tait au centre du sujet des ph\u00e9nom\u00e8nes naturels.\" \/>\n<meta name=\"robots\" content=\"index, follow, max-snippet:-1, max-image-preview:large, max-video-preview:-1\" \/>\n<link rel=\"canonical\" href=\"https:\/\/www.schlosstorgelow.de\/fr\/metamorphose-dans-le-domaine-des-phenomenes-naturels-de-nombreuses-petites-merveilles\" \/>\n<meta property=\"og:locale\" content=\"fr_FR\" \/>\n<meta property=\"og:type\" content=\"article\" \/>\n<meta property=\"og:title\" content=\"M\u00e9tamorphose dans le domaine des ph\u00e9nom\u00e8nes naturels\" \/>\n<meta property=\"og:description\" content=\"Quand la nature s&#039;\u00e9veille dehors, notre cours s&#039;anime aussi. En classe de 6, la m\u00e9tamorphose \u00e9tait au centre du sujet des ph\u00e9nom\u00e8nes naturels.\" \/>\n<meta property=\"og:url\" content=\"https:\/\/www.schlosstorgelow.de\/fr\/metamorphose-dans-le-domaine-des-phenomenes-naturels-de-nombreuses-petites-merveilles\" \/>\n<meta property=\"og:site_name\" content=\"Schloss Torgelow\" \/>\n<meta property=\"article:published_time\" content=\"2025-04-24T13:39:55+00:00\" \/>\n<meta property=\"article:modified_time\" content=\"2026-01-23T07:27:23+00:00\" \/>\n<meta name=\"author\" content=\"Schloss Torgelow\" \/>\n<meta name=\"twitter:card\" content=\"summary_large_image\" \/>\n<meta name=\"twitter:label1\" content=\"\u00c9crit par\" \/>\n\t<meta name=\"twitter:data1\" content=\"Schloss Torgelow\" \/>\n\t<meta name=\"twitter:label2\" content=\"Dur\u00e9e de lecture estim\u00e9e\" \/>\n\t<meta name=\"twitter:data2\" content=\"2 minutes\" \/>\n<script type=\"application\/ld+json\" class=\"yoast-schema-graph\">{\"@context\":\"https:\/\/schema.org\",\"@graph\":[{\"@type\":\"Article\",\"@id\":\"https:\/\/www.schlosstorgelow.de\/fr\/metamorphose-dans-le-domaine-des-phenomenes-naturels-de-nombreuses-petites-merveilles#article\",\"isPartOf\":{\"@id\":\"https:\/\/www.schlosstorgelow.de\/fr\/metamorphose-dans-le-domaine-des-phenomenes-naturels-de-nombreuses-petites-merveilles\"},\"author\":{\"name\":\"Schloss Torgelow\",\"@id\":\"https:\/\/www.schlosstorgelow.de\/fr#\/schema\/person\/b76bbb367f3a20c7ced1339e4875691e\"},\"headline\":\"M\u00e9tamorphose dans le domaine des ph\u00e9nom\u00e8nes naturels \u2013 de nombreuses petites merveilles\",\"datePublished\":\"2025-04-24T13:39:55+00:00\",\"dateModified\":\"2026-01-23T07:27:23+00:00\",\"mainEntityOfPage\":{\"@id\":\"https:\/\/www.schlosstorgelow.de\/fr\/metamorphose-dans-le-domaine-des-phenomenes-naturels-de-nombreuses-petites-merveilles\"},\"wordCount\":430,\"image\":{\"@id\":\"https:\/\/www.schlosstorgelow.de\/fr\/metamorphose-dans-le-domaine-des-phenomenes-naturels-de-nombreuses-petites-merveilles#primaryimage\"},\"thumbnailUrl\":\"https:\/\/www.schlosstorgelow.de\/wp-content\/uploads\/2025\/07\/schmetterlingserwachen_header_st.avif\",\"articleSection\":[\"Actualit\u00e9s Torgelow\"],\"inLanguage\":\"fr-FR\"},{\"@type\":\"WebPage\",\"@id\":\"https:\/\/www.schlosstorgelow.de\/fr\/metamorphose-dans-le-domaine-des-phenomenes-naturels-de-nombreuses-petites-merveilles#webpage\",\"url\":\"https:\/\/www.schlosstorgelow.de\/fr\/metamorphose-dans-le-domaine-des-phenomenes-naturels-de-nombreuses-petites-merveilles\",\"name\":\"M\u00e9tamorphose dans le domaine des ph\u00e9nom\u00e8nes naturels\",\"isPartOf\":{\"@id\":\"https:\/\/www.schlosstorgelow.de\/fr#website\"},\"primaryImageOfPage\":{\"@id\":\"https:\/\/www.schlosstorgelow.de\/fr\/metamorphose-dans-le-domaine-des-phenomenes-naturels-de-nombreuses-petites-merveilles#primaryimage\"},\"image\":{\"@id\":\"https:\/\/www.schlosstorgelow.de\/fr\/metamorphose-dans-le-domaine-des-phenomenes-naturels-de-nombreuses-petites-merveilles#primaryimage\"},\"thumbnailUrl\":\"https:\/\/www.schlosstorgelow.de\/wp-content\/uploads\/2025\/07\/schmetterlingserwachen_header_st.avif\",\"datePublished\":\"2025-04-24T13:39:55+00:00\",\"dateModified\":\"2026-01-23T07:27:23+00:00\",\"author\":{\"@id\":\"https:\/\/www.schlosstorgelow.de\/fr#\/schema\/person\/b76bbb367f3a20c7ced1339e4875691e\"},\"description\":\"Quand la nature s'\u00e9veille dehors, notre cours s'anime aussi. En classe de 6, la m\u00e9tamorphose \u00e9tait au centre du sujet des ph\u00e9nom\u00e8nes naturels.\",\"breadcrumb\":{\"@id\":\"https:\/\/www.schlosstorgelow.de\/fr\/metamorphose-dans-le-domaine-des-phenomenes-naturels-de-nombreuses-petites-merveilles#breadcrumb\"},\"inLanguage\":\"fr-FR\",\"potentialAction\":[{\"@type\":\"ReadAction\",\"target\":[\"https:\/\/www.schlosstorgelow.de\/fr\/metamorphose-dans-le-domaine-des-phenomenes-naturels-de-nombreuses-petites-merveilles\"]}]},{\"@type\":\"ImageObject\",\"inLanguage\":\"fr-FR\",\"@id\":\"https:\/\/www.schlosstorgelow.de\/fr\/metamorphose-dans-le-domaine-des-phenomenes-naturels-de-nombreuses-petites-merveilles#primaryimage\",\"url\":\"https:\/\/www.schlosstorgelow.de\/wp-content\/uploads\/2025\/07\/schmetterlingserwachen_header_st.avif\",\"contentUrl\":\"https:\/\/www.schlosstorgelow.de\/wp-content\/uploads\/2025\/07\/schmetterlingserwachen_header_st.avif\",\"width\":1920,\"height\":1080,\"caption\":\"M\u00e9tamorphose dans le domaine des ph\u00e9nom\u00e8nes naturels \u2013 de nombreuses petites merveilles.\"},{\"@type\":\"BreadcrumbList\",\"@id\":\"https:\/\/www.schlosstorgelow.de\/fr\/metamorphose-dans-le-domaine-des-phenomenes-naturels-de-nombreuses-petites-merveilles#breadcrumb\",\"itemListElement\":[{\"@type\":\"ListItem\",\"position\":1,\"name\":\"Startseite\",\"item\":\"https:\/\/www.schlosstorgelow.de\/fr\"},{\"@type\":\"ListItem\",\"position\":2,\"name\":\"M\u00e9tamorphose dans le domaine des ph\u00e9nom\u00e8nes naturels \u2013 de nombreuses petites merveilles\"}]},{\"@type\":\"WebSite\",\"@id\":\"https:\/\/www.schlosstorgelow.de\/fr#website\",\"url\":\"https:\/\/www.schlosstorgelow.de\/fr\",\"name\":\"Schloss Torgelow\",\"description\":\"Le lyc\u00e9e priv\u00e9 Schloss Torgelow \u2013 l'internat pour les \u00e9l\u00e8ves en qu\u00eate de d\u00e9fis.\",\"potentialAction\":[{\"@type\":\"SearchAction\",\"target\":{\"@type\":\"EntryPoint\",\"urlTemplate\":\"https:\/\/www.schlosstorgelow.de\/fr?s={search_term_string}\"},\"query-input\":{\"@type\":\"PropertyValueSpecification\",\"valueRequired\":true,\"valueName\":\"search_term_string\"}}],\"inLanguage\":\"fr-FR\"},{\"@type\":\"Person\",\"@id\":\"https:\/\/www.schlosstorgelow.de\/fr#\/schema\/person\/b76bbb367f3a20c7ced1339e4875691e\",\"name\":\"Schloss Torgelow\",\"image\":{\"@type\":\"ImageObject\",\"inLanguage\":\"fr-FR\",\"@id\":\"https:\/\/www.schlosstorgelow.de\/fr#\/schema\/person\/image\/\",\"url\":\"https:\/\/secure.gravatar.com\/avatar\/4bad9bf1bee90f77b98693d3ad03ade085c80c169595427c58c58e5b069f49e1?s=96&d=mm&r=g\",\"contentUrl\":\"https:\/\/secure.gravatar.com\/avatar\/4bad9bf1bee90f77b98693d3ad03ade085c80c169595427c58c58e5b069f49e1?s=96&d=mm&r=g\",\"caption\":\"Schloss Torgelow\"},\"sameAs\":[\"https:\/\/www.schlosstorgelow.de\"]}]}<\/script>\n<!-- \/ Yoast SEO plugin. -->","yoast_head_json":{"title":"M\u00e9tamorphose dans le domaine des ph\u00e9nom\u00e8nes naturels","description":"Quand la nature s'\u00e9veille dehors, notre cours s'anime aussi. En classe de 6, la m\u00e9tamorphose \u00e9tait au centre du sujet des ph\u00e9nom\u00e8nes naturels.","robots":{"index":"index","follow":"follow","max-snippet":"max-snippet:-1","max-image-preview":"max-image-preview:large","max-video-preview":"max-video-preview:-1"},"canonical":"https:\/\/www.schlosstorgelow.de\/fr\/metamorphose-dans-le-domaine-des-phenomenes-naturels-de-nombreuses-petites-merveilles","og_locale":"fr_FR","og_type":"article","og_title":"M\u00e9tamorphose dans le domaine des ph\u00e9nom\u00e8nes naturels","og_description":"Quand la nature s'\u00e9veille dehors, notre cours s'anime aussi. En classe de 6, la m\u00e9tamorphose \u00e9tait au centre du sujet des ph\u00e9nom\u00e8nes naturels.","og_url":"https:\/\/www.schlosstorgelow.de\/fr\/metamorphose-dans-le-domaine-des-phenomenes-naturels-de-nombreuses-petites-merveilles","og_site_name":"Schloss Torgelow","article_published_time":"2025-04-24T13:39:55+00:00","article_modified_time":"2026-01-23T07:27:23+00:00","author":"Schloss Torgelow","twitter_card":"summary_large_image","twitter_misc":{"\u00c9crit par":"Schloss Torgelow","Dur\u00e9e de lecture estim\u00e9e":"2 minutes"},"schema":{"@context":"https:\/\/schema.org","@graph":[{"@type":"Article","@id":"https:\/\/www.schlosstorgelow.de\/fr\/metamorphose-dans-le-domaine-des-phenomenes-naturels-de-nombreuses-petites-merveilles#article","isPartOf":{"@id":"https:\/\/www.schlosstorgelow.de\/fr\/metamorphose-dans-le-domaine-des-phenomenes-naturels-de-nombreuses-petites-merveilles"},"author":{"name":"Schloss Torgelow","@id":"https:\/\/www.schlosstorgelow.de\/fr#\/schema\/person\/b76bbb367f3a20c7ced1339e4875691e"},"headline":"M\u00e9tamorphose dans le domaine des ph\u00e9nom\u00e8nes naturels \u2013 de nombreuses petites merveilles","datePublished":"2025-04-24T13:39:55+00:00","dateModified":"2026-01-23T07:27:23+00:00","mainEntityOfPage":{"@id":"https:\/\/www.schlosstorgelow.de\/fr\/metamorphose-dans-le-domaine-des-phenomenes-naturels-de-nombreuses-petites-merveilles"},"wordCount":430,"image":{"@id":"https:\/\/www.schlosstorgelow.de\/fr\/metamorphose-dans-le-domaine-des-phenomenes-naturels-de-nombreuses-petites-merveilles#primaryimage"},"thumbnailUrl":"https:\/\/www.schlosstorgelow.de\/wp-content\/uploads\/2025\/07\/schmetterlingserwachen_header_st.avif","articleSection":["Actualit\u00e9s Torgelow"],"inLanguage":"fr-FR"},{"@type":"WebPage","@id":"https:\/\/www.schlosstorgelow.de\/fr\/metamorphose-dans-le-domaine-des-phenomenes-naturels-de-nombreuses-petites-merveilles#webpage","url":"https:\/\/www.schlosstorgelow.de\/fr\/metamorphose-dans-le-domaine-des-phenomenes-naturels-de-nombreuses-petites-merveilles","name":"M\u00e9tamorphose dans le domaine des ph\u00e9nom\u00e8nes naturels","isPartOf":{"@id":"https:\/\/www.schlosstorgelow.de\/fr#website"},"primaryImageOfPage":{"@id":"https:\/\/www.schlosstorgelow.de\/fr\/metamorphose-dans-le-domaine-des-phenomenes-naturels-de-nombreuses-petites-merveilles#primaryimage"},"image":{"@id":"https:\/\/www.schlosstorgelow.de\/fr\/metamorphose-dans-le-domaine-des-phenomenes-naturels-de-nombreuses-petites-merveilles#primaryimage"},"thumbnailUrl":"https:\/\/www.schlosstorgelow.de\/wp-content\/uploads\/2025\/07\/schmetterlingserwachen_header_st.avif","datePublished":"2025-04-24T13:39:55+00:00","dateModified":"2026-01-23T07:27:23+00:00","author":{"@id":"https:\/\/www.schlosstorgelow.de\/fr#\/schema\/person\/b76bbb367f3a20c7ced1339e4875691e"},"description":"Quand la nature s'\u00e9veille dehors, notre cours s'anime aussi. En classe de 6, la m\u00e9tamorphose \u00e9tait au centre du sujet des ph\u00e9nom\u00e8nes naturels.","breadcrumb":{"@id":"https:\/\/www.schlosstorgelow.de\/fr\/metamorphose-dans-le-domaine-des-phenomenes-naturels-de-nombreuses-petites-merveilles#breadcrumb"},"inLanguage":"fr-FR","potentialAction":[{"@type":"ReadAction","target":["https:\/\/www.schlosstorgelow.de\/fr\/metamorphose-dans-le-domaine-des-phenomenes-naturels-de-nombreuses-petites-merveilles"]}]},{"@type":"ImageObject","inLanguage":"fr-FR","@id":"https:\/\/www.schlosstorgelow.de\/fr\/metamorphose-dans-le-domaine-des-phenomenes-naturels-de-nombreuses-petites-merveilles#primaryimage","url":"https:\/\/www.schlosstorgelow.de\/wp-content\/uploads\/2025\/07\/schmetterlingserwachen_header_st.avif","contentUrl":"https:\/\/www.schlosstorgelow.de\/wp-content\/uploads\/2025\/07\/schmetterlingserwachen_header_st.avif","width":1920,"height":1080,"caption":"M\u00e9tamorphose dans le domaine des ph\u00e9nom\u00e8nes naturels \u2013 de nombreuses petites merveilles."},{"@type":"BreadcrumbList","@id":"https:\/\/www.schlosstorgelow.de\/fr\/metamorphose-dans-le-domaine-des-phenomenes-naturels-de-nombreuses-petites-merveilles#breadcrumb","itemListElement":[{"@type":"ListItem","position":1,"name":"Startseite","item":"https:\/\/www.schlosstorgelow.de\/fr"},{"@type":"ListItem","position":2,"name":"M\u00e9tamorphose dans le domaine des ph\u00e9nom\u00e8nes naturels \u2013 de nombreuses petites merveilles"}]},{"@type":"WebSite","@id":"https:\/\/www.schlosstorgelow.de\/fr#website","url":"https:\/\/www.schlosstorgelow.de\/fr","name":"Schloss Torgelow","description":"Le lyc\u00e9e priv\u00e9 Schloss Torgelow \u2013 l'internat pour les \u00e9l\u00e8ves en qu\u00eate de d\u00e9fis.","potentialAction":[{"@type":"SearchAction","target":{"@type":"EntryPoint","urlTemplate":"https:\/\/www.schlosstorgelow.de\/fr?s={search_term_string}"},"query-input":{"@type":"PropertyValueSpecification","valueRequired":true,"valueName":"search_term_string"}}],"inLanguage":"fr-FR"},{"@type":"Person","@id":"https:\/\/www.schlosstorgelow.de\/fr#\/schema\/person\/b76bbb367f3a20c7ced1339e4875691e","name":"Schloss Torgelow","image":{"@type":"ImageObject","inLanguage":"fr-FR","@id":"https:\/\/www.schlosstorgelow.de\/fr#\/schema\/person\/image\/","url":"https:\/\/secure.gravatar.com\/avatar\/4bad9bf1bee90f77b98693d3ad03ade085c80c169595427c58c58e5b069f49e1?s=96&d=mm&r=g","contentUrl":"https:\/\/secure.gravatar.com\/avatar\/4bad9bf1bee90f77b98693d3ad03ade085c80c169595427c58c58e5b069f49e1?s=96&d=mm&r=g","caption":"Schloss Torgelow"},"sameAs":["https:\/\/www.schlosstorgelow.de"]}]}},"block_visibility_meta":[],"_links":{"self":[{"href":"https:\/\/www.schlosstorgelow.de\/fr\/wp-json\/wp\/v2\/posts\/82405","targetHints":{"allow":["GET"]}}],"collection":[{"href":"https:\/\/www.schlosstorgelow.de\/fr\/wp-json\/wp\/v2\/posts"}],"about":[{"href":"https:\/\/www.schlosstorgelow.de\/fr\/wp-json\/wp\/v2\/types\/post"}],"author":[{"embeddable":true,"href":"https:\/\/www.schlosstorgelow.de\/fr\/wp-json\/wp\/v2\/users\/1"}],"replies":[{"embeddable":true,"href":"https:\/\/www.schlosstorgelow.de\/fr\/wp-json\/wp\/v2\/comments?post=82405"}],"version-history":[{"count":0,"href":"https:\/\/www.schlosstorgelow.de\/fr\/wp-json\/wp\/v2\/posts\/82405\/revisions"}],"wp:featuredmedia":[{"embeddable":true,"href":"https:\/\/www.schlosstorgelow.de\/fr\/wp-json\/wp\/v2\/media\/44303"}],"wp:attachment":[{"href":"https:\/\/www.schlosstorgelow.de\/fr\/wp-json\/wp\/v2\/media?parent=82405"}],"wp:term":[{"taxonomy":"category","embeddable":true,"href":"https:\/\/www.schlosstorgelow.de\/fr\/wp-json\/wp\/v2\/categories?post=82405"},{"taxonomy":"post_tag","embeddable":true,"href":"https:\/\/www.schlosstorgelow.de\/fr\/wp-json\/wp\/v2\/tags?post=82405"}],"curies":[{"name":"wp","href":"https:\/\/api.w.org\/{rel}","templated":true}]}}