{"id":82403,"date":"2025-04-24T13:43:07","date_gmt":"2025-04-24T13:43:07","guid":{"rendered":"https:\/\/www.schlosstorgelow.de\/reussi-lors-du-23e-championnat-de-memorisation-du-nord-de-lallemagne"},"modified":"2026-01-23T07:15:23","modified_gmt":"2026-01-23T07:15:23","slug":"reussi-lors-du-23e-championnat-de-memorisation-du-nord-de-lallemagne","status":"publish","type":"post","link":"https:\/\/www.schlosstorgelow.de\/fr\/reussi-lors-du-23e-championnat-de-memorisation-du-nord-de-lallemagne","title":{"rendered":"R\u00e9ussi lors du 23e Championnat de M\u00e9morisation du Nord de l&rsquo;Allemagne"},"content":{"rendered":"\n<p><i>Le week-end dernier s&rsquo;est tenue \u00e0 Berenbostel pr\u00e8s de Hanovre la 23\u00e8me \u00e9dition du championnat nord-allemand de m\u00e9moire. Lors de ce difficile heptathlon mental, les participants devaient prouver leur m\u00e9moire dans diff\u00e9rentes disciplines. Cela comprenait, entre autres, la m\u00e9morisation de dates historiques, de visages, de mots et d&rsquo;images. Bien s\u00fbr, nous \u00e9tions pr\u00e9sents avec nos jeunes talents en m\u00e9moire.   <\/i><\/p>\n\n<p>L&rsquo;internat du Schloss Torgelow \u00e9tait \u00e9galement repr\u00e9sent\u00e9 par trois participants talentueux. Rosa et Oscar, tous deux novices avec seulement quelques mois d&rsquo;entra\u00eenement, pouvaient \u00eatre satisfaits de leurs performances. Ils ont acquis une pr\u00e9cieuse exp\u00e9rience de comp\u00e9tition et ont montr\u00e9 des progr\u00e8s prometteurs.  <\/p>\n\n<p>Trajan s&rsquo;est particuli\u00e8rement distingu\u00e9 dans la cat\u00e9gorie juniors. Apr\u00e8s la premi\u00e8re discipline, il se trouvait \u00e0 la quatri\u00e8me place, mais il a progressivement gravi les \u00e9chelons. \u00c0 la fin de la journ\u00e9e de comp\u00e9tition, il a marqu\u00e9 un fort coup avec des performances exceptionnelles : dans la discipline des dates historiques, il a atteint la deuxi\u00e8me place, et dans le m\u00e9morisation de cartes, il a m\u00eame obtenu la meilleure position de sa cat\u00e9gorie. Ainsi, Trajan a m\u00e9rit\u00e9 la m\u00e9daille d&rsquo;argent et \u00e9tait ravi de son succ\u00e8s.   <\/p>\n\n<p>La participation r\u00e9ussie du Schloss Torgelow montre une fois de plus que l&rsquo;entra\u00eenement cibl\u00e9 de la m\u00e9moire peut produire des r\u00e9sultats impressionnants. Les jeunes talents se sont d\u00e9j\u00e0 r\u00e9v\u00e9l\u00e9s comme de prometteuses espoirs dans le sport de la m\u00e9moire. <\/p>\n","protected":false},"excerpt":{"rendered":"<p>Le week-end dernier a eu lieu le 23e Championnat nord-allemand de m\u00e9moire. Nous avons r\u00e9ussi avec nos jeunes talents. <\/p>\n","protected":false},"author":1,"featured_media":67452,"comment_status":"closed","ping_status":"closed","sticky":false,"template":"","format":"standard","meta":{"_acf_changed":false,"_yoast_wpseo_title":"R\u00e9ussi lors du 23e Championnat de M\u00e9morisation du Nord de l'Allemagne","_yoast_wpseo_metadesc":"Le week-end dernier a eu lieu le 23\u00e8me Championnat Nord-Allemand de m\u00e9moire. Nous \u00e9tions bien s\u00fbr pr\u00e9sents avec nos jeunes esprits.","excerpt":"Le week-end dernier a eu lieu le 23e Championnat nord-allemand de m\u00e9moire. Nous avons r\u00e9ussi avec nos jeunes talents. ","footnotes":""},"categories":[33],"tags":[],"class_list":{"0":"post-82403","1":"post","2":"type-post","3":"status-publish","4":"format-standard","5":"has-post-thumbnail","7":"category-actualites-torgelow"},"acf":[],"yoast_head":"<!-- This site is optimized with the Yoast SEO plugin v26.9 - https:\/\/yoast.com\/product\/yoast-seo-wordpress\/ -->\n<title>R\u00e9ussi lors du 23e Championnat de M\u00e9morisation du Nord de l&#039;Allemagne<\/title>\n<meta name=\"description\" content=\"Le week-end dernier a eu lieu le 23\u00e8me Championnat Nord-Allemand de m\u00e9moire. Nous \u00e9tions bien s\u00fbr pr\u00e9sents avec nos jeunes esprits.\" \/>\n<meta name=\"robots\" content=\"index, follow, max-snippet:-1, max-image-preview:large, max-video-preview:-1\" \/>\n<link rel=\"canonical\" href=\"https:\/\/www.schlosstorgelow.de\/fr\/reussi-lors-du-23e-championnat-de-memorisation-du-nord-de-lallemagne\" \/>\n<meta property=\"og:locale\" content=\"fr_FR\" \/>\n<meta property=\"og:type\" content=\"article\" \/>\n<meta property=\"og:title\" content=\"R\u00e9ussi lors du 23e Championnat de M\u00e9morisation du Nord de l&#039;Allemagne\" \/>\n<meta property=\"og:description\" content=\"Le week-end dernier a eu lieu le 23\u00e8me Championnat Nord-Allemand de m\u00e9moire. Nous \u00e9tions bien s\u00fbr pr\u00e9sents avec nos jeunes esprits.\" \/>\n<meta property=\"og:url\" content=\"https:\/\/www.schlosstorgelow.de\/fr\/reussi-lors-du-23e-championnat-de-memorisation-du-nord-de-lallemagne\" \/>\n<meta property=\"og:site_name\" content=\"Schloss Torgelow\" \/>\n<meta property=\"article:published_time\" content=\"2025-04-24T13:43:07+00:00\" \/>\n<meta property=\"article:modified_time\" content=\"2026-01-23T07:15:23+00:00\" \/>\n<meta name=\"author\" content=\"Schloss Torgelow\" \/>\n<meta name=\"twitter:card\" content=\"summary_large_image\" \/>\n<meta name=\"twitter:label1\" content=\"\u00c9crit par\" \/>\n\t<meta name=\"twitter:data1\" content=\"Schloss Torgelow\" \/>\n\t<meta name=\"twitter:label2\" content=\"Dur\u00e9e de lecture estim\u00e9e\" \/>\n\t<meta name=\"twitter:data2\" content=\"1 minute\" \/>\n<script type=\"application\/ld+json\" class=\"yoast-schema-graph\">{\"@context\":\"https:\/\/schema.org\",\"@graph\":[{\"@type\":\"Article\",\"@id\":\"https:\/\/www.schlosstorgelow.de\/fr\/reussi-lors-du-23e-championnat-de-memorisation-du-nord-de-lallemagne#article\",\"isPartOf\":{\"@id\":\"https:\/\/www.schlosstorgelow.de\/fr\/reussi-lors-du-23e-championnat-de-memorisation-du-nord-de-lallemagne\"},\"author\":{\"name\":\"Schloss Torgelow\",\"@id\":\"https:\/\/www.schlosstorgelow.de\/fr#\/schema\/person\/b76bbb367f3a20c7ced1339e4875691e\"},\"headline\":\"R\u00e9ussi lors du 23e Championnat de M\u00e9morisation du Nord de l&rsquo;Allemagne\",\"datePublished\":\"2025-04-24T13:43:07+00:00\",\"dateModified\":\"2026-01-23T07:15:23+00:00\",\"mainEntityOfPage\":{\"@id\":\"https:\/\/www.schlosstorgelow.de\/fr\/reussi-lors-du-23e-championnat-de-memorisation-du-nord-de-lallemagne\"},\"wordCount\":280,\"image\":{\"@id\":\"https:\/\/www.schlosstorgelow.de\/fr\/reussi-lors-du-23e-championnat-de-memorisation-du-nord-de-lallemagne#primaryimage\"},\"thumbnailUrl\":\"https:\/\/www.schlosstorgelow.de\/wp-content\/uploads\/2025\/08\/ndg-2025_header_st.avif\",\"articleSection\":[\"Actualit\u00e9s Torgelow\"],\"inLanguage\":\"fr-FR\"},{\"@type\":\"WebPage\",\"@id\":\"https:\/\/www.schlosstorgelow.de\/fr\/reussi-lors-du-23e-championnat-de-memorisation-du-nord-de-lallemagne#webpage\",\"url\":\"https:\/\/www.schlosstorgelow.de\/fr\/reussi-lors-du-23e-championnat-de-memorisation-du-nord-de-lallemagne\",\"name\":\"R\u00e9ussi lors du 23e Championnat de M\u00e9morisation du Nord de l'Allemagne\",\"isPartOf\":{\"@id\":\"https:\/\/www.schlosstorgelow.de\/fr#website\"},\"primaryImageOfPage\":{\"@id\":\"https:\/\/www.schlosstorgelow.de\/fr\/reussi-lors-du-23e-championnat-de-memorisation-du-nord-de-lallemagne#primaryimage\"},\"image\":{\"@id\":\"https:\/\/www.schlosstorgelow.de\/fr\/reussi-lors-du-23e-championnat-de-memorisation-du-nord-de-lallemagne#primaryimage\"},\"thumbnailUrl\":\"https:\/\/www.schlosstorgelow.de\/wp-content\/uploads\/2025\/08\/ndg-2025_header_st.avif\",\"datePublished\":\"2025-04-24T13:43:07+00:00\",\"dateModified\":\"2026-01-23T07:15:23+00:00\",\"author\":{\"@id\":\"https:\/\/www.schlosstorgelow.de\/fr#\/schema\/person\/b76bbb367f3a20c7ced1339e4875691e\"},\"description\":\"Le week-end dernier a eu lieu le 23\u00e8me Championnat Nord-Allemand de m\u00e9moire. Nous \u00e9tions bien s\u00fbr pr\u00e9sents avec nos jeunes esprits.\",\"breadcrumb\":{\"@id\":\"https:\/\/www.schlosstorgelow.de\/fr\/reussi-lors-du-23e-championnat-de-memorisation-du-nord-de-lallemagne#breadcrumb\"},\"inLanguage\":\"fr-FR\",\"potentialAction\":[{\"@type\":\"ReadAction\",\"target\":[\"https:\/\/www.schlosstorgelow.de\/fr\/reussi-lors-du-23e-championnat-de-memorisation-du-nord-de-lallemagne\"]}]},{\"@type\":\"ImageObject\",\"inLanguage\":\"fr-FR\",\"@id\":\"https:\/\/www.schlosstorgelow.de\/fr\/reussi-lors-du-23e-championnat-de-memorisation-du-nord-de-lallemagne#primaryimage\",\"url\":\"https:\/\/www.schlosstorgelow.de\/wp-content\/uploads\/2025\/08\/ndg-2025_header_st.avif\",\"contentUrl\":\"https:\/\/www.schlosstorgelow.de\/wp-content\/uploads\/2025\/08\/ndg-2025_header_st.avif\",\"width\":1920,\"height\":1080,\"caption\":\"R\u00e9ussi lors du 23e Championnat de M\u00e9morisation du Nord de l'Allemagne\"},{\"@type\":\"BreadcrumbList\",\"@id\":\"https:\/\/www.schlosstorgelow.de\/fr\/reussi-lors-du-23e-championnat-de-memorisation-du-nord-de-lallemagne#breadcrumb\",\"itemListElement\":[{\"@type\":\"ListItem\",\"position\":1,\"name\":\"Startseite\",\"item\":\"https:\/\/www.schlosstorgelow.de\/fr\"},{\"@type\":\"ListItem\",\"position\":2,\"name\":\"R\u00e9ussi lors du 23e Championnat de M\u00e9morisation du Nord de l&#8217;Allemagne\"}]},{\"@type\":\"WebSite\",\"@id\":\"https:\/\/www.schlosstorgelow.de\/fr#website\",\"url\":\"https:\/\/www.schlosstorgelow.de\/fr\",\"name\":\"Schloss Torgelow\",\"description\":\"Le lyc\u00e9e priv\u00e9 Schloss Torgelow \u2013 l'internat pour les \u00e9l\u00e8ves en qu\u00eate de d\u00e9fis.\",\"potentialAction\":[{\"@type\":\"SearchAction\",\"target\":{\"@type\":\"EntryPoint\",\"urlTemplate\":\"https:\/\/www.schlosstorgelow.de\/fr?s={search_term_string}\"},\"query-input\":{\"@type\":\"PropertyValueSpecification\",\"valueRequired\":true,\"valueName\":\"search_term_string\"}}],\"inLanguage\":\"fr-FR\"},{\"@type\":\"Person\",\"@id\":\"https:\/\/www.schlosstorgelow.de\/fr#\/schema\/person\/b76bbb367f3a20c7ced1339e4875691e\",\"name\":\"Schloss Torgelow\",\"image\":{\"@type\":\"ImageObject\",\"inLanguage\":\"fr-FR\",\"@id\":\"https:\/\/www.schlosstorgelow.de\/fr#\/schema\/person\/image\/\",\"url\":\"https:\/\/secure.gravatar.com\/avatar\/4bad9bf1bee90f77b98693d3ad03ade085c80c169595427c58c58e5b069f49e1?s=96&d=mm&r=g\",\"contentUrl\":\"https:\/\/secure.gravatar.com\/avatar\/4bad9bf1bee90f77b98693d3ad03ade085c80c169595427c58c58e5b069f49e1?s=96&d=mm&r=g\",\"caption\":\"Schloss Torgelow\"},\"sameAs\":[\"https:\/\/www.schlosstorgelow.de\"]}]}<\/script>\n<!-- \/ Yoast SEO plugin. -->","yoast_head_json":{"title":"R\u00e9ussi lors du 23e Championnat de M\u00e9morisation du Nord de l'Allemagne","description":"Le week-end dernier a eu lieu le 23\u00e8me Championnat Nord-Allemand de m\u00e9moire. Nous \u00e9tions bien s\u00fbr pr\u00e9sents avec nos jeunes esprits.","robots":{"index":"index","follow":"follow","max-snippet":"max-snippet:-1","max-image-preview":"max-image-preview:large","max-video-preview":"max-video-preview:-1"},"canonical":"https:\/\/www.schlosstorgelow.de\/fr\/reussi-lors-du-23e-championnat-de-memorisation-du-nord-de-lallemagne","og_locale":"fr_FR","og_type":"article","og_title":"R\u00e9ussi lors du 23e Championnat de M\u00e9morisation du Nord de l'Allemagne","og_description":"Le week-end dernier a eu lieu le 23\u00e8me Championnat Nord-Allemand de m\u00e9moire. Nous \u00e9tions bien s\u00fbr pr\u00e9sents avec nos jeunes esprits.","og_url":"https:\/\/www.schlosstorgelow.de\/fr\/reussi-lors-du-23e-championnat-de-memorisation-du-nord-de-lallemagne","og_site_name":"Schloss Torgelow","article_published_time":"2025-04-24T13:43:07+00:00","article_modified_time":"2026-01-23T07:15:23+00:00","author":"Schloss Torgelow","twitter_card":"summary_large_image","twitter_misc":{"\u00c9crit par":"Schloss Torgelow","Dur\u00e9e de lecture estim\u00e9e":"1 minute"},"schema":{"@context":"https:\/\/schema.org","@graph":[{"@type":"Article","@id":"https:\/\/www.schlosstorgelow.de\/fr\/reussi-lors-du-23e-championnat-de-memorisation-du-nord-de-lallemagne#article","isPartOf":{"@id":"https:\/\/www.schlosstorgelow.de\/fr\/reussi-lors-du-23e-championnat-de-memorisation-du-nord-de-lallemagne"},"author":{"name":"Schloss Torgelow","@id":"https:\/\/www.schlosstorgelow.de\/fr#\/schema\/person\/b76bbb367f3a20c7ced1339e4875691e"},"headline":"R\u00e9ussi lors du 23e Championnat de M\u00e9morisation du Nord de l&rsquo;Allemagne","datePublished":"2025-04-24T13:43:07+00:00","dateModified":"2026-01-23T07:15:23+00:00","mainEntityOfPage":{"@id":"https:\/\/www.schlosstorgelow.de\/fr\/reussi-lors-du-23e-championnat-de-memorisation-du-nord-de-lallemagne"},"wordCount":280,"image":{"@id":"https:\/\/www.schlosstorgelow.de\/fr\/reussi-lors-du-23e-championnat-de-memorisation-du-nord-de-lallemagne#primaryimage"},"thumbnailUrl":"https:\/\/www.schlosstorgelow.de\/wp-content\/uploads\/2025\/08\/ndg-2025_header_st.avif","articleSection":["Actualit\u00e9s Torgelow"],"inLanguage":"fr-FR"},{"@type":"WebPage","@id":"https:\/\/www.schlosstorgelow.de\/fr\/reussi-lors-du-23e-championnat-de-memorisation-du-nord-de-lallemagne#webpage","url":"https:\/\/www.schlosstorgelow.de\/fr\/reussi-lors-du-23e-championnat-de-memorisation-du-nord-de-lallemagne","name":"R\u00e9ussi lors du 23e Championnat de M\u00e9morisation du Nord de l'Allemagne","isPartOf":{"@id":"https:\/\/www.schlosstorgelow.de\/fr#website"},"primaryImageOfPage":{"@id":"https:\/\/www.schlosstorgelow.de\/fr\/reussi-lors-du-23e-championnat-de-memorisation-du-nord-de-lallemagne#primaryimage"},"image":{"@id":"https:\/\/www.schlosstorgelow.de\/fr\/reussi-lors-du-23e-championnat-de-memorisation-du-nord-de-lallemagne#primaryimage"},"thumbnailUrl":"https:\/\/www.schlosstorgelow.de\/wp-content\/uploads\/2025\/08\/ndg-2025_header_st.avif","datePublished":"2025-04-24T13:43:07+00:00","dateModified":"2026-01-23T07:15:23+00:00","author":{"@id":"https:\/\/www.schlosstorgelow.de\/fr#\/schema\/person\/b76bbb367f3a20c7ced1339e4875691e"},"description":"Le week-end dernier a eu lieu le 23\u00e8me Championnat Nord-Allemand de m\u00e9moire. Nous \u00e9tions bien s\u00fbr pr\u00e9sents avec nos jeunes esprits.","breadcrumb":{"@id":"https:\/\/www.schlosstorgelow.de\/fr\/reussi-lors-du-23e-championnat-de-memorisation-du-nord-de-lallemagne#breadcrumb"},"inLanguage":"fr-FR","potentialAction":[{"@type":"ReadAction","target":["https:\/\/www.schlosstorgelow.de\/fr\/reussi-lors-du-23e-championnat-de-memorisation-du-nord-de-lallemagne"]}]},{"@type":"ImageObject","inLanguage":"fr-FR","@id":"https:\/\/www.schlosstorgelow.de\/fr\/reussi-lors-du-23e-championnat-de-memorisation-du-nord-de-lallemagne#primaryimage","url":"https:\/\/www.schlosstorgelow.de\/wp-content\/uploads\/2025\/08\/ndg-2025_header_st.avif","contentUrl":"https:\/\/www.schlosstorgelow.de\/wp-content\/uploads\/2025\/08\/ndg-2025_header_st.avif","width":1920,"height":1080,"caption":"R\u00e9ussi lors du 23e Championnat de M\u00e9morisation du Nord de l'Allemagne"},{"@type":"BreadcrumbList","@id":"https:\/\/www.schlosstorgelow.de\/fr\/reussi-lors-du-23e-championnat-de-memorisation-du-nord-de-lallemagne#breadcrumb","itemListElement":[{"@type":"ListItem","position":1,"name":"Startseite","item":"https:\/\/www.schlosstorgelow.de\/fr"},{"@type":"ListItem","position":2,"name":"R\u00e9ussi lors du 23e Championnat de M\u00e9morisation du Nord de l&#8217;Allemagne"}]},{"@type":"WebSite","@id":"https:\/\/www.schlosstorgelow.de\/fr#website","url":"https:\/\/www.schlosstorgelow.de\/fr","name":"Schloss Torgelow","description":"Le lyc\u00e9e priv\u00e9 Schloss Torgelow \u2013 l'internat pour les \u00e9l\u00e8ves en qu\u00eate de d\u00e9fis.","potentialAction":[{"@type":"SearchAction","target":{"@type":"EntryPoint","urlTemplate":"https:\/\/www.schlosstorgelow.de\/fr?s={search_term_string}"},"query-input":{"@type":"PropertyValueSpecification","valueRequired":true,"valueName":"search_term_string"}}],"inLanguage":"fr-FR"},{"@type":"Person","@id":"https:\/\/www.schlosstorgelow.de\/fr#\/schema\/person\/b76bbb367f3a20c7ced1339e4875691e","name":"Schloss Torgelow","image":{"@type":"ImageObject","inLanguage":"fr-FR","@id":"https:\/\/www.schlosstorgelow.de\/fr#\/schema\/person\/image\/","url":"https:\/\/secure.gravatar.com\/avatar\/4bad9bf1bee90f77b98693d3ad03ade085c80c169595427c58c58e5b069f49e1?s=96&d=mm&r=g","contentUrl":"https:\/\/secure.gravatar.com\/avatar\/4bad9bf1bee90f77b98693d3ad03ade085c80c169595427c58c58e5b069f49e1?s=96&d=mm&r=g","caption":"Schloss Torgelow"},"sameAs":["https:\/\/www.schlosstorgelow.de"]}]}},"block_visibility_meta":[],"_links":{"self":[{"href":"https:\/\/www.schlosstorgelow.de\/fr\/wp-json\/wp\/v2\/posts\/82403","targetHints":{"allow":["GET"]}}],"collection":[{"href":"https:\/\/www.schlosstorgelow.de\/fr\/wp-json\/wp\/v2\/posts"}],"about":[{"href":"https:\/\/www.schlosstorgelow.de\/fr\/wp-json\/wp\/v2\/types\/post"}],"author":[{"embeddable":true,"href":"https:\/\/www.schlosstorgelow.de\/fr\/wp-json\/wp\/v2\/users\/1"}],"replies":[{"embeddable":true,"href":"https:\/\/www.schlosstorgelow.de\/fr\/wp-json\/wp\/v2\/comments?post=82403"}],"version-history":[{"count":0,"href":"https:\/\/www.schlosstorgelow.de\/fr\/wp-json\/wp\/v2\/posts\/82403\/revisions"}],"wp:featuredmedia":[{"embeddable":true,"href":"https:\/\/www.schlosstorgelow.de\/fr\/wp-json\/wp\/v2\/media\/67452"}],"wp:attachment":[{"href":"https:\/\/www.schlosstorgelow.de\/fr\/wp-json\/wp\/v2\/media?parent=82403"}],"wp:term":[{"taxonomy":"category","embeddable":true,"href":"https:\/\/www.schlosstorgelow.de\/fr\/wp-json\/wp\/v2\/categories?post=82403"},{"taxonomy":"post_tag","embeddable":true,"href":"https:\/\/www.schlosstorgelow.de\/fr\/wp-json\/wp\/v2\/tags?post=82403"}],"curies":[{"name":"wp","href":"https:\/\/api.w.org\/{rel}","templated":true}]}}