{"id":82395,"date":"2025-05-27T07:27:54","date_gmt":"2025-05-27T07:27:54","guid":{"rendered":"https:\/\/www.schlosstorgelow.de\/avec-exam-ai-en-finale-le-chateau-de-torgelow-impressionne-lors-de-businessschool"},"modified":"2026-01-23T07:27:19","modified_gmt":"2026-01-23T07:27:19","slug":"avec-exam-ai-en-finale-le-schloss-torgelow-impressionne-lors-de-businessschool","status":"publish","type":"post","link":"https:\/\/www.schlosstorgelow.de\/fr\/avec-exam-ai-en-finale-le-schloss-torgelow-impressionne-lors-de-businessschool","title":{"rendered":"Avec EXAM.AI en finale : le Schloss Torgelow impressionne lors de business@school"},"content":{"rendered":"\n<p>Cr\u00e9atif, souverain et ax\u00e9 sur l&rsquo;avenir \u2013 c&rsquo;est ainsi que l&rsquo;\u00e9quipe du Schloss Torgelow s&rsquo;est pr\u00e9sent\u00e9e lors de la s\u00e9lection r\u00e9gionale de <a href=\"https:\/\/www.businessatschool.de\/de\/startseite\">business@school<\/a>.<i> \u00e0 Berlin. M\u00eame si cela n&rsquo;a finalement pas suffi pour atteindre la premi\u00e8re place, la pr\u00e9sentation de l&rsquo;id\u00e9e d&rsquo;entreprise EXAM.AI a \u00e9t\u00e9 un v\u00e9ritable point fort et un signal fort de ce que des jeunes avec curiosit\u00e9, expertise et esprit d&rsquo;\u00e9quipe peuvent accomplir. <\/i><\/p>\n\n<p>Carlotta (19 ans), Maximilian (17 ans), Leonid (17 ans) et Johann (18 ans) ont d\u00e9velopp\u00e9, apr\u00e8s des mois de travail, l&rsquo;id\u00e9e d&rsquo;entreprise pour EXAM.AI \u2013 une application bas\u00e9e sur l&rsquo;IA pour pr\u00e9parer de mani\u00e8re r\u00e9aliste aux examens oraux du baccalaur\u00e9at. L&rsquo;application simule des situations d&rsquo;examen typiques, cr\u00e9e des questions personnalis\u00e9es et fournit un retour d&rsquo;information \u00e9clair\u00e9. Un concept innovant qui a visiblement impressionn\u00e9 le jury.  <\/p>\n\n<p>Avec un pitch clairement structur\u00e9, un plan d&rsquo;affaires r\u00e9fl\u00e9chi et une s\u00e9ance de questions convaincante, o\u00f9 l&rsquo;\u00e9quipe avait une r\u00e9ponse argument\u00e9e \u00e0 chaque question, les \u00e9l\u00e8ves de Torgelow ont montr\u00e9 ce dont ils \u00e9taient capables. EXAM.AI \u00e9tait non seulement techniquement bien con\u00e7u, mais \u00e9galement fortement \u00e9labor\u00e9 en ce qui concerne l&rsquo;analyse de march\u00e9, l&rsquo;adresse aux groupes cibles et le potentiel de croissance. <\/p>\n\n<figure class=\"wp-block-embed is-type-video is-provider-vimeo wp-block-embed-vimeo\"><div class=\"wp-block-embed__wrapper\">\n\n    <div class=\"video-facade content-video-facade\" data-video-id=\"1089076272\" data-provider=\"vimeo\" data-original-iframe=\"&lt;iframe title=&quot;Exam.AI&quot; src=&quot;https:\/\/player.vimeo.com\/video\/1089076272?dnt=1&amp;app_id=122963&#038;dnt=1&quot; width=&quot;640&quot; height=&quot;362&quot; frameborder=&quot;0&quot; allow=&quot;autoplay; fullscreen; picture-in-picture; clipboard-write; encrypted-media; web-share&quot; referrerpolicy=&quot;strict-origin-when-cross-origin&quot;&gt;&lt;\/iframe&gt;\" width=\"640\" height=\"362\">\n        <img decoding=\"async\" src=\"https:\/\/i.vimeocdn.com\/video\/2021439818-48a6dcbf1461e4ac5afe61c24bc8aa52c3a5a2fdef4336837799383d61839292-d?region=us&#038;mw=1280&#038;mh=720&#038;q=100\" alt=\"Video thumbnail\" loading=\"lazy\">\n        <button class=\"video-play-button\" aria-label=\"Play video\">\n            <svg width=\"68\" height=\"48\" viewBox=\"0 0 68 48\"><path d=\"M66.52 7.74c-.78-2.93-2.49-5.41-5.42-6.19C55.79.13 34 0 34 0S12.21.13 6.9 1.55c-2.93.78-4.63 3.26-5.42 6.19C.06 13.05 0 24 0 24s.06 10.95 1.48 16.26c.78 2.93 2.49 5.41 5.42 6.19C12.21 47.87 34 48 34 48s21.79-.13 27.1-1.55c2.93-.78 4.64-3.26 5.42-6.19C67.94 34.95 68 24 68 24s-.06-10.95-1.48-16.26z\" fill=\"red\"\/><path d=\"M45 24L27 14v20\" fill=\"white\"\/><\/svg>\n        <\/button>\n        <div class=\"video-consent-notice\" style=\"display: none;\">\n            <p class=\"video-consent-text first-attempt\">To watch the video, you need to accept cookies.<\/p>\n            <p class=\"video-consent-text try-again\">Cookies have not been accepted yet. Please accept cookies first and try again.<\/p>\n            <button class=\"check-cookies-btn\">Check Cookies<\/button>\n        <\/div>\n    <\/div>\n<\/div><\/figure>\n\n<p>La premi\u00e8re place est revenue \u00e0 une \u00e9quipe de Berlin qui a impressionn\u00e9 avec une trousse modulaire (\u201cModCase\u201d). Cependant, m\u00eame si EXAM.AI a fini par s&rsquo;incliner de justesse, la conviction demeure : cette id\u00e9e a de l&rsquo;avenir. Pour notre internat, cette pr\u00e9sentation a \u00e9t\u00e9 un moment sp\u00e9cial, car elle montre jusqu&rsquo;o\u00f9 les \u00e9l\u00e8ves peuvent se surpasser lorsqu&rsquo;ils sont passionn\u00e9s par une \u201cid\u00e9e\u201d.<\/p>\n\n<p><strong>Le jury \u00e0 Berlin<\/strong><\/p>\n\n<p>Le jury compos\u00e9 de sept membres \u00e9tait constitu\u00e9 de leaders exp\u00e9riment\u00e9s issus des secteurs \u00e9conomique, num\u00e9rique et \u00e9ducatif. Il \u00e9coutait attentivement, posait des questions critiques et \u00e9tait impressionn\u00e9 par le professionnalisme des \u00e9quipes : <\/p>\n\n<p>Alexander Karst (Directeur g\u00e9n\u00e9ral, Lufthansa InTouch)<br\/>Anne Moulen (Directrice g\u00e9n\u00e9rale, Co-CEO, cleverly edu GmbH)<br\/>Nicolas Colsman (PDG, Zukunft Digitale Bildung gGmbH)<br\/>Nicolas Albrecht (PDG et membre du conseil ex\u00e9cutif, CargoBeamer AG)<br\/>Prof. Dr. Cordula Meckenstock (Co-CEO, lawpilots GmbH)<br\/>Dr. Andr\u00e9 Heeg (Directeur g\u00e9n\u00e9ral et partenaire, BCG X)<br\/>Domenik Fox (Fondateur et directeur g\u00e9n\u00e9ral, hellomateo)<\/p>\n\n<p><strong>business@school \u2013 Vivre l&rsquo;\u00e9conomie, penser l&rsquo;entrepreneuriat<\/strong><\/p>\n\n<p>Le concours business@school est une initiative \u00e9ducative du <a href=\"https:\/\/www.bcg.com\/\">Boston Consulting Group (BCG)<\/a>, \u00e0 laquelle participent chaque ann\u00e9e plus de 1 000 \u00e9l\u00e8ves de pr\u00e8s de 70 \u00e9coles. En trois phases, ils apprennent \u00e0 analyser les liens \u00e9conomiques, \u00e0 d\u00e9velopper des mod\u00e8les commerciaux et enfin \u00e0 pr\u00e9senter leurs propres id\u00e9es d&rsquo;entreprise. Ils sont soutenus par des enseignants ainsi que par plus de 400 coaches b\u00e9n\u00e9voles issus d&rsquo;entreprises et de la BCG elle-m\u00eame.  <\/p>\n\n<p>L&rsquo;objectif du projet est de promouvoir la pens\u00e9e \u00e9conomique, de renforcer le travail d&rsquo;\u00e9quipe et de rendre l&rsquo;action entrepreneuriale concr\u00e8te. Lors de la finale r\u00e9gionale \u00e0 Berlin, les meilleures \u00e9quipes de Berlin, du Brandebourg et de Mecklembourg-Pom\u00e9ranie-Occidentale se sont affront\u00e9es. Elles ont pr\u00e9sent\u00e9 leurs id\u00e9es devant un jury de haut niveau compos\u00e9 de repr\u00e9sentants du monde des affaires et de la sc\u00e8ne des start-ups, des id\u00e9es r\u00e9fl\u00e9chies, cr\u00e9atives et orient\u00e9es vers l&rsquo;avenir. Ce qui unissait toutes les \u00e9quipes : le courage de se pr\u00e9senter devant un jury avec une id\u00e9e qui leur \u00e9tait propre &#8211; de mani\u00e8re professionnelle, convaincante et avec beaucoup de passion.   <\/p>\n\n<p><strong>Et comment \u00e7a se passe ensuite ?<\/strong><\/p>\n\n<p>Le Schloss Torgelow sera \u00e9galement pr\u00e9sent l&rsquo;ann\u00e9e prochaine. L&rsquo;impatience est grande et dans l&rsquo;esprit des prochaines \u00e9quipes, on r\u00e9fl\u00e9chit, on brainstorme et on planifie d\u00e9j\u00e0. Car ceux qui ont d\u00e9j\u00e0 ressenti l&rsquo;esprit d&rsquo;entreprise le savent : la prochaine bonne id\u00e9e viendra \u00e0 coup s\u00fbr.  <\/p>\n","protected":false},"excerpt":{"rendered":"<p>Cr\u00e9atif, souverain et tourn\u00e9 vers l&rsquo;avenir \u2013 c&rsquo;est ainsi que l&rsquo;\u00e9quipe du Schloss Torgelow s&rsquo;est pr\u00e9sent\u00e9e lors de la finale r\u00e9gionale de business@school \u00e0 Berlin.<\/p>\n","protected":false},"author":1,"featured_media":69315,"comment_status":"closed","ping_status":"closed","sticky":false,"template":"","format":"standard","meta":{"_acf_changed":false,"_yoast_wpseo_title":"EXAM.AI : Schloss Torgelow convainc business@school","_yoast_wpseo_metadesc":"Cr\u00e9atif, souverain et tourn\u00e9 vers l'avenir \u2013 telle \u00e9tait la pr\u00e9sentation de l'\u00e9quipe du Schloss Torgelow lors du concours r\u00e9gional de business@school \u00e0 Berlin.","excerpt":"Cr\u00e9atif, souverain et tourn\u00e9 vers l'avenir \u2013 telle \u00e9tait la pr\u00e9sentation de l'\u00e9quipe du Schloss Torgelow lors du concours r\u00e9gional de business@school \u00e0 Berlin.","footnotes":""},"categories":[33],"tags":[],"class_list":{"0":"post-82395","1":"post","2":"type-post","3":"status-publish","4":"format-standard","5":"has-post-thumbnail","7":"category-actualites-torgelow"},"acf":[],"yoast_head":"<!-- This site is optimized with the Yoast SEO plugin v26.9 - https:\/\/yoast.com\/product\/yoast-seo-wordpress\/ -->\n<title>EXAM.AI : Schloss Torgelow convainc business@school<\/title>\n<meta name=\"description\" content=\"Cr\u00e9atif, souverain et tourn\u00e9 vers l&#039;avenir \u2013 telle \u00e9tait la pr\u00e9sentation de l&#039;\u00e9quipe du Schloss Torgelow lors du concours r\u00e9gional de business@school \u00e0 Berlin.\" \/>\n<meta name=\"robots\" content=\"index, follow, max-snippet:-1, max-image-preview:large, max-video-preview:-1\" \/>\n<link rel=\"canonical\" href=\"https:\/\/www.schlosstorgelow.de\/fr\/avec-exam-ai-en-finale-le-schloss-torgelow-impressionne-lors-de-businessschool\" \/>\n<meta property=\"og:locale\" content=\"fr_FR\" \/>\n<meta property=\"og:type\" content=\"article\" \/>\n<meta property=\"og:title\" content=\"EXAM.AI : Schloss Torgelow convainc business@school\" \/>\n<meta property=\"og:description\" content=\"Cr\u00e9atif, souverain et tourn\u00e9 vers l&#039;avenir \u2013 telle \u00e9tait la pr\u00e9sentation de l&#039;\u00e9quipe du Schloss Torgelow lors du concours r\u00e9gional de business@school \u00e0 Berlin.\" \/>\n<meta property=\"og:url\" content=\"https:\/\/www.schlosstorgelow.de\/fr\/avec-exam-ai-en-finale-le-schloss-torgelow-impressionne-lors-de-businessschool\" \/>\n<meta property=\"og:site_name\" content=\"Schloss Torgelow\" \/>\n<meta property=\"article:published_time\" content=\"2025-05-27T07:27:54+00:00\" \/>\n<meta property=\"article:modified_time\" content=\"2026-01-23T07:27:19+00:00\" \/>\n<meta name=\"author\" content=\"Schloss Torgelow\" \/>\n<meta name=\"twitter:card\" content=\"summary_large_image\" \/>\n<meta name=\"twitter:label1\" content=\"\u00c9crit par\" \/>\n\t<meta name=\"twitter:data1\" content=\"Schloss Torgelow\" \/>\n\t<meta name=\"twitter:label2\" content=\"Dur\u00e9e de lecture estim\u00e9e\" \/>\n\t<meta name=\"twitter:data2\" content=\"3 minutes\" \/>\n<script type=\"application\/ld+json\" class=\"yoast-schema-graph\">{\"@context\":\"https:\/\/schema.org\",\"@graph\":[{\"@type\":\"Article\",\"@id\":\"https:\/\/www.schlosstorgelow.de\/fr\/avec-exam-ai-en-finale-le-schloss-torgelow-impressionne-lors-de-businessschool#article\",\"isPartOf\":{\"@id\":\"https:\/\/www.schlosstorgelow.de\/fr\/avec-exam-ai-en-finale-le-schloss-torgelow-impressionne-lors-de-businessschool\"},\"author\":{\"name\":\"Schloss Torgelow\",\"@id\":\"https:\/\/www.schlosstorgelow.de\/fr#\/schema\/person\/b76bbb367f3a20c7ced1339e4875691e\"},\"headline\":\"Avec EXAM.AI en finale : le Schloss Torgelow impressionne lors de business@school\",\"datePublished\":\"2025-05-27T07:27:54+00:00\",\"dateModified\":\"2026-01-23T07:27:19+00:00\",\"mainEntityOfPage\":{\"@id\":\"https:\/\/www.schlosstorgelow.de\/fr\/avec-exam-ai-en-finale-le-schloss-torgelow-impressionne-lors-de-businessschool\"},\"wordCount\":693,\"image\":{\"@id\":\"https:\/\/www.schlosstorgelow.de\/fr\/avec-exam-ai-en-finale-le-schloss-torgelow-impressionne-lors-de-businessschool#primaryimage\"},\"thumbnailUrl\":\"https:\/\/www.schlosstorgelow.de\/wp-content\/uploads\/2025\/05\/b40s-berlin-2025_header_st.avif\",\"articleSection\":[\"Actualit\u00e9s Torgelow\"],\"inLanguage\":\"fr-FR\"},{\"@type\":\"WebPage\",\"@id\":\"https:\/\/www.schlosstorgelow.de\/fr\/avec-exam-ai-en-finale-le-schloss-torgelow-impressionne-lors-de-businessschool#webpage\",\"url\":\"https:\/\/www.schlosstorgelow.de\/fr\/avec-exam-ai-en-finale-le-schloss-torgelow-impressionne-lors-de-businessschool\",\"name\":\"EXAM.AI : Schloss Torgelow convainc business@school\",\"isPartOf\":{\"@id\":\"https:\/\/www.schlosstorgelow.de\/fr#website\"},\"primaryImageOfPage\":{\"@id\":\"https:\/\/www.schlosstorgelow.de\/fr\/avec-exam-ai-en-finale-le-schloss-torgelow-impressionne-lors-de-businessschool#primaryimage\"},\"image\":{\"@id\":\"https:\/\/www.schlosstorgelow.de\/fr\/avec-exam-ai-en-finale-le-schloss-torgelow-impressionne-lors-de-businessschool#primaryimage\"},\"thumbnailUrl\":\"https:\/\/www.schlosstorgelow.de\/wp-content\/uploads\/2025\/05\/b40s-berlin-2025_header_st.avif\",\"datePublished\":\"2025-05-27T07:27:54+00:00\",\"dateModified\":\"2026-01-23T07:27:19+00:00\",\"author\":{\"@id\":\"https:\/\/www.schlosstorgelow.de\/fr#\/schema\/person\/b76bbb367f3a20c7ced1339e4875691e\"},\"description\":\"Cr\u00e9atif, souverain et tourn\u00e9 vers l'avenir \u2013 telle \u00e9tait la pr\u00e9sentation de l'\u00e9quipe du Schloss Torgelow lors du concours r\u00e9gional de business@school \u00e0 Berlin.\",\"breadcrumb\":{\"@id\":\"https:\/\/www.schlosstorgelow.de\/fr\/avec-exam-ai-en-finale-le-schloss-torgelow-impressionne-lors-de-businessschool#breadcrumb\"},\"inLanguage\":\"fr-FR\",\"potentialAction\":[{\"@type\":\"ReadAction\",\"target\":[\"https:\/\/www.schlosstorgelow.de\/fr\/avec-exam-ai-en-finale-le-schloss-torgelow-impressionne-lors-de-businessschool\"]}]},{\"@type\":\"ImageObject\",\"inLanguage\":\"fr-FR\",\"@id\":\"https:\/\/www.schlosstorgelow.de\/fr\/avec-exam-ai-en-finale-le-schloss-torgelow-impressionne-lors-de-businessschool#primaryimage\",\"url\":\"https:\/\/www.schlosstorgelow.de\/wp-content\/uploads\/2025\/05\/b40s-berlin-2025_header_st.avif\",\"contentUrl\":\"https:\/\/www.schlosstorgelow.de\/wp-content\/uploads\/2025\/05\/b40s-berlin-2025_header_st.avif\",\"width\":1920,\"height\":1080,\"caption\":\"Affaires \u00e0 l'\u00e9cole\"},{\"@type\":\"BreadcrumbList\",\"@id\":\"https:\/\/www.schlosstorgelow.de\/fr\/avec-exam-ai-en-finale-le-schloss-torgelow-impressionne-lors-de-businessschool#breadcrumb\",\"itemListElement\":[{\"@type\":\"ListItem\",\"position\":1,\"name\":\"Startseite\",\"item\":\"https:\/\/www.schlosstorgelow.de\/fr\"},{\"@type\":\"ListItem\",\"position\":2,\"name\":\"Avec EXAM.AI en finale : le Schloss Torgelow impressionne lors de business@school\"}]},{\"@type\":\"WebSite\",\"@id\":\"https:\/\/www.schlosstorgelow.de\/fr#website\",\"url\":\"https:\/\/www.schlosstorgelow.de\/fr\",\"name\":\"Schloss Torgelow\",\"description\":\"Le lyc\u00e9e priv\u00e9 Schloss Torgelow \u2013 l'internat pour les \u00e9l\u00e8ves en qu\u00eate de d\u00e9fis.\",\"potentialAction\":[{\"@type\":\"SearchAction\",\"target\":{\"@type\":\"EntryPoint\",\"urlTemplate\":\"https:\/\/www.schlosstorgelow.de\/fr?s={search_term_string}\"},\"query-input\":{\"@type\":\"PropertyValueSpecification\",\"valueRequired\":true,\"valueName\":\"search_term_string\"}}],\"inLanguage\":\"fr-FR\"},{\"@type\":\"Person\",\"@id\":\"https:\/\/www.schlosstorgelow.de\/fr#\/schema\/person\/b76bbb367f3a20c7ced1339e4875691e\",\"name\":\"Schloss Torgelow\",\"image\":{\"@type\":\"ImageObject\",\"inLanguage\":\"fr-FR\",\"@id\":\"https:\/\/www.schlosstorgelow.de\/fr#\/schema\/person\/image\/\",\"url\":\"https:\/\/secure.gravatar.com\/avatar\/4bad9bf1bee90f77b98693d3ad03ade085c80c169595427c58c58e5b069f49e1?s=96&d=mm&r=g\",\"contentUrl\":\"https:\/\/secure.gravatar.com\/avatar\/4bad9bf1bee90f77b98693d3ad03ade085c80c169595427c58c58e5b069f49e1?s=96&d=mm&r=g\",\"caption\":\"Schloss Torgelow\"},\"sameAs\":[\"https:\/\/www.schlosstorgelow.de\"]}]}<\/script>\n<!-- \/ Yoast SEO plugin. -->","yoast_head_json":{"title":"EXAM.AI : Schloss Torgelow convainc business@school","description":"Cr\u00e9atif, souverain et tourn\u00e9 vers l'avenir \u2013 telle \u00e9tait la pr\u00e9sentation de l'\u00e9quipe du Schloss Torgelow lors du concours r\u00e9gional de business@school \u00e0 Berlin.","robots":{"index":"index","follow":"follow","max-snippet":"max-snippet:-1","max-image-preview":"max-image-preview:large","max-video-preview":"max-video-preview:-1"},"canonical":"https:\/\/www.schlosstorgelow.de\/fr\/avec-exam-ai-en-finale-le-schloss-torgelow-impressionne-lors-de-businessschool","og_locale":"fr_FR","og_type":"article","og_title":"EXAM.AI : Schloss Torgelow convainc business@school","og_description":"Cr\u00e9atif, souverain et tourn\u00e9 vers l'avenir \u2013 telle \u00e9tait la pr\u00e9sentation de l'\u00e9quipe du Schloss Torgelow lors du concours r\u00e9gional de business@school \u00e0 Berlin.","og_url":"https:\/\/www.schlosstorgelow.de\/fr\/avec-exam-ai-en-finale-le-schloss-torgelow-impressionne-lors-de-businessschool","og_site_name":"Schloss Torgelow","article_published_time":"2025-05-27T07:27:54+00:00","article_modified_time":"2026-01-23T07:27:19+00:00","author":"Schloss Torgelow","twitter_card":"summary_large_image","twitter_misc":{"\u00c9crit par":"Schloss Torgelow","Dur\u00e9e de lecture estim\u00e9e":"3 minutes"},"schema":{"@context":"https:\/\/schema.org","@graph":[{"@type":"Article","@id":"https:\/\/www.schlosstorgelow.de\/fr\/avec-exam-ai-en-finale-le-schloss-torgelow-impressionne-lors-de-businessschool#article","isPartOf":{"@id":"https:\/\/www.schlosstorgelow.de\/fr\/avec-exam-ai-en-finale-le-schloss-torgelow-impressionne-lors-de-businessschool"},"author":{"name":"Schloss Torgelow","@id":"https:\/\/www.schlosstorgelow.de\/fr#\/schema\/person\/b76bbb367f3a20c7ced1339e4875691e"},"headline":"Avec EXAM.AI en finale : le Schloss Torgelow impressionne lors de business@school","datePublished":"2025-05-27T07:27:54+00:00","dateModified":"2026-01-23T07:27:19+00:00","mainEntityOfPage":{"@id":"https:\/\/www.schlosstorgelow.de\/fr\/avec-exam-ai-en-finale-le-schloss-torgelow-impressionne-lors-de-businessschool"},"wordCount":693,"image":{"@id":"https:\/\/www.schlosstorgelow.de\/fr\/avec-exam-ai-en-finale-le-schloss-torgelow-impressionne-lors-de-businessschool#primaryimage"},"thumbnailUrl":"https:\/\/www.schlosstorgelow.de\/wp-content\/uploads\/2025\/05\/b40s-berlin-2025_header_st.avif","articleSection":["Actualit\u00e9s Torgelow"],"inLanguage":"fr-FR"},{"@type":"WebPage","@id":"https:\/\/www.schlosstorgelow.de\/fr\/avec-exam-ai-en-finale-le-schloss-torgelow-impressionne-lors-de-businessschool#webpage","url":"https:\/\/www.schlosstorgelow.de\/fr\/avec-exam-ai-en-finale-le-schloss-torgelow-impressionne-lors-de-businessschool","name":"EXAM.AI : Schloss Torgelow convainc business@school","isPartOf":{"@id":"https:\/\/www.schlosstorgelow.de\/fr#website"},"primaryImageOfPage":{"@id":"https:\/\/www.schlosstorgelow.de\/fr\/avec-exam-ai-en-finale-le-schloss-torgelow-impressionne-lors-de-businessschool#primaryimage"},"image":{"@id":"https:\/\/www.schlosstorgelow.de\/fr\/avec-exam-ai-en-finale-le-schloss-torgelow-impressionne-lors-de-businessschool#primaryimage"},"thumbnailUrl":"https:\/\/www.schlosstorgelow.de\/wp-content\/uploads\/2025\/05\/b40s-berlin-2025_header_st.avif","datePublished":"2025-05-27T07:27:54+00:00","dateModified":"2026-01-23T07:27:19+00:00","author":{"@id":"https:\/\/www.schlosstorgelow.de\/fr#\/schema\/person\/b76bbb367f3a20c7ced1339e4875691e"},"description":"Cr\u00e9atif, souverain et tourn\u00e9 vers l'avenir \u2013 telle \u00e9tait la pr\u00e9sentation de l'\u00e9quipe du Schloss Torgelow lors du concours r\u00e9gional de business@school \u00e0 Berlin.","breadcrumb":{"@id":"https:\/\/www.schlosstorgelow.de\/fr\/avec-exam-ai-en-finale-le-schloss-torgelow-impressionne-lors-de-businessschool#breadcrumb"},"inLanguage":"fr-FR","potentialAction":[{"@type":"ReadAction","target":["https:\/\/www.schlosstorgelow.de\/fr\/avec-exam-ai-en-finale-le-schloss-torgelow-impressionne-lors-de-businessschool"]}]},{"@type":"ImageObject","inLanguage":"fr-FR","@id":"https:\/\/www.schlosstorgelow.de\/fr\/avec-exam-ai-en-finale-le-schloss-torgelow-impressionne-lors-de-businessschool#primaryimage","url":"https:\/\/www.schlosstorgelow.de\/wp-content\/uploads\/2025\/05\/b40s-berlin-2025_header_st.avif","contentUrl":"https:\/\/www.schlosstorgelow.de\/wp-content\/uploads\/2025\/05\/b40s-berlin-2025_header_st.avif","width":1920,"height":1080,"caption":"Affaires \u00e0 l'\u00e9cole"},{"@type":"BreadcrumbList","@id":"https:\/\/www.schlosstorgelow.de\/fr\/avec-exam-ai-en-finale-le-schloss-torgelow-impressionne-lors-de-businessschool#breadcrumb","itemListElement":[{"@type":"ListItem","position":1,"name":"Startseite","item":"https:\/\/www.schlosstorgelow.de\/fr"},{"@type":"ListItem","position":2,"name":"Avec EXAM.AI en finale : le Schloss Torgelow impressionne lors de business@school"}]},{"@type":"WebSite","@id":"https:\/\/www.schlosstorgelow.de\/fr#website","url":"https:\/\/www.schlosstorgelow.de\/fr","name":"Schloss Torgelow","description":"Le lyc\u00e9e priv\u00e9 Schloss Torgelow \u2013 l'internat pour les \u00e9l\u00e8ves en qu\u00eate de d\u00e9fis.","potentialAction":[{"@type":"SearchAction","target":{"@type":"EntryPoint","urlTemplate":"https:\/\/www.schlosstorgelow.de\/fr?s={search_term_string}"},"query-input":{"@type":"PropertyValueSpecification","valueRequired":true,"valueName":"search_term_string"}}],"inLanguage":"fr-FR"},{"@type":"Person","@id":"https:\/\/www.schlosstorgelow.de\/fr#\/schema\/person\/b76bbb367f3a20c7ced1339e4875691e","name":"Schloss Torgelow","image":{"@type":"ImageObject","inLanguage":"fr-FR","@id":"https:\/\/www.schlosstorgelow.de\/fr#\/schema\/person\/image\/","url":"https:\/\/secure.gravatar.com\/avatar\/4bad9bf1bee90f77b98693d3ad03ade085c80c169595427c58c58e5b069f49e1?s=96&d=mm&r=g","contentUrl":"https:\/\/secure.gravatar.com\/avatar\/4bad9bf1bee90f77b98693d3ad03ade085c80c169595427c58c58e5b069f49e1?s=96&d=mm&r=g","caption":"Schloss Torgelow"},"sameAs":["https:\/\/www.schlosstorgelow.de"]}]}},"block_visibility_meta":[],"_links":{"self":[{"href":"https:\/\/www.schlosstorgelow.de\/fr\/wp-json\/wp\/v2\/posts\/82395","targetHints":{"allow":["GET"]}}],"collection":[{"href":"https:\/\/www.schlosstorgelow.de\/fr\/wp-json\/wp\/v2\/posts"}],"about":[{"href":"https:\/\/www.schlosstorgelow.de\/fr\/wp-json\/wp\/v2\/types\/post"}],"author":[{"embeddable":true,"href":"https:\/\/www.schlosstorgelow.de\/fr\/wp-json\/wp\/v2\/users\/1"}],"replies":[{"embeddable":true,"href":"https:\/\/www.schlosstorgelow.de\/fr\/wp-json\/wp\/v2\/comments?post=82395"}],"version-history":[{"count":0,"href":"https:\/\/www.schlosstorgelow.de\/fr\/wp-json\/wp\/v2\/posts\/82395\/revisions"}],"wp:featuredmedia":[{"embeddable":true,"href":"https:\/\/www.schlosstorgelow.de\/fr\/wp-json\/wp\/v2\/media\/69315"}],"wp:attachment":[{"href":"https:\/\/www.schlosstorgelow.de\/fr\/wp-json\/wp\/v2\/media?parent=82395"}],"wp:term":[{"taxonomy":"category","embeddable":true,"href":"https:\/\/www.schlosstorgelow.de\/fr\/wp-json\/wp\/v2\/categories?post=82395"},{"taxonomy":"post_tag","embeddable":true,"href":"https:\/\/www.schlosstorgelow.de\/fr\/wp-json\/wp\/v2\/tags?post=82395"}],"curies":[{"name":"wp","href":"https:\/\/api.w.org\/{rel}","templated":true}]}}