{"id":82391,"date":"2025-05-27T07:49:33","date_gmt":"2025-05-27T07:49:33","guid":{"rendered":"https:\/\/www.schlosstorgelow.de\/visite-virtuelle-de-lambassadeur-dallemagne-en-afrique-du-sud"},"modified":"2026-01-29T08:47:46","modified_gmt":"2026-01-29T07:47:46","slug":"visite-virtuelle-de-lambassadeur-dallemagne-en-afrique-du-sud","status":"publish","type":"post","link":"https:\/\/www.schlosstorgelow.de\/fr\/visite-virtuelle-de-lambassadeur-dallemagne-en-afrique-du-sud","title":{"rendered":"Visite virtuelle de l&rsquo;ambassadeur d&rsquo;Allemagne en Afrique du Sud"},"content":{"rendered":"\n<p><i>Les \u00e9l\u00e8ves des classes de 11e et 12e ont eu le plaisir d&rsquo;accueillir un invit\u00e9 sp\u00e9cial : Andreas Peschke, l&rsquo;ambassadeur d&rsquo;Allemagne en Afrique du Sud ainsi que dans les royaumes du Lesotho et d&rsquo;Eswatini, \u00e9tait virtuellement pr\u00e9sent au Schloss Torgelow.  <\/i><\/p>\n\n<p>Lors d&rsquo;une conf\u00e9rence captivante, M. Peschke a propos\u00e9 un aper\u00e7u de son travail, de son parcours professionnel et des diverses missions des repr\u00e9sentations allemandes \u00e0 l&rsquo;\u00e9tranger. Il a d\u00e9crit de mani\u00e8re frappante ce que signifie repr\u00e9senter l&rsquo;Allemagne \u00e0 l&rsquo;\u00e9tranger \u2013 dans le dialogue avec le gouvernement sud-africain, dans l&rsquo;entretien des relations \u00e9conomiques ou dans la m\u00e9diation culturelle. <\/p>\n\n<p>Mais il ne s&rsquo;agissait pas seulement de sujets politiques : des exp\u00e9riences personnelles et des aper\u00e7us sur le quotidien d&rsquo;un diplomate dans un contexte international ont \u00e9galement \u00e9t\u00e9 partag\u00e9s de mani\u00e8re ouverte et vivante.<\/p>\n\n<p>Un point fort particulier fut la s\u00e9ance de questions-r\u00e9ponses qui a suivi : Avec un grand int\u00e9r\u00eat et des questions intelligentes, les \u00e9l\u00e8ves ont saisi l&rsquo;occasion d&rsquo;\u00e9changer &#8211; que ce soit sur le quotidien diplomatique, sur les d\u00e9fis politiques actuels ou sur la motivation personnelle de l&rsquo;ambassadeur. L&rsquo;ouverture de ses r\u00e9ponses a laiss\u00e9 une impression durable. <\/p>\n\n<p>La visite n&rsquo;\u00e9tait pas seulement un aper\u00e7u passionnant d&rsquo;un domaine professionnel fascinant, mais elle a \u00e9galement suscit\u00e9 une r\u00e9flexion sur les interconnexions globales, la coop\u00e9ration internationale et ses propres perspectives d&rsquo;avenir.<\/p>\n\n<p>Un chaleureux remerciement \u00e0 l&rsquo;ambassadeur Andreas Peschke pour son temps, sa disponibilit\u00e9 \u2013 et l&rsquo;inspiration qu&rsquo;il a apport\u00e9e avec sa visite virtuelle \u00e0 Torgelow am See.<\/p>\n","protected":false},"excerpt":{"rendered":"<p>Andreas Peschke, l&rsquo;ambassadeur allemand en Afrique du Sud, \u00e9tait virtuellement l&rsquo;invit\u00e9 du Schloss Torgelow.<\/p>\n","protected":false},"author":1,"featured_media":68108,"comment_status":"closed","ping_status":"closed","sticky":false,"template":"","format":"standard","meta":{"_acf_changed":false,"_yoast_wpseo_title":"Visite virtuelle de l'ambassadeur d'Allemagne en Afrique du Sud","_yoast_wpseo_metadesc":"Andreas Peschke, ambassadeur d\u2019Allemagne en Afrique du Sud, Lesotho et Eswatini, \u00e9tait invit\u00e9 virtuel au Schloss Torgelow.","excerpt":"Andreas Peschke, l'ambassadeur allemand en Afrique du Sud, \u00e9tait virtuellement l'invit\u00e9 du Schloss Torgelow.","footnotes":""},"categories":[33],"tags":[],"class_list":{"0":"post-82391","1":"post","2":"type-post","3":"status-publish","4":"format-standard","5":"has-post-thumbnail","7":"category-actualites-torgelow"},"acf":[],"yoast_head":"<!-- This site is optimized with the Yoast SEO plugin v26.9 - https:\/\/yoast.com\/product\/yoast-seo-wordpress\/ -->\n<title>Visite virtuelle de l&#039;ambassadeur d&#039;Allemagne en Afrique du Sud<\/title>\n<meta name=\"description\" content=\"Andreas Peschke, ambassadeur d\u2019Allemagne en Afrique du Sud, Lesotho et Eswatini, \u00e9tait invit\u00e9 virtuel au Schloss Torgelow.\" \/>\n<meta name=\"robots\" content=\"index, follow, max-snippet:-1, max-image-preview:large, max-video-preview:-1\" \/>\n<link rel=\"canonical\" href=\"https:\/\/www.schlosstorgelow.de\/fr\/visite-virtuelle-de-lambassadeur-dallemagne-en-afrique-du-sud\" \/>\n<meta property=\"og:locale\" content=\"fr_FR\" \/>\n<meta property=\"og:type\" content=\"article\" \/>\n<meta property=\"og:title\" content=\"Visite virtuelle de l&#039;ambassadeur d&#039;Allemagne en Afrique du Sud\" \/>\n<meta property=\"og:description\" content=\"Andreas Peschke, ambassadeur d\u2019Allemagne en Afrique du Sud, Lesotho et Eswatini, \u00e9tait invit\u00e9 virtuel au Schloss Torgelow.\" \/>\n<meta property=\"og:url\" content=\"https:\/\/www.schlosstorgelow.de\/fr\/visite-virtuelle-de-lambassadeur-dallemagne-en-afrique-du-sud\" \/>\n<meta property=\"og:site_name\" content=\"Schloss Torgelow\" \/>\n<meta property=\"article:published_time\" content=\"2025-05-27T07:49:33+00:00\" \/>\n<meta property=\"article:modified_time\" content=\"2026-01-29T07:47:46+00:00\" \/>\n<meta name=\"author\" content=\"Schloss Torgelow\" \/>\n<meta name=\"twitter:card\" content=\"summary_large_image\" \/>\n<meta name=\"twitter:label1\" content=\"\u00c9crit par\" \/>\n\t<meta name=\"twitter:data1\" content=\"Schloss Torgelow\" \/>\n\t<meta name=\"twitter:label2\" content=\"Dur\u00e9e de lecture estim\u00e9e\" \/>\n\t<meta name=\"twitter:data2\" content=\"1 minute\" \/>\n<script type=\"application\/ld+json\" class=\"yoast-schema-graph\">{\"@context\":\"https:\/\/schema.org\",\"@graph\":[{\"@type\":\"Article\",\"@id\":\"https:\/\/www.schlosstorgelow.de\/fr\/visite-virtuelle-de-lambassadeur-dallemagne-en-afrique-du-sud#article\",\"isPartOf\":{\"@id\":\"https:\/\/www.schlosstorgelow.de\/fr\/visite-virtuelle-de-lambassadeur-dallemagne-en-afrique-du-sud\"},\"author\":{\"name\":\"Schloss Torgelow\",\"@id\":\"https:\/\/www.schlosstorgelow.de\/fr#\/schema\/person\/b76bbb367f3a20c7ced1339e4875691e\"},\"headline\":\"Visite virtuelle de l&rsquo;ambassadeur d&rsquo;Allemagne en Afrique du Sud\",\"datePublished\":\"2025-05-27T07:49:33+00:00\",\"dateModified\":\"2026-01-29T07:47:46+00:00\",\"mainEntityOfPage\":{\"@id\":\"https:\/\/www.schlosstorgelow.de\/fr\/visite-virtuelle-de-lambassadeur-dallemagne-en-afrique-du-sud\"},\"wordCount\":292,\"image\":{\"@id\":\"https:\/\/www.schlosstorgelow.de\/fr\/visite-virtuelle-de-lambassadeur-dallemagne-en-afrique-du-sud#primaryimage\"},\"thumbnailUrl\":\"https:\/\/www.schlosstorgelow.de\/wp-content\/uploads\/2025\/08\/botschafter-SA_header_st.avif\",\"articleSection\":[\"Actualit\u00e9s Torgelow\"],\"inLanguage\":\"fr-FR\"},{\"@type\":\"WebPage\",\"@id\":\"https:\/\/www.schlosstorgelow.de\/fr\/visite-virtuelle-de-lambassadeur-dallemagne-en-afrique-du-sud#webpage\",\"url\":\"https:\/\/www.schlosstorgelow.de\/fr\/visite-virtuelle-de-lambassadeur-dallemagne-en-afrique-du-sud\",\"name\":\"Visite virtuelle de l'ambassadeur d'Allemagne en Afrique du Sud\",\"isPartOf\":{\"@id\":\"https:\/\/www.schlosstorgelow.de\/fr#website\"},\"primaryImageOfPage\":{\"@id\":\"https:\/\/www.schlosstorgelow.de\/fr\/visite-virtuelle-de-lambassadeur-dallemagne-en-afrique-du-sud#primaryimage\"},\"image\":{\"@id\":\"https:\/\/www.schlosstorgelow.de\/fr\/visite-virtuelle-de-lambassadeur-dallemagne-en-afrique-du-sud#primaryimage\"},\"thumbnailUrl\":\"https:\/\/www.schlosstorgelow.de\/wp-content\/uploads\/2025\/08\/botschafter-SA_header_st.avif\",\"datePublished\":\"2025-05-27T07:49:33+00:00\",\"dateModified\":\"2026-01-29T07:47:46+00:00\",\"author\":{\"@id\":\"https:\/\/www.schlosstorgelow.de\/fr#\/schema\/person\/b76bbb367f3a20c7ced1339e4875691e\"},\"description\":\"Andreas Peschke, ambassadeur d\u2019Allemagne en Afrique du Sud, Lesotho et Eswatini, \u00e9tait invit\u00e9 virtuel au Schloss Torgelow.\",\"breadcrumb\":{\"@id\":\"https:\/\/www.schlosstorgelow.de\/fr\/visite-virtuelle-de-lambassadeur-dallemagne-en-afrique-du-sud#breadcrumb\"},\"inLanguage\":\"fr-FR\",\"potentialAction\":[{\"@type\":\"ReadAction\",\"target\":[\"https:\/\/www.schlosstorgelow.de\/fr\/visite-virtuelle-de-lambassadeur-dallemagne-en-afrique-du-sud\"]}]},{\"@type\":\"ImageObject\",\"inLanguage\":\"fr-FR\",\"@id\":\"https:\/\/www.schlosstorgelow.de\/fr\/visite-virtuelle-de-lambassadeur-dallemagne-en-afrique-du-sud#primaryimage\",\"url\":\"https:\/\/www.schlosstorgelow.de\/wp-content\/uploads\/2025\/08\/botschafter-SA_header_st.avif\",\"contentUrl\":\"https:\/\/www.schlosstorgelow.de\/wp-content\/uploads\/2025\/08\/botschafter-SA_header_st.avif\",\"width\":1920,\"height\":1080,\"caption\":\"Visite virtuelle de l'ambassadeur d'Allemagne en Afrique du Sud\"},{\"@type\":\"BreadcrumbList\",\"@id\":\"https:\/\/www.schlosstorgelow.de\/fr\/visite-virtuelle-de-lambassadeur-dallemagne-en-afrique-du-sud#breadcrumb\",\"itemListElement\":[{\"@type\":\"ListItem\",\"position\":1,\"name\":\"Startseite\",\"item\":\"https:\/\/www.schlosstorgelow.de\/fr\"},{\"@type\":\"ListItem\",\"position\":2,\"name\":\"Visite virtuelle de l&rsquo;ambassadeur d&rsquo;Allemagne en Afrique du Sud\"}]},{\"@type\":\"WebSite\",\"@id\":\"https:\/\/www.schlosstorgelow.de\/fr#website\",\"url\":\"https:\/\/www.schlosstorgelow.de\/fr\",\"name\":\"Schloss Torgelow\",\"description\":\"Le lyc\u00e9e priv\u00e9 Schloss Torgelow \u2013 l'internat pour les \u00e9l\u00e8ves en qu\u00eate de d\u00e9fis.\",\"potentialAction\":[{\"@type\":\"SearchAction\",\"target\":{\"@type\":\"EntryPoint\",\"urlTemplate\":\"https:\/\/www.schlosstorgelow.de\/fr?s={search_term_string}\"},\"query-input\":{\"@type\":\"PropertyValueSpecification\",\"valueRequired\":true,\"valueName\":\"search_term_string\"}}],\"inLanguage\":\"fr-FR\"},{\"@type\":\"Person\",\"@id\":\"https:\/\/www.schlosstorgelow.de\/fr#\/schema\/person\/b76bbb367f3a20c7ced1339e4875691e\",\"name\":\"Schloss Torgelow\",\"image\":{\"@type\":\"ImageObject\",\"inLanguage\":\"fr-FR\",\"@id\":\"https:\/\/www.schlosstorgelow.de\/fr#\/schema\/person\/image\/\",\"url\":\"https:\/\/secure.gravatar.com\/avatar\/4bad9bf1bee90f77b98693d3ad03ade085c80c169595427c58c58e5b069f49e1?s=96&d=mm&r=g\",\"contentUrl\":\"https:\/\/secure.gravatar.com\/avatar\/4bad9bf1bee90f77b98693d3ad03ade085c80c169595427c58c58e5b069f49e1?s=96&d=mm&r=g\",\"caption\":\"Schloss Torgelow\"},\"sameAs\":[\"https:\/\/www.schlosstorgelow.de\"]}]}<\/script>\n<!-- \/ Yoast SEO plugin. -->","yoast_head_json":{"title":"Visite virtuelle de l'ambassadeur d'Allemagne en Afrique du Sud","description":"Andreas Peschke, ambassadeur d\u2019Allemagne en Afrique du Sud, Lesotho et Eswatini, \u00e9tait invit\u00e9 virtuel au Schloss Torgelow.","robots":{"index":"index","follow":"follow","max-snippet":"max-snippet:-1","max-image-preview":"max-image-preview:large","max-video-preview":"max-video-preview:-1"},"canonical":"https:\/\/www.schlosstorgelow.de\/fr\/visite-virtuelle-de-lambassadeur-dallemagne-en-afrique-du-sud","og_locale":"fr_FR","og_type":"article","og_title":"Visite virtuelle de l'ambassadeur d'Allemagne en Afrique du Sud","og_description":"Andreas Peschke, ambassadeur d\u2019Allemagne en Afrique du Sud, Lesotho et Eswatini, \u00e9tait invit\u00e9 virtuel au Schloss Torgelow.","og_url":"https:\/\/www.schlosstorgelow.de\/fr\/visite-virtuelle-de-lambassadeur-dallemagne-en-afrique-du-sud","og_site_name":"Schloss Torgelow","article_published_time":"2025-05-27T07:49:33+00:00","article_modified_time":"2026-01-29T07:47:46+00:00","author":"Schloss Torgelow","twitter_card":"summary_large_image","twitter_misc":{"\u00c9crit par":"Schloss Torgelow","Dur\u00e9e de lecture estim\u00e9e":"1 minute"},"schema":{"@context":"https:\/\/schema.org","@graph":[{"@type":"Article","@id":"https:\/\/www.schlosstorgelow.de\/fr\/visite-virtuelle-de-lambassadeur-dallemagne-en-afrique-du-sud#article","isPartOf":{"@id":"https:\/\/www.schlosstorgelow.de\/fr\/visite-virtuelle-de-lambassadeur-dallemagne-en-afrique-du-sud"},"author":{"name":"Schloss Torgelow","@id":"https:\/\/www.schlosstorgelow.de\/fr#\/schema\/person\/b76bbb367f3a20c7ced1339e4875691e"},"headline":"Visite virtuelle de l&rsquo;ambassadeur d&rsquo;Allemagne en Afrique du Sud","datePublished":"2025-05-27T07:49:33+00:00","dateModified":"2026-01-29T07:47:46+00:00","mainEntityOfPage":{"@id":"https:\/\/www.schlosstorgelow.de\/fr\/visite-virtuelle-de-lambassadeur-dallemagne-en-afrique-du-sud"},"wordCount":292,"image":{"@id":"https:\/\/www.schlosstorgelow.de\/fr\/visite-virtuelle-de-lambassadeur-dallemagne-en-afrique-du-sud#primaryimage"},"thumbnailUrl":"https:\/\/www.schlosstorgelow.de\/wp-content\/uploads\/2025\/08\/botschafter-SA_header_st.avif","articleSection":["Actualit\u00e9s Torgelow"],"inLanguage":"fr-FR"},{"@type":"WebPage","@id":"https:\/\/www.schlosstorgelow.de\/fr\/visite-virtuelle-de-lambassadeur-dallemagne-en-afrique-du-sud#webpage","url":"https:\/\/www.schlosstorgelow.de\/fr\/visite-virtuelle-de-lambassadeur-dallemagne-en-afrique-du-sud","name":"Visite virtuelle de l'ambassadeur d'Allemagne en Afrique du Sud","isPartOf":{"@id":"https:\/\/www.schlosstorgelow.de\/fr#website"},"primaryImageOfPage":{"@id":"https:\/\/www.schlosstorgelow.de\/fr\/visite-virtuelle-de-lambassadeur-dallemagne-en-afrique-du-sud#primaryimage"},"image":{"@id":"https:\/\/www.schlosstorgelow.de\/fr\/visite-virtuelle-de-lambassadeur-dallemagne-en-afrique-du-sud#primaryimage"},"thumbnailUrl":"https:\/\/www.schlosstorgelow.de\/wp-content\/uploads\/2025\/08\/botschafter-SA_header_st.avif","datePublished":"2025-05-27T07:49:33+00:00","dateModified":"2026-01-29T07:47:46+00:00","author":{"@id":"https:\/\/www.schlosstorgelow.de\/fr#\/schema\/person\/b76bbb367f3a20c7ced1339e4875691e"},"description":"Andreas Peschke, ambassadeur d\u2019Allemagne en Afrique du Sud, Lesotho et Eswatini, \u00e9tait invit\u00e9 virtuel au Schloss Torgelow.","breadcrumb":{"@id":"https:\/\/www.schlosstorgelow.de\/fr\/visite-virtuelle-de-lambassadeur-dallemagne-en-afrique-du-sud#breadcrumb"},"inLanguage":"fr-FR","potentialAction":[{"@type":"ReadAction","target":["https:\/\/www.schlosstorgelow.de\/fr\/visite-virtuelle-de-lambassadeur-dallemagne-en-afrique-du-sud"]}]},{"@type":"ImageObject","inLanguage":"fr-FR","@id":"https:\/\/www.schlosstorgelow.de\/fr\/visite-virtuelle-de-lambassadeur-dallemagne-en-afrique-du-sud#primaryimage","url":"https:\/\/www.schlosstorgelow.de\/wp-content\/uploads\/2025\/08\/botschafter-SA_header_st.avif","contentUrl":"https:\/\/www.schlosstorgelow.de\/wp-content\/uploads\/2025\/08\/botschafter-SA_header_st.avif","width":1920,"height":1080,"caption":"Visite virtuelle de l'ambassadeur d'Allemagne en Afrique du Sud"},{"@type":"BreadcrumbList","@id":"https:\/\/www.schlosstorgelow.de\/fr\/visite-virtuelle-de-lambassadeur-dallemagne-en-afrique-du-sud#breadcrumb","itemListElement":[{"@type":"ListItem","position":1,"name":"Startseite","item":"https:\/\/www.schlosstorgelow.de\/fr"},{"@type":"ListItem","position":2,"name":"Visite virtuelle de l&rsquo;ambassadeur d&rsquo;Allemagne en Afrique du Sud"}]},{"@type":"WebSite","@id":"https:\/\/www.schlosstorgelow.de\/fr#website","url":"https:\/\/www.schlosstorgelow.de\/fr","name":"Schloss Torgelow","description":"Le lyc\u00e9e priv\u00e9 Schloss Torgelow \u2013 l'internat pour les \u00e9l\u00e8ves en qu\u00eate de d\u00e9fis.","potentialAction":[{"@type":"SearchAction","target":{"@type":"EntryPoint","urlTemplate":"https:\/\/www.schlosstorgelow.de\/fr?s={search_term_string}"},"query-input":{"@type":"PropertyValueSpecification","valueRequired":true,"valueName":"search_term_string"}}],"inLanguage":"fr-FR"},{"@type":"Person","@id":"https:\/\/www.schlosstorgelow.de\/fr#\/schema\/person\/b76bbb367f3a20c7ced1339e4875691e","name":"Schloss Torgelow","image":{"@type":"ImageObject","inLanguage":"fr-FR","@id":"https:\/\/www.schlosstorgelow.de\/fr#\/schema\/person\/image\/","url":"https:\/\/secure.gravatar.com\/avatar\/4bad9bf1bee90f77b98693d3ad03ade085c80c169595427c58c58e5b069f49e1?s=96&d=mm&r=g","contentUrl":"https:\/\/secure.gravatar.com\/avatar\/4bad9bf1bee90f77b98693d3ad03ade085c80c169595427c58c58e5b069f49e1?s=96&d=mm&r=g","caption":"Schloss Torgelow"},"sameAs":["https:\/\/www.schlosstorgelow.de"]}]}},"block_visibility_meta":[],"_links":{"self":[{"href":"https:\/\/www.schlosstorgelow.de\/fr\/wp-json\/wp\/v2\/posts\/82391","targetHints":{"allow":["GET"]}}],"collection":[{"href":"https:\/\/www.schlosstorgelow.de\/fr\/wp-json\/wp\/v2\/posts"}],"about":[{"href":"https:\/\/www.schlosstorgelow.de\/fr\/wp-json\/wp\/v2\/types\/post"}],"author":[{"embeddable":true,"href":"https:\/\/www.schlosstorgelow.de\/fr\/wp-json\/wp\/v2\/users\/1"}],"replies":[{"embeddable":true,"href":"https:\/\/www.schlosstorgelow.de\/fr\/wp-json\/wp\/v2\/comments?post=82391"}],"version-history":[{"count":0,"href":"https:\/\/www.schlosstorgelow.de\/fr\/wp-json\/wp\/v2\/posts\/82391\/revisions"}],"wp:featuredmedia":[{"embeddable":true,"href":"https:\/\/www.schlosstorgelow.de\/fr\/wp-json\/wp\/v2\/media\/68108"}],"wp:attachment":[{"href":"https:\/\/www.schlosstorgelow.de\/fr\/wp-json\/wp\/v2\/media?parent=82391"}],"wp:term":[{"taxonomy":"category","embeddable":true,"href":"https:\/\/www.schlosstorgelow.de\/fr\/wp-json\/wp\/v2\/categories?post=82391"},{"taxonomy":"post_tag","embeddable":true,"href":"https:\/\/www.schlosstorgelow.de\/fr\/wp-json\/wp\/v2\/tags?post=82391"}],"curies":[{"name":"wp","href":"https:\/\/api.w.org\/{rel}","templated":true}]}}