{"id":82382,"date":"2025-06-23T07:35:46","date_gmt":"2025-06-23T07:35:46","guid":{"rendered":"https:\/\/www.schlosstorgelow.de\/quand-une-idee-devient-de-laide-dr-nadine-rohloff-de-retour-au-chateau-de-torgelow"},"modified":"2026-01-23T06:55:06","modified_gmt":"2026-01-23T06:55:06","slug":"quand-une-idee-devient-de-laide-dr-nadine-rohloff-de-retour-au-schloss-torgelow","status":"publish","type":"post","link":"https:\/\/www.schlosstorgelow.de\/fr\/quand-une-idee-devient-de-laide-dr-nadine-rohloff-de-retour-au-schloss-torgelow","title":{"rendered":"Quand une id\u00e9e devient de l&rsquo;aide \u2013 Dr. Nadine Rohloff de retour au Schloss Torgelow"},"content":{"rendered":"\n<p><i>Parfois, on le ressent imm\u00e9diatement : cette visite est quelque chose de tout \u00e0 fait sp\u00e9cial. Lorsque Dr. Nadine Rohloff, promotion 2009, est revenue donner une conf\u00e9rence devant les cours de biologie de la K1 au Schloss Torgelow, ce n&rsquo;\u00e9tait pas seulement un \u00e9lan professionnel, mais aussi une rencontre personnelle pleine de chaleur, de reconnaissance et de souvenirs. <\/i><\/p>\n\n<p><strong>Une soir\u00e9e pleine de souvenirs<\/strong><\/p>\n\n<p>D\u00e8s la veille de sa conf\u00e9rence, Nadine a pris le temps de parcourir la Maison Jaune, de visiter sa chambre d&rsquo;\u00e9poque et de discuter avec ses anciennes mentors. On a ri, on s&rsquo;est rem\u00e9mor\u00e9, on a racont\u00e9 des histoires. \u00ab C&rsquo;est un peu comme rentrer chez soi \u00bb, a-t-elle dit \u2013 soulignant \u00e0 quel point son exp\u00e9rience \u00e0 Torgelow l&rsquo;avait marqu\u00e9e. La joie des retrouvailles \u00e9tait grande des deux c\u00f4t\u00e9s.   <\/p>\n\n<p><strong>Un chemin avec de nombreuses \u00e9tapes et un but : aider.<\/strong><\/p>\n\n<p>Le lendemain, Nadine a parl\u00e9 de son parcours professionnel devant les cours de biologie. Apr\u00e8s le baccalaur\u00e9at, elle a \u00e9tudi\u00e9 la m\u00e9decine \u00e0 l&rsquo;universit\u00e9 de M\u00fcnster, a obtenu son doctorat et a travaill\u00e9 \u00e0 la clinique des femmes \u2013 lors des consultations, au bloc op\u00e9ratoire, \u00e0 l&rsquo;h\u00f4pital et dans la recherche. Pendant cette p\u00e9riode, elle a d\u00e9velopp\u00e9 un int\u00e9r\u00eat particulier pour le travail avec les patientes atteintes d&rsquo;endom\u00e9triose.  <\/p>\n\n<p>De cette exp\u00e9rience est n\u00e9e une id\u00e9e : d\u00e9velopper une application qui aide les personnes concern\u00e9es au quotidien. Aujourd&rsquo;hui, cette id\u00e9e est devenue r\u00e9alit\u00e9. <a href=\"https:\/\/endometriose.app\/\">L&rsquo;Endo-App<\/a> est une application de sant\u00e9 num\u00e9rique sur ordonnance, bas\u00e9e sur une approche th\u00e9rapeutique multimodale et personnalisable. Elle soutient les personnes concern\u00e9es gr\u00e2ce \u00e0 des informations, des s\u00e9ances d&rsquo;exercice et des impulsions quotidiennes.   <\/p>\n\n<p>La pr\u00e9sentation ne portait pas seulement sur les connaissances m\u00e9dicales, mais aussi sur l&rsquo;aspect personnel de la maladie : l&rsquo;incertitude, les longs parcours de diagnostic, la vie quotidienne avec des douleurs chroniques &#8211; et comment les offres num\u00e9riques peuvent aider \u00e0 rendre la gestion de la maladie plus autonome.<\/p>\n\n<p><strong>De la banc de l&rsquo;\u00e9cole \u00e0 entrepreneuse<\/strong><\/p>\n\n<p>Avec son partenaire, Nadine a fond\u00e9 la soci\u00e9t\u00e9 Endo Health GmbH. Aujourd&rsquo;hui, elle dirige une \u00e9quipe de plus de 25 employ\u00e9s, travaille au d\u00e9veloppement de l&rsquo;application et pense d\u00e9j\u00e0 \u00e0 de nouvelles solutions num\u00e9riques pour d&rsquo;autres groupes de patients. <\/p>\n\n<p>Devant les \u00e9l\u00e8ves, elle a parl\u00e9 ouvertement du chemin vers l&rsquo;ind\u00e9pendance, des d\u00e9fis et des revers, des d\u00e9cisions, du courage et de l&rsquo;interaction entre la m\u00e9decine et l&rsquo;entrepreneuriat. Le moment particuli\u00e8rement \u00e9mouvant fut celui o\u00f9 elle se tenait devant ses anciens enseignants et enseignantes \u2013 et parlait, en tant qu&rsquo;experte, d&rsquo;un sujet de sant\u00e9 important. \u00ab Le pouls monte un peu \u00bb, a-t-elle avou\u00e9 sinc\u00e8rement \u2013 et a convaincu par son calme, sa clart\u00e9 et son grand engagement.  <\/p>\n\n<p><strong>La connaissance rencontre l&rsquo;attitude<\/strong><\/p>\n\n<p>La visite de Dr. Nadine Rohloff a \u00e9t\u00e9 un \u00e9v\u00e9nement sp\u00e9cial. Non seulement en raison de la profondeur et de l&rsquo;actualit\u00e9 de son sujet, mais aussi en raison de sa personnalit\u00e9. <\/p>\n\n<p>Nadine est une femme intelligente, chaleureuse et engag\u00e9e, qui explore de nouvelles voies en m\u00e9decine. Elle allie expertise et empathie, esprit d&rsquo;entreprise et responsabilit\u00e9. Sa pr\u00e9sentation \u00e9tait impressionnante, accessible et inspirante.  <\/p>\n\n<p>Nous remercions chaleureusement Nadine pour sa visite, sa franchise, son temps et son engagement en faveur d&rsquo;une meilleure prise en charge m\u00e9dicale des personnes touch\u00e9es par l&rsquo;endom\u00e9triose.<\/p>\n","protected":false},"excerpt":{"rendered":"<p>Quand une id\u00e9e devient de l&rsquo;aide &#8211; L&rsquo;ancienne \u00e9l\u00e8ve Dr. Nadine Rohloff donne une conf\u00e9rence passionnante devant les cours de biologie de la K1.<\/p>\n","protected":false},"author":1,"featured_media":68016,"comment_status":"closed","ping_status":"closed","sticky":false,"template":"","format":"standard","meta":{"_acf_changed":false,"_yoast_wpseo_title":"Dr. Nadine Rohloff de retour au Schloss Torgelow","_yoast_wpseo_metadesc":"Quand une id\u00e9e devient de l'aide - Ancienne \u00e9l\u00e8ve, Dr. Nadine Rohloff, donne une conf\u00e9rence passionnante devant les cours de biologie de la K1.","excerpt":"Quand une id\u00e9e devient de l'aide - Ancienne \u00e9l\u00e8ve, Dr. Nadine Rohloff, donne une conf\u00e9rence passionnante devant les cours de biologie de la K1.","footnotes":""},"categories":[33],"tags":[],"class_list":{"0":"post-82382","1":"post","2":"type-post","3":"status-publish","4":"format-standard","5":"has-post-thumbnail","7":"category-actualites-torgelow"},"acf":[],"yoast_head":"<!-- This site is optimized with the Yoast SEO plugin v26.9 - https:\/\/yoast.com\/product\/yoast-seo-wordpress\/ -->\n<title>Dr. Nadine Rohloff de retour au Schloss Torgelow<\/title>\n<meta name=\"description\" content=\"Quand une id\u00e9e devient de l&#039;aide - Ancienne \u00e9l\u00e8ve, Dr. Nadine Rohloff, donne une conf\u00e9rence passionnante devant les cours de biologie de la K1.\" \/>\n<meta name=\"robots\" content=\"index, follow, max-snippet:-1, max-image-preview:large, max-video-preview:-1\" \/>\n<link rel=\"canonical\" href=\"https:\/\/www.schlosstorgelow.de\/fr\/quand-une-idee-devient-de-laide-dr-nadine-rohloff-de-retour-au-schloss-torgelow\" \/>\n<meta property=\"og:locale\" content=\"fr_FR\" \/>\n<meta property=\"og:type\" content=\"article\" \/>\n<meta property=\"og:title\" content=\"Dr. Nadine Rohloff de retour au Schloss Torgelow\" \/>\n<meta property=\"og:description\" content=\"Quand une id\u00e9e devient de l&#039;aide - Ancienne \u00e9l\u00e8ve, Dr. Nadine Rohloff, donne une conf\u00e9rence passionnante devant les cours de biologie de la K1.\" \/>\n<meta property=\"og:url\" content=\"https:\/\/www.schlosstorgelow.de\/fr\/quand-une-idee-devient-de-laide-dr-nadine-rohloff-de-retour-au-schloss-torgelow\" \/>\n<meta property=\"og:site_name\" content=\"Schloss Torgelow\" \/>\n<meta property=\"article:published_time\" content=\"2025-06-23T07:35:46+00:00\" \/>\n<meta property=\"article:modified_time\" content=\"2026-01-23T06:55:06+00:00\" \/>\n<meta name=\"author\" content=\"Schloss Torgelow\" \/>\n<meta name=\"twitter:card\" content=\"summary_large_image\" \/>\n<meta name=\"twitter:label1\" content=\"\u00c9crit par\" \/>\n\t<meta name=\"twitter:data1\" content=\"Schloss Torgelow\" \/>\n\t<meta name=\"twitter:label2\" content=\"Dur\u00e9e de lecture estim\u00e9e\" \/>\n\t<meta name=\"twitter:data2\" content=\"3 minutes\" \/>\n<script type=\"application\/ld+json\" class=\"yoast-schema-graph\">{\"@context\":\"https:\/\/schema.org\",\"@graph\":[{\"@type\":\"Article\",\"@id\":\"https:\/\/www.schlosstorgelow.de\/fr\/quand-une-idee-devient-de-laide-dr-nadine-rohloff-de-retour-au-schloss-torgelow#article\",\"isPartOf\":{\"@id\":\"https:\/\/www.schlosstorgelow.de\/fr\/quand-une-idee-devient-de-laide-dr-nadine-rohloff-de-retour-au-schloss-torgelow\"},\"author\":{\"name\":\"Schloss Torgelow\",\"@id\":\"https:\/\/www.schlosstorgelow.de\/fr#\/schema\/person\/b76bbb367f3a20c7ced1339e4875691e\"},\"headline\":\"Quand une id\u00e9e devient de l&rsquo;aide \u2013 Dr. Nadine Rohloff de retour au Schloss Torgelow\",\"datePublished\":\"2025-06-23T07:35:46+00:00\",\"dateModified\":\"2026-01-23T06:55:06+00:00\",\"mainEntityOfPage\":{\"@id\":\"https:\/\/www.schlosstorgelow.de\/fr\/quand-une-idee-devient-de-laide-dr-nadine-rohloff-de-retour-au-schloss-torgelow\"},\"wordCount\":612,\"image\":{\"@id\":\"https:\/\/www.schlosstorgelow.de\/fr\/quand-une-idee-devient-de-laide-dr-nadine-rohloff-de-retour-au-schloss-torgelow#primaryimage\"},\"thumbnailUrl\":\"https:\/\/www.schlosstorgelow.de\/wp-content\/uploads\/2025\/08\/endometriose-vortrag_header_st.avif\",\"articleSection\":[\"Actualit\u00e9s Torgelow\"],\"inLanguage\":\"fr-FR\"},{\"@type\":\"WebPage\",\"@id\":\"https:\/\/www.schlosstorgelow.de\/fr\/quand-une-idee-devient-de-laide-dr-nadine-rohloff-de-retour-au-schloss-torgelow#webpage\",\"url\":\"https:\/\/www.schlosstorgelow.de\/fr\/quand-une-idee-devient-de-laide-dr-nadine-rohloff-de-retour-au-schloss-torgelow\",\"name\":\"Dr. Nadine Rohloff de retour au Schloss Torgelow\",\"isPartOf\":{\"@id\":\"https:\/\/www.schlosstorgelow.de\/fr#website\"},\"primaryImageOfPage\":{\"@id\":\"https:\/\/www.schlosstorgelow.de\/fr\/quand-une-idee-devient-de-laide-dr-nadine-rohloff-de-retour-au-schloss-torgelow#primaryimage\"},\"image\":{\"@id\":\"https:\/\/www.schlosstorgelow.de\/fr\/quand-une-idee-devient-de-laide-dr-nadine-rohloff-de-retour-au-schloss-torgelow#primaryimage\"},\"thumbnailUrl\":\"https:\/\/www.schlosstorgelow.de\/wp-content\/uploads\/2025\/08\/endometriose-vortrag_header_st.avif\",\"datePublished\":\"2025-06-23T07:35:46+00:00\",\"dateModified\":\"2026-01-23T06:55:06+00:00\",\"author\":{\"@id\":\"https:\/\/www.schlosstorgelow.de\/fr#\/schema\/person\/b76bbb367f3a20c7ced1339e4875691e\"},\"description\":\"Quand une id\u00e9e devient de l'aide - Ancienne \u00e9l\u00e8ve, Dr. Nadine Rohloff, donne une conf\u00e9rence passionnante devant les cours de biologie de la K1.\",\"breadcrumb\":{\"@id\":\"https:\/\/www.schlosstorgelow.de\/fr\/quand-une-idee-devient-de-laide-dr-nadine-rohloff-de-retour-au-schloss-torgelow#breadcrumb\"},\"inLanguage\":\"fr-FR\",\"potentialAction\":[{\"@type\":\"ReadAction\",\"target\":[\"https:\/\/www.schlosstorgelow.de\/fr\/quand-une-idee-devient-de-laide-dr-nadine-rohloff-de-retour-au-schloss-torgelow\"]}]},{\"@type\":\"ImageObject\",\"inLanguage\":\"fr-FR\",\"@id\":\"https:\/\/www.schlosstorgelow.de\/fr\/quand-une-idee-devient-de-laide-dr-nadine-rohloff-de-retour-au-schloss-torgelow#primaryimage\",\"url\":\"https:\/\/www.schlosstorgelow.de\/wp-content\/uploads\/2025\/08\/endometriose-vortrag_header_st.avif\",\"contentUrl\":\"https:\/\/www.schlosstorgelow.de\/wp-content\/uploads\/2025\/08\/endometriose-vortrag_header_st.avif\",\"width\":1920,\"height\":1080,\"caption\":\"Quand une id\u00e9e devient de l'aide \u2013 Dr. Nadine Rohloff de retour au Schloss Torgelow\"},{\"@type\":\"BreadcrumbList\",\"@id\":\"https:\/\/www.schlosstorgelow.de\/fr\/quand-une-idee-devient-de-laide-dr-nadine-rohloff-de-retour-au-schloss-torgelow#breadcrumb\",\"itemListElement\":[{\"@type\":\"ListItem\",\"position\":1,\"name\":\"Startseite\",\"item\":\"https:\/\/www.schlosstorgelow.de\/fr\"},{\"@type\":\"ListItem\",\"position\":2,\"name\":\"Quand une id\u00e9e devient de l&rsquo;aide \u2013 Dr. Nadine Rohloff de retour au Schloss Torgelow\"}]},{\"@type\":\"WebSite\",\"@id\":\"https:\/\/www.schlosstorgelow.de\/fr#website\",\"url\":\"https:\/\/www.schlosstorgelow.de\/fr\",\"name\":\"Schloss Torgelow\",\"description\":\"Le lyc\u00e9e priv\u00e9 Schloss Torgelow \u2013 l'internat pour les \u00e9l\u00e8ves en qu\u00eate de d\u00e9fis.\",\"potentialAction\":[{\"@type\":\"SearchAction\",\"target\":{\"@type\":\"EntryPoint\",\"urlTemplate\":\"https:\/\/www.schlosstorgelow.de\/fr?s={search_term_string}\"},\"query-input\":{\"@type\":\"PropertyValueSpecification\",\"valueRequired\":true,\"valueName\":\"search_term_string\"}}],\"inLanguage\":\"fr-FR\"},{\"@type\":\"Person\",\"@id\":\"https:\/\/www.schlosstorgelow.de\/fr#\/schema\/person\/b76bbb367f3a20c7ced1339e4875691e\",\"name\":\"Schloss Torgelow\",\"image\":{\"@type\":\"ImageObject\",\"inLanguage\":\"fr-FR\",\"@id\":\"https:\/\/www.schlosstorgelow.de\/fr#\/schema\/person\/image\/\",\"url\":\"https:\/\/secure.gravatar.com\/avatar\/4bad9bf1bee90f77b98693d3ad03ade085c80c169595427c58c58e5b069f49e1?s=96&d=mm&r=g\",\"contentUrl\":\"https:\/\/secure.gravatar.com\/avatar\/4bad9bf1bee90f77b98693d3ad03ade085c80c169595427c58c58e5b069f49e1?s=96&d=mm&r=g\",\"caption\":\"Schloss Torgelow\"},\"sameAs\":[\"https:\/\/www.schlosstorgelow.de\"]}]}<\/script>\n<!-- \/ Yoast SEO plugin. -->","yoast_head_json":{"title":"Dr. Nadine Rohloff de retour au Schloss Torgelow","description":"Quand une id\u00e9e devient de l'aide - Ancienne \u00e9l\u00e8ve, Dr. Nadine Rohloff, donne une conf\u00e9rence passionnante devant les cours de biologie de la K1.","robots":{"index":"index","follow":"follow","max-snippet":"max-snippet:-1","max-image-preview":"max-image-preview:large","max-video-preview":"max-video-preview:-1"},"canonical":"https:\/\/www.schlosstorgelow.de\/fr\/quand-une-idee-devient-de-laide-dr-nadine-rohloff-de-retour-au-schloss-torgelow","og_locale":"fr_FR","og_type":"article","og_title":"Dr. Nadine Rohloff de retour au Schloss Torgelow","og_description":"Quand une id\u00e9e devient de l'aide - Ancienne \u00e9l\u00e8ve, Dr. Nadine Rohloff, donne une conf\u00e9rence passionnante devant les cours de biologie de la K1.","og_url":"https:\/\/www.schlosstorgelow.de\/fr\/quand-une-idee-devient-de-laide-dr-nadine-rohloff-de-retour-au-schloss-torgelow","og_site_name":"Schloss Torgelow","article_published_time":"2025-06-23T07:35:46+00:00","article_modified_time":"2026-01-23T06:55:06+00:00","author":"Schloss Torgelow","twitter_card":"summary_large_image","twitter_misc":{"\u00c9crit par":"Schloss Torgelow","Dur\u00e9e de lecture estim\u00e9e":"3 minutes"},"schema":{"@context":"https:\/\/schema.org","@graph":[{"@type":"Article","@id":"https:\/\/www.schlosstorgelow.de\/fr\/quand-une-idee-devient-de-laide-dr-nadine-rohloff-de-retour-au-schloss-torgelow#article","isPartOf":{"@id":"https:\/\/www.schlosstorgelow.de\/fr\/quand-une-idee-devient-de-laide-dr-nadine-rohloff-de-retour-au-schloss-torgelow"},"author":{"name":"Schloss Torgelow","@id":"https:\/\/www.schlosstorgelow.de\/fr#\/schema\/person\/b76bbb367f3a20c7ced1339e4875691e"},"headline":"Quand une id\u00e9e devient de l&rsquo;aide \u2013 Dr. Nadine Rohloff de retour au Schloss Torgelow","datePublished":"2025-06-23T07:35:46+00:00","dateModified":"2026-01-23T06:55:06+00:00","mainEntityOfPage":{"@id":"https:\/\/www.schlosstorgelow.de\/fr\/quand-une-idee-devient-de-laide-dr-nadine-rohloff-de-retour-au-schloss-torgelow"},"wordCount":612,"image":{"@id":"https:\/\/www.schlosstorgelow.de\/fr\/quand-une-idee-devient-de-laide-dr-nadine-rohloff-de-retour-au-schloss-torgelow#primaryimage"},"thumbnailUrl":"https:\/\/www.schlosstorgelow.de\/wp-content\/uploads\/2025\/08\/endometriose-vortrag_header_st.avif","articleSection":["Actualit\u00e9s Torgelow"],"inLanguage":"fr-FR"},{"@type":"WebPage","@id":"https:\/\/www.schlosstorgelow.de\/fr\/quand-une-idee-devient-de-laide-dr-nadine-rohloff-de-retour-au-schloss-torgelow#webpage","url":"https:\/\/www.schlosstorgelow.de\/fr\/quand-une-idee-devient-de-laide-dr-nadine-rohloff-de-retour-au-schloss-torgelow","name":"Dr. Nadine Rohloff de retour au Schloss Torgelow","isPartOf":{"@id":"https:\/\/www.schlosstorgelow.de\/fr#website"},"primaryImageOfPage":{"@id":"https:\/\/www.schlosstorgelow.de\/fr\/quand-une-idee-devient-de-laide-dr-nadine-rohloff-de-retour-au-schloss-torgelow#primaryimage"},"image":{"@id":"https:\/\/www.schlosstorgelow.de\/fr\/quand-une-idee-devient-de-laide-dr-nadine-rohloff-de-retour-au-schloss-torgelow#primaryimage"},"thumbnailUrl":"https:\/\/www.schlosstorgelow.de\/wp-content\/uploads\/2025\/08\/endometriose-vortrag_header_st.avif","datePublished":"2025-06-23T07:35:46+00:00","dateModified":"2026-01-23T06:55:06+00:00","author":{"@id":"https:\/\/www.schlosstorgelow.de\/fr#\/schema\/person\/b76bbb367f3a20c7ced1339e4875691e"},"description":"Quand une id\u00e9e devient de l'aide - Ancienne \u00e9l\u00e8ve, Dr. Nadine Rohloff, donne une conf\u00e9rence passionnante devant les cours de biologie de la K1.","breadcrumb":{"@id":"https:\/\/www.schlosstorgelow.de\/fr\/quand-une-idee-devient-de-laide-dr-nadine-rohloff-de-retour-au-schloss-torgelow#breadcrumb"},"inLanguage":"fr-FR","potentialAction":[{"@type":"ReadAction","target":["https:\/\/www.schlosstorgelow.de\/fr\/quand-une-idee-devient-de-laide-dr-nadine-rohloff-de-retour-au-schloss-torgelow"]}]},{"@type":"ImageObject","inLanguage":"fr-FR","@id":"https:\/\/www.schlosstorgelow.de\/fr\/quand-une-idee-devient-de-laide-dr-nadine-rohloff-de-retour-au-schloss-torgelow#primaryimage","url":"https:\/\/www.schlosstorgelow.de\/wp-content\/uploads\/2025\/08\/endometriose-vortrag_header_st.avif","contentUrl":"https:\/\/www.schlosstorgelow.de\/wp-content\/uploads\/2025\/08\/endometriose-vortrag_header_st.avif","width":1920,"height":1080,"caption":"Quand une id\u00e9e devient de l'aide \u2013 Dr. Nadine Rohloff de retour au Schloss Torgelow"},{"@type":"BreadcrumbList","@id":"https:\/\/www.schlosstorgelow.de\/fr\/quand-une-idee-devient-de-laide-dr-nadine-rohloff-de-retour-au-schloss-torgelow#breadcrumb","itemListElement":[{"@type":"ListItem","position":1,"name":"Startseite","item":"https:\/\/www.schlosstorgelow.de\/fr"},{"@type":"ListItem","position":2,"name":"Quand une id\u00e9e devient de l&rsquo;aide \u2013 Dr. Nadine Rohloff de retour au Schloss Torgelow"}]},{"@type":"WebSite","@id":"https:\/\/www.schlosstorgelow.de\/fr#website","url":"https:\/\/www.schlosstorgelow.de\/fr","name":"Schloss Torgelow","description":"Le lyc\u00e9e priv\u00e9 Schloss Torgelow \u2013 l'internat pour les \u00e9l\u00e8ves en qu\u00eate de d\u00e9fis.","potentialAction":[{"@type":"SearchAction","target":{"@type":"EntryPoint","urlTemplate":"https:\/\/www.schlosstorgelow.de\/fr?s={search_term_string}"},"query-input":{"@type":"PropertyValueSpecification","valueRequired":true,"valueName":"search_term_string"}}],"inLanguage":"fr-FR"},{"@type":"Person","@id":"https:\/\/www.schlosstorgelow.de\/fr#\/schema\/person\/b76bbb367f3a20c7ced1339e4875691e","name":"Schloss Torgelow","image":{"@type":"ImageObject","inLanguage":"fr-FR","@id":"https:\/\/www.schlosstorgelow.de\/fr#\/schema\/person\/image\/","url":"https:\/\/secure.gravatar.com\/avatar\/4bad9bf1bee90f77b98693d3ad03ade085c80c169595427c58c58e5b069f49e1?s=96&d=mm&r=g","contentUrl":"https:\/\/secure.gravatar.com\/avatar\/4bad9bf1bee90f77b98693d3ad03ade085c80c169595427c58c58e5b069f49e1?s=96&d=mm&r=g","caption":"Schloss Torgelow"},"sameAs":["https:\/\/www.schlosstorgelow.de"]}]}},"block_visibility_meta":[],"_links":{"self":[{"href":"https:\/\/www.schlosstorgelow.de\/fr\/wp-json\/wp\/v2\/posts\/82382","targetHints":{"allow":["GET"]}}],"collection":[{"href":"https:\/\/www.schlosstorgelow.de\/fr\/wp-json\/wp\/v2\/posts"}],"about":[{"href":"https:\/\/www.schlosstorgelow.de\/fr\/wp-json\/wp\/v2\/types\/post"}],"author":[{"embeddable":true,"href":"https:\/\/www.schlosstorgelow.de\/fr\/wp-json\/wp\/v2\/users\/1"}],"replies":[{"embeddable":true,"href":"https:\/\/www.schlosstorgelow.de\/fr\/wp-json\/wp\/v2\/comments?post=82382"}],"version-history":[{"count":0,"href":"https:\/\/www.schlosstorgelow.de\/fr\/wp-json\/wp\/v2\/posts\/82382\/revisions"}],"wp:featuredmedia":[{"embeddable":true,"href":"https:\/\/www.schlosstorgelow.de\/fr\/wp-json\/wp\/v2\/media\/68016"}],"wp:attachment":[{"href":"https:\/\/www.schlosstorgelow.de\/fr\/wp-json\/wp\/v2\/media?parent=82382"}],"wp:term":[{"taxonomy":"category","embeddable":true,"href":"https:\/\/www.schlosstorgelow.de\/fr\/wp-json\/wp\/v2\/categories?post=82382"},{"taxonomy":"post_tag","embeddable":true,"href":"https:\/\/www.schlosstorgelow.de\/fr\/wp-json\/wp\/v2\/tags?post=82382"}],"curies":[{"name":"wp","href":"https:\/\/api.w.org\/{rel}","templated":true}]}}