{"id":82370,"date":"2025-06-26T11:11:43","date_gmt":"2025-06-26T11:11:43","guid":{"rendered":"https:\/\/www.schlosstorgelow.de\/premiere-place-a-lolympiade-regionale-dinformatique"},"modified":"2026-01-29T08:43:51","modified_gmt":"2026-01-29T07:43:51","slug":"premiere-place-a-lolympiade-regionale-dinformatique","status":"publish","type":"post","link":"https:\/\/www.schlosstorgelow.de\/fr\/premiere-place-a-lolympiade-regionale-dinformatique","title":{"rendered":"Premi\u00e8re place \u00e0 l&rsquo;Olympiade r\u00e9gionale d&rsquo;informatique"},"content":{"rendered":"\n<p><i>F\u00e9licitations, Constantin ! Notre \u00e9l\u00e8ve de dixi\u00e8me, Constantin Zimmermann, a obtenu la premi\u00e8re place \u00e0 l&rsquo;Olympiade r\u00e9gionale d&rsquo;informatique de Mecklembourg-Pomeranie-Occidentale cette ann\u00e9e. Un succ\u00e8s formidable dont nous sommes tr\u00e8s fiers en tant qu&rsquo;\u00e9cole.  <\/i><\/p>\n\n<p>En collaboration avec sa partenaire de projet Hanna d&rsquo;une autre \u00e9cole, Constantin a particip\u00e9 \u00e0 trois camps informatiques cons\u00e9cutifs. Dans chaque camp, de nouveaux d\u00e9fis li\u00e9s \u00e0 la programmation et \u00e0 la r\u00e9solution cr\u00e9ative de probl\u00e8mes \u00e9taient au programme. Lors du troisi\u00e8me camp, ils ont finalement pr\u00e9sent\u00e9 leur projet de fin d&rsquo;\u00e9tudes commun et ont convaincu le jury.  <\/p>\n\n<p>La t\u00e2che : Programmer un robot de mani\u00e8re \u00e0 ce qu&rsquo;il puisse s&rsquo;orienter dans un terrain inconnu, d\u00e9tecter et \u00e9viter des obstacles. L&rsquo;histoire de fond \u00e9tait aussi passionnante que techniquement exigeante. Une \u00e9quipe de recherche envoie un robot en mission d&rsquo;exploration. Celui-ci doit naviguer en toute s\u00e9curit\u00e9, sans tomber dans un trou ni heurter une colonne.   <\/p>\n\n<p>Constantin et Hanna ont non seulement d\u00e9velopp\u00e9 une solution fonctionnelle, mais ont \u00e9galement fait preuve d&rsquo;esprit d&rsquo;\u00e9quipe, de pers\u00e9v\u00e9rance et d&rsquo;une grande comp\u00e9tence technique. Leur programmation s&rsquo;est d\u00e9marqu\u00e9e parmi de nombreuses autres contributions. \u00c0 la fin, ils ont remport\u00e9 la premi\u00e8re place.  <\/p>\n\n<p>Nous f\u00e9licitons chaleureusement Constantin pour ce succ\u00e8s et sommes ravis de son engagement dans le domaine de l&rsquo;informatique. Ceux qui le connaissent savent : il ne s&rsquo;agit pas seulement de talent, mais aussi d&rsquo;une v\u00e9ritable passion pour le bricolage, la programmation et le d\u00e9veloppement collaboratif. <\/p>\n","protected":false},"excerpt":{"rendered":"<p>Notre \u00e9l\u00e8ve de dixi\u00e8me, Constantin Zimmermann, a obtenu la premi\u00e8re place \u00e0 l\u2019olympiade r\u00e9gionale d\u2019informatique de Mecklembourg-Pom\u00e9ranie-Occidentale cette ann\u00e9e.<\/p>\n","protected":false},"author":1,"featured_media":44423,"comment_status":"closed","ping_status":"closed","sticky":false,"template":"","format":"standard","meta":{"_acf_changed":false,"_yoast_wpseo_title":"Premi\u00e8re place \u00e0 l'Olympiade r\u00e9gionale d'informatique","_yoast_wpseo_metadesc":"Notre \u00e9l\u00e8ve Constantin Zimmermann (10e) a remport\u00e9 la premi\u00e8re place \u00e0 l\u2019Olympiade r\u00e9gionale d\u2019informatique de Mecklembourg-Pom\u00e9ranie-Occidentale.","excerpt":"Notre \u00e9l\u00e8ve de dixi\u00e8me, Constantin Zimmermann, a obtenu la premi\u00e8re place \u00e0 l\u2019olympiade r\u00e9gionale d\u2019informatique de Mecklembourg-Pom\u00e9ranie-Occidentale cette ann\u00e9e.","footnotes":""},"categories":[33],"tags":[],"class_list":{"0":"post-82370","1":"post","2":"type-post","3":"status-publish","4":"format-standard","5":"has-post-thumbnail","7":"category-actualites-torgelow"},"acf":[],"yoast_head":"<!-- This site is optimized with the Yoast SEO plugin v26.9 - https:\/\/yoast.com\/product\/yoast-seo-wordpress\/ -->\n<title>Premi\u00e8re place \u00e0 l&#039;Olympiade r\u00e9gionale d&#039;informatique<\/title>\n<meta name=\"description\" content=\"Notre \u00e9l\u00e8ve Constantin Zimmermann (10e) a remport\u00e9 la premi\u00e8re place \u00e0 l\u2019Olympiade r\u00e9gionale d\u2019informatique de Mecklembourg-Pom\u00e9ranie-Occidentale.\" \/>\n<meta name=\"robots\" content=\"index, follow, max-snippet:-1, max-image-preview:large, max-video-preview:-1\" \/>\n<link rel=\"canonical\" href=\"https:\/\/www.schlosstorgelow.de\/fr\/premiere-place-a-lolympiade-regionale-dinformatique\" \/>\n<meta property=\"og:locale\" content=\"fr_FR\" \/>\n<meta property=\"og:type\" content=\"article\" \/>\n<meta property=\"og:title\" content=\"Premi\u00e8re place \u00e0 l&#039;Olympiade r\u00e9gionale d&#039;informatique\" \/>\n<meta property=\"og:description\" content=\"Notre \u00e9l\u00e8ve Constantin Zimmermann (10e) a remport\u00e9 la premi\u00e8re place \u00e0 l\u2019Olympiade r\u00e9gionale d\u2019informatique de Mecklembourg-Pom\u00e9ranie-Occidentale.\" \/>\n<meta property=\"og:url\" content=\"https:\/\/www.schlosstorgelow.de\/fr\/premiere-place-a-lolympiade-regionale-dinformatique\" \/>\n<meta property=\"og:site_name\" content=\"Schloss Torgelow\" \/>\n<meta property=\"article:published_time\" content=\"2025-06-26T11:11:43+00:00\" \/>\n<meta property=\"article:modified_time\" content=\"2026-01-29T07:43:51+00:00\" \/>\n<meta name=\"author\" content=\"Schloss Torgelow\" \/>\n<meta name=\"twitter:card\" content=\"summary_large_image\" \/>\n<meta name=\"twitter:label1\" content=\"\u00c9crit par\" \/>\n\t<meta name=\"twitter:data1\" content=\"Schloss Torgelow\" \/>\n\t<meta name=\"twitter:label2\" content=\"Dur\u00e9e de lecture estim\u00e9e\" \/>\n\t<meta name=\"twitter:data2\" content=\"1 minute\" \/>\n<script type=\"application\/ld+json\" class=\"yoast-schema-graph\">{\"@context\":\"https:\/\/schema.org\",\"@graph\":[{\"@type\":\"Article\",\"@id\":\"https:\/\/www.schlosstorgelow.de\/fr\/premiere-place-a-lolympiade-regionale-dinformatique#article\",\"isPartOf\":{\"@id\":\"https:\/\/www.schlosstorgelow.de\/fr\/premiere-place-a-lolympiade-regionale-dinformatique\"},\"author\":{\"name\":\"Schloss Torgelow\",\"@id\":\"https:\/\/www.schlosstorgelow.de\/fr#\/schema\/person\/b76bbb367f3a20c7ced1339e4875691e\"},\"headline\":\"Premi\u00e8re place \u00e0 l&rsquo;Olympiade r\u00e9gionale d&rsquo;informatique\",\"datePublished\":\"2025-06-26T11:11:43+00:00\",\"dateModified\":\"2026-01-29T07:43:51+00:00\",\"mainEntityOfPage\":{\"@id\":\"https:\/\/www.schlosstorgelow.de\/fr\/premiere-place-a-lolympiade-regionale-dinformatique\"},\"wordCount\":281,\"image\":{\"@id\":\"https:\/\/www.schlosstorgelow.de\/fr\/premiere-place-a-lolympiade-regionale-dinformatique#primaryimage\"},\"thumbnailUrl\":\"https:\/\/www.schlosstorgelow.de\/wp-content\/uploads\/2025\/07\/landesolympiade-informatik_header_st.avif\",\"articleSection\":[\"Actualit\u00e9s Torgelow\"],\"inLanguage\":\"fr-FR\"},{\"@type\":\"WebPage\",\"@id\":\"https:\/\/www.schlosstorgelow.de\/fr\/premiere-place-a-lolympiade-regionale-dinformatique#webpage\",\"url\":\"https:\/\/www.schlosstorgelow.de\/fr\/premiere-place-a-lolympiade-regionale-dinformatique\",\"name\":\"Premi\u00e8re place \u00e0 l'Olympiade r\u00e9gionale d'informatique\",\"isPartOf\":{\"@id\":\"https:\/\/www.schlosstorgelow.de\/fr#website\"},\"primaryImageOfPage\":{\"@id\":\"https:\/\/www.schlosstorgelow.de\/fr\/premiere-place-a-lolympiade-regionale-dinformatique#primaryimage\"},\"image\":{\"@id\":\"https:\/\/www.schlosstorgelow.de\/fr\/premiere-place-a-lolympiade-regionale-dinformatique#primaryimage\"},\"thumbnailUrl\":\"https:\/\/www.schlosstorgelow.de\/wp-content\/uploads\/2025\/07\/landesolympiade-informatik_header_st.avif\",\"datePublished\":\"2025-06-26T11:11:43+00:00\",\"dateModified\":\"2026-01-29T07:43:51+00:00\",\"author\":{\"@id\":\"https:\/\/www.schlosstorgelow.de\/fr#\/schema\/person\/b76bbb367f3a20c7ced1339e4875691e\"},\"description\":\"Notre \u00e9l\u00e8ve Constantin Zimmermann (10e) a remport\u00e9 la premi\u00e8re place \u00e0 l\u2019Olympiade r\u00e9gionale d\u2019informatique de Mecklembourg-Pom\u00e9ranie-Occidentale.\",\"breadcrumb\":{\"@id\":\"https:\/\/www.schlosstorgelow.de\/fr\/premiere-place-a-lolympiade-regionale-dinformatique#breadcrumb\"},\"inLanguage\":\"fr-FR\",\"potentialAction\":[{\"@type\":\"ReadAction\",\"target\":[\"https:\/\/www.schlosstorgelow.de\/fr\/premiere-place-a-lolympiade-regionale-dinformatique\"]}]},{\"@type\":\"ImageObject\",\"inLanguage\":\"fr-FR\",\"@id\":\"https:\/\/www.schlosstorgelow.de\/fr\/premiere-place-a-lolympiade-regionale-dinformatique#primaryimage\",\"url\":\"https:\/\/www.schlosstorgelow.de\/wp-content\/uploads\/2025\/07\/landesolympiade-informatik_header_st.avif\",\"contentUrl\":\"https:\/\/www.schlosstorgelow.de\/wp-content\/uploads\/2025\/07\/landesolympiade-informatik_header_st.avif\",\"width\":1920,\"height\":1080,\"caption\":\"Premi\u00e8re place \u00e0 l'Olympiade r\u00e9gionale d'informatique\"},{\"@type\":\"BreadcrumbList\",\"@id\":\"https:\/\/www.schlosstorgelow.de\/fr\/premiere-place-a-lolympiade-regionale-dinformatique#breadcrumb\",\"itemListElement\":[{\"@type\":\"ListItem\",\"position\":1,\"name\":\"Startseite\",\"item\":\"https:\/\/www.schlosstorgelow.de\/fr\"},{\"@type\":\"ListItem\",\"position\":2,\"name\":\"Premi\u00e8re place \u00e0 l&rsquo;Olympiade r\u00e9gionale d&rsquo;informatique\"}]},{\"@type\":\"WebSite\",\"@id\":\"https:\/\/www.schlosstorgelow.de\/fr#website\",\"url\":\"https:\/\/www.schlosstorgelow.de\/fr\",\"name\":\"Schloss Torgelow\",\"description\":\"Le lyc\u00e9e priv\u00e9 Schloss Torgelow \u2013 l'internat pour les \u00e9l\u00e8ves en qu\u00eate de d\u00e9fis.\",\"potentialAction\":[{\"@type\":\"SearchAction\",\"target\":{\"@type\":\"EntryPoint\",\"urlTemplate\":\"https:\/\/www.schlosstorgelow.de\/fr?s={search_term_string}\"},\"query-input\":{\"@type\":\"PropertyValueSpecification\",\"valueRequired\":true,\"valueName\":\"search_term_string\"}}],\"inLanguage\":\"fr-FR\"},{\"@type\":\"Person\",\"@id\":\"https:\/\/www.schlosstorgelow.de\/fr#\/schema\/person\/b76bbb367f3a20c7ced1339e4875691e\",\"name\":\"Schloss Torgelow\",\"image\":{\"@type\":\"ImageObject\",\"inLanguage\":\"fr-FR\",\"@id\":\"https:\/\/www.schlosstorgelow.de\/fr#\/schema\/person\/image\/\",\"url\":\"https:\/\/secure.gravatar.com\/avatar\/4bad9bf1bee90f77b98693d3ad03ade085c80c169595427c58c58e5b069f49e1?s=96&d=mm&r=g\",\"contentUrl\":\"https:\/\/secure.gravatar.com\/avatar\/4bad9bf1bee90f77b98693d3ad03ade085c80c169595427c58c58e5b069f49e1?s=96&d=mm&r=g\",\"caption\":\"Schloss Torgelow\"},\"sameAs\":[\"https:\/\/www.schlosstorgelow.de\"]}]}<\/script>\n<!-- \/ Yoast SEO plugin. -->","yoast_head_json":{"title":"Premi\u00e8re place \u00e0 l'Olympiade r\u00e9gionale d'informatique","description":"Notre \u00e9l\u00e8ve Constantin Zimmermann (10e) a remport\u00e9 la premi\u00e8re place \u00e0 l\u2019Olympiade r\u00e9gionale d\u2019informatique de Mecklembourg-Pom\u00e9ranie-Occidentale.","robots":{"index":"index","follow":"follow","max-snippet":"max-snippet:-1","max-image-preview":"max-image-preview:large","max-video-preview":"max-video-preview:-1"},"canonical":"https:\/\/www.schlosstorgelow.de\/fr\/premiere-place-a-lolympiade-regionale-dinformatique","og_locale":"fr_FR","og_type":"article","og_title":"Premi\u00e8re place \u00e0 l'Olympiade r\u00e9gionale d'informatique","og_description":"Notre \u00e9l\u00e8ve Constantin Zimmermann (10e) a remport\u00e9 la premi\u00e8re place \u00e0 l\u2019Olympiade r\u00e9gionale d\u2019informatique de Mecklembourg-Pom\u00e9ranie-Occidentale.","og_url":"https:\/\/www.schlosstorgelow.de\/fr\/premiere-place-a-lolympiade-regionale-dinformatique","og_site_name":"Schloss Torgelow","article_published_time":"2025-06-26T11:11:43+00:00","article_modified_time":"2026-01-29T07:43:51+00:00","author":"Schloss Torgelow","twitter_card":"summary_large_image","twitter_misc":{"\u00c9crit par":"Schloss Torgelow","Dur\u00e9e de lecture estim\u00e9e":"1 minute"},"schema":{"@context":"https:\/\/schema.org","@graph":[{"@type":"Article","@id":"https:\/\/www.schlosstorgelow.de\/fr\/premiere-place-a-lolympiade-regionale-dinformatique#article","isPartOf":{"@id":"https:\/\/www.schlosstorgelow.de\/fr\/premiere-place-a-lolympiade-regionale-dinformatique"},"author":{"name":"Schloss Torgelow","@id":"https:\/\/www.schlosstorgelow.de\/fr#\/schema\/person\/b76bbb367f3a20c7ced1339e4875691e"},"headline":"Premi\u00e8re place \u00e0 l&rsquo;Olympiade r\u00e9gionale d&rsquo;informatique","datePublished":"2025-06-26T11:11:43+00:00","dateModified":"2026-01-29T07:43:51+00:00","mainEntityOfPage":{"@id":"https:\/\/www.schlosstorgelow.de\/fr\/premiere-place-a-lolympiade-regionale-dinformatique"},"wordCount":281,"image":{"@id":"https:\/\/www.schlosstorgelow.de\/fr\/premiere-place-a-lolympiade-regionale-dinformatique#primaryimage"},"thumbnailUrl":"https:\/\/www.schlosstorgelow.de\/wp-content\/uploads\/2025\/07\/landesolympiade-informatik_header_st.avif","articleSection":["Actualit\u00e9s Torgelow"],"inLanguage":"fr-FR"},{"@type":"WebPage","@id":"https:\/\/www.schlosstorgelow.de\/fr\/premiere-place-a-lolympiade-regionale-dinformatique#webpage","url":"https:\/\/www.schlosstorgelow.de\/fr\/premiere-place-a-lolympiade-regionale-dinformatique","name":"Premi\u00e8re place \u00e0 l'Olympiade r\u00e9gionale d'informatique","isPartOf":{"@id":"https:\/\/www.schlosstorgelow.de\/fr#website"},"primaryImageOfPage":{"@id":"https:\/\/www.schlosstorgelow.de\/fr\/premiere-place-a-lolympiade-regionale-dinformatique#primaryimage"},"image":{"@id":"https:\/\/www.schlosstorgelow.de\/fr\/premiere-place-a-lolympiade-regionale-dinformatique#primaryimage"},"thumbnailUrl":"https:\/\/www.schlosstorgelow.de\/wp-content\/uploads\/2025\/07\/landesolympiade-informatik_header_st.avif","datePublished":"2025-06-26T11:11:43+00:00","dateModified":"2026-01-29T07:43:51+00:00","author":{"@id":"https:\/\/www.schlosstorgelow.de\/fr#\/schema\/person\/b76bbb367f3a20c7ced1339e4875691e"},"description":"Notre \u00e9l\u00e8ve Constantin Zimmermann (10e) a remport\u00e9 la premi\u00e8re place \u00e0 l\u2019Olympiade r\u00e9gionale d\u2019informatique de Mecklembourg-Pom\u00e9ranie-Occidentale.","breadcrumb":{"@id":"https:\/\/www.schlosstorgelow.de\/fr\/premiere-place-a-lolympiade-regionale-dinformatique#breadcrumb"},"inLanguage":"fr-FR","potentialAction":[{"@type":"ReadAction","target":["https:\/\/www.schlosstorgelow.de\/fr\/premiere-place-a-lolympiade-regionale-dinformatique"]}]},{"@type":"ImageObject","inLanguage":"fr-FR","@id":"https:\/\/www.schlosstorgelow.de\/fr\/premiere-place-a-lolympiade-regionale-dinformatique#primaryimage","url":"https:\/\/www.schlosstorgelow.de\/wp-content\/uploads\/2025\/07\/landesolympiade-informatik_header_st.avif","contentUrl":"https:\/\/www.schlosstorgelow.de\/wp-content\/uploads\/2025\/07\/landesolympiade-informatik_header_st.avif","width":1920,"height":1080,"caption":"Premi\u00e8re place \u00e0 l'Olympiade r\u00e9gionale d'informatique"},{"@type":"BreadcrumbList","@id":"https:\/\/www.schlosstorgelow.de\/fr\/premiere-place-a-lolympiade-regionale-dinformatique#breadcrumb","itemListElement":[{"@type":"ListItem","position":1,"name":"Startseite","item":"https:\/\/www.schlosstorgelow.de\/fr"},{"@type":"ListItem","position":2,"name":"Premi\u00e8re place \u00e0 l&rsquo;Olympiade r\u00e9gionale d&rsquo;informatique"}]},{"@type":"WebSite","@id":"https:\/\/www.schlosstorgelow.de\/fr#website","url":"https:\/\/www.schlosstorgelow.de\/fr","name":"Schloss Torgelow","description":"Le lyc\u00e9e priv\u00e9 Schloss Torgelow \u2013 l'internat pour les \u00e9l\u00e8ves en qu\u00eate de d\u00e9fis.","potentialAction":[{"@type":"SearchAction","target":{"@type":"EntryPoint","urlTemplate":"https:\/\/www.schlosstorgelow.de\/fr?s={search_term_string}"},"query-input":{"@type":"PropertyValueSpecification","valueRequired":true,"valueName":"search_term_string"}}],"inLanguage":"fr-FR"},{"@type":"Person","@id":"https:\/\/www.schlosstorgelow.de\/fr#\/schema\/person\/b76bbb367f3a20c7ced1339e4875691e","name":"Schloss Torgelow","image":{"@type":"ImageObject","inLanguage":"fr-FR","@id":"https:\/\/www.schlosstorgelow.de\/fr#\/schema\/person\/image\/","url":"https:\/\/secure.gravatar.com\/avatar\/4bad9bf1bee90f77b98693d3ad03ade085c80c169595427c58c58e5b069f49e1?s=96&d=mm&r=g","contentUrl":"https:\/\/secure.gravatar.com\/avatar\/4bad9bf1bee90f77b98693d3ad03ade085c80c169595427c58c58e5b069f49e1?s=96&d=mm&r=g","caption":"Schloss Torgelow"},"sameAs":["https:\/\/www.schlosstorgelow.de"]}]}},"block_visibility_meta":[],"_links":{"self":[{"href":"https:\/\/www.schlosstorgelow.de\/fr\/wp-json\/wp\/v2\/posts\/82370","targetHints":{"allow":["GET"]}}],"collection":[{"href":"https:\/\/www.schlosstorgelow.de\/fr\/wp-json\/wp\/v2\/posts"}],"about":[{"href":"https:\/\/www.schlosstorgelow.de\/fr\/wp-json\/wp\/v2\/types\/post"}],"author":[{"embeddable":true,"href":"https:\/\/www.schlosstorgelow.de\/fr\/wp-json\/wp\/v2\/users\/1"}],"replies":[{"embeddable":true,"href":"https:\/\/www.schlosstorgelow.de\/fr\/wp-json\/wp\/v2\/comments?post=82370"}],"version-history":[{"count":0,"href":"https:\/\/www.schlosstorgelow.de\/fr\/wp-json\/wp\/v2\/posts\/82370\/revisions"}],"wp:featuredmedia":[{"embeddable":true,"href":"https:\/\/www.schlosstorgelow.de\/fr\/wp-json\/wp\/v2\/media\/44423"}],"wp:attachment":[{"href":"https:\/\/www.schlosstorgelow.de\/fr\/wp-json\/wp\/v2\/media?parent=82370"}],"wp:term":[{"taxonomy":"category","embeddable":true,"href":"https:\/\/www.schlosstorgelow.de\/fr\/wp-json\/wp\/v2\/categories?post=82370"},{"taxonomy":"post_tag","embeddable":true,"href":"https:\/\/www.schlosstorgelow.de\/fr\/wp-json\/wp\/v2\/tags?post=82370"}],"curies":[{"name":"wp","href":"https:\/\/api.w.org\/{rel}","templated":true}]}}