{"id":82356,"date":"2025-07-16T09:31:35","date_gmt":"2025-07-16T09:31:35","guid":{"rendered":"https:\/\/www.schlosstorgelow.de\/le-1111e-certificat-de-maturite-au-chateau-de-torgelow"},"modified":"2026-01-23T06:52:11","modified_gmt":"2026-01-23T06:52:11","slug":"le-1111e-certificat-de-maturite-au-schloss-torgelow","status":"publish","type":"post","link":"https:\/\/www.schlosstorgelow.de\/fr\/le-1111e-certificat-de-maturite-au-schloss-torgelow","title":{"rendered":"Le 1111e certificat de maturit\u00e9 au Schloss Torgelow"},"content":{"rendered":"\n<p><i>Depuis sa cr\u00e9ation en 1994, le lyc\u00e9e priv\u00e9 en internat du Schloss Torgelow a remis de nombreux dipl\u00f4mes de baccalaur\u00e9at, toujours accompagn\u00e9s d&rsquo;une grande fiert\u00e9, de joie et de la conscience qu&rsquo;il y a derri\u00e8re chaque dipl\u00f4me une histoire personnelle. Cependant, cette ann\u00e9e, la remise des dipl\u00f4mes \u00e9tait particuli\u00e8rement \u00e9motive : Le  <strong>1111. Dipl\u00f4me de baccalaur\u00e9at dans l&rsquo;histoire de l&rsquo;\u00e9cole<\/strong> a \u00e9t\u00e9 remis solennellement.<\/i><\/p>\n\n<p>Ce t\u00e9moignage particulier a \u00e9t\u00e9 remis \u00e0 Constantin de Magdebourg. Pour Mario Lehmann, propri\u00e9taire du Schloss Torgelow, c&rsquo;\u00e9tait un moment qui lui tenait beaucoup \u00e0 c\u0153ur &#8211; non seulement \u00e0 cause du nombre symbolique. Constantin a visit\u00e9 le Schloss Torgelow depuis la cinqui\u00e8me classe. Au fil des ans, il est devenu une personnalit\u00e9 impressionnante &#8211; avec un grand c\u0153ur, de la curiosit\u00e9, de l&rsquo;int\u00e9r\u00eat et un regard ouvert sur le monde.   <\/p>\n\n<p>\u00ab C&rsquo;\u00e9tait un grand plaisir de pouvoir accompagner Constantin pendant tant d&rsquo;ann\u00e9es \u00bb, a soulign\u00e9 Mario Lehmann lors de la remise festive. \u00ab Nous avons \u00e9t\u00e9 t\u00e9moins de sa croissance, de son d\u00e9veloppement, de la d\u00e9couverte et du renforcement de ses points forts. Le fait qu&rsquo;il re\u00e7oive le 1111e dipl\u00f4me de baccalaur\u00e9at est une belle sensation. \u00bb <\/p>\n\n<p>Ensemble avec toute la communaut\u00e9 scolaire, ce moment a \u00e9t\u00e9 c\u00e9l\u00e9br\u00e9 &#8211; une journ\u00e9e pleine de fiert\u00e9, de chaleur et de souvenirs d&rsquo;une p\u00e9riode scolaire tr\u00e8s sp\u00e9ciale.<\/p>\n","protected":false},"excerpt":{"rendered":"<p>Cette ann\u00e9e, la remise des dipl\u00f4mes \u00e9tait particuli\u00e8rement \u00e9motive : le 1111e certificat de baccalaur\u00e9at de l&rsquo;histoire de l&rsquo;\u00e9cole a \u00e9t\u00e9 remis lors d&rsquo;une c\u00e9r\u00e9monie. <\/p>\n","protected":false},"author":1,"featured_media":43859,"comment_status":"closed","ping_status":"closed","sticky":false,"template":"","format":"standard","meta":{"_acf_changed":false,"_yoast_wpseo_title":"Le 1111e certificat de maturit\u00e9 au Schloss Torgelow","_yoast_wpseo_metadesc":"Cette ann\u00e9e, la remise des dipl\u00f4mes a \u00e9t\u00e9 particuli\u00e8rement \u00e9motionnelle : le 1111e certificat de baccalaur\u00e9at de l'histoire de l'\u00e9cole a \u00e9t\u00e9 remis solennellement.","excerpt":"Cette ann\u00e9e, la remise des dipl\u00f4mes \u00e9tait particuli\u00e8rement \u00e9motive : le 1111e certificat de baccalaur\u00e9at de l'histoire de l'\u00e9cole a \u00e9t\u00e9 remis lors d'une c\u00e9r\u00e9monie. ","footnotes":""},"categories":[33],"tags":[],"class_list":{"0":"post-82356","1":"post","2":"type-post","3":"status-publish","4":"format-standard","5":"has-post-thumbnail","7":"category-actualites-torgelow"},"acf":[],"yoast_head":"<!-- This site is optimized with the Yoast SEO plugin v26.9 - https:\/\/yoast.com\/product\/yoast-seo-wordpress\/ -->\n<title>Le 1111e certificat de maturit\u00e9 au Schloss Torgelow<\/title>\n<meta name=\"description\" content=\"Cette ann\u00e9e, la remise des dipl\u00f4mes a \u00e9t\u00e9 particuli\u00e8rement \u00e9motionnelle : le 1111e certificat de baccalaur\u00e9at de l&#039;histoire de l&#039;\u00e9cole a \u00e9t\u00e9 remis solennellement.\" \/>\n<meta name=\"robots\" content=\"index, follow, max-snippet:-1, max-image-preview:large, max-video-preview:-1\" \/>\n<link rel=\"canonical\" href=\"https:\/\/www.schlosstorgelow.de\/fr\/le-1111e-certificat-de-maturite-au-schloss-torgelow\" \/>\n<meta property=\"og:locale\" content=\"fr_FR\" \/>\n<meta property=\"og:type\" content=\"article\" \/>\n<meta property=\"og:title\" content=\"Le 1111e certificat de maturit\u00e9 au Schloss Torgelow\" \/>\n<meta property=\"og:description\" content=\"Cette ann\u00e9e, la remise des dipl\u00f4mes a \u00e9t\u00e9 particuli\u00e8rement \u00e9motionnelle : le 1111e certificat de baccalaur\u00e9at de l&#039;histoire de l&#039;\u00e9cole a \u00e9t\u00e9 remis solennellement.\" \/>\n<meta property=\"og:url\" content=\"https:\/\/www.schlosstorgelow.de\/fr\/le-1111e-certificat-de-maturite-au-schloss-torgelow\" \/>\n<meta property=\"og:site_name\" content=\"Schloss Torgelow\" \/>\n<meta property=\"article:published_time\" content=\"2025-07-16T09:31:35+00:00\" \/>\n<meta property=\"article:modified_time\" content=\"2026-01-23T06:52:11+00:00\" \/>\n<meta name=\"author\" content=\"Schloss Torgelow\" \/>\n<meta name=\"twitter:card\" content=\"summary_large_image\" \/>\n<meta name=\"twitter:label1\" content=\"\u00c9crit par\" \/>\n\t<meta name=\"twitter:data1\" content=\"Schloss Torgelow\" \/>\n\t<meta name=\"twitter:label2\" content=\"Dur\u00e9e de lecture estim\u00e9e\" \/>\n\t<meta name=\"twitter:data2\" content=\"1 minute\" \/>\n<script type=\"application\/ld+json\" class=\"yoast-schema-graph\">{\"@context\":\"https:\/\/schema.org\",\"@graph\":[{\"@type\":\"Article\",\"@id\":\"https:\/\/www.schlosstorgelow.de\/fr\/le-1111e-certificat-de-maturite-au-schloss-torgelow#article\",\"isPartOf\":{\"@id\":\"https:\/\/www.schlosstorgelow.de\/fr\/le-1111e-certificat-de-maturite-au-schloss-torgelow\"},\"author\":{\"name\":\"Schloss Torgelow\",\"@id\":\"https:\/\/www.schlosstorgelow.de\/fr#\/schema\/person\/b76bbb367f3a20c7ced1339e4875691e\"},\"headline\":\"Le 1111e certificat de maturit\u00e9 au Schloss Torgelow\",\"datePublished\":\"2025-07-16T09:31:35+00:00\",\"dateModified\":\"2026-01-23T06:52:11+00:00\",\"mainEntityOfPage\":{\"@id\":\"https:\/\/www.schlosstorgelow.de\/fr\/le-1111e-certificat-de-maturite-au-schloss-torgelow\"},\"wordCount\":259,\"image\":{\"@id\":\"https:\/\/www.schlosstorgelow.de\/fr\/le-1111e-certificat-de-maturite-au-schloss-torgelow#primaryimage\"},\"thumbnailUrl\":\"https:\/\/www.schlosstorgelow.de\/wp-content\/uploads\/2025\/07\/abiturient-1111_header_st.avif\",\"articleSection\":[\"Actualit\u00e9s Torgelow\"],\"inLanguage\":\"fr-FR\"},{\"@type\":\"WebPage\",\"@id\":\"https:\/\/www.schlosstorgelow.de\/fr\/le-1111e-certificat-de-maturite-au-schloss-torgelow#webpage\",\"url\":\"https:\/\/www.schlosstorgelow.de\/fr\/le-1111e-certificat-de-maturite-au-schloss-torgelow\",\"name\":\"Le 1111e certificat de maturit\u00e9 au Schloss Torgelow\",\"isPartOf\":{\"@id\":\"https:\/\/www.schlosstorgelow.de\/fr#website\"},\"primaryImageOfPage\":{\"@id\":\"https:\/\/www.schlosstorgelow.de\/fr\/le-1111e-certificat-de-maturite-au-schloss-torgelow#primaryimage\"},\"image\":{\"@id\":\"https:\/\/www.schlosstorgelow.de\/fr\/le-1111e-certificat-de-maturite-au-schloss-torgelow#primaryimage\"},\"thumbnailUrl\":\"https:\/\/www.schlosstorgelow.de\/wp-content\/uploads\/2025\/07\/abiturient-1111_header_st.avif\",\"datePublished\":\"2025-07-16T09:31:35+00:00\",\"dateModified\":\"2026-01-23T06:52:11+00:00\",\"author\":{\"@id\":\"https:\/\/www.schlosstorgelow.de\/fr#\/schema\/person\/b76bbb367f3a20c7ced1339e4875691e\"},\"description\":\"Cette ann\u00e9e, la remise des dipl\u00f4mes a \u00e9t\u00e9 particuli\u00e8rement \u00e9motionnelle : le 1111e certificat de baccalaur\u00e9at de l'histoire de l'\u00e9cole a \u00e9t\u00e9 remis solennellement.\",\"breadcrumb\":{\"@id\":\"https:\/\/www.schlosstorgelow.de\/fr\/le-1111e-certificat-de-maturite-au-schloss-torgelow#breadcrumb\"},\"inLanguage\":\"fr-FR\",\"potentialAction\":[{\"@type\":\"ReadAction\",\"target\":[\"https:\/\/www.schlosstorgelow.de\/fr\/le-1111e-certificat-de-maturite-au-schloss-torgelow\"]}]},{\"@type\":\"ImageObject\",\"inLanguage\":\"fr-FR\",\"@id\":\"https:\/\/www.schlosstorgelow.de\/fr\/le-1111e-certificat-de-maturite-au-schloss-torgelow#primaryimage\",\"url\":\"https:\/\/www.schlosstorgelow.de\/wp-content\/uploads\/2025\/07\/abiturient-1111_header_st.avif\",\"contentUrl\":\"https:\/\/www.schlosstorgelow.de\/wp-content\/uploads\/2025\/07\/abiturient-1111_header_st.avif\",\"width\":1920,\"height\":1080,\"caption\":\"Le 1111e certificat de maturit\u00e9 au Schloss Torgelow\"},{\"@type\":\"BreadcrumbList\",\"@id\":\"https:\/\/www.schlosstorgelow.de\/fr\/le-1111e-certificat-de-maturite-au-schloss-torgelow#breadcrumb\",\"itemListElement\":[{\"@type\":\"ListItem\",\"position\":1,\"name\":\"Startseite\",\"item\":\"https:\/\/www.schlosstorgelow.de\/fr\"},{\"@type\":\"ListItem\",\"position\":2,\"name\":\"Le 1111e certificat de maturit\u00e9 au Schloss Torgelow\"}]},{\"@type\":\"WebSite\",\"@id\":\"https:\/\/www.schlosstorgelow.de\/fr#website\",\"url\":\"https:\/\/www.schlosstorgelow.de\/fr\",\"name\":\"Schloss Torgelow\",\"description\":\"Le lyc\u00e9e priv\u00e9 Schloss Torgelow \u2013 l'internat pour les \u00e9l\u00e8ves en qu\u00eate de d\u00e9fis.\",\"potentialAction\":[{\"@type\":\"SearchAction\",\"target\":{\"@type\":\"EntryPoint\",\"urlTemplate\":\"https:\/\/www.schlosstorgelow.de\/fr?s={search_term_string}\"},\"query-input\":{\"@type\":\"PropertyValueSpecification\",\"valueRequired\":true,\"valueName\":\"search_term_string\"}}],\"inLanguage\":\"fr-FR\"},{\"@type\":\"Person\",\"@id\":\"https:\/\/www.schlosstorgelow.de\/fr#\/schema\/person\/b76bbb367f3a20c7ced1339e4875691e\",\"name\":\"Schloss Torgelow\",\"image\":{\"@type\":\"ImageObject\",\"inLanguage\":\"fr-FR\",\"@id\":\"https:\/\/www.schlosstorgelow.de\/fr#\/schema\/person\/image\/\",\"url\":\"https:\/\/secure.gravatar.com\/avatar\/4bad9bf1bee90f77b98693d3ad03ade085c80c169595427c58c58e5b069f49e1?s=96&d=mm&r=g\",\"contentUrl\":\"https:\/\/secure.gravatar.com\/avatar\/4bad9bf1bee90f77b98693d3ad03ade085c80c169595427c58c58e5b069f49e1?s=96&d=mm&r=g\",\"caption\":\"Schloss Torgelow\"},\"sameAs\":[\"https:\/\/www.schlosstorgelow.de\"]}]}<\/script>\n<!-- \/ Yoast SEO plugin. -->","yoast_head_json":{"title":"Le 1111e certificat de maturit\u00e9 au Schloss Torgelow","description":"Cette ann\u00e9e, la remise des dipl\u00f4mes a \u00e9t\u00e9 particuli\u00e8rement \u00e9motionnelle : le 1111e certificat de baccalaur\u00e9at de l'histoire de l'\u00e9cole a \u00e9t\u00e9 remis solennellement.","robots":{"index":"index","follow":"follow","max-snippet":"max-snippet:-1","max-image-preview":"max-image-preview:large","max-video-preview":"max-video-preview:-1"},"canonical":"https:\/\/www.schlosstorgelow.de\/fr\/le-1111e-certificat-de-maturite-au-schloss-torgelow","og_locale":"fr_FR","og_type":"article","og_title":"Le 1111e certificat de maturit\u00e9 au Schloss Torgelow","og_description":"Cette ann\u00e9e, la remise des dipl\u00f4mes a \u00e9t\u00e9 particuli\u00e8rement \u00e9motionnelle : le 1111e certificat de baccalaur\u00e9at de l'histoire de l'\u00e9cole a \u00e9t\u00e9 remis solennellement.","og_url":"https:\/\/www.schlosstorgelow.de\/fr\/le-1111e-certificat-de-maturite-au-schloss-torgelow","og_site_name":"Schloss Torgelow","article_published_time":"2025-07-16T09:31:35+00:00","article_modified_time":"2026-01-23T06:52:11+00:00","author":"Schloss Torgelow","twitter_card":"summary_large_image","twitter_misc":{"\u00c9crit par":"Schloss Torgelow","Dur\u00e9e de lecture estim\u00e9e":"1 minute"},"schema":{"@context":"https:\/\/schema.org","@graph":[{"@type":"Article","@id":"https:\/\/www.schlosstorgelow.de\/fr\/le-1111e-certificat-de-maturite-au-schloss-torgelow#article","isPartOf":{"@id":"https:\/\/www.schlosstorgelow.de\/fr\/le-1111e-certificat-de-maturite-au-schloss-torgelow"},"author":{"name":"Schloss Torgelow","@id":"https:\/\/www.schlosstorgelow.de\/fr#\/schema\/person\/b76bbb367f3a20c7ced1339e4875691e"},"headline":"Le 1111e certificat de maturit\u00e9 au Schloss Torgelow","datePublished":"2025-07-16T09:31:35+00:00","dateModified":"2026-01-23T06:52:11+00:00","mainEntityOfPage":{"@id":"https:\/\/www.schlosstorgelow.de\/fr\/le-1111e-certificat-de-maturite-au-schloss-torgelow"},"wordCount":259,"image":{"@id":"https:\/\/www.schlosstorgelow.de\/fr\/le-1111e-certificat-de-maturite-au-schloss-torgelow#primaryimage"},"thumbnailUrl":"https:\/\/www.schlosstorgelow.de\/wp-content\/uploads\/2025\/07\/abiturient-1111_header_st.avif","articleSection":["Actualit\u00e9s Torgelow"],"inLanguage":"fr-FR"},{"@type":"WebPage","@id":"https:\/\/www.schlosstorgelow.de\/fr\/le-1111e-certificat-de-maturite-au-schloss-torgelow#webpage","url":"https:\/\/www.schlosstorgelow.de\/fr\/le-1111e-certificat-de-maturite-au-schloss-torgelow","name":"Le 1111e certificat de maturit\u00e9 au Schloss Torgelow","isPartOf":{"@id":"https:\/\/www.schlosstorgelow.de\/fr#website"},"primaryImageOfPage":{"@id":"https:\/\/www.schlosstorgelow.de\/fr\/le-1111e-certificat-de-maturite-au-schloss-torgelow#primaryimage"},"image":{"@id":"https:\/\/www.schlosstorgelow.de\/fr\/le-1111e-certificat-de-maturite-au-schloss-torgelow#primaryimage"},"thumbnailUrl":"https:\/\/www.schlosstorgelow.de\/wp-content\/uploads\/2025\/07\/abiturient-1111_header_st.avif","datePublished":"2025-07-16T09:31:35+00:00","dateModified":"2026-01-23T06:52:11+00:00","author":{"@id":"https:\/\/www.schlosstorgelow.de\/fr#\/schema\/person\/b76bbb367f3a20c7ced1339e4875691e"},"description":"Cette ann\u00e9e, la remise des dipl\u00f4mes a \u00e9t\u00e9 particuli\u00e8rement \u00e9motionnelle : le 1111e certificat de baccalaur\u00e9at de l'histoire de l'\u00e9cole a \u00e9t\u00e9 remis solennellement.","breadcrumb":{"@id":"https:\/\/www.schlosstorgelow.de\/fr\/le-1111e-certificat-de-maturite-au-schloss-torgelow#breadcrumb"},"inLanguage":"fr-FR","potentialAction":[{"@type":"ReadAction","target":["https:\/\/www.schlosstorgelow.de\/fr\/le-1111e-certificat-de-maturite-au-schloss-torgelow"]}]},{"@type":"ImageObject","inLanguage":"fr-FR","@id":"https:\/\/www.schlosstorgelow.de\/fr\/le-1111e-certificat-de-maturite-au-schloss-torgelow#primaryimage","url":"https:\/\/www.schlosstorgelow.de\/wp-content\/uploads\/2025\/07\/abiturient-1111_header_st.avif","contentUrl":"https:\/\/www.schlosstorgelow.de\/wp-content\/uploads\/2025\/07\/abiturient-1111_header_st.avif","width":1920,"height":1080,"caption":"Le 1111e certificat de maturit\u00e9 au Schloss Torgelow"},{"@type":"BreadcrumbList","@id":"https:\/\/www.schlosstorgelow.de\/fr\/le-1111e-certificat-de-maturite-au-schloss-torgelow#breadcrumb","itemListElement":[{"@type":"ListItem","position":1,"name":"Startseite","item":"https:\/\/www.schlosstorgelow.de\/fr"},{"@type":"ListItem","position":2,"name":"Le 1111e certificat de maturit\u00e9 au Schloss Torgelow"}]},{"@type":"WebSite","@id":"https:\/\/www.schlosstorgelow.de\/fr#website","url":"https:\/\/www.schlosstorgelow.de\/fr","name":"Schloss Torgelow","description":"Le lyc\u00e9e priv\u00e9 Schloss Torgelow \u2013 l'internat pour les \u00e9l\u00e8ves en qu\u00eate de d\u00e9fis.","potentialAction":[{"@type":"SearchAction","target":{"@type":"EntryPoint","urlTemplate":"https:\/\/www.schlosstorgelow.de\/fr?s={search_term_string}"},"query-input":{"@type":"PropertyValueSpecification","valueRequired":true,"valueName":"search_term_string"}}],"inLanguage":"fr-FR"},{"@type":"Person","@id":"https:\/\/www.schlosstorgelow.de\/fr#\/schema\/person\/b76bbb367f3a20c7ced1339e4875691e","name":"Schloss Torgelow","image":{"@type":"ImageObject","inLanguage":"fr-FR","@id":"https:\/\/www.schlosstorgelow.de\/fr#\/schema\/person\/image\/","url":"https:\/\/secure.gravatar.com\/avatar\/4bad9bf1bee90f77b98693d3ad03ade085c80c169595427c58c58e5b069f49e1?s=96&d=mm&r=g","contentUrl":"https:\/\/secure.gravatar.com\/avatar\/4bad9bf1bee90f77b98693d3ad03ade085c80c169595427c58c58e5b069f49e1?s=96&d=mm&r=g","caption":"Schloss Torgelow"},"sameAs":["https:\/\/www.schlosstorgelow.de"]}]}},"block_visibility_meta":[],"_links":{"self":[{"href":"https:\/\/www.schlosstorgelow.de\/fr\/wp-json\/wp\/v2\/posts\/82356","targetHints":{"allow":["GET"]}}],"collection":[{"href":"https:\/\/www.schlosstorgelow.de\/fr\/wp-json\/wp\/v2\/posts"}],"about":[{"href":"https:\/\/www.schlosstorgelow.de\/fr\/wp-json\/wp\/v2\/types\/post"}],"author":[{"embeddable":true,"href":"https:\/\/www.schlosstorgelow.de\/fr\/wp-json\/wp\/v2\/users\/1"}],"replies":[{"embeddable":true,"href":"https:\/\/www.schlosstorgelow.de\/fr\/wp-json\/wp\/v2\/comments?post=82356"}],"version-history":[{"count":0,"href":"https:\/\/www.schlosstorgelow.de\/fr\/wp-json\/wp\/v2\/posts\/82356\/revisions"}],"wp:featuredmedia":[{"embeddable":true,"href":"https:\/\/www.schlosstorgelow.de\/fr\/wp-json\/wp\/v2\/media\/43859"}],"wp:attachment":[{"href":"https:\/\/www.schlosstorgelow.de\/fr\/wp-json\/wp\/v2\/media?parent=82356"}],"wp:term":[{"taxonomy":"category","embeddable":true,"href":"https:\/\/www.schlosstorgelow.de\/fr\/wp-json\/wp\/v2\/categories?post=82356"},{"taxonomy":"post_tag","embeddable":true,"href":"https:\/\/www.schlosstorgelow.de\/fr\/wp-json\/wp\/v2\/tags?post=82356"}],"curies":[{"name":"wp","href":"https:\/\/api.w.org\/{rel}","templated":true}]}}