{"id":82354,"date":"2025-07-16T12:37:30","date_gmt":"2025-07-16T12:37:30","guid":{"rendered":"https:\/\/www.schlosstorgelow.de\/mes-moments-personnels-du-baccalaureat-2025"},"modified":"2026-01-29T08:43:23","modified_gmt":"2026-01-29T07:43:23","slug":"mes-moments-personnels-du-baccalaureat-2025","status":"publish","type":"post","link":"https:\/\/www.schlosstorgelow.de\/fr\/mes-moments-personnels-du-baccalaureat-2025","title":{"rendered":"Mes moments personnels du baccalaur\u00e9at 2025"},"content":{"rendered":"\n<p><em>Il y a bien s\u00fbr des photos officielles du bac \u2013 elles font simplement partie du d\u00e9cor. Mais parfois, ce sont les petits moments discrets en marge qui restent particuli\u00e8rement grav\u00e9s dans mon c\u0153ur. Dans cet album photo, j&rsquo;ai rassembl\u00e9 mes images pr\u00e9f\u00e9r\u00e9es du week-end du bac : des instantan\u00e9s spontan\u00e9s, de vraies \u00e9motions, des rencontres particuli\u00e8res.  <\/em><\/p>\n\n<p>Loin de la photo de groupe &#8211; mes choix du bac !<\/p>\n\n<p>Chaleureusement<\/p>\n\n<p>Kirsten Lehmann<\/p>\n\n<section     class=\"custom-theme-block grid-gallery\">\n    <div class=\"container\">\n        <div class=\"row\">\n            <div class=\"col-lg-10 offset-lg-1\">\n                <div class=\"grid-gallery__heading\">\n                                                        <\/div>\n                                    <div class=\"grid-gallery__wrapper\">\n                                                        <a data-fslightbox href=\"https:\/\/www.schlosstorgelow.de\/wp-content\/uploads\/2025\/07\/Bilderalbum-Abitur-2025-1-7.avif\" aria-label=\"Image gallery\">\n                                    \n<picture>\n            <source media=\"(max-width: 575.98px)\" srcset=\"https:\/\/www.schlosstorgelow.de\/wp-content\/uploads\/2025\/07\/Bilderalbum-Abitur-2025-1-7-320x240.avif 320w, https:\/\/www.schlosstorgelow.de\/wp-content\/uploads\/2025\/07\/Bilderalbum-Abitur-2025-1-7-540x405.avif 540w, https:\/\/www.schlosstorgelow.de\/wp-content\/uploads\/2025\/07\/Bilderalbum-Abitur-2025-1-7-640x480.avif 640w\" sizes=\"calc(100vw - 32px)\" type=\"image\/avif\">\n    \n            <source srcset=\"https:\/\/www.schlosstorgelow.de\/wp-content\/uploads\/2025\/07\/Bilderalbum-Abitur-2025-1-7-320x240.avif 320w, https:\/\/www.schlosstorgelow.de\/wp-content\/uploads\/2025\/07\/Bilderalbum-Abitur-2025-1-7-540x405.avif 540w, https:\/\/www.schlosstorgelow.de\/wp-content\/uploads\/2025\/07\/Bilderalbum-Abitur-2025-1-7-640x480.avif 640w, https:\/\/www.schlosstorgelow.de\/wp-content\/uploads\/2025\/07\/Bilderalbum-Abitur-2025-1-7-720x540.avif 720w, https:\/\/www.schlosstorgelow.de\/wp-content\/uploads\/2025\/07\/Bilderalbum-Abitur-2025-1-7-1080x810.avif 1080w, https:\/\/www.schlosstorgelow.de\/wp-content\/uploads\/2025\/07\/Bilderalbum-Abitur-2025-1-7-1440x1080.avif 1440w\" sizes=\"(min-width: 768px) 720px, (min-width: 576px) 540px, calc(100vw - 32px)\" type=\"image\/avif\">\n    \n    \n    <img src=\"https:\/\/www.schlosstorgelow.de\/wp-content\/uploads\/2025\/07\/Bilderalbum-Abitur-2025-1-7-720x540.avif\"\n         srcset=\"https:\/\/www.schlosstorgelow.de\/wp-content\/uploads\/2025\/07\/Bilderalbum-Abitur-2025-1-7-320x240.avif 320w, https:\/\/www.schlosstorgelow.de\/wp-content\/uploads\/2025\/07\/Bilderalbum-Abitur-2025-1-7-540x405.avif 540w, https:\/\/www.schlosstorgelow.de\/wp-content\/uploads\/2025\/07\/Bilderalbum-Abitur-2025-1-7-640x480.avif 640w, https:\/\/www.schlosstorgelow.de\/wp-content\/uploads\/2025\/07\/Bilderalbum-Abitur-2025-1-7-720x540.avif 720w, https:\/\/www.schlosstorgelow.de\/wp-content\/uploads\/2025\/07\/Bilderalbum-Abitur-2025-1-7-1080x810.avif 1080w, https:\/\/www.schlosstorgelow.de\/wp-content\/uploads\/2025\/07\/Bilderalbum-Abitur-2025-1-7-1440x1080.avif 1440w\"         sizes=\"auto, (min-width: 768px) 720px, (min-width: 576px) 540px, calc(100vw - 32px)\"         alt=\"Album photos Baccalaur\u00e9at 2025\"\n         title=\"Album photos Baccalaur\u00e9at 2025\"\n         width=\"720\"\n         height=\"540\"\n          loading=\"lazy\" decoding=\"async\">\n<\/picture>\n                                <\/a>\n                                                                                    <a data-fslightbox href=\"https:\/\/www.schlosstorgelow.de\/wp-content\/uploads\/2025\/07\/Bilderalbum-Abitur-2025-2-7.avif\" aria-label=\"Image gallery\">\n                                    \n<picture>\n            <source media=\"(max-width: 575.98px)\" srcset=\"https:\/\/www.schlosstorgelow.de\/wp-content\/uploads\/2025\/07\/Bilderalbum-Abitur-2025-2-7-320x240.avif 320w, https:\/\/www.schlosstorgelow.de\/wp-content\/uploads\/2025\/07\/Bilderalbum-Abitur-2025-2-7-540x405.avif 540w, https:\/\/www.schlosstorgelow.de\/wp-content\/uploads\/2025\/07\/Bilderalbum-Abitur-2025-2-7-640x480.avif 640w\" sizes=\"calc(100vw - 32px)\" type=\"image\/avif\">\n    \n            <source srcset=\"https:\/\/www.schlosstorgelow.de\/wp-content\/uploads\/2025\/07\/Bilderalbum-Abitur-2025-2-7-320x240.avif 320w, https:\/\/www.schlosstorgelow.de\/wp-content\/uploads\/2025\/07\/Bilderalbum-Abitur-2025-2-7-540x405.avif 540w, https:\/\/www.schlosstorgelow.de\/wp-content\/uploads\/2025\/07\/Bilderalbum-Abitur-2025-2-7-640x480.avif 640w, https:\/\/www.schlosstorgelow.de\/wp-content\/uploads\/2025\/07\/Bilderalbum-Abitur-2025-2-7-720x540.avif 720w, https:\/\/www.schlosstorgelow.de\/wp-content\/uploads\/2025\/07\/Bilderalbum-Abitur-2025-2-7-1080x810.avif 1080w, https:\/\/www.schlosstorgelow.de\/wp-content\/uploads\/2025\/07\/Bilderalbum-Abitur-2025-2-7-1440x1080.avif 1440w\" sizes=\"(min-width: 768px) 720px, (min-width: 576px) 540px, calc(100vw - 32px)\" type=\"image\/avif\">\n    \n    \n    <img src=\"https:\/\/www.schlosstorgelow.de\/wp-content\/uploads\/2025\/07\/Bilderalbum-Abitur-2025-2-7-720x540.avif\"\n         srcset=\"https:\/\/www.schlosstorgelow.de\/wp-content\/uploads\/2025\/07\/Bilderalbum-Abitur-2025-2-7-320x240.avif 320w, https:\/\/www.schlosstorgelow.de\/wp-content\/uploads\/2025\/07\/Bilderalbum-Abitur-2025-2-7-540x405.avif 540w, https:\/\/www.schlosstorgelow.de\/wp-content\/uploads\/2025\/07\/Bilderalbum-Abitur-2025-2-7-640x480.avif 640w, https:\/\/www.schlosstorgelow.de\/wp-content\/uploads\/2025\/07\/Bilderalbum-Abitur-2025-2-7-720x540.avif 720w, https:\/\/www.schlosstorgelow.de\/wp-content\/uploads\/2025\/07\/Bilderalbum-Abitur-2025-2-7-1080x810.avif 1080w, https:\/\/www.schlosstorgelow.de\/wp-content\/uploads\/2025\/07\/Bilderalbum-Abitur-2025-2-7-1440x1080.avif 1440w\"         sizes=\"auto, (min-width: 768px) 720px, (min-width: 576px) 540px, calc(100vw - 32px)\"         alt=\"Album photos Baccalaur\u00e9at 2025\"\n         title=\"Album photos Baccalaur\u00e9at 2025\"\n         width=\"720\"\n         height=\"540\"\n          loading=\"lazy\" decoding=\"async\">\n<\/picture>\n                                <\/a>\n                                                                                    <a data-fslightbox href=\"https:\/\/www.schlosstorgelow.de\/wp-content\/uploads\/2025\/07\/Bilderalbum-Abitur-2025-3-7.avif\" aria-label=\"Image gallery\">\n                                    \n<picture>\n            <source media=\"(max-width: 575.98px)\" srcset=\"https:\/\/www.schlosstorgelow.de\/wp-content\/uploads\/2025\/07\/Bilderalbum-Abitur-2025-3-7-320x240.avif 320w, https:\/\/www.schlosstorgelow.de\/wp-content\/uploads\/2025\/07\/Bilderalbum-Abitur-2025-3-7-540x405.avif 540w, https:\/\/www.schlosstorgelow.de\/wp-content\/uploads\/2025\/07\/Bilderalbum-Abitur-2025-3-7-640x480.avif 640w\" sizes=\"calc(100vw - 32px)\" type=\"image\/avif\">\n    \n            <source srcset=\"https:\/\/www.schlosstorgelow.de\/wp-content\/uploads\/2025\/07\/Bilderalbum-Abitur-2025-3-7-320x240.avif 320w, https:\/\/www.schlosstorgelow.de\/wp-content\/uploads\/2025\/07\/Bilderalbum-Abitur-2025-3-7-540x405.avif 540w, https:\/\/www.schlosstorgelow.de\/wp-content\/uploads\/2025\/07\/Bilderalbum-Abitur-2025-3-7-640x480.avif 640w, https:\/\/www.schlosstorgelow.de\/wp-content\/uploads\/2025\/07\/Bilderalbum-Abitur-2025-3-7-720x540.avif 720w, https:\/\/www.schlosstorgelow.de\/wp-content\/uploads\/2025\/07\/Bilderalbum-Abitur-2025-3-7-1080x810.avif 1080w, https:\/\/www.schlosstorgelow.de\/wp-content\/uploads\/2025\/07\/Bilderalbum-Abitur-2025-3-7-1440x1080.avif 1440w\" sizes=\"(min-width: 768px) 720px, (min-width: 576px) 540px, calc(100vw - 32px)\" type=\"image\/avif\">\n    \n    \n    <img src=\"https:\/\/www.schlosstorgelow.de\/wp-content\/uploads\/2025\/07\/Bilderalbum-Abitur-2025-3-7-720x540.avif\"\n         srcset=\"https:\/\/www.schlosstorgelow.de\/wp-content\/uploads\/2025\/07\/Bilderalbum-Abitur-2025-3-7-320x240.avif 320w, https:\/\/www.schlosstorgelow.de\/wp-content\/uploads\/2025\/07\/Bilderalbum-Abitur-2025-3-7-540x405.avif 540w, https:\/\/www.schlosstorgelow.de\/wp-content\/uploads\/2025\/07\/Bilderalbum-Abitur-2025-3-7-640x480.avif 640w, https:\/\/www.schlosstorgelow.de\/wp-content\/uploads\/2025\/07\/Bilderalbum-Abitur-2025-3-7-720x540.avif 720w, https:\/\/www.schlosstorgelow.de\/wp-content\/uploads\/2025\/07\/Bilderalbum-Abitur-2025-3-7-1080x810.avif 1080w, https:\/\/www.schlosstorgelow.de\/wp-content\/uploads\/2025\/07\/Bilderalbum-Abitur-2025-3-7-1440x1080.avif 1440w\"         sizes=\"auto, (min-width: 768px) 720px, (min-width: 576px) 540px, calc(100vw - 32px)\"         alt=\"Album photos Baccalaur\u00e9at 2025\"\n         title=\"Album photos Baccalaur\u00e9at 2025\"\n         width=\"720\"\n         height=\"540\"\n          loading=\"lazy\" decoding=\"async\">\n<\/picture>\n                                <\/a>\n                                                                                    <a data-fslightbox href=\"https:\/\/www.schlosstorgelow.de\/wp-content\/uploads\/2025\/07\/Bilderalbum-Abitur-2025-4-7.avif\" aria-label=\"Image gallery\">\n                                    \n<picture>\n            <source media=\"(max-width: 575.98px)\" srcset=\"https:\/\/www.schlosstorgelow.de\/wp-content\/uploads\/2025\/07\/Bilderalbum-Abitur-2025-4-7-320x240.avif 320w, https:\/\/www.schlosstorgelow.de\/wp-content\/uploads\/2025\/07\/Bilderalbum-Abitur-2025-4-7-540x405.avif 540w, https:\/\/www.schlosstorgelow.de\/wp-content\/uploads\/2025\/07\/Bilderalbum-Abitur-2025-4-7-640x480.avif 640w\" sizes=\"calc(100vw - 32px)\" type=\"image\/avif\">\n    \n            <source srcset=\"https:\/\/www.schlosstorgelow.de\/wp-content\/uploads\/2025\/07\/Bilderalbum-Abitur-2025-4-7-320x240.avif 320w, https:\/\/www.schlosstorgelow.de\/wp-content\/uploads\/2025\/07\/Bilderalbum-Abitur-2025-4-7-540x405.avif 540w, https:\/\/www.schlosstorgelow.de\/wp-content\/uploads\/2025\/07\/Bilderalbum-Abitur-2025-4-7-640x480.avif 640w, https:\/\/www.schlosstorgelow.de\/wp-content\/uploads\/2025\/07\/Bilderalbum-Abitur-2025-4-7-720x540.avif 720w, https:\/\/www.schlosstorgelow.de\/wp-content\/uploads\/2025\/07\/Bilderalbum-Abitur-2025-4-7-1080x810.avif 1080w, https:\/\/www.schlosstorgelow.de\/wp-content\/uploads\/2025\/07\/Bilderalbum-Abitur-2025-4-7-1440x1080.avif 1440w\" sizes=\"(min-width: 768px) 720px, (min-width: 576px) 540px, calc(100vw - 32px)\" type=\"image\/avif\">\n    \n    \n    <img src=\"https:\/\/www.schlosstorgelow.de\/wp-content\/uploads\/2025\/07\/Bilderalbum-Abitur-2025-4-7-720x540.avif\"\n         srcset=\"https:\/\/www.schlosstorgelow.de\/wp-content\/uploads\/2025\/07\/Bilderalbum-Abitur-2025-4-7-320x240.avif 320w, https:\/\/www.schlosstorgelow.de\/wp-content\/uploads\/2025\/07\/Bilderalbum-Abitur-2025-4-7-540x405.avif 540w, https:\/\/www.schlosstorgelow.de\/wp-content\/uploads\/2025\/07\/Bilderalbum-Abitur-2025-4-7-640x480.avif 640w, https:\/\/www.schlosstorgelow.de\/wp-content\/uploads\/2025\/07\/Bilderalbum-Abitur-2025-4-7-720x540.avif 720w, https:\/\/www.schlosstorgelow.de\/wp-content\/uploads\/2025\/07\/Bilderalbum-Abitur-2025-4-7-1080x810.avif 1080w, https:\/\/www.schlosstorgelow.de\/wp-content\/uploads\/2025\/07\/Bilderalbum-Abitur-2025-4-7-1440x1080.avif 1440w\"         sizes=\"auto, (min-width: 768px) 720px, (min-width: 576px) 540px, calc(100vw - 32px)\"         alt=\"Album photos Baccalaur\u00e9at 2025\"\n         title=\"Album photos Baccalaur\u00e9at 2025\"\n         width=\"720\"\n         height=\"540\"\n          loading=\"lazy\" decoding=\"async\">\n<\/picture>\n                                <\/a>\n                                                                                    <a data-fslightbox href=\"https:\/\/www.schlosstorgelow.de\/wp-content\/uploads\/2025\/07\/Bilderalbum-Abitur-2025-5-7.avif\" aria-label=\"Image gallery\">\n                                    \n<picture>\n            <source media=\"(max-width: 575.98px)\" srcset=\"https:\/\/www.schlosstorgelow.de\/wp-content\/uploads\/2025\/07\/Bilderalbum-Abitur-2025-5-7-320x240.avif 320w, https:\/\/www.schlosstorgelow.de\/wp-content\/uploads\/2025\/07\/Bilderalbum-Abitur-2025-5-7-540x405.avif 540w, https:\/\/www.schlosstorgelow.de\/wp-content\/uploads\/2025\/07\/Bilderalbum-Abitur-2025-5-7-640x480.avif 640w\" sizes=\"calc(100vw - 32px)\" type=\"image\/avif\">\n    \n            <source srcset=\"https:\/\/www.schlosstorgelow.de\/wp-content\/uploads\/2025\/07\/Bilderalbum-Abitur-2025-5-7-320x240.avif 320w, https:\/\/www.schlosstorgelow.de\/wp-content\/uploads\/2025\/07\/Bilderalbum-Abitur-2025-5-7-540x405.avif 540w, https:\/\/www.schlosstorgelow.de\/wp-content\/uploads\/2025\/07\/Bilderalbum-Abitur-2025-5-7-640x480.avif 640w, https:\/\/www.schlosstorgelow.de\/wp-content\/uploads\/2025\/07\/Bilderalbum-Abitur-2025-5-7-720x540.avif 720w, https:\/\/www.schlosstorgelow.de\/wp-content\/uploads\/2025\/07\/Bilderalbum-Abitur-2025-5-7-1080x810.avif 1080w, https:\/\/www.schlosstorgelow.de\/wp-content\/uploads\/2025\/07\/Bilderalbum-Abitur-2025-5-7-1440x1080.avif 1440w\" sizes=\"(min-width: 768px) 720px, (min-width: 576px) 540px, calc(100vw - 32px)\" type=\"image\/avif\">\n    \n    \n    <img src=\"https:\/\/www.schlosstorgelow.de\/wp-content\/uploads\/2025\/07\/Bilderalbum-Abitur-2025-5-7-720x540.avif\"\n         srcset=\"https:\/\/www.schlosstorgelow.de\/wp-content\/uploads\/2025\/07\/Bilderalbum-Abitur-2025-5-7-320x240.avif 320w, https:\/\/www.schlosstorgelow.de\/wp-content\/uploads\/2025\/07\/Bilderalbum-Abitur-2025-5-7-540x405.avif 540w, https:\/\/www.schlosstorgelow.de\/wp-content\/uploads\/2025\/07\/Bilderalbum-Abitur-2025-5-7-640x480.avif 640w, https:\/\/www.schlosstorgelow.de\/wp-content\/uploads\/2025\/07\/Bilderalbum-Abitur-2025-5-7-720x540.avif 720w, https:\/\/www.schlosstorgelow.de\/wp-content\/uploads\/2025\/07\/Bilderalbum-Abitur-2025-5-7-1080x810.avif 1080w, https:\/\/www.schlosstorgelow.de\/wp-content\/uploads\/2025\/07\/Bilderalbum-Abitur-2025-5-7-1440x1080.avif 1440w\"         sizes=\"auto, (min-width: 768px) 720px, (min-width: 576px) 540px, calc(100vw - 32px)\"         alt=\"Album photos Baccalaur\u00e9at 2025\"\n         title=\"Album photos Baccalaur\u00e9at 2025\"\n         width=\"720\"\n         height=\"540\"\n          loading=\"lazy\" decoding=\"async\">\n<\/picture>\n                                <\/a>\n                                                                                    <a data-fslightbox href=\"https:\/\/www.schlosstorgelow.de\/wp-content\/uploads\/2025\/07\/Bilderalbum-Abitur-2025-6-7.avif\" aria-label=\"Image gallery\">\n                                    \n<picture>\n            <source media=\"(max-width: 575.98px)\" srcset=\"https:\/\/www.schlosstorgelow.de\/wp-content\/uploads\/2025\/07\/Bilderalbum-Abitur-2025-6-7-320x240.avif 320w, https:\/\/www.schlosstorgelow.de\/wp-content\/uploads\/2025\/07\/Bilderalbum-Abitur-2025-6-7-540x405.avif 540w, https:\/\/www.schlosstorgelow.de\/wp-content\/uploads\/2025\/07\/Bilderalbum-Abitur-2025-6-7-640x480.avif 640w\" sizes=\"calc(100vw - 32px)\" type=\"image\/avif\">\n    \n            <source srcset=\"https:\/\/www.schlosstorgelow.de\/wp-content\/uploads\/2025\/07\/Bilderalbum-Abitur-2025-6-7-320x240.avif 320w, https:\/\/www.schlosstorgelow.de\/wp-content\/uploads\/2025\/07\/Bilderalbum-Abitur-2025-6-7-540x405.avif 540w, https:\/\/www.schlosstorgelow.de\/wp-content\/uploads\/2025\/07\/Bilderalbum-Abitur-2025-6-7-640x480.avif 640w, https:\/\/www.schlosstorgelow.de\/wp-content\/uploads\/2025\/07\/Bilderalbum-Abitur-2025-6-7-720x540.avif 720w, https:\/\/www.schlosstorgelow.de\/wp-content\/uploads\/2025\/07\/Bilderalbum-Abitur-2025-6-7-1080x810.avif 1080w, https:\/\/www.schlosstorgelow.de\/wp-content\/uploads\/2025\/07\/Bilderalbum-Abitur-2025-6-7-1440x1080.avif 1440w\" sizes=\"(min-width: 768px) 720px, (min-width: 576px) 540px, calc(100vw - 32px)\" type=\"image\/avif\">\n    \n    \n    <img src=\"https:\/\/www.schlosstorgelow.de\/wp-content\/uploads\/2025\/07\/Bilderalbum-Abitur-2025-6-7-720x540.avif\"\n         srcset=\"https:\/\/www.schlosstorgelow.de\/wp-content\/uploads\/2025\/07\/Bilderalbum-Abitur-2025-6-7-320x240.avif 320w, https:\/\/www.schlosstorgelow.de\/wp-content\/uploads\/2025\/07\/Bilderalbum-Abitur-2025-6-7-540x405.avif 540w, https:\/\/www.schlosstorgelow.de\/wp-content\/uploads\/2025\/07\/Bilderalbum-Abitur-2025-6-7-640x480.avif 640w, https:\/\/www.schlosstorgelow.de\/wp-content\/uploads\/2025\/07\/Bilderalbum-Abitur-2025-6-7-720x540.avif 720w, https:\/\/www.schlosstorgelow.de\/wp-content\/uploads\/2025\/07\/Bilderalbum-Abitur-2025-6-7-1080x810.avif 1080w, https:\/\/www.schlosstorgelow.de\/wp-content\/uploads\/2025\/07\/Bilderalbum-Abitur-2025-6-7-1440x1080.avif 1440w\"         sizes=\"auto, (min-width: 768px) 720px, (min-width: 576px) 540px, calc(100vw - 32px)\"         alt=\"Album photos Baccalaur\u00e9at 2025\"\n         title=\"Album photos Baccalaur\u00e9at 2025\"\n         width=\"720\"\n         height=\"540\"\n          loading=\"lazy\" decoding=\"async\">\n<\/picture>\n                                <\/a>\n                                                                                    <a data-fslightbox href=\"https:\/\/www.schlosstorgelow.de\/wp-content\/uploads\/2025\/07\/Bilderalbum-Abitur-2025-7-7.avif\" aria-label=\"Image gallery\">\n                                    \n<picture>\n            <source media=\"(max-width: 575.98px)\" srcset=\"https:\/\/www.schlosstorgelow.de\/wp-content\/uploads\/2025\/07\/Bilderalbum-Abitur-2025-7-7-320x240.avif 320w, https:\/\/www.schlosstorgelow.de\/wp-content\/uploads\/2025\/07\/Bilderalbum-Abitur-2025-7-7-540x405.avif 540w, https:\/\/www.schlosstorgelow.de\/wp-content\/uploads\/2025\/07\/Bilderalbum-Abitur-2025-7-7-640x480.avif 640w\" sizes=\"calc(100vw - 32px)\" type=\"image\/avif\">\n    \n            <source srcset=\"https:\/\/www.schlosstorgelow.de\/wp-content\/uploads\/2025\/07\/Bilderalbum-Abitur-2025-7-7-320x240.avif 320w, https:\/\/www.schlosstorgelow.de\/wp-content\/uploads\/2025\/07\/Bilderalbum-Abitur-2025-7-7-540x405.avif 540w, https:\/\/www.schlosstorgelow.de\/wp-content\/uploads\/2025\/07\/Bilderalbum-Abitur-2025-7-7-640x480.avif 640w, https:\/\/www.schlosstorgelow.de\/wp-content\/uploads\/2025\/07\/Bilderalbum-Abitur-2025-7-7-720x540.avif 720w, https:\/\/www.schlosstorgelow.de\/wp-content\/uploads\/2025\/07\/Bilderalbum-Abitur-2025-7-7-1080x810.avif 1080w, https:\/\/www.schlosstorgelow.de\/wp-content\/uploads\/2025\/07\/Bilderalbum-Abitur-2025-7-7-1440x1080.avif 1440w\" sizes=\"(min-width: 768px) 720px, (min-width: 576px) 540px, calc(100vw - 32px)\" type=\"image\/avif\">\n    \n    \n    <img src=\"https:\/\/www.schlosstorgelow.de\/wp-content\/uploads\/2025\/07\/Bilderalbum-Abitur-2025-7-7-720x540.avif\"\n         srcset=\"https:\/\/www.schlosstorgelow.de\/wp-content\/uploads\/2025\/07\/Bilderalbum-Abitur-2025-7-7-320x240.avif 320w, https:\/\/www.schlosstorgelow.de\/wp-content\/uploads\/2025\/07\/Bilderalbum-Abitur-2025-7-7-540x405.avif 540w, https:\/\/www.schlosstorgelow.de\/wp-content\/uploads\/2025\/07\/Bilderalbum-Abitur-2025-7-7-640x480.avif 640w, https:\/\/www.schlosstorgelow.de\/wp-content\/uploads\/2025\/07\/Bilderalbum-Abitur-2025-7-7-720x540.avif 720w, https:\/\/www.schlosstorgelow.de\/wp-content\/uploads\/2025\/07\/Bilderalbum-Abitur-2025-7-7-1080x810.avif 1080w, https:\/\/www.schlosstorgelow.de\/wp-content\/uploads\/2025\/07\/Bilderalbum-Abitur-2025-7-7-1440x1080.avif 1440w\"         sizes=\"auto, (min-width: 768px) 720px, (min-width: 576px) 540px, calc(100vw - 32px)\"         alt=\"Album photos Baccalaur\u00e9at 2025\"\n         title=\"Album photos Baccalaur\u00e9at 2025\"\n         width=\"720\"\n         height=\"540\"\n          loading=\"lazy\" decoding=\"async\">\n<\/picture>\n                                <\/a>\n                                                                                    <a data-fslightbox href=\"https:\/\/www.schlosstorgelow.de\/wp-content\/uploads\/2025\/07\/Bilderalbum-Abitur-2025-8-7.avif\" aria-label=\"Image gallery\">\n                                    \n<picture>\n            <source media=\"(max-width: 575.98px)\" srcset=\"https:\/\/www.schlosstorgelow.de\/wp-content\/uploads\/2025\/07\/Bilderalbum-Abitur-2025-8-7-320x240.avif 320w, https:\/\/www.schlosstorgelow.de\/wp-content\/uploads\/2025\/07\/Bilderalbum-Abitur-2025-8-7-540x405.avif 540w, https:\/\/www.schlosstorgelow.de\/wp-content\/uploads\/2025\/07\/Bilderalbum-Abitur-2025-8-7-640x480.avif 640w\" sizes=\"calc(100vw - 32px)\" type=\"image\/avif\">\n    \n            <source srcset=\"https:\/\/www.schlosstorgelow.de\/wp-content\/uploads\/2025\/07\/Bilderalbum-Abitur-2025-8-7-320x240.avif 320w, https:\/\/www.schlosstorgelow.de\/wp-content\/uploads\/2025\/07\/Bilderalbum-Abitur-2025-8-7-540x405.avif 540w, https:\/\/www.schlosstorgelow.de\/wp-content\/uploads\/2025\/07\/Bilderalbum-Abitur-2025-8-7-640x480.avif 640w, https:\/\/www.schlosstorgelow.de\/wp-content\/uploads\/2025\/07\/Bilderalbum-Abitur-2025-8-7-720x540.avif 720w, https:\/\/www.schlosstorgelow.de\/wp-content\/uploads\/2025\/07\/Bilderalbum-Abitur-2025-8-7-1080x810.avif 1080w, https:\/\/www.schlosstorgelow.de\/wp-content\/uploads\/2025\/07\/Bilderalbum-Abitur-2025-8-7-1440x1080.avif 1440w\" sizes=\"(min-width: 768px) 720px, (min-width: 576px) 540px, calc(100vw - 32px)\" type=\"image\/avif\">\n    \n    \n    <img src=\"https:\/\/www.schlosstorgelow.de\/wp-content\/uploads\/2025\/07\/Bilderalbum-Abitur-2025-8-7-720x540.avif\"\n         srcset=\"https:\/\/www.schlosstorgelow.de\/wp-content\/uploads\/2025\/07\/Bilderalbum-Abitur-2025-8-7-320x240.avif 320w, https:\/\/www.schlosstorgelow.de\/wp-content\/uploads\/2025\/07\/Bilderalbum-Abitur-2025-8-7-540x405.avif 540w, https:\/\/www.schlosstorgelow.de\/wp-content\/uploads\/2025\/07\/Bilderalbum-Abitur-2025-8-7-640x480.avif 640w, https:\/\/www.schlosstorgelow.de\/wp-content\/uploads\/2025\/07\/Bilderalbum-Abitur-2025-8-7-720x540.avif 720w, https:\/\/www.schlosstorgelow.de\/wp-content\/uploads\/2025\/07\/Bilderalbum-Abitur-2025-8-7-1080x810.avif 1080w, https:\/\/www.schlosstorgelow.de\/wp-content\/uploads\/2025\/07\/Bilderalbum-Abitur-2025-8-7-1440x1080.avif 1440w\"         sizes=\"auto, (min-width: 768px) 720px, (min-width: 576px) 540px, calc(100vw - 32px)\"         alt=\"Album photos Baccalaur\u00e9at 2025\"\n         title=\"Album photos Baccalaur\u00e9at 2025\"\n         width=\"720\"\n         height=\"540\"\n          loading=\"lazy\" decoding=\"async\">\n<\/picture>\n                                <\/a>\n                                                                                    <a data-fslightbox href=\"https:\/\/www.schlosstorgelow.de\/wp-content\/uploads\/2025\/07\/Bilderalbum-Abitur-2025-9-7.avif\" aria-label=\"Image gallery\">\n                                    \n<picture>\n            <source media=\"(max-width: 575.98px)\" srcset=\"https:\/\/www.schlosstorgelow.de\/wp-content\/uploads\/2025\/07\/Bilderalbum-Abitur-2025-9-7-320x240.avif 320w, https:\/\/www.schlosstorgelow.de\/wp-content\/uploads\/2025\/07\/Bilderalbum-Abitur-2025-9-7-540x405.avif 540w, https:\/\/www.schlosstorgelow.de\/wp-content\/uploads\/2025\/07\/Bilderalbum-Abitur-2025-9-7-640x480.avif 640w\" sizes=\"calc(100vw - 32px)\" type=\"image\/avif\">\n    \n            <source srcset=\"https:\/\/www.schlosstorgelow.de\/wp-content\/uploads\/2025\/07\/Bilderalbum-Abitur-2025-9-7-320x240.avif 320w, https:\/\/www.schlosstorgelow.de\/wp-content\/uploads\/2025\/07\/Bilderalbum-Abitur-2025-9-7-540x405.avif 540w, https:\/\/www.schlosstorgelow.de\/wp-content\/uploads\/2025\/07\/Bilderalbum-Abitur-2025-9-7-640x480.avif 640w, https:\/\/www.schlosstorgelow.de\/wp-content\/uploads\/2025\/07\/Bilderalbum-Abitur-2025-9-7-720x540.avif 720w, https:\/\/www.schlosstorgelow.de\/wp-content\/uploads\/2025\/07\/Bilderalbum-Abitur-2025-9-7-1080x810.avif 1080w, https:\/\/www.schlosstorgelow.de\/wp-content\/uploads\/2025\/07\/Bilderalbum-Abitur-2025-9-7-1440x1080.avif 1440w\" sizes=\"(min-width: 768px) 720px, (min-width: 576px) 540px, calc(100vw - 32px)\" type=\"image\/avif\">\n    \n    \n    <img src=\"https:\/\/www.schlosstorgelow.de\/wp-content\/uploads\/2025\/07\/Bilderalbum-Abitur-2025-9-7-720x540.avif\"\n         srcset=\"https:\/\/www.schlosstorgelow.de\/wp-content\/uploads\/2025\/07\/Bilderalbum-Abitur-2025-9-7-320x240.avif 320w, https:\/\/www.schlosstorgelow.de\/wp-content\/uploads\/2025\/07\/Bilderalbum-Abitur-2025-9-7-540x405.avif 540w, https:\/\/www.schlosstorgelow.de\/wp-content\/uploads\/2025\/07\/Bilderalbum-Abitur-2025-9-7-640x480.avif 640w, https:\/\/www.schlosstorgelow.de\/wp-content\/uploads\/2025\/07\/Bilderalbum-Abitur-2025-9-7-720x540.avif 720w, https:\/\/www.schlosstorgelow.de\/wp-content\/uploads\/2025\/07\/Bilderalbum-Abitur-2025-9-7-1080x810.avif 1080w, https:\/\/www.schlosstorgelow.de\/wp-content\/uploads\/2025\/07\/Bilderalbum-Abitur-2025-9-7-1440x1080.avif 1440w\"         sizes=\"auto, (min-width: 768px) 720px, (min-width: 576px) 540px, calc(100vw - 32px)\"         alt=\"Album photos Baccalaur\u00e9at 2025\"\n         title=\"Album photos Baccalaur\u00e9at 2025\"\n         width=\"720\"\n         height=\"540\"\n          loading=\"lazy\" decoding=\"async\">\n<\/picture>\n                                <\/a>\n                                                                                    <a data-fslightbox href=\"https:\/\/www.schlosstorgelow.de\/wp-content\/uploads\/2025\/07\/Bilderalbum-Abitur-2025-10-7.avif\" aria-label=\"Image gallery\">\n                                    \n<picture>\n            <source media=\"(max-width: 575.98px)\" srcset=\"https:\/\/www.schlosstorgelow.de\/wp-content\/uploads\/2025\/07\/Bilderalbum-Abitur-2025-10-7-320x240.avif 320w, https:\/\/www.schlosstorgelow.de\/wp-content\/uploads\/2025\/07\/Bilderalbum-Abitur-2025-10-7-540x405.avif 540w, https:\/\/www.schlosstorgelow.de\/wp-content\/uploads\/2025\/07\/Bilderalbum-Abitur-2025-10-7-640x480.avif 640w\" sizes=\"calc(100vw - 32px)\" type=\"image\/avif\">\n    \n            <source srcset=\"https:\/\/www.schlosstorgelow.de\/wp-content\/uploads\/2025\/07\/Bilderalbum-Abitur-2025-10-7-320x240.avif 320w, https:\/\/www.schlosstorgelow.de\/wp-content\/uploads\/2025\/07\/Bilderalbum-Abitur-2025-10-7-540x405.avif 540w, https:\/\/www.schlosstorgelow.de\/wp-content\/uploads\/2025\/07\/Bilderalbum-Abitur-2025-10-7-640x480.avif 640w, https:\/\/www.schlosstorgelow.de\/wp-content\/uploads\/2025\/07\/Bilderalbum-Abitur-2025-10-7-720x540.avif 720w, https:\/\/www.schlosstorgelow.de\/wp-content\/uploads\/2025\/07\/Bilderalbum-Abitur-2025-10-7-1080x810.avif 1080w, https:\/\/www.schlosstorgelow.de\/wp-content\/uploads\/2025\/07\/Bilderalbum-Abitur-2025-10-7-1440x1080.avif 1440w\" sizes=\"(min-width: 768px) 720px, (min-width: 576px) 540px, calc(100vw - 32px)\" type=\"image\/avif\">\n    \n    \n    <img src=\"https:\/\/www.schlosstorgelow.de\/wp-content\/uploads\/2025\/07\/Bilderalbum-Abitur-2025-10-7-720x540.avif\"\n         srcset=\"https:\/\/www.schlosstorgelow.de\/wp-content\/uploads\/2025\/07\/Bilderalbum-Abitur-2025-10-7-320x240.avif 320w, https:\/\/www.schlosstorgelow.de\/wp-content\/uploads\/2025\/07\/Bilderalbum-Abitur-2025-10-7-540x405.avif 540w, https:\/\/www.schlosstorgelow.de\/wp-content\/uploads\/2025\/07\/Bilderalbum-Abitur-2025-10-7-640x480.avif 640w, https:\/\/www.schlosstorgelow.de\/wp-content\/uploads\/2025\/07\/Bilderalbum-Abitur-2025-10-7-720x540.avif 720w, https:\/\/www.schlosstorgelow.de\/wp-content\/uploads\/2025\/07\/Bilderalbum-Abitur-2025-10-7-1080x810.avif 1080w, https:\/\/www.schlosstorgelow.de\/wp-content\/uploads\/2025\/07\/Bilderalbum-Abitur-2025-10-7-1440x1080.avif 1440w\"         sizes=\"auto, (min-width: 768px) 720px, (min-width: 576px) 540px, calc(100vw - 32px)\"         alt=\"Album photos Baccalaur\u00e9at 2025\"\n         title=\"Album photos Baccalaur\u00e9at 2025\"\n         width=\"720\"\n         height=\"540\"\n          loading=\"lazy\" decoding=\"async\">\n<\/picture>\n                                <\/a>\n                                                                                    <a data-fslightbox href=\"https:\/\/www.schlosstorgelow.de\/wp-content\/uploads\/2025\/07\/Bilderalbum-Abitur-2025-11-7.avif\" aria-label=\"Image gallery\">\n                                    \n<picture>\n            <source media=\"(max-width: 575.98px)\" srcset=\"https:\/\/www.schlosstorgelow.de\/wp-content\/uploads\/2025\/07\/Bilderalbum-Abitur-2025-11-7-320x240.avif 320w, https:\/\/www.schlosstorgelow.de\/wp-content\/uploads\/2025\/07\/Bilderalbum-Abitur-2025-11-7-540x405.avif 540w, https:\/\/www.schlosstorgelow.de\/wp-content\/uploads\/2025\/07\/Bilderalbum-Abitur-2025-11-7-640x480.avif 640w\" sizes=\"calc(100vw - 32px)\" type=\"image\/avif\">\n    \n            <source srcset=\"https:\/\/www.schlosstorgelow.de\/wp-content\/uploads\/2025\/07\/Bilderalbum-Abitur-2025-11-7-320x240.avif 320w, https:\/\/www.schlosstorgelow.de\/wp-content\/uploads\/2025\/07\/Bilderalbum-Abitur-2025-11-7-540x405.avif 540w, https:\/\/www.schlosstorgelow.de\/wp-content\/uploads\/2025\/07\/Bilderalbum-Abitur-2025-11-7-640x480.avif 640w, https:\/\/www.schlosstorgelow.de\/wp-content\/uploads\/2025\/07\/Bilderalbum-Abitur-2025-11-7-720x540.avif 720w, https:\/\/www.schlosstorgelow.de\/wp-content\/uploads\/2025\/07\/Bilderalbum-Abitur-2025-11-7-1080x810.avif 1080w, https:\/\/www.schlosstorgelow.de\/wp-content\/uploads\/2025\/07\/Bilderalbum-Abitur-2025-11-7-1440x1080.avif 1440w\" sizes=\"(min-width: 768px) 720px, (min-width: 576px) 540px, calc(100vw - 32px)\" type=\"image\/avif\">\n    \n    \n    <img src=\"https:\/\/www.schlosstorgelow.de\/wp-content\/uploads\/2025\/07\/Bilderalbum-Abitur-2025-11-7-720x540.avif\"\n         srcset=\"https:\/\/www.schlosstorgelow.de\/wp-content\/uploads\/2025\/07\/Bilderalbum-Abitur-2025-11-7-320x240.avif 320w, https:\/\/www.schlosstorgelow.de\/wp-content\/uploads\/2025\/07\/Bilderalbum-Abitur-2025-11-7-540x405.avif 540w, https:\/\/www.schlosstorgelow.de\/wp-content\/uploads\/2025\/07\/Bilderalbum-Abitur-2025-11-7-640x480.avif 640w, https:\/\/www.schlosstorgelow.de\/wp-content\/uploads\/2025\/07\/Bilderalbum-Abitur-2025-11-7-720x540.avif 720w, https:\/\/www.schlosstorgelow.de\/wp-content\/uploads\/2025\/07\/Bilderalbum-Abitur-2025-11-7-1080x810.avif 1080w, https:\/\/www.schlosstorgelow.de\/wp-content\/uploads\/2025\/07\/Bilderalbum-Abitur-2025-11-7-1440x1080.avif 1440w\"         sizes=\"auto, (min-width: 768px) 720px, (min-width: 576px) 540px, calc(100vw - 32px)\"         alt=\"Album photos Baccalaur\u00e9at 2025\"\n         title=\"Album photos Baccalaur\u00e9at 2025\"\n         width=\"720\"\n         height=\"540\"\n          loading=\"lazy\" decoding=\"async\">\n<\/picture>\n                                <\/a>\n                                                                                    <a data-fslightbox href=\"https:\/\/www.schlosstorgelow.de\/wp-content\/uploads\/2025\/07\/Bilderalbum-Abitur-2025-12-7.avif\" aria-label=\"Image gallery\">\n                                    \n<picture>\n            <source media=\"(max-width: 575.98px)\" srcset=\"https:\/\/www.schlosstorgelow.de\/wp-content\/uploads\/2025\/07\/Bilderalbum-Abitur-2025-12-7-320x240.avif 320w, https:\/\/www.schlosstorgelow.de\/wp-content\/uploads\/2025\/07\/Bilderalbum-Abitur-2025-12-7-540x405.avif 540w, https:\/\/www.schlosstorgelow.de\/wp-content\/uploads\/2025\/07\/Bilderalbum-Abitur-2025-12-7-640x480.avif 640w\" sizes=\"calc(100vw - 32px)\" type=\"image\/avif\">\n    \n            <source srcset=\"https:\/\/www.schlosstorgelow.de\/wp-content\/uploads\/2025\/07\/Bilderalbum-Abitur-2025-12-7-320x240.avif 320w, https:\/\/www.schlosstorgelow.de\/wp-content\/uploads\/2025\/07\/Bilderalbum-Abitur-2025-12-7-540x405.avif 540w, https:\/\/www.schlosstorgelow.de\/wp-content\/uploads\/2025\/07\/Bilderalbum-Abitur-2025-12-7-640x480.avif 640w, https:\/\/www.schlosstorgelow.de\/wp-content\/uploads\/2025\/07\/Bilderalbum-Abitur-2025-12-7-720x540.avif 720w, https:\/\/www.schlosstorgelow.de\/wp-content\/uploads\/2025\/07\/Bilderalbum-Abitur-2025-12-7-1080x810.avif 1080w, https:\/\/www.schlosstorgelow.de\/wp-content\/uploads\/2025\/07\/Bilderalbum-Abitur-2025-12-7-1440x1080.avif 1440w\" sizes=\"(min-width: 768px) 720px, (min-width: 576px) 540px, calc(100vw - 32px)\" type=\"image\/avif\">\n    \n    \n    <img src=\"https:\/\/www.schlosstorgelow.de\/wp-content\/uploads\/2025\/07\/Bilderalbum-Abitur-2025-12-7-720x540.avif\"\n         srcset=\"https:\/\/www.schlosstorgelow.de\/wp-content\/uploads\/2025\/07\/Bilderalbum-Abitur-2025-12-7-320x240.avif 320w, https:\/\/www.schlosstorgelow.de\/wp-content\/uploads\/2025\/07\/Bilderalbum-Abitur-2025-12-7-540x405.avif 540w, https:\/\/www.schlosstorgelow.de\/wp-content\/uploads\/2025\/07\/Bilderalbum-Abitur-2025-12-7-640x480.avif 640w, https:\/\/www.schlosstorgelow.de\/wp-content\/uploads\/2025\/07\/Bilderalbum-Abitur-2025-12-7-720x540.avif 720w, https:\/\/www.schlosstorgelow.de\/wp-content\/uploads\/2025\/07\/Bilderalbum-Abitur-2025-12-7-1080x810.avif 1080w, https:\/\/www.schlosstorgelow.de\/wp-content\/uploads\/2025\/07\/Bilderalbum-Abitur-2025-12-7-1440x1080.avif 1440w\"         sizes=\"auto, (min-width: 768px) 720px, (min-width: 576px) 540px, calc(100vw - 32px)\"         alt=\"Album photos Baccalaur\u00e9at 2025\"\n         title=\"Album photos Baccalaur\u00e9at 2025\"\n         width=\"720\"\n         height=\"540\"\n          loading=\"lazy\" decoding=\"async\">\n<\/picture>\n                                <\/a>\n                                                                                    <a data-fslightbox href=\"https:\/\/www.schlosstorgelow.de\/wp-content\/uploads\/2025\/07\/Bilderalbum-Abitur-2025-13-7.avif\" aria-label=\"Image gallery\">\n                                    \n<picture>\n            <source media=\"(max-width: 575.98px)\" srcset=\"https:\/\/www.schlosstorgelow.de\/wp-content\/uploads\/2025\/07\/Bilderalbum-Abitur-2025-13-7-320x240.avif 320w, https:\/\/www.schlosstorgelow.de\/wp-content\/uploads\/2025\/07\/Bilderalbum-Abitur-2025-13-7-540x405.avif 540w, https:\/\/www.schlosstorgelow.de\/wp-content\/uploads\/2025\/07\/Bilderalbum-Abitur-2025-13-7-640x480.avif 640w\" sizes=\"calc(100vw - 32px)\" type=\"image\/avif\">\n    \n            <source srcset=\"https:\/\/www.schlosstorgelow.de\/wp-content\/uploads\/2025\/07\/Bilderalbum-Abitur-2025-13-7-320x240.avif 320w, https:\/\/www.schlosstorgelow.de\/wp-content\/uploads\/2025\/07\/Bilderalbum-Abitur-2025-13-7-540x405.avif 540w, https:\/\/www.schlosstorgelow.de\/wp-content\/uploads\/2025\/07\/Bilderalbum-Abitur-2025-13-7-640x480.avif 640w, https:\/\/www.schlosstorgelow.de\/wp-content\/uploads\/2025\/07\/Bilderalbum-Abitur-2025-13-7-720x540.avif 720w, https:\/\/www.schlosstorgelow.de\/wp-content\/uploads\/2025\/07\/Bilderalbum-Abitur-2025-13-7-1080x810.avif 1080w, https:\/\/www.schlosstorgelow.de\/wp-content\/uploads\/2025\/07\/Bilderalbum-Abitur-2025-13-7-1440x1080.avif 1440w\" sizes=\"(min-width: 768px) 720px, (min-width: 576px) 540px, calc(100vw - 32px)\" type=\"image\/avif\">\n    \n    \n    <img src=\"https:\/\/www.schlosstorgelow.de\/wp-content\/uploads\/2025\/07\/Bilderalbum-Abitur-2025-13-7-720x540.avif\"\n         srcset=\"https:\/\/www.schlosstorgelow.de\/wp-content\/uploads\/2025\/07\/Bilderalbum-Abitur-2025-13-7-320x240.avif 320w, https:\/\/www.schlosstorgelow.de\/wp-content\/uploads\/2025\/07\/Bilderalbum-Abitur-2025-13-7-540x405.avif 540w, https:\/\/www.schlosstorgelow.de\/wp-content\/uploads\/2025\/07\/Bilderalbum-Abitur-2025-13-7-640x480.avif 640w, https:\/\/www.schlosstorgelow.de\/wp-content\/uploads\/2025\/07\/Bilderalbum-Abitur-2025-13-7-720x540.avif 720w, https:\/\/www.schlosstorgelow.de\/wp-content\/uploads\/2025\/07\/Bilderalbum-Abitur-2025-13-7-1080x810.avif 1080w, https:\/\/www.schlosstorgelow.de\/wp-content\/uploads\/2025\/07\/Bilderalbum-Abitur-2025-13-7-1440x1080.avif 1440w\"         sizes=\"auto, (min-width: 768px) 720px, (min-width: 576px) 540px, calc(100vw - 32px)\"         alt=\"Album photos Baccalaur\u00e9at 2025\"\n         title=\"Album photos Baccalaur\u00e9at 2025\"\n         width=\"720\"\n         height=\"540\"\n          loading=\"lazy\" decoding=\"async\">\n<\/picture>\n                                <\/a>\n                                                                                    <a data-fslightbox href=\"https:\/\/www.schlosstorgelow.de\/wp-content\/uploads\/2025\/07\/Bilderalbum-Abitur-2025-14-7.avif\" aria-label=\"Image gallery\">\n                                    \n<picture>\n            <source media=\"(max-width: 575.98px)\" srcset=\"https:\/\/www.schlosstorgelow.de\/wp-content\/uploads\/2025\/07\/Bilderalbum-Abitur-2025-14-7-320x240.avif 320w, https:\/\/www.schlosstorgelow.de\/wp-content\/uploads\/2025\/07\/Bilderalbum-Abitur-2025-14-7-540x405.avif 540w, https:\/\/www.schlosstorgelow.de\/wp-content\/uploads\/2025\/07\/Bilderalbum-Abitur-2025-14-7-640x480.avif 640w\" sizes=\"calc(100vw - 32px)\" type=\"image\/avif\">\n    \n            <source srcset=\"https:\/\/www.schlosstorgelow.de\/wp-content\/uploads\/2025\/07\/Bilderalbum-Abitur-2025-14-7-320x240.avif 320w, https:\/\/www.schlosstorgelow.de\/wp-content\/uploads\/2025\/07\/Bilderalbum-Abitur-2025-14-7-540x405.avif 540w, https:\/\/www.schlosstorgelow.de\/wp-content\/uploads\/2025\/07\/Bilderalbum-Abitur-2025-14-7-640x480.avif 640w, https:\/\/www.schlosstorgelow.de\/wp-content\/uploads\/2025\/07\/Bilderalbum-Abitur-2025-14-7-720x540.avif 720w, https:\/\/www.schlosstorgelow.de\/wp-content\/uploads\/2025\/07\/Bilderalbum-Abitur-2025-14-7-1080x810.avif 1080w, https:\/\/www.schlosstorgelow.de\/wp-content\/uploads\/2025\/07\/Bilderalbum-Abitur-2025-14-7-1440x1080.avif 1440w\" sizes=\"(min-width: 768px) 720px, (min-width: 576px) 540px, calc(100vw - 32px)\" type=\"image\/avif\">\n    \n    \n    <img src=\"https:\/\/www.schlosstorgelow.de\/wp-content\/uploads\/2025\/07\/Bilderalbum-Abitur-2025-14-7-720x540.avif\"\n         srcset=\"https:\/\/www.schlosstorgelow.de\/wp-content\/uploads\/2025\/07\/Bilderalbum-Abitur-2025-14-7-320x240.avif 320w, https:\/\/www.schlosstorgelow.de\/wp-content\/uploads\/2025\/07\/Bilderalbum-Abitur-2025-14-7-540x405.avif 540w, https:\/\/www.schlosstorgelow.de\/wp-content\/uploads\/2025\/07\/Bilderalbum-Abitur-2025-14-7-640x480.avif 640w, https:\/\/www.schlosstorgelow.de\/wp-content\/uploads\/2025\/07\/Bilderalbum-Abitur-2025-14-7-720x540.avif 720w, https:\/\/www.schlosstorgelow.de\/wp-content\/uploads\/2025\/07\/Bilderalbum-Abitur-2025-14-7-1080x810.avif 1080w, https:\/\/www.schlosstorgelow.de\/wp-content\/uploads\/2025\/07\/Bilderalbum-Abitur-2025-14-7-1440x1080.avif 1440w\"         sizes=\"auto, (min-width: 768px) 720px, (min-width: 576px) 540px, calc(100vw - 32px)\"         alt=\"Album photos Baccalaur\u00e9at 2025\"\n         title=\"Album photos Baccalaur\u00e9at 2025\"\n         width=\"720\"\n         height=\"540\"\n          loading=\"lazy\" decoding=\"async\">\n<\/picture>\n                                <\/a>\n                                                                                    <a data-fslightbox href=\"https:\/\/www.schlosstorgelow.de\/wp-content\/uploads\/2025\/07\/Bilderalbum-Abitur-2025-15-7.avif\" aria-label=\"Image gallery\">\n                                    \n<picture>\n            <source media=\"(max-width: 575.98px)\" srcset=\"https:\/\/www.schlosstorgelow.de\/wp-content\/uploads\/2025\/07\/Bilderalbum-Abitur-2025-15-7-320x240.avif 320w, https:\/\/www.schlosstorgelow.de\/wp-content\/uploads\/2025\/07\/Bilderalbum-Abitur-2025-15-7-540x405.avif 540w, https:\/\/www.schlosstorgelow.de\/wp-content\/uploads\/2025\/07\/Bilderalbum-Abitur-2025-15-7-640x480.avif 640w\" sizes=\"calc(100vw - 32px)\" type=\"image\/avif\">\n    \n            <source srcset=\"https:\/\/www.schlosstorgelow.de\/wp-content\/uploads\/2025\/07\/Bilderalbum-Abitur-2025-15-7-320x240.avif 320w, https:\/\/www.schlosstorgelow.de\/wp-content\/uploads\/2025\/07\/Bilderalbum-Abitur-2025-15-7-540x405.avif 540w, https:\/\/www.schlosstorgelow.de\/wp-content\/uploads\/2025\/07\/Bilderalbum-Abitur-2025-15-7-640x480.avif 640w, https:\/\/www.schlosstorgelow.de\/wp-content\/uploads\/2025\/07\/Bilderalbum-Abitur-2025-15-7-720x540.avif 720w, https:\/\/www.schlosstorgelow.de\/wp-content\/uploads\/2025\/07\/Bilderalbum-Abitur-2025-15-7-1080x810.avif 1080w, https:\/\/www.schlosstorgelow.de\/wp-content\/uploads\/2025\/07\/Bilderalbum-Abitur-2025-15-7-1440x1080.avif 1440w\" sizes=\"(min-width: 768px) 720px, (min-width: 576px) 540px, calc(100vw - 32px)\" type=\"image\/avif\">\n    \n    \n    <img src=\"https:\/\/www.schlosstorgelow.de\/wp-content\/uploads\/2025\/07\/Bilderalbum-Abitur-2025-15-7-720x540.avif\"\n         srcset=\"https:\/\/www.schlosstorgelow.de\/wp-content\/uploads\/2025\/07\/Bilderalbum-Abitur-2025-15-7-320x240.avif 320w, https:\/\/www.schlosstorgelow.de\/wp-content\/uploads\/2025\/07\/Bilderalbum-Abitur-2025-15-7-540x405.avif 540w, https:\/\/www.schlosstorgelow.de\/wp-content\/uploads\/2025\/07\/Bilderalbum-Abitur-2025-15-7-640x480.avif 640w, https:\/\/www.schlosstorgelow.de\/wp-content\/uploads\/2025\/07\/Bilderalbum-Abitur-2025-15-7-720x540.avif 720w, https:\/\/www.schlosstorgelow.de\/wp-content\/uploads\/2025\/07\/Bilderalbum-Abitur-2025-15-7-1080x810.avif 1080w, https:\/\/www.schlosstorgelow.de\/wp-content\/uploads\/2025\/07\/Bilderalbum-Abitur-2025-15-7-1440x1080.avif 1440w\"         sizes=\"auto, (min-width: 768px) 720px, (min-width: 576px) 540px, calc(100vw - 32px)\"         alt=\"Album photos Baccalaur\u00e9at 2025\"\n         title=\"Album photos Baccalaur\u00e9at 2025\"\n         width=\"720\"\n         height=\"540\"\n          loading=\"lazy\" decoding=\"async\">\n<\/picture>\n                                <\/a>\n                                                                                    <a data-fslightbox href=\"https:\/\/www.schlosstorgelow.de\/wp-content\/uploads\/2025\/07\/Bilderalbum-Abitur-2025-16-7.avif\" aria-label=\"Image gallery\">\n                                    \n<picture>\n            <source media=\"(max-width: 575.98px)\" srcset=\"https:\/\/www.schlosstorgelow.de\/wp-content\/uploads\/2025\/07\/Bilderalbum-Abitur-2025-16-7-320x240.avif 320w, https:\/\/www.schlosstorgelow.de\/wp-content\/uploads\/2025\/07\/Bilderalbum-Abitur-2025-16-7-540x405.avif 540w, https:\/\/www.schlosstorgelow.de\/wp-content\/uploads\/2025\/07\/Bilderalbum-Abitur-2025-16-7-640x480.avif 640w\" sizes=\"calc(100vw - 32px)\" type=\"image\/avif\">\n    \n            <source srcset=\"https:\/\/www.schlosstorgelow.de\/wp-content\/uploads\/2025\/07\/Bilderalbum-Abitur-2025-16-7-320x240.avif 320w, https:\/\/www.schlosstorgelow.de\/wp-content\/uploads\/2025\/07\/Bilderalbum-Abitur-2025-16-7-540x405.avif 540w, https:\/\/www.schlosstorgelow.de\/wp-content\/uploads\/2025\/07\/Bilderalbum-Abitur-2025-16-7-640x480.avif 640w, https:\/\/www.schlosstorgelow.de\/wp-content\/uploads\/2025\/07\/Bilderalbum-Abitur-2025-16-7-720x540.avif 720w, https:\/\/www.schlosstorgelow.de\/wp-content\/uploads\/2025\/07\/Bilderalbum-Abitur-2025-16-7-1080x810.avif 1080w, https:\/\/www.schlosstorgelow.de\/wp-content\/uploads\/2025\/07\/Bilderalbum-Abitur-2025-16-7-1440x1080.avif 1440w\" sizes=\"(min-width: 768px) 720px, (min-width: 576px) 540px, calc(100vw - 32px)\" type=\"image\/avif\">\n    \n    \n    <img src=\"https:\/\/www.schlosstorgelow.de\/wp-content\/uploads\/2025\/07\/Bilderalbum-Abitur-2025-16-7-720x540.avif\"\n         srcset=\"https:\/\/www.schlosstorgelow.de\/wp-content\/uploads\/2025\/07\/Bilderalbum-Abitur-2025-16-7-320x240.avif 320w, https:\/\/www.schlosstorgelow.de\/wp-content\/uploads\/2025\/07\/Bilderalbum-Abitur-2025-16-7-540x405.avif 540w, https:\/\/www.schlosstorgelow.de\/wp-content\/uploads\/2025\/07\/Bilderalbum-Abitur-2025-16-7-640x480.avif 640w, https:\/\/www.schlosstorgelow.de\/wp-content\/uploads\/2025\/07\/Bilderalbum-Abitur-2025-16-7-720x540.avif 720w, https:\/\/www.schlosstorgelow.de\/wp-content\/uploads\/2025\/07\/Bilderalbum-Abitur-2025-16-7-1080x810.avif 1080w, https:\/\/www.schlosstorgelow.de\/wp-content\/uploads\/2025\/07\/Bilderalbum-Abitur-2025-16-7-1440x1080.avif 1440w\"         sizes=\"auto, (min-width: 768px) 720px, (min-width: 576px) 540px, calc(100vw - 32px)\"         alt=\"Album photos Baccalaur\u00e9at 2025\"\n         title=\"Album photos Baccalaur\u00e9at 2025\"\n         width=\"720\"\n         height=\"540\"\n          loading=\"lazy\" decoding=\"async\">\n<\/picture>\n                                <\/a>\n                                                                                    <a data-fslightbox href=\"https:\/\/www.schlosstorgelow.de\/wp-content\/uploads\/2025\/07\/Bilderalbum-Abitur-2025-17-7.avif\" aria-label=\"Image gallery\">\n                                    \n<picture>\n            <source media=\"(max-width: 575.98px)\" srcset=\"https:\/\/www.schlosstorgelow.de\/wp-content\/uploads\/2025\/07\/Bilderalbum-Abitur-2025-17-7-320x240.avif 320w, https:\/\/www.schlosstorgelow.de\/wp-content\/uploads\/2025\/07\/Bilderalbum-Abitur-2025-17-7-540x405.avif 540w, https:\/\/www.schlosstorgelow.de\/wp-content\/uploads\/2025\/07\/Bilderalbum-Abitur-2025-17-7-640x480.avif 640w\" sizes=\"calc(100vw - 32px)\" type=\"image\/avif\">\n    \n            <source srcset=\"https:\/\/www.schlosstorgelow.de\/wp-content\/uploads\/2025\/07\/Bilderalbum-Abitur-2025-17-7-320x240.avif 320w, https:\/\/www.schlosstorgelow.de\/wp-content\/uploads\/2025\/07\/Bilderalbum-Abitur-2025-17-7-540x405.avif 540w, https:\/\/www.schlosstorgelow.de\/wp-content\/uploads\/2025\/07\/Bilderalbum-Abitur-2025-17-7-640x480.avif 640w, https:\/\/www.schlosstorgelow.de\/wp-content\/uploads\/2025\/07\/Bilderalbum-Abitur-2025-17-7-720x540.avif 720w, https:\/\/www.schlosstorgelow.de\/wp-content\/uploads\/2025\/07\/Bilderalbum-Abitur-2025-17-7-1080x810.avif 1080w, https:\/\/www.schlosstorgelow.de\/wp-content\/uploads\/2025\/07\/Bilderalbum-Abitur-2025-17-7-1440x1080.avif 1440w\" sizes=\"(min-width: 768px) 720px, (min-width: 576px) 540px, calc(100vw - 32px)\" type=\"image\/avif\">\n    \n    \n    <img src=\"https:\/\/www.schlosstorgelow.de\/wp-content\/uploads\/2025\/07\/Bilderalbum-Abitur-2025-17-7-720x540.avif\"\n         srcset=\"https:\/\/www.schlosstorgelow.de\/wp-content\/uploads\/2025\/07\/Bilderalbum-Abitur-2025-17-7-320x240.avif 320w, https:\/\/www.schlosstorgelow.de\/wp-content\/uploads\/2025\/07\/Bilderalbum-Abitur-2025-17-7-540x405.avif 540w, https:\/\/www.schlosstorgelow.de\/wp-content\/uploads\/2025\/07\/Bilderalbum-Abitur-2025-17-7-640x480.avif 640w, https:\/\/www.schlosstorgelow.de\/wp-content\/uploads\/2025\/07\/Bilderalbum-Abitur-2025-17-7-720x540.avif 720w, https:\/\/www.schlosstorgelow.de\/wp-content\/uploads\/2025\/07\/Bilderalbum-Abitur-2025-17-7-1080x810.avif 1080w, https:\/\/www.schlosstorgelow.de\/wp-content\/uploads\/2025\/07\/Bilderalbum-Abitur-2025-17-7-1440x1080.avif 1440w\"         sizes=\"auto, (min-width: 768px) 720px, (min-width: 576px) 540px, calc(100vw - 32px)\"         alt=\"Album photos Baccalaur\u00e9at 2025\"\n         title=\"Album photos Baccalaur\u00e9at 2025\"\n         width=\"720\"\n         height=\"540\"\n          loading=\"lazy\" decoding=\"async\">\n<\/picture>\n                                <\/a>\n                                                                                    <a data-fslightbox href=\"https:\/\/www.schlosstorgelow.de\/wp-content\/uploads\/2025\/07\/Bilderalbum-Abitur-2025-18-7.avif\" aria-label=\"Image gallery\">\n                                    \n<picture>\n            <source media=\"(max-width: 575.98px)\" srcset=\"https:\/\/www.schlosstorgelow.de\/wp-content\/uploads\/2025\/07\/Bilderalbum-Abitur-2025-18-7-320x240.avif 320w, https:\/\/www.schlosstorgelow.de\/wp-content\/uploads\/2025\/07\/Bilderalbum-Abitur-2025-18-7-540x405.avif 540w, https:\/\/www.schlosstorgelow.de\/wp-content\/uploads\/2025\/07\/Bilderalbum-Abitur-2025-18-7-640x480.avif 640w\" sizes=\"calc(100vw - 32px)\" type=\"image\/avif\">\n    \n            <source srcset=\"https:\/\/www.schlosstorgelow.de\/wp-content\/uploads\/2025\/07\/Bilderalbum-Abitur-2025-18-7-320x240.avif 320w, https:\/\/www.schlosstorgelow.de\/wp-content\/uploads\/2025\/07\/Bilderalbum-Abitur-2025-18-7-540x405.avif 540w, https:\/\/www.schlosstorgelow.de\/wp-content\/uploads\/2025\/07\/Bilderalbum-Abitur-2025-18-7-640x480.avif 640w, https:\/\/www.schlosstorgelow.de\/wp-content\/uploads\/2025\/07\/Bilderalbum-Abitur-2025-18-7-720x540.avif 720w, https:\/\/www.schlosstorgelow.de\/wp-content\/uploads\/2025\/07\/Bilderalbum-Abitur-2025-18-7-1080x810.avif 1080w, https:\/\/www.schlosstorgelow.de\/wp-content\/uploads\/2025\/07\/Bilderalbum-Abitur-2025-18-7-1440x1080.avif 1440w\" sizes=\"(min-width: 768px) 720px, (min-width: 576px) 540px, calc(100vw - 32px)\" type=\"image\/avif\">\n    \n    \n    <img src=\"https:\/\/www.schlosstorgelow.de\/wp-content\/uploads\/2025\/07\/Bilderalbum-Abitur-2025-18-7-720x540.avif\"\n         srcset=\"https:\/\/www.schlosstorgelow.de\/wp-content\/uploads\/2025\/07\/Bilderalbum-Abitur-2025-18-7-320x240.avif 320w, https:\/\/www.schlosstorgelow.de\/wp-content\/uploads\/2025\/07\/Bilderalbum-Abitur-2025-18-7-540x405.avif 540w, https:\/\/www.schlosstorgelow.de\/wp-content\/uploads\/2025\/07\/Bilderalbum-Abitur-2025-18-7-640x480.avif 640w, https:\/\/www.schlosstorgelow.de\/wp-content\/uploads\/2025\/07\/Bilderalbum-Abitur-2025-18-7-720x540.avif 720w, https:\/\/www.schlosstorgelow.de\/wp-content\/uploads\/2025\/07\/Bilderalbum-Abitur-2025-18-7-1080x810.avif 1080w, https:\/\/www.schlosstorgelow.de\/wp-content\/uploads\/2025\/07\/Bilderalbum-Abitur-2025-18-7-1440x1080.avif 1440w\"         sizes=\"auto, (min-width: 768px) 720px, (min-width: 576px) 540px, calc(100vw - 32px)\"         alt=\"Album photos Baccalaur\u00e9at 2025\"\n         title=\"Album photos Baccalaur\u00e9at 2025\"\n         width=\"720\"\n         height=\"540\"\n          loading=\"lazy\" decoding=\"async\">\n<\/picture>\n                                <\/a>\n                                                                                    <a data-fslightbox href=\"https:\/\/www.schlosstorgelow.de\/wp-content\/uploads\/2025\/07\/Bilderalbum-Abitur-2025-19-7.avif\" aria-label=\"Image gallery\">\n                                    \n<picture>\n            <source media=\"(max-width: 575.98px)\" srcset=\"https:\/\/www.schlosstorgelow.de\/wp-content\/uploads\/2025\/07\/Bilderalbum-Abitur-2025-19-7-320x240.avif 320w, https:\/\/www.schlosstorgelow.de\/wp-content\/uploads\/2025\/07\/Bilderalbum-Abitur-2025-19-7-540x405.avif 540w, https:\/\/www.schlosstorgelow.de\/wp-content\/uploads\/2025\/07\/Bilderalbum-Abitur-2025-19-7-640x480.avif 640w\" sizes=\"calc(100vw - 32px)\" type=\"image\/avif\">\n    \n            <source srcset=\"https:\/\/www.schlosstorgelow.de\/wp-content\/uploads\/2025\/07\/Bilderalbum-Abitur-2025-19-7-320x240.avif 320w, https:\/\/www.schlosstorgelow.de\/wp-content\/uploads\/2025\/07\/Bilderalbum-Abitur-2025-19-7-540x405.avif 540w, https:\/\/www.schlosstorgelow.de\/wp-content\/uploads\/2025\/07\/Bilderalbum-Abitur-2025-19-7-640x480.avif 640w, https:\/\/www.schlosstorgelow.de\/wp-content\/uploads\/2025\/07\/Bilderalbum-Abitur-2025-19-7-720x540.avif 720w, https:\/\/www.schlosstorgelow.de\/wp-content\/uploads\/2025\/07\/Bilderalbum-Abitur-2025-19-7-1080x810.avif 1080w, https:\/\/www.schlosstorgelow.de\/wp-content\/uploads\/2025\/07\/Bilderalbum-Abitur-2025-19-7-1440x1080.avif 1440w\" sizes=\"(min-width: 768px) 720px, (min-width: 576px) 540px, calc(100vw - 32px)\" type=\"image\/avif\">\n    \n    \n    <img src=\"https:\/\/www.schlosstorgelow.de\/wp-content\/uploads\/2025\/07\/Bilderalbum-Abitur-2025-19-7-720x540.avif\"\n         srcset=\"https:\/\/www.schlosstorgelow.de\/wp-content\/uploads\/2025\/07\/Bilderalbum-Abitur-2025-19-7-320x240.avif 320w, https:\/\/www.schlosstorgelow.de\/wp-content\/uploads\/2025\/07\/Bilderalbum-Abitur-2025-19-7-540x405.avif 540w, https:\/\/www.schlosstorgelow.de\/wp-content\/uploads\/2025\/07\/Bilderalbum-Abitur-2025-19-7-640x480.avif 640w, https:\/\/www.schlosstorgelow.de\/wp-content\/uploads\/2025\/07\/Bilderalbum-Abitur-2025-19-7-720x540.avif 720w, https:\/\/www.schlosstorgelow.de\/wp-content\/uploads\/2025\/07\/Bilderalbum-Abitur-2025-19-7-1080x810.avif 1080w, https:\/\/www.schlosstorgelow.de\/wp-content\/uploads\/2025\/07\/Bilderalbum-Abitur-2025-19-7-1440x1080.avif 1440w\"         sizes=\"auto, (min-width: 768px) 720px, (min-width: 576px) 540px, calc(100vw - 32px)\"         alt=\"Album photos Baccalaur\u00e9at 2025\"\n         title=\"Album photos Baccalaur\u00e9at 2025\"\n         width=\"720\"\n         height=\"540\"\n          loading=\"lazy\" decoding=\"async\">\n<\/picture>\n                                <\/a>\n                                                                                    <a data-fslightbox href=\"https:\/\/www.schlosstorgelow.de\/wp-content\/uploads\/2025\/07\/Bilderalbum-Abitur-2025-20-7.avif\" aria-label=\"Image gallery\">\n                                    \n<picture>\n            <source media=\"(max-width: 575.98px)\" srcset=\"https:\/\/www.schlosstorgelow.de\/wp-content\/uploads\/2025\/07\/Bilderalbum-Abitur-2025-20-7-320x240.avif 320w, https:\/\/www.schlosstorgelow.de\/wp-content\/uploads\/2025\/07\/Bilderalbum-Abitur-2025-20-7-540x405.avif 540w, https:\/\/www.schlosstorgelow.de\/wp-content\/uploads\/2025\/07\/Bilderalbum-Abitur-2025-20-7-640x480.avif 640w\" sizes=\"calc(100vw - 32px)\" type=\"image\/avif\">\n    \n            <source srcset=\"https:\/\/www.schlosstorgelow.de\/wp-content\/uploads\/2025\/07\/Bilderalbum-Abitur-2025-20-7-320x240.avif 320w, https:\/\/www.schlosstorgelow.de\/wp-content\/uploads\/2025\/07\/Bilderalbum-Abitur-2025-20-7-540x405.avif 540w, https:\/\/www.schlosstorgelow.de\/wp-content\/uploads\/2025\/07\/Bilderalbum-Abitur-2025-20-7-640x480.avif 640w, https:\/\/www.schlosstorgelow.de\/wp-content\/uploads\/2025\/07\/Bilderalbum-Abitur-2025-20-7-720x540.avif 720w, https:\/\/www.schlosstorgelow.de\/wp-content\/uploads\/2025\/07\/Bilderalbum-Abitur-2025-20-7-1080x810.avif 1080w, https:\/\/www.schlosstorgelow.de\/wp-content\/uploads\/2025\/07\/Bilderalbum-Abitur-2025-20-7-1440x1080.avif 1440w\" sizes=\"(min-width: 768px) 720px, (min-width: 576px) 540px, calc(100vw - 32px)\" type=\"image\/avif\">\n    \n    \n    <img src=\"https:\/\/www.schlosstorgelow.de\/wp-content\/uploads\/2025\/07\/Bilderalbum-Abitur-2025-20-7-720x540.avif\"\n         srcset=\"https:\/\/www.schlosstorgelow.de\/wp-content\/uploads\/2025\/07\/Bilderalbum-Abitur-2025-20-7-320x240.avif 320w, https:\/\/www.schlosstorgelow.de\/wp-content\/uploads\/2025\/07\/Bilderalbum-Abitur-2025-20-7-540x405.avif 540w, https:\/\/www.schlosstorgelow.de\/wp-content\/uploads\/2025\/07\/Bilderalbum-Abitur-2025-20-7-640x480.avif 640w, https:\/\/www.schlosstorgelow.de\/wp-content\/uploads\/2025\/07\/Bilderalbum-Abitur-2025-20-7-720x540.avif 720w, https:\/\/www.schlosstorgelow.de\/wp-content\/uploads\/2025\/07\/Bilderalbum-Abitur-2025-20-7-1080x810.avif 1080w, https:\/\/www.schlosstorgelow.de\/wp-content\/uploads\/2025\/07\/Bilderalbum-Abitur-2025-20-7-1440x1080.avif 1440w\"         sizes=\"auto, (min-width: 768px) 720px, (min-width: 576px) 540px, calc(100vw - 32px)\"         alt=\"Album photos Baccalaur\u00e9at 2025\"\n         title=\"Album photos Baccalaur\u00e9at 2025\"\n         width=\"720\"\n         height=\"540\"\n          loading=\"lazy\" decoding=\"async\">\n<\/picture>\n                                <\/a>\n                                                                                    <a data-fslightbox href=\"https:\/\/www.schlosstorgelow.de\/wp-content\/uploads\/2025\/07\/Bilderalbum-Abitur-2025-21-7.avif\" aria-label=\"Image gallery\">\n                                    \n<picture>\n            <source media=\"(max-width: 575.98px)\" srcset=\"https:\/\/www.schlosstorgelow.de\/wp-content\/uploads\/2025\/07\/Bilderalbum-Abitur-2025-21-7-320x240.avif 320w, https:\/\/www.schlosstorgelow.de\/wp-content\/uploads\/2025\/07\/Bilderalbum-Abitur-2025-21-7-540x405.avif 540w, https:\/\/www.schlosstorgelow.de\/wp-content\/uploads\/2025\/07\/Bilderalbum-Abitur-2025-21-7-640x480.avif 640w\" sizes=\"calc(100vw - 32px)\" type=\"image\/avif\">\n    \n            <source srcset=\"https:\/\/www.schlosstorgelow.de\/wp-content\/uploads\/2025\/07\/Bilderalbum-Abitur-2025-21-7-320x240.avif 320w, https:\/\/www.schlosstorgelow.de\/wp-content\/uploads\/2025\/07\/Bilderalbum-Abitur-2025-21-7-540x405.avif 540w, https:\/\/www.schlosstorgelow.de\/wp-content\/uploads\/2025\/07\/Bilderalbum-Abitur-2025-21-7-640x480.avif 640w, https:\/\/www.schlosstorgelow.de\/wp-content\/uploads\/2025\/07\/Bilderalbum-Abitur-2025-21-7-720x540.avif 720w, https:\/\/www.schlosstorgelow.de\/wp-content\/uploads\/2025\/07\/Bilderalbum-Abitur-2025-21-7-1080x810.avif 1080w, https:\/\/www.schlosstorgelow.de\/wp-content\/uploads\/2025\/07\/Bilderalbum-Abitur-2025-21-7-1440x1080.avif 1440w\" sizes=\"(min-width: 768px) 720px, (min-width: 576px) 540px, calc(100vw - 32px)\" type=\"image\/avif\">\n    \n    \n    <img src=\"https:\/\/www.schlosstorgelow.de\/wp-content\/uploads\/2025\/07\/Bilderalbum-Abitur-2025-21-7-720x540.avif\"\n         srcset=\"https:\/\/www.schlosstorgelow.de\/wp-content\/uploads\/2025\/07\/Bilderalbum-Abitur-2025-21-7-320x240.avif 320w, https:\/\/www.schlosstorgelow.de\/wp-content\/uploads\/2025\/07\/Bilderalbum-Abitur-2025-21-7-540x405.avif 540w, https:\/\/www.schlosstorgelow.de\/wp-content\/uploads\/2025\/07\/Bilderalbum-Abitur-2025-21-7-640x480.avif 640w, https:\/\/www.schlosstorgelow.de\/wp-content\/uploads\/2025\/07\/Bilderalbum-Abitur-2025-21-7-720x540.avif 720w, https:\/\/www.schlosstorgelow.de\/wp-content\/uploads\/2025\/07\/Bilderalbum-Abitur-2025-21-7-1080x810.avif 1080w, https:\/\/www.schlosstorgelow.de\/wp-content\/uploads\/2025\/07\/Bilderalbum-Abitur-2025-21-7-1440x1080.avif 1440w\"         sizes=\"auto, (min-width: 768px) 720px, (min-width: 576px) 540px, calc(100vw - 32px)\"         alt=\"Album photos Baccalaur\u00e9at 2025\"\n         title=\"Album photos Baccalaur\u00e9at 2025\"\n         width=\"720\"\n         height=\"540\"\n          loading=\"lazy\" decoding=\"async\">\n<\/picture>\n                                <\/a>\n                                                                                    <a data-fslightbox href=\"https:\/\/www.schlosstorgelow.de\/wp-content\/uploads\/2025\/07\/Bilderalbum-Abitur-2025-22-7.avif\" aria-label=\"Image gallery\">\n                                    \n<picture>\n            <source media=\"(max-width: 575.98px)\" srcset=\"https:\/\/www.schlosstorgelow.de\/wp-content\/uploads\/2025\/07\/Bilderalbum-Abitur-2025-22-7-320x240.avif 320w, https:\/\/www.schlosstorgelow.de\/wp-content\/uploads\/2025\/07\/Bilderalbum-Abitur-2025-22-7-540x405.avif 540w, https:\/\/www.schlosstorgelow.de\/wp-content\/uploads\/2025\/07\/Bilderalbum-Abitur-2025-22-7-640x480.avif 640w\" sizes=\"calc(100vw - 32px)\" type=\"image\/avif\">\n    \n            <source srcset=\"https:\/\/www.schlosstorgelow.de\/wp-content\/uploads\/2025\/07\/Bilderalbum-Abitur-2025-22-7-320x240.avif 320w, https:\/\/www.schlosstorgelow.de\/wp-content\/uploads\/2025\/07\/Bilderalbum-Abitur-2025-22-7-540x405.avif 540w, https:\/\/www.schlosstorgelow.de\/wp-content\/uploads\/2025\/07\/Bilderalbum-Abitur-2025-22-7-640x480.avif 640w, https:\/\/www.schlosstorgelow.de\/wp-content\/uploads\/2025\/07\/Bilderalbum-Abitur-2025-22-7-720x540.avif 720w, https:\/\/www.schlosstorgelow.de\/wp-content\/uploads\/2025\/07\/Bilderalbum-Abitur-2025-22-7-1080x810.avif 1080w, https:\/\/www.schlosstorgelow.de\/wp-content\/uploads\/2025\/07\/Bilderalbum-Abitur-2025-22-7-1440x1080.avif 1440w\" sizes=\"(min-width: 768px) 720px, (min-width: 576px) 540px, calc(100vw - 32px)\" type=\"image\/avif\">\n    \n    \n    <img src=\"https:\/\/www.schlosstorgelow.de\/wp-content\/uploads\/2025\/07\/Bilderalbum-Abitur-2025-22-7-720x540.avif\"\n         srcset=\"https:\/\/www.schlosstorgelow.de\/wp-content\/uploads\/2025\/07\/Bilderalbum-Abitur-2025-22-7-320x240.avif 320w, https:\/\/www.schlosstorgelow.de\/wp-content\/uploads\/2025\/07\/Bilderalbum-Abitur-2025-22-7-540x405.avif 540w, https:\/\/www.schlosstorgelow.de\/wp-content\/uploads\/2025\/07\/Bilderalbum-Abitur-2025-22-7-640x480.avif 640w, https:\/\/www.schlosstorgelow.de\/wp-content\/uploads\/2025\/07\/Bilderalbum-Abitur-2025-22-7-720x540.avif 720w, https:\/\/www.schlosstorgelow.de\/wp-content\/uploads\/2025\/07\/Bilderalbum-Abitur-2025-22-7-1080x810.avif 1080w, https:\/\/www.schlosstorgelow.de\/wp-content\/uploads\/2025\/07\/Bilderalbum-Abitur-2025-22-7-1440x1080.avif 1440w\"         sizes=\"auto, (min-width: 768px) 720px, (min-width: 576px) 540px, calc(100vw - 32px)\"         alt=\"Album photos Baccalaur\u00e9at 2025\"\n         title=\"Album photos Baccalaur\u00e9at 2025\"\n         width=\"720\"\n         height=\"540\"\n          loading=\"lazy\" decoding=\"async\">\n<\/picture>\n                                <\/a>\n                                                                                    <a data-fslightbox href=\"https:\/\/www.schlosstorgelow.de\/wp-content\/uploads\/2025\/07\/Bilderalbum-Abitur-2025-23-7.avif\" aria-label=\"Image gallery\">\n                                    \n<picture>\n            <source media=\"(max-width: 575.98px)\" srcset=\"https:\/\/www.schlosstorgelow.de\/wp-content\/uploads\/2025\/07\/Bilderalbum-Abitur-2025-23-7-320x240.avif 320w, https:\/\/www.schlosstorgelow.de\/wp-content\/uploads\/2025\/07\/Bilderalbum-Abitur-2025-23-7-540x405.avif 540w, https:\/\/www.schlosstorgelow.de\/wp-content\/uploads\/2025\/07\/Bilderalbum-Abitur-2025-23-7-640x480.avif 640w\" sizes=\"calc(100vw - 32px)\" type=\"image\/avif\">\n    \n            <source srcset=\"https:\/\/www.schlosstorgelow.de\/wp-content\/uploads\/2025\/07\/Bilderalbum-Abitur-2025-23-7-320x240.avif 320w, https:\/\/www.schlosstorgelow.de\/wp-content\/uploads\/2025\/07\/Bilderalbum-Abitur-2025-23-7-540x405.avif 540w, https:\/\/www.schlosstorgelow.de\/wp-content\/uploads\/2025\/07\/Bilderalbum-Abitur-2025-23-7-640x480.avif 640w, https:\/\/www.schlosstorgelow.de\/wp-content\/uploads\/2025\/07\/Bilderalbum-Abitur-2025-23-7-720x540.avif 720w, https:\/\/www.schlosstorgelow.de\/wp-content\/uploads\/2025\/07\/Bilderalbum-Abitur-2025-23-7-1080x810.avif 1080w, https:\/\/www.schlosstorgelow.de\/wp-content\/uploads\/2025\/07\/Bilderalbum-Abitur-2025-23-7-1440x1080.avif 1440w\" sizes=\"(min-width: 768px) 720px, (min-width: 576px) 540px, calc(100vw - 32px)\" type=\"image\/avif\">\n    \n    \n    <img src=\"https:\/\/www.schlosstorgelow.de\/wp-content\/uploads\/2025\/07\/Bilderalbum-Abitur-2025-23-7-720x540.avif\"\n         srcset=\"https:\/\/www.schlosstorgelow.de\/wp-content\/uploads\/2025\/07\/Bilderalbum-Abitur-2025-23-7-320x240.avif 320w, https:\/\/www.schlosstorgelow.de\/wp-content\/uploads\/2025\/07\/Bilderalbum-Abitur-2025-23-7-540x405.avif 540w, https:\/\/www.schlosstorgelow.de\/wp-content\/uploads\/2025\/07\/Bilderalbum-Abitur-2025-23-7-640x480.avif 640w, https:\/\/www.schlosstorgelow.de\/wp-content\/uploads\/2025\/07\/Bilderalbum-Abitur-2025-23-7-720x540.avif 720w, https:\/\/www.schlosstorgelow.de\/wp-content\/uploads\/2025\/07\/Bilderalbum-Abitur-2025-23-7-1080x810.avif 1080w, https:\/\/www.schlosstorgelow.de\/wp-content\/uploads\/2025\/07\/Bilderalbum-Abitur-2025-23-7-1440x1080.avif 1440w\"         sizes=\"auto, (min-width: 768px) 720px, (min-width: 576px) 540px, calc(100vw - 32px)\"         alt=\"Album photos Baccalaur\u00e9at 2025\"\n         title=\"Album photos Baccalaur\u00e9at 2025\"\n         width=\"720\"\n         height=\"540\"\n          loading=\"lazy\" decoding=\"async\">\n<\/picture>\n                                <\/a>\n                                                                                    <a data-fslightbox href=\"https:\/\/www.schlosstorgelow.de\/wp-content\/uploads\/2025\/07\/Bilderalbum-Abitur-2025-24-7.avif\" aria-label=\"Image gallery\">\n                                    \n<picture>\n            <source media=\"(max-width: 575.98px)\" srcset=\"https:\/\/www.schlosstorgelow.de\/wp-content\/uploads\/2025\/07\/Bilderalbum-Abitur-2025-24-7-320x240.avif 320w, https:\/\/www.schlosstorgelow.de\/wp-content\/uploads\/2025\/07\/Bilderalbum-Abitur-2025-24-7-540x405.avif 540w, https:\/\/www.schlosstorgelow.de\/wp-content\/uploads\/2025\/07\/Bilderalbum-Abitur-2025-24-7-640x480.avif 640w\" sizes=\"calc(100vw - 32px)\" type=\"image\/avif\">\n    \n            <source srcset=\"https:\/\/www.schlosstorgelow.de\/wp-content\/uploads\/2025\/07\/Bilderalbum-Abitur-2025-24-7-320x240.avif 320w, https:\/\/www.schlosstorgelow.de\/wp-content\/uploads\/2025\/07\/Bilderalbum-Abitur-2025-24-7-540x405.avif 540w, https:\/\/www.schlosstorgelow.de\/wp-content\/uploads\/2025\/07\/Bilderalbum-Abitur-2025-24-7-640x480.avif 640w, https:\/\/www.schlosstorgelow.de\/wp-content\/uploads\/2025\/07\/Bilderalbum-Abitur-2025-24-7-720x540.avif 720w, https:\/\/www.schlosstorgelow.de\/wp-content\/uploads\/2025\/07\/Bilderalbum-Abitur-2025-24-7-1080x810.avif 1080w, https:\/\/www.schlosstorgelow.de\/wp-content\/uploads\/2025\/07\/Bilderalbum-Abitur-2025-24-7-1440x1080.avif 1440w\" sizes=\"(min-width: 768px) 720px, (min-width: 576px) 540px, calc(100vw - 32px)\" type=\"image\/avif\">\n    \n    \n    <img src=\"https:\/\/www.schlosstorgelow.de\/wp-content\/uploads\/2025\/07\/Bilderalbum-Abitur-2025-24-7-720x540.avif\"\n         srcset=\"https:\/\/www.schlosstorgelow.de\/wp-content\/uploads\/2025\/07\/Bilderalbum-Abitur-2025-24-7-320x240.avif 320w, https:\/\/www.schlosstorgelow.de\/wp-content\/uploads\/2025\/07\/Bilderalbum-Abitur-2025-24-7-540x405.avif 540w, https:\/\/www.schlosstorgelow.de\/wp-content\/uploads\/2025\/07\/Bilderalbum-Abitur-2025-24-7-640x480.avif 640w, https:\/\/www.schlosstorgelow.de\/wp-content\/uploads\/2025\/07\/Bilderalbum-Abitur-2025-24-7-720x540.avif 720w, https:\/\/www.schlosstorgelow.de\/wp-content\/uploads\/2025\/07\/Bilderalbum-Abitur-2025-24-7-1080x810.avif 1080w, https:\/\/www.schlosstorgelow.de\/wp-content\/uploads\/2025\/07\/Bilderalbum-Abitur-2025-24-7-1440x1080.avif 1440w\"         sizes=\"auto, (min-width: 768px) 720px, (min-width: 576px) 540px, calc(100vw - 32px)\"         alt=\"Album photos Baccalaur\u00e9at 2025\"\n         title=\"Album photos Baccalaur\u00e9at 2025\"\n         width=\"720\"\n         height=\"540\"\n          loading=\"lazy\" decoding=\"async\">\n<\/picture>\n                                <\/a>\n                                                                        <\/div>\n                            <\/div>\n        <\/div>\n    <\/div>\n<\/section>","protected":false},"excerpt":{"rendered":"<p>Il y a bien s\u00fbr des photos officielles du baccalaur\u00e9at &#8211; elles font partie int\u00e9grante de l&rsquo;\u00e9v\u00e9nement. Mais parfois, ce sont les petits moments discrets sur le c\u00f4t\u00e9 qui restent particuli\u00e8rement grav\u00e9s dans le c\u0153ur. <\/p>\n","protected":false},"author":1,"featured_media":66076,"comment_status":"closed","ping_status":"closed","sticky":false,"template":"","format":"standard","meta":{"_acf_changed":false,"_yoast_wpseo_title":"Mes moments personnels du baccalaur\u00e9at 2025","_yoast_wpseo_metadesc":"Il y a bien s\u00fbr des photos officielles du baccalaur\u00e9at, mais ce sont souvent les petits moments discrets qui comptent.","excerpt":"Il y a bien s\u00fbr des photos officielles du baccalaur\u00e9at - elles font partie int\u00e9grante de l'\u00e9v\u00e9nement. Mais parfois, ce sont les petits moments discrets sur le c\u00f4t\u00e9 qui restent particuli\u00e8rement grav\u00e9s dans le c\u0153ur. ","footnotes":""},"categories":[33],"tags":[],"class_list":{"0":"post-82354","1":"post","2":"type-post","3":"status-publish","4":"format-standard","5":"has-post-thumbnail","7":"category-actualites-torgelow"},"acf":[],"yoast_head":"<!-- This site is optimized with the Yoast SEO plugin v26.9 - https:\/\/yoast.com\/product\/yoast-seo-wordpress\/ -->\n<title>Mes moments personnels du baccalaur\u00e9at 2025<\/title>\n<meta name=\"description\" content=\"Il y a bien s\u00fbr des photos officielles du baccalaur\u00e9at, mais ce sont souvent les petits moments discrets qui comptent.\" \/>\n<meta name=\"robots\" content=\"index, follow, max-snippet:-1, max-image-preview:large, max-video-preview:-1\" \/>\n<link rel=\"canonical\" href=\"https:\/\/www.schlosstorgelow.de\/fr\/mes-moments-personnels-du-baccalaureat-2025\" \/>\n<meta property=\"og:locale\" content=\"fr_FR\" \/>\n<meta property=\"og:type\" content=\"article\" \/>\n<meta property=\"og:title\" content=\"Mes moments personnels du baccalaur\u00e9at 2025\" \/>\n<meta property=\"og:description\" content=\"Il y a bien s\u00fbr des photos officielles du baccalaur\u00e9at, mais ce sont souvent les petits moments discrets qui comptent.\" \/>\n<meta property=\"og:url\" content=\"https:\/\/www.schlosstorgelow.de\/fr\/mes-moments-personnels-du-baccalaureat-2025\" \/>\n<meta property=\"og:site_name\" content=\"Schloss Torgelow\" \/>\n<meta property=\"article:published_time\" content=\"2025-07-16T12:37:30+00:00\" \/>\n<meta property=\"article:modified_time\" content=\"2026-01-29T07:43:23+00:00\" \/>\n<meta name=\"author\" content=\"Schloss Torgelow\" \/>\n<meta name=\"twitter:card\" content=\"summary_large_image\" \/>\n<meta name=\"twitter:label1\" content=\"\u00c9crit par\" \/>\n\t<meta name=\"twitter:data1\" content=\"Schloss Torgelow\" \/>\n<script type=\"application\/ld+json\" class=\"yoast-schema-graph\">{\"@context\":\"https:\/\/schema.org\",\"@graph\":[{\"@type\":\"Article\",\"@id\":\"https:\/\/www.schlosstorgelow.de\/fr\/mes-moments-personnels-du-baccalaureat-2025#article\",\"isPartOf\":{\"@id\":\"https:\/\/www.schlosstorgelow.de\/fr\/mes-moments-personnels-du-baccalaureat-2025\"},\"author\":{\"name\":\"Schloss Torgelow\",\"@id\":\"https:\/\/www.schlosstorgelow.de\/fr#\/schema\/person\/b76bbb367f3a20c7ced1339e4875691e\"},\"headline\":\"Mes moments personnels du baccalaur\u00e9at 2025\",\"datePublished\":\"2025-07-16T12:37:30+00:00\",\"dateModified\":\"2026-01-29T07:43:23+00:00\",\"mainEntityOfPage\":{\"@id\":\"https:\/\/www.schlosstorgelow.de\/fr\/mes-moments-personnels-du-baccalaureat-2025\"},\"wordCount\":87,\"image\":{\"@id\":\"https:\/\/www.schlosstorgelow.de\/fr\/mes-moments-personnels-du-baccalaureat-2025#primaryimage\"},\"thumbnailUrl\":\"https:\/\/www.schlosstorgelow.de\/wp-content\/uploads\/2025\/08\/fotogalerie-abi-2025_header_st.avif\",\"articleSection\":[\"Actualit\u00e9s Torgelow\"],\"inLanguage\":\"fr-FR\"},{\"@type\":\"WebPage\",\"@id\":\"https:\/\/www.schlosstorgelow.de\/fr\/mes-moments-personnels-du-baccalaureat-2025#webpage\",\"url\":\"https:\/\/www.schlosstorgelow.de\/fr\/mes-moments-personnels-du-baccalaureat-2025\",\"name\":\"Mes moments personnels du baccalaur\u00e9at 2025\",\"isPartOf\":{\"@id\":\"https:\/\/www.schlosstorgelow.de\/fr#website\"},\"primaryImageOfPage\":{\"@id\":\"https:\/\/www.schlosstorgelow.de\/fr\/mes-moments-personnels-du-baccalaureat-2025#primaryimage\"},\"image\":{\"@id\":\"https:\/\/www.schlosstorgelow.de\/fr\/mes-moments-personnels-du-baccalaureat-2025#primaryimage\"},\"thumbnailUrl\":\"https:\/\/www.schlosstorgelow.de\/wp-content\/uploads\/2025\/08\/fotogalerie-abi-2025_header_st.avif\",\"datePublished\":\"2025-07-16T12:37:30+00:00\",\"dateModified\":\"2026-01-29T07:43:23+00:00\",\"author\":{\"@id\":\"https:\/\/www.schlosstorgelow.de\/fr#\/schema\/person\/b76bbb367f3a20c7ced1339e4875691e\"},\"description\":\"Il y a bien s\u00fbr des photos officielles du baccalaur\u00e9at, mais ce sont souvent les petits moments discrets qui comptent.\",\"breadcrumb\":{\"@id\":\"https:\/\/www.schlosstorgelow.de\/fr\/mes-moments-personnels-du-baccalaureat-2025#breadcrumb\"},\"inLanguage\":\"fr-FR\",\"potentialAction\":[{\"@type\":\"ReadAction\",\"target\":[\"https:\/\/www.schlosstorgelow.de\/fr\/mes-moments-personnels-du-baccalaureat-2025\"]}]},{\"@type\":\"ImageObject\",\"inLanguage\":\"fr-FR\",\"@id\":\"https:\/\/www.schlosstorgelow.de\/fr\/mes-moments-personnels-du-baccalaureat-2025#primaryimage\",\"url\":\"https:\/\/www.schlosstorgelow.de\/wp-content\/uploads\/2025\/08\/fotogalerie-abi-2025_header_st.avif\",\"contentUrl\":\"https:\/\/www.schlosstorgelow.de\/wp-content\/uploads\/2025\/08\/fotogalerie-abi-2025_header_st.avif\",\"width\":1920,\"height\":1080,\"caption\":\"Mes moments personnels du baccalaur\u00e9at 2025\"},{\"@type\":\"BreadcrumbList\",\"@id\":\"https:\/\/www.schlosstorgelow.de\/fr\/mes-moments-personnels-du-baccalaureat-2025#breadcrumb\",\"itemListElement\":[{\"@type\":\"ListItem\",\"position\":1,\"name\":\"Startseite\",\"item\":\"https:\/\/www.schlosstorgelow.de\/fr\"},{\"@type\":\"ListItem\",\"position\":2,\"name\":\"Mes moments personnels du baccalaur\u00e9at 2025\"}]},{\"@type\":\"WebSite\",\"@id\":\"https:\/\/www.schlosstorgelow.de\/fr#website\",\"url\":\"https:\/\/www.schlosstorgelow.de\/fr\",\"name\":\"Schloss Torgelow\",\"description\":\"Le lyc\u00e9e priv\u00e9 Schloss Torgelow \u2013 l'internat pour les \u00e9l\u00e8ves en qu\u00eate de d\u00e9fis.\",\"potentialAction\":[{\"@type\":\"SearchAction\",\"target\":{\"@type\":\"EntryPoint\",\"urlTemplate\":\"https:\/\/www.schlosstorgelow.de\/fr?s={search_term_string}\"},\"query-input\":{\"@type\":\"PropertyValueSpecification\",\"valueRequired\":true,\"valueName\":\"search_term_string\"}}],\"inLanguage\":\"fr-FR\"},{\"@type\":\"Person\",\"@id\":\"https:\/\/www.schlosstorgelow.de\/fr#\/schema\/person\/b76bbb367f3a20c7ced1339e4875691e\",\"name\":\"Schloss Torgelow\",\"image\":{\"@type\":\"ImageObject\",\"inLanguage\":\"fr-FR\",\"@id\":\"https:\/\/www.schlosstorgelow.de\/fr#\/schema\/person\/image\/\",\"url\":\"https:\/\/secure.gravatar.com\/avatar\/4bad9bf1bee90f77b98693d3ad03ade085c80c169595427c58c58e5b069f49e1?s=96&d=mm&r=g\",\"contentUrl\":\"https:\/\/secure.gravatar.com\/avatar\/4bad9bf1bee90f77b98693d3ad03ade085c80c169595427c58c58e5b069f49e1?s=96&d=mm&r=g\",\"caption\":\"Schloss Torgelow\"},\"sameAs\":[\"https:\/\/www.schlosstorgelow.de\"]}]}<\/script>\n<!-- \/ Yoast SEO plugin. -->","yoast_head_json":{"title":"Mes moments personnels du baccalaur\u00e9at 2025","description":"Il y a bien s\u00fbr des photos officielles du baccalaur\u00e9at, mais ce sont souvent les petits moments discrets qui comptent.","robots":{"index":"index","follow":"follow","max-snippet":"max-snippet:-1","max-image-preview":"max-image-preview:large","max-video-preview":"max-video-preview:-1"},"canonical":"https:\/\/www.schlosstorgelow.de\/fr\/mes-moments-personnels-du-baccalaureat-2025","og_locale":"fr_FR","og_type":"article","og_title":"Mes moments personnels du baccalaur\u00e9at 2025","og_description":"Il y a bien s\u00fbr des photos officielles du baccalaur\u00e9at, mais ce sont souvent les petits moments discrets qui comptent.","og_url":"https:\/\/www.schlosstorgelow.de\/fr\/mes-moments-personnels-du-baccalaureat-2025","og_site_name":"Schloss Torgelow","article_published_time":"2025-07-16T12:37:30+00:00","article_modified_time":"2026-01-29T07:43:23+00:00","author":"Schloss Torgelow","twitter_card":"summary_large_image","twitter_misc":{"\u00c9crit par":"Schloss Torgelow"},"schema":{"@context":"https:\/\/schema.org","@graph":[{"@type":"Article","@id":"https:\/\/www.schlosstorgelow.de\/fr\/mes-moments-personnels-du-baccalaureat-2025#article","isPartOf":{"@id":"https:\/\/www.schlosstorgelow.de\/fr\/mes-moments-personnels-du-baccalaureat-2025"},"author":{"name":"Schloss Torgelow","@id":"https:\/\/www.schlosstorgelow.de\/fr#\/schema\/person\/b76bbb367f3a20c7ced1339e4875691e"},"headline":"Mes moments personnels du baccalaur\u00e9at 2025","datePublished":"2025-07-16T12:37:30+00:00","dateModified":"2026-01-29T07:43:23+00:00","mainEntityOfPage":{"@id":"https:\/\/www.schlosstorgelow.de\/fr\/mes-moments-personnels-du-baccalaureat-2025"},"wordCount":87,"image":{"@id":"https:\/\/www.schlosstorgelow.de\/fr\/mes-moments-personnels-du-baccalaureat-2025#primaryimage"},"thumbnailUrl":"https:\/\/www.schlosstorgelow.de\/wp-content\/uploads\/2025\/08\/fotogalerie-abi-2025_header_st.avif","articleSection":["Actualit\u00e9s Torgelow"],"inLanguage":"fr-FR"},{"@type":"WebPage","@id":"https:\/\/www.schlosstorgelow.de\/fr\/mes-moments-personnels-du-baccalaureat-2025#webpage","url":"https:\/\/www.schlosstorgelow.de\/fr\/mes-moments-personnels-du-baccalaureat-2025","name":"Mes moments personnels du baccalaur\u00e9at 2025","isPartOf":{"@id":"https:\/\/www.schlosstorgelow.de\/fr#website"},"primaryImageOfPage":{"@id":"https:\/\/www.schlosstorgelow.de\/fr\/mes-moments-personnels-du-baccalaureat-2025#primaryimage"},"image":{"@id":"https:\/\/www.schlosstorgelow.de\/fr\/mes-moments-personnels-du-baccalaureat-2025#primaryimage"},"thumbnailUrl":"https:\/\/www.schlosstorgelow.de\/wp-content\/uploads\/2025\/08\/fotogalerie-abi-2025_header_st.avif","datePublished":"2025-07-16T12:37:30+00:00","dateModified":"2026-01-29T07:43:23+00:00","author":{"@id":"https:\/\/www.schlosstorgelow.de\/fr#\/schema\/person\/b76bbb367f3a20c7ced1339e4875691e"},"description":"Il y a bien s\u00fbr des photos officielles du baccalaur\u00e9at, mais ce sont souvent les petits moments discrets qui comptent.","breadcrumb":{"@id":"https:\/\/www.schlosstorgelow.de\/fr\/mes-moments-personnels-du-baccalaureat-2025#breadcrumb"},"inLanguage":"fr-FR","potentialAction":[{"@type":"ReadAction","target":["https:\/\/www.schlosstorgelow.de\/fr\/mes-moments-personnels-du-baccalaureat-2025"]}]},{"@type":"ImageObject","inLanguage":"fr-FR","@id":"https:\/\/www.schlosstorgelow.de\/fr\/mes-moments-personnels-du-baccalaureat-2025#primaryimage","url":"https:\/\/www.schlosstorgelow.de\/wp-content\/uploads\/2025\/08\/fotogalerie-abi-2025_header_st.avif","contentUrl":"https:\/\/www.schlosstorgelow.de\/wp-content\/uploads\/2025\/08\/fotogalerie-abi-2025_header_st.avif","width":1920,"height":1080,"caption":"Mes moments personnels du baccalaur\u00e9at 2025"},{"@type":"BreadcrumbList","@id":"https:\/\/www.schlosstorgelow.de\/fr\/mes-moments-personnels-du-baccalaureat-2025#breadcrumb","itemListElement":[{"@type":"ListItem","position":1,"name":"Startseite","item":"https:\/\/www.schlosstorgelow.de\/fr"},{"@type":"ListItem","position":2,"name":"Mes moments personnels du baccalaur\u00e9at 2025"}]},{"@type":"WebSite","@id":"https:\/\/www.schlosstorgelow.de\/fr#website","url":"https:\/\/www.schlosstorgelow.de\/fr","name":"Schloss Torgelow","description":"Le lyc\u00e9e priv\u00e9 Schloss Torgelow \u2013 l'internat pour les \u00e9l\u00e8ves en qu\u00eate de d\u00e9fis.","potentialAction":[{"@type":"SearchAction","target":{"@type":"EntryPoint","urlTemplate":"https:\/\/www.schlosstorgelow.de\/fr?s={search_term_string}"},"query-input":{"@type":"PropertyValueSpecification","valueRequired":true,"valueName":"search_term_string"}}],"inLanguage":"fr-FR"},{"@type":"Person","@id":"https:\/\/www.schlosstorgelow.de\/fr#\/schema\/person\/b76bbb367f3a20c7ced1339e4875691e","name":"Schloss Torgelow","image":{"@type":"ImageObject","inLanguage":"fr-FR","@id":"https:\/\/www.schlosstorgelow.de\/fr#\/schema\/person\/image\/","url":"https:\/\/secure.gravatar.com\/avatar\/4bad9bf1bee90f77b98693d3ad03ade085c80c169595427c58c58e5b069f49e1?s=96&d=mm&r=g","contentUrl":"https:\/\/secure.gravatar.com\/avatar\/4bad9bf1bee90f77b98693d3ad03ade085c80c169595427c58c58e5b069f49e1?s=96&d=mm&r=g","caption":"Schloss Torgelow"},"sameAs":["https:\/\/www.schlosstorgelow.de"]}]}},"block_visibility_meta":[],"_links":{"self":[{"href":"https:\/\/www.schlosstorgelow.de\/fr\/wp-json\/wp\/v2\/posts\/82354","targetHints":{"allow":["GET"]}}],"collection":[{"href":"https:\/\/www.schlosstorgelow.de\/fr\/wp-json\/wp\/v2\/posts"}],"about":[{"href":"https:\/\/www.schlosstorgelow.de\/fr\/wp-json\/wp\/v2\/types\/post"}],"author":[{"embeddable":true,"href":"https:\/\/www.schlosstorgelow.de\/fr\/wp-json\/wp\/v2\/users\/1"}],"replies":[{"embeddable":true,"href":"https:\/\/www.schlosstorgelow.de\/fr\/wp-json\/wp\/v2\/comments?post=82354"}],"version-history":[{"count":0,"href":"https:\/\/www.schlosstorgelow.de\/fr\/wp-json\/wp\/v2\/posts\/82354\/revisions"}],"wp:featuredmedia":[{"embeddable":true,"href":"https:\/\/www.schlosstorgelow.de\/fr\/wp-json\/wp\/v2\/media\/66076"}],"wp:attachment":[{"href":"https:\/\/www.schlosstorgelow.de\/fr\/wp-json\/wp\/v2\/media?parent=82354"}],"wp:term":[{"taxonomy":"category","embeddable":true,"href":"https:\/\/www.schlosstorgelow.de\/fr\/wp-json\/wp\/v2\/categories?post=82354"},{"taxonomy":"post_tag","embeddable":true,"href":"https:\/\/www.schlosstorgelow.de\/fr\/wp-json\/wp\/v2\/tags?post=82354"}],"curies":[{"name":"wp","href":"https:\/\/api.w.org\/{rel}","templated":true}]}}