{"id":82348,"date":"2025-07-16T14:15:41","date_gmt":"2025-07-16T14:15:41","guid":{"rendered":"https:\/\/www.schlosstorgelow.de\/championnat-dallemagne-dathletisme-a-bochum-ou-stage-en-entreprise-a-tokyo"},"modified":"2026-01-12T06:58:35","modified_gmt":"2026-01-12T06:58:35","slug":"championnat-dallemagne-dathletisme-a-bochum-ou-stage-en-entreprise-a-tokyo","status":"publish","type":"post","link":"https:\/\/www.schlosstorgelow.de\/fr\/championnat-dallemagne-dathletisme-a-bochum-ou-stage-en-entreprise-a-tokyo","title":{"rendered":"Championnat d&rsquo;Allemagne d&rsquo;athl\u00e9tisme \u00e0 Bochum ou stage en entreprise \u00e0 Tokyo ?"},"content":{"rendered":"\n<p><i>En fait, la question aurait d\u00fb \u00eatre facile \u00e0 trancher &#8211; mais pas pour Willi Schmidt, la star montante de la cat\u00e9gorie U18 dans le Mecklembourg-Pom\u00e9ranie-Occidentale. Lors de l&rsquo;organisation du stage que tous les \u00e9l\u00e8ves de 10e classe doivent effectuer dans diff\u00e9rentes entreprises pendant leurs vacances d&rsquo;\u00e9t\u00e9, il n&rsquo;\u00e9tait absolument pas envisageable de participer aux championnats allemands, et le d\u00e9part \u00e9tait pr\u00e9vu pour le samedi 12 juillet 2025 ! <\/i><\/p>\n\n<p>Depuis 1,5 an, Willi s&rsquo;entra\u00eene dans le cadre du projet d&rsquo;\u00e9quipe de l&rsquo;\u00e9cole et \u00e9galement au LAV Waren\/M\u00fcritz e.V., se concentrant principalement sur le sprint et le saut en longueur. En particulier, dans le saut en longueur, le champion nord-allemand U20 a r\u00e9ussi \u00e0 am\u00e9liorer sa meilleure performance de plus d&rsquo;un m\u00e8tre en un an, atteignant 7,02 m et ainsi \u00e0 r\u00e9aliser la norme de qualification pour les championnats d&rsquo;Allemagne. Il a \u00e9galement r\u00e9ussi en tant que champion r\u00e9gional sur 100 m et 200 m.  <\/p>\n\n<p>Malgr\u00e9 le stress des examens et de pr\u00e9parer sa valise pour Tokyo, Willi a d\u00e9cid\u00e9 spontan\u00e9ment et \u00e0 la derni\u00e8re minute de participer \u00e0 la comp\u00e9tition de saut en longueur qui devait se d\u00e9rouler vendredi \u00e0 Bochum-Wattenscheid.<\/p>\n\n<p>Dans un cadre impressionnant, Willi a r\u00e9alis\u00e9 son troisi\u00e8me meilleur concours avec 6,60 m parmi un panel de participants tr\u00e8s comp\u00e9titif, mais n&rsquo;a pas pu cette fois-ci intervenir dans la bataille pour les m\u00e9dailles.<\/p>\n\n<p>F\u00e9licitations pour une saison exceptionnelle et de belles exp\u00e9riences \u00e0 Tokyo !<\/p>\n\n<p>(\u00c9quipe Santowski)<\/p>\n","protected":false},"excerpt":{"rendered":"<p>Dans un d\u00e9cor impressionnant, Willi a r\u00e9alis\u00e9 son troisi\u00e8me meilleur concours de saut en longueur devant un groupe de participants tr\u00e8s performants.<\/p>\n","protected":false},"author":1,"featured_media":44039,"comment_status":"closed","ping_status":"closed","sticky":false,"template":"","format":"standard","meta":{"_acf_changed":false,"_yoast_wpseo_title":"Championnats d'athl\u00e9tisme ou stage en entreprise ?","_yoast_wpseo_metadesc":"Dans un cadre impressionnant, Willi a r\u00e9alis\u00e9 son troisi\u00e8me meilleur concours de saut en longueur avec 6,60 m dans un champ de concurrents tr\u00e8s performant.","excerpt":"Dans un cadre impressionnant, Willi a r\u00e9alis\u00e9 son troisi\u00e8me meilleur concours de saut en longueur avec 6,60 m dans un champ de concurrents tr\u00e8s performant.","footnotes":""},"categories":[33],"tags":[],"class_list":{"0":"post-82348","1":"post","2":"type-post","3":"status-publish","4":"format-standard","5":"has-post-thumbnail","7":"category-actualites-torgelow"},"acf":[],"yoast_head":"<!-- This site is optimized with the Yoast SEO plugin v26.9 - https:\/\/yoast.com\/product\/yoast-seo-wordpress\/ -->\n<title>Championnats d&#039;athl\u00e9tisme ou stage en entreprise ?<\/title>\n<meta name=\"description\" content=\"Dans un cadre impressionnant, Willi a r\u00e9alis\u00e9 son troisi\u00e8me meilleur concours de saut en longueur avec 6,60 m dans un champ de concurrents tr\u00e8s performant.\" \/>\n<meta name=\"robots\" content=\"index, follow, max-snippet:-1, max-image-preview:large, max-video-preview:-1\" \/>\n<link rel=\"canonical\" href=\"https:\/\/www.schlosstorgelow.de\/fr\/championnat-dallemagne-dathletisme-a-bochum-ou-stage-en-entreprise-a-tokyo\" \/>\n<meta property=\"og:locale\" content=\"fr_FR\" \/>\n<meta property=\"og:type\" content=\"article\" \/>\n<meta property=\"og:title\" content=\"Championnats d&#039;athl\u00e9tisme ou stage en entreprise ?\" \/>\n<meta property=\"og:description\" content=\"Dans un cadre impressionnant, Willi a r\u00e9alis\u00e9 son troisi\u00e8me meilleur concours de saut en longueur avec 6,60 m dans un champ de concurrents tr\u00e8s performant.\" \/>\n<meta property=\"og:url\" content=\"https:\/\/www.schlosstorgelow.de\/fr\/championnat-dallemagne-dathletisme-a-bochum-ou-stage-en-entreprise-a-tokyo\" \/>\n<meta property=\"og:site_name\" content=\"Schloss Torgelow\" \/>\n<meta property=\"article:published_time\" content=\"2025-07-16T14:15:41+00:00\" \/>\n<meta property=\"article:modified_time\" content=\"2026-01-12T06:58:35+00:00\" \/>\n<meta name=\"author\" content=\"Schloss Torgelow\" \/>\n<meta name=\"twitter:card\" content=\"summary_large_image\" \/>\n<meta name=\"twitter:label1\" content=\"\u00c9crit par\" \/>\n\t<meta name=\"twitter:data1\" content=\"Schloss Torgelow\" \/>\n\t<meta name=\"twitter:label2\" content=\"Dur\u00e9e de lecture estim\u00e9e\" \/>\n\t<meta name=\"twitter:data2\" content=\"1 minute\" \/>\n<script type=\"application\/ld+json\" class=\"yoast-schema-graph\">{\"@context\":\"https:\/\/schema.org\",\"@graph\":[{\"@type\":\"Article\",\"@id\":\"https:\/\/www.schlosstorgelow.de\/fr\/championnat-dallemagne-dathletisme-a-bochum-ou-stage-en-entreprise-a-tokyo#article\",\"isPartOf\":{\"@id\":\"https:\/\/www.schlosstorgelow.de\/fr\/championnat-dallemagne-dathletisme-a-bochum-ou-stage-en-entreprise-a-tokyo\"},\"author\":{\"name\":\"Schloss Torgelow\",\"@id\":\"https:\/\/www.schlosstorgelow.de\/fr#\/schema\/person\/b76bbb367f3a20c7ced1339e4875691e\"},\"headline\":\"Championnat d&rsquo;Allemagne d&rsquo;athl\u00e9tisme \u00e0 Bochum ou stage en entreprise \u00e0 Tokyo ?\",\"datePublished\":\"2025-07-16T14:15:41+00:00\",\"dateModified\":\"2026-01-12T06:58:35+00:00\",\"mainEntityOfPage\":{\"@id\":\"https:\/\/www.schlosstorgelow.de\/fr\/championnat-dallemagne-dathletisme-a-bochum-ou-stage-en-entreprise-a-tokyo\"},\"wordCount\":273,\"image\":{\"@id\":\"https:\/\/www.schlosstorgelow.de\/fr\/championnat-dallemagne-dathletisme-a-bochum-ou-stage-en-entreprise-a-tokyo#primaryimage\"},\"thumbnailUrl\":\"https:\/\/www.schlosstorgelow.de\/wp-content\/uploads\/2025\/07\/DM-willi_header_st.avif\",\"articleSection\":[\"Actualit\u00e9s Torgelow\"],\"inLanguage\":\"fr-FR\"},{\"@type\":\"WebPage\",\"@id\":\"https:\/\/www.schlosstorgelow.de\/fr\/championnat-dallemagne-dathletisme-a-bochum-ou-stage-en-entreprise-a-tokyo#webpage\",\"url\":\"https:\/\/www.schlosstorgelow.de\/fr\/championnat-dallemagne-dathletisme-a-bochum-ou-stage-en-entreprise-a-tokyo\",\"name\":\"Championnats d'athl\u00e9tisme ou stage en entreprise ?\",\"isPartOf\":{\"@id\":\"https:\/\/www.schlosstorgelow.de\/fr#website\"},\"primaryImageOfPage\":{\"@id\":\"https:\/\/www.schlosstorgelow.de\/fr\/championnat-dallemagne-dathletisme-a-bochum-ou-stage-en-entreprise-a-tokyo#primaryimage\"},\"image\":{\"@id\":\"https:\/\/www.schlosstorgelow.de\/fr\/championnat-dallemagne-dathletisme-a-bochum-ou-stage-en-entreprise-a-tokyo#primaryimage\"},\"thumbnailUrl\":\"https:\/\/www.schlosstorgelow.de\/wp-content\/uploads\/2025\/07\/DM-willi_header_st.avif\",\"datePublished\":\"2025-07-16T14:15:41+00:00\",\"dateModified\":\"2026-01-12T06:58:35+00:00\",\"author\":{\"@id\":\"https:\/\/www.schlosstorgelow.de\/fr#\/schema\/person\/b76bbb367f3a20c7ced1339e4875691e\"},\"description\":\"Dans un cadre impressionnant, Willi a r\u00e9alis\u00e9 son troisi\u00e8me meilleur concours de saut en longueur avec 6,60 m dans un champ de concurrents tr\u00e8s performant.\",\"breadcrumb\":{\"@id\":\"https:\/\/www.schlosstorgelow.de\/fr\/championnat-dallemagne-dathletisme-a-bochum-ou-stage-en-entreprise-a-tokyo#breadcrumb\"},\"inLanguage\":\"fr-FR\",\"potentialAction\":[{\"@type\":\"ReadAction\",\"target\":[\"https:\/\/www.schlosstorgelow.de\/fr\/championnat-dallemagne-dathletisme-a-bochum-ou-stage-en-entreprise-a-tokyo\"]}]},{\"@type\":\"ImageObject\",\"inLanguage\":\"fr-FR\",\"@id\":\"https:\/\/www.schlosstorgelow.de\/fr\/championnat-dallemagne-dathletisme-a-bochum-ou-stage-en-entreprise-a-tokyo#primaryimage\",\"url\":\"https:\/\/www.schlosstorgelow.de\/wp-content\/uploads\/2025\/07\/DM-willi_header_st.avif\",\"contentUrl\":\"https:\/\/www.schlosstorgelow.de\/wp-content\/uploads\/2025\/07\/DM-willi_header_st.avif\",\"width\":1920,\"height\":1080,\"caption\":\"Championnat d'Allemagne d'athl\u00e9tisme \u00e0 Bochum ou stage en entreprise \u00e0 Tokyo ?\"},{\"@type\":\"BreadcrumbList\",\"@id\":\"https:\/\/www.schlosstorgelow.de\/fr\/championnat-dallemagne-dathletisme-a-bochum-ou-stage-en-entreprise-a-tokyo#breadcrumb\",\"itemListElement\":[{\"@type\":\"ListItem\",\"position\":1,\"name\":\"Startseite\",\"item\":\"https:\/\/www.schlosstorgelow.de\/fr\"},{\"@type\":\"ListItem\",\"position\":2,\"name\":\"Championnat d&#8217;Allemagne d&#8217;athl\u00e9tisme \u00e0 Bochum ou stage en entreprise \u00e0 Tokyo ?\"}]},{\"@type\":\"WebSite\",\"@id\":\"https:\/\/www.schlosstorgelow.de\/fr#website\",\"url\":\"https:\/\/www.schlosstorgelow.de\/fr\",\"name\":\"Schloss Torgelow\",\"description\":\"Le lyc\u00e9e priv\u00e9 Schloss Torgelow \u2013 l'internat pour les \u00e9l\u00e8ves en qu\u00eate de d\u00e9fis.\",\"potentialAction\":[{\"@type\":\"SearchAction\",\"target\":{\"@type\":\"EntryPoint\",\"urlTemplate\":\"https:\/\/www.schlosstorgelow.de\/fr?s={search_term_string}\"},\"query-input\":{\"@type\":\"PropertyValueSpecification\",\"valueRequired\":true,\"valueName\":\"search_term_string\"}}],\"inLanguage\":\"fr-FR\"},{\"@type\":\"Person\",\"@id\":\"https:\/\/www.schlosstorgelow.de\/fr#\/schema\/person\/b76bbb367f3a20c7ced1339e4875691e\",\"name\":\"Schloss Torgelow\",\"image\":{\"@type\":\"ImageObject\",\"inLanguage\":\"fr-FR\",\"@id\":\"https:\/\/www.schlosstorgelow.de\/fr#\/schema\/person\/image\/\",\"url\":\"https:\/\/secure.gravatar.com\/avatar\/4bad9bf1bee90f77b98693d3ad03ade085c80c169595427c58c58e5b069f49e1?s=96&d=mm&r=g\",\"contentUrl\":\"https:\/\/secure.gravatar.com\/avatar\/4bad9bf1bee90f77b98693d3ad03ade085c80c169595427c58c58e5b069f49e1?s=96&d=mm&r=g\",\"caption\":\"Schloss Torgelow\"},\"sameAs\":[\"https:\/\/www.schlosstorgelow.de\"]}]}<\/script>\n<!-- \/ Yoast SEO plugin. -->","yoast_head_json":{"title":"Championnats d'athl\u00e9tisme ou stage en entreprise ?","description":"Dans un cadre impressionnant, Willi a r\u00e9alis\u00e9 son troisi\u00e8me meilleur concours de saut en longueur avec 6,60 m dans un champ de concurrents tr\u00e8s performant.","robots":{"index":"index","follow":"follow","max-snippet":"max-snippet:-1","max-image-preview":"max-image-preview:large","max-video-preview":"max-video-preview:-1"},"canonical":"https:\/\/www.schlosstorgelow.de\/fr\/championnat-dallemagne-dathletisme-a-bochum-ou-stage-en-entreprise-a-tokyo","og_locale":"fr_FR","og_type":"article","og_title":"Championnats d'athl\u00e9tisme ou stage en entreprise ?","og_description":"Dans un cadre impressionnant, Willi a r\u00e9alis\u00e9 son troisi\u00e8me meilleur concours de saut en longueur avec 6,60 m dans un champ de concurrents tr\u00e8s performant.","og_url":"https:\/\/www.schlosstorgelow.de\/fr\/championnat-dallemagne-dathletisme-a-bochum-ou-stage-en-entreprise-a-tokyo","og_site_name":"Schloss Torgelow","article_published_time":"2025-07-16T14:15:41+00:00","article_modified_time":"2026-01-12T06:58:35+00:00","author":"Schloss Torgelow","twitter_card":"summary_large_image","twitter_misc":{"\u00c9crit par":"Schloss Torgelow","Dur\u00e9e de lecture estim\u00e9e":"1 minute"},"schema":{"@context":"https:\/\/schema.org","@graph":[{"@type":"Article","@id":"https:\/\/www.schlosstorgelow.de\/fr\/championnat-dallemagne-dathletisme-a-bochum-ou-stage-en-entreprise-a-tokyo#article","isPartOf":{"@id":"https:\/\/www.schlosstorgelow.de\/fr\/championnat-dallemagne-dathletisme-a-bochum-ou-stage-en-entreprise-a-tokyo"},"author":{"name":"Schloss Torgelow","@id":"https:\/\/www.schlosstorgelow.de\/fr#\/schema\/person\/b76bbb367f3a20c7ced1339e4875691e"},"headline":"Championnat d&rsquo;Allemagne d&rsquo;athl\u00e9tisme \u00e0 Bochum ou stage en entreprise \u00e0 Tokyo ?","datePublished":"2025-07-16T14:15:41+00:00","dateModified":"2026-01-12T06:58:35+00:00","mainEntityOfPage":{"@id":"https:\/\/www.schlosstorgelow.de\/fr\/championnat-dallemagne-dathletisme-a-bochum-ou-stage-en-entreprise-a-tokyo"},"wordCount":273,"image":{"@id":"https:\/\/www.schlosstorgelow.de\/fr\/championnat-dallemagne-dathletisme-a-bochum-ou-stage-en-entreprise-a-tokyo#primaryimage"},"thumbnailUrl":"https:\/\/www.schlosstorgelow.de\/wp-content\/uploads\/2025\/07\/DM-willi_header_st.avif","articleSection":["Actualit\u00e9s Torgelow"],"inLanguage":"fr-FR"},{"@type":"WebPage","@id":"https:\/\/www.schlosstorgelow.de\/fr\/championnat-dallemagne-dathletisme-a-bochum-ou-stage-en-entreprise-a-tokyo#webpage","url":"https:\/\/www.schlosstorgelow.de\/fr\/championnat-dallemagne-dathletisme-a-bochum-ou-stage-en-entreprise-a-tokyo","name":"Championnats d'athl\u00e9tisme ou stage en entreprise ?","isPartOf":{"@id":"https:\/\/www.schlosstorgelow.de\/fr#website"},"primaryImageOfPage":{"@id":"https:\/\/www.schlosstorgelow.de\/fr\/championnat-dallemagne-dathletisme-a-bochum-ou-stage-en-entreprise-a-tokyo#primaryimage"},"image":{"@id":"https:\/\/www.schlosstorgelow.de\/fr\/championnat-dallemagne-dathletisme-a-bochum-ou-stage-en-entreprise-a-tokyo#primaryimage"},"thumbnailUrl":"https:\/\/www.schlosstorgelow.de\/wp-content\/uploads\/2025\/07\/DM-willi_header_st.avif","datePublished":"2025-07-16T14:15:41+00:00","dateModified":"2026-01-12T06:58:35+00:00","author":{"@id":"https:\/\/www.schlosstorgelow.de\/fr#\/schema\/person\/b76bbb367f3a20c7ced1339e4875691e"},"description":"Dans un cadre impressionnant, Willi a r\u00e9alis\u00e9 son troisi\u00e8me meilleur concours de saut en longueur avec 6,60 m dans un champ de concurrents tr\u00e8s performant.","breadcrumb":{"@id":"https:\/\/www.schlosstorgelow.de\/fr\/championnat-dallemagne-dathletisme-a-bochum-ou-stage-en-entreprise-a-tokyo#breadcrumb"},"inLanguage":"fr-FR","potentialAction":[{"@type":"ReadAction","target":["https:\/\/www.schlosstorgelow.de\/fr\/championnat-dallemagne-dathletisme-a-bochum-ou-stage-en-entreprise-a-tokyo"]}]},{"@type":"ImageObject","inLanguage":"fr-FR","@id":"https:\/\/www.schlosstorgelow.de\/fr\/championnat-dallemagne-dathletisme-a-bochum-ou-stage-en-entreprise-a-tokyo#primaryimage","url":"https:\/\/www.schlosstorgelow.de\/wp-content\/uploads\/2025\/07\/DM-willi_header_st.avif","contentUrl":"https:\/\/www.schlosstorgelow.de\/wp-content\/uploads\/2025\/07\/DM-willi_header_st.avif","width":1920,"height":1080,"caption":"Championnat d'Allemagne d'athl\u00e9tisme \u00e0 Bochum ou stage en entreprise \u00e0 Tokyo ?"},{"@type":"BreadcrumbList","@id":"https:\/\/www.schlosstorgelow.de\/fr\/championnat-dallemagne-dathletisme-a-bochum-ou-stage-en-entreprise-a-tokyo#breadcrumb","itemListElement":[{"@type":"ListItem","position":1,"name":"Startseite","item":"https:\/\/www.schlosstorgelow.de\/fr"},{"@type":"ListItem","position":2,"name":"Championnat d&#8217;Allemagne d&#8217;athl\u00e9tisme \u00e0 Bochum ou stage en entreprise \u00e0 Tokyo ?"}]},{"@type":"WebSite","@id":"https:\/\/www.schlosstorgelow.de\/fr#website","url":"https:\/\/www.schlosstorgelow.de\/fr","name":"Schloss Torgelow","description":"Le lyc\u00e9e priv\u00e9 Schloss Torgelow \u2013 l'internat pour les \u00e9l\u00e8ves en qu\u00eate de d\u00e9fis.","potentialAction":[{"@type":"SearchAction","target":{"@type":"EntryPoint","urlTemplate":"https:\/\/www.schlosstorgelow.de\/fr?s={search_term_string}"},"query-input":{"@type":"PropertyValueSpecification","valueRequired":true,"valueName":"search_term_string"}}],"inLanguage":"fr-FR"},{"@type":"Person","@id":"https:\/\/www.schlosstorgelow.de\/fr#\/schema\/person\/b76bbb367f3a20c7ced1339e4875691e","name":"Schloss Torgelow","image":{"@type":"ImageObject","inLanguage":"fr-FR","@id":"https:\/\/www.schlosstorgelow.de\/fr#\/schema\/person\/image\/","url":"https:\/\/secure.gravatar.com\/avatar\/4bad9bf1bee90f77b98693d3ad03ade085c80c169595427c58c58e5b069f49e1?s=96&d=mm&r=g","contentUrl":"https:\/\/secure.gravatar.com\/avatar\/4bad9bf1bee90f77b98693d3ad03ade085c80c169595427c58c58e5b069f49e1?s=96&d=mm&r=g","caption":"Schloss Torgelow"},"sameAs":["https:\/\/www.schlosstorgelow.de"]}]}},"block_visibility_meta":[],"_links":{"self":[{"href":"https:\/\/www.schlosstorgelow.de\/fr\/wp-json\/wp\/v2\/posts\/82348","targetHints":{"allow":["GET"]}}],"collection":[{"href":"https:\/\/www.schlosstorgelow.de\/fr\/wp-json\/wp\/v2\/posts"}],"about":[{"href":"https:\/\/www.schlosstorgelow.de\/fr\/wp-json\/wp\/v2\/types\/post"}],"author":[{"embeddable":true,"href":"https:\/\/www.schlosstorgelow.de\/fr\/wp-json\/wp\/v2\/users\/1"}],"replies":[{"embeddable":true,"href":"https:\/\/www.schlosstorgelow.de\/fr\/wp-json\/wp\/v2\/comments?post=82348"}],"version-history":[{"count":0,"href":"https:\/\/www.schlosstorgelow.de\/fr\/wp-json\/wp\/v2\/posts\/82348\/revisions"}],"wp:featuredmedia":[{"embeddable":true,"href":"https:\/\/www.schlosstorgelow.de\/fr\/wp-json\/wp\/v2\/media\/44039"}],"wp:attachment":[{"href":"https:\/\/www.schlosstorgelow.de\/fr\/wp-json\/wp\/v2\/media?parent=82348"}],"wp:term":[{"taxonomy":"category","embeddable":true,"href":"https:\/\/www.schlosstorgelow.de\/fr\/wp-json\/wp\/v2\/categories?post=82348"},{"taxonomy":"post_tag","embeddable":true,"href":"https:\/\/www.schlosstorgelow.de\/fr\/wp-json\/wp\/v2\/tags?post=82348"}],"curies":[{"name":"wp","href":"https:\/\/api.w.org\/{rel}","templated":true}]}}