{"id":82630,"date":"2025-01-29T11:54:18","date_gmt":"2025-01-29T11:54:18","guid":{"rendered":"https:\/\/www.schlosstorgelow.de\/desafio-de-hacer-el-bien-quema-de-arboles-de-navidad"},"modified":"2026-01-12T08:23:38","modified_gmt":"2026-01-12T08:23:38","slug":"desafio-de-hacer-el-bien-quema-de-arboles-de-navidad","status":"publish","type":"post","link":"https:\/\/www.schlosstorgelow.de\/es\/desafio-de-hacer-el-bien-quema-de-arboles-de-navidad","title":{"rendered":"\u00abDesaf\u00edo de Hacer el Bien\u00bb: Quema de \u00c1rboles de Navidad"},"content":{"rendered":"\n<p>El proyecto \u00abDesaf\u00edo de Hacer el Bien\u00bb sigue emocionando con las visitas de nuestras estudiantes y estudiantes internados en el hogar de ancianos Ecktannen en Waren. Ayer tuvo lugar nuevamente un encuentro especial que conmovi\u00f3 profundamente a todos los presentes. <\/p>\n\n<p>Al comienzo del A\u00f1o Nuevo, los estudiantes comprometidos, junto con los residentes, organizaron una hoguera: una quema tradicional de \u00e1rboles de Navidad que para muchos simboliza el inicio de un nuevo a\u00f1o.<\/p>\n\n<p>Un punto destacado de la tarde fue la comida conjunta de pan en palo y salchichas a la parrilla. Las alumnas y los alumnos apoyaron a los mayores con mucha paciencia y alegr\u00eda, para que todos pudieran disfrutar de las delicias. En el transcurso, surgieron conversaciones espont\u00e1neas sobre el cambio de a\u00f1o, los deseos para el pr\u00f3ximo a\u00f1o y recuerdos personales, un intercambio que conecta a las generaciones de una manera maravillosa.  <\/p>\n\n<p>Las visitas regulares del proyecto \u00abDoing Good Challenge\u00bb no solo son una enriquecedora experiencia para los ancianos, sino tambi\u00e9n para los j\u00f3venes ayudantes. Las horas compartidas crean un v\u00ednculo especial que demuestra cu\u00e1n importante es el di\u00e1logo entre las generaciones y cu\u00e1nto placer proporciona pasar tiempo juntos. <\/p>\n","protected":false},"excerpt":{"rendered":"<p>El proyecto \u00abDoing Good Challenge\u00bb entusiasma una y otra vez con sus visitas al hogar de ancianos Ecktannen en Waren (M\u00fcritz).<\/p>\n","protected":false},"author":1,"featured_media":69064,"comment_status":"closed","ping_status":"closed","sticky":false,"template":"","format":"standard","meta":{"_acf_changed":false,"_yoast_wpseo_title":"\u201cDesaf\u00edo de Hacer el Bien\u201d: Quema de \u00c1rbol de Navidad","_yoast_wpseo_metadesc":"El proyecto \"Doing Good Challenge\" entusiasma una y otra vez con sus visitas a la residencia de ancianos Ecktannen en Waren.","excerpt":"El proyecto \"Doing Good Challenge\" entusiasma una y otra vez con sus visitas al hogar de ancianos Ecktannen en Waren (M\u00fcritz).","footnotes":""},"categories":[32],"tags":[],"class_list":{"0":"post-82630","1":"post","2":"type-post","3":"status-publish","4":"format-standard","5":"has-post-thumbnail","7":"category-noticias-de-torgelow"},"acf":[],"yoast_head":"<!-- This site is optimized with the Yoast SEO plugin v26.9 - https:\/\/yoast.com\/product\/yoast-seo-wordpress\/ -->\n<title>\u201cDesaf\u00edo de Hacer el Bien\u201d: Quema de \u00c1rbol de Navidad<\/title>\n<meta name=\"description\" content=\"El proyecto &quot;Doing Good Challenge&quot; entusiasma una y otra vez con sus visitas a la residencia de ancianos Ecktannen en Waren.\" \/>\n<meta name=\"robots\" content=\"index, follow, max-snippet:-1, max-image-preview:large, max-video-preview:-1\" \/>\n<link rel=\"canonical\" href=\"https:\/\/www.schlosstorgelow.de\/es\/desafio-de-hacer-el-bien-quema-de-arboles-de-navidad\" \/>\n<meta property=\"og:locale\" content=\"es_ES\" \/>\n<meta property=\"og:type\" content=\"article\" \/>\n<meta property=\"og:title\" content=\"\u201cDesaf\u00edo de Hacer el Bien\u201d: Quema de \u00c1rbol de Navidad\" \/>\n<meta property=\"og:description\" content=\"El proyecto &quot;Doing Good Challenge&quot; entusiasma una y otra vez con sus visitas a la residencia de ancianos Ecktannen en Waren.\" \/>\n<meta property=\"og:url\" content=\"https:\/\/www.schlosstorgelow.de\/es\/desafio-de-hacer-el-bien-quema-de-arboles-de-navidad\" \/>\n<meta property=\"og:site_name\" content=\"Schloss Torgelow\" \/>\n<meta property=\"article:published_time\" content=\"2025-01-29T11:54:18+00:00\" \/>\n<meta property=\"article:modified_time\" content=\"2026-01-12T08:23:38+00:00\" \/>\n<meta name=\"author\" content=\"Schloss Torgelow\" \/>\n<meta name=\"twitter:card\" content=\"summary_large_image\" \/>\n<meta name=\"twitter:label1\" content=\"Escrito por\" \/>\n\t<meta name=\"twitter:data1\" content=\"Schloss Torgelow\" \/>\n\t<meta name=\"twitter:label2\" content=\"Tiempo de lectura\" \/>\n\t<meta name=\"twitter:data2\" content=\"1 minuto\" \/>\n<script type=\"application\/ld+json\" class=\"yoast-schema-graph\">{\"@context\":\"https:\/\/schema.org\",\"@graph\":[{\"@type\":\"Article\",\"@id\":\"https:\/\/www.schlosstorgelow.de\/es\/desafio-de-hacer-el-bien-quema-de-arboles-de-navidad#article\",\"isPartOf\":{\"@id\":\"https:\/\/www.schlosstorgelow.de\/es\/desafio-de-hacer-el-bien-quema-de-arboles-de-navidad\"},\"author\":{\"name\":\"Schloss Torgelow\",\"@id\":\"https:\/\/www.schlosstorgelow.de\/es#\/schema\/person\/b76bbb367f3a20c7ced1339e4875691e\"},\"headline\":\"\u00abDesaf\u00edo de Hacer el Bien\u00bb: Quema de \u00c1rboles de Navidad\",\"datePublished\":\"2025-01-29T11:54:18+00:00\",\"dateModified\":\"2026-01-12T08:23:38+00:00\",\"mainEntityOfPage\":{\"@id\":\"https:\/\/www.schlosstorgelow.de\/es\/desafio-de-hacer-el-bien-quema-de-arboles-de-navidad\"},\"wordCount\":216,\"image\":{\"@id\":\"https:\/\/www.schlosstorgelow.de\/es\/desafio-de-hacer-el-bien-quema-de-arboles-de-navidad#primaryimage\"},\"thumbnailUrl\":\"https:\/\/www.schlosstorgelow.de\/wp-content\/uploads\/2025\/08\/christbaumverbrennen_header_st.avif\",\"articleSection\":[\"Noticias de Torgelow\"],\"inLanguage\":\"es\"},{\"@type\":\"WebPage\",\"@id\":\"https:\/\/www.schlosstorgelow.de\/es\/desafio-de-hacer-el-bien-quema-de-arboles-de-navidad#webpage\",\"url\":\"https:\/\/www.schlosstorgelow.de\/es\/desafio-de-hacer-el-bien-quema-de-arboles-de-navidad\",\"name\":\"\u201cDesaf\u00edo de Hacer el Bien\u201d: Quema de \u00c1rbol de Navidad\",\"isPartOf\":{\"@id\":\"https:\/\/www.schlosstorgelow.de\/es#website\"},\"primaryImageOfPage\":{\"@id\":\"https:\/\/www.schlosstorgelow.de\/es\/desafio-de-hacer-el-bien-quema-de-arboles-de-navidad#primaryimage\"},\"image\":{\"@id\":\"https:\/\/www.schlosstorgelow.de\/es\/desafio-de-hacer-el-bien-quema-de-arboles-de-navidad#primaryimage\"},\"thumbnailUrl\":\"https:\/\/www.schlosstorgelow.de\/wp-content\/uploads\/2025\/08\/christbaumverbrennen_header_st.avif\",\"datePublished\":\"2025-01-29T11:54:18+00:00\",\"dateModified\":\"2026-01-12T08:23:38+00:00\",\"author\":{\"@id\":\"https:\/\/www.schlosstorgelow.de\/es#\/schema\/person\/b76bbb367f3a20c7ced1339e4875691e\"},\"description\":\"El proyecto \\\"Doing Good Challenge\\\" entusiasma una y otra vez con sus visitas a la residencia de ancianos Ecktannen en Waren.\",\"breadcrumb\":{\"@id\":\"https:\/\/www.schlosstorgelow.de\/es\/desafio-de-hacer-el-bien-quema-de-arboles-de-navidad#breadcrumb\"},\"inLanguage\":\"es\",\"potentialAction\":[{\"@type\":\"ReadAction\",\"target\":[\"https:\/\/www.schlosstorgelow.de\/es\/desafio-de-hacer-el-bien-quema-de-arboles-de-navidad\"]}]},{\"@type\":\"ImageObject\",\"inLanguage\":\"es\",\"@id\":\"https:\/\/www.schlosstorgelow.de\/es\/desafio-de-hacer-el-bien-quema-de-arboles-de-navidad#primaryimage\",\"url\":\"https:\/\/www.schlosstorgelow.de\/wp-content\/uploads\/2025\/08\/christbaumverbrennen_header_st.avif\",\"contentUrl\":\"https:\/\/www.schlosstorgelow.de\/wp-content\/uploads\/2025\/08\/christbaumverbrennen_header_st.avif\",\"width\":1920,\"height\":1080,\"caption\":\"\\\"Desaf\u00edo de Hacer el Bien\\\": Quema de \u00c1rboles de Navidad\"},{\"@type\":\"BreadcrumbList\",\"@id\":\"https:\/\/www.schlosstorgelow.de\/es\/desafio-de-hacer-el-bien-quema-de-arboles-de-navidad#breadcrumb\",\"itemListElement\":[{\"@type\":\"ListItem\",\"position\":1,\"name\":\"Startseite\",\"item\":\"https:\/\/www.schlosstorgelow.de\/es\"},{\"@type\":\"ListItem\",\"position\":2,\"name\":\"&#8222;Desaf\u00edo de Hacer el Bien&#8220;: Quema de \u00c1rboles de Navidad\"}]},{\"@type\":\"WebSite\",\"@id\":\"https:\/\/www.schlosstorgelow.de\/es#website\",\"url\":\"https:\/\/www.schlosstorgelow.de\/es\",\"name\":\"Schloss Torgelow\",\"description\":\"El internado privado Schloss Torgelow: el internado para alumnos que buscan un reto.\",\"potentialAction\":[{\"@type\":\"SearchAction\",\"target\":{\"@type\":\"EntryPoint\",\"urlTemplate\":\"https:\/\/www.schlosstorgelow.de\/es?s={search_term_string}\"},\"query-input\":{\"@type\":\"PropertyValueSpecification\",\"valueRequired\":true,\"valueName\":\"search_term_string\"}}],\"inLanguage\":\"es\"},{\"@type\":\"Person\",\"@id\":\"https:\/\/www.schlosstorgelow.de\/es#\/schema\/person\/b76bbb367f3a20c7ced1339e4875691e\",\"name\":\"Schloss Torgelow\",\"image\":{\"@type\":\"ImageObject\",\"inLanguage\":\"es\",\"@id\":\"https:\/\/www.schlosstorgelow.de\/es#\/schema\/person\/image\/\",\"url\":\"https:\/\/secure.gravatar.com\/avatar\/4bad9bf1bee90f77b98693d3ad03ade085c80c169595427c58c58e5b069f49e1?s=96&d=mm&r=g\",\"contentUrl\":\"https:\/\/secure.gravatar.com\/avatar\/4bad9bf1bee90f77b98693d3ad03ade085c80c169595427c58c58e5b069f49e1?s=96&d=mm&r=g\",\"caption\":\"Schloss Torgelow\"},\"sameAs\":[\"https:\/\/www.schlosstorgelow.de\"]}]}<\/script>\n<!-- \/ Yoast SEO plugin. -->","yoast_head_json":{"title":"\u201cDesaf\u00edo de Hacer el Bien\u201d: Quema de \u00c1rbol de Navidad","description":"El proyecto \"Doing Good Challenge\" entusiasma una y otra vez con sus visitas a la residencia de ancianos Ecktannen en Waren.","robots":{"index":"index","follow":"follow","max-snippet":"max-snippet:-1","max-image-preview":"max-image-preview:large","max-video-preview":"max-video-preview:-1"},"canonical":"https:\/\/www.schlosstorgelow.de\/es\/desafio-de-hacer-el-bien-quema-de-arboles-de-navidad","og_locale":"es_ES","og_type":"article","og_title":"\u201cDesaf\u00edo de Hacer el Bien\u201d: Quema de \u00c1rbol de Navidad","og_description":"El proyecto \"Doing Good Challenge\" entusiasma una y otra vez con sus visitas a la residencia de ancianos Ecktannen en Waren.","og_url":"https:\/\/www.schlosstorgelow.de\/es\/desafio-de-hacer-el-bien-quema-de-arboles-de-navidad","og_site_name":"Schloss Torgelow","article_published_time":"2025-01-29T11:54:18+00:00","article_modified_time":"2026-01-12T08:23:38+00:00","author":"Schloss Torgelow","twitter_card":"summary_large_image","twitter_misc":{"Escrito por":"Schloss Torgelow","Tiempo de lectura":"1 minuto"},"schema":{"@context":"https:\/\/schema.org","@graph":[{"@type":"Article","@id":"https:\/\/www.schlosstorgelow.de\/es\/desafio-de-hacer-el-bien-quema-de-arboles-de-navidad#article","isPartOf":{"@id":"https:\/\/www.schlosstorgelow.de\/es\/desafio-de-hacer-el-bien-quema-de-arboles-de-navidad"},"author":{"name":"Schloss Torgelow","@id":"https:\/\/www.schlosstorgelow.de\/es#\/schema\/person\/b76bbb367f3a20c7ced1339e4875691e"},"headline":"\u00abDesaf\u00edo de Hacer el Bien\u00bb: Quema de \u00c1rboles de Navidad","datePublished":"2025-01-29T11:54:18+00:00","dateModified":"2026-01-12T08:23:38+00:00","mainEntityOfPage":{"@id":"https:\/\/www.schlosstorgelow.de\/es\/desafio-de-hacer-el-bien-quema-de-arboles-de-navidad"},"wordCount":216,"image":{"@id":"https:\/\/www.schlosstorgelow.de\/es\/desafio-de-hacer-el-bien-quema-de-arboles-de-navidad#primaryimage"},"thumbnailUrl":"https:\/\/www.schlosstorgelow.de\/wp-content\/uploads\/2025\/08\/christbaumverbrennen_header_st.avif","articleSection":["Noticias de Torgelow"],"inLanguage":"es"},{"@type":"WebPage","@id":"https:\/\/www.schlosstorgelow.de\/es\/desafio-de-hacer-el-bien-quema-de-arboles-de-navidad#webpage","url":"https:\/\/www.schlosstorgelow.de\/es\/desafio-de-hacer-el-bien-quema-de-arboles-de-navidad","name":"\u201cDesaf\u00edo de Hacer el Bien\u201d: Quema de \u00c1rbol de Navidad","isPartOf":{"@id":"https:\/\/www.schlosstorgelow.de\/es#website"},"primaryImageOfPage":{"@id":"https:\/\/www.schlosstorgelow.de\/es\/desafio-de-hacer-el-bien-quema-de-arboles-de-navidad#primaryimage"},"image":{"@id":"https:\/\/www.schlosstorgelow.de\/es\/desafio-de-hacer-el-bien-quema-de-arboles-de-navidad#primaryimage"},"thumbnailUrl":"https:\/\/www.schlosstorgelow.de\/wp-content\/uploads\/2025\/08\/christbaumverbrennen_header_st.avif","datePublished":"2025-01-29T11:54:18+00:00","dateModified":"2026-01-12T08:23:38+00:00","author":{"@id":"https:\/\/www.schlosstorgelow.de\/es#\/schema\/person\/b76bbb367f3a20c7ced1339e4875691e"},"description":"El proyecto \"Doing Good Challenge\" entusiasma una y otra vez con sus visitas a la residencia de ancianos Ecktannen en Waren.","breadcrumb":{"@id":"https:\/\/www.schlosstorgelow.de\/es\/desafio-de-hacer-el-bien-quema-de-arboles-de-navidad#breadcrumb"},"inLanguage":"es","potentialAction":[{"@type":"ReadAction","target":["https:\/\/www.schlosstorgelow.de\/es\/desafio-de-hacer-el-bien-quema-de-arboles-de-navidad"]}]},{"@type":"ImageObject","inLanguage":"es","@id":"https:\/\/www.schlosstorgelow.de\/es\/desafio-de-hacer-el-bien-quema-de-arboles-de-navidad#primaryimage","url":"https:\/\/www.schlosstorgelow.de\/wp-content\/uploads\/2025\/08\/christbaumverbrennen_header_st.avif","contentUrl":"https:\/\/www.schlosstorgelow.de\/wp-content\/uploads\/2025\/08\/christbaumverbrennen_header_st.avif","width":1920,"height":1080,"caption":"\"Desaf\u00edo de Hacer el Bien\": Quema de \u00c1rboles de Navidad"},{"@type":"BreadcrumbList","@id":"https:\/\/www.schlosstorgelow.de\/es\/desafio-de-hacer-el-bien-quema-de-arboles-de-navidad#breadcrumb","itemListElement":[{"@type":"ListItem","position":1,"name":"Startseite","item":"https:\/\/www.schlosstorgelow.de\/es"},{"@type":"ListItem","position":2,"name":"&#8222;Desaf\u00edo de Hacer el Bien&#8220;: Quema de \u00c1rboles de Navidad"}]},{"@type":"WebSite","@id":"https:\/\/www.schlosstorgelow.de\/es#website","url":"https:\/\/www.schlosstorgelow.de\/es","name":"Schloss Torgelow","description":"El internado privado Schloss Torgelow: el internado para alumnos que buscan un reto.","potentialAction":[{"@type":"SearchAction","target":{"@type":"EntryPoint","urlTemplate":"https:\/\/www.schlosstorgelow.de\/es?s={search_term_string}"},"query-input":{"@type":"PropertyValueSpecification","valueRequired":true,"valueName":"search_term_string"}}],"inLanguage":"es"},{"@type":"Person","@id":"https:\/\/www.schlosstorgelow.de\/es#\/schema\/person\/b76bbb367f3a20c7ced1339e4875691e","name":"Schloss Torgelow","image":{"@type":"ImageObject","inLanguage":"es","@id":"https:\/\/www.schlosstorgelow.de\/es#\/schema\/person\/image\/","url":"https:\/\/secure.gravatar.com\/avatar\/4bad9bf1bee90f77b98693d3ad03ade085c80c169595427c58c58e5b069f49e1?s=96&d=mm&r=g","contentUrl":"https:\/\/secure.gravatar.com\/avatar\/4bad9bf1bee90f77b98693d3ad03ade085c80c169595427c58c58e5b069f49e1?s=96&d=mm&r=g","caption":"Schloss Torgelow"},"sameAs":["https:\/\/www.schlosstorgelow.de"]}]}},"block_visibility_meta":[],"_links":{"self":[{"href":"https:\/\/www.schlosstorgelow.de\/es\/wp-json\/wp\/v2\/posts\/82630","targetHints":{"allow":["GET"]}}],"collection":[{"href":"https:\/\/www.schlosstorgelow.de\/es\/wp-json\/wp\/v2\/posts"}],"about":[{"href":"https:\/\/www.schlosstorgelow.de\/es\/wp-json\/wp\/v2\/types\/post"}],"author":[{"embeddable":true,"href":"https:\/\/www.schlosstorgelow.de\/es\/wp-json\/wp\/v2\/users\/1"}],"replies":[{"embeddable":true,"href":"https:\/\/www.schlosstorgelow.de\/es\/wp-json\/wp\/v2\/comments?post=82630"}],"version-history":[{"count":0,"href":"https:\/\/www.schlosstorgelow.de\/es\/wp-json\/wp\/v2\/posts\/82630\/revisions"}],"wp:featuredmedia":[{"embeddable":true,"href":"https:\/\/www.schlosstorgelow.de\/es\/wp-json\/wp\/v2\/media\/69064"}],"wp:attachment":[{"href":"https:\/\/www.schlosstorgelow.de\/es\/wp-json\/wp\/v2\/media?parent=82630"}],"wp:term":[{"taxonomy":"category","embeddable":true,"href":"https:\/\/www.schlosstorgelow.de\/es\/wp-json\/wp\/v2\/categories?post=82630"},{"taxonomy":"post_tag","embeddable":true,"href":"https:\/\/www.schlosstorgelow.de\/es\/wp-json\/wp\/v2\/tags?post=82630"}],"curies":[{"name":"wp","href":"https:\/\/api.w.org\/{rel}","templated":true}]}}