{"id":82624,"date":"2025-01-22T11:48:29","date_gmt":"2025-01-22T11:48:29","guid":{"rendered":"https:\/\/www.schlosstorgelow.de\/proyecto-de-equipo-de-atletismo-en-los-campeonatos-de-sala-a-nivel-estatal"},"modified":"2026-01-23T09:15:48","modified_gmt":"2026-01-23T09:15:48","slug":"proyecto-de-equipo-de-atletismo-en-los-campeonatos-de-sala-a-nivel-estatal","status":"publish","type":"post","link":"https:\/\/www.schlosstorgelow.de\/es\/proyecto-de-equipo-de-atletismo-en-los-campeonatos-de-sala-a-nivel-estatal","title":{"rendered":"Proyecto de equipo de atletismo en los campeonatos de sala a nivel estatal"},"content":{"rendered":"\n<p><i>Willi, estudiante de 10\u00ba grado en el Schloss Torgelow y miembro del proyecto del equipo de atletismo, se hab\u00eda propuesto mucho para los campeonatos regionales en sala del estado de Mecklemburgo-Pomerania Occidental en Neubrandenburgo.<\/i><\/p>\n\n<p>El s\u00e1bado pasado (18 de enero de 2025), Willi compiti\u00f3 en la categor\u00eda MJ U18 (es decir, en la de 16 y 17 a\u00f1os) en salto de longitud, as\u00ed como en las distancias de 60m y 200m en los sprints.<\/p>\n\n<p>Desde el principio, lo hizo muy emocionante. Despu\u00e9s de dos intentos nulos en el salto de longitud, estuvo a punto de quedar eliminado, pero gracias a su fortaleza mental y la confianza en sus habilidades, asegur\u00f3 su lugar en la final con un salto de 6,38 m, donde luego, en su \u00faltimo intento, logr\u00f3 una nueva marca personal de 6,53 m y gan\u00f3 la medalla de oro con gran autoridad. <\/p>\n\n<p>Este muy buen desempe\u00f1o lo confirm\u00f3 Willi en 60m con un nuevo r\u00e9cord personal de 7,38 segundos y un quinto lugar. En 200m, luego gan\u00f3 la medalla de bronce con un tiempo de 23,57 segundos.<\/p>\n\n<p>Junto a Willi, Kacy compiti\u00f3 en las chicas de la categor\u00eda AK 13 en la carrera de 60 m con vallas, pero se qued\u00f3 a las puertas de la final y qued\u00f3 en 9\u00ba lugar.<\/p>\n\n<p>Las estudiantes Ada y Mar\u00eda contribuyeron nuevamente de manera excelente como jueces en la realizaci\u00f3n del evento tras completar con \u00e9xito el curso de formaci\u00f3n de jueces, por lo que al final el organizador se agradeci\u00f3 personalmente su trabajo responsable.<\/p>\n","protected":false},"excerpt":{"rendered":"<p>El proyecto de equipo de atletismo celebra muchos \u00e9xitos y una medalla de oro en los campeonatos nacionales de pista cubierta de Mecklenburg-Vorpommern.<\/p>\n","protected":false},"author":1,"featured_media":44149,"comment_status":"closed","ping_status":"closed","sticky":false,"template":"","format":"standard","meta":{"_acf_changed":false,"_yoast_wpseo_title":"Proyecto de equipo de atletismo en los campeonatos de sala a nivel estatal","_yoast_wpseo_metadesc":"El proyecto de equipo de atletismo celebra muchos \u00e9xitos y una medalla de oro en los campeonatos de campo a trav\u00e9s de Mecklemburgo-Pomerania Occidental.","excerpt":"El proyecto de equipo de atletismo celebra muchos \u00e9xitos y una medalla de oro en los campeonatos nacionales de pista cubierta de Mecklenburg-Vorpommern.","footnotes":""},"categories":[32],"tags":[],"class_list":{"0":"post-82624","1":"post","2":"type-post","3":"status-publish","4":"format-standard","5":"has-post-thumbnail","7":"category-noticias-de-torgelow"},"acf":[],"yoast_head":"<!-- This site is optimized with the Yoast SEO plugin v26.9 - https:\/\/yoast.com\/product\/yoast-seo-wordpress\/ -->\n<title>Proyecto de equipo de atletismo en los campeonatos de sala a nivel estatal<\/title>\n<meta name=\"description\" content=\"El proyecto de equipo de atletismo celebra muchos \u00e9xitos y una medalla de oro en los campeonatos de campo a trav\u00e9s de Mecklemburgo-Pomerania Occidental.\" \/>\n<meta name=\"robots\" content=\"index, follow, max-snippet:-1, max-image-preview:large, max-video-preview:-1\" \/>\n<link rel=\"canonical\" href=\"https:\/\/www.schlosstorgelow.de\/es\/proyecto-de-equipo-de-atletismo-en-los-campeonatos-de-sala-a-nivel-estatal\" \/>\n<meta property=\"og:locale\" content=\"es_ES\" \/>\n<meta property=\"og:type\" content=\"article\" \/>\n<meta property=\"og:title\" content=\"Proyecto de equipo de atletismo en los campeonatos de sala a nivel estatal\" \/>\n<meta property=\"og:description\" content=\"El proyecto de equipo de atletismo celebra muchos \u00e9xitos y una medalla de oro en los campeonatos de campo a trav\u00e9s de Mecklemburgo-Pomerania Occidental.\" \/>\n<meta property=\"og:url\" content=\"https:\/\/www.schlosstorgelow.de\/es\/proyecto-de-equipo-de-atletismo-en-los-campeonatos-de-sala-a-nivel-estatal\" \/>\n<meta property=\"og:site_name\" content=\"Schloss Torgelow\" \/>\n<meta property=\"article:published_time\" content=\"2025-01-22T11:48:29+00:00\" \/>\n<meta property=\"article:modified_time\" content=\"2026-01-23T09:15:48+00:00\" \/>\n<meta name=\"author\" content=\"Schloss Torgelow\" \/>\n<meta name=\"twitter:card\" content=\"summary_large_image\" \/>\n<meta name=\"twitter:label1\" content=\"Escrito por\" \/>\n\t<meta name=\"twitter:data1\" content=\"Schloss Torgelow\" \/>\n\t<meta name=\"twitter:label2\" content=\"Tiempo de lectura\" \/>\n\t<meta name=\"twitter:data2\" content=\"1 minuto\" \/>\n<script type=\"application\/ld+json\" class=\"yoast-schema-graph\">{\"@context\":\"https:\/\/schema.org\",\"@graph\":[{\"@type\":\"Article\",\"@id\":\"https:\/\/www.schlosstorgelow.de\/es\/proyecto-de-equipo-de-atletismo-en-los-campeonatos-de-sala-a-nivel-estatal#article\",\"isPartOf\":{\"@id\":\"https:\/\/www.schlosstorgelow.de\/es\/proyecto-de-equipo-de-atletismo-en-los-campeonatos-de-sala-a-nivel-estatal\"},\"author\":{\"name\":\"Schloss Torgelow\",\"@id\":\"https:\/\/www.schlosstorgelow.de\/es#\/schema\/person\/b76bbb367f3a20c7ced1339e4875691e\"},\"headline\":\"Proyecto de equipo de atletismo en los campeonatos de sala a nivel estatal\",\"datePublished\":\"2025-01-22T11:48:29+00:00\",\"dateModified\":\"2026-01-23T09:15:48+00:00\",\"mainEntityOfPage\":{\"@id\":\"https:\/\/www.schlosstorgelow.de\/es\/proyecto-de-equipo-de-atletismo-en-los-campeonatos-de-sala-a-nivel-estatal\"},\"wordCount\":266,\"image\":{\"@id\":\"https:\/\/www.schlosstorgelow.de\/es\/proyecto-de-equipo-de-atletismo-en-los-campeonatos-de-sala-a-nivel-estatal#primaryimage\"},\"thumbnailUrl\":\"https:\/\/www.schlosstorgelow.de\/wp-content\/uploads\/2025\/07\/willi-weitsprung_header_st.avif\",\"articleSection\":[\"Noticias de Torgelow\"],\"inLanguage\":\"es\"},{\"@type\":\"WebPage\",\"@id\":\"https:\/\/www.schlosstorgelow.de\/es\/proyecto-de-equipo-de-atletismo-en-los-campeonatos-de-sala-a-nivel-estatal#webpage\",\"url\":\"https:\/\/www.schlosstorgelow.de\/es\/proyecto-de-equipo-de-atletismo-en-los-campeonatos-de-sala-a-nivel-estatal\",\"name\":\"Proyecto de equipo de atletismo en los campeonatos de sala a nivel estatal\",\"isPartOf\":{\"@id\":\"https:\/\/www.schlosstorgelow.de\/es#website\"},\"primaryImageOfPage\":{\"@id\":\"https:\/\/www.schlosstorgelow.de\/es\/proyecto-de-equipo-de-atletismo-en-los-campeonatos-de-sala-a-nivel-estatal#primaryimage\"},\"image\":{\"@id\":\"https:\/\/www.schlosstorgelow.de\/es\/proyecto-de-equipo-de-atletismo-en-los-campeonatos-de-sala-a-nivel-estatal#primaryimage\"},\"thumbnailUrl\":\"https:\/\/www.schlosstorgelow.de\/wp-content\/uploads\/2025\/07\/willi-weitsprung_header_st.avif\",\"datePublished\":\"2025-01-22T11:48:29+00:00\",\"dateModified\":\"2026-01-23T09:15:48+00:00\",\"author\":{\"@id\":\"https:\/\/www.schlosstorgelow.de\/es#\/schema\/person\/b76bbb367f3a20c7ced1339e4875691e\"},\"description\":\"El proyecto de equipo de atletismo celebra muchos \u00e9xitos y una medalla de oro en los campeonatos de campo a trav\u00e9s de Mecklemburgo-Pomerania Occidental.\",\"breadcrumb\":{\"@id\":\"https:\/\/www.schlosstorgelow.de\/es\/proyecto-de-equipo-de-atletismo-en-los-campeonatos-de-sala-a-nivel-estatal#breadcrumb\"},\"inLanguage\":\"es\",\"potentialAction\":[{\"@type\":\"ReadAction\",\"target\":[\"https:\/\/www.schlosstorgelow.de\/es\/proyecto-de-equipo-de-atletismo-en-los-campeonatos-de-sala-a-nivel-estatal\"]}]},{\"@type\":\"ImageObject\",\"inLanguage\":\"es\",\"@id\":\"https:\/\/www.schlosstorgelow.de\/es\/proyecto-de-equipo-de-atletismo-en-los-campeonatos-de-sala-a-nivel-estatal#primaryimage\",\"url\":\"https:\/\/www.schlosstorgelow.de\/wp-content\/uploads\/2025\/07\/willi-weitsprung_header_st.avif\",\"contentUrl\":\"https:\/\/www.schlosstorgelow.de\/wp-content\/uploads\/2025\/07\/willi-weitsprung_header_st.avif\",\"width\":1920,\"height\":1080,\"caption\":\"Proyecto de equipo de atletismo en los campeonatos de sala a nivel estatal\"},{\"@type\":\"BreadcrumbList\",\"@id\":\"https:\/\/www.schlosstorgelow.de\/es\/proyecto-de-equipo-de-atletismo-en-los-campeonatos-de-sala-a-nivel-estatal#breadcrumb\",\"itemListElement\":[{\"@type\":\"ListItem\",\"position\":1,\"name\":\"Startseite\",\"item\":\"https:\/\/www.schlosstorgelow.de\/es\"},{\"@type\":\"ListItem\",\"position\":2,\"name\":\"Proyecto de equipo de atletismo en los campeonatos de sala a nivel estatal\"}]},{\"@type\":\"WebSite\",\"@id\":\"https:\/\/www.schlosstorgelow.de\/es#website\",\"url\":\"https:\/\/www.schlosstorgelow.de\/es\",\"name\":\"Schloss Torgelow\",\"description\":\"El internado privado Schloss Torgelow: el internado para alumnos que buscan un reto.\",\"potentialAction\":[{\"@type\":\"SearchAction\",\"target\":{\"@type\":\"EntryPoint\",\"urlTemplate\":\"https:\/\/www.schlosstorgelow.de\/es?s={search_term_string}\"},\"query-input\":{\"@type\":\"PropertyValueSpecification\",\"valueRequired\":true,\"valueName\":\"search_term_string\"}}],\"inLanguage\":\"es\"},{\"@type\":\"Person\",\"@id\":\"https:\/\/www.schlosstorgelow.de\/es#\/schema\/person\/b76bbb367f3a20c7ced1339e4875691e\",\"name\":\"Schloss Torgelow\",\"image\":{\"@type\":\"ImageObject\",\"inLanguage\":\"es\",\"@id\":\"https:\/\/www.schlosstorgelow.de\/es#\/schema\/person\/image\/\",\"url\":\"https:\/\/secure.gravatar.com\/avatar\/4bad9bf1bee90f77b98693d3ad03ade085c80c169595427c58c58e5b069f49e1?s=96&d=mm&r=g\",\"contentUrl\":\"https:\/\/secure.gravatar.com\/avatar\/4bad9bf1bee90f77b98693d3ad03ade085c80c169595427c58c58e5b069f49e1?s=96&d=mm&r=g\",\"caption\":\"Schloss Torgelow\"},\"sameAs\":[\"https:\/\/www.schlosstorgelow.de\"]}]}<\/script>\n<!-- \/ Yoast SEO plugin. -->","yoast_head_json":{"title":"Proyecto de equipo de atletismo en los campeonatos de sala a nivel estatal","description":"El proyecto de equipo de atletismo celebra muchos \u00e9xitos y una medalla de oro en los campeonatos de campo a trav\u00e9s de Mecklemburgo-Pomerania Occidental.","robots":{"index":"index","follow":"follow","max-snippet":"max-snippet:-1","max-image-preview":"max-image-preview:large","max-video-preview":"max-video-preview:-1"},"canonical":"https:\/\/www.schlosstorgelow.de\/es\/proyecto-de-equipo-de-atletismo-en-los-campeonatos-de-sala-a-nivel-estatal","og_locale":"es_ES","og_type":"article","og_title":"Proyecto de equipo de atletismo en los campeonatos de sala a nivel estatal","og_description":"El proyecto de equipo de atletismo celebra muchos \u00e9xitos y una medalla de oro en los campeonatos de campo a trav\u00e9s de Mecklemburgo-Pomerania Occidental.","og_url":"https:\/\/www.schlosstorgelow.de\/es\/proyecto-de-equipo-de-atletismo-en-los-campeonatos-de-sala-a-nivel-estatal","og_site_name":"Schloss Torgelow","article_published_time":"2025-01-22T11:48:29+00:00","article_modified_time":"2026-01-23T09:15:48+00:00","author":"Schloss Torgelow","twitter_card":"summary_large_image","twitter_misc":{"Escrito por":"Schloss Torgelow","Tiempo de lectura":"1 minuto"},"schema":{"@context":"https:\/\/schema.org","@graph":[{"@type":"Article","@id":"https:\/\/www.schlosstorgelow.de\/es\/proyecto-de-equipo-de-atletismo-en-los-campeonatos-de-sala-a-nivel-estatal#article","isPartOf":{"@id":"https:\/\/www.schlosstorgelow.de\/es\/proyecto-de-equipo-de-atletismo-en-los-campeonatos-de-sala-a-nivel-estatal"},"author":{"name":"Schloss Torgelow","@id":"https:\/\/www.schlosstorgelow.de\/es#\/schema\/person\/b76bbb367f3a20c7ced1339e4875691e"},"headline":"Proyecto de equipo de atletismo en los campeonatos de sala a nivel estatal","datePublished":"2025-01-22T11:48:29+00:00","dateModified":"2026-01-23T09:15:48+00:00","mainEntityOfPage":{"@id":"https:\/\/www.schlosstorgelow.de\/es\/proyecto-de-equipo-de-atletismo-en-los-campeonatos-de-sala-a-nivel-estatal"},"wordCount":266,"image":{"@id":"https:\/\/www.schlosstorgelow.de\/es\/proyecto-de-equipo-de-atletismo-en-los-campeonatos-de-sala-a-nivel-estatal#primaryimage"},"thumbnailUrl":"https:\/\/www.schlosstorgelow.de\/wp-content\/uploads\/2025\/07\/willi-weitsprung_header_st.avif","articleSection":["Noticias de Torgelow"],"inLanguage":"es"},{"@type":"WebPage","@id":"https:\/\/www.schlosstorgelow.de\/es\/proyecto-de-equipo-de-atletismo-en-los-campeonatos-de-sala-a-nivel-estatal#webpage","url":"https:\/\/www.schlosstorgelow.de\/es\/proyecto-de-equipo-de-atletismo-en-los-campeonatos-de-sala-a-nivel-estatal","name":"Proyecto de equipo de atletismo en los campeonatos de sala a nivel estatal","isPartOf":{"@id":"https:\/\/www.schlosstorgelow.de\/es#website"},"primaryImageOfPage":{"@id":"https:\/\/www.schlosstorgelow.de\/es\/proyecto-de-equipo-de-atletismo-en-los-campeonatos-de-sala-a-nivel-estatal#primaryimage"},"image":{"@id":"https:\/\/www.schlosstorgelow.de\/es\/proyecto-de-equipo-de-atletismo-en-los-campeonatos-de-sala-a-nivel-estatal#primaryimage"},"thumbnailUrl":"https:\/\/www.schlosstorgelow.de\/wp-content\/uploads\/2025\/07\/willi-weitsprung_header_st.avif","datePublished":"2025-01-22T11:48:29+00:00","dateModified":"2026-01-23T09:15:48+00:00","author":{"@id":"https:\/\/www.schlosstorgelow.de\/es#\/schema\/person\/b76bbb367f3a20c7ced1339e4875691e"},"description":"El proyecto de equipo de atletismo celebra muchos \u00e9xitos y una medalla de oro en los campeonatos de campo a trav\u00e9s de Mecklemburgo-Pomerania Occidental.","breadcrumb":{"@id":"https:\/\/www.schlosstorgelow.de\/es\/proyecto-de-equipo-de-atletismo-en-los-campeonatos-de-sala-a-nivel-estatal#breadcrumb"},"inLanguage":"es","potentialAction":[{"@type":"ReadAction","target":["https:\/\/www.schlosstorgelow.de\/es\/proyecto-de-equipo-de-atletismo-en-los-campeonatos-de-sala-a-nivel-estatal"]}]},{"@type":"ImageObject","inLanguage":"es","@id":"https:\/\/www.schlosstorgelow.de\/es\/proyecto-de-equipo-de-atletismo-en-los-campeonatos-de-sala-a-nivel-estatal#primaryimage","url":"https:\/\/www.schlosstorgelow.de\/wp-content\/uploads\/2025\/07\/willi-weitsprung_header_st.avif","contentUrl":"https:\/\/www.schlosstorgelow.de\/wp-content\/uploads\/2025\/07\/willi-weitsprung_header_st.avif","width":1920,"height":1080,"caption":"Proyecto de equipo de atletismo en los campeonatos de sala a nivel estatal"},{"@type":"BreadcrumbList","@id":"https:\/\/www.schlosstorgelow.de\/es\/proyecto-de-equipo-de-atletismo-en-los-campeonatos-de-sala-a-nivel-estatal#breadcrumb","itemListElement":[{"@type":"ListItem","position":1,"name":"Startseite","item":"https:\/\/www.schlosstorgelow.de\/es"},{"@type":"ListItem","position":2,"name":"Proyecto de equipo de atletismo en los campeonatos de sala a nivel estatal"}]},{"@type":"WebSite","@id":"https:\/\/www.schlosstorgelow.de\/es#website","url":"https:\/\/www.schlosstorgelow.de\/es","name":"Schloss Torgelow","description":"El internado privado Schloss Torgelow: el internado para alumnos que buscan un reto.","potentialAction":[{"@type":"SearchAction","target":{"@type":"EntryPoint","urlTemplate":"https:\/\/www.schlosstorgelow.de\/es?s={search_term_string}"},"query-input":{"@type":"PropertyValueSpecification","valueRequired":true,"valueName":"search_term_string"}}],"inLanguage":"es"},{"@type":"Person","@id":"https:\/\/www.schlosstorgelow.de\/es#\/schema\/person\/b76bbb367f3a20c7ced1339e4875691e","name":"Schloss Torgelow","image":{"@type":"ImageObject","inLanguage":"es","@id":"https:\/\/www.schlosstorgelow.de\/es#\/schema\/person\/image\/","url":"https:\/\/secure.gravatar.com\/avatar\/4bad9bf1bee90f77b98693d3ad03ade085c80c169595427c58c58e5b069f49e1?s=96&d=mm&r=g","contentUrl":"https:\/\/secure.gravatar.com\/avatar\/4bad9bf1bee90f77b98693d3ad03ade085c80c169595427c58c58e5b069f49e1?s=96&d=mm&r=g","caption":"Schloss Torgelow"},"sameAs":["https:\/\/www.schlosstorgelow.de"]}]}},"block_visibility_meta":[],"_links":{"self":[{"href":"https:\/\/www.schlosstorgelow.de\/es\/wp-json\/wp\/v2\/posts\/82624","targetHints":{"allow":["GET"]}}],"collection":[{"href":"https:\/\/www.schlosstorgelow.de\/es\/wp-json\/wp\/v2\/posts"}],"about":[{"href":"https:\/\/www.schlosstorgelow.de\/es\/wp-json\/wp\/v2\/types\/post"}],"author":[{"embeddable":true,"href":"https:\/\/www.schlosstorgelow.de\/es\/wp-json\/wp\/v2\/users\/1"}],"replies":[{"embeddable":true,"href":"https:\/\/www.schlosstorgelow.de\/es\/wp-json\/wp\/v2\/comments?post=82624"}],"version-history":[{"count":0,"href":"https:\/\/www.schlosstorgelow.de\/es\/wp-json\/wp\/v2\/posts\/82624\/revisions"}],"wp:featuredmedia":[{"embeddable":true,"href":"https:\/\/www.schlosstorgelow.de\/es\/wp-json\/wp\/v2\/media\/44149"}],"wp:attachment":[{"href":"https:\/\/www.schlosstorgelow.de\/es\/wp-json\/wp\/v2\/media?parent=82624"}],"wp:term":[{"taxonomy":"category","embeddable":true,"href":"https:\/\/www.schlosstorgelow.de\/es\/wp-json\/wp\/v2\/categories?post=82624"},{"taxonomy":"post_tag","embeddable":true,"href":"https:\/\/www.schlosstorgelow.de\/es\/wp-json\/wp\/v2\/tags?post=82624"}],"curies":[{"name":"wp","href":"https:\/\/api.w.org\/{rel}","templated":true}]}}