{"id":82610,"date":"2025-03-03T09:40:46","date_gmt":"2025-03-03T09:40:46","guid":{"rendered":"https:\/\/www.schlosstorgelow.de\/campeones-de-matematicas-en-la-linea-de-salida-el-primer-lugar-va-a-torgelow-am-see"},"modified":"2026-01-12T08:18:31","modified_gmt":"2026-01-12T08:18:31","slug":"campeones-de-matematicas-en-la-linea-de-salida-el-primer-lugar-va-a-torgelow-am-see","status":"publish","type":"post","link":"https:\/\/www.schlosstorgelow.de\/es\/campeones-de-matematicas-en-la-linea-de-salida-el-primer-lugar-va-a-torgelow-am-see","title":{"rendered":"Campeones de matem\u00e1ticas en la l\u00ednea de salida: \u00a1El primer lugar va a Torgelow am See!"},"content":{"rendered":"\n<p><i>El 21 y 22 de febrero de 2025 se llev\u00f3 a cabo la 64.\u00aa ronda nacional de   <\/i><a href=\"https:\/\/www.mathe-wettbewerbe.de\/mathematik-olympiade\/\"><i>Olimp\u00edada de Matem\u00e1ticas<\/i><\/a><i> se llev\u00f3 a cabo en toda Alemania. En Mecklemburgo-Pomerania Occidental, 194 talentos de matem\u00e1ticas demostraron su habilidad, entre ellos Vivianne, Thomas, Lisa y Kewen del gimnasio interno Schloss Torgelow, que resolvieron problemas en Rostock con total concentraci\u00f3n. <\/i><\/p>\n\n<p>La Olimpiada de Matem\u00e1ticas es una competici\u00f3n a nivel nacional en la que participan anualmente alrededor de 200,000 estudiantes. En la olimpiada, siguiendo el lema ol\u00edmpico \u00abLo importante es participar\u00bb, se trata principalmente del disfrute del reto y del encuentro con otros aficionados a las matem\u00e1ticas. La olimpiada se desarrolla en varias rondas, aumentando la dificultad de ronda en ronda, siendo la ronda nacional el punto culminante para los mejores talentos matem\u00e1ticos a partir del octavo grado.  <\/p>\n\n<p>Simone Oldenburg, ministra de Educaci\u00f3n de Mecklemburgo-Pomerania Occidental, elogi\u00f3 a los participantes: \u00ab\u00a1Todos los que han llegado a la fase regional pueden estar orgullosos de s\u00ed mismos!\u00bb En la ronda regional participaron 1.800 talentos en matem\u00e1ticas de toda Mecklemburgo-Pomerania Occidental. \u00abLos concursos son una parte importante de la promoci\u00f3n del talento. Contribuyen a que los ni\u00f1os y j\u00f3venes puedan desarrollar sus habilidades\u00bb, continu\u00f3 la ministra de Educaci\u00f3n. El internado Schloss Torgelow estuvo representado en la fase regional con cuatro estudiantes.   <\/p>\n\n<p>Despu\u00e9s de horas de c\u00e1lculos, pensamiento l\u00f3gico y estrategias de soluci\u00f3n creativas, se honr\u00f3 a los mejores. \u00a1Un gran \u00e9xito para nuestra escuela: Kewen (curso 10) obtuvo el 1er premio! Esperamos que Kewen contin\u00fae ahora en la ronda nacional. Le cruzamos los dedos.   <\/p>\n\n<p>\u00a1Felicidades a todos los participantes y a Kewen \u2013 estamos orgullosos de ustedes!<\/p>\n","protected":false},"excerpt":{"rendered":"<p>En la 64.\u00aa ronda estatal de la Olimpiada de Matem\u00e1ticas, el primer lugar de este a\u00f1o se va a Torgelow am See.<\/p>\n","protected":false},"author":1,"featured_media":44125,"comment_status":"closed","ping_status":"closed","sticky":false,"template":"","format":"standard","meta":{"_acf_changed":false,"_yoast_wpseo_title":"Mathe-Champions: El 1er lugar se va a Torgelow.","_yoast_wpseo_metadesc":"En la 64.\u00aa ronda regional de la Olimpiada Matem\u00e1tica, el primer puesto de este a\u00f1o es para Torgelow am See.","excerpt":"En la 64.\u00aa ronda regional de la Olimpiada Matem\u00e1tica, el primer puesto de este a\u00f1o es para Torgelow am See.","footnotes":""},"categories":[32],"tags":[],"class_list":{"0":"post-82610","1":"post","2":"type-post","3":"status-publish","4":"format-standard","5":"has-post-thumbnail","7":"category-noticias-de-torgelow"},"acf":[],"yoast_head":"<!-- This site is optimized with the Yoast SEO plugin v26.9 - https:\/\/yoast.com\/product\/yoast-seo-wordpress\/ -->\n<title>Mathe-Champions: El 1er lugar se va a Torgelow.<\/title>\n<meta name=\"description\" content=\"En la 64.\u00aa ronda regional de la Olimpiada Matem\u00e1tica, el primer puesto de este a\u00f1o es para Torgelow am See.\" \/>\n<meta name=\"robots\" content=\"index, follow, max-snippet:-1, max-image-preview:large, max-video-preview:-1\" \/>\n<link rel=\"canonical\" href=\"https:\/\/www.schlosstorgelow.de\/es\/campeones-de-matematicas-en-la-linea-de-salida-el-primer-lugar-va-a-torgelow-am-see\" \/>\n<meta property=\"og:locale\" content=\"es_ES\" \/>\n<meta property=\"og:type\" content=\"article\" \/>\n<meta property=\"og:title\" content=\"Mathe-Champions: El 1er lugar se va a Torgelow.\" \/>\n<meta property=\"og:description\" content=\"En la 64.\u00aa ronda regional de la Olimpiada Matem\u00e1tica, el primer puesto de este a\u00f1o es para Torgelow am See.\" \/>\n<meta property=\"og:url\" content=\"https:\/\/www.schlosstorgelow.de\/es\/campeones-de-matematicas-en-la-linea-de-salida-el-primer-lugar-va-a-torgelow-am-see\" \/>\n<meta property=\"og:site_name\" content=\"Schloss Torgelow\" \/>\n<meta property=\"article:published_time\" content=\"2025-03-03T09:40:46+00:00\" \/>\n<meta property=\"article:modified_time\" content=\"2026-01-12T08:18:31+00:00\" \/>\n<meta name=\"author\" content=\"Schloss Torgelow\" \/>\n<meta name=\"twitter:card\" content=\"summary_large_image\" \/>\n<meta name=\"twitter:label1\" content=\"Escrito por\" \/>\n\t<meta name=\"twitter:data1\" content=\"Schloss Torgelow\" \/>\n\t<meta name=\"twitter:label2\" content=\"Tiempo de lectura\" \/>\n\t<meta name=\"twitter:data2\" content=\"1 minuto\" \/>\n<script type=\"application\/ld+json\" class=\"yoast-schema-graph\">{\"@context\":\"https:\/\/schema.org\",\"@graph\":[{\"@type\":\"Article\",\"@id\":\"https:\/\/www.schlosstorgelow.de\/es\/campeones-de-matematicas-en-la-linea-de-salida-el-primer-lugar-va-a-torgelow-am-see#article\",\"isPartOf\":{\"@id\":\"https:\/\/www.schlosstorgelow.de\/es\/campeones-de-matematicas-en-la-linea-de-salida-el-primer-lugar-va-a-torgelow-am-see\"},\"author\":{\"name\":\"Schloss Torgelow\",\"@id\":\"https:\/\/www.schlosstorgelow.de\/es#\/schema\/person\/b76bbb367f3a20c7ced1339e4875691e\"},\"headline\":\"Campeones de matem\u00e1ticas en la l\u00ednea de salida: \u00a1El primer lugar va a Torgelow am See!\",\"datePublished\":\"2025-03-03T09:40:46+00:00\",\"dateModified\":\"2026-01-12T08:18:31+00:00\",\"mainEntityOfPage\":{\"@id\":\"https:\/\/www.schlosstorgelow.de\/es\/campeones-de-matematicas-en-la-linea-de-salida-el-primer-lugar-va-a-torgelow-am-see\"},\"wordCount\":299,\"image\":{\"@id\":\"https:\/\/www.schlosstorgelow.de\/es\/campeones-de-matematicas-en-la-linea-de-salida-el-primer-lugar-va-a-torgelow-am-see#primaryimage\"},\"thumbnailUrl\":\"https:\/\/www.schlosstorgelow.de\/wp-content\/uploads\/2025\/07\/matheolympiade-2025_header_st.avif\",\"articleSection\":[\"Noticias de Torgelow\"],\"inLanguage\":\"es\"},{\"@type\":\"WebPage\",\"@id\":\"https:\/\/www.schlosstorgelow.de\/es\/campeones-de-matematicas-en-la-linea-de-salida-el-primer-lugar-va-a-torgelow-am-see#webpage\",\"url\":\"https:\/\/www.schlosstorgelow.de\/es\/campeones-de-matematicas-en-la-linea-de-salida-el-primer-lugar-va-a-torgelow-am-see\",\"name\":\"Mathe-Champions: El 1er lugar se va a Torgelow.\",\"isPartOf\":{\"@id\":\"https:\/\/www.schlosstorgelow.de\/es#website\"},\"primaryImageOfPage\":{\"@id\":\"https:\/\/www.schlosstorgelow.de\/es\/campeones-de-matematicas-en-la-linea-de-salida-el-primer-lugar-va-a-torgelow-am-see#primaryimage\"},\"image\":{\"@id\":\"https:\/\/www.schlosstorgelow.de\/es\/campeones-de-matematicas-en-la-linea-de-salida-el-primer-lugar-va-a-torgelow-am-see#primaryimage\"},\"thumbnailUrl\":\"https:\/\/www.schlosstorgelow.de\/wp-content\/uploads\/2025\/07\/matheolympiade-2025_header_st.avif\",\"datePublished\":\"2025-03-03T09:40:46+00:00\",\"dateModified\":\"2026-01-12T08:18:31+00:00\",\"author\":{\"@id\":\"https:\/\/www.schlosstorgelow.de\/es#\/schema\/person\/b76bbb367f3a20c7ced1339e4875691e\"},\"description\":\"En la 64.\u00aa ronda regional de la Olimpiada Matem\u00e1tica, el primer puesto de este a\u00f1o es para Torgelow am See.\",\"breadcrumb\":{\"@id\":\"https:\/\/www.schlosstorgelow.de\/es\/campeones-de-matematicas-en-la-linea-de-salida-el-primer-lugar-va-a-torgelow-am-see#breadcrumb\"},\"inLanguage\":\"es\",\"potentialAction\":[{\"@type\":\"ReadAction\",\"target\":[\"https:\/\/www.schlosstorgelow.de\/es\/campeones-de-matematicas-en-la-linea-de-salida-el-primer-lugar-va-a-torgelow-am-see\"]}]},{\"@type\":\"ImageObject\",\"inLanguage\":\"es\",\"@id\":\"https:\/\/www.schlosstorgelow.de\/es\/campeones-de-matematicas-en-la-linea-de-salida-el-primer-lugar-va-a-torgelow-am-see#primaryimage\",\"url\":\"https:\/\/www.schlosstorgelow.de\/wp-content\/uploads\/2025\/07\/matheolympiade-2025_header_st.avif\",\"contentUrl\":\"https:\/\/www.schlosstorgelow.de\/wp-content\/uploads\/2025\/07\/matheolympiade-2025_header_st.avif\",\"width\":1920,\"height\":1080,\"caption\":\"\u00a1Campeones de matem\u00e1ticas en la l\u00ednea de salida: el primer lugar va a Torgelow am See!\"},{\"@type\":\"BreadcrumbList\",\"@id\":\"https:\/\/www.schlosstorgelow.de\/es\/campeones-de-matematicas-en-la-linea-de-salida-el-primer-lugar-va-a-torgelow-am-see#breadcrumb\",\"itemListElement\":[{\"@type\":\"ListItem\",\"position\":1,\"name\":\"Startseite\",\"item\":\"https:\/\/www.schlosstorgelow.de\/es\"},{\"@type\":\"ListItem\",\"position\":2,\"name\":\"Campeones de matem\u00e1ticas en la l\u00ednea de salida: \u00a1El primer lugar va a Torgelow am See!\"}]},{\"@type\":\"WebSite\",\"@id\":\"https:\/\/www.schlosstorgelow.de\/es#website\",\"url\":\"https:\/\/www.schlosstorgelow.de\/es\",\"name\":\"Schloss Torgelow\",\"description\":\"El internado privado Schloss Torgelow: el internado para alumnos que buscan un reto.\",\"potentialAction\":[{\"@type\":\"SearchAction\",\"target\":{\"@type\":\"EntryPoint\",\"urlTemplate\":\"https:\/\/www.schlosstorgelow.de\/es?s={search_term_string}\"},\"query-input\":{\"@type\":\"PropertyValueSpecification\",\"valueRequired\":true,\"valueName\":\"search_term_string\"}}],\"inLanguage\":\"es\"},{\"@type\":\"Person\",\"@id\":\"https:\/\/www.schlosstorgelow.de\/es#\/schema\/person\/b76bbb367f3a20c7ced1339e4875691e\",\"name\":\"Schloss Torgelow\",\"image\":{\"@type\":\"ImageObject\",\"inLanguage\":\"es\",\"@id\":\"https:\/\/www.schlosstorgelow.de\/es#\/schema\/person\/image\/\",\"url\":\"https:\/\/secure.gravatar.com\/avatar\/4bad9bf1bee90f77b98693d3ad03ade085c80c169595427c58c58e5b069f49e1?s=96&d=mm&r=g\",\"contentUrl\":\"https:\/\/secure.gravatar.com\/avatar\/4bad9bf1bee90f77b98693d3ad03ade085c80c169595427c58c58e5b069f49e1?s=96&d=mm&r=g\",\"caption\":\"Schloss Torgelow\"},\"sameAs\":[\"https:\/\/www.schlosstorgelow.de\"]}]}<\/script>\n<!-- \/ Yoast SEO plugin. -->","yoast_head_json":{"title":"Mathe-Champions: El 1er lugar se va a Torgelow.","description":"En la 64.\u00aa ronda regional de la Olimpiada Matem\u00e1tica, el primer puesto de este a\u00f1o es para Torgelow am See.","robots":{"index":"index","follow":"follow","max-snippet":"max-snippet:-1","max-image-preview":"max-image-preview:large","max-video-preview":"max-video-preview:-1"},"canonical":"https:\/\/www.schlosstorgelow.de\/es\/campeones-de-matematicas-en-la-linea-de-salida-el-primer-lugar-va-a-torgelow-am-see","og_locale":"es_ES","og_type":"article","og_title":"Mathe-Champions: El 1er lugar se va a Torgelow.","og_description":"En la 64.\u00aa ronda regional de la Olimpiada Matem\u00e1tica, el primer puesto de este a\u00f1o es para Torgelow am See.","og_url":"https:\/\/www.schlosstorgelow.de\/es\/campeones-de-matematicas-en-la-linea-de-salida-el-primer-lugar-va-a-torgelow-am-see","og_site_name":"Schloss Torgelow","article_published_time":"2025-03-03T09:40:46+00:00","article_modified_time":"2026-01-12T08:18:31+00:00","author":"Schloss Torgelow","twitter_card":"summary_large_image","twitter_misc":{"Escrito por":"Schloss Torgelow","Tiempo de lectura":"1 minuto"},"schema":{"@context":"https:\/\/schema.org","@graph":[{"@type":"Article","@id":"https:\/\/www.schlosstorgelow.de\/es\/campeones-de-matematicas-en-la-linea-de-salida-el-primer-lugar-va-a-torgelow-am-see#article","isPartOf":{"@id":"https:\/\/www.schlosstorgelow.de\/es\/campeones-de-matematicas-en-la-linea-de-salida-el-primer-lugar-va-a-torgelow-am-see"},"author":{"name":"Schloss Torgelow","@id":"https:\/\/www.schlosstorgelow.de\/es#\/schema\/person\/b76bbb367f3a20c7ced1339e4875691e"},"headline":"Campeones de matem\u00e1ticas en la l\u00ednea de salida: \u00a1El primer lugar va a Torgelow am See!","datePublished":"2025-03-03T09:40:46+00:00","dateModified":"2026-01-12T08:18:31+00:00","mainEntityOfPage":{"@id":"https:\/\/www.schlosstorgelow.de\/es\/campeones-de-matematicas-en-la-linea-de-salida-el-primer-lugar-va-a-torgelow-am-see"},"wordCount":299,"image":{"@id":"https:\/\/www.schlosstorgelow.de\/es\/campeones-de-matematicas-en-la-linea-de-salida-el-primer-lugar-va-a-torgelow-am-see#primaryimage"},"thumbnailUrl":"https:\/\/www.schlosstorgelow.de\/wp-content\/uploads\/2025\/07\/matheolympiade-2025_header_st.avif","articleSection":["Noticias de Torgelow"],"inLanguage":"es"},{"@type":"WebPage","@id":"https:\/\/www.schlosstorgelow.de\/es\/campeones-de-matematicas-en-la-linea-de-salida-el-primer-lugar-va-a-torgelow-am-see#webpage","url":"https:\/\/www.schlosstorgelow.de\/es\/campeones-de-matematicas-en-la-linea-de-salida-el-primer-lugar-va-a-torgelow-am-see","name":"Mathe-Champions: El 1er lugar se va a Torgelow.","isPartOf":{"@id":"https:\/\/www.schlosstorgelow.de\/es#website"},"primaryImageOfPage":{"@id":"https:\/\/www.schlosstorgelow.de\/es\/campeones-de-matematicas-en-la-linea-de-salida-el-primer-lugar-va-a-torgelow-am-see#primaryimage"},"image":{"@id":"https:\/\/www.schlosstorgelow.de\/es\/campeones-de-matematicas-en-la-linea-de-salida-el-primer-lugar-va-a-torgelow-am-see#primaryimage"},"thumbnailUrl":"https:\/\/www.schlosstorgelow.de\/wp-content\/uploads\/2025\/07\/matheolympiade-2025_header_st.avif","datePublished":"2025-03-03T09:40:46+00:00","dateModified":"2026-01-12T08:18:31+00:00","author":{"@id":"https:\/\/www.schlosstorgelow.de\/es#\/schema\/person\/b76bbb367f3a20c7ced1339e4875691e"},"description":"En la 64.\u00aa ronda regional de la Olimpiada Matem\u00e1tica, el primer puesto de este a\u00f1o es para Torgelow am See.","breadcrumb":{"@id":"https:\/\/www.schlosstorgelow.de\/es\/campeones-de-matematicas-en-la-linea-de-salida-el-primer-lugar-va-a-torgelow-am-see#breadcrumb"},"inLanguage":"es","potentialAction":[{"@type":"ReadAction","target":["https:\/\/www.schlosstorgelow.de\/es\/campeones-de-matematicas-en-la-linea-de-salida-el-primer-lugar-va-a-torgelow-am-see"]}]},{"@type":"ImageObject","inLanguage":"es","@id":"https:\/\/www.schlosstorgelow.de\/es\/campeones-de-matematicas-en-la-linea-de-salida-el-primer-lugar-va-a-torgelow-am-see#primaryimage","url":"https:\/\/www.schlosstorgelow.de\/wp-content\/uploads\/2025\/07\/matheolympiade-2025_header_st.avif","contentUrl":"https:\/\/www.schlosstorgelow.de\/wp-content\/uploads\/2025\/07\/matheolympiade-2025_header_st.avif","width":1920,"height":1080,"caption":"\u00a1Campeones de matem\u00e1ticas en la l\u00ednea de salida: el primer lugar va a Torgelow am See!"},{"@type":"BreadcrumbList","@id":"https:\/\/www.schlosstorgelow.de\/es\/campeones-de-matematicas-en-la-linea-de-salida-el-primer-lugar-va-a-torgelow-am-see#breadcrumb","itemListElement":[{"@type":"ListItem","position":1,"name":"Startseite","item":"https:\/\/www.schlosstorgelow.de\/es"},{"@type":"ListItem","position":2,"name":"Campeones de matem\u00e1ticas en la l\u00ednea de salida: \u00a1El primer lugar va a Torgelow am See!"}]},{"@type":"WebSite","@id":"https:\/\/www.schlosstorgelow.de\/es#website","url":"https:\/\/www.schlosstorgelow.de\/es","name":"Schloss Torgelow","description":"El internado privado Schloss Torgelow: el internado para alumnos que buscan un reto.","potentialAction":[{"@type":"SearchAction","target":{"@type":"EntryPoint","urlTemplate":"https:\/\/www.schlosstorgelow.de\/es?s={search_term_string}"},"query-input":{"@type":"PropertyValueSpecification","valueRequired":true,"valueName":"search_term_string"}}],"inLanguage":"es"},{"@type":"Person","@id":"https:\/\/www.schlosstorgelow.de\/es#\/schema\/person\/b76bbb367f3a20c7ced1339e4875691e","name":"Schloss Torgelow","image":{"@type":"ImageObject","inLanguage":"es","@id":"https:\/\/www.schlosstorgelow.de\/es#\/schema\/person\/image\/","url":"https:\/\/secure.gravatar.com\/avatar\/4bad9bf1bee90f77b98693d3ad03ade085c80c169595427c58c58e5b069f49e1?s=96&d=mm&r=g","contentUrl":"https:\/\/secure.gravatar.com\/avatar\/4bad9bf1bee90f77b98693d3ad03ade085c80c169595427c58c58e5b069f49e1?s=96&d=mm&r=g","caption":"Schloss Torgelow"},"sameAs":["https:\/\/www.schlosstorgelow.de"]}]}},"block_visibility_meta":[],"_links":{"self":[{"href":"https:\/\/www.schlosstorgelow.de\/es\/wp-json\/wp\/v2\/posts\/82610","targetHints":{"allow":["GET"]}}],"collection":[{"href":"https:\/\/www.schlosstorgelow.de\/es\/wp-json\/wp\/v2\/posts"}],"about":[{"href":"https:\/\/www.schlosstorgelow.de\/es\/wp-json\/wp\/v2\/types\/post"}],"author":[{"embeddable":true,"href":"https:\/\/www.schlosstorgelow.de\/es\/wp-json\/wp\/v2\/users\/1"}],"replies":[{"embeddable":true,"href":"https:\/\/www.schlosstorgelow.de\/es\/wp-json\/wp\/v2\/comments?post=82610"}],"version-history":[{"count":0,"href":"https:\/\/www.schlosstorgelow.de\/es\/wp-json\/wp\/v2\/posts\/82610\/revisions"}],"wp:featuredmedia":[{"embeddable":true,"href":"https:\/\/www.schlosstorgelow.de\/es\/wp-json\/wp\/v2\/media\/44125"}],"wp:attachment":[{"href":"https:\/\/www.schlosstorgelow.de\/es\/wp-json\/wp\/v2\/media?parent=82610"}],"wp:term":[{"taxonomy":"category","embeddable":true,"href":"https:\/\/www.schlosstorgelow.de\/es\/wp-json\/wp\/v2\/categories?post=82610"},{"taxonomy":"post_tag","embeddable":true,"href":"https:\/\/www.schlosstorgelow.de\/es\/wp-json\/wp\/v2\/tags?post=82610"}],"curies":[{"name":"wp","href":"https:\/\/api.w.org\/{rel}","templated":true}]}}