{"id":82598,"date":"2025-03-24T15:22:58","date_gmt":"2025-03-24T15:22:58","guid":{"rendered":"https:\/\/www.schlosstorgelow.de\/solo-para-optimistas-el-proyecto-del-food-truck-sigue-siendo-un-desafio"},"modified":"2026-01-29T08:50:52","modified_gmt":"2026-01-29T07:50:52","slug":"solo-para-optimistas-el-proyecto-del-food-truck-sigue-siendo-un-desafio","status":"publish","type":"post","link":"https:\/\/www.schlosstorgelow.de\/es\/solo-para-optimistas-el-proyecto-del-food-truck-sigue-siendo-un-desafio","title":{"rendered":"Solo para optimistas: el proyecto del food truck sigue siendo un desaf\u00edo"},"content":{"rendered":"\n<p><i>Se dice que las cosas buenas requieren tiempo, \u00bfpero cu\u00e1nto tiempo exactamente? El food truck \u00abSolo para optimistas\u00bb est\u00e1 actualmente en una larga fase de renovaci\u00f3n. La reactivaci\u00f3n planificada se est\u00e1 convirtiendo para la propietaria, que no tiene conocimientos t\u00e9cnicos, en un desaf\u00edo creciente, cuyo final a\u00fan es incierto.  <\/i><\/p>\n\n<p><strong>Se requiere paciencia.<\/strong><\/p>\n\n<p>La rehabilitaci\u00f3n del foodtruck comenz\u00f3 con intensos trabajos de chorro de arena para liberar el interior del cami\u00f3n de viejas capas de pintura, restos de cocina y \u00f3xido. A continuaci\u00f3n, se eliminaron todas las chapas da\u00f1adas. La estructura del marco, ahora expuesta, tuvo que ser tratada con un aceite especial de protecci\u00f3n y cuidado contra el \u00f3xido. Este aceite penetra profundamente en las superficies para detener la formaci\u00f3n de \u00f3xido y crear una base para las siguientes capas de protecci\u00f3n contra la corrosi\u00f3n. Pero aqu\u00ed surgi\u00f3 uno de los problemas: el proceso de secado se prolong\u00f3.    <\/p>\n\n<p><strong>La larga espera<\/strong><\/p>\n\n<p>Las bajas temperaturas prolongadas de las \u00faltimas semanas han retrasado considerablemente el secado. Sin un curado completo, no se pudo aplicar la siguiente capa de pintura protectora. Pero el clima est\u00e1 mejorando poco a poco y, mientras tanto, este paso tambi\u00e9n se ha completado. Ahora el carrocerero puede ocuparse de la reconstrucci\u00f3n de la estructura del suelo. Se fabricar\u00e1 a medida un nuevo subchasis de perfiles de acero inoxidable y se soldar\u00e1 al chasis existente para crear una base estable para el nuevo suelo de paneles de contrachapado.    <\/p>\n\n<p><strong>\u00bfY luego?<\/strong><\/p>\n\n<p>Entonces, \u00bfcontinuamos con la construcci\u00f3n interior y otras decisiones importantes? \u00bfQu\u00e9 exactamente se supone que debe poder hacer? \u00bfPizza? \u00bfHamburguesas? \u00bfCr\u00eapes? \u00bfTacos? \u00bfPasteles? Muchas preguntas y a\u00fan ninguna respuesta definitiva.       <\/p>\n\n<p><strong>Aliento largo<\/strong><\/p>\n\n<p>Esperemos que el cami\u00f3n \u00abSolo para optimistas\u00bb brille nuevamente en todo su esplendor pronto. Actualmente, parece m\u00e1s bien un sitio de construcci\u00f3n a largo plazo. Cu\u00e1ndo el food truck vuelva realmente a las calles sigue siendo un misterio. La motivaci\u00f3n est\u00e1 ah\u00ed, pero los muchos trabajos de reparaci\u00f3n necesarios lo hacen dif\u00edcil.   <\/p>\n","protected":false},"excerpt":{"rendered":"<p>Se dice que las cosas buenas requieren tiempo, pero \u00bfcu\u00e1nto tiempo exactamente? El food truck \u00abSolo para optimistas\u00bb est\u00e1 actualmente en una larga fase de renovaci\u00f3n. <\/p>\n","protected":false},"author":1,"featured_media":71255,"comment_status":"closed","ping_status":"closed","sticky":false,"template":"","format":"standard","meta":{"_acf_changed":false,"_yoast_wpseo_title":"Solo para optimistas: el proyecto del food truck sigue siendo un desaf\u00edo","_yoast_wpseo_metadesc":"Se dice que las cosas buenas requieren tiempo: el food truck \u00abSolo para optimistas\u00bb est\u00e1 en plena renovaci\u00f3n.","excerpt":"Se dice que las cosas buenas requieren tiempo, pero \u00bfcu\u00e1nto tiempo exactamente? El food truck \"Solo para optimistas\" est\u00e1 actualmente en una larga fase de renovaci\u00f3n. ","footnotes":""},"categories":[32],"tags":[],"class_list":{"0":"post-82598","1":"post","2":"type-post","3":"status-publish","4":"format-standard","5":"has-post-thumbnail","7":"category-noticias-de-torgelow"},"acf":[],"yoast_head":"<!-- This site is optimized with the Yoast SEO plugin v26.9 - https:\/\/yoast.com\/product\/yoast-seo-wordpress\/ -->\n<title>Solo para optimistas: el proyecto del food truck sigue siendo un desaf\u00edo<\/title>\n<meta name=\"description\" content=\"Se dice que las cosas buenas requieren tiempo: el food truck \u00abSolo para optimistas\u00bb est\u00e1 en plena renovaci\u00f3n.\" \/>\n<meta name=\"robots\" content=\"index, follow, max-snippet:-1, max-image-preview:large, max-video-preview:-1\" \/>\n<link rel=\"canonical\" href=\"https:\/\/www.schlosstorgelow.de\/es\/solo-para-optimistas-el-proyecto-del-food-truck-sigue-siendo-un-desafio\" \/>\n<meta property=\"og:locale\" content=\"es_ES\" \/>\n<meta property=\"og:type\" content=\"article\" \/>\n<meta property=\"og:title\" content=\"Solo para optimistas: el proyecto del food truck sigue siendo un desaf\u00edo\" \/>\n<meta property=\"og:description\" content=\"Se dice que las cosas buenas requieren tiempo: el food truck \u00abSolo para optimistas\u00bb est\u00e1 en plena renovaci\u00f3n.\" \/>\n<meta property=\"og:url\" content=\"https:\/\/www.schlosstorgelow.de\/es\/solo-para-optimistas-el-proyecto-del-food-truck-sigue-siendo-un-desafio\" \/>\n<meta property=\"og:site_name\" content=\"Schloss Torgelow\" \/>\n<meta property=\"article:published_time\" content=\"2025-03-24T15:22:58+00:00\" \/>\n<meta property=\"article:modified_time\" content=\"2026-01-29T07:50:52+00:00\" \/>\n<meta name=\"author\" content=\"Schloss Torgelow\" \/>\n<meta name=\"twitter:card\" content=\"summary_large_image\" \/>\n<meta name=\"twitter:label1\" content=\"Escrito por\" \/>\n\t<meta name=\"twitter:data1\" content=\"Schloss Torgelow\" \/>\n\t<meta name=\"twitter:label2\" content=\"Tiempo de lectura\" \/>\n\t<meta name=\"twitter:data2\" content=\"2 minutos\" \/>\n<script type=\"application\/ld+json\" class=\"yoast-schema-graph\">{\"@context\":\"https:\/\/schema.org\",\"@graph\":[{\"@type\":\"Article\",\"@id\":\"https:\/\/www.schlosstorgelow.de\/es\/solo-para-optimistas-el-proyecto-del-food-truck-sigue-siendo-un-desafio#article\",\"isPartOf\":{\"@id\":\"https:\/\/www.schlosstorgelow.de\/es\/solo-para-optimistas-el-proyecto-del-food-truck-sigue-siendo-un-desafio\"},\"author\":{\"name\":\"Schloss Torgelow\",\"@id\":\"https:\/\/www.schlosstorgelow.de\/es#\/schema\/person\/b76bbb367f3a20c7ced1339e4875691e\"},\"headline\":\"Solo para optimistas: el proyecto del food truck sigue siendo un desaf\u00edo\",\"datePublished\":\"2025-03-24T15:22:58+00:00\",\"dateModified\":\"2026-01-29T07:50:52+00:00\",\"mainEntityOfPage\":{\"@id\":\"https:\/\/www.schlosstorgelow.de\/es\/solo-para-optimistas-el-proyecto-del-food-truck-sigue-siendo-un-desafio\"},\"wordCount\":364,\"image\":{\"@id\":\"https:\/\/www.schlosstorgelow.de\/es\/solo-para-optimistas-el-proyecto-del-food-truck-sigue-siendo-un-desafio#primaryimage\"},\"thumbnailUrl\":\"https:\/\/www.schlosstorgelow.de\/wp-content\/uploads\/2025\/03\/foodtruck-stand-maerz2025.avif\",\"articleSection\":[\"Noticias de Torgelow\"],\"inLanguage\":\"es\"},{\"@type\":\"WebPage\",\"@id\":\"https:\/\/www.schlosstorgelow.de\/es\/solo-para-optimistas-el-proyecto-del-food-truck-sigue-siendo-un-desafio#webpage\",\"url\":\"https:\/\/www.schlosstorgelow.de\/es\/solo-para-optimistas-el-proyecto-del-food-truck-sigue-siendo-un-desafio\",\"name\":\"Solo para optimistas: el proyecto del food truck sigue siendo un desaf\u00edo\",\"isPartOf\":{\"@id\":\"https:\/\/www.schlosstorgelow.de\/es#website\"},\"primaryImageOfPage\":{\"@id\":\"https:\/\/www.schlosstorgelow.de\/es\/solo-para-optimistas-el-proyecto-del-food-truck-sigue-siendo-un-desafio#primaryimage\"},\"image\":{\"@id\":\"https:\/\/www.schlosstorgelow.de\/es\/solo-para-optimistas-el-proyecto-del-food-truck-sigue-siendo-un-desafio#primaryimage\"},\"thumbnailUrl\":\"https:\/\/www.schlosstorgelow.de\/wp-content\/uploads\/2025\/03\/foodtruck-stand-maerz2025.avif\",\"datePublished\":\"2025-03-24T15:22:58+00:00\",\"dateModified\":\"2026-01-29T07:50:52+00:00\",\"author\":{\"@id\":\"https:\/\/www.schlosstorgelow.de\/es#\/schema\/person\/b76bbb367f3a20c7ced1339e4875691e\"},\"description\":\"Se dice que las cosas buenas requieren tiempo: el food truck \u00abSolo para optimistas\u00bb est\u00e1 en plena renovaci\u00f3n.\",\"breadcrumb\":{\"@id\":\"https:\/\/www.schlosstorgelow.de\/es\/solo-para-optimistas-el-proyecto-del-food-truck-sigue-siendo-un-desafio#breadcrumb\"},\"inLanguage\":\"es\",\"potentialAction\":[{\"@type\":\"ReadAction\",\"target\":[\"https:\/\/www.schlosstorgelow.de\/es\/solo-para-optimistas-el-proyecto-del-food-truck-sigue-siendo-un-desafio\"]}]},{\"@type\":\"ImageObject\",\"inLanguage\":\"es\",\"@id\":\"https:\/\/www.schlosstorgelow.de\/es\/solo-para-optimistas-el-proyecto-del-food-truck-sigue-siendo-un-desafio#primaryimage\",\"url\":\"https:\/\/www.schlosstorgelow.de\/wp-content\/uploads\/2025\/03\/foodtruck-stand-maerz2025.avif\",\"contentUrl\":\"https:\/\/www.schlosstorgelow.de\/wp-content\/uploads\/2025\/03\/foodtruck-stand-maerz2025.avif\",\"width\":1920,\"height\":1080,\"caption\":\"Solo para optimistas: el proyecto del food truck sigue siendo un desaf\u00edo.\"},{\"@type\":\"BreadcrumbList\",\"@id\":\"https:\/\/www.schlosstorgelow.de\/es\/solo-para-optimistas-el-proyecto-del-food-truck-sigue-siendo-un-desafio#breadcrumb\",\"itemListElement\":[{\"@type\":\"ListItem\",\"position\":1,\"name\":\"Startseite\",\"item\":\"https:\/\/www.schlosstorgelow.de\/es\"},{\"@type\":\"ListItem\",\"position\":2,\"name\":\"Solo para optimistas: el proyecto del food truck sigue siendo un desaf\u00edo\"}]},{\"@type\":\"WebSite\",\"@id\":\"https:\/\/www.schlosstorgelow.de\/es#website\",\"url\":\"https:\/\/www.schlosstorgelow.de\/es\",\"name\":\"Schloss Torgelow\",\"description\":\"El internado privado Schloss Torgelow: el internado para alumnos que buscan un reto.\",\"potentialAction\":[{\"@type\":\"SearchAction\",\"target\":{\"@type\":\"EntryPoint\",\"urlTemplate\":\"https:\/\/www.schlosstorgelow.de\/es?s={search_term_string}\"},\"query-input\":{\"@type\":\"PropertyValueSpecification\",\"valueRequired\":true,\"valueName\":\"search_term_string\"}}],\"inLanguage\":\"es\"},{\"@type\":\"Person\",\"@id\":\"https:\/\/www.schlosstorgelow.de\/es#\/schema\/person\/b76bbb367f3a20c7ced1339e4875691e\",\"name\":\"Schloss Torgelow\",\"image\":{\"@type\":\"ImageObject\",\"inLanguage\":\"es\",\"@id\":\"https:\/\/www.schlosstorgelow.de\/es#\/schema\/person\/image\/\",\"url\":\"https:\/\/secure.gravatar.com\/avatar\/4bad9bf1bee90f77b98693d3ad03ade085c80c169595427c58c58e5b069f49e1?s=96&d=mm&r=g\",\"contentUrl\":\"https:\/\/secure.gravatar.com\/avatar\/4bad9bf1bee90f77b98693d3ad03ade085c80c169595427c58c58e5b069f49e1?s=96&d=mm&r=g\",\"caption\":\"Schloss Torgelow\"},\"sameAs\":[\"https:\/\/www.schlosstorgelow.de\"]}]}<\/script>\n<!-- \/ Yoast SEO plugin. -->","yoast_head_json":{"title":"Solo para optimistas: el proyecto del food truck sigue siendo un desaf\u00edo","description":"Se dice que las cosas buenas requieren tiempo: el food truck \u00abSolo para optimistas\u00bb est\u00e1 en plena renovaci\u00f3n.","robots":{"index":"index","follow":"follow","max-snippet":"max-snippet:-1","max-image-preview":"max-image-preview:large","max-video-preview":"max-video-preview:-1"},"canonical":"https:\/\/www.schlosstorgelow.de\/es\/solo-para-optimistas-el-proyecto-del-food-truck-sigue-siendo-un-desafio","og_locale":"es_ES","og_type":"article","og_title":"Solo para optimistas: el proyecto del food truck sigue siendo un desaf\u00edo","og_description":"Se dice que las cosas buenas requieren tiempo: el food truck \u00abSolo para optimistas\u00bb est\u00e1 en plena renovaci\u00f3n.","og_url":"https:\/\/www.schlosstorgelow.de\/es\/solo-para-optimistas-el-proyecto-del-food-truck-sigue-siendo-un-desafio","og_site_name":"Schloss Torgelow","article_published_time":"2025-03-24T15:22:58+00:00","article_modified_time":"2026-01-29T07:50:52+00:00","author":"Schloss Torgelow","twitter_card":"summary_large_image","twitter_misc":{"Escrito por":"Schloss Torgelow","Tiempo de lectura":"2 minutos"},"schema":{"@context":"https:\/\/schema.org","@graph":[{"@type":"Article","@id":"https:\/\/www.schlosstorgelow.de\/es\/solo-para-optimistas-el-proyecto-del-food-truck-sigue-siendo-un-desafio#article","isPartOf":{"@id":"https:\/\/www.schlosstorgelow.de\/es\/solo-para-optimistas-el-proyecto-del-food-truck-sigue-siendo-un-desafio"},"author":{"name":"Schloss Torgelow","@id":"https:\/\/www.schlosstorgelow.de\/es#\/schema\/person\/b76bbb367f3a20c7ced1339e4875691e"},"headline":"Solo para optimistas: el proyecto del food truck sigue siendo un desaf\u00edo","datePublished":"2025-03-24T15:22:58+00:00","dateModified":"2026-01-29T07:50:52+00:00","mainEntityOfPage":{"@id":"https:\/\/www.schlosstorgelow.de\/es\/solo-para-optimistas-el-proyecto-del-food-truck-sigue-siendo-un-desafio"},"wordCount":364,"image":{"@id":"https:\/\/www.schlosstorgelow.de\/es\/solo-para-optimistas-el-proyecto-del-food-truck-sigue-siendo-un-desafio#primaryimage"},"thumbnailUrl":"https:\/\/www.schlosstorgelow.de\/wp-content\/uploads\/2025\/03\/foodtruck-stand-maerz2025.avif","articleSection":["Noticias de Torgelow"],"inLanguage":"es"},{"@type":"WebPage","@id":"https:\/\/www.schlosstorgelow.de\/es\/solo-para-optimistas-el-proyecto-del-food-truck-sigue-siendo-un-desafio#webpage","url":"https:\/\/www.schlosstorgelow.de\/es\/solo-para-optimistas-el-proyecto-del-food-truck-sigue-siendo-un-desafio","name":"Solo para optimistas: el proyecto del food truck sigue siendo un desaf\u00edo","isPartOf":{"@id":"https:\/\/www.schlosstorgelow.de\/es#website"},"primaryImageOfPage":{"@id":"https:\/\/www.schlosstorgelow.de\/es\/solo-para-optimistas-el-proyecto-del-food-truck-sigue-siendo-un-desafio#primaryimage"},"image":{"@id":"https:\/\/www.schlosstorgelow.de\/es\/solo-para-optimistas-el-proyecto-del-food-truck-sigue-siendo-un-desafio#primaryimage"},"thumbnailUrl":"https:\/\/www.schlosstorgelow.de\/wp-content\/uploads\/2025\/03\/foodtruck-stand-maerz2025.avif","datePublished":"2025-03-24T15:22:58+00:00","dateModified":"2026-01-29T07:50:52+00:00","author":{"@id":"https:\/\/www.schlosstorgelow.de\/es#\/schema\/person\/b76bbb367f3a20c7ced1339e4875691e"},"description":"Se dice que las cosas buenas requieren tiempo: el food truck \u00abSolo para optimistas\u00bb est\u00e1 en plena renovaci\u00f3n.","breadcrumb":{"@id":"https:\/\/www.schlosstorgelow.de\/es\/solo-para-optimistas-el-proyecto-del-food-truck-sigue-siendo-un-desafio#breadcrumb"},"inLanguage":"es","potentialAction":[{"@type":"ReadAction","target":["https:\/\/www.schlosstorgelow.de\/es\/solo-para-optimistas-el-proyecto-del-food-truck-sigue-siendo-un-desafio"]}]},{"@type":"ImageObject","inLanguage":"es","@id":"https:\/\/www.schlosstorgelow.de\/es\/solo-para-optimistas-el-proyecto-del-food-truck-sigue-siendo-un-desafio#primaryimage","url":"https:\/\/www.schlosstorgelow.de\/wp-content\/uploads\/2025\/03\/foodtruck-stand-maerz2025.avif","contentUrl":"https:\/\/www.schlosstorgelow.de\/wp-content\/uploads\/2025\/03\/foodtruck-stand-maerz2025.avif","width":1920,"height":1080,"caption":"Solo para optimistas: el proyecto del food truck sigue siendo un desaf\u00edo."},{"@type":"BreadcrumbList","@id":"https:\/\/www.schlosstorgelow.de\/es\/solo-para-optimistas-el-proyecto-del-food-truck-sigue-siendo-un-desafio#breadcrumb","itemListElement":[{"@type":"ListItem","position":1,"name":"Startseite","item":"https:\/\/www.schlosstorgelow.de\/es"},{"@type":"ListItem","position":2,"name":"Solo para optimistas: el proyecto del food truck sigue siendo un desaf\u00edo"}]},{"@type":"WebSite","@id":"https:\/\/www.schlosstorgelow.de\/es#website","url":"https:\/\/www.schlosstorgelow.de\/es","name":"Schloss Torgelow","description":"El internado privado Schloss Torgelow: el internado para alumnos que buscan un reto.","potentialAction":[{"@type":"SearchAction","target":{"@type":"EntryPoint","urlTemplate":"https:\/\/www.schlosstorgelow.de\/es?s={search_term_string}"},"query-input":{"@type":"PropertyValueSpecification","valueRequired":true,"valueName":"search_term_string"}}],"inLanguage":"es"},{"@type":"Person","@id":"https:\/\/www.schlosstorgelow.de\/es#\/schema\/person\/b76bbb367f3a20c7ced1339e4875691e","name":"Schloss Torgelow","image":{"@type":"ImageObject","inLanguage":"es","@id":"https:\/\/www.schlosstorgelow.de\/es#\/schema\/person\/image\/","url":"https:\/\/secure.gravatar.com\/avatar\/4bad9bf1bee90f77b98693d3ad03ade085c80c169595427c58c58e5b069f49e1?s=96&d=mm&r=g","contentUrl":"https:\/\/secure.gravatar.com\/avatar\/4bad9bf1bee90f77b98693d3ad03ade085c80c169595427c58c58e5b069f49e1?s=96&d=mm&r=g","caption":"Schloss Torgelow"},"sameAs":["https:\/\/www.schlosstorgelow.de"]}]}},"block_visibility_meta":[],"_links":{"self":[{"href":"https:\/\/www.schlosstorgelow.de\/es\/wp-json\/wp\/v2\/posts\/82598","targetHints":{"allow":["GET"]}}],"collection":[{"href":"https:\/\/www.schlosstorgelow.de\/es\/wp-json\/wp\/v2\/posts"}],"about":[{"href":"https:\/\/www.schlosstorgelow.de\/es\/wp-json\/wp\/v2\/types\/post"}],"author":[{"embeddable":true,"href":"https:\/\/www.schlosstorgelow.de\/es\/wp-json\/wp\/v2\/users\/1"}],"replies":[{"embeddable":true,"href":"https:\/\/www.schlosstorgelow.de\/es\/wp-json\/wp\/v2\/comments?post=82598"}],"version-history":[{"count":0,"href":"https:\/\/www.schlosstorgelow.de\/es\/wp-json\/wp\/v2\/posts\/82598\/revisions"}],"wp:featuredmedia":[{"embeddable":true,"href":"https:\/\/www.schlosstorgelow.de\/es\/wp-json\/wp\/v2\/media\/71255"}],"wp:attachment":[{"href":"https:\/\/www.schlosstorgelow.de\/es\/wp-json\/wp\/v2\/media?parent=82598"}],"wp:term":[{"taxonomy":"category","embeddable":true,"href":"https:\/\/www.schlosstorgelow.de\/es\/wp-json\/wp\/v2\/categories?post=82598"},{"taxonomy":"post_tag","embeddable":true,"href":"https:\/\/www.schlosstorgelow.de\/es\/wp-json\/wp\/v2\/tags?post=82598"}],"curies":[{"name":"wp","href":"https:\/\/api.w.org\/{rel}","templated":true}]}}