{"id":82594,"date":"2025-04-01T08:36:51","date_gmt":"2025-04-01T08:36:51","guid":{"rendered":"https:\/\/www.schlosstorgelow.de\/inscripcion-de-faust-en-el-internado-del-castillo-de-torgelow"},"modified":"2026-01-29T08:52:04","modified_gmt":"2026-01-29T07:52:04","slug":"inscripcion-de-faust-en-el-internado-del-schloss-torgelow","status":"publish","type":"post","link":"https:\/\/www.schlosstorgelow.de\/es\/inscripcion-de-faust-en-el-internado-del-schloss-torgelow","title":{"rendered":"Inscripci\u00f3n de \u00abFaust\u00bb en el internado del Schloss Torgelow"},"content":{"rendered":"\n<p><i>\u201eSe acercan de nuevo, figuras tambaleantes [&#8230;]\u201c &#8211; El 5 de marzo de 2025, una vez m\u00e1s lleg\u00f3 el momento: el Teatro Estatal Joven de Parchim visit\u00f3 el internado del Schloss Torgelow para presentar a los alumnos de K1 una (abreviada) actuaci\u00f3n en solitario del drama de Johann Wolfgang von Goethe \u00abFausto. Parte primera de la tragedia\u00bb. <\/i><\/p>\n\n<p>La amena representaci\u00f3n de 60 minutos fue el resultado de un intenso trabajo con esta famosa obra en la clase de alem\u00e1n.<\/p>\n\n<p>Una vez m\u00e1s, el actor Vincent Hoff impresion\u00f3 con su interpretaci\u00f3n de todos (!) los personajes de \u00abFausto\u00bb; trabaj\u00f3 de manera virtuosa con su m\u00edmica, gestos y voz. Pero tambi\u00e9n nuestros estudiantes de K1 pudieron demostrar sus habilidades actoral: el Sr. Hoff los involucr\u00f3 una y otra vez en la obra, y as\u00ed uno o una de ellos se convirti\u00f3 de repente en Wagner, Gretchen o Valent\u00edn, formando parte del \u00abensamble\u00bb. <\/p>\n\n<p>En general, una puesta en escena entretenida y en parte con un gui\u00f1o c\u00f3mico del material cl\u00e1sico; los alumnos de K1 al final de la noche estaban llenos de elogios. \u00a1Ya esperamos con ansias una nueva edici\u00f3n el pr\u00f3ximo a\u00f1o escolar! <\/p>\n","protected":false},"excerpt":{"rendered":"<p>El Joven Teatro Estatal de Parchim presenta una (abreviada) actuaci\u00f3n en solitario del drama \u00abFausto. La primera parte de la tragedia\u00bb de Johann Wolfgang von Goethe.<\/p>\n","protected":false},"author":1,"featured_media":44377,"comment_status":"closed","ping_status":"closed","sticky":false,"template":"","format":"standard","meta":{"_acf_changed":false,"_yoast_wpseo_title":"Inscripci\u00f3n de \"Faust\" en el internado del Schloss Torgelow","_yoast_wpseo_metadesc":"El Joven Teatro Estatal de Parchim presenta una versi\u00f3n abreviada en solitario de \u00abFausto I\u00bb de Goethe.","excerpt":"El Joven Teatro Estatal de Parchim presenta una (abreviada) actuaci\u00f3n en solitario del drama \"Fausto. La primera parte de la tragedia\" de Johann Wolfgang von Goethe.","footnotes":""},"categories":[32],"tags":[],"class_list":{"0":"post-82594","1":"post","2":"type-post","3":"status-publish","4":"format-standard","5":"has-post-thumbnail","7":"category-noticias-de-torgelow"},"acf":[],"yoast_head":"<!-- This site is optimized with the Yoast SEO plugin v26.9 - https:\/\/yoast.com\/product\/yoast-seo-wordpress\/ -->\n<title>Inscripci\u00f3n de &quot;Faust&quot; en el internado del Schloss Torgelow<\/title>\n<meta name=\"description\" content=\"El Joven Teatro Estatal de Parchim presenta una versi\u00f3n abreviada en solitario de \u00abFausto I\u00bb de Goethe.\" \/>\n<meta name=\"robots\" content=\"index, follow, max-snippet:-1, max-image-preview:large, max-video-preview:-1\" \/>\n<link rel=\"canonical\" href=\"https:\/\/www.schlosstorgelow.de\/es\/inscripcion-de-faust-en-el-internado-del-schloss-torgelow\" \/>\n<meta property=\"og:locale\" content=\"es_ES\" \/>\n<meta property=\"og:type\" content=\"article\" \/>\n<meta property=\"og:title\" content=\"Inscripci\u00f3n de &quot;Faust&quot; en el internado del Schloss Torgelow\" \/>\n<meta property=\"og:description\" content=\"El Joven Teatro Estatal de Parchim presenta una versi\u00f3n abreviada en solitario de \u00abFausto I\u00bb de Goethe.\" \/>\n<meta property=\"og:url\" content=\"https:\/\/www.schlosstorgelow.de\/es\/inscripcion-de-faust-en-el-internado-del-schloss-torgelow\" \/>\n<meta property=\"og:site_name\" content=\"Schloss Torgelow\" \/>\n<meta property=\"article:published_time\" content=\"2025-04-01T08:36:51+00:00\" \/>\n<meta property=\"article:modified_time\" content=\"2026-01-29T07:52:04+00:00\" \/>\n<meta name=\"author\" content=\"Schloss Torgelow\" \/>\n<meta name=\"twitter:card\" content=\"summary_large_image\" \/>\n<meta name=\"twitter:label1\" content=\"Escrito por\" \/>\n\t<meta name=\"twitter:data1\" content=\"Schloss Torgelow\" \/>\n\t<meta name=\"twitter:label2\" content=\"Tiempo de lectura\" \/>\n\t<meta name=\"twitter:data2\" content=\"1 minuto\" \/>\n<script type=\"application\/ld+json\" class=\"yoast-schema-graph\">{\"@context\":\"https:\/\/schema.org\",\"@graph\":[{\"@type\":\"Article\",\"@id\":\"https:\/\/www.schlosstorgelow.de\/es\/inscripcion-de-faust-en-el-internado-del-schloss-torgelow#article\",\"isPartOf\":{\"@id\":\"https:\/\/www.schlosstorgelow.de\/es\/inscripcion-de-faust-en-el-internado-del-schloss-torgelow\"},\"author\":{\"name\":\"Schloss Torgelow\",\"@id\":\"https:\/\/www.schlosstorgelow.de\/es#\/schema\/person\/b76bbb367f3a20c7ced1339e4875691e\"},\"headline\":\"Inscripci\u00f3n de \u00abFaust\u00bb en el internado del Schloss Torgelow\",\"datePublished\":\"2025-04-01T08:36:51+00:00\",\"dateModified\":\"2026-01-29T07:52:04+00:00\",\"mainEntityOfPage\":{\"@id\":\"https:\/\/www.schlosstorgelow.de\/es\/inscripcion-de-faust-en-el-internado-del-schloss-torgelow\"},\"wordCount\":211,\"image\":{\"@id\":\"https:\/\/www.schlosstorgelow.de\/es\/inscripcion-de-faust-en-el-internado-del-schloss-torgelow#primaryimage\"},\"thumbnailUrl\":\"https:\/\/www.schlosstorgelow.de\/wp-content\/uploads\/2025\/07\/faust-2025_header_st.avif\",\"articleSection\":[\"Noticias de Torgelow\"],\"inLanguage\":\"es\"},{\"@type\":\"WebPage\",\"@id\":\"https:\/\/www.schlosstorgelow.de\/es\/inscripcion-de-faust-en-el-internado-del-schloss-torgelow#webpage\",\"url\":\"https:\/\/www.schlosstorgelow.de\/es\/inscripcion-de-faust-en-el-internado-del-schloss-torgelow\",\"name\":\"Inscripci\u00f3n de \\\"Faust\\\" en el internado del Schloss Torgelow\",\"isPartOf\":{\"@id\":\"https:\/\/www.schlosstorgelow.de\/es#website\"},\"primaryImageOfPage\":{\"@id\":\"https:\/\/www.schlosstorgelow.de\/es\/inscripcion-de-faust-en-el-internado-del-schloss-torgelow#primaryimage\"},\"image\":{\"@id\":\"https:\/\/www.schlosstorgelow.de\/es\/inscripcion-de-faust-en-el-internado-del-schloss-torgelow#primaryimage\"},\"thumbnailUrl\":\"https:\/\/www.schlosstorgelow.de\/wp-content\/uploads\/2025\/07\/faust-2025_header_st.avif\",\"datePublished\":\"2025-04-01T08:36:51+00:00\",\"dateModified\":\"2026-01-29T07:52:04+00:00\",\"author\":{\"@id\":\"https:\/\/www.schlosstorgelow.de\/es#\/schema\/person\/b76bbb367f3a20c7ced1339e4875691e\"},\"description\":\"El Joven Teatro Estatal de Parchim presenta una versi\u00f3n abreviada en solitario de \u00abFausto I\u00bb de Goethe.\",\"breadcrumb\":{\"@id\":\"https:\/\/www.schlosstorgelow.de\/es\/inscripcion-de-faust-en-el-internado-del-schloss-torgelow#breadcrumb\"},\"inLanguage\":\"es\",\"potentialAction\":[{\"@type\":\"ReadAction\",\"target\":[\"https:\/\/www.schlosstorgelow.de\/es\/inscripcion-de-faust-en-el-internado-del-schloss-torgelow\"]}]},{\"@type\":\"ImageObject\",\"inLanguage\":\"es\",\"@id\":\"https:\/\/www.schlosstorgelow.de\/es\/inscripcion-de-faust-en-el-internado-del-schloss-torgelow#primaryimage\",\"url\":\"https:\/\/www.schlosstorgelow.de\/wp-content\/uploads\/2025\/07\/faust-2025_header_st.avif\",\"contentUrl\":\"https:\/\/www.schlosstorgelow.de\/wp-content\/uploads\/2025\/07\/faust-2025_header_st.avif\",\"width\":1920,\"height\":1080,\"caption\":\"Inscripci\u00f3n de \\\"Faust\\\" en el internado del Schloss Torgelow\"},{\"@type\":\"BreadcrumbList\",\"@id\":\"https:\/\/www.schlosstorgelow.de\/es\/inscripcion-de-faust-en-el-internado-del-schloss-torgelow#breadcrumb\",\"itemListElement\":[{\"@type\":\"ListItem\",\"position\":1,\"name\":\"Startseite\",\"item\":\"https:\/\/www.schlosstorgelow.de\/es\"},{\"@type\":\"ListItem\",\"position\":2,\"name\":\"Inscripci\u00f3n de \u00abFaust\u00bb en el internado del Schloss Torgelow\"}]},{\"@type\":\"WebSite\",\"@id\":\"https:\/\/www.schlosstorgelow.de\/es#website\",\"url\":\"https:\/\/www.schlosstorgelow.de\/es\",\"name\":\"Schloss Torgelow\",\"description\":\"El internado privado Schloss Torgelow: el internado para alumnos que buscan un reto.\",\"potentialAction\":[{\"@type\":\"SearchAction\",\"target\":{\"@type\":\"EntryPoint\",\"urlTemplate\":\"https:\/\/www.schlosstorgelow.de\/es?s={search_term_string}\"},\"query-input\":{\"@type\":\"PropertyValueSpecification\",\"valueRequired\":true,\"valueName\":\"search_term_string\"}}],\"inLanguage\":\"es\"},{\"@type\":\"Person\",\"@id\":\"https:\/\/www.schlosstorgelow.de\/es#\/schema\/person\/b76bbb367f3a20c7ced1339e4875691e\",\"name\":\"Schloss Torgelow\",\"image\":{\"@type\":\"ImageObject\",\"inLanguage\":\"es\",\"@id\":\"https:\/\/www.schlosstorgelow.de\/es#\/schema\/person\/image\/\",\"url\":\"https:\/\/secure.gravatar.com\/avatar\/4bad9bf1bee90f77b98693d3ad03ade085c80c169595427c58c58e5b069f49e1?s=96&d=mm&r=g\",\"contentUrl\":\"https:\/\/secure.gravatar.com\/avatar\/4bad9bf1bee90f77b98693d3ad03ade085c80c169595427c58c58e5b069f49e1?s=96&d=mm&r=g\",\"caption\":\"Schloss Torgelow\"},\"sameAs\":[\"https:\/\/www.schlosstorgelow.de\"]}]}<\/script>\n<!-- \/ Yoast SEO plugin. -->","yoast_head_json":{"title":"Inscripci\u00f3n de \"Faust\" en el internado del Schloss Torgelow","description":"El Joven Teatro Estatal de Parchim presenta una versi\u00f3n abreviada en solitario de \u00abFausto I\u00bb de Goethe.","robots":{"index":"index","follow":"follow","max-snippet":"max-snippet:-1","max-image-preview":"max-image-preview:large","max-video-preview":"max-video-preview:-1"},"canonical":"https:\/\/www.schlosstorgelow.de\/es\/inscripcion-de-faust-en-el-internado-del-schloss-torgelow","og_locale":"es_ES","og_type":"article","og_title":"Inscripci\u00f3n de \"Faust\" en el internado del Schloss Torgelow","og_description":"El Joven Teatro Estatal de Parchim presenta una versi\u00f3n abreviada en solitario de \u00abFausto I\u00bb de Goethe.","og_url":"https:\/\/www.schlosstorgelow.de\/es\/inscripcion-de-faust-en-el-internado-del-schloss-torgelow","og_site_name":"Schloss Torgelow","article_published_time":"2025-04-01T08:36:51+00:00","article_modified_time":"2026-01-29T07:52:04+00:00","author":"Schloss Torgelow","twitter_card":"summary_large_image","twitter_misc":{"Escrito por":"Schloss Torgelow","Tiempo de lectura":"1 minuto"},"schema":{"@context":"https:\/\/schema.org","@graph":[{"@type":"Article","@id":"https:\/\/www.schlosstorgelow.de\/es\/inscripcion-de-faust-en-el-internado-del-schloss-torgelow#article","isPartOf":{"@id":"https:\/\/www.schlosstorgelow.de\/es\/inscripcion-de-faust-en-el-internado-del-schloss-torgelow"},"author":{"name":"Schloss Torgelow","@id":"https:\/\/www.schlosstorgelow.de\/es#\/schema\/person\/b76bbb367f3a20c7ced1339e4875691e"},"headline":"Inscripci\u00f3n de \u00abFaust\u00bb en el internado del Schloss Torgelow","datePublished":"2025-04-01T08:36:51+00:00","dateModified":"2026-01-29T07:52:04+00:00","mainEntityOfPage":{"@id":"https:\/\/www.schlosstorgelow.de\/es\/inscripcion-de-faust-en-el-internado-del-schloss-torgelow"},"wordCount":211,"image":{"@id":"https:\/\/www.schlosstorgelow.de\/es\/inscripcion-de-faust-en-el-internado-del-schloss-torgelow#primaryimage"},"thumbnailUrl":"https:\/\/www.schlosstorgelow.de\/wp-content\/uploads\/2025\/07\/faust-2025_header_st.avif","articleSection":["Noticias de Torgelow"],"inLanguage":"es"},{"@type":"WebPage","@id":"https:\/\/www.schlosstorgelow.de\/es\/inscripcion-de-faust-en-el-internado-del-schloss-torgelow#webpage","url":"https:\/\/www.schlosstorgelow.de\/es\/inscripcion-de-faust-en-el-internado-del-schloss-torgelow","name":"Inscripci\u00f3n de \"Faust\" en el internado del Schloss Torgelow","isPartOf":{"@id":"https:\/\/www.schlosstorgelow.de\/es#website"},"primaryImageOfPage":{"@id":"https:\/\/www.schlosstorgelow.de\/es\/inscripcion-de-faust-en-el-internado-del-schloss-torgelow#primaryimage"},"image":{"@id":"https:\/\/www.schlosstorgelow.de\/es\/inscripcion-de-faust-en-el-internado-del-schloss-torgelow#primaryimage"},"thumbnailUrl":"https:\/\/www.schlosstorgelow.de\/wp-content\/uploads\/2025\/07\/faust-2025_header_st.avif","datePublished":"2025-04-01T08:36:51+00:00","dateModified":"2026-01-29T07:52:04+00:00","author":{"@id":"https:\/\/www.schlosstorgelow.de\/es#\/schema\/person\/b76bbb367f3a20c7ced1339e4875691e"},"description":"El Joven Teatro Estatal de Parchim presenta una versi\u00f3n abreviada en solitario de \u00abFausto I\u00bb de Goethe.","breadcrumb":{"@id":"https:\/\/www.schlosstorgelow.de\/es\/inscripcion-de-faust-en-el-internado-del-schloss-torgelow#breadcrumb"},"inLanguage":"es","potentialAction":[{"@type":"ReadAction","target":["https:\/\/www.schlosstorgelow.de\/es\/inscripcion-de-faust-en-el-internado-del-schloss-torgelow"]}]},{"@type":"ImageObject","inLanguage":"es","@id":"https:\/\/www.schlosstorgelow.de\/es\/inscripcion-de-faust-en-el-internado-del-schloss-torgelow#primaryimage","url":"https:\/\/www.schlosstorgelow.de\/wp-content\/uploads\/2025\/07\/faust-2025_header_st.avif","contentUrl":"https:\/\/www.schlosstorgelow.de\/wp-content\/uploads\/2025\/07\/faust-2025_header_st.avif","width":1920,"height":1080,"caption":"Inscripci\u00f3n de \"Faust\" en el internado del Schloss Torgelow"},{"@type":"BreadcrumbList","@id":"https:\/\/www.schlosstorgelow.de\/es\/inscripcion-de-faust-en-el-internado-del-schloss-torgelow#breadcrumb","itemListElement":[{"@type":"ListItem","position":1,"name":"Startseite","item":"https:\/\/www.schlosstorgelow.de\/es"},{"@type":"ListItem","position":2,"name":"Inscripci\u00f3n de \u00abFaust\u00bb en el internado del Schloss Torgelow"}]},{"@type":"WebSite","@id":"https:\/\/www.schlosstorgelow.de\/es#website","url":"https:\/\/www.schlosstorgelow.de\/es","name":"Schloss Torgelow","description":"El internado privado Schloss Torgelow: el internado para alumnos que buscan un reto.","potentialAction":[{"@type":"SearchAction","target":{"@type":"EntryPoint","urlTemplate":"https:\/\/www.schlosstorgelow.de\/es?s={search_term_string}"},"query-input":{"@type":"PropertyValueSpecification","valueRequired":true,"valueName":"search_term_string"}}],"inLanguage":"es"},{"@type":"Person","@id":"https:\/\/www.schlosstorgelow.de\/es#\/schema\/person\/b76bbb367f3a20c7ced1339e4875691e","name":"Schloss Torgelow","image":{"@type":"ImageObject","inLanguage":"es","@id":"https:\/\/www.schlosstorgelow.de\/es#\/schema\/person\/image\/","url":"https:\/\/secure.gravatar.com\/avatar\/4bad9bf1bee90f77b98693d3ad03ade085c80c169595427c58c58e5b069f49e1?s=96&d=mm&r=g","contentUrl":"https:\/\/secure.gravatar.com\/avatar\/4bad9bf1bee90f77b98693d3ad03ade085c80c169595427c58c58e5b069f49e1?s=96&d=mm&r=g","caption":"Schloss Torgelow"},"sameAs":["https:\/\/www.schlosstorgelow.de"]}]}},"block_visibility_meta":[],"_links":{"self":[{"href":"https:\/\/www.schlosstorgelow.de\/es\/wp-json\/wp\/v2\/posts\/82594","targetHints":{"allow":["GET"]}}],"collection":[{"href":"https:\/\/www.schlosstorgelow.de\/es\/wp-json\/wp\/v2\/posts"}],"about":[{"href":"https:\/\/www.schlosstorgelow.de\/es\/wp-json\/wp\/v2\/types\/post"}],"author":[{"embeddable":true,"href":"https:\/\/www.schlosstorgelow.de\/es\/wp-json\/wp\/v2\/users\/1"}],"replies":[{"embeddable":true,"href":"https:\/\/www.schlosstorgelow.de\/es\/wp-json\/wp\/v2\/comments?post=82594"}],"version-history":[{"count":0,"href":"https:\/\/www.schlosstorgelow.de\/es\/wp-json\/wp\/v2\/posts\/82594\/revisions"}],"wp:featuredmedia":[{"embeddable":true,"href":"https:\/\/www.schlosstorgelow.de\/es\/wp-json\/wp\/v2\/media\/44377"}],"wp:attachment":[{"href":"https:\/\/www.schlosstorgelow.de\/es\/wp-json\/wp\/v2\/media?parent=82594"}],"wp:term":[{"taxonomy":"category","embeddable":true,"href":"https:\/\/www.schlosstorgelow.de\/es\/wp-json\/wp\/v2\/categories?post=82594"},{"taxonomy":"post_tag","embeddable":true,"href":"https:\/\/www.schlosstorgelow.de\/es\/wp-json\/wp\/v2\/tags?post=82594"}],"curies":[{"name":"wp","href":"https:\/\/api.w.org\/{rel}","templated":true}]}}