{"id":82590,"date":"2025-04-09T11:22:26","date_gmt":"2025-04-09T11:22:26","guid":{"rendered":"https:\/\/www.schlosstorgelow.de\/obra-de-arte-del-mes-de-abril"},"modified":"2026-01-12T08:13:55","modified_gmt":"2026-01-12T08:13:55","slug":"obra-de-arte-del-mes-de-abril","status":"publish","type":"post","link":"https:\/\/www.schlosstorgelow.de\/es\/obra-de-arte-del-mes-de-abril","title":{"rendered":"Obra de arte del mes de abril"},"content":{"rendered":"\n<p><em>\u00bfC\u00f3mo se llama la imagen? <\/em><\/p>\n\n<p>\u201eEsconder I\u201c<\/p>\n\n<p><em>\u00bfC\u00f3mo fue la tarea?<\/em><\/p>\n\n<p>Oc\u00fapate de los enfoques de la historia de la fotograf\u00eda. Elige una artista o un artista, o una \u00e9poca de la historia de la fotograf\u00eda. Presenta una serie de fotograf\u00edas tuyas en las que te hayas inspirado en el artista seleccionado y encuentra un tema adecuado para ello.  <\/p>\n\n<p><em>\u00bfQu\u00e9 te ha salido bien?<\/em><\/p>\n\n<p>Pude representar con \u00e9xito la complejidad y la problem\u00e1tica entre el verdadero interior y el exterior impuesto. Las caracter\u00edsticas de mi artista (Annegret Soltau) se incorporaron a mi fotograf\u00eda. Mi objetivo era crear arte con el que las personas, especialmente las mujeres, pudieran identificarse y, seg\u00fan los comentarios del curso, lo logr\u00e9.  <\/p>\n\n<p><em>Cu\u00e9ntanos algo sobre la importancia de la imagen. \u00bfQu\u00e9 podr\u00eda significar?  <\/em><\/p>\n\n<p>Como ya sugiere el t\u00edtulo, quiero abordar el silencio de la mujer a trav\u00e9s de la sociedad, las normas sociales y tambi\u00e9n a trav\u00e9s de s\u00ed misma. En muchas discusiones, se escucha a menudo que las mujeres act\u00faan de manera \u00abemocional\u00bb o \u00abdominada por hormonas\u00bb, lo que incluso se utiliza como argumento para justificar por qu\u00e9 las mujeres no deber\u00edan entrar en la pol\u00edtica. Sin embargo, en la mayor\u00eda de los casos, estos sentimientos no son causados por hormonas, sino que est\u00e1n bien fundamentados y son racionales. A\u00fan as\u00ed, se espera que las mujeres se comporten de manera dulce y callada, una expectativa que se inculca en las ni\u00f1as desde la infancia.   <\/p>\n\n<p>En cierto modo, esto tambi\u00e9n es autocr\u00edtica, ya que en muchas situaciones, en lugar de defenderse y mostrar el verdadero yo, se permanece en silencio y se oculta en uno mismo. Esto se simboliza por los ojos cerrados: uno se protege del \u00abhorror\u00bb que muchas mujeres en todo el mundo experimentan. Sin embargo, al cerrar los ojos, se hace un favor a los agresores, porque mientras no se mire, no se puede criticar ni cambiar nada.  <\/p>\n\n<p>Es importante destacar que el silenciado de las mujeres no es un problema del pasado o de los pa\u00edses en desarrollo. Tambi\u00e9n afecta a nuestras sociedades, donde las mujeres no tienen autoridad para decidir sobre su propio cuerpo en cuestiones como el derecho al aborto y sus voces en casos de violaci\u00f3n (por ejemplo, en la industria del cine) siguen siendo ignoradas. <\/p>\n\n<p>En resumen, la imagen \u00abHide I\u00bb critica las normas sociales en las que incluso la mujer moderna se ve forzada a encajar. Se espera que seamos obedientes, que nos ajustemos, pero en realidad, grito por dentro y estoy a punto de romper bajo la presi\u00f3n de mi entorno para finalmente cumplir con sus expectativas. El tema de que a las mujeres se les quitan sus voces sigue siendo muy actual, ya que en muchos pa\u00edses los derechos de las mujeres est\u00e1n siendo cada vez m\u00e1s \u00abretrocedidos\u00bb. Esto tambi\u00e9n silencia el legado de aquellas mujeres que lucharon por los derechos de las mujeres y salieron a la calle para lograr cambios. La fotograf\u00eda es un llamado a todos nosotros para cuestionarnos menos, para ser m\u00e1s fieles a nuestro verdadero yo y para no dejar que nadie nos dicte c\u00f3mo debemos ser.    <\/p>\n","protected":false},"excerpt":{"rendered":"<p>La imagen del mes presenta en abril a Caroline del 12\u00ba grado. Lleva el nombre de \u00abHide I\u00bb y tematiza el silencio de la mujer por parte de la sociedad. <\/p>\n","protected":false},"author":1,"featured_media":43999,"comment_status":"closed","ping_status":"closed","sticky":false,"template":"","format":"standard","meta":{"_acf_changed":false,"_yoast_wpseo_title":"Obra de arte del mes de abril","_yoast_wpseo_metadesc":"La imagen del mes presenta en abril a Caroline de 12.\u00ba grado. Lleva el nombre de \"Hide I\" y aborda la silenciamiento de la mujer por parte de la sociedad.","excerpt":"La imagen del mes presenta en abril a Caroline del 12\u00ba grado. Lleva el nombre de \"Hide I\" y tematiza el silencio de la mujer por parte de la sociedad. ","footnotes":""},"categories":[32],"tags":[],"class_list":{"0":"post-82590","1":"post","2":"type-post","3":"status-publish","4":"format-standard","5":"has-post-thumbnail","7":"category-noticias-de-torgelow"},"acf":[],"yoast_head":"<!-- This site is optimized with the Yoast SEO plugin v26.9 - https:\/\/yoast.com\/product\/yoast-seo-wordpress\/ -->\n<title>Obra de arte del mes de abril<\/title>\n<meta name=\"description\" content=\"La imagen del mes presenta en abril a Caroline de 12.\u00ba grado. Lleva el nombre de &quot;Hide I&quot; y aborda la silenciamiento de la mujer por parte de la sociedad.\" \/>\n<meta name=\"robots\" content=\"index, follow, max-snippet:-1, max-image-preview:large, max-video-preview:-1\" \/>\n<link rel=\"canonical\" href=\"https:\/\/www.schlosstorgelow.de\/es\/obra-de-arte-del-mes-de-abril\" \/>\n<meta property=\"og:locale\" content=\"es_ES\" \/>\n<meta property=\"og:type\" content=\"article\" \/>\n<meta property=\"og:title\" content=\"Obra de arte del mes de abril\" \/>\n<meta property=\"og:description\" content=\"La imagen del mes presenta en abril a Caroline de 12.\u00ba grado. Lleva el nombre de &quot;Hide I&quot; y aborda la silenciamiento de la mujer por parte de la sociedad.\" \/>\n<meta property=\"og:url\" content=\"https:\/\/www.schlosstorgelow.de\/es\/obra-de-arte-del-mes-de-abril\" \/>\n<meta property=\"og:site_name\" content=\"Schloss Torgelow\" \/>\n<meta property=\"article:published_time\" content=\"2025-04-09T11:22:26+00:00\" \/>\n<meta property=\"article:modified_time\" content=\"2026-01-12T08:13:55+00:00\" \/>\n<meta name=\"author\" content=\"Schloss Torgelow\" \/>\n<meta name=\"twitter:card\" content=\"summary_large_image\" \/>\n<meta name=\"twitter:label1\" content=\"Escrito por\" \/>\n\t<meta name=\"twitter:data1\" content=\"Schloss Torgelow\" \/>\n\t<meta name=\"twitter:label2\" content=\"Tiempo de lectura\" \/>\n\t<meta name=\"twitter:data2\" content=\"3 minutos\" \/>\n<script type=\"application\/ld+json\" class=\"yoast-schema-graph\">{\"@context\":\"https:\/\/schema.org\",\"@graph\":[{\"@type\":\"Article\",\"@id\":\"https:\/\/www.schlosstorgelow.de\/es\/obra-de-arte-del-mes-de-abril#article\",\"isPartOf\":{\"@id\":\"https:\/\/www.schlosstorgelow.de\/es\/obra-de-arte-del-mes-de-abril\"},\"author\":{\"name\":\"Schloss Torgelow\",\"@id\":\"https:\/\/www.schlosstorgelow.de\/es#\/schema\/person\/b76bbb367f3a20c7ced1339e4875691e\"},\"headline\":\"Obra de arte del mes de abril\",\"datePublished\":\"2025-04-09T11:22:26+00:00\",\"dateModified\":\"2026-01-12T08:13:55+00:00\",\"mainEntityOfPage\":{\"@id\":\"https:\/\/www.schlosstorgelow.de\/es\/obra-de-arte-del-mes-de-abril\"},\"wordCount\":560,\"image\":{\"@id\":\"https:\/\/www.schlosstorgelow.de\/es\/obra-de-arte-del-mes-de-abril#primaryimage\"},\"thumbnailUrl\":\"https:\/\/www.schlosstorgelow.de\/wp-content\/uploads\/2025\/07\/kunstwerk-des-monats-april_header_st.avif\",\"articleSection\":[\"Noticias de Torgelow\"],\"inLanguage\":\"es\"},{\"@type\":\"WebPage\",\"@id\":\"https:\/\/www.schlosstorgelow.de\/es\/obra-de-arte-del-mes-de-abril#webpage\",\"url\":\"https:\/\/www.schlosstorgelow.de\/es\/obra-de-arte-del-mes-de-abril\",\"name\":\"Obra de arte del mes de abril\",\"isPartOf\":{\"@id\":\"https:\/\/www.schlosstorgelow.de\/es#website\"},\"primaryImageOfPage\":{\"@id\":\"https:\/\/www.schlosstorgelow.de\/es\/obra-de-arte-del-mes-de-abril#primaryimage\"},\"image\":{\"@id\":\"https:\/\/www.schlosstorgelow.de\/es\/obra-de-arte-del-mes-de-abril#primaryimage\"},\"thumbnailUrl\":\"https:\/\/www.schlosstorgelow.de\/wp-content\/uploads\/2025\/07\/kunstwerk-des-monats-april_header_st.avif\",\"datePublished\":\"2025-04-09T11:22:26+00:00\",\"dateModified\":\"2026-01-12T08:13:55+00:00\",\"author\":{\"@id\":\"https:\/\/www.schlosstorgelow.de\/es#\/schema\/person\/b76bbb367f3a20c7ced1339e4875691e\"},\"description\":\"La imagen del mes presenta en abril a Caroline de 12.\u00ba grado. Lleva el nombre de \\\"Hide I\\\" y aborda la silenciamiento de la mujer por parte de la sociedad.\",\"breadcrumb\":{\"@id\":\"https:\/\/www.schlosstorgelow.de\/es\/obra-de-arte-del-mes-de-abril#breadcrumb\"},\"inLanguage\":\"es\",\"potentialAction\":[{\"@type\":\"ReadAction\",\"target\":[\"https:\/\/www.schlosstorgelow.de\/es\/obra-de-arte-del-mes-de-abril\"]}]},{\"@type\":\"ImageObject\",\"inLanguage\":\"es\",\"@id\":\"https:\/\/www.schlosstorgelow.de\/es\/obra-de-arte-del-mes-de-abril#primaryimage\",\"url\":\"https:\/\/www.schlosstorgelow.de\/wp-content\/uploads\/2025\/07\/kunstwerk-des-monats-april_header_st.avif\",\"contentUrl\":\"https:\/\/www.schlosstorgelow.de\/wp-content\/uploads\/2025\/07\/kunstwerk-des-monats-april_header_st.avif\",\"width\":1920,\"height\":1080,\"caption\":\"Obra de arte del mes de abril\"},{\"@type\":\"BreadcrumbList\",\"@id\":\"https:\/\/www.schlosstorgelow.de\/es\/obra-de-arte-del-mes-de-abril#breadcrumb\",\"itemListElement\":[{\"@type\":\"ListItem\",\"position\":1,\"name\":\"Startseite\",\"item\":\"https:\/\/www.schlosstorgelow.de\/es\"},{\"@type\":\"ListItem\",\"position\":2,\"name\":\"Obra de arte del mes de abril\"}]},{\"@type\":\"WebSite\",\"@id\":\"https:\/\/www.schlosstorgelow.de\/es#website\",\"url\":\"https:\/\/www.schlosstorgelow.de\/es\",\"name\":\"Schloss Torgelow\",\"description\":\"El internado privado Schloss Torgelow: el internado para alumnos que buscan un reto.\",\"potentialAction\":[{\"@type\":\"SearchAction\",\"target\":{\"@type\":\"EntryPoint\",\"urlTemplate\":\"https:\/\/www.schlosstorgelow.de\/es?s={search_term_string}\"},\"query-input\":{\"@type\":\"PropertyValueSpecification\",\"valueRequired\":true,\"valueName\":\"search_term_string\"}}],\"inLanguage\":\"es\"},{\"@type\":\"Person\",\"@id\":\"https:\/\/www.schlosstorgelow.de\/es#\/schema\/person\/b76bbb367f3a20c7ced1339e4875691e\",\"name\":\"Schloss Torgelow\",\"image\":{\"@type\":\"ImageObject\",\"inLanguage\":\"es\",\"@id\":\"https:\/\/www.schlosstorgelow.de\/es#\/schema\/person\/image\/\",\"url\":\"https:\/\/secure.gravatar.com\/avatar\/4bad9bf1bee90f77b98693d3ad03ade085c80c169595427c58c58e5b069f49e1?s=96&d=mm&r=g\",\"contentUrl\":\"https:\/\/secure.gravatar.com\/avatar\/4bad9bf1bee90f77b98693d3ad03ade085c80c169595427c58c58e5b069f49e1?s=96&d=mm&r=g\",\"caption\":\"Schloss Torgelow\"},\"sameAs\":[\"https:\/\/www.schlosstorgelow.de\"]}]}<\/script>\n<!-- \/ Yoast SEO plugin. -->","yoast_head_json":{"title":"Obra de arte del mes de abril","description":"La imagen del mes presenta en abril a Caroline de 12.\u00ba grado. Lleva el nombre de \"Hide I\" y aborda la silenciamiento de la mujer por parte de la sociedad.","robots":{"index":"index","follow":"follow","max-snippet":"max-snippet:-1","max-image-preview":"max-image-preview:large","max-video-preview":"max-video-preview:-1"},"canonical":"https:\/\/www.schlosstorgelow.de\/es\/obra-de-arte-del-mes-de-abril","og_locale":"es_ES","og_type":"article","og_title":"Obra de arte del mes de abril","og_description":"La imagen del mes presenta en abril a Caroline de 12.\u00ba grado. Lleva el nombre de \"Hide I\" y aborda la silenciamiento de la mujer por parte de la sociedad.","og_url":"https:\/\/www.schlosstorgelow.de\/es\/obra-de-arte-del-mes-de-abril","og_site_name":"Schloss Torgelow","article_published_time":"2025-04-09T11:22:26+00:00","article_modified_time":"2026-01-12T08:13:55+00:00","author":"Schloss Torgelow","twitter_card":"summary_large_image","twitter_misc":{"Escrito por":"Schloss Torgelow","Tiempo de lectura":"3 minutos"},"schema":{"@context":"https:\/\/schema.org","@graph":[{"@type":"Article","@id":"https:\/\/www.schlosstorgelow.de\/es\/obra-de-arte-del-mes-de-abril#article","isPartOf":{"@id":"https:\/\/www.schlosstorgelow.de\/es\/obra-de-arte-del-mes-de-abril"},"author":{"name":"Schloss Torgelow","@id":"https:\/\/www.schlosstorgelow.de\/es#\/schema\/person\/b76bbb367f3a20c7ced1339e4875691e"},"headline":"Obra de arte del mes de abril","datePublished":"2025-04-09T11:22:26+00:00","dateModified":"2026-01-12T08:13:55+00:00","mainEntityOfPage":{"@id":"https:\/\/www.schlosstorgelow.de\/es\/obra-de-arte-del-mes-de-abril"},"wordCount":560,"image":{"@id":"https:\/\/www.schlosstorgelow.de\/es\/obra-de-arte-del-mes-de-abril#primaryimage"},"thumbnailUrl":"https:\/\/www.schlosstorgelow.de\/wp-content\/uploads\/2025\/07\/kunstwerk-des-monats-april_header_st.avif","articleSection":["Noticias de Torgelow"],"inLanguage":"es"},{"@type":"WebPage","@id":"https:\/\/www.schlosstorgelow.de\/es\/obra-de-arte-del-mes-de-abril#webpage","url":"https:\/\/www.schlosstorgelow.de\/es\/obra-de-arte-del-mes-de-abril","name":"Obra de arte del mes de abril","isPartOf":{"@id":"https:\/\/www.schlosstorgelow.de\/es#website"},"primaryImageOfPage":{"@id":"https:\/\/www.schlosstorgelow.de\/es\/obra-de-arte-del-mes-de-abril#primaryimage"},"image":{"@id":"https:\/\/www.schlosstorgelow.de\/es\/obra-de-arte-del-mes-de-abril#primaryimage"},"thumbnailUrl":"https:\/\/www.schlosstorgelow.de\/wp-content\/uploads\/2025\/07\/kunstwerk-des-monats-april_header_st.avif","datePublished":"2025-04-09T11:22:26+00:00","dateModified":"2026-01-12T08:13:55+00:00","author":{"@id":"https:\/\/www.schlosstorgelow.de\/es#\/schema\/person\/b76bbb367f3a20c7ced1339e4875691e"},"description":"La imagen del mes presenta en abril a Caroline de 12.\u00ba grado. Lleva el nombre de \"Hide I\" y aborda la silenciamiento de la mujer por parte de la sociedad.","breadcrumb":{"@id":"https:\/\/www.schlosstorgelow.de\/es\/obra-de-arte-del-mes-de-abril#breadcrumb"},"inLanguage":"es","potentialAction":[{"@type":"ReadAction","target":["https:\/\/www.schlosstorgelow.de\/es\/obra-de-arte-del-mes-de-abril"]}]},{"@type":"ImageObject","inLanguage":"es","@id":"https:\/\/www.schlosstorgelow.de\/es\/obra-de-arte-del-mes-de-abril#primaryimage","url":"https:\/\/www.schlosstorgelow.de\/wp-content\/uploads\/2025\/07\/kunstwerk-des-monats-april_header_st.avif","contentUrl":"https:\/\/www.schlosstorgelow.de\/wp-content\/uploads\/2025\/07\/kunstwerk-des-monats-april_header_st.avif","width":1920,"height":1080,"caption":"Obra de arte del mes de abril"},{"@type":"BreadcrumbList","@id":"https:\/\/www.schlosstorgelow.de\/es\/obra-de-arte-del-mes-de-abril#breadcrumb","itemListElement":[{"@type":"ListItem","position":1,"name":"Startseite","item":"https:\/\/www.schlosstorgelow.de\/es"},{"@type":"ListItem","position":2,"name":"Obra de arte del mes de abril"}]},{"@type":"WebSite","@id":"https:\/\/www.schlosstorgelow.de\/es#website","url":"https:\/\/www.schlosstorgelow.de\/es","name":"Schloss Torgelow","description":"El internado privado Schloss Torgelow: el internado para alumnos que buscan un reto.","potentialAction":[{"@type":"SearchAction","target":{"@type":"EntryPoint","urlTemplate":"https:\/\/www.schlosstorgelow.de\/es?s={search_term_string}"},"query-input":{"@type":"PropertyValueSpecification","valueRequired":true,"valueName":"search_term_string"}}],"inLanguage":"es"},{"@type":"Person","@id":"https:\/\/www.schlosstorgelow.de\/es#\/schema\/person\/b76bbb367f3a20c7ced1339e4875691e","name":"Schloss Torgelow","image":{"@type":"ImageObject","inLanguage":"es","@id":"https:\/\/www.schlosstorgelow.de\/es#\/schema\/person\/image\/","url":"https:\/\/secure.gravatar.com\/avatar\/4bad9bf1bee90f77b98693d3ad03ade085c80c169595427c58c58e5b069f49e1?s=96&d=mm&r=g","contentUrl":"https:\/\/secure.gravatar.com\/avatar\/4bad9bf1bee90f77b98693d3ad03ade085c80c169595427c58c58e5b069f49e1?s=96&d=mm&r=g","caption":"Schloss Torgelow"},"sameAs":["https:\/\/www.schlosstorgelow.de"]}]}},"block_visibility_meta":[],"_links":{"self":[{"href":"https:\/\/www.schlosstorgelow.de\/es\/wp-json\/wp\/v2\/posts\/82590","targetHints":{"allow":["GET"]}}],"collection":[{"href":"https:\/\/www.schlosstorgelow.de\/es\/wp-json\/wp\/v2\/posts"}],"about":[{"href":"https:\/\/www.schlosstorgelow.de\/es\/wp-json\/wp\/v2\/types\/post"}],"author":[{"embeddable":true,"href":"https:\/\/www.schlosstorgelow.de\/es\/wp-json\/wp\/v2\/users\/1"}],"replies":[{"embeddable":true,"href":"https:\/\/www.schlosstorgelow.de\/es\/wp-json\/wp\/v2\/comments?post=82590"}],"version-history":[{"count":0,"href":"https:\/\/www.schlosstorgelow.de\/es\/wp-json\/wp\/v2\/posts\/82590\/revisions"}],"wp:featuredmedia":[{"embeddable":true,"href":"https:\/\/www.schlosstorgelow.de\/es\/wp-json\/wp\/v2\/media\/43999"}],"wp:attachment":[{"href":"https:\/\/www.schlosstorgelow.de\/es\/wp-json\/wp\/v2\/media?parent=82590"}],"wp:term":[{"taxonomy":"category","embeddable":true,"href":"https:\/\/www.schlosstorgelow.de\/es\/wp-json\/wp\/v2\/categories?post=82590"},{"taxonomy":"post_tag","embeddable":true,"href":"https:\/\/www.schlosstorgelow.de\/es\/wp-json\/wp\/v2\/tags?post=82590"}],"curies":[{"name":"wp","href":"https:\/\/api.w.org\/{rel}","templated":true}]}}