{"id":82580,"date":"2025-04-24T12:38:28","date_gmt":"2025-04-24T12:38:28","guid":{"rendered":"https:\/\/www.schlosstorgelow.de\/la-primavera-se-avecina-el-sexto-grado-disena-el-jardin-escolar"},"modified":"2026-01-12T08:11:25","modified_gmt":"2026-01-12T08:11:25","slug":"la-primavera-se-avecina-el-sexto-grado-disena-el-jardin-escolar","status":"publish","type":"post","link":"https:\/\/www.schlosstorgelow.de\/es\/la-primavera-se-avecina-el-sexto-grado-disena-el-jardin-escolar","title":{"rendered":"La primavera se avecina: el sexto grado dise\u00f1a el jard\u00edn escolar"},"content":{"rendered":"\n<p><i>A\u00fan parece que el jard\u00edn escolar es un simple espacio verde, pero no por mucho tiempo. Las alumnas y alumnos de 6\u00ba grado tienen grandes planes: con ideas creativas, una planificaci\u00f3n bien pensada y mucha energ\u00eda, nuestro jard\u00edn escolar cobra vida poco a poco. <\/i><\/p>\n\n<p>Juntos se consider\u00f3 qu\u00e9 plantas deber\u00edan prosperar aqu\u00ed en el futuro. La selecci\u00f3n abarca desde zanahorias crujientes y fresas jugosas hasta un prado floreciente y colorido que atraer\u00e1 a abejas, abejorros y mariposas. El objetivo es un jard\u00edn que no solo invite a la jardiner\u00eda, sino tambi\u00e9n a observar, investigar y disfrutar.  <\/p>\n\n<p>Las primeras camas ya est\u00e1n en planificaci\u00f3n, las listas de semillas escritas \u2013 ahora es el momento de arremangarse, preparar el suelo, pronto se sembrar\u00e1, se regar\u00e1, se desherbar\u00e1 y m\u00e1s tarde tambi\u00e9n se cosechar\u00e1.<\/p>\n\n<p>Un aspecto destacado: En colaboraci\u00f3n con el proyecto \u00abM\u00e1s que miel\u00bb, se est\u00e1n creando actualmente un hotel de insectos, una casa para abejas y oportunidades de anidaci\u00f3n para abejorros &#8211; una valiosa contribuci\u00f3n a la protecci\u00f3n de la biodiversidad y a la promoci\u00f3n de la conciencia ecol\u00f3gica en el d\u00eda a d\u00eda escolar.<\/p>\n\n<p>El jard\u00edn escolar se convertir\u00e1 en las pr\u00f3ximas semanas en un lugar de aprendizaje donde se podr\u00e1 experimentar la naturaleza, con muchas oportunidades para tocar, participar y asombrarse. Muchas gracias a todas las peque\u00f1as y grandes ayudantes. <\/p>\n","protected":false},"excerpt":{"rendered":"<p>A\u00fan parece que el jard\u00edn escolar es un simple espacio verde, pero no por mucho tiempo. Los estudiantes de sexto grado tienen grandes planes. <\/p>\n","protected":false},"author":1,"featured_media":43819,"comment_status":"closed","ping_status":"closed","sticky":false,"template":"","format":"standard","meta":{"_acf_changed":false,"_yoast_wpseo_title":"La primavera se avecina: el sexto grado dise\u00f1a el jard\u00edn escolar","_yoast_wpseo_metadesc":"Todav\u00eda el jard\u00edn escolar parece un \u00e1rea verde com\u00fan y corriente, pero no por mucho tiempo. Los alumnos de sexto grado tienen grandes planes.","excerpt":"A\u00fan parece que el jard\u00edn escolar es un simple espacio verde, pero no por mucho tiempo. Los estudiantes de sexto grado tienen grandes planes. ","footnotes":""},"categories":[32],"tags":[],"class_list":{"0":"post-82580","1":"post","2":"type-post","3":"status-publish","4":"format-standard","5":"has-post-thumbnail","7":"category-noticias-de-torgelow"},"acf":[],"yoast_head":"<!-- This site is optimized with the Yoast SEO plugin v26.9 - https:\/\/yoast.com\/product\/yoast-seo-wordpress\/ -->\n<title>La primavera se avecina: el sexto grado dise\u00f1a el jard\u00edn escolar<\/title>\n<meta name=\"description\" content=\"Todav\u00eda el jard\u00edn escolar parece un \u00e1rea verde com\u00fan y corriente, pero no por mucho tiempo. Los alumnos de sexto grado tienen grandes planes.\" \/>\n<meta name=\"robots\" content=\"index, follow, max-snippet:-1, max-image-preview:large, max-video-preview:-1\" \/>\n<link rel=\"canonical\" href=\"https:\/\/www.schlosstorgelow.de\/es\/la-primavera-se-avecina-el-sexto-grado-disena-el-jardin-escolar\" \/>\n<meta property=\"og:locale\" content=\"es_ES\" \/>\n<meta property=\"og:type\" content=\"article\" \/>\n<meta property=\"og:title\" content=\"La primavera se avecina: el sexto grado dise\u00f1a el jard\u00edn escolar\" \/>\n<meta property=\"og:description\" content=\"Todav\u00eda el jard\u00edn escolar parece un \u00e1rea verde com\u00fan y corriente, pero no por mucho tiempo. Los alumnos de sexto grado tienen grandes planes.\" \/>\n<meta property=\"og:url\" content=\"https:\/\/www.schlosstorgelow.de\/es\/la-primavera-se-avecina-el-sexto-grado-disena-el-jardin-escolar\" \/>\n<meta property=\"og:site_name\" content=\"Schloss Torgelow\" \/>\n<meta property=\"article:published_time\" content=\"2025-04-24T12:38:28+00:00\" \/>\n<meta property=\"article:modified_time\" content=\"2026-01-12T08:11:25+00:00\" \/>\n<meta name=\"author\" content=\"Schloss Torgelow\" \/>\n<meta name=\"twitter:card\" content=\"summary_large_image\" \/>\n<meta name=\"twitter:label1\" content=\"Escrito por\" \/>\n\t<meta name=\"twitter:data1\" content=\"Schloss Torgelow\" \/>\n\t<meta name=\"twitter:label2\" content=\"Tiempo de lectura\" \/>\n\t<meta name=\"twitter:data2\" content=\"1 minuto\" \/>\n<script type=\"application\/ld+json\" class=\"yoast-schema-graph\">{\"@context\":\"https:\/\/schema.org\",\"@graph\":[{\"@type\":\"Article\",\"@id\":\"https:\/\/www.schlosstorgelow.de\/es\/la-primavera-se-avecina-el-sexto-grado-disena-el-jardin-escolar#article\",\"isPartOf\":{\"@id\":\"https:\/\/www.schlosstorgelow.de\/es\/la-primavera-se-avecina-el-sexto-grado-disena-el-jardin-escolar\"},\"author\":{\"name\":\"Schloss Torgelow\",\"@id\":\"https:\/\/www.schlosstorgelow.de\/es#\/schema\/person\/b76bbb367f3a20c7ced1339e4875691e\"},\"headline\":\"La primavera se avecina: el sexto grado dise\u00f1a el jard\u00edn escolar\",\"datePublished\":\"2025-04-24T12:38:28+00:00\",\"dateModified\":\"2026-01-12T08:11:25+00:00\",\"mainEntityOfPage\":{\"@id\":\"https:\/\/www.schlosstorgelow.de\/es\/la-primavera-se-avecina-el-sexto-grado-disena-el-jardin-escolar\"},\"wordCount\":259,\"image\":{\"@id\":\"https:\/\/www.schlosstorgelow.de\/es\/la-primavera-se-avecina-el-sexto-grado-disena-el-jardin-escolar#primaryimage\"},\"thumbnailUrl\":\"https:\/\/www.schlosstorgelow.de\/wp-content\/uploads\/2025\/07\/schulgarten-fresh-up_header_st.avif\",\"articleSection\":[\"Noticias de Torgelow\"],\"inLanguage\":\"es\"},{\"@type\":\"WebPage\",\"@id\":\"https:\/\/www.schlosstorgelow.de\/es\/la-primavera-se-avecina-el-sexto-grado-disena-el-jardin-escolar#webpage\",\"url\":\"https:\/\/www.schlosstorgelow.de\/es\/la-primavera-se-avecina-el-sexto-grado-disena-el-jardin-escolar\",\"name\":\"La primavera se avecina: el sexto grado dise\u00f1a el jard\u00edn escolar\",\"isPartOf\":{\"@id\":\"https:\/\/www.schlosstorgelow.de\/es#website\"},\"primaryImageOfPage\":{\"@id\":\"https:\/\/www.schlosstorgelow.de\/es\/la-primavera-se-avecina-el-sexto-grado-disena-el-jardin-escolar#primaryimage\"},\"image\":{\"@id\":\"https:\/\/www.schlosstorgelow.de\/es\/la-primavera-se-avecina-el-sexto-grado-disena-el-jardin-escolar#primaryimage\"},\"thumbnailUrl\":\"https:\/\/www.schlosstorgelow.de\/wp-content\/uploads\/2025\/07\/schulgarten-fresh-up_header_st.avif\",\"datePublished\":\"2025-04-24T12:38:28+00:00\",\"dateModified\":\"2026-01-12T08:11:25+00:00\",\"author\":{\"@id\":\"https:\/\/www.schlosstorgelow.de\/es#\/schema\/person\/b76bbb367f3a20c7ced1339e4875691e\"},\"description\":\"Todav\u00eda el jard\u00edn escolar parece un \u00e1rea verde com\u00fan y corriente, pero no por mucho tiempo. Los alumnos de sexto grado tienen grandes planes.\",\"breadcrumb\":{\"@id\":\"https:\/\/www.schlosstorgelow.de\/es\/la-primavera-se-avecina-el-sexto-grado-disena-el-jardin-escolar#breadcrumb\"},\"inLanguage\":\"es\",\"potentialAction\":[{\"@type\":\"ReadAction\",\"target\":[\"https:\/\/www.schlosstorgelow.de\/es\/la-primavera-se-avecina-el-sexto-grado-disena-el-jardin-escolar\"]}]},{\"@type\":\"ImageObject\",\"inLanguage\":\"es\",\"@id\":\"https:\/\/www.schlosstorgelow.de\/es\/la-primavera-se-avecina-el-sexto-grado-disena-el-jardin-escolar#primaryimage\",\"url\":\"https:\/\/www.schlosstorgelow.de\/wp-content\/uploads\/2025\/07\/schulgarten-fresh-up_header_st.avif\",\"contentUrl\":\"https:\/\/www.schlosstorgelow.de\/wp-content\/uploads\/2025\/07\/schulgarten-fresh-up_header_st.avif\",\"width\":1920,\"height\":1080,\"caption\":\"La primavera se acerca: el 6.\u00ba grado est\u00e1 dise\u00f1ando el jard\u00edn escolar.\"},{\"@type\":\"BreadcrumbList\",\"@id\":\"https:\/\/www.schlosstorgelow.de\/es\/la-primavera-se-avecina-el-sexto-grado-disena-el-jardin-escolar#breadcrumb\",\"itemListElement\":[{\"@type\":\"ListItem\",\"position\":1,\"name\":\"Startseite\",\"item\":\"https:\/\/www.schlosstorgelow.de\/es\"},{\"@type\":\"ListItem\",\"position\":2,\"name\":\"La primavera se avecina: el sexto grado dise\u00f1a el jard\u00edn escolar\"}]},{\"@type\":\"WebSite\",\"@id\":\"https:\/\/www.schlosstorgelow.de\/es#website\",\"url\":\"https:\/\/www.schlosstorgelow.de\/es\",\"name\":\"Schloss Torgelow\",\"description\":\"El internado privado Schloss Torgelow: el internado para alumnos que buscan un reto.\",\"potentialAction\":[{\"@type\":\"SearchAction\",\"target\":{\"@type\":\"EntryPoint\",\"urlTemplate\":\"https:\/\/www.schlosstorgelow.de\/es?s={search_term_string}\"},\"query-input\":{\"@type\":\"PropertyValueSpecification\",\"valueRequired\":true,\"valueName\":\"search_term_string\"}}],\"inLanguage\":\"es\"},{\"@type\":\"Person\",\"@id\":\"https:\/\/www.schlosstorgelow.de\/es#\/schema\/person\/b76bbb367f3a20c7ced1339e4875691e\",\"name\":\"Schloss Torgelow\",\"image\":{\"@type\":\"ImageObject\",\"inLanguage\":\"es\",\"@id\":\"https:\/\/www.schlosstorgelow.de\/es#\/schema\/person\/image\/\",\"url\":\"https:\/\/secure.gravatar.com\/avatar\/4bad9bf1bee90f77b98693d3ad03ade085c80c169595427c58c58e5b069f49e1?s=96&d=mm&r=g\",\"contentUrl\":\"https:\/\/secure.gravatar.com\/avatar\/4bad9bf1bee90f77b98693d3ad03ade085c80c169595427c58c58e5b069f49e1?s=96&d=mm&r=g\",\"caption\":\"Schloss Torgelow\"},\"sameAs\":[\"https:\/\/www.schlosstorgelow.de\"]}]}<\/script>\n<!-- \/ Yoast SEO plugin. -->","yoast_head_json":{"title":"La primavera se avecina: el sexto grado dise\u00f1a el jard\u00edn escolar","description":"Todav\u00eda el jard\u00edn escolar parece un \u00e1rea verde com\u00fan y corriente, pero no por mucho tiempo. Los alumnos de sexto grado tienen grandes planes.","robots":{"index":"index","follow":"follow","max-snippet":"max-snippet:-1","max-image-preview":"max-image-preview:large","max-video-preview":"max-video-preview:-1"},"canonical":"https:\/\/www.schlosstorgelow.de\/es\/la-primavera-se-avecina-el-sexto-grado-disena-el-jardin-escolar","og_locale":"es_ES","og_type":"article","og_title":"La primavera se avecina: el sexto grado dise\u00f1a el jard\u00edn escolar","og_description":"Todav\u00eda el jard\u00edn escolar parece un \u00e1rea verde com\u00fan y corriente, pero no por mucho tiempo. Los alumnos de sexto grado tienen grandes planes.","og_url":"https:\/\/www.schlosstorgelow.de\/es\/la-primavera-se-avecina-el-sexto-grado-disena-el-jardin-escolar","og_site_name":"Schloss Torgelow","article_published_time":"2025-04-24T12:38:28+00:00","article_modified_time":"2026-01-12T08:11:25+00:00","author":"Schloss Torgelow","twitter_card":"summary_large_image","twitter_misc":{"Escrito por":"Schloss Torgelow","Tiempo de lectura":"1 minuto"},"schema":{"@context":"https:\/\/schema.org","@graph":[{"@type":"Article","@id":"https:\/\/www.schlosstorgelow.de\/es\/la-primavera-se-avecina-el-sexto-grado-disena-el-jardin-escolar#article","isPartOf":{"@id":"https:\/\/www.schlosstorgelow.de\/es\/la-primavera-se-avecina-el-sexto-grado-disena-el-jardin-escolar"},"author":{"name":"Schloss Torgelow","@id":"https:\/\/www.schlosstorgelow.de\/es#\/schema\/person\/b76bbb367f3a20c7ced1339e4875691e"},"headline":"La primavera se avecina: el sexto grado dise\u00f1a el jard\u00edn escolar","datePublished":"2025-04-24T12:38:28+00:00","dateModified":"2026-01-12T08:11:25+00:00","mainEntityOfPage":{"@id":"https:\/\/www.schlosstorgelow.de\/es\/la-primavera-se-avecina-el-sexto-grado-disena-el-jardin-escolar"},"wordCount":259,"image":{"@id":"https:\/\/www.schlosstorgelow.de\/es\/la-primavera-se-avecina-el-sexto-grado-disena-el-jardin-escolar#primaryimage"},"thumbnailUrl":"https:\/\/www.schlosstorgelow.de\/wp-content\/uploads\/2025\/07\/schulgarten-fresh-up_header_st.avif","articleSection":["Noticias de Torgelow"],"inLanguage":"es"},{"@type":"WebPage","@id":"https:\/\/www.schlosstorgelow.de\/es\/la-primavera-se-avecina-el-sexto-grado-disena-el-jardin-escolar#webpage","url":"https:\/\/www.schlosstorgelow.de\/es\/la-primavera-se-avecina-el-sexto-grado-disena-el-jardin-escolar","name":"La primavera se avecina: el sexto grado dise\u00f1a el jard\u00edn escolar","isPartOf":{"@id":"https:\/\/www.schlosstorgelow.de\/es#website"},"primaryImageOfPage":{"@id":"https:\/\/www.schlosstorgelow.de\/es\/la-primavera-se-avecina-el-sexto-grado-disena-el-jardin-escolar#primaryimage"},"image":{"@id":"https:\/\/www.schlosstorgelow.de\/es\/la-primavera-se-avecina-el-sexto-grado-disena-el-jardin-escolar#primaryimage"},"thumbnailUrl":"https:\/\/www.schlosstorgelow.de\/wp-content\/uploads\/2025\/07\/schulgarten-fresh-up_header_st.avif","datePublished":"2025-04-24T12:38:28+00:00","dateModified":"2026-01-12T08:11:25+00:00","author":{"@id":"https:\/\/www.schlosstorgelow.de\/es#\/schema\/person\/b76bbb367f3a20c7ced1339e4875691e"},"description":"Todav\u00eda el jard\u00edn escolar parece un \u00e1rea verde com\u00fan y corriente, pero no por mucho tiempo. Los alumnos de sexto grado tienen grandes planes.","breadcrumb":{"@id":"https:\/\/www.schlosstorgelow.de\/es\/la-primavera-se-avecina-el-sexto-grado-disena-el-jardin-escolar#breadcrumb"},"inLanguage":"es","potentialAction":[{"@type":"ReadAction","target":["https:\/\/www.schlosstorgelow.de\/es\/la-primavera-se-avecina-el-sexto-grado-disena-el-jardin-escolar"]}]},{"@type":"ImageObject","inLanguage":"es","@id":"https:\/\/www.schlosstorgelow.de\/es\/la-primavera-se-avecina-el-sexto-grado-disena-el-jardin-escolar#primaryimage","url":"https:\/\/www.schlosstorgelow.de\/wp-content\/uploads\/2025\/07\/schulgarten-fresh-up_header_st.avif","contentUrl":"https:\/\/www.schlosstorgelow.de\/wp-content\/uploads\/2025\/07\/schulgarten-fresh-up_header_st.avif","width":1920,"height":1080,"caption":"La primavera se acerca: el 6.\u00ba grado est\u00e1 dise\u00f1ando el jard\u00edn escolar."},{"@type":"BreadcrumbList","@id":"https:\/\/www.schlosstorgelow.de\/es\/la-primavera-se-avecina-el-sexto-grado-disena-el-jardin-escolar#breadcrumb","itemListElement":[{"@type":"ListItem","position":1,"name":"Startseite","item":"https:\/\/www.schlosstorgelow.de\/es"},{"@type":"ListItem","position":2,"name":"La primavera se avecina: el sexto grado dise\u00f1a el jard\u00edn escolar"}]},{"@type":"WebSite","@id":"https:\/\/www.schlosstorgelow.de\/es#website","url":"https:\/\/www.schlosstorgelow.de\/es","name":"Schloss Torgelow","description":"El internado privado Schloss Torgelow: el internado para alumnos que buscan un reto.","potentialAction":[{"@type":"SearchAction","target":{"@type":"EntryPoint","urlTemplate":"https:\/\/www.schlosstorgelow.de\/es?s={search_term_string}"},"query-input":{"@type":"PropertyValueSpecification","valueRequired":true,"valueName":"search_term_string"}}],"inLanguage":"es"},{"@type":"Person","@id":"https:\/\/www.schlosstorgelow.de\/es#\/schema\/person\/b76bbb367f3a20c7ced1339e4875691e","name":"Schloss Torgelow","image":{"@type":"ImageObject","inLanguage":"es","@id":"https:\/\/www.schlosstorgelow.de\/es#\/schema\/person\/image\/","url":"https:\/\/secure.gravatar.com\/avatar\/4bad9bf1bee90f77b98693d3ad03ade085c80c169595427c58c58e5b069f49e1?s=96&d=mm&r=g","contentUrl":"https:\/\/secure.gravatar.com\/avatar\/4bad9bf1bee90f77b98693d3ad03ade085c80c169595427c58c58e5b069f49e1?s=96&d=mm&r=g","caption":"Schloss Torgelow"},"sameAs":["https:\/\/www.schlosstorgelow.de"]}]}},"block_visibility_meta":[],"_links":{"self":[{"href":"https:\/\/www.schlosstorgelow.de\/es\/wp-json\/wp\/v2\/posts\/82580","targetHints":{"allow":["GET"]}}],"collection":[{"href":"https:\/\/www.schlosstorgelow.de\/es\/wp-json\/wp\/v2\/posts"}],"about":[{"href":"https:\/\/www.schlosstorgelow.de\/es\/wp-json\/wp\/v2\/types\/post"}],"author":[{"embeddable":true,"href":"https:\/\/www.schlosstorgelow.de\/es\/wp-json\/wp\/v2\/users\/1"}],"replies":[{"embeddable":true,"href":"https:\/\/www.schlosstorgelow.de\/es\/wp-json\/wp\/v2\/comments?post=82580"}],"version-history":[{"count":0,"href":"https:\/\/www.schlosstorgelow.de\/es\/wp-json\/wp\/v2\/posts\/82580\/revisions"}],"wp:featuredmedia":[{"embeddable":true,"href":"https:\/\/www.schlosstorgelow.de\/es\/wp-json\/wp\/v2\/media\/43819"}],"wp:attachment":[{"href":"https:\/\/www.schlosstorgelow.de\/es\/wp-json\/wp\/v2\/media?parent=82580"}],"wp:term":[{"taxonomy":"category","embeddable":true,"href":"https:\/\/www.schlosstorgelow.de\/es\/wp-json\/wp\/v2\/categories?post=82580"},{"taxonomy":"post_tag","embeddable":true,"href":"https:\/\/www.schlosstorgelow.de\/es\/wp-json\/wp\/v2\/tags?post=82580"}],"curies":[{"name":"wp","href":"https:\/\/api.w.org\/{rel}","templated":true}]}}