{"id":82576,"date":"2025-04-24T13:39:55","date_gmt":"2025-04-24T13:39:55","guid":{"rendered":"https:\/\/www.schlosstorgelow.de\/metamorfosis-en-la-materia-fenomenos-naturales-muchas-pequenas-maravillas"},"modified":"2026-01-29T08:46:56","modified_gmt":"2026-01-29T07:46:56","slug":"metamorfosis-en-la-materia-fenomenos-naturales-muchas-pequenas-maravillas","status":"publish","type":"post","link":"https:\/\/www.schlosstorgelow.de\/es\/metamorfosis-en-la-materia-fenomenos-naturales-muchas-pequenas-maravillas","title":{"rendered":"Metamorfosis en la materia fen\u00f3menos naturales &#8211; muchas peque\u00f1as maravillas"},"content":{"rendered":"\n<p><i>Cuando la naturaleza despierta afuera, tambi\u00e9n nuestra ense\u00f1anza cobra vida: llena de peque\u00f1os milagros y grandes preguntas. En el sexto grado, el tema central en la materia de fen\u00f3menos naturales fue la metamorfosis: de cerca, viva y con muchos momentos de asombro. <\/i><\/p>\n\n<p>Durante varias semanas, los alumnos de sexto grado observaron el fascinante ciclo de vida de las mariposas. Experimentaron c\u00f3mo peque\u00f1as larvas se transformaban en orugas, c\u00f3mo estas se convert\u00edan en pupas y \u2013 como por arte de magia \u2013 finalmente, mariposas emerg\u00edan de sus capullos. <\/p>\n\n<p>La admiraci\u00f3n no se limit\u00f3 a sexto grado; tambi\u00e9n el curso de biolog\u00eda de alto rendimiento de K2 no quiso perder la oportunidad de observar este milagro de la naturaleza. Y en la sala de profesores, la noticia se difundi\u00f3 r\u00e1pidamente: quien ten\u00eda tiempo, pasaba brevemente para echar un vistazo a la transformaci\u00f3n. <\/p>\n\n<p><strong>Investigaci\u00f3n interdisciplinaria: fen\u00f3menos naturales se encuentran con el jard\u00edn escolar.<\/strong><br\/><br\/>Particularmente bonito: El proyecto fue una colaboraci\u00f3n entre la asignatura de fen\u00f3menos naturales y la materia de jard\u00edn escolar. Lo que comenz\u00f3 en el aula se continu\u00f3 en el jard\u00edn, all\u00ed donde las mariposas fueron liberadas en la libertad despu\u00e9s de emerger. <\/p>\n\n<p><strong>Tambi\u00e9n los mariquitas se est\u00e1n preparando.<\/strong><br\/><br\/>Adem\u00e1s de las mariposas, las alumnas y alumnos tambi\u00e9n observaron la metamorfosis de las mariquitas. De diminutos huevos nacieron larvas, luego pupas y, finalmente, los populares portadores de buena suerte con sus brillantes alas rojas. <\/p>\n\n<p><strong>Un hogar para las abejas silvestres <\/strong><\/p>\n\n<p>Junto con la se\u00f1ora y el se\u00f1or Schl\u00fcter, los ni\u00f1os tambi\u00e9n construyeron refugios para la abeja roja de la pared. Esta abeja silvestre, fiel a su lugar, poliniza con una impresionante resistencia y, por lo tanto, es una verdadera enriquecedora para el jard\u00edn de la escuela. En las pr\u00f3ximas semanas, el nuevo prado de flores silvestres sembrado ofrecer\u00e1 un hogar floreciente a los insectos. La esperanza: un ecosistema zumbante y lleno de vida, en medio del terreno escolar.   <\/p>\n\n<p>Lugar de descanso nevera Ya est\u00e1 claro: en oto\u00f1o se recoger\u00e1n los capullos de las abejas de muro y se almacenar\u00e1n cuidadosamente en la nevera: una hibernaci\u00f3n natural, sin hibernaci\u00f3n en el jard\u00edn. \u00bfFuncionar\u00e1? Nuestros j\u00f3venes investigadores lo observar\u00e1n muy de cerca.  <\/p>\n","protected":false},"excerpt":{"rendered":"<p>Cuando la naturaleza despierta afuera, tambi\u00e9n nuestra clase cobra vida. En el sexto grado, el tema central en la asignatura de fen\u00f3menos naturales fue la metamorfosis. <\/p>\n","protected":false},"author":1,"featured_media":44305,"comment_status":"closed","ping_status":"closed","sticky":false,"template":"","format":"standard","meta":{"_acf_changed":false,"_yoast_wpseo_title":"Metamorfosis en la materia fen\u00f3menos naturales","_yoast_wpseo_metadesc":"Cuando la naturaleza despierta, la ense\u00f1anza cobra vida: en 6\u00ba, la metamorfosis fue el tema central en Ciencias Naturales.","excerpt":"Cuando la naturaleza despierta afuera, tambi\u00e9n nuestra ense\u00f1anza cobra vida. En la clase 6, el tema central en la asignatura de fen\u00f3menos naturales fue la metamorfosis. ","footnotes":""},"categories":[32],"tags":[],"class_list":{"0":"post-82576","1":"post","2":"type-post","3":"status-publish","4":"format-standard","5":"has-post-thumbnail","7":"category-noticias-de-torgelow"},"acf":[],"yoast_head":"<!-- This site is optimized with the Yoast SEO plugin v26.9 - https:\/\/yoast.com\/product\/yoast-seo-wordpress\/ -->\n<title>Metamorfosis en la materia fen\u00f3menos naturales<\/title>\n<meta name=\"description\" content=\"Cuando la naturaleza despierta, la ense\u00f1anza cobra vida: en 6\u00ba, la metamorfosis fue el tema central en Ciencias Naturales.\" \/>\n<meta name=\"robots\" content=\"index, follow, max-snippet:-1, max-image-preview:large, max-video-preview:-1\" \/>\n<link rel=\"canonical\" href=\"https:\/\/www.schlosstorgelow.de\/es\/metamorfosis-en-la-materia-fenomenos-naturales-muchas-pequenas-maravillas\" \/>\n<meta property=\"og:locale\" content=\"es_ES\" \/>\n<meta property=\"og:type\" content=\"article\" \/>\n<meta property=\"og:title\" content=\"Metamorfosis en la materia fen\u00f3menos naturales\" \/>\n<meta property=\"og:description\" content=\"Cuando la naturaleza despierta, la ense\u00f1anza cobra vida: en 6\u00ba, la metamorfosis fue el tema central en Ciencias Naturales.\" \/>\n<meta property=\"og:url\" content=\"https:\/\/www.schlosstorgelow.de\/es\/metamorfosis-en-la-materia-fenomenos-naturales-muchas-pequenas-maravillas\" \/>\n<meta property=\"og:site_name\" content=\"Schloss Torgelow\" \/>\n<meta property=\"article:published_time\" content=\"2025-04-24T13:39:55+00:00\" \/>\n<meta property=\"article:modified_time\" content=\"2026-01-29T07:46:56+00:00\" \/>\n<meta name=\"author\" content=\"Schloss Torgelow\" \/>\n<meta name=\"twitter:card\" content=\"summary_large_image\" \/>\n<meta name=\"twitter:label1\" content=\"Escrito por\" \/>\n\t<meta name=\"twitter:data1\" content=\"Schloss Torgelow\" \/>\n\t<meta name=\"twitter:label2\" content=\"Tiempo de lectura\" \/>\n\t<meta name=\"twitter:data2\" content=\"2 minutos\" \/>\n<script type=\"application\/ld+json\" class=\"yoast-schema-graph\">{\"@context\":\"https:\/\/schema.org\",\"@graph\":[{\"@type\":\"Article\",\"@id\":\"https:\/\/www.schlosstorgelow.de\/es\/metamorfosis-en-la-materia-fenomenos-naturales-muchas-pequenas-maravillas#article\",\"isPartOf\":{\"@id\":\"https:\/\/www.schlosstorgelow.de\/es\/metamorfosis-en-la-materia-fenomenos-naturales-muchas-pequenas-maravillas\"},\"author\":{\"name\":\"Schloss Torgelow\",\"@id\":\"https:\/\/www.schlosstorgelow.de\/es#\/schema\/person\/b76bbb367f3a20c7ced1339e4875691e\"},\"headline\":\"Metamorfosis en la materia fen\u00f3menos naturales &#8211; muchas peque\u00f1as maravillas\",\"datePublished\":\"2025-04-24T13:39:55+00:00\",\"dateModified\":\"2026-01-29T07:46:56+00:00\",\"mainEntityOfPage\":{\"@id\":\"https:\/\/www.schlosstorgelow.de\/es\/metamorfosis-en-la-materia-fenomenos-naturales-muchas-pequenas-maravillas\"},\"wordCount\":411,\"image\":{\"@id\":\"https:\/\/www.schlosstorgelow.de\/es\/metamorfosis-en-la-materia-fenomenos-naturales-muchas-pequenas-maravillas#primaryimage\"},\"thumbnailUrl\":\"https:\/\/www.schlosstorgelow.de\/wp-content\/uploads\/2025\/07\/schmetterlingserwachen_header_st.avif\",\"articleSection\":[\"Noticias de Torgelow\"],\"inLanguage\":\"es\"},{\"@type\":\"WebPage\",\"@id\":\"https:\/\/www.schlosstorgelow.de\/es\/metamorfosis-en-la-materia-fenomenos-naturales-muchas-pequenas-maravillas#webpage\",\"url\":\"https:\/\/www.schlosstorgelow.de\/es\/metamorfosis-en-la-materia-fenomenos-naturales-muchas-pequenas-maravillas\",\"name\":\"Metamorfosis en la materia fen\u00f3menos naturales\",\"isPartOf\":{\"@id\":\"https:\/\/www.schlosstorgelow.de\/es#website\"},\"primaryImageOfPage\":{\"@id\":\"https:\/\/www.schlosstorgelow.de\/es\/metamorfosis-en-la-materia-fenomenos-naturales-muchas-pequenas-maravillas#primaryimage\"},\"image\":{\"@id\":\"https:\/\/www.schlosstorgelow.de\/es\/metamorfosis-en-la-materia-fenomenos-naturales-muchas-pequenas-maravillas#primaryimage\"},\"thumbnailUrl\":\"https:\/\/www.schlosstorgelow.de\/wp-content\/uploads\/2025\/07\/schmetterlingserwachen_header_st.avif\",\"datePublished\":\"2025-04-24T13:39:55+00:00\",\"dateModified\":\"2026-01-29T07:46:56+00:00\",\"author\":{\"@id\":\"https:\/\/www.schlosstorgelow.de\/es#\/schema\/person\/b76bbb367f3a20c7ced1339e4875691e\"},\"description\":\"Cuando la naturaleza despierta, la ense\u00f1anza cobra vida: en 6\u00ba, la metamorfosis fue el tema central en Ciencias Naturales.\",\"breadcrumb\":{\"@id\":\"https:\/\/www.schlosstorgelow.de\/es\/metamorfosis-en-la-materia-fenomenos-naturales-muchas-pequenas-maravillas#breadcrumb\"},\"inLanguage\":\"es\",\"potentialAction\":[{\"@type\":\"ReadAction\",\"target\":[\"https:\/\/www.schlosstorgelow.de\/es\/metamorfosis-en-la-materia-fenomenos-naturales-muchas-pequenas-maravillas\"]}]},{\"@type\":\"ImageObject\",\"inLanguage\":\"es\",\"@id\":\"https:\/\/www.schlosstorgelow.de\/es\/metamorfosis-en-la-materia-fenomenos-naturales-muchas-pequenas-maravillas#primaryimage\",\"url\":\"https:\/\/www.schlosstorgelow.de\/wp-content\/uploads\/2025\/07\/schmetterlingserwachen_header_st.avif\",\"contentUrl\":\"https:\/\/www.schlosstorgelow.de\/wp-content\/uploads\/2025\/07\/schmetterlingserwachen_header_st.avif\",\"width\":1920,\"height\":1080,\"caption\":\"Metamorfosis en la materia fen\u00f3menos naturales - muchas peque\u00f1as maravillas\"},{\"@type\":\"BreadcrumbList\",\"@id\":\"https:\/\/www.schlosstorgelow.de\/es\/metamorfosis-en-la-materia-fenomenos-naturales-muchas-pequenas-maravillas#breadcrumb\",\"itemListElement\":[{\"@type\":\"ListItem\",\"position\":1,\"name\":\"Startseite\",\"item\":\"https:\/\/www.schlosstorgelow.de\/es\"},{\"@type\":\"ListItem\",\"position\":2,\"name\":\"Metamorfosis en la materia fen\u00f3menos naturales &#8211; muchas peque\u00f1as maravillas\"}]},{\"@type\":\"WebSite\",\"@id\":\"https:\/\/www.schlosstorgelow.de\/es#website\",\"url\":\"https:\/\/www.schlosstorgelow.de\/es\",\"name\":\"Schloss Torgelow\",\"description\":\"El internado privado Schloss Torgelow: el internado para alumnos que buscan un reto.\",\"potentialAction\":[{\"@type\":\"SearchAction\",\"target\":{\"@type\":\"EntryPoint\",\"urlTemplate\":\"https:\/\/www.schlosstorgelow.de\/es?s={search_term_string}\"},\"query-input\":{\"@type\":\"PropertyValueSpecification\",\"valueRequired\":true,\"valueName\":\"search_term_string\"}}],\"inLanguage\":\"es\"},{\"@type\":\"Person\",\"@id\":\"https:\/\/www.schlosstorgelow.de\/es#\/schema\/person\/b76bbb367f3a20c7ced1339e4875691e\",\"name\":\"Schloss Torgelow\",\"image\":{\"@type\":\"ImageObject\",\"inLanguage\":\"es\",\"@id\":\"https:\/\/www.schlosstorgelow.de\/es#\/schema\/person\/image\/\",\"url\":\"https:\/\/secure.gravatar.com\/avatar\/4bad9bf1bee90f77b98693d3ad03ade085c80c169595427c58c58e5b069f49e1?s=96&d=mm&r=g\",\"contentUrl\":\"https:\/\/secure.gravatar.com\/avatar\/4bad9bf1bee90f77b98693d3ad03ade085c80c169595427c58c58e5b069f49e1?s=96&d=mm&r=g\",\"caption\":\"Schloss Torgelow\"},\"sameAs\":[\"https:\/\/www.schlosstorgelow.de\"]}]}<\/script>\n<!-- \/ Yoast SEO plugin. -->","yoast_head_json":{"title":"Metamorfosis en la materia fen\u00f3menos naturales","description":"Cuando la naturaleza despierta, la ense\u00f1anza cobra vida: en 6\u00ba, la metamorfosis fue el tema central en Ciencias Naturales.","robots":{"index":"index","follow":"follow","max-snippet":"max-snippet:-1","max-image-preview":"max-image-preview:large","max-video-preview":"max-video-preview:-1"},"canonical":"https:\/\/www.schlosstorgelow.de\/es\/metamorfosis-en-la-materia-fenomenos-naturales-muchas-pequenas-maravillas","og_locale":"es_ES","og_type":"article","og_title":"Metamorfosis en la materia fen\u00f3menos naturales","og_description":"Cuando la naturaleza despierta, la ense\u00f1anza cobra vida: en 6\u00ba, la metamorfosis fue el tema central en Ciencias Naturales.","og_url":"https:\/\/www.schlosstorgelow.de\/es\/metamorfosis-en-la-materia-fenomenos-naturales-muchas-pequenas-maravillas","og_site_name":"Schloss Torgelow","article_published_time":"2025-04-24T13:39:55+00:00","article_modified_time":"2026-01-29T07:46:56+00:00","author":"Schloss Torgelow","twitter_card":"summary_large_image","twitter_misc":{"Escrito por":"Schloss Torgelow","Tiempo de lectura":"2 minutos"},"schema":{"@context":"https:\/\/schema.org","@graph":[{"@type":"Article","@id":"https:\/\/www.schlosstorgelow.de\/es\/metamorfosis-en-la-materia-fenomenos-naturales-muchas-pequenas-maravillas#article","isPartOf":{"@id":"https:\/\/www.schlosstorgelow.de\/es\/metamorfosis-en-la-materia-fenomenos-naturales-muchas-pequenas-maravillas"},"author":{"name":"Schloss Torgelow","@id":"https:\/\/www.schlosstorgelow.de\/es#\/schema\/person\/b76bbb367f3a20c7ced1339e4875691e"},"headline":"Metamorfosis en la materia fen\u00f3menos naturales &#8211; muchas peque\u00f1as maravillas","datePublished":"2025-04-24T13:39:55+00:00","dateModified":"2026-01-29T07:46:56+00:00","mainEntityOfPage":{"@id":"https:\/\/www.schlosstorgelow.de\/es\/metamorfosis-en-la-materia-fenomenos-naturales-muchas-pequenas-maravillas"},"wordCount":411,"image":{"@id":"https:\/\/www.schlosstorgelow.de\/es\/metamorfosis-en-la-materia-fenomenos-naturales-muchas-pequenas-maravillas#primaryimage"},"thumbnailUrl":"https:\/\/www.schlosstorgelow.de\/wp-content\/uploads\/2025\/07\/schmetterlingserwachen_header_st.avif","articleSection":["Noticias de Torgelow"],"inLanguage":"es"},{"@type":"WebPage","@id":"https:\/\/www.schlosstorgelow.de\/es\/metamorfosis-en-la-materia-fenomenos-naturales-muchas-pequenas-maravillas#webpage","url":"https:\/\/www.schlosstorgelow.de\/es\/metamorfosis-en-la-materia-fenomenos-naturales-muchas-pequenas-maravillas","name":"Metamorfosis en la materia fen\u00f3menos naturales","isPartOf":{"@id":"https:\/\/www.schlosstorgelow.de\/es#website"},"primaryImageOfPage":{"@id":"https:\/\/www.schlosstorgelow.de\/es\/metamorfosis-en-la-materia-fenomenos-naturales-muchas-pequenas-maravillas#primaryimage"},"image":{"@id":"https:\/\/www.schlosstorgelow.de\/es\/metamorfosis-en-la-materia-fenomenos-naturales-muchas-pequenas-maravillas#primaryimage"},"thumbnailUrl":"https:\/\/www.schlosstorgelow.de\/wp-content\/uploads\/2025\/07\/schmetterlingserwachen_header_st.avif","datePublished":"2025-04-24T13:39:55+00:00","dateModified":"2026-01-29T07:46:56+00:00","author":{"@id":"https:\/\/www.schlosstorgelow.de\/es#\/schema\/person\/b76bbb367f3a20c7ced1339e4875691e"},"description":"Cuando la naturaleza despierta, la ense\u00f1anza cobra vida: en 6\u00ba, la metamorfosis fue el tema central en Ciencias Naturales.","breadcrumb":{"@id":"https:\/\/www.schlosstorgelow.de\/es\/metamorfosis-en-la-materia-fenomenos-naturales-muchas-pequenas-maravillas#breadcrumb"},"inLanguage":"es","potentialAction":[{"@type":"ReadAction","target":["https:\/\/www.schlosstorgelow.de\/es\/metamorfosis-en-la-materia-fenomenos-naturales-muchas-pequenas-maravillas"]}]},{"@type":"ImageObject","inLanguage":"es","@id":"https:\/\/www.schlosstorgelow.de\/es\/metamorfosis-en-la-materia-fenomenos-naturales-muchas-pequenas-maravillas#primaryimage","url":"https:\/\/www.schlosstorgelow.de\/wp-content\/uploads\/2025\/07\/schmetterlingserwachen_header_st.avif","contentUrl":"https:\/\/www.schlosstorgelow.de\/wp-content\/uploads\/2025\/07\/schmetterlingserwachen_header_st.avif","width":1920,"height":1080,"caption":"Metamorfosis en la materia fen\u00f3menos naturales - muchas peque\u00f1as maravillas"},{"@type":"BreadcrumbList","@id":"https:\/\/www.schlosstorgelow.de\/es\/metamorfosis-en-la-materia-fenomenos-naturales-muchas-pequenas-maravillas#breadcrumb","itemListElement":[{"@type":"ListItem","position":1,"name":"Startseite","item":"https:\/\/www.schlosstorgelow.de\/es"},{"@type":"ListItem","position":2,"name":"Metamorfosis en la materia fen\u00f3menos naturales &#8211; muchas peque\u00f1as maravillas"}]},{"@type":"WebSite","@id":"https:\/\/www.schlosstorgelow.de\/es#website","url":"https:\/\/www.schlosstorgelow.de\/es","name":"Schloss Torgelow","description":"El internado privado Schloss Torgelow: el internado para alumnos que buscan un reto.","potentialAction":[{"@type":"SearchAction","target":{"@type":"EntryPoint","urlTemplate":"https:\/\/www.schlosstorgelow.de\/es?s={search_term_string}"},"query-input":{"@type":"PropertyValueSpecification","valueRequired":true,"valueName":"search_term_string"}}],"inLanguage":"es"},{"@type":"Person","@id":"https:\/\/www.schlosstorgelow.de\/es#\/schema\/person\/b76bbb367f3a20c7ced1339e4875691e","name":"Schloss Torgelow","image":{"@type":"ImageObject","inLanguage":"es","@id":"https:\/\/www.schlosstorgelow.de\/es#\/schema\/person\/image\/","url":"https:\/\/secure.gravatar.com\/avatar\/4bad9bf1bee90f77b98693d3ad03ade085c80c169595427c58c58e5b069f49e1?s=96&d=mm&r=g","contentUrl":"https:\/\/secure.gravatar.com\/avatar\/4bad9bf1bee90f77b98693d3ad03ade085c80c169595427c58c58e5b069f49e1?s=96&d=mm&r=g","caption":"Schloss Torgelow"},"sameAs":["https:\/\/www.schlosstorgelow.de"]}]}},"block_visibility_meta":[],"_links":{"self":[{"href":"https:\/\/www.schlosstorgelow.de\/es\/wp-json\/wp\/v2\/posts\/82576","targetHints":{"allow":["GET"]}}],"collection":[{"href":"https:\/\/www.schlosstorgelow.de\/es\/wp-json\/wp\/v2\/posts"}],"about":[{"href":"https:\/\/www.schlosstorgelow.de\/es\/wp-json\/wp\/v2\/types\/post"}],"author":[{"embeddable":true,"href":"https:\/\/www.schlosstorgelow.de\/es\/wp-json\/wp\/v2\/users\/1"}],"replies":[{"embeddable":true,"href":"https:\/\/www.schlosstorgelow.de\/es\/wp-json\/wp\/v2\/comments?post=82576"}],"version-history":[{"count":0,"href":"https:\/\/www.schlosstorgelow.de\/es\/wp-json\/wp\/v2\/posts\/82576\/revisions"}],"wp:featuredmedia":[{"embeddable":true,"href":"https:\/\/www.schlosstorgelow.de\/es\/wp-json\/wp\/v2\/media\/44305"}],"wp:attachment":[{"href":"https:\/\/www.schlosstorgelow.de\/es\/wp-json\/wp\/v2\/media?parent=82576"}],"wp:term":[{"taxonomy":"category","embeddable":true,"href":"https:\/\/www.schlosstorgelow.de\/es\/wp-json\/wp\/v2\/categories?post=82576"},{"taxonomy":"post_tag","embeddable":true,"href":"https:\/\/www.schlosstorgelow.de\/es\/wp-json\/wp\/v2\/tags?post=82576"}],"curies":[{"name":"wp","href":"https:\/\/api.w.org\/{rel}","templated":true}]}}