{"id":82574,"date":"2025-04-24T13:43:07","date_gmt":"2025-04-24T13:43:07","guid":{"rendered":"https:\/\/www.schlosstorgelow.de\/exitoso-en-el-23-campeonato-de-memoria-del-norte-de-alemania"},"modified":"2026-01-29T08:50:39","modified_gmt":"2026-01-29T07:50:39","slug":"exitoso-en-el-23-campeonato-de-memoria-del-norte-de-alemania","status":"publish","type":"post","link":"https:\/\/www.schlosstorgelow.de\/es\/exitoso-en-el-23-campeonato-de-memoria-del-norte-de-alemania","title":{"rendered":"Exitoso en el 23. Campeonato de Memoria del Norte de Alemania"},"content":{"rendered":"\n<p><i>El pasado fin de semana se celebr\u00f3 en Berenbostel, cerca de Hannover, el 23\u00ba Campeonato de Memoria del Norte de Alemania. En esta exigente prueba mental de heptatl\u00f3n, los participantes tuvieron que demostrar su memoria en diversas disciplinas. Esto incluy\u00f3 recordar fechas hist\u00f3ricas, rostros, palabras e im\u00e1genes. Por supuesto, estuvimos presentes con nuestros j\u00f3venes talentos.   <\/i><\/p>\n\n<p>Tambi\u00e9n el internado Schloss Torgelow contaba con tres talentosos participantes. Rosa y Oscar, ambos novatos con apenas unos meses de entrenamiento, pudieron estar bastante satisfechos con sus actuaciones. Obtuvieron valiosas experiencias en competici\u00f3n y mostraron progresos prometedores.  <\/p>\n\n<p>Particularmente destac\u00f3 Trajan en la categor\u00eda juvenil. Despu\u00e9s de la primera disciplina, ocupaba el cuarto lugar, pero se fue acercando continuamente. Al final de la jornada de competici\u00f3n, marc\u00f3 una fuerte se\u00f1al con actuaciones sobresalientes: en la disciplina de fechas hist\u00f3ricas alcanz\u00f3 el segundo lugar, mientras que en el memorizar cartas se asegur\u00f3 incluso el mejor puesto en su rango. As\u00ed, Trajan se llev\u00f3 merecidamente la medalla de plata y se alegr\u00f3 enormemente por su \u00e9xito.   <\/p>\n\n<p>La exitosa participaci\u00f3n del Schloss Torgelow demuestra una vez m\u00e1s que el entrenamiento de memoria espec\u00edfico puede lograr resultados impresionantes. Los j\u00f3venes talentos ya se han probado como prometedoras esperanzas en el deporte de la memoria. <\/p>\n","protected":false},"excerpt":{"rendered":"<p>El pasado fin de semana se llev\u00f3 a cabo el 23\u00ba Campeonato de Memoria del Norte de Alemania. Nuestros j\u00f3venes talentos de la memoria tuvieron un exitoso desempe\u00f1o. <\/p>\n","protected":false},"author":1,"featured_media":67454,"comment_status":"closed","ping_status":"closed","sticky":false,"template":"","format":"standard","meta":{"_acf_changed":false,"_yoast_wpseo_title":"Exitoso en el 23. Campeonato de Memoria del Norte de Alemania","_yoast_wpseo_metadesc":"El pasado fin de semana se celebr\u00f3 el 23.\u00ba Campeonato de Memoria del Norte de Alemania con participaci\u00f3n de nuestros j\u00f3venes talentos.","excerpt":"El pasado fin de semana se celebr\u00f3 el 23.\u00ba Campeonato de Memoria del Norte de Alemania con participaci\u00f3n de nuestros j\u00f3venes talentos. ","footnotes":""},"categories":[32],"tags":[],"class_list":{"0":"post-82574","1":"post","2":"type-post","3":"status-publish","4":"format-standard","5":"has-post-thumbnail","7":"category-noticias-de-torgelow"},"acf":[],"yoast_head":"<!-- This site is optimized with the Yoast SEO plugin v26.9 - https:\/\/yoast.com\/product\/yoast-seo-wordpress\/ -->\n<title>Exitoso en el 23. Campeonato de Memoria del Norte de Alemania<\/title>\n<meta name=\"description\" content=\"El pasado fin de semana se celebr\u00f3 el 23.\u00ba Campeonato de Memoria del Norte de Alemania con participaci\u00f3n de nuestros j\u00f3venes talentos.\" \/>\n<meta name=\"robots\" content=\"index, follow, max-snippet:-1, max-image-preview:large, max-video-preview:-1\" \/>\n<link rel=\"canonical\" href=\"https:\/\/www.schlosstorgelow.de\/es\/exitoso-en-el-23-campeonato-de-memoria-del-norte-de-alemania\" \/>\n<meta property=\"og:locale\" content=\"es_ES\" \/>\n<meta property=\"og:type\" content=\"article\" \/>\n<meta property=\"og:title\" content=\"Exitoso en el 23. Campeonato de Memoria del Norte de Alemania\" \/>\n<meta property=\"og:description\" content=\"El pasado fin de semana se celebr\u00f3 el 23.\u00ba Campeonato de Memoria del Norte de Alemania con participaci\u00f3n de nuestros j\u00f3venes talentos.\" \/>\n<meta property=\"og:url\" content=\"https:\/\/www.schlosstorgelow.de\/es\/exitoso-en-el-23-campeonato-de-memoria-del-norte-de-alemania\" \/>\n<meta property=\"og:site_name\" content=\"Schloss Torgelow\" \/>\n<meta property=\"article:published_time\" content=\"2025-04-24T13:43:07+00:00\" \/>\n<meta property=\"article:modified_time\" content=\"2026-01-29T07:50:39+00:00\" \/>\n<meta name=\"author\" content=\"Schloss Torgelow\" \/>\n<meta name=\"twitter:card\" content=\"summary_large_image\" \/>\n<meta name=\"twitter:label1\" content=\"Escrito por\" \/>\n\t<meta name=\"twitter:data1\" content=\"Schloss Torgelow\" \/>\n\t<meta name=\"twitter:label2\" content=\"Tiempo de lectura\" \/>\n\t<meta name=\"twitter:data2\" content=\"1 minuto\" \/>\n<script type=\"application\/ld+json\" class=\"yoast-schema-graph\">{\"@context\":\"https:\/\/schema.org\",\"@graph\":[{\"@type\":\"Article\",\"@id\":\"https:\/\/www.schlosstorgelow.de\/es\/exitoso-en-el-23-campeonato-de-memoria-del-norte-de-alemania#article\",\"isPartOf\":{\"@id\":\"https:\/\/www.schlosstorgelow.de\/es\/exitoso-en-el-23-campeonato-de-memoria-del-norte-de-alemania\"},\"author\":{\"name\":\"Schloss Torgelow\",\"@id\":\"https:\/\/www.schlosstorgelow.de\/es#\/schema\/person\/b76bbb367f3a20c7ced1339e4875691e\"},\"headline\":\"Exitoso en el 23. Campeonato de Memoria del Norte de Alemania\",\"datePublished\":\"2025-04-24T13:43:07+00:00\",\"dateModified\":\"2026-01-29T07:50:39+00:00\",\"mainEntityOfPage\":{\"@id\":\"https:\/\/www.schlosstorgelow.de\/es\/exitoso-en-el-23-campeonato-de-memoria-del-norte-de-alemania\"},\"wordCount\":228,\"image\":{\"@id\":\"https:\/\/www.schlosstorgelow.de\/es\/exitoso-en-el-23-campeonato-de-memoria-del-norte-de-alemania#primaryimage\"},\"thumbnailUrl\":\"https:\/\/www.schlosstorgelow.de\/wp-content\/uploads\/2025\/08\/ndg-2025_header_st.avif\",\"articleSection\":[\"Noticias de Torgelow\"],\"inLanguage\":\"es\"},{\"@type\":\"WebPage\",\"@id\":\"https:\/\/www.schlosstorgelow.de\/es\/exitoso-en-el-23-campeonato-de-memoria-del-norte-de-alemania#webpage\",\"url\":\"https:\/\/www.schlosstorgelow.de\/es\/exitoso-en-el-23-campeonato-de-memoria-del-norte-de-alemania\",\"name\":\"Exitoso en el 23. Campeonato de Memoria del Norte de Alemania\",\"isPartOf\":{\"@id\":\"https:\/\/www.schlosstorgelow.de\/es#website\"},\"primaryImageOfPage\":{\"@id\":\"https:\/\/www.schlosstorgelow.de\/es\/exitoso-en-el-23-campeonato-de-memoria-del-norte-de-alemania#primaryimage\"},\"image\":{\"@id\":\"https:\/\/www.schlosstorgelow.de\/es\/exitoso-en-el-23-campeonato-de-memoria-del-norte-de-alemania#primaryimage\"},\"thumbnailUrl\":\"https:\/\/www.schlosstorgelow.de\/wp-content\/uploads\/2025\/08\/ndg-2025_header_st.avif\",\"datePublished\":\"2025-04-24T13:43:07+00:00\",\"dateModified\":\"2026-01-29T07:50:39+00:00\",\"author\":{\"@id\":\"https:\/\/www.schlosstorgelow.de\/es#\/schema\/person\/b76bbb367f3a20c7ced1339e4875691e\"},\"description\":\"El pasado fin de semana se celebr\u00f3 el 23.\u00ba Campeonato de Memoria del Norte de Alemania con participaci\u00f3n de nuestros j\u00f3venes talentos.\",\"breadcrumb\":{\"@id\":\"https:\/\/www.schlosstorgelow.de\/es\/exitoso-en-el-23-campeonato-de-memoria-del-norte-de-alemania#breadcrumb\"},\"inLanguage\":\"es\",\"potentialAction\":[{\"@type\":\"ReadAction\",\"target\":[\"https:\/\/www.schlosstorgelow.de\/es\/exitoso-en-el-23-campeonato-de-memoria-del-norte-de-alemania\"]}]},{\"@type\":\"ImageObject\",\"inLanguage\":\"es\",\"@id\":\"https:\/\/www.schlosstorgelow.de\/es\/exitoso-en-el-23-campeonato-de-memoria-del-norte-de-alemania#primaryimage\",\"url\":\"https:\/\/www.schlosstorgelow.de\/wp-content\/uploads\/2025\/08\/ndg-2025_header_st.avif\",\"contentUrl\":\"https:\/\/www.schlosstorgelow.de\/wp-content\/uploads\/2025\/08\/ndg-2025_header_st.avif\",\"width\":1920,\"height\":1080,\"caption\":\"Exitoso en el 23. Campeonato de Memoria del Norte de Alemania.\"},{\"@type\":\"BreadcrumbList\",\"@id\":\"https:\/\/www.schlosstorgelow.de\/es\/exitoso-en-el-23-campeonato-de-memoria-del-norte-de-alemania#breadcrumb\",\"itemListElement\":[{\"@type\":\"ListItem\",\"position\":1,\"name\":\"Startseite\",\"item\":\"https:\/\/www.schlosstorgelow.de\/es\"},{\"@type\":\"ListItem\",\"position\":2,\"name\":\"Exitoso en el 23. Campeonato de Memoria del Norte de Alemania\"}]},{\"@type\":\"WebSite\",\"@id\":\"https:\/\/www.schlosstorgelow.de\/es#website\",\"url\":\"https:\/\/www.schlosstorgelow.de\/es\",\"name\":\"Schloss Torgelow\",\"description\":\"El internado privado Schloss Torgelow: el internado para alumnos que buscan un reto.\",\"potentialAction\":[{\"@type\":\"SearchAction\",\"target\":{\"@type\":\"EntryPoint\",\"urlTemplate\":\"https:\/\/www.schlosstorgelow.de\/es?s={search_term_string}\"},\"query-input\":{\"@type\":\"PropertyValueSpecification\",\"valueRequired\":true,\"valueName\":\"search_term_string\"}}],\"inLanguage\":\"es\"},{\"@type\":\"Person\",\"@id\":\"https:\/\/www.schlosstorgelow.de\/es#\/schema\/person\/b76bbb367f3a20c7ced1339e4875691e\",\"name\":\"Schloss Torgelow\",\"image\":{\"@type\":\"ImageObject\",\"inLanguage\":\"es\",\"@id\":\"https:\/\/www.schlosstorgelow.de\/es#\/schema\/person\/image\/\",\"url\":\"https:\/\/secure.gravatar.com\/avatar\/4bad9bf1bee90f77b98693d3ad03ade085c80c169595427c58c58e5b069f49e1?s=96&d=mm&r=g\",\"contentUrl\":\"https:\/\/secure.gravatar.com\/avatar\/4bad9bf1bee90f77b98693d3ad03ade085c80c169595427c58c58e5b069f49e1?s=96&d=mm&r=g\",\"caption\":\"Schloss Torgelow\"},\"sameAs\":[\"https:\/\/www.schlosstorgelow.de\"]}]}<\/script>\n<!-- \/ Yoast SEO plugin. -->","yoast_head_json":{"title":"Exitoso en el 23. Campeonato de Memoria del Norte de Alemania","description":"El pasado fin de semana se celebr\u00f3 el 23.\u00ba Campeonato de Memoria del Norte de Alemania con participaci\u00f3n de nuestros j\u00f3venes talentos.","robots":{"index":"index","follow":"follow","max-snippet":"max-snippet:-1","max-image-preview":"max-image-preview:large","max-video-preview":"max-video-preview:-1"},"canonical":"https:\/\/www.schlosstorgelow.de\/es\/exitoso-en-el-23-campeonato-de-memoria-del-norte-de-alemania","og_locale":"es_ES","og_type":"article","og_title":"Exitoso en el 23. Campeonato de Memoria del Norte de Alemania","og_description":"El pasado fin de semana se celebr\u00f3 el 23.\u00ba Campeonato de Memoria del Norte de Alemania con participaci\u00f3n de nuestros j\u00f3venes talentos.","og_url":"https:\/\/www.schlosstorgelow.de\/es\/exitoso-en-el-23-campeonato-de-memoria-del-norte-de-alemania","og_site_name":"Schloss Torgelow","article_published_time":"2025-04-24T13:43:07+00:00","article_modified_time":"2026-01-29T07:50:39+00:00","author":"Schloss Torgelow","twitter_card":"summary_large_image","twitter_misc":{"Escrito por":"Schloss Torgelow","Tiempo de lectura":"1 minuto"},"schema":{"@context":"https:\/\/schema.org","@graph":[{"@type":"Article","@id":"https:\/\/www.schlosstorgelow.de\/es\/exitoso-en-el-23-campeonato-de-memoria-del-norte-de-alemania#article","isPartOf":{"@id":"https:\/\/www.schlosstorgelow.de\/es\/exitoso-en-el-23-campeonato-de-memoria-del-norte-de-alemania"},"author":{"name":"Schloss Torgelow","@id":"https:\/\/www.schlosstorgelow.de\/es#\/schema\/person\/b76bbb367f3a20c7ced1339e4875691e"},"headline":"Exitoso en el 23. Campeonato de Memoria del Norte de Alemania","datePublished":"2025-04-24T13:43:07+00:00","dateModified":"2026-01-29T07:50:39+00:00","mainEntityOfPage":{"@id":"https:\/\/www.schlosstorgelow.de\/es\/exitoso-en-el-23-campeonato-de-memoria-del-norte-de-alemania"},"wordCount":228,"image":{"@id":"https:\/\/www.schlosstorgelow.de\/es\/exitoso-en-el-23-campeonato-de-memoria-del-norte-de-alemania#primaryimage"},"thumbnailUrl":"https:\/\/www.schlosstorgelow.de\/wp-content\/uploads\/2025\/08\/ndg-2025_header_st.avif","articleSection":["Noticias de Torgelow"],"inLanguage":"es"},{"@type":"WebPage","@id":"https:\/\/www.schlosstorgelow.de\/es\/exitoso-en-el-23-campeonato-de-memoria-del-norte-de-alemania#webpage","url":"https:\/\/www.schlosstorgelow.de\/es\/exitoso-en-el-23-campeonato-de-memoria-del-norte-de-alemania","name":"Exitoso en el 23. Campeonato de Memoria del Norte de Alemania","isPartOf":{"@id":"https:\/\/www.schlosstorgelow.de\/es#website"},"primaryImageOfPage":{"@id":"https:\/\/www.schlosstorgelow.de\/es\/exitoso-en-el-23-campeonato-de-memoria-del-norte-de-alemania#primaryimage"},"image":{"@id":"https:\/\/www.schlosstorgelow.de\/es\/exitoso-en-el-23-campeonato-de-memoria-del-norte-de-alemania#primaryimage"},"thumbnailUrl":"https:\/\/www.schlosstorgelow.de\/wp-content\/uploads\/2025\/08\/ndg-2025_header_st.avif","datePublished":"2025-04-24T13:43:07+00:00","dateModified":"2026-01-29T07:50:39+00:00","author":{"@id":"https:\/\/www.schlosstorgelow.de\/es#\/schema\/person\/b76bbb367f3a20c7ced1339e4875691e"},"description":"El pasado fin de semana se celebr\u00f3 el 23.\u00ba Campeonato de Memoria del Norte de Alemania con participaci\u00f3n de nuestros j\u00f3venes talentos.","breadcrumb":{"@id":"https:\/\/www.schlosstorgelow.de\/es\/exitoso-en-el-23-campeonato-de-memoria-del-norte-de-alemania#breadcrumb"},"inLanguage":"es","potentialAction":[{"@type":"ReadAction","target":["https:\/\/www.schlosstorgelow.de\/es\/exitoso-en-el-23-campeonato-de-memoria-del-norte-de-alemania"]}]},{"@type":"ImageObject","inLanguage":"es","@id":"https:\/\/www.schlosstorgelow.de\/es\/exitoso-en-el-23-campeonato-de-memoria-del-norte-de-alemania#primaryimage","url":"https:\/\/www.schlosstorgelow.de\/wp-content\/uploads\/2025\/08\/ndg-2025_header_st.avif","contentUrl":"https:\/\/www.schlosstorgelow.de\/wp-content\/uploads\/2025\/08\/ndg-2025_header_st.avif","width":1920,"height":1080,"caption":"Exitoso en el 23. Campeonato de Memoria del Norte de Alemania."},{"@type":"BreadcrumbList","@id":"https:\/\/www.schlosstorgelow.de\/es\/exitoso-en-el-23-campeonato-de-memoria-del-norte-de-alemania#breadcrumb","itemListElement":[{"@type":"ListItem","position":1,"name":"Startseite","item":"https:\/\/www.schlosstorgelow.de\/es"},{"@type":"ListItem","position":2,"name":"Exitoso en el 23. Campeonato de Memoria del Norte de Alemania"}]},{"@type":"WebSite","@id":"https:\/\/www.schlosstorgelow.de\/es#website","url":"https:\/\/www.schlosstorgelow.de\/es","name":"Schloss Torgelow","description":"El internado privado Schloss Torgelow: el internado para alumnos que buscan un reto.","potentialAction":[{"@type":"SearchAction","target":{"@type":"EntryPoint","urlTemplate":"https:\/\/www.schlosstorgelow.de\/es?s={search_term_string}"},"query-input":{"@type":"PropertyValueSpecification","valueRequired":true,"valueName":"search_term_string"}}],"inLanguage":"es"},{"@type":"Person","@id":"https:\/\/www.schlosstorgelow.de\/es#\/schema\/person\/b76bbb367f3a20c7ced1339e4875691e","name":"Schloss Torgelow","image":{"@type":"ImageObject","inLanguage":"es","@id":"https:\/\/www.schlosstorgelow.de\/es#\/schema\/person\/image\/","url":"https:\/\/secure.gravatar.com\/avatar\/4bad9bf1bee90f77b98693d3ad03ade085c80c169595427c58c58e5b069f49e1?s=96&d=mm&r=g","contentUrl":"https:\/\/secure.gravatar.com\/avatar\/4bad9bf1bee90f77b98693d3ad03ade085c80c169595427c58c58e5b069f49e1?s=96&d=mm&r=g","caption":"Schloss Torgelow"},"sameAs":["https:\/\/www.schlosstorgelow.de"]}]}},"block_visibility_meta":[],"_links":{"self":[{"href":"https:\/\/www.schlosstorgelow.de\/es\/wp-json\/wp\/v2\/posts\/82574","targetHints":{"allow":["GET"]}}],"collection":[{"href":"https:\/\/www.schlosstorgelow.de\/es\/wp-json\/wp\/v2\/posts"}],"about":[{"href":"https:\/\/www.schlosstorgelow.de\/es\/wp-json\/wp\/v2\/types\/post"}],"author":[{"embeddable":true,"href":"https:\/\/www.schlosstorgelow.de\/es\/wp-json\/wp\/v2\/users\/1"}],"replies":[{"embeddable":true,"href":"https:\/\/www.schlosstorgelow.de\/es\/wp-json\/wp\/v2\/comments?post=82574"}],"version-history":[{"count":0,"href":"https:\/\/www.schlosstorgelow.de\/es\/wp-json\/wp\/v2\/posts\/82574\/revisions"}],"wp:featuredmedia":[{"embeddable":true,"href":"https:\/\/www.schlosstorgelow.de\/es\/wp-json\/wp\/v2\/media\/67454"}],"wp:attachment":[{"href":"https:\/\/www.schlosstorgelow.de\/es\/wp-json\/wp\/v2\/media?parent=82574"}],"wp:term":[{"taxonomy":"category","embeddable":true,"href":"https:\/\/www.schlosstorgelow.de\/es\/wp-json\/wp\/v2\/categories?post=82574"},{"taxonomy":"post_tag","embeddable":true,"href":"https:\/\/www.schlosstorgelow.de\/es\/wp-json\/wp\/v2\/tags?post=82574"}],"curies":[{"name":"wp","href":"https:\/\/api.w.org\/{rel}","templated":true}]}}