{"id":82566,"date":"2025-05-27T07:27:54","date_gmt":"2025-05-27T07:27:54","guid":{"rendered":"https:\/\/www.schlosstorgelow.de\/con-exam-ai-a-la-final-el-castillo-de-torgelow-convence-en-businessschool"},"modified":"2026-01-27T16:23:30","modified_gmt":"2026-01-27T16:23:30","slug":"con-exam-ai-a-la-final-el-schloss-torgelow-convence-en-businessschool","status":"publish","type":"post","link":"https:\/\/www.schlosstorgelow.de\/es\/con-exam-ai-a-la-final-el-schloss-torgelow-convence-en-businessschool","title":{"rendered":"Con EXAM.AI a la final: el Schloss Torgelow convence en business@school"},"content":{"rendered":"\n<p><i>Creativo, seguro y orientado al futuro: as\u00ed se present\u00f3 el equipo del Schloss Torgelow en la fase regional de<\/i> <a href=\"https:\/\/www.businessatschool.de\/de\/startseite\">business@school<\/a>.<i> en Berl\u00edn. Aunque al final no se alcanz\u00f3 el primer lugar, la presentaci\u00f3n de la idea de negocio EXAM.AI fue un verdadero destaque y una fuerte se\u00f1al de lo que los j\u00f3venes pueden lograr con curiosidad, conocimiento especializado y trabajo en equipo. <\/i><\/p>\n\n<p>Carlotta (19), Maximilian (17), Leonid (17) y Johann (18) desarrollaron en meses de trabajo la idea de negocio para EXAM.AI &#8211; una aplicaci\u00f3n impulsada por inteligencia artificial para la preparaci\u00f3n realista de los ex\u00e1menes orales de Bachillerato. La aplicaci\u00f3n simula situaciones t\u00edpicas de examen, crea preguntas personalizadas y ofrece feedback fundamentado. Un concepto innovador que impresion\u00f3 visiblemente al jurado.  <\/p>\n\n<p>Con un pitch claramente estructurado, un plan de negocios bien pensado y una convincente ronda de preguntas, en la que el equipo tuvo una respuesta fundamentada para cada duda, los estudiantes de Torgelow demostraron de lo que son capaces. EXAM.AI no solo estaba t\u00e9cnicamente bien pensado, sino tambi\u00e9n muy elaborado en an\u00e1lisis de mercado, enfoque en el p\u00fablico objetivo y potencial de crecimiento. <\/p>\n\n<figure class=\"wp-block-embed is-type-video is-provider-vimeo wp-block-embed-vimeo\"><div class=\"wp-block-embed__wrapper\">\n\n    <div class=\"video-facade content-video-facade\" data-video-id=\"1089076272\" data-provider=\"vimeo\" data-original-iframe=\"&lt;iframe title=&quot;Exam.AI&quot; src=&quot;https:\/\/player.vimeo.com\/video\/1089076272?dnt=1&amp;app_id=122963&#038;dnt=1&quot; width=&quot;640&quot; height=&quot;362&quot; frameborder=&quot;0&quot; allow=&quot;autoplay; fullscreen; picture-in-picture; clipboard-write; encrypted-media; web-share&quot; referrerpolicy=&quot;strict-origin-when-cross-origin&quot;&gt;&lt;\/iframe&gt;\" width=\"640\" height=\"362\">\n        <img decoding=\"async\" src=\"https:\/\/i.vimeocdn.com\/video\/2021439818-48a6dcbf1461e4ac5afe61c24bc8aa52c3a5a2fdef4336837799383d61839292-d?region=us&#038;mw=1280&#038;mh=720&#038;q=100\" alt=\"Video thumbnail\" loading=\"lazy\">\n        <button class=\"video-play-button\" aria-label=\"Play video\">\n            <svg width=\"68\" height=\"48\" viewBox=\"0 0 68 48\"><path d=\"M66.52 7.74c-.78-2.93-2.49-5.41-5.42-6.19C55.79.13 34 0 34 0S12.21.13 6.9 1.55c-2.93.78-4.63 3.26-5.42 6.19C.06 13.05 0 24 0 24s.06 10.95 1.48 16.26c.78 2.93 2.49 5.41 5.42 6.19C12.21 47.87 34 48 34 48s21.79-.13 27.1-1.55c2.93-.78 4.64-3.26 5.42-6.19C67.94 34.95 68 24 68 24s-.06-10.95-1.48-16.26z\" fill=\"red\"\/><path d=\"M45 24L27 14v20\" fill=\"white\"\/><\/svg>\n        <\/button>\n        <div class=\"video-consent-notice\" style=\"display: none;\">\n            <p class=\"video-consent-text first-attempt\">To watch the video, you need to accept cookies.<\/p>\n            <p class=\"video-consent-text try-again\">Cookies have not been accepted yet. Please accept cookies first and try again.<\/p>\n            <button class=\"check-cookies-btn\">Check Cookies<\/button>\n        <\/div>\n    <\/div>\n<\/div><\/figure>\n\n<p>El primer lugar fue para un equipo de Berl\u00edn, que impresion\u00f3 con una funda de l\u00e1pices modular (\u00abModCase\u00bb). Pero, aunque EXAM.AI perdi\u00f3 por poco al final, sigue la convicci\u00f3n: esta idea tiene futuro. Para nuestro internado, esta presentaci\u00f3n fue un momento especial, ya que demuestra hasta d\u00f3nde pueden llegar las alumnas y alumnos cuando \u00abarman pasi\u00f3n\u00bb por una idea.<\/p>\n\n<p><strong>El jurado en Berl\u00edn<\/strong><\/p>\n\n<p>El jurado de siete miembros estaba compuesto por l\u00edderes experimentados en los campos de negocio, digitalizaci\u00f3n y educaci\u00f3n. Escuch\u00f3 atentamente, hizo preguntas cr\u00edticas y se mostr\u00f3 impresionado por la profesionalidad de los equipos: <\/p>\n\n<p>Alexander Karst (Director general, Lufthansa InTouch)<br\/>Anne Moulen (Directora general, Co-CEO, cleverly edu GmbH)<br\/>Nicolas Colsman (Director ejecutivo, Zukunft Digitale Bildung gGmbH)<br\/>Nicolas Albrecht (Director ejecutivo y miembro del consejo, CargoBeamer AG)<br\/>Prof. Dr. Cordula Meckenstock (Co-CEO, lawpilots GmbH)<br\/>Dr. Andr\u00e9 Heeg (Director general y socio, BCG X)<br\/>Domenik Fox (Fundador y director general, hellomateo)<\/p>\n\n<p><strong>business@school \u2013 Experimenta la econom\u00eda, piensa en el emprendimiento<\/strong><\/p>\n\n<p>El concurso business@school es una iniciativa educativa de <a href=\"https:\/\/www.bcg.com\/\">Boston Consulting Group (BCG)<\/a>, en la que participan anualmente m\u00e1s de 1,000 estudiantes de alrededor de 70 escuelas. En tres fases, aprenden a analizar contextos econ\u00f3micos, desarrollar modelos de negocio y, finalmente, presentar sus propias ideas empresariales. Son apoyados por profesores y m\u00e1s de 400 entrenadores voluntarios de empresas y de BCG.  <\/p>\n\n<p>El objetivo del proyecto es fomentar el pensamiento econ\u00f3mico, fortalecer el trabajo en equipo y hacer que la acci\u00f3n empresarial se viva de manera pr\u00e1ctica. En la final regional en Berl\u00edn, los mejores equipos de Berl\u00edn, Brandeburgo y Mecklemburgo-Pomerania Occidental se enfrentaron. Presentaron sus ideas ante un jurado de alto nivel del mundo empresarial y de startups, ideas que eran bien pensadas, creativas y orientadas al futuro. Lo que uni\u00f3 a todos los equipos fue el valor de presentarse ante un jurado con su propia idea, de manera profesional, convincente y con mucha pasi\u00f3n.   <\/p>\n\n<p><strong>\u00bfY c\u00f3mo sigue?<\/strong><\/p>\n\n<p>El Schloss Torgelow tambi\u00e9n estar\u00e1 presente el pr\u00f3ximo a\u00f1o. La anticipaci\u00f3n es grande, y en las cabezas de los pr\u00f3ximos equipos ya se est\u00e1 trabajando, generando ideas y planificando. Porque quien ha sentido una vez el esp\u00edritu empresarial sabe: la pr\u00f3xima buena idea llegar\u00e1 seguro.  <\/p>\n","protected":false},"excerpt":{"rendered":"<p>Creativo, seguro y orientado al futuro: as\u00ed se present\u00f3 el equipo del Schloss Torgelow en la final regional de business@school en Berl\u00edn.<\/p>\n","protected":false},"author":1,"featured_media":69317,"comment_status":"closed","ping_status":"closed","sticky":false,"template":"","format":"standard","meta":{"_acf_changed":false,"_yoast_wpseo_title":"EXAM.AI: Schloss Torgelow convence a business@school","_yoast_wpseo_metadesc":"Creativo, soberano y orientado al futuro: as\u00ed se present\u00f3 el equipo de Schloss Torgelow en la fase regional de business@school en Berl\u00edn.","excerpt":"Creativo, soberano y orientado al futuro: as\u00ed se present\u00f3 el equipo de Schloss Torgelow en la fase regional de business@school en Berl\u00edn.","footnotes":""},"categories":[32],"tags":[],"class_list":{"0":"post-82566","1":"post","2":"type-post","3":"status-publish","4":"format-standard","5":"has-post-thumbnail","7":"category-noticias-de-torgelow"},"acf":[],"yoast_head":"<!-- This site is optimized with the Yoast SEO plugin v26.9 - https:\/\/yoast.com\/product\/yoast-seo-wordpress\/ -->\n<title>EXAM.AI: Schloss Torgelow convence a business@school<\/title>\n<meta name=\"description\" content=\"Creativo, soberano y orientado al futuro: as\u00ed se present\u00f3 el equipo de Schloss Torgelow en la fase regional de business@school en Berl\u00edn.\" \/>\n<meta name=\"robots\" content=\"index, follow, max-snippet:-1, max-image-preview:large, max-video-preview:-1\" \/>\n<link rel=\"canonical\" href=\"https:\/\/www.schlosstorgelow.de\/es\/con-exam-ai-a-la-final-el-schloss-torgelow-convence-en-businessschool\" \/>\n<meta property=\"og:locale\" content=\"es_ES\" \/>\n<meta property=\"og:type\" content=\"article\" \/>\n<meta property=\"og:title\" content=\"EXAM.AI: Schloss Torgelow convence a business@school\" \/>\n<meta property=\"og:description\" content=\"Creativo, soberano y orientado al futuro: as\u00ed se present\u00f3 el equipo de Schloss Torgelow en la fase regional de business@school en Berl\u00edn.\" \/>\n<meta property=\"og:url\" content=\"https:\/\/www.schlosstorgelow.de\/es\/con-exam-ai-a-la-final-el-schloss-torgelow-convence-en-businessschool\" \/>\n<meta property=\"og:site_name\" content=\"Schloss Torgelow\" \/>\n<meta property=\"article:published_time\" content=\"2025-05-27T07:27:54+00:00\" \/>\n<meta property=\"article:modified_time\" content=\"2026-01-27T16:23:30+00:00\" \/>\n<meta name=\"author\" content=\"Schloss Torgelow\" \/>\n<meta name=\"twitter:card\" content=\"summary_large_image\" \/>\n<meta name=\"twitter:label1\" content=\"Escrito por\" \/>\n\t<meta name=\"twitter:data1\" content=\"Schloss Torgelow\" \/>\n\t<meta name=\"twitter:label2\" content=\"Tiempo de lectura\" \/>\n\t<meta name=\"twitter:data2\" content=\"3 minutos\" \/>\n<script type=\"application\/ld+json\" class=\"yoast-schema-graph\">{\"@context\":\"https:\/\/schema.org\",\"@graph\":[{\"@type\":\"Article\",\"@id\":\"https:\/\/www.schlosstorgelow.de\/es\/con-exam-ai-a-la-final-el-schloss-torgelow-convence-en-businessschool#article\",\"isPartOf\":{\"@id\":\"https:\/\/www.schlosstorgelow.de\/es\/con-exam-ai-a-la-final-el-schloss-torgelow-convence-en-businessschool\"},\"author\":{\"name\":\"Schloss Torgelow\",\"@id\":\"https:\/\/www.schlosstorgelow.de\/es#\/schema\/person\/b76bbb367f3a20c7ced1339e4875691e\"},\"headline\":\"Con EXAM.AI a la final: el Schloss Torgelow convence en business@school\",\"datePublished\":\"2025-05-27T07:27:54+00:00\",\"dateModified\":\"2026-01-27T16:23:30+00:00\",\"mainEntityOfPage\":{\"@id\":\"https:\/\/www.schlosstorgelow.de\/es\/con-exam-ai-a-la-final-el-schloss-torgelow-convence-en-businessschool\"},\"wordCount\":603,\"image\":{\"@id\":\"https:\/\/www.schlosstorgelow.de\/es\/con-exam-ai-a-la-final-el-schloss-torgelow-convence-en-businessschool#primaryimage\"},\"thumbnailUrl\":\"https:\/\/www.schlosstorgelow.de\/wp-content\/uploads\/2025\/05\/b40s-berlin-2025_header_st.avif\",\"articleSection\":[\"Noticias de Torgelow\"],\"inLanguage\":\"es\"},{\"@type\":\"WebPage\",\"@id\":\"https:\/\/www.schlosstorgelow.de\/es\/con-exam-ai-a-la-final-el-schloss-torgelow-convence-en-businessschool#webpage\",\"url\":\"https:\/\/www.schlosstorgelow.de\/es\/con-exam-ai-a-la-final-el-schloss-torgelow-convence-en-businessschool\",\"name\":\"EXAM.AI: Schloss Torgelow convence a business@school\",\"isPartOf\":{\"@id\":\"https:\/\/www.schlosstorgelow.de\/es#website\"},\"primaryImageOfPage\":{\"@id\":\"https:\/\/www.schlosstorgelow.de\/es\/con-exam-ai-a-la-final-el-schloss-torgelow-convence-en-businessschool#primaryimage\"},\"image\":{\"@id\":\"https:\/\/www.schlosstorgelow.de\/es\/con-exam-ai-a-la-final-el-schloss-torgelow-convence-en-businessschool#primaryimage\"},\"thumbnailUrl\":\"https:\/\/www.schlosstorgelow.de\/wp-content\/uploads\/2025\/05\/b40s-berlin-2025_header_st.avif\",\"datePublished\":\"2025-05-27T07:27:54+00:00\",\"dateModified\":\"2026-01-27T16:23:30+00:00\",\"author\":{\"@id\":\"https:\/\/www.schlosstorgelow.de\/es#\/schema\/person\/b76bbb367f3a20c7ced1339e4875691e\"},\"description\":\"Creativo, soberano y orientado al futuro: as\u00ed se present\u00f3 el equipo de Schloss Torgelow en la fase regional de business@school en Berl\u00edn.\",\"breadcrumb\":{\"@id\":\"https:\/\/www.schlosstorgelow.de\/es\/con-exam-ai-a-la-final-el-schloss-torgelow-convence-en-businessschool#breadcrumb\"},\"inLanguage\":\"es\",\"potentialAction\":[{\"@type\":\"ReadAction\",\"target\":[\"https:\/\/www.schlosstorgelow.de\/es\/con-exam-ai-a-la-final-el-schloss-torgelow-convence-en-businessschool\"]}]},{\"@type\":\"ImageObject\",\"inLanguage\":\"es\",\"@id\":\"https:\/\/www.schlosstorgelow.de\/es\/con-exam-ai-a-la-final-el-schloss-torgelow-convence-en-businessschool#primaryimage\",\"url\":\"https:\/\/www.schlosstorgelow.de\/wp-content\/uploads\/2025\/05\/b40s-berlin-2025_header_st.avif\",\"contentUrl\":\"https:\/\/www.schlosstorgelow.de\/wp-content\/uploads\/2025\/05\/b40s-berlin-2025_header_st.avif\",\"width\":1920,\"height\":1080,\"caption\":\"Negocios en la Escuela\"},{\"@type\":\"BreadcrumbList\",\"@id\":\"https:\/\/www.schlosstorgelow.de\/es\/con-exam-ai-a-la-final-el-schloss-torgelow-convence-en-businessschool#breadcrumb\",\"itemListElement\":[{\"@type\":\"ListItem\",\"position\":1,\"name\":\"Startseite\",\"item\":\"https:\/\/www.schlosstorgelow.de\/es\"},{\"@type\":\"ListItem\",\"position\":2,\"name\":\"Con EXAM.AI a la final: el Schloss Torgelow convence en business@school\"}]},{\"@type\":\"WebSite\",\"@id\":\"https:\/\/www.schlosstorgelow.de\/es#website\",\"url\":\"https:\/\/www.schlosstorgelow.de\/es\",\"name\":\"Schloss Torgelow\",\"description\":\"El internado privado Schloss Torgelow: el internado para alumnos que buscan un reto.\",\"potentialAction\":[{\"@type\":\"SearchAction\",\"target\":{\"@type\":\"EntryPoint\",\"urlTemplate\":\"https:\/\/www.schlosstorgelow.de\/es?s={search_term_string}\"},\"query-input\":{\"@type\":\"PropertyValueSpecification\",\"valueRequired\":true,\"valueName\":\"search_term_string\"}}],\"inLanguage\":\"es\"},{\"@type\":\"Person\",\"@id\":\"https:\/\/www.schlosstorgelow.de\/es#\/schema\/person\/b76bbb367f3a20c7ced1339e4875691e\",\"name\":\"Schloss Torgelow\",\"image\":{\"@type\":\"ImageObject\",\"inLanguage\":\"es\",\"@id\":\"https:\/\/www.schlosstorgelow.de\/es#\/schema\/person\/image\/\",\"url\":\"https:\/\/secure.gravatar.com\/avatar\/4bad9bf1bee90f77b98693d3ad03ade085c80c169595427c58c58e5b069f49e1?s=96&d=mm&r=g\",\"contentUrl\":\"https:\/\/secure.gravatar.com\/avatar\/4bad9bf1bee90f77b98693d3ad03ade085c80c169595427c58c58e5b069f49e1?s=96&d=mm&r=g\",\"caption\":\"Schloss Torgelow\"},\"sameAs\":[\"https:\/\/www.schlosstorgelow.de\"]}]}<\/script>\n<!-- \/ Yoast SEO plugin. -->","yoast_head_json":{"title":"EXAM.AI: Schloss Torgelow convence a business@school","description":"Creativo, soberano y orientado al futuro: as\u00ed se present\u00f3 el equipo de Schloss Torgelow en la fase regional de business@school en Berl\u00edn.","robots":{"index":"index","follow":"follow","max-snippet":"max-snippet:-1","max-image-preview":"max-image-preview:large","max-video-preview":"max-video-preview:-1"},"canonical":"https:\/\/www.schlosstorgelow.de\/es\/con-exam-ai-a-la-final-el-schloss-torgelow-convence-en-businessschool","og_locale":"es_ES","og_type":"article","og_title":"EXAM.AI: Schloss Torgelow convence a business@school","og_description":"Creativo, soberano y orientado al futuro: as\u00ed se present\u00f3 el equipo de Schloss Torgelow en la fase regional de business@school en Berl\u00edn.","og_url":"https:\/\/www.schlosstorgelow.de\/es\/con-exam-ai-a-la-final-el-schloss-torgelow-convence-en-businessschool","og_site_name":"Schloss Torgelow","article_published_time":"2025-05-27T07:27:54+00:00","article_modified_time":"2026-01-27T16:23:30+00:00","author":"Schloss Torgelow","twitter_card":"summary_large_image","twitter_misc":{"Escrito por":"Schloss Torgelow","Tiempo de lectura":"3 minutos"},"schema":{"@context":"https:\/\/schema.org","@graph":[{"@type":"Article","@id":"https:\/\/www.schlosstorgelow.de\/es\/con-exam-ai-a-la-final-el-schloss-torgelow-convence-en-businessschool#article","isPartOf":{"@id":"https:\/\/www.schlosstorgelow.de\/es\/con-exam-ai-a-la-final-el-schloss-torgelow-convence-en-businessschool"},"author":{"name":"Schloss Torgelow","@id":"https:\/\/www.schlosstorgelow.de\/es#\/schema\/person\/b76bbb367f3a20c7ced1339e4875691e"},"headline":"Con EXAM.AI a la final: el Schloss Torgelow convence en business@school","datePublished":"2025-05-27T07:27:54+00:00","dateModified":"2026-01-27T16:23:30+00:00","mainEntityOfPage":{"@id":"https:\/\/www.schlosstorgelow.de\/es\/con-exam-ai-a-la-final-el-schloss-torgelow-convence-en-businessschool"},"wordCount":603,"image":{"@id":"https:\/\/www.schlosstorgelow.de\/es\/con-exam-ai-a-la-final-el-schloss-torgelow-convence-en-businessschool#primaryimage"},"thumbnailUrl":"https:\/\/www.schlosstorgelow.de\/wp-content\/uploads\/2025\/05\/b40s-berlin-2025_header_st.avif","articleSection":["Noticias de Torgelow"],"inLanguage":"es"},{"@type":"WebPage","@id":"https:\/\/www.schlosstorgelow.de\/es\/con-exam-ai-a-la-final-el-schloss-torgelow-convence-en-businessschool#webpage","url":"https:\/\/www.schlosstorgelow.de\/es\/con-exam-ai-a-la-final-el-schloss-torgelow-convence-en-businessschool","name":"EXAM.AI: Schloss Torgelow convence a business@school","isPartOf":{"@id":"https:\/\/www.schlosstorgelow.de\/es#website"},"primaryImageOfPage":{"@id":"https:\/\/www.schlosstorgelow.de\/es\/con-exam-ai-a-la-final-el-schloss-torgelow-convence-en-businessschool#primaryimage"},"image":{"@id":"https:\/\/www.schlosstorgelow.de\/es\/con-exam-ai-a-la-final-el-schloss-torgelow-convence-en-businessschool#primaryimage"},"thumbnailUrl":"https:\/\/www.schlosstorgelow.de\/wp-content\/uploads\/2025\/05\/b40s-berlin-2025_header_st.avif","datePublished":"2025-05-27T07:27:54+00:00","dateModified":"2026-01-27T16:23:30+00:00","author":{"@id":"https:\/\/www.schlosstorgelow.de\/es#\/schema\/person\/b76bbb367f3a20c7ced1339e4875691e"},"description":"Creativo, soberano y orientado al futuro: as\u00ed se present\u00f3 el equipo de Schloss Torgelow en la fase regional de business@school en Berl\u00edn.","breadcrumb":{"@id":"https:\/\/www.schlosstorgelow.de\/es\/con-exam-ai-a-la-final-el-schloss-torgelow-convence-en-businessschool#breadcrumb"},"inLanguage":"es","potentialAction":[{"@type":"ReadAction","target":["https:\/\/www.schlosstorgelow.de\/es\/con-exam-ai-a-la-final-el-schloss-torgelow-convence-en-businessschool"]}]},{"@type":"ImageObject","inLanguage":"es","@id":"https:\/\/www.schlosstorgelow.de\/es\/con-exam-ai-a-la-final-el-schloss-torgelow-convence-en-businessschool#primaryimage","url":"https:\/\/www.schlosstorgelow.de\/wp-content\/uploads\/2025\/05\/b40s-berlin-2025_header_st.avif","contentUrl":"https:\/\/www.schlosstorgelow.de\/wp-content\/uploads\/2025\/05\/b40s-berlin-2025_header_st.avif","width":1920,"height":1080,"caption":"Negocios en la Escuela"},{"@type":"BreadcrumbList","@id":"https:\/\/www.schlosstorgelow.de\/es\/con-exam-ai-a-la-final-el-schloss-torgelow-convence-en-businessschool#breadcrumb","itemListElement":[{"@type":"ListItem","position":1,"name":"Startseite","item":"https:\/\/www.schlosstorgelow.de\/es"},{"@type":"ListItem","position":2,"name":"Con EXAM.AI a la final: el Schloss Torgelow convence en business@school"}]},{"@type":"WebSite","@id":"https:\/\/www.schlosstorgelow.de\/es#website","url":"https:\/\/www.schlosstorgelow.de\/es","name":"Schloss Torgelow","description":"El internado privado Schloss Torgelow: el internado para alumnos que buscan un reto.","potentialAction":[{"@type":"SearchAction","target":{"@type":"EntryPoint","urlTemplate":"https:\/\/www.schlosstorgelow.de\/es?s={search_term_string}"},"query-input":{"@type":"PropertyValueSpecification","valueRequired":true,"valueName":"search_term_string"}}],"inLanguage":"es"},{"@type":"Person","@id":"https:\/\/www.schlosstorgelow.de\/es#\/schema\/person\/b76bbb367f3a20c7ced1339e4875691e","name":"Schloss Torgelow","image":{"@type":"ImageObject","inLanguage":"es","@id":"https:\/\/www.schlosstorgelow.de\/es#\/schema\/person\/image\/","url":"https:\/\/secure.gravatar.com\/avatar\/4bad9bf1bee90f77b98693d3ad03ade085c80c169595427c58c58e5b069f49e1?s=96&d=mm&r=g","contentUrl":"https:\/\/secure.gravatar.com\/avatar\/4bad9bf1bee90f77b98693d3ad03ade085c80c169595427c58c58e5b069f49e1?s=96&d=mm&r=g","caption":"Schloss Torgelow"},"sameAs":["https:\/\/www.schlosstorgelow.de"]}]}},"block_visibility_meta":[],"_links":{"self":[{"href":"https:\/\/www.schlosstorgelow.de\/es\/wp-json\/wp\/v2\/posts\/82566","targetHints":{"allow":["GET"]}}],"collection":[{"href":"https:\/\/www.schlosstorgelow.de\/es\/wp-json\/wp\/v2\/posts"}],"about":[{"href":"https:\/\/www.schlosstorgelow.de\/es\/wp-json\/wp\/v2\/types\/post"}],"author":[{"embeddable":true,"href":"https:\/\/www.schlosstorgelow.de\/es\/wp-json\/wp\/v2\/users\/1"}],"replies":[{"embeddable":true,"href":"https:\/\/www.schlosstorgelow.de\/es\/wp-json\/wp\/v2\/comments?post=82566"}],"version-history":[{"count":0,"href":"https:\/\/www.schlosstorgelow.de\/es\/wp-json\/wp\/v2\/posts\/82566\/revisions"}],"wp:featuredmedia":[{"embeddable":true,"href":"https:\/\/www.schlosstorgelow.de\/es\/wp-json\/wp\/v2\/media\/69317"}],"wp:attachment":[{"href":"https:\/\/www.schlosstorgelow.de\/es\/wp-json\/wp\/v2\/media?parent=82566"}],"wp:term":[{"taxonomy":"category","embeddable":true,"href":"https:\/\/www.schlosstorgelow.de\/es\/wp-json\/wp\/v2\/categories?post=82566"},{"taxonomy":"post_tag","embeddable":true,"href":"https:\/\/www.schlosstorgelow.de\/es\/wp-json\/wp\/v2\/tags?post=82566"}],"curies":[{"name":"wp","href":"https:\/\/api.w.org\/{rel}","templated":true}]}}