{"id":82562,"date":"2025-05-27T07:49:33","date_gmt":"2025-05-27T07:49:33","guid":{"rendered":"https:\/\/www.schlosstorgelow.de\/visita-virtual-del-embajador-aleman-en-sudafrica"},"modified":"2026-01-23T09:10:13","modified_gmt":"2026-01-23T09:10:13","slug":"visita-virtual-del-embajador-aleman-en-sudafrica","status":"publish","type":"post","link":"https:\/\/www.schlosstorgelow.de\/es\/visita-virtual-del-embajador-aleman-en-sudafrica","title":{"rendered":"Visita virtual del embajador alem\u00e1n en Sud\u00e1frica"},"content":{"rendered":"\n<p><i>Los estudiantes de los grados 11 y 12 tuvieron la oportunidad de recibir a un invitado especial: Andreas Peschke, el embajador alem\u00e1n en Sud\u00e1frica y en los reinos de Lesoto y Esuatini, estuvo virtualmente presente en el Schloss Torgelow.  <\/i><\/p>\n\n<p>En una conferencia emocionante, el Sr. Peschke ofreci\u00f3 una visi\u00f3n de su trabajo, su trayectoria profesional y las diversas tareas de las representaciones alemanas en el extranjero. Describi\u00f3 de manera impactante lo que significa representar a Alemania en el exterior: en el di\u00e1logo con el gobierno sudafricano, en el cuidado de las relaciones econ\u00f3micas o en la mediaci\u00f3n cultural. <\/p>\n\n<p>Pero no solo se trataba de temas pol\u00edticos: Tambi\u00e9n se compartieron de manera abierta y v\u00edvida experiencias personales y una visi\u00f3n del d\u00eda a d\u00eda de un diplom\u00e1tico en un entorno internacional.<\/p>\n\n<p>Un momento destacado fue la posterior ronda de preguntas: Con gran inter\u00e9s y preguntas inteligentes, las alumnas y alumnos aprovecharon la oportunidad para intercambiar opiniones, ya sea sobre la vida diplom\u00e1tica, los desaf\u00edos pol\u00edticos actuales o la motivaci\u00f3n personal del embajador. La apertura de sus respuestas dej\u00f3 una impresi\u00f3n duradera. <\/p>\n\n<p>La visita no solo fue una emocionante visi\u00f3n de un campo profesional fascinante, sino que tambi\u00e9n estimul\u00f3 la reflexi\u00f3n sobre las conexiones globales, la cooperaci\u00f3n internacional y las propias perspectivas futuras.<\/p>\n\n<p>Un cordial agradecimiento al embajador Andreas Peschke por su tiempo, su apertura y la inspiraci\u00f3n que trajo con su visita virtual a Torgelow am See.<\/p>\n","protected":false},"excerpt":{"rendered":"<p>Andreas Peschke, el embajador alem\u00e1n en Sud\u00e1frica, fue virtualmente invitado en el Schloss Torgelow.<\/p>\n","protected":false},"author":1,"featured_media":68110,"comment_status":"closed","ping_status":"closed","sticky":false,"template":"","format":"standard","meta":{"_acf_changed":false,"_yoast_wpseo_title":"Visita virtual del embajador alem\u00e1n en Sud\u00e1frica","_yoast_wpseo_metadesc":"Andreas Peschke, el embajador alem\u00e1n en Sud\u00e1frica as\u00ed como en los reinos de Lesoto y Esuatini, fue anfitri\u00f3n virtual en el Schloss Torgelow.","excerpt":"Andreas Peschke, el embajador alem\u00e1n en Sud\u00e1frica, fue virtualmente invitado en el Schloss Torgelow.","footnotes":""},"categories":[32],"tags":[],"class_list":{"0":"post-82562","1":"post","2":"type-post","3":"status-publish","4":"format-standard","5":"has-post-thumbnail","7":"category-noticias-de-torgelow"},"acf":[],"yoast_head":"<!-- This site is optimized with the Yoast SEO plugin v26.9 - https:\/\/yoast.com\/product\/yoast-seo-wordpress\/ -->\n<title>Visita virtual del embajador alem\u00e1n en Sud\u00e1frica<\/title>\n<meta name=\"description\" content=\"Andreas Peschke, el embajador alem\u00e1n en Sud\u00e1frica as\u00ed como en los reinos de Lesoto y Esuatini, fue anfitri\u00f3n virtual en el Schloss Torgelow.\" \/>\n<meta name=\"robots\" content=\"index, follow, max-snippet:-1, max-image-preview:large, max-video-preview:-1\" \/>\n<link rel=\"canonical\" href=\"https:\/\/www.schlosstorgelow.de\/es\/visita-virtual-del-embajador-aleman-en-sudafrica\" \/>\n<meta property=\"og:locale\" content=\"es_ES\" \/>\n<meta property=\"og:type\" content=\"article\" \/>\n<meta property=\"og:title\" content=\"Visita virtual del embajador alem\u00e1n en Sud\u00e1frica\" \/>\n<meta property=\"og:description\" content=\"Andreas Peschke, el embajador alem\u00e1n en Sud\u00e1frica as\u00ed como en los reinos de Lesoto y Esuatini, fue anfitri\u00f3n virtual en el Schloss Torgelow.\" \/>\n<meta property=\"og:url\" content=\"https:\/\/www.schlosstorgelow.de\/es\/visita-virtual-del-embajador-aleman-en-sudafrica\" \/>\n<meta property=\"og:site_name\" content=\"Schloss Torgelow\" \/>\n<meta property=\"article:published_time\" content=\"2025-05-27T07:49:33+00:00\" \/>\n<meta property=\"article:modified_time\" content=\"2026-01-23T09:10:13+00:00\" \/>\n<meta name=\"author\" content=\"Schloss Torgelow\" \/>\n<meta name=\"twitter:card\" content=\"summary_large_image\" \/>\n<meta name=\"twitter:label1\" content=\"Escrito por\" \/>\n\t<meta name=\"twitter:data1\" content=\"Schloss Torgelow\" \/>\n\t<meta name=\"twitter:label2\" content=\"Tiempo de lectura\" \/>\n\t<meta name=\"twitter:data2\" content=\"1 minuto\" \/>\n<script type=\"application\/ld+json\" class=\"yoast-schema-graph\">{\"@context\":\"https:\/\/schema.org\",\"@graph\":[{\"@type\":\"Article\",\"@id\":\"https:\/\/www.schlosstorgelow.de\/es\/visita-virtual-del-embajador-aleman-en-sudafrica#article\",\"isPartOf\":{\"@id\":\"https:\/\/www.schlosstorgelow.de\/es\/visita-virtual-del-embajador-aleman-en-sudafrica\"},\"author\":{\"name\":\"Schloss Torgelow\",\"@id\":\"https:\/\/www.schlosstorgelow.de\/es#\/schema\/person\/b76bbb367f3a20c7ced1339e4875691e\"},\"headline\":\"Visita virtual del embajador alem\u00e1n en Sud\u00e1frica\",\"datePublished\":\"2025-05-27T07:49:33+00:00\",\"dateModified\":\"2026-01-23T09:10:13+00:00\",\"mainEntityOfPage\":{\"@id\":\"https:\/\/www.schlosstorgelow.de\/es\/visita-virtual-del-embajador-aleman-en-sudafrica\"},\"wordCount\":267,\"image\":{\"@id\":\"https:\/\/www.schlosstorgelow.de\/es\/visita-virtual-del-embajador-aleman-en-sudafrica#primaryimage\"},\"thumbnailUrl\":\"https:\/\/www.schlosstorgelow.de\/wp-content\/uploads\/2025\/08\/botschafter-SA_header_st.avif\",\"articleSection\":[\"Noticias de Torgelow\"],\"inLanguage\":\"es\"},{\"@type\":\"WebPage\",\"@id\":\"https:\/\/www.schlosstorgelow.de\/es\/visita-virtual-del-embajador-aleman-en-sudafrica#webpage\",\"url\":\"https:\/\/www.schlosstorgelow.de\/es\/visita-virtual-del-embajador-aleman-en-sudafrica\",\"name\":\"Visita virtual del embajador alem\u00e1n en Sud\u00e1frica\",\"isPartOf\":{\"@id\":\"https:\/\/www.schlosstorgelow.de\/es#website\"},\"primaryImageOfPage\":{\"@id\":\"https:\/\/www.schlosstorgelow.de\/es\/visita-virtual-del-embajador-aleman-en-sudafrica#primaryimage\"},\"image\":{\"@id\":\"https:\/\/www.schlosstorgelow.de\/es\/visita-virtual-del-embajador-aleman-en-sudafrica#primaryimage\"},\"thumbnailUrl\":\"https:\/\/www.schlosstorgelow.de\/wp-content\/uploads\/2025\/08\/botschafter-SA_header_st.avif\",\"datePublished\":\"2025-05-27T07:49:33+00:00\",\"dateModified\":\"2026-01-23T09:10:13+00:00\",\"author\":{\"@id\":\"https:\/\/www.schlosstorgelow.de\/es#\/schema\/person\/b76bbb367f3a20c7ced1339e4875691e\"},\"description\":\"Andreas Peschke, el embajador alem\u00e1n en Sud\u00e1frica as\u00ed como en los reinos de Lesoto y Esuatini, fue anfitri\u00f3n virtual en el Schloss Torgelow.\",\"breadcrumb\":{\"@id\":\"https:\/\/www.schlosstorgelow.de\/es\/visita-virtual-del-embajador-aleman-en-sudafrica#breadcrumb\"},\"inLanguage\":\"es\",\"potentialAction\":[{\"@type\":\"ReadAction\",\"target\":[\"https:\/\/www.schlosstorgelow.de\/es\/visita-virtual-del-embajador-aleman-en-sudafrica\"]}]},{\"@type\":\"ImageObject\",\"inLanguage\":\"es\",\"@id\":\"https:\/\/www.schlosstorgelow.de\/es\/visita-virtual-del-embajador-aleman-en-sudafrica#primaryimage\",\"url\":\"https:\/\/www.schlosstorgelow.de\/wp-content\/uploads\/2025\/08\/botschafter-SA_header_st.avif\",\"contentUrl\":\"https:\/\/www.schlosstorgelow.de\/wp-content\/uploads\/2025\/08\/botschafter-SA_header_st.avif\",\"width\":1920,\"height\":1080,\"caption\":\"Visita virtual del embajador alem\u00e1n en Sud\u00e1frica\"},{\"@type\":\"BreadcrumbList\",\"@id\":\"https:\/\/www.schlosstorgelow.de\/es\/visita-virtual-del-embajador-aleman-en-sudafrica#breadcrumb\",\"itemListElement\":[{\"@type\":\"ListItem\",\"position\":1,\"name\":\"Startseite\",\"item\":\"https:\/\/www.schlosstorgelow.de\/es\"},{\"@type\":\"ListItem\",\"position\":2,\"name\":\"Visita virtual del embajador alem\u00e1n en Sud\u00e1frica\"}]},{\"@type\":\"WebSite\",\"@id\":\"https:\/\/www.schlosstorgelow.de\/es#website\",\"url\":\"https:\/\/www.schlosstorgelow.de\/es\",\"name\":\"Schloss Torgelow\",\"description\":\"El internado privado Schloss Torgelow: el internado para alumnos que buscan un reto.\",\"potentialAction\":[{\"@type\":\"SearchAction\",\"target\":{\"@type\":\"EntryPoint\",\"urlTemplate\":\"https:\/\/www.schlosstorgelow.de\/es?s={search_term_string}\"},\"query-input\":{\"@type\":\"PropertyValueSpecification\",\"valueRequired\":true,\"valueName\":\"search_term_string\"}}],\"inLanguage\":\"es\"},{\"@type\":\"Person\",\"@id\":\"https:\/\/www.schlosstorgelow.de\/es#\/schema\/person\/b76bbb367f3a20c7ced1339e4875691e\",\"name\":\"Schloss Torgelow\",\"image\":{\"@type\":\"ImageObject\",\"inLanguage\":\"es\",\"@id\":\"https:\/\/www.schlosstorgelow.de\/es#\/schema\/person\/image\/\",\"url\":\"https:\/\/secure.gravatar.com\/avatar\/4bad9bf1bee90f77b98693d3ad03ade085c80c169595427c58c58e5b069f49e1?s=96&d=mm&r=g\",\"contentUrl\":\"https:\/\/secure.gravatar.com\/avatar\/4bad9bf1bee90f77b98693d3ad03ade085c80c169595427c58c58e5b069f49e1?s=96&d=mm&r=g\",\"caption\":\"Schloss Torgelow\"},\"sameAs\":[\"https:\/\/www.schlosstorgelow.de\"]}]}<\/script>\n<!-- \/ Yoast SEO plugin. -->","yoast_head_json":{"title":"Visita virtual del embajador alem\u00e1n en Sud\u00e1frica","description":"Andreas Peschke, el embajador alem\u00e1n en Sud\u00e1frica as\u00ed como en los reinos de Lesoto y Esuatini, fue anfitri\u00f3n virtual en el Schloss Torgelow.","robots":{"index":"index","follow":"follow","max-snippet":"max-snippet:-1","max-image-preview":"max-image-preview:large","max-video-preview":"max-video-preview:-1"},"canonical":"https:\/\/www.schlosstorgelow.de\/es\/visita-virtual-del-embajador-aleman-en-sudafrica","og_locale":"es_ES","og_type":"article","og_title":"Visita virtual del embajador alem\u00e1n en Sud\u00e1frica","og_description":"Andreas Peschke, el embajador alem\u00e1n en Sud\u00e1frica as\u00ed como en los reinos de Lesoto y Esuatini, fue anfitri\u00f3n virtual en el Schloss Torgelow.","og_url":"https:\/\/www.schlosstorgelow.de\/es\/visita-virtual-del-embajador-aleman-en-sudafrica","og_site_name":"Schloss Torgelow","article_published_time":"2025-05-27T07:49:33+00:00","article_modified_time":"2026-01-23T09:10:13+00:00","author":"Schloss Torgelow","twitter_card":"summary_large_image","twitter_misc":{"Escrito por":"Schloss Torgelow","Tiempo de lectura":"1 minuto"},"schema":{"@context":"https:\/\/schema.org","@graph":[{"@type":"Article","@id":"https:\/\/www.schlosstorgelow.de\/es\/visita-virtual-del-embajador-aleman-en-sudafrica#article","isPartOf":{"@id":"https:\/\/www.schlosstorgelow.de\/es\/visita-virtual-del-embajador-aleman-en-sudafrica"},"author":{"name":"Schloss Torgelow","@id":"https:\/\/www.schlosstorgelow.de\/es#\/schema\/person\/b76bbb367f3a20c7ced1339e4875691e"},"headline":"Visita virtual del embajador alem\u00e1n en Sud\u00e1frica","datePublished":"2025-05-27T07:49:33+00:00","dateModified":"2026-01-23T09:10:13+00:00","mainEntityOfPage":{"@id":"https:\/\/www.schlosstorgelow.de\/es\/visita-virtual-del-embajador-aleman-en-sudafrica"},"wordCount":267,"image":{"@id":"https:\/\/www.schlosstorgelow.de\/es\/visita-virtual-del-embajador-aleman-en-sudafrica#primaryimage"},"thumbnailUrl":"https:\/\/www.schlosstorgelow.de\/wp-content\/uploads\/2025\/08\/botschafter-SA_header_st.avif","articleSection":["Noticias de Torgelow"],"inLanguage":"es"},{"@type":"WebPage","@id":"https:\/\/www.schlosstorgelow.de\/es\/visita-virtual-del-embajador-aleman-en-sudafrica#webpage","url":"https:\/\/www.schlosstorgelow.de\/es\/visita-virtual-del-embajador-aleman-en-sudafrica","name":"Visita virtual del embajador alem\u00e1n en Sud\u00e1frica","isPartOf":{"@id":"https:\/\/www.schlosstorgelow.de\/es#website"},"primaryImageOfPage":{"@id":"https:\/\/www.schlosstorgelow.de\/es\/visita-virtual-del-embajador-aleman-en-sudafrica#primaryimage"},"image":{"@id":"https:\/\/www.schlosstorgelow.de\/es\/visita-virtual-del-embajador-aleman-en-sudafrica#primaryimage"},"thumbnailUrl":"https:\/\/www.schlosstorgelow.de\/wp-content\/uploads\/2025\/08\/botschafter-SA_header_st.avif","datePublished":"2025-05-27T07:49:33+00:00","dateModified":"2026-01-23T09:10:13+00:00","author":{"@id":"https:\/\/www.schlosstorgelow.de\/es#\/schema\/person\/b76bbb367f3a20c7ced1339e4875691e"},"description":"Andreas Peschke, el embajador alem\u00e1n en Sud\u00e1frica as\u00ed como en los reinos de Lesoto y Esuatini, fue anfitri\u00f3n virtual en el Schloss Torgelow.","breadcrumb":{"@id":"https:\/\/www.schlosstorgelow.de\/es\/visita-virtual-del-embajador-aleman-en-sudafrica#breadcrumb"},"inLanguage":"es","potentialAction":[{"@type":"ReadAction","target":["https:\/\/www.schlosstorgelow.de\/es\/visita-virtual-del-embajador-aleman-en-sudafrica"]}]},{"@type":"ImageObject","inLanguage":"es","@id":"https:\/\/www.schlosstorgelow.de\/es\/visita-virtual-del-embajador-aleman-en-sudafrica#primaryimage","url":"https:\/\/www.schlosstorgelow.de\/wp-content\/uploads\/2025\/08\/botschafter-SA_header_st.avif","contentUrl":"https:\/\/www.schlosstorgelow.de\/wp-content\/uploads\/2025\/08\/botschafter-SA_header_st.avif","width":1920,"height":1080,"caption":"Visita virtual del embajador alem\u00e1n en Sud\u00e1frica"},{"@type":"BreadcrumbList","@id":"https:\/\/www.schlosstorgelow.de\/es\/visita-virtual-del-embajador-aleman-en-sudafrica#breadcrumb","itemListElement":[{"@type":"ListItem","position":1,"name":"Startseite","item":"https:\/\/www.schlosstorgelow.de\/es"},{"@type":"ListItem","position":2,"name":"Visita virtual del embajador alem\u00e1n en Sud\u00e1frica"}]},{"@type":"WebSite","@id":"https:\/\/www.schlosstorgelow.de\/es#website","url":"https:\/\/www.schlosstorgelow.de\/es","name":"Schloss Torgelow","description":"El internado privado Schloss Torgelow: el internado para alumnos que buscan un reto.","potentialAction":[{"@type":"SearchAction","target":{"@type":"EntryPoint","urlTemplate":"https:\/\/www.schlosstorgelow.de\/es?s={search_term_string}"},"query-input":{"@type":"PropertyValueSpecification","valueRequired":true,"valueName":"search_term_string"}}],"inLanguage":"es"},{"@type":"Person","@id":"https:\/\/www.schlosstorgelow.de\/es#\/schema\/person\/b76bbb367f3a20c7ced1339e4875691e","name":"Schloss Torgelow","image":{"@type":"ImageObject","inLanguage":"es","@id":"https:\/\/www.schlosstorgelow.de\/es#\/schema\/person\/image\/","url":"https:\/\/secure.gravatar.com\/avatar\/4bad9bf1bee90f77b98693d3ad03ade085c80c169595427c58c58e5b069f49e1?s=96&d=mm&r=g","contentUrl":"https:\/\/secure.gravatar.com\/avatar\/4bad9bf1bee90f77b98693d3ad03ade085c80c169595427c58c58e5b069f49e1?s=96&d=mm&r=g","caption":"Schloss Torgelow"},"sameAs":["https:\/\/www.schlosstorgelow.de"]}]}},"block_visibility_meta":[],"_links":{"self":[{"href":"https:\/\/www.schlosstorgelow.de\/es\/wp-json\/wp\/v2\/posts\/82562","targetHints":{"allow":["GET"]}}],"collection":[{"href":"https:\/\/www.schlosstorgelow.de\/es\/wp-json\/wp\/v2\/posts"}],"about":[{"href":"https:\/\/www.schlosstorgelow.de\/es\/wp-json\/wp\/v2\/types\/post"}],"author":[{"embeddable":true,"href":"https:\/\/www.schlosstorgelow.de\/es\/wp-json\/wp\/v2\/users\/1"}],"replies":[{"embeddable":true,"href":"https:\/\/www.schlosstorgelow.de\/es\/wp-json\/wp\/v2\/comments?post=82562"}],"version-history":[{"count":0,"href":"https:\/\/www.schlosstorgelow.de\/es\/wp-json\/wp\/v2\/posts\/82562\/revisions"}],"wp:featuredmedia":[{"embeddable":true,"href":"https:\/\/www.schlosstorgelow.de\/es\/wp-json\/wp\/v2\/media\/68110"}],"wp:attachment":[{"href":"https:\/\/www.schlosstorgelow.de\/es\/wp-json\/wp\/v2\/media?parent=82562"}],"wp:term":[{"taxonomy":"category","embeddable":true,"href":"https:\/\/www.schlosstorgelow.de\/es\/wp-json\/wp\/v2\/categories?post=82562"},{"taxonomy":"post_tag","embeddable":true,"href":"https:\/\/www.schlosstorgelow.de\/es\/wp-json\/wp\/v2\/tags?post=82562"}],"curies":[{"name":"wp","href":"https:\/\/api.w.org\/{rel}","templated":true}]}}