{"id":82554,"date":"2025-06-23T07:35:46","date_gmt":"2025-06-23T07:35:46","guid":{"rendered":"https:\/\/www.schlosstorgelow.de\/cuando-de-una-idea-surge-ayuda-la-dra-nadine-rohloff-regresa-al-castillo-de-torgelow"},"modified":"2026-01-23T08:59:08","modified_gmt":"2026-01-23T08:59:08","slug":"cuando-de-una-idea-surge-ayuda-la-dra-nadine-rohloff-regresa-al-schloss-torgelow","status":"publish","type":"post","link":"https:\/\/www.schlosstorgelow.de\/es\/cuando-de-una-idea-surge-ayuda-la-dra-nadine-rohloff-regresa-al-schloss-torgelow","title":{"rendered":"Cuando de una idea surge ayuda \u2013 la Dra. Nadine Rohloff regresa al Schloss Torgelow"},"content":{"rendered":"\n<p><i>A veces se siente inmediatamente: Esta visita es algo muy especial. Cuando la Dra. Nadine Rohloff, promoci\u00f3n del Abitur 2009, regres\u00f3 al Schloss Torgelow para dar una conferencia a los cursos de biolog\u00eda de K1, no solo fue un impulso profesional, sino tambi\u00e9n un reencuentro personal lleno de calidez, reconocimiento y recuerdos. <\/i><\/p>\n\n<p><strong>Una noche llena de recuerdos<\/strong><\/p>\n\n<p>Ya la noche anterior a su charla, Nadine se tom\u00f3 el tiempo para recorrer la Casa Amarilla, visitar su antigua habitaci\u00f3n y conversar con sus ex mentoras. Se ri\u00f3, record\u00f3 y cont\u00f3 historias. \u00abEs un poco como regresar a casa\u00bb, dijo ella, y dej\u00f3 claro cu\u00e1nto la ha marcado su tiempo en Torgelow. La alegr\u00eda por el reencuentro fue grande de ambos lados.   <\/p>\n\n<p><strong>Un camino con muchas estaciones y un objetivo: ayudar.<\/strong><\/p>\n\n<p>Al d\u00eda siguiente, Nadine habl\u00f3 ante los cursos de biolog\u00eda sobre su trayectoria profesional. Tras terminar el bachillerato, estudi\u00f3 medicina en la Universidad de M\u00fcnster, se doctor\u00f3 y trabaj\u00f3 en la cl\u00ednica de ginecolog\u00eda: en consultas, en quir\u00f3fano, en planta y en investigaci\u00f3n. Durante este tiempo, desarroll\u00f3 un inter\u00e9s particular por el trabajo con pacientes de endometriosis.  <\/p>\n\n<p>De esta experiencia surgi\u00f3 una idea: desarrollar una aplicaci\u00f3n que ayude a las personas afectadas en su vida diaria. Hoy esa idea es una realidad. La <a href=\"https:\/\/endometriose.app\/\">Endo-App<\/a> es una aplicaci\u00f3n de salud digital bajo receta, que se basa en un enfoque terap\u00e9utico multimodal y personalizable. Apoya a las personas afectadas a trav\u00e9s de informaci\u00f3n, sesiones de ejercicios y est\u00edmulos diarios.   <\/p>\n\n<p>En la presentaci\u00f3n no solo se trat\u00f3 del conocimiento m\u00e9dico, sino tambi\u00e9n del aspecto personal de la enfermedad: la incertidumbre, los largos caminos hacia el diagn\u00f3stico, la vida cotidiana con dolores cr\u00f3nicos, y c\u00f3mo las ofertas digitales pueden ayudar a manejar la enfermedad de una manera m\u00e1s aut\u00f3noma.<\/p>\n\n<p><strong>De la banca escolar a fundadora<\/strong><\/p>\n\n<p>Junto con su pareja, Nadine fund\u00f3 Endo Health GmbH. Hoy dirige un equipo de m\u00e1s de 25 empleados, trabaja en el desarrollo de la aplicaci\u00f3n y ya est\u00e1 pensando en nuevas soluciones digitales para otros grupos de pacientes. <\/p>\n\n<p>Ante los estudiantes, habl\u00f3 abiertamente sobre el camino hacia la autodisciplina, sobre retos y reveses, sobre decisiones, valent\u00eda y sobre la interrelaci\u00f3n entre la medicina y el emprendimiento. Especialmente conmovedor fue el momento en el que se present\u00f3 ante sus antiguos profesores y profesoras, y como experta habl\u00f3 sobre un tema importante de salud. \u00abYa se me acelera un poco el pulso\u00bb, coment\u00f3 con sinceridad, y convenci\u00f3 con serenidad, claridad y gran compromiso.  <\/p>\n\n<p><strong>El conocimiento se encuentra con la actitud.<\/strong><\/p>\n\n<p>La visita de la Dra. Nadine Rohloff fue un evento especial. No solo por la profundidad y actualidad de su tema, sino tambi\u00e9n por su personalidad. <\/p>\n\n<p>Nadine es una mujer inteligente, c\u00e1lida y comprometida que abre nuevos caminos en la medicina. Combina conocimiento especializado con empat\u00eda, pensamiento empresarial con responsabilidad. Su conferencia fue impresionante, accesible e inspiradora.  <\/p>\n\n<p>Agradecemos de coraz\u00f3n a Nadine por su visita, su apertura, su tiempo y su dedicaci\u00f3n por una mejor atenci\u00f3n m\u00e9dica para las personas afectadas por la endometriosis.<\/p>\n","protected":false},"excerpt":{"rendered":"<p>Cuando una idea se convierte en ayuda &#8211; La exalumna Dra. Nadine Rohloff ofrece una fascinante charla ante los cursos de Biolog\u00eda de K1.<\/p>\n","protected":false},"author":1,"featured_media":68018,"comment_status":"closed","ping_status":"closed","sticky":false,"template":"","format":"standard","meta":{"_acf_changed":false,"_yoast_wpseo_title":"Dra. Nadine Rohloff de vuelta en el Schloss Torgelow","_yoast_wpseo_metadesc":"Cuando de una idea surge ayuda - La exalumna, Dra. Nadine Rohloff, ofrece una interesante conferencia ante los cursos de Biolog\u00eda de K1.","excerpt":"Cuando de una idea surge ayuda - La exalumna, Dra. Nadine Rohloff, ofrece una interesante conferencia ante los cursos de Biolog\u00eda de K1.","footnotes":""},"categories":[32],"tags":[],"class_list":{"0":"post-82554","1":"post","2":"type-post","3":"status-publish","4":"format-standard","5":"has-post-thumbnail","7":"category-noticias-de-torgelow"},"acf":[],"yoast_head":"<!-- This site is optimized with the Yoast SEO plugin v26.9 - https:\/\/yoast.com\/product\/yoast-seo-wordpress\/ -->\n<title>Dra. Nadine Rohloff de vuelta en el Schloss Torgelow<\/title>\n<meta name=\"description\" content=\"Cuando de una idea surge ayuda - La exalumna, Dra. Nadine Rohloff, ofrece una interesante conferencia ante los cursos de Biolog\u00eda de K1.\" \/>\n<meta name=\"robots\" content=\"index, follow, max-snippet:-1, max-image-preview:large, max-video-preview:-1\" \/>\n<link rel=\"canonical\" href=\"https:\/\/www.schlosstorgelow.de\/es\/cuando-de-una-idea-surge-ayuda-la-dra-nadine-rohloff-regresa-al-schloss-torgelow\" \/>\n<meta property=\"og:locale\" content=\"es_ES\" \/>\n<meta property=\"og:type\" content=\"article\" \/>\n<meta property=\"og:title\" content=\"Dra. Nadine Rohloff de vuelta en el Schloss Torgelow\" \/>\n<meta property=\"og:description\" content=\"Cuando de una idea surge ayuda - La exalumna, Dra. Nadine Rohloff, ofrece una interesante conferencia ante los cursos de Biolog\u00eda de K1.\" \/>\n<meta property=\"og:url\" content=\"https:\/\/www.schlosstorgelow.de\/es\/cuando-de-una-idea-surge-ayuda-la-dra-nadine-rohloff-regresa-al-schloss-torgelow\" \/>\n<meta property=\"og:site_name\" content=\"Schloss Torgelow\" \/>\n<meta property=\"article:published_time\" content=\"2025-06-23T07:35:46+00:00\" \/>\n<meta property=\"article:modified_time\" content=\"2026-01-23T08:59:08+00:00\" \/>\n<meta name=\"author\" content=\"Schloss Torgelow\" \/>\n<meta name=\"twitter:card\" content=\"summary_large_image\" \/>\n<meta name=\"twitter:label1\" content=\"Escrito por\" \/>\n\t<meta name=\"twitter:data1\" content=\"Schloss Torgelow\" \/>\n\t<meta name=\"twitter:label2\" content=\"Tiempo de lectura\" \/>\n\t<meta name=\"twitter:data2\" content=\"3 minutos\" \/>\n<script type=\"application\/ld+json\" class=\"yoast-schema-graph\">{\"@context\":\"https:\/\/schema.org\",\"@graph\":[{\"@type\":\"Article\",\"@id\":\"https:\/\/www.schlosstorgelow.de\/es\/cuando-de-una-idea-surge-ayuda-la-dra-nadine-rohloff-regresa-al-schloss-torgelow#article\",\"isPartOf\":{\"@id\":\"https:\/\/www.schlosstorgelow.de\/es\/cuando-de-una-idea-surge-ayuda-la-dra-nadine-rohloff-regresa-al-schloss-torgelow\"},\"author\":{\"name\":\"Schloss Torgelow\",\"@id\":\"https:\/\/www.schlosstorgelow.de\/es#\/schema\/person\/b76bbb367f3a20c7ced1339e4875691e\"},\"headline\":\"Cuando de una idea surge ayuda \u2013 la Dra. Nadine Rohloff regresa al Schloss Torgelow\",\"datePublished\":\"2025-06-23T07:35:46+00:00\",\"dateModified\":\"2026-01-23T08:59:08+00:00\",\"mainEntityOfPage\":{\"@id\":\"https:\/\/www.schlosstorgelow.de\/es\/cuando-de-una-idea-surge-ayuda-la-dra-nadine-rohloff-regresa-al-schloss-torgelow\"},\"wordCount\":553,\"image\":{\"@id\":\"https:\/\/www.schlosstorgelow.de\/es\/cuando-de-una-idea-surge-ayuda-la-dra-nadine-rohloff-regresa-al-schloss-torgelow#primaryimage\"},\"thumbnailUrl\":\"https:\/\/www.schlosstorgelow.de\/wp-content\/uploads\/2025\/08\/endometriose-vortrag_header_st.avif\",\"articleSection\":[\"Noticias de Torgelow\"],\"inLanguage\":\"es\"},{\"@type\":\"WebPage\",\"@id\":\"https:\/\/www.schlosstorgelow.de\/es\/cuando-de-una-idea-surge-ayuda-la-dra-nadine-rohloff-regresa-al-schloss-torgelow#webpage\",\"url\":\"https:\/\/www.schlosstorgelow.de\/es\/cuando-de-una-idea-surge-ayuda-la-dra-nadine-rohloff-regresa-al-schloss-torgelow\",\"name\":\"Dra. Nadine Rohloff de vuelta en el Schloss Torgelow\",\"isPartOf\":{\"@id\":\"https:\/\/www.schlosstorgelow.de\/es#website\"},\"primaryImageOfPage\":{\"@id\":\"https:\/\/www.schlosstorgelow.de\/es\/cuando-de-una-idea-surge-ayuda-la-dra-nadine-rohloff-regresa-al-schloss-torgelow#primaryimage\"},\"image\":{\"@id\":\"https:\/\/www.schlosstorgelow.de\/es\/cuando-de-una-idea-surge-ayuda-la-dra-nadine-rohloff-regresa-al-schloss-torgelow#primaryimage\"},\"thumbnailUrl\":\"https:\/\/www.schlosstorgelow.de\/wp-content\/uploads\/2025\/08\/endometriose-vortrag_header_st.avif\",\"datePublished\":\"2025-06-23T07:35:46+00:00\",\"dateModified\":\"2026-01-23T08:59:08+00:00\",\"author\":{\"@id\":\"https:\/\/www.schlosstorgelow.de\/es#\/schema\/person\/b76bbb367f3a20c7ced1339e4875691e\"},\"description\":\"Cuando de una idea surge ayuda - La exalumna, Dra. Nadine Rohloff, ofrece una interesante conferencia ante los cursos de Biolog\u00eda de K1.\",\"breadcrumb\":{\"@id\":\"https:\/\/www.schlosstorgelow.de\/es\/cuando-de-una-idea-surge-ayuda-la-dra-nadine-rohloff-regresa-al-schloss-torgelow#breadcrumb\"},\"inLanguage\":\"es\",\"potentialAction\":[{\"@type\":\"ReadAction\",\"target\":[\"https:\/\/www.schlosstorgelow.de\/es\/cuando-de-una-idea-surge-ayuda-la-dra-nadine-rohloff-regresa-al-schloss-torgelow\"]}]},{\"@type\":\"ImageObject\",\"inLanguage\":\"es\",\"@id\":\"https:\/\/www.schlosstorgelow.de\/es\/cuando-de-una-idea-surge-ayuda-la-dra-nadine-rohloff-regresa-al-schloss-torgelow#primaryimage\",\"url\":\"https:\/\/www.schlosstorgelow.de\/wp-content\/uploads\/2025\/08\/endometriose-vortrag_header_st.avif\",\"contentUrl\":\"https:\/\/www.schlosstorgelow.de\/wp-content\/uploads\/2025\/08\/endometriose-vortrag_header_st.avif\",\"width\":1920,\"height\":1080,\"caption\":\"Cuando de una idea surge ayuda \u2013 la Dra. Nadine Rohloff regresa al Schloss Torgelow\"},{\"@type\":\"BreadcrumbList\",\"@id\":\"https:\/\/www.schlosstorgelow.de\/es\/cuando-de-una-idea-surge-ayuda-la-dra-nadine-rohloff-regresa-al-schloss-torgelow#breadcrumb\",\"itemListElement\":[{\"@type\":\"ListItem\",\"position\":1,\"name\":\"Startseite\",\"item\":\"https:\/\/www.schlosstorgelow.de\/es\"},{\"@type\":\"ListItem\",\"position\":2,\"name\":\"Cuando de una idea surge ayuda \u2013 la Dra. Nadine Rohloff regresa al Schloss Torgelow\"}]},{\"@type\":\"WebSite\",\"@id\":\"https:\/\/www.schlosstorgelow.de\/es#website\",\"url\":\"https:\/\/www.schlosstorgelow.de\/es\",\"name\":\"Schloss Torgelow\",\"description\":\"El internado privado Schloss Torgelow: el internado para alumnos que buscan un reto.\",\"potentialAction\":[{\"@type\":\"SearchAction\",\"target\":{\"@type\":\"EntryPoint\",\"urlTemplate\":\"https:\/\/www.schlosstorgelow.de\/es?s={search_term_string}\"},\"query-input\":{\"@type\":\"PropertyValueSpecification\",\"valueRequired\":true,\"valueName\":\"search_term_string\"}}],\"inLanguage\":\"es\"},{\"@type\":\"Person\",\"@id\":\"https:\/\/www.schlosstorgelow.de\/es#\/schema\/person\/b76bbb367f3a20c7ced1339e4875691e\",\"name\":\"Schloss Torgelow\",\"image\":{\"@type\":\"ImageObject\",\"inLanguage\":\"es\",\"@id\":\"https:\/\/www.schlosstorgelow.de\/es#\/schema\/person\/image\/\",\"url\":\"https:\/\/secure.gravatar.com\/avatar\/4bad9bf1bee90f77b98693d3ad03ade085c80c169595427c58c58e5b069f49e1?s=96&d=mm&r=g\",\"contentUrl\":\"https:\/\/secure.gravatar.com\/avatar\/4bad9bf1bee90f77b98693d3ad03ade085c80c169595427c58c58e5b069f49e1?s=96&d=mm&r=g\",\"caption\":\"Schloss Torgelow\"},\"sameAs\":[\"https:\/\/www.schlosstorgelow.de\"]}]}<\/script>\n<!-- \/ Yoast SEO plugin. -->","yoast_head_json":{"title":"Dra. Nadine Rohloff de vuelta en el Schloss Torgelow","description":"Cuando de una idea surge ayuda - La exalumna, Dra. Nadine Rohloff, ofrece una interesante conferencia ante los cursos de Biolog\u00eda de K1.","robots":{"index":"index","follow":"follow","max-snippet":"max-snippet:-1","max-image-preview":"max-image-preview:large","max-video-preview":"max-video-preview:-1"},"canonical":"https:\/\/www.schlosstorgelow.de\/es\/cuando-de-una-idea-surge-ayuda-la-dra-nadine-rohloff-regresa-al-schloss-torgelow","og_locale":"es_ES","og_type":"article","og_title":"Dra. Nadine Rohloff de vuelta en el Schloss Torgelow","og_description":"Cuando de una idea surge ayuda - La exalumna, Dra. Nadine Rohloff, ofrece una interesante conferencia ante los cursos de Biolog\u00eda de K1.","og_url":"https:\/\/www.schlosstorgelow.de\/es\/cuando-de-una-idea-surge-ayuda-la-dra-nadine-rohloff-regresa-al-schloss-torgelow","og_site_name":"Schloss Torgelow","article_published_time":"2025-06-23T07:35:46+00:00","article_modified_time":"2026-01-23T08:59:08+00:00","author":"Schloss Torgelow","twitter_card":"summary_large_image","twitter_misc":{"Escrito por":"Schloss Torgelow","Tiempo de lectura":"3 minutos"},"schema":{"@context":"https:\/\/schema.org","@graph":[{"@type":"Article","@id":"https:\/\/www.schlosstorgelow.de\/es\/cuando-de-una-idea-surge-ayuda-la-dra-nadine-rohloff-regresa-al-schloss-torgelow#article","isPartOf":{"@id":"https:\/\/www.schlosstorgelow.de\/es\/cuando-de-una-idea-surge-ayuda-la-dra-nadine-rohloff-regresa-al-schloss-torgelow"},"author":{"name":"Schloss Torgelow","@id":"https:\/\/www.schlosstorgelow.de\/es#\/schema\/person\/b76bbb367f3a20c7ced1339e4875691e"},"headline":"Cuando de una idea surge ayuda \u2013 la Dra. Nadine Rohloff regresa al Schloss Torgelow","datePublished":"2025-06-23T07:35:46+00:00","dateModified":"2026-01-23T08:59:08+00:00","mainEntityOfPage":{"@id":"https:\/\/www.schlosstorgelow.de\/es\/cuando-de-una-idea-surge-ayuda-la-dra-nadine-rohloff-regresa-al-schloss-torgelow"},"wordCount":553,"image":{"@id":"https:\/\/www.schlosstorgelow.de\/es\/cuando-de-una-idea-surge-ayuda-la-dra-nadine-rohloff-regresa-al-schloss-torgelow#primaryimage"},"thumbnailUrl":"https:\/\/www.schlosstorgelow.de\/wp-content\/uploads\/2025\/08\/endometriose-vortrag_header_st.avif","articleSection":["Noticias de Torgelow"],"inLanguage":"es"},{"@type":"WebPage","@id":"https:\/\/www.schlosstorgelow.de\/es\/cuando-de-una-idea-surge-ayuda-la-dra-nadine-rohloff-regresa-al-schloss-torgelow#webpage","url":"https:\/\/www.schlosstorgelow.de\/es\/cuando-de-una-idea-surge-ayuda-la-dra-nadine-rohloff-regresa-al-schloss-torgelow","name":"Dra. Nadine Rohloff de vuelta en el Schloss Torgelow","isPartOf":{"@id":"https:\/\/www.schlosstorgelow.de\/es#website"},"primaryImageOfPage":{"@id":"https:\/\/www.schlosstorgelow.de\/es\/cuando-de-una-idea-surge-ayuda-la-dra-nadine-rohloff-regresa-al-schloss-torgelow#primaryimage"},"image":{"@id":"https:\/\/www.schlosstorgelow.de\/es\/cuando-de-una-idea-surge-ayuda-la-dra-nadine-rohloff-regresa-al-schloss-torgelow#primaryimage"},"thumbnailUrl":"https:\/\/www.schlosstorgelow.de\/wp-content\/uploads\/2025\/08\/endometriose-vortrag_header_st.avif","datePublished":"2025-06-23T07:35:46+00:00","dateModified":"2026-01-23T08:59:08+00:00","author":{"@id":"https:\/\/www.schlosstorgelow.de\/es#\/schema\/person\/b76bbb367f3a20c7ced1339e4875691e"},"description":"Cuando de una idea surge ayuda - La exalumna, Dra. Nadine Rohloff, ofrece una interesante conferencia ante los cursos de Biolog\u00eda de K1.","breadcrumb":{"@id":"https:\/\/www.schlosstorgelow.de\/es\/cuando-de-una-idea-surge-ayuda-la-dra-nadine-rohloff-regresa-al-schloss-torgelow#breadcrumb"},"inLanguage":"es","potentialAction":[{"@type":"ReadAction","target":["https:\/\/www.schlosstorgelow.de\/es\/cuando-de-una-idea-surge-ayuda-la-dra-nadine-rohloff-regresa-al-schloss-torgelow"]}]},{"@type":"ImageObject","inLanguage":"es","@id":"https:\/\/www.schlosstorgelow.de\/es\/cuando-de-una-idea-surge-ayuda-la-dra-nadine-rohloff-regresa-al-schloss-torgelow#primaryimage","url":"https:\/\/www.schlosstorgelow.de\/wp-content\/uploads\/2025\/08\/endometriose-vortrag_header_st.avif","contentUrl":"https:\/\/www.schlosstorgelow.de\/wp-content\/uploads\/2025\/08\/endometriose-vortrag_header_st.avif","width":1920,"height":1080,"caption":"Cuando de una idea surge ayuda \u2013 la Dra. Nadine Rohloff regresa al Schloss Torgelow"},{"@type":"BreadcrumbList","@id":"https:\/\/www.schlosstorgelow.de\/es\/cuando-de-una-idea-surge-ayuda-la-dra-nadine-rohloff-regresa-al-schloss-torgelow#breadcrumb","itemListElement":[{"@type":"ListItem","position":1,"name":"Startseite","item":"https:\/\/www.schlosstorgelow.de\/es"},{"@type":"ListItem","position":2,"name":"Cuando de una idea surge ayuda \u2013 la Dra. Nadine Rohloff regresa al Schloss Torgelow"}]},{"@type":"WebSite","@id":"https:\/\/www.schlosstorgelow.de\/es#website","url":"https:\/\/www.schlosstorgelow.de\/es","name":"Schloss Torgelow","description":"El internado privado Schloss Torgelow: el internado para alumnos que buscan un reto.","potentialAction":[{"@type":"SearchAction","target":{"@type":"EntryPoint","urlTemplate":"https:\/\/www.schlosstorgelow.de\/es?s={search_term_string}"},"query-input":{"@type":"PropertyValueSpecification","valueRequired":true,"valueName":"search_term_string"}}],"inLanguage":"es"},{"@type":"Person","@id":"https:\/\/www.schlosstorgelow.de\/es#\/schema\/person\/b76bbb367f3a20c7ced1339e4875691e","name":"Schloss Torgelow","image":{"@type":"ImageObject","inLanguage":"es","@id":"https:\/\/www.schlosstorgelow.de\/es#\/schema\/person\/image\/","url":"https:\/\/secure.gravatar.com\/avatar\/4bad9bf1bee90f77b98693d3ad03ade085c80c169595427c58c58e5b069f49e1?s=96&d=mm&r=g","contentUrl":"https:\/\/secure.gravatar.com\/avatar\/4bad9bf1bee90f77b98693d3ad03ade085c80c169595427c58c58e5b069f49e1?s=96&d=mm&r=g","caption":"Schloss Torgelow"},"sameAs":["https:\/\/www.schlosstorgelow.de"]}]}},"block_visibility_meta":[],"_links":{"self":[{"href":"https:\/\/www.schlosstorgelow.de\/es\/wp-json\/wp\/v2\/posts\/82554","targetHints":{"allow":["GET"]}}],"collection":[{"href":"https:\/\/www.schlosstorgelow.de\/es\/wp-json\/wp\/v2\/posts"}],"about":[{"href":"https:\/\/www.schlosstorgelow.de\/es\/wp-json\/wp\/v2\/types\/post"}],"author":[{"embeddable":true,"href":"https:\/\/www.schlosstorgelow.de\/es\/wp-json\/wp\/v2\/users\/1"}],"replies":[{"embeddable":true,"href":"https:\/\/www.schlosstorgelow.de\/es\/wp-json\/wp\/v2\/comments?post=82554"}],"version-history":[{"count":0,"href":"https:\/\/www.schlosstorgelow.de\/es\/wp-json\/wp\/v2\/posts\/82554\/revisions"}],"wp:featuredmedia":[{"embeddable":true,"href":"https:\/\/www.schlosstorgelow.de\/es\/wp-json\/wp\/v2\/media\/68018"}],"wp:attachment":[{"href":"https:\/\/www.schlosstorgelow.de\/es\/wp-json\/wp\/v2\/media?parent=82554"}],"wp:term":[{"taxonomy":"category","embeddable":true,"href":"https:\/\/www.schlosstorgelow.de\/es\/wp-json\/wp\/v2\/categories?post=82554"},{"taxonomy":"post_tag","embeddable":true,"href":"https:\/\/www.schlosstorgelow.de\/es\/wp-json\/wp\/v2\/tags?post=82554"}],"curies":[{"name":"wp","href":"https:\/\/api.w.org\/{rel}","templated":true}]}}