{"id":82530,"date":"2025-07-08T10:03:12","date_gmt":"2025-07-08T10:03:12","guid":{"rendered":"https:\/\/www.schlosstorgelow.de\/cierre-de-ano-escolar-de-lo-mas-increible-clases-5-y-6-en-ruta"},"modified":"2026-01-12T07:59:28","modified_gmt":"2026-01-12T07:59:28","slug":"cierre-de-ano-escolar-de-lo-mas-increible-clases-5-y-6-en-ruta","status":"publish","type":"post","link":"https:\/\/www.schlosstorgelow.de\/es\/cierre-de-ano-escolar-de-lo-mas-increible-clases-5-y-6-en-ruta","title":{"rendered":"\u00a1Cierre de a\u00f1o escolar de lo m\u00e1s incre\u00edble! \u2013 Clases 5 y 6 en ruta"},"content":{"rendered":"\n<p><i>En realidad, ya se ha convertido casi en una tradici\u00f3n: Al final del a\u00f1o escolar, las clases 5 y 6 visitan juntas el M\u00fcritzeum para el D\u00eda de la Naturaleza y el Medio Ambiente. Desafortunadamente, la fecha de este a\u00f1o fue tan desfavorable que necesit\u00e1bamos un reemplazo. \u00bfA d\u00f3nde fueron nuestros m\u00e1s j\u00f3venes y por qu\u00e9 se convirti\u00f3 en una verdadera aventura?   <\/i><\/p>\n\n<p>Una alternativa adecuada se encontr\u00f3 r\u00e1pidamente: el <a href=\"https:\/\/www.zoo-rostock.de\/\">zool\u00f3gico de Rostock<\/a>, uno de los zool\u00f3gicos m\u00e1s diversos y hermosos de Alemania. M\u00e1s de 4.500 animales, m\u00e1s de 320 especies, un enorme paisaje de parque verde \u2013 y mucho espacio para asombrarse, aprender y pasear. <\/p>\n\n<p>Todo estaba perfectamente preparado: se hab\u00eda reservado el autob\u00fas de la escuela, los almuerzos estaban listos, el ambiente era excelente. Pero luego, el d\u00eda antes de la partida, la sorpresa: el autob\u00fas estaba averiado. \u00bfCaos? No. En cambio, una organizaci\u00f3n r\u00e1pida por parte de la secretar\u00eda de la escuela, apoyo de nuestro equipo t\u00e9cnico con servicios de transporte espont\u00e1neos y una conexi\u00f3n de tren que incluso lleg\u00f3 a tiempo.    <\/p>\n\n<p>Al llegar al zool\u00f3gico, las clases de 5\u00ba y 6\u00ba iniciaron una emocionante b\u00fasqueda en \u00c1frica. Ten\u00edan que descubrir especies animales, resolver acertijos y recorrer attentamente los diferentes continentes del zool\u00f3gico. Desde leones hasta jirafas y curiosos suricatos, los ni\u00f1os no solo aprendieron mucho, sino que tambi\u00e9n se divirtieron visiblemente al experimentar la naturaleza de cerca.    <\/p>\n\n<p>Este a\u00f1o, fueron acompa\u00f1ados adem\u00e1s por el curso de Biolog\u00eda de nivel avanzado de la secundaria, que aprovech\u00f3 la oportunidad para ampliar sus conocimientos, especialmente durante la visita guiada t\u00e9cnica al Polarium, donde se pod\u00edan observar ping\u00fcinos, osos polares y otros habitantes de las regiones polares. All\u00ed, por un breve momento, se volvi\u00f3 realmente \u00abfr\u00edo\u00bb \u2013 al menos visualmente, ya que las temperaturas afuera se mantuvieron tropicales. <\/p>\n\n<p>A pesar del calor del verano, el cambio de planes espont\u00e1neo y el peque\u00f1o desaf\u00edo log\u00edstico previo, el d\u00eda fue un gran \u00e9xito. Did\u00e1ctico, variado \u2013 y sobre todo, un hermoso cierre conjunto antes de las vacaciones. <\/p>\n\n<p>Un sincero agradecimiento a todos los que han ayudado a organizar esta excursi\u00f3n.<\/p>\n","protected":false},"excerpt":{"rendered":"<p>Al final del a\u00f1o escolar 2024\/2025, las clases 5 y 6 visitar\u00e1n juntos uno de los zool\u00f3gicos m\u00e1s ricos en especies y hermosos de Alemania.<\/p>\n","protected":false},"author":1,"featured_media":67391,"comment_status":"closed","ping_status":"closed","sticky":false,"template":"","format":"standard","meta":{"_acf_changed":false,"_yoast_wpseo_title":"\u00a1Un cierre de a\u00f1o escolar incre\u00edble!","_yoast_wpseo_metadesc":"Al final del a\u00f1o escolar 2024\/2025, las clases 5 y 6 visitar\u00e1n conjuntamente uno de los zool\u00f3gicos m\u00e1s ricos en especies y hermosos de Alemania.","excerpt":"Al final del a\u00f1o escolar 2024\/2025, las clases 5 y 6 visitar\u00e1n conjuntamente uno de los zool\u00f3gicos m\u00e1s ricos en especies y hermosos de Alemania.","footnotes":""},"categories":[32],"tags":[],"class_list":{"0":"post-82530","1":"post","2":"type-post","3":"status-publish","4":"format-standard","5":"has-post-thumbnail","7":"category-noticias-de-torgelow"},"acf":[],"yoast_head":"<!-- This site is optimized with the Yoast SEO plugin v26.9 - https:\/\/yoast.com\/product\/yoast-seo-wordpress\/ -->\n<title>\u00a1Un cierre de a\u00f1o escolar incre\u00edble!<\/title>\n<meta name=\"description\" content=\"Al final del a\u00f1o escolar 2024\/2025, las clases 5 y 6 visitar\u00e1n conjuntamente uno de los zool\u00f3gicos m\u00e1s ricos en especies y hermosos de Alemania.\" \/>\n<meta name=\"robots\" content=\"index, follow, max-snippet:-1, max-image-preview:large, max-video-preview:-1\" \/>\n<link rel=\"canonical\" href=\"https:\/\/www.schlosstorgelow.de\/es\/cierre-de-ano-escolar-de-lo-mas-increible-clases-5-y-6-en-ruta\" \/>\n<meta property=\"og:locale\" content=\"es_ES\" \/>\n<meta property=\"og:type\" content=\"article\" \/>\n<meta property=\"og:title\" content=\"\u00a1Un cierre de a\u00f1o escolar incre\u00edble!\" \/>\n<meta property=\"og:description\" content=\"Al final del a\u00f1o escolar 2024\/2025, las clases 5 y 6 visitar\u00e1n conjuntamente uno de los zool\u00f3gicos m\u00e1s ricos en especies y hermosos de Alemania.\" \/>\n<meta property=\"og:url\" content=\"https:\/\/www.schlosstorgelow.de\/es\/cierre-de-ano-escolar-de-lo-mas-increible-clases-5-y-6-en-ruta\" \/>\n<meta property=\"og:site_name\" content=\"Schloss Torgelow\" \/>\n<meta property=\"article:published_time\" content=\"2025-07-08T10:03:12+00:00\" \/>\n<meta property=\"article:modified_time\" content=\"2026-01-12T07:59:28+00:00\" \/>\n<meta name=\"author\" content=\"Schloss Torgelow\" \/>\n<meta name=\"twitter:card\" content=\"summary_large_image\" \/>\n<meta name=\"twitter:label1\" content=\"Escrito por\" \/>\n\t<meta name=\"twitter:data1\" content=\"Schloss Torgelow\" \/>\n\t<meta name=\"twitter:label2\" content=\"Tiempo de lectura\" \/>\n\t<meta name=\"twitter:data2\" content=\"2 minutos\" \/>\n<script type=\"application\/ld+json\" class=\"yoast-schema-graph\">{\"@context\":\"https:\/\/schema.org\",\"@graph\":[{\"@type\":\"Article\",\"@id\":\"https:\/\/www.schlosstorgelow.de\/es\/cierre-de-ano-escolar-de-lo-mas-increible-clases-5-y-6-en-ruta#article\",\"isPartOf\":{\"@id\":\"https:\/\/www.schlosstorgelow.de\/es\/cierre-de-ano-escolar-de-lo-mas-increible-clases-5-y-6-en-ruta\"},\"author\":{\"name\":\"Schloss Torgelow\",\"@id\":\"https:\/\/www.schlosstorgelow.de\/es#\/schema\/person\/b76bbb367f3a20c7ced1339e4875691e\"},\"headline\":\"\u00a1Cierre de a\u00f1o escolar de lo m\u00e1s incre\u00edble! \u2013 Clases 5 y 6 en ruta\",\"datePublished\":\"2025-07-08T10:03:12+00:00\",\"dateModified\":\"2026-01-12T07:59:28+00:00\",\"mainEntityOfPage\":{\"@id\":\"https:\/\/www.schlosstorgelow.de\/es\/cierre-de-ano-escolar-de-lo-mas-increible-clases-5-y-6-en-ruta\"},\"wordCount\":399,\"image\":{\"@id\":\"https:\/\/www.schlosstorgelow.de\/es\/cierre-de-ano-escolar-de-lo-mas-increible-clases-5-y-6-en-ruta#primaryimage\"},\"thumbnailUrl\":\"https:\/\/www.schlosstorgelow.de\/wp-content\/uploads\/2025\/08\/zoo-rostock-2025_header_st.avif\",\"articleSection\":[\"Noticias de Torgelow\"],\"inLanguage\":\"es\"},{\"@type\":\"WebPage\",\"@id\":\"https:\/\/www.schlosstorgelow.de\/es\/cierre-de-ano-escolar-de-lo-mas-increible-clases-5-y-6-en-ruta#webpage\",\"url\":\"https:\/\/www.schlosstorgelow.de\/es\/cierre-de-ano-escolar-de-lo-mas-increible-clases-5-y-6-en-ruta\",\"name\":\"\u00a1Un cierre de a\u00f1o escolar incre\u00edble!\",\"isPartOf\":{\"@id\":\"https:\/\/www.schlosstorgelow.de\/es#website\"},\"primaryImageOfPage\":{\"@id\":\"https:\/\/www.schlosstorgelow.de\/es\/cierre-de-ano-escolar-de-lo-mas-increible-clases-5-y-6-en-ruta#primaryimage\"},\"image\":{\"@id\":\"https:\/\/www.schlosstorgelow.de\/es\/cierre-de-ano-escolar-de-lo-mas-increible-clases-5-y-6-en-ruta#primaryimage\"},\"thumbnailUrl\":\"https:\/\/www.schlosstorgelow.de\/wp-content\/uploads\/2025\/08\/zoo-rostock-2025_header_st.avif\",\"datePublished\":\"2025-07-08T10:03:12+00:00\",\"dateModified\":\"2026-01-12T07:59:28+00:00\",\"author\":{\"@id\":\"https:\/\/www.schlosstorgelow.de\/es#\/schema\/person\/b76bbb367f3a20c7ced1339e4875691e\"},\"description\":\"Al final del a\u00f1o escolar 2024\/2025, las clases 5 y 6 visitar\u00e1n conjuntamente uno de los zool\u00f3gicos m\u00e1s ricos en especies y hermosos de Alemania.\",\"breadcrumb\":{\"@id\":\"https:\/\/www.schlosstorgelow.de\/es\/cierre-de-ano-escolar-de-lo-mas-increible-clases-5-y-6-en-ruta#breadcrumb\"},\"inLanguage\":\"es\",\"potentialAction\":[{\"@type\":\"ReadAction\",\"target\":[\"https:\/\/www.schlosstorgelow.de\/es\/cierre-de-ano-escolar-de-lo-mas-increible-clases-5-y-6-en-ruta\"]}]},{\"@type\":\"ImageObject\",\"inLanguage\":\"es\",\"@id\":\"https:\/\/www.schlosstorgelow.de\/es\/cierre-de-ano-escolar-de-lo-mas-increible-clases-5-y-6-en-ruta#primaryimage\",\"url\":\"https:\/\/www.schlosstorgelow.de\/wp-content\/uploads\/2025\/08\/zoo-rostock-2025_header_st.avif\",\"contentUrl\":\"https:\/\/www.schlosstorgelow.de\/wp-content\/uploads\/2025\/08\/zoo-rostock-2025_header_st.avif\",\"width\":1920,\"height\":1080,\"caption\":\"\u00a1Fin de curso escolar incre\u00edble para los cursos 5 y 6!\"},{\"@type\":\"BreadcrumbList\",\"@id\":\"https:\/\/www.schlosstorgelow.de\/es\/cierre-de-ano-escolar-de-lo-mas-increible-clases-5-y-6-en-ruta#breadcrumb\",\"itemListElement\":[{\"@type\":\"ListItem\",\"position\":1,\"name\":\"Startseite\",\"item\":\"https:\/\/www.schlosstorgelow.de\/es\"},{\"@type\":\"ListItem\",\"position\":2,\"name\":\"\u00a1Cierre de a\u00f1o escolar de lo m\u00e1s incre\u00edble! \u2013 Clases 5 y 6 en ruta\"}]},{\"@type\":\"WebSite\",\"@id\":\"https:\/\/www.schlosstorgelow.de\/es#website\",\"url\":\"https:\/\/www.schlosstorgelow.de\/es\",\"name\":\"Schloss Torgelow\",\"description\":\"El internado privado Schloss Torgelow: el internado para alumnos que buscan un reto.\",\"potentialAction\":[{\"@type\":\"SearchAction\",\"target\":{\"@type\":\"EntryPoint\",\"urlTemplate\":\"https:\/\/www.schlosstorgelow.de\/es?s={search_term_string}\"},\"query-input\":{\"@type\":\"PropertyValueSpecification\",\"valueRequired\":true,\"valueName\":\"search_term_string\"}}],\"inLanguage\":\"es\"},{\"@type\":\"Person\",\"@id\":\"https:\/\/www.schlosstorgelow.de\/es#\/schema\/person\/b76bbb367f3a20c7ced1339e4875691e\",\"name\":\"Schloss Torgelow\",\"image\":{\"@type\":\"ImageObject\",\"inLanguage\":\"es\",\"@id\":\"https:\/\/www.schlosstorgelow.de\/es#\/schema\/person\/image\/\",\"url\":\"https:\/\/secure.gravatar.com\/avatar\/4bad9bf1bee90f77b98693d3ad03ade085c80c169595427c58c58e5b069f49e1?s=96&d=mm&r=g\",\"contentUrl\":\"https:\/\/secure.gravatar.com\/avatar\/4bad9bf1bee90f77b98693d3ad03ade085c80c169595427c58c58e5b069f49e1?s=96&d=mm&r=g\",\"caption\":\"Schloss Torgelow\"},\"sameAs\":[\"https:\/\/www.schlosstorgelow.de\"]}]}<\/script>\n<!-- \/ Yoast SEO plugin. -->","yoast_head_json":{"title":"\u00a1Un cierre de a\u00f1o escolar incre\u00edble!","description":"Al final del a\u00f1o escolar 2024\/2025, las clases 5 y 6 visitar\u00e1n conjuntamente uno de los zool\u00f3gicos m\u00e1s ricos en especies y hermosos de Alemania.","robots":{"index":"index","follow":"follow","max-snippet":"max-snippet:-1","max-image-preview":"max-image-preview:large","max-video-preview":"max-video-preview:-1"},"canonical":"https:\/\/www.schlosstorgelow.de\/es\/cierre-de-ano-escolar-de-lo-mas-increible-clases-5-y-6-en-ruta","og_locale":"es_ES","og_type":"article","og_title":"\u00a1Un cierre de a\u00f1o escolar incre\u00edble!","og_description":"Al final del a\u00f1o escolar 2024\/2025, las clases 5 y 6 visitar\u00e1n conjuntamente uno de los zool\u00f3gicos m\u00e1s ricos en especies y hermosos de Alemania.","og_url":"https:\/\/www.schlosstorgelow.de\/es\/cierre-de-ano-escolar-de-lo-mas-increible-clases-5-y-6-en-ruta","og_site_name":"Schloss Torgelow","article_published_time":"2025-07-08T10:03:12+00:00","article_modified_time":"2026-01-12T07:59:28+00:00","author":"Schloss Torgelow","twitter_card":"summary_large_image","twitter_misc":{"Escrito por":"Schloss Torgelow","Tiempo de lectura":"2 minutos"},"schema":{"@context":"https:\/\/schema.org","@graph":[{"@type":"Article","@id":"https:\/\/www.schlosstorgelow.de\/es\/cierre-de-ano-escolar-de-lo-mas-increible-clases-5-y-6-en-ruta#article","isPartOf":{"@id":"https:\/\/www.schlosstorgelow.de\/es\/cierre-de-ano-escolar-de-lo-mas-increible-clases-5-y-6-en-ruta"},"author":{"name":"Schloss Torgelow","@id":"https:\/\/www.schlosstorgelow.de\/es#\/schema\/person\/b76bbb367f3a20c7ced1339e4875691e"},"headline":"\u00a1Cierre de a\u00f1o escolar de lo m\u00e1s incre\u00edble! \u2013 Clases 5 y 6 en ruta","datePublished":"2025-07-08T10:03:12+00:00","dateModified":"2026-01-12T07:59:28+00:00","mainEntityOfPage":{"@id":"https:\/\/www.schlosstorgelow.de\/es\/cierre-de-ano-escolar-de-lo-mas-increible-clases-5-y-6-en-ruta"},"wordCount":399,"image":{"@id":"https:\/\/www.schlosstorgelow.de\/es\/cierre-de-ano-escolar-de-lo-mas-increible-clases-5-y-6-en-ruta#primaryimage"},"thumbnailUrl":"https:\/\/www.schlosstorgelow.de\/wp-content\/uploads\/2025\/08\/zoo-rostock-2025_header_st.avif","articleSection":["Noticias de Torgelow"],"inLanguage":"es"},{"@type":"WebPage","@id":"https:\/\/www.schlosstorgelow.de\/es\/cierre-de-ano-escolar-de-lo-mas-increible-clases-5-y-6-en-ruta#webpage","url":"https:\/\/www.schlosstorgelow.de\/es\/cierre-de-ano-escolar-de-lo-mas-increible-clases-5-y-6-en-ruta","name":"\u00a1Un cierre de a\u00f1o escolar incre\u00edble!","isPartOf":{"@id":"https:\/\/www.schlosstorgelow.de\/es#website"},"primaryImageOfPage":{"@id":"https:\/\/www.schlosstorgelow.de\/es\/cierre-de-ano-escolar-de-lo-mas-increible-clases-5-y-6-en-ruta#primaryimage"},"image":{"@id":"https:\/\/www.schlosstorgelow.de\/es\/cierre-de-ano-escolar-de-lo-mas-increible-clases-5-y-6-en-ruta#primaryimage"},"thumbnailUrl":"https:\/\/www.schlosstorgelow.de\/wp-content\/uploads\/2025\/08\/zoo-rostock-2025_header_st.avif","datePublished":"2025-07-08T10:03:12+00:00","dateModified":"2026-01-12T07:59:28+00:00","author":{"@id":"https:\/\/www.schlosstorgelow.de\/es#\/schema\/person\/b76bbb367f3a20c7ced1339e4875691e"},"description":"Al final del a\u00f1o escolar 2024\/2025, las clases 5 y 6 visitar\u00e1n conjuntamente uno de los zool\u00f3gicos m\u00e1s ricos en especies y hermosos de Alemania.","breadcrumb":{"@id":"https:\/\/www.schlosstorgelow.de\/es\/cierre-de-ano-escolar-de-lo-mas-increible-clases-5-y-6-en-ruta#breadcrumb"},"inLanguage":"es","potentialAction":[{"@type":"ReadAction","target":["https:\/\/www.schlosstorgelow.de\/es\/cierre-de-ano-escolar-de-lo-mas-increible-clases-5-y-6-en-ruta"]}]},{"@type":"ImageObject","inLanguage":"es","@id":"https:\/\/www.schlosstorgelow.de\/es\/cierre-de-ano-escolar-de-lo-mas-increible-clases-5-y-6-en-ruta#primaryimage","url":"https:\/\/www.schlosstorgelow.de\/wp-content\/uploads\/2025\/08\/zoo-rostock-2025_header_st.avif","contentUrl":"https:\/\/www.schlosstorgelow.de\/wp-content\/uploads\/2025\/08\/zoo-rostock-2025_header_st.avif","width":1920,"height":1080,"caption":"\u00a1Fin de curso escolar incre\u00edble para los cursos 5 y 6!"},{"@type":"BreadcrumbList","@id":"https:\/\/www.schlosstorgelow.de\/es\/cierre-de-ano-escolar-de-lo-mas-increible-clases-5-y-6-en-ruta#breadcrumb","itemListElement":[{"@type":"ListItem","position":1,"name":"Startseite","item":"https:\/\/www.schlosstorgelow.de\/es"},{"@type":"ListItem","position":2,"name":"\u00a1Cierre de a\u00f1o escolar de lo m\u00e1s incre\u00edble! \u2013 Clases 5 y 6 en ruta"}]},{"@type":"WebSite","@id":"https:\/\/www.schlosstorgelow.de\/es#website","url":"https:\/\/www.schlosstorgelow.de\/es","name":"Schloss Torgelow","description":"El internado privado Schloss Torgelow: el internado para alumnos que buscan un reto.","potentialAction":[{"@type":"SearchAction","target":{"@type":"EntryPoint","urlTemplate":"https:\/\/www.schlosstorgelow.de\/es?s={search_term_string}"},"query-input":{"@type":"PropertyValueSpecification","valueRequired":true,"valueName":"search_term_string"}}],"inLanguage":"es"},{"@type":"Person","@id":"https:\/\/www.schlosstorgelow.de\/es#\/schema\/person\/b76bbb367f3a20c7ced1339e4875691e","name":"Schloss Torgelow","image":{"@type":"ImageObject","inLanguage":"es","@id":"https:\/\/www.schlosstorgelow.de\/es#\/schema\/person\/image\/","url":"https:\/\/secure.gravatar.com\/avatar\/4bad9bf1bee90f77b98693d3ad03ade085c80c169595427c58c58e5b069f49e1?s=96&d=mm&r=g","contentUrl":"https:\/\/secure.gravatar.com\/avatar\/4bad9bf1bee90f77b98693d3ad03ade085c80c169595427c58c58e5b069f49e1?s=96&d=mm&r=g","caption":"Schloss Torgelow"},"sameAs":["https:\/\/www.schlosstorgelow.de"]}]}},"block_visibility_meta":[],"_links":{"self":[{"href":"https:\/\/www.schlosstorgelow.de\/es\/wp-json\/wp\/v2\/posts\/82530","targetHints":{"allow":["GET"]}}],"collection":[{"href":"https:\/\/www.schlosstorgelow.de\/es\/wp-json\/wp\/v2\/posts"}],"about":[{"href":"https:\/\/www.schlosstorgelow.de\/es\/wp-json\/wp\/v2\/types\/post"}],"author":[{"embeddable":true,"href":"https:\/\/www.schlosstorgelow.de\/es\/wp-json\/wp\/v2\/users\/1"}],"replies":[{"embeddable":true,"href":"https:\/\/www.schlosstorgelow.de\/es\/wp-json\/wp\/v2\/comments?post=82530"}],"version-history":[{"count":0,"href":"https:\/\/www.schlosstorgelow.de\/es\/wp-json\/wp\/v2\/posts\/82530\/revisions"}],"wp:featuredmedia":[{"embeddable":true,"href":"https:\/\/www.schlosstorgelow.de\/es\/wp-json\/wp\/v2\/media\/67391"}],"wp:attachment":[{"href":"https:\/\/www.schlosstorgelow.de\/es\/wp-json\/wp\/v2\/media?parent=82530"}],"wp:term":[{"taxonomy":"category","embeddable":true,"href":"https:\/\/www.schlosstorgelow.de\/es\/wp-json\/wp\/v2\/categories?post=82530"},{"taxonomy":"post_tag","embeddable":true,"href":"https:\/\/www.schlosstorgelow.de\/es\/wp-json\/wp\/v2\/tags?post=82530"}],"curies":[{"name":"wp","href":"https:\/\/api.w.org\/{rel}","templated":true}]}}